{"id":3937,"date":"2022-03-18T00:00:00","date_gmt":"2022-03-18T00:00:00","guid":{"rendered":"https:\/\/www.autojm.fr\/blog\/renault-austral-revelation-faite\/"},"modified":"2023-04-17T14:31:25","modified_gmt":"2023-04-17T14:31:25","slug":"renault-austral-revelation-faite","status":"publish","type":"post","link":"https:\/\/www.autojm.fr\/blog\/renault-austral-revelation-faite\/","title":{"rendered":"Renault Austral : r\u00e9v\u00e9lation faite !"},"content":{"rendered":"<p dir=\"ltr\" style=\"line-height: 1.38; margin-top: 12pt; margin-bottom: 12pt;\">La marque au losange renouvelle sa gamme. Apr\u00e8s la sortie du SUV <strong><a href=\"https:\/\/www.autojm.fr\/achat-voitures-neuves-renault-arkana-5p?part=blog&amp;utm_source=articleblog180322&amp;utm_medium=blog\">Renault Arkana<\/a><\/strong>, avec un look des plus remarquables et de nombreux atouts, c&rsquo;est au tour du SUV <strong><a href=\"https:\/\/www.autojm.fr\/achat-voitures-neuves-renault-austral-5p?part=blog&amp;utm_source=articleblog180322&amp;utm_medium=blog\">Renault Austral<\/a><\/strong> de faire son entr\u00e9e sur le march\u00e9. R\u00e9v\u00e9l\u00e9 le 8 mars, le crossover a pour ambition de faire mieux que le Renault Kadjar, dont il prend la place, pour faire enfin rougir ses concurrents comme le populaire Peugeot 3008. Alors le <strong><a href=\"https:\/\/www.autojm.fr\/mandataire-voitures-neuves-renault?part=blog&amp;utm_source=articleblog180322&amp;utm_medium=blog\">constructeur Renault<\/a><\/strong> propose-t-il un adversaire de taille et un mod\u00e8le destin\u00e9 au succ\u00e8s avec le Renault Austral ? On fait le point.<\/p>\n<h2 dir=\"ltr\" style=\"line-height: 1.38; margin-top: 12pt; margin-bottom: 12pt;\">SUV Renault Austral 2022<\/h2>\n<p dir=\"ltr\" style=\"line-height: 1.38; margin-top: 12pt; margin-bottom: 12pt;\">Avec son appellation in\u00e9dite, le <strong>Renault Austral<\/strong> s&rsquo;\u00e9mancipe totalement du Renault Kadjar dont il prend la place. Et pour marquer la rupture dans ce nouveau mod\u00e8le, la marque automobile a cr\u00e9\u00e9 un visage in\u00e9dit au SUV. Le <strong>Renault Austral<\/strong> s&rsquo;appuie sur la plateforme CMF-CD du groupe Renault-Nissan-Mitsubishi. C\u00f4t\u00e9 design, les optiques en forme de C sont h\u00e9rit\u00e9es des autres mod\u00e8les comme le <strong><a href=\"https:\/\/www.autojm.fr\/achat-voitures-neuves-renault-captur-2019-5p?part=blog&amp;utm_source=articleblog180322&amp;utm_medium=blog\">Renault Captur<\/a><\/strong>, avec la technologie matricielle sur les mod\u00e8les haut de gamme. La face avant est marqu\u00e9e par le nouveau logo Renault, int\u00e9gr\u00e9 \u00e0 moiti\u00e9 dans une calandre \u00e0 facettes qui donne de l&rsquo;\u00e9l\u00e9gance \u00e0 ce <strong>Renault Austral<\/strong>. Une ligne chrom\u00e9e scinde le logo en deux et rejoint les feux de chaque c\u00f4t\u00e9. Sur sa face arri\u00e8re, le crossover Renault se d\u00e9marque par des feux presque reli\u00e9s au centre et en forme de C, avec des extr\u00e9mit\u00e9s qui s&rsquo;alignent selon le logo Renault pr\u00e9sent au centre, une strat\u00e9gie g\u00e9om\u00e9trique qui donne un c\u00f4t\u00e9 haut de gamme au mod\u00e8le. La version hybride E-Tech ajoutera un E dor\u00e9 ou bleu au nom <strong>Austral<\/strong> (photo ci-dessous). Des jantes 17 \u00e0 20 pouces finiront l&rsquo;allure sportive de ce SUV.<\/p>\n<h2 dir=\"ltr\" style=\"line-height: 1.38; margin-top: 12pt; margin-bottom: 12pt;\">\u00c0 l&rsquo;int\u00e9rieur du nouveau SUV Renault<\/h2>\n<p dir=\"ltr\" style=\"line-height: 1.38; margin-top: 12pt; margin-bottom: 12pt;\">A l&rsquo;int\u00e9rieur du <strong>Renault Austral<\/strong>, les versions d&rsquo;entr\u00e9e de gamme sont habill\u00e9es d&rsquo;un \u00e9cran central de 9 pouces format paysage, quand les mod\u00e8les haut de gamme accueillent un \u00e9cran de 12 pouces format portrait reli\u00e9 au combin\u00e9 de 12,3 pouces derri\u00e8re le volant sous forme d&rsquo;un L (comme dans la Renault Megane E-Tech). Ces deux \u00e9crans sont accompagn\u00e9s d&rsquo;un affichage t\u00eate haute de 9,3 pouces. La console centrale accueille pr\u00e8s de 35 litres de rangements, avec un repose-main coulissant, et un emplacement pr\u00e9vu pour la recharge \u00e0 induction. A la mani\u00e8re de Mercedes et Volkswagen, Renault int\u00e8gre le levier de la bo\u00eete auto derri\u00e8re le volant pour lib\u00e9rer de la place sur la console centrale.<\/p>\n<h2 dir=\"ltr\" style=\"line-height: 1.38; margin-top: 12pt; margin-bottom: 12pt;\">Dimensions et confort du nouveau Renault Austral<\/h2>\n<p dir=\"ltr\" style=\"line-height: 1.38; margin-top: 12pt; margin-bottom: 12pt;\">Le confort est au rendez-vous dans le <strong>Renault Austral<\/strong>. Le nouveau SUV Renault dispose d&rsquo;une console centrale relev\u00e9e pour le confort du conducteur, et d&rsquo;une banquette arri\u00e8re coulissante sur 16 cm pour le confort des passagers arri\u00e8re. Mais cette banquette coulissante permet \u00e9galement de gagner de la place au niveau du coffre qui peut passer de 530 \u00e0 575 litres. Le volume maximal est de 1525 litres. Les dimensions sont plut\u00f4t g\u00e9n\u00e9reuses pour ce SUV : 4,51 m\u00e8tres de longueur, 2,67 m\u00e8tres d&#8217;empattement, 1,83 m\u00e8tre de largeur et 1,62 m\u00e8tre de hauteur.<\/p>\n<h2 dir=\"ltr\" style=\"line-height: 1.38; margin-top: 12pt; margin-bottom: 12pt;\">Quelles motorisations pour le Renault Austral 2022 ?<\/h2>\n<p dir=\"ltr\" style=\"line-height: 1.38; margin-top: 12pt; margin-bottom: 12pt;\">Fini le diesel, en tout cas le <strong>Renault Austral<\/strong> n&rsquo;en propose pas. Il ne propose pas non plus de mod\u00e8les hybrides rechargeables. Mais les moteurs restent propres et on d\u00e9couvre un in\u00e9dit moteur essence trois cylindres 1.2 turbo de 130 chevaux. Il est associ\u00e9, dans sa premi\u00e8re version, avec un moteur \u00e9lectrique de 50 kW et une batterie de 1,7 kWh pour une motorisation hybride avec une consommation moyenne de 4,6 litres\/100 km. Ce mod\u00e8le adopte la bo\u00eete automatique \u00e0 crabots \u00e0 7 rapports (2 rapports pour le mode \u00e9lectrique et 5 rapports pour le mode thermique).<br \/>\nIl y a \u00e9galement une version micro-hybride de 48V, avec une batterie et un alterno-d\u00e9marreur, et une consommation moyenne de 5,3 litres\/100 km. Ce mod\u00e8le adopte lui la bo\u00eete manuelle.<\/p>\n<p>Enfin, on retrouve le moteur essence quatre cylindres 1.3 propos\u00e9 en micro-hybridation 12 V, en 140 et 160 chevaux., associ\u00e9 \u00e0 un alterno-d\u00e9marreur et une batterie de 12V. Le mod\u00e8le en 140 chevaux adopte la bo\u00eete manuelle ou la bo\u00eete automatique X-Tronic, et le mod\u00e8le \u00e0 160 chevaux est dot\u00e9 de la bo\u00eete X-Tronic.<\/p>\n<h2 dir=\"ltr\" style=\"line-height: 1.38; margin-top: 12pt; margin-bottom: 12pt;\">Technologies \u00e0 bord du SUV Renault<\/h2>\n<p dir=\"ltr\" style=\"line-height: 1.38; margin-top: 12pt; margin-bottom: 12pt;\">Le <strong>Renault Austral<\/strong> est disponible en version deux roues motrices et quatre roues motrices avec le syst\u00e8me 4Control Advanced. Du c\u00f4t\u00e9 des aides \u00e0 la conduite, le SUV Renault dispose du freinage automatique d&rsquo;urgence en marche arri\u00e8re, de la sortie s\u00e9curis\u00e9e des occupants (qui alerte le conducteur lorsqu&rsquo;un v\u00e9hicule ou un cycliste est en approche au moment de l&rsquo;ouverture de la porti\u00e8re), du r\u00e9gulateur de vitesse adaptatif et pr\u00e9dictif associ\u00e9 au maintien dans la voie pour un syst\u00e8me de conduite semi-autonome de niveau 2.<\/p>\n<p><iframe loading=\"lazy\" title=\"YouTube video player\" src=\"https:\/\/www.youtube.com\/embed\/Ezf-lys348M\" width=\"100%\" height=\"315\" allowfullscreen=\"allowfullscreen\"><\/iframe><\/p>\n<h2 dir=\"ltr\" style=\"line-height: 1.38; margin-top: 12pt; margin-bottom: 12pt;\">Renault Austral Esprit Alpine<\/h2>\n<p dir=\"ltr\" style=\"line-height: 1.38; margin-top: 12pt; margin-bottom: 12pt;\">Le <strong>nouveau Renault Austral<\/strong> est propos\u00e9 en finition Equilibre, Evolution, Techno et Iconic. Pour les amateurs de mod\u00e8les au look plus sportif, les finitions Techno et Iconic proposent une variante Esprit Alpine : jantes 20 pouces, badges sur les ailes ou encore une teinte Gris Schiste satin\u00e9e leur sont r\u00e9serv\u00e9s.<\/p>\n<p dir=\"ltr\" style=\"line-height: 1.38; margin-top: 12pt; margin-bottom: 12pt;\">\n<p dir=\"ltr\" style=\"line-height: 1.38; margin-top: 12pt; margin-bottom: 12pt;\">Pour la production de ce nouveau SUV, Renault a b\u00e9n\u00e9fici\u00e9 des comp\u00e9tences du nouveau responsable design, Gilles Vidal, d\u00e9bauch\u00e9 de Peugeot et qui avait travaill\u00e9 sur le concurrent principal du <strong>Renault Austral<\/strong>, le Peugeot 3008. On peut donc esp\u00e9rer que le <strong>Renault Austral<\/strong> sera un r\u00e9el concurrent pour le SUV de la marque au lion dont le succ\u00e8s n&rsquo;est plus \u00e0 prouver.<\/p>\n<p dir=\"ltr\" style=\"line-height: 1.38; margin-top: 12pt; margin-bottom: 12pt;\">\n<p dir=\"ltr\" style=\"line-height: 1.38; margin-top: 12pt; margin-bottom: 12pt;\">\n<p style=\"margin-top: 1.75em; margin-bottom: 1.75em; font-size: 0.813em; line-height: 1.5em; color: #666666; font-family: Arial, Helvetica, sans-serif;\">\n","protected":false},"excerpt":{"rendered":"<p>La marque au losange renouvelle sa gamme. Apr\u00e8s la sortie du SUV Renault Arkana, avec un look des plus remarquables et de nombreux atouts, c&rsquo;est au tour du SUV Renault Austral de faire son entr\u00e9e sur le march\u00e9.<\/p>\n","protected":false},"author":1,"featured_media":5995,"comment_status":"open","ping_status":"open","sticky":false,"template":"","format":"standard","meta":{"_acf_changed":false,"content-type":"","footnotes":""},"categories":[62,61],"tags":[90,78,101],"class_list":["post-3937","post","type-post","status-publish","format-standard","has-post-thumbnail","hentry","category-nouveaute-renault","category-nouveautes-autos","tag-autojm","tag-renault","tag-renault-austral"],"acf":[],"yoast_head":"<!-- This site is optimized with the Yoast SEO plugin v27.5 - https:\/\/yoast.com\/product\/yoast-seo-wordpress\/ -->\n<title>Renault Austral : r\u00e9v\u00e9lation faite ! - AutoJM Mag<\/title>\n<meta name=\"description\" content=\"Apr\u00e8s la sortie du SUV Renault Arkana, c&#039;est au tour du SUV Renault Austral de faire son entr\u00e9e sur le march\u00e9.\" \/>\n<meta name=\"robots\" content=\"index, follow, max-snippet:-1, max-image-preview:large, max-video-preview:-1\" \/>\n<link rel=\"canonical\" href=\"https:\/\/www.autojm.fr\/blog\/renault-austral-revelation-faite\/\" \/>\n<meta property=\"og:locale\" content=\"fr_FR\" \/>\n<meta property=\"og:type\" content=\"article\" \/>\n<meta property=\"og:title\" content=\"Renault Austral : r\u00e9v\u00e9lation faite ! - AutoJM Mag\" \/>\n<meta property=\"og:description\" content=\"Apr\u00e8s la sortie du SUV Renault Arkana, c&#039;est au tour du SUV Renault Austral de faire son entr\u00e9e sur le march\u00e9.\" \/>\n<meta property=\"og:url\" content=\"https:\/\/www.autojm.fr\/blog\/renault-austral-revelation-faite\/\" \/>\n<meta property=\"og:site_name\" content=\"AutoJM Mag\" \/>\n<meta property=\"article:publisher\" content=\"https:\/\/www.facebook.com\/AutoJM25\" \/>\n<meta property=\"article:published_time\" content=\"2022-03-18T00:00:00+00:00\" \/>\n<meta property=\"article:modified_time\" content=\"2023-04-17T14:31:25+00:00\" \/>\n<meta property=\"og:image\" content=\"https:\/\/www.autojm.fr\/blog\/wp-content\/uploads\/2022\/10\/669-scaled.jpg\" \/>\n\t<meta property=\"og:image:width\" content=\"2560\" \/>\n\t<meta property=\"og:image:height\" content=\"1160\" \/>\n\t<meta property=\"og:image:type\" content=\"image\/jpeg\" \/>\n<meta name=\"author\" content=\"Autojm\" \/>\n<meta name=\"twitter:card\" content=\"summary_large_image\" \/>\n<meta name=\"twitter:label1\" content=\"\u00c9crit par\" \/>\n\t<meta name=\"twitter:data1\" content=\"Autojm\" \/>\n\t<meta name=\"twitter:label2\" content=\"Dur\u00e9e de lecture estim\u00e9e\" \/>\n\t<meta name=\"twitter:data2\" content=\"5 minutes\" \/>\n<script type=\"application\/ld+json\" class=\"yoast-schema-graph\">{\"@context\":\"https:\\\/\\\/schema.org\",\"@graph\":[{\"@type\":\"Article\",\"@id\":\"https:\\\/\\\/www.autojm.fr\\\/blog\\\/renault-austral-revelation-faite\\\/#article\",\"isPartOf\":{\"@id\":\"https:\\\/\\\/www.autojm.fr\\\/blog\\\/renault-austral-revelation-faite\\\/\"},\"author\":{\"name\":\"Autojm\",\"@id\":\"https:\\\/\\\/www.autojm.fr\\\/blog\\\/#\\\/schema\\\/person\\\/9742bc77541853e0de81fc57f947e1a0\"},\"headline\":\"Renault Austral : r\u00e9v\u00e9lation faite !\",\"datePublished\":\"2022-03-18T00:00:00+00:00\",\"dateModified\":\"2023-04-17T14:31:25+00:00\",\"mainEntityOfPage\":{\"@id\":\"https:\\\/\\\/www.autojm.fr\\\/blog\\\/renault-austral-revelation-faite\\\/\"},\"wordCount\":944,\"commentCount\":0,\"publisher\":{\"@id\":\"https:\\\/\\\/www.autojm.fr\\\/blog\\\/#organization\"},\"image\":{\"@id\":\"https:\\\/\\\/www.autojm.fr\\\/blog\\\/renault-austral-revelation-faite\\\/#primaryimage\"},\"thumbnailUrl\":\"https:\\\/\\\/www.autojm.fr\\\/blog\\\/wp-content\\\/uploads\\\/2022\\\/10\\\/669-scaled.jpg\",\"keywords\":[\"autojm\",\"renault\",\"Renault Austral\"],\"articleSection\":[\"Nouveaut\u00e9 Renault\",\"Nouveaut\u00e9s Autos\"],\"inLanguage\":\"fr-FR\",\"potentialAction\":[{\"@type\":\"CommentAction\",\"name\":\"Comment\",\"target\":[\"https:\\\/\\\/www.autojm.fr\\\/blog\\\/renault-austral-revelation-faite\\\/#respond\"]}]},{\"@type\":\"WebPage\",\"@id\":\"https:\\\/\\\/www.autojm.fr\\\/blog\\\/renault-austral-revelation-faite\\\/\",\"url\":\"https:\\\/\\\/www.autojm.fr\\\/blog\\\/renault-austral-revelation-faite\\\/\",\"name\":\"Renault Austral : r\u00e9v\u00e9lation faite ! - AutoJM Mag\",\"isPartOf\":{\"@id\":\"https:\\\/\\\/www.autojm.fr\\\/blog\\\/#website\"},\"primaryImageOfPage\":{\"@id\":\"https:\\\/\\\/www.autojm.fr\\\/blog\\\/renault-austral-revelation-faite\\\/#primaryimage\"},\"image\":{\"@id\":\"https:\\\/\\\/www.autojm.fr\\\/blog\\\/renault-austral-revelation-faite\\\/#primaryimage\"},\"thumbnailUrl\":\"https:\\\/\\\/www.autojm.fr\\\/blog\\\/wp-content\\\/uploads\\\/2022\\\/10\\\/669-scaled.jpg\",\"datePublished\":\"2022-03-18T00:00:00+00:00\",\"dateModified\":\"2023-04-17T14:31:25+00:00\",\"description\":\"Apr\u00e8s la sortie du SUV Renault Arkana, c'est au tour du SUV Renault Austral de faire son entr\u00e9e sur le march\u00e9.\",\"breadcrumb\":{\"@id\":\"https:\\\/\\\/www.autojm.fr\\\/blog\\\/renault-austral-revelation-faite\\\/#breadcrumb\"},\"inLanguage\":\"fr-FR\",\"potentialAction\":[{\"@type\":\"ReadAction\",\"target\":[\"https:\\\/\\\/www.autojm.fr\\\/blog\\\/renault-austral-revelation-faite\\\/\"]}]},{\"@type\":\"ImageObject\",\"inLanguage\":\"fr-FR\",\"@id\":\"https:\\\/\\\/www.autojm.fr\\\/blog\\\/renault-austral-revelation-faite\\\/#primaryimage\",\"url\":\"https:\\\/\\\/www.autojm.fr\\\/blog\\\/wp-content\\\/uploads\\\/2022\\\/10\\\/669-scaled.jpg\",\"contentUrl\":\"https:\\\/\\\/www.autojm.fr\\\/blog\\\/wp-content\\\/uploads\\\/2022\\\/10\\\/669-scaled.jpg\",\"width\":2560,\"height\":1160,\"caption\":\"Renault Austral\"},{\"@type\":\"BreadcrumbList\",\"@id\":\"https:\\\/\\\/www.autojm.fr\\\/blog\\\/renault-austral-revelation-faite\\\/#breadcrumb\",\"itemListElement\":[{\"@type\":\"ListItem\",\"position\":1,\"name\":\"Accueil\",\"item\":\"https:\\\/\\\/www.autojm.fr\\\/blog\\\/\"},{\"@type\":\"ListItem\",\"position\":2,\"name\":\"Nouveaut\u00e9s Autos\",\"item\":\"https:\\\/\\\/www.autojm.fr\\\/blog\\\/nouveautes-autos\\\/\"},{\"@type\":\"ListItem\",\"position\":3,\"name\":\"Renault Austral : r\u00e9v\u00e9lation faite !\"}]},{\"@type\":\"WebSite\",\"@id\":\"https:\\\/\\\/www.autojm.fr\\\/blog\\\/#website\",\"url\":\"https:\\\/\\\/www.autojm.fr\\\/blog\\\/\",\"name\":\"AutoJM Mag\",\"description\":\"Toute l&#039;actu auto en 1 clic !\",\"publisher\":{\"@id\":\"https:\\\/\\\/www.autojm.fr\\\/blog\\\/#organization\"},\"potentialAction\":[{\"@type\":\"SearchAction\",\"target\":{\"@type\":\"EntryPoint\",\"urlTemplate\":\"https:\\\/\\\/www.autojm.fr\\\/blog\\\/?s={search_term_string}\"},\"query-input\":{\"@type\":\"PropertyValueSpecification\",\"valueRequired\":true,\"valueName\":\"search_term_string\"}}],\"inLanguage\":\"fr-FR\"},{\"@type\":\"Organization\",\"@id\":\"https:\\\/\\\/www.autojm.fr\\\/blog\\\/#organization\",\"name\":\"AutoJM Mag\",\"url\":\"https:\\\/\\\/www.autojm.fr\\\/blog\\\/\",\"logo\":{\"@type\":\"ImageObject\",\"inLanguage\":\"fr-FR\",\"@id\":\"https:\\\/\\\/www.autojm.fr\\\/blog\\\/#\\\/schema\\\/logo\\\/image\\\/\",\"url\":\"https:\\\/\\\/www.autojm.fr\\\/blog\\\/wp-content\\\/uploads\\\/2022\\\/12\\\/cropped-AutoJMag-png.png\",\"contentUrl\":\"https:\\\/\\\/www.autojm.fr\\\/blog\\\/wp-content\\\/uploads\\\/2022\\\/12\\\/cropped-AutoJMag-png.png\",\"width\":2834,\"height\":585,\"caption\":\"AutoJM Mag\"},\"image\":{\"@id\":\"https:\\\/\\\/www.autojm.fr\\\/blog\\\/#\\\/schema\\\/logo\\\/image\\\/\"},\"sameAs\":[\"https:\\\/\\\/www.facebook.com\\\/AutoJM25\"]},{\"@type\":\"Person\",\"@id\":\"https:\\\/\\\/www.autojm.fr\\\/blog\\\/#\\\/schema\\\/person\\\/9742bc77541853e0de81fc57f947e1a0\",\"name\":\"Autojm\",\"image\":{\"@type\":\"ImageObject\",\"inLanguage\":\"fr-FR\",\"@id\":\"https:\\\/\\\/secure.gravatar.com\\\/avatar\\\/9a959d52b758fcc232fe4b6aca7bab139182573297122cce7d6f2ee0e537b418?s=96&d=mm&r=g\",\"url\":\"https:\\\/\\\/secure.gravatar.com\\\/avatar\\\/9a959d52b758fcc232fe4b6aca7bab139182573297122cce7d6f2ee0e537b418?s=96&d=mm&r=g\",\"contentUrl\":\"https:\\\/\\\/secure.gravatar.com\\\/avatar\\\/9a959d52b758fcc232fe4b6aca7bab139182573297122cce7d6f2ee0e537b418?s=96&d=mm&r=g\",\"caption\":\"Autojm\"},\"sameAs\":[\"https:\\\/\\\/www.autojm.fr\\\/blog\"],\"url\":\"https:\\\/\\\/www.autojm.fr\\\/blog\\\/author\\\/bichoi\\\/\"}]}<\/script>\n<!-- \/ Yoast SEO plugin. -->","yoast_head_json":{"title":"Renault Austral : r\u00e9v\u00e9lation faite ! - AutoJM Mag","description":"Apr\u00e8s la sortie du SUV Renault Arkana, c'est au tour du SUV Renault Austral de faire son entr\u00e9e sur le march\u00e9.","robots":{"index":"index","follow":"follow","max-snippet":"max-snippet:-1","max-image-preview":"max-image-preview:large","max-video-preview":"max-video-preview:-1"},"canonical":"https:\/\/www.autojm.fr\/blog\/renault-austral-revelation-faite\/","og_locale":"fr_FR","og_type":"article","og_title":"Renault Austral : r\u00e9v\u00e9lation faite ! - AutoJM Mag","og_description":"Apr\u00e8s la sortie du SUV Renault Arkana, c'est au tour du SUV Renault Austral de faire son entr\u00e9e sur le march\u00e9.","og_url":"https:\/\/www.autojm.fr\/blog\/renault-austral-revelation-faite\/","og_site_name":"AutoJM Mag","article_publisher":"https:\/\/www.facebook.com\/AutoJM25","article_published_time":"2022-03-18T00:00:00+00:00","article_modified_time":"2023-04-17T14:31:25+00:00","og_image":[{"width":2560,"height":1160,"url":"https:\/\/www.autojm.fr\/blog\/wp-content\/uploads\/2022\/10\/669-scaled.jpg","type":"image\/jpeg"}],"author":"Autojm","twitter_card":"summary_large_image","twitter_misc":{"\u00c9crit par":"Autojm","Dur\u00e9e de lecture estim\u00e9e":"5 minutes"},"schema":{"@context":"https:\/\/schema.org","@graph":[{"@type":"Article","@id":"https:\/\/www.autojm.fr\/blog\/renault-austral-revelation-faite\/#article","isPartOf":{"@id":"https:\/\/www.autojm.fr\/blog\/renault-austral-revelation-faite\/"},"author":{"name":"Autojm","@id":"https:\/\/www.autojm.fr\/blog\/#\/schema\/person\/9742bc77541853e0de81fc57f947e1a0"},"headline":"Renault Austral : r\u00e9v\u00e9lation faite !","datePublished":"2022-03-18T00:00:00+00:00","dateModified":"2023-04-17T14:31:25+00:00","mainEntityOfPage":{"@id":"https:\/\/www.autojm.fr\/blog\/renault-austral-revelation-faite\/"},"wordCount":944,"commentCount":0,"publisher":{"@id":"https:\/\/www.autojm.fr\/blog\/#organization"},"image":{"@id":"https:\/\/www.autojm.fr\/blog\/renault-austral-revelation-faite\/#primaryimage"},"thumbnailUrl":"https:\/\/www.autojm.fr\/blog\/wp-content\/uploads\/2022\/10\/669-scaled.jpg","keywords":["autojm","renault","Renault Austral"],"articleSection":["Nouveaut\u00e9 Renault","Nouveaut\u00e9s Autos"],"inLanguage":"fr-FR","potentialAction":[{"@type":"CommentAction","name":"Comment","target":["https:\/\/www.autojm.fr\/blog\/renault-austral-revelation-faite\/#respond"]}]},{"@type":"WebPage","@id":"https:\/\/www.autojm.fr\/blog\/renault-austral-revelation-faite\/","url":"https:\/\/www.autojm.fr\/blog\/renault-austral-revelation-faite\/","name":"Renault Austral : r\u00e9v\u00e9lation faite ! - AutoJM Mag","isPartOf":{"@id":"https:\/\/www.autojm.fr\/blog\/#website"},"primaryImageOfPage":{"@id":"https:\/\/www.autojm.fr\/blog\/renault-austral-revelation-faite\/#primaryimage"},"image":{"@id":"https:\/\/www.autojm.fr\/blog\/renault-austral-revelation-faite\/#primaryimage"},"thumbnailUrl":"https:\/\/www.autojm.fr\/blog\/wp-content\/uploads\/2022\/10\/669-scaled.jpg","datePublished":"2022-03-18T00:00:00+00:00","dateModified":"2023-04-17T14:31:25+00:00","description":"Apr\u00e8s la sortie du SUV Renault Arkana, c'est au tour du SUV Renault Austral de faire son entr\u00e9e sur le march\u00e9.","breadcrumb":{"@id":"https:\/\/www.autojm.fr\/blog\/renault-austral-revelation-faite\/#breadcrumb"},"inLanguage":"fr-FR","potentialAction":[{"@type":"ReadAction","target":["https:\/\/www.autojm.fr\/blog\/renault-austral-revelation-faite\/"]}]},{"@type":"ImageObject","inLanguage":"fr-FR","@id":"https:\/\/www.autojm.fr\/blog\/renault-austral-revelation-faite\/#primaryimage","url":"https:\/\/www.autojm.fr\/blog\/wp-content\/uploads\/2022\/10\/669-scaled.jpg","contentUrl":"https:\/\/www.autojm.fr\/blog\/wp-content\/uploads\/2022\/10\/669-scaled.jpg","width":2560,"height":1160,"caption":"Renault Austral"},{"@type":"BreadcrumbList","@id":"https:\/\/www.autojm.fr\/blog\/renault-austral-revelation-faite\/#breadcrumb","itemListElement":[{"@type":"ListItem","position":1,"name":"Accueil","item":"https:\/\/www.autojm.fr\/blog\/"},{"@type":"ListItem","position":2,"name":"Nouveaut\u00e9s Autos","item":"https:\/\/www.autojm.fr\/blog\/nouveautes-autos\/"},{"@type":"ListItem","position":3,"name":"Renault Austral : r\u00e9v\u00e9lation faite !"}]},{"@type":"WebSite","@id":"https:\/\/www.autojm.fr\/blog\/#website","url":"https:\/\/www.autojm.fr\/blog\/","name":"AutoJM Mag","description":"Toute l&#039;actu auto en 1 clic !","publisher":{"@id":"https:\/\/www.autojm.fr\/blog\/#organization"},"potentialAction":[{"@type":"SearchAction","target":{"@type":"EntryPoint","urlTemplate":"https:\/\/www.autojm.fr\/blog\/?s={search_term_string}"},"query-input":{"@type":"PropertyValueSpecification","valueRequired":true,"valueName":"search_term_string"}}],"inLanguage":"fr-FR"},{"@type":"Organization","@id":"https:\/\/www.autojm.fr\/blog\/#organization","name":"AutoJM Mag","url":"https:\/\/www.autojm.fr\/blog\/","logo":{"@type":"ImageObject","inLanguage":"fr-FR","@id":"https:\/\/www.autojm.fr\/blog\/#\/schema\/logo\/image\/","url":"https:\/\/www.autojm.fr\/blog\/wp-content\/uploads\/2022\/12\/cropped-AutoJMag-png.png","contentUrl":"https:\/\/www.autojm.fr\/blog\/wp-content\/uploads\/2022\/12\/cropped-AutoJMag-png.png","width":2834,"height":585,"caption":"AutoJM Mag"},"image":{"@id":"https:\/\/www.autojm.fr\/blog\/#\/schema\/logo\/image\/"},"sameAs":["https:\/\/www.facebook.com\/AutoJM25"]},{"@type":"Person","@id":"https:\/\/www.autojm.fr\/blog\/#\/schema\/person\/9742bc77541853e0de81fc57f947e1a0","name":"Autojm","image":{"@type":"ImageObject","inLanguage":"fr-FR","@id":"https:\/\/secure.gravatar.com\/avatar\/9a959d52b758fcc232fe4b6aca7bab139182573297122cce7d6f2ee0e537b418?s=96&d=mm&r=g","url":"https:\/\/secure.gravatar.com\/avatar\/9a959d52b758fcc232fe4b6aca7bab139182573297122cce7d6f2ee0e537b418?s=96&d=mm&r=g","contentUrl":"https:\/\/secure.gravatar.com\/avatar\/9a959d52b758fcc232fe4b6aca7bab139182573297122cce7d6f2ee0e537b418?s=96&d=mm&r=g","caption":"Autojm"},"sameAs":["https:\/\/www.autojm.fr\/blog"],"url":"https:\/\/www.autojm.fr\/blog\/author\/bichoi\/"}]}},"_links":{"self":[{"href":"https:\/\/www.autojm.fr\/blog\/wp-json\/wp\/v2\/posts\/3937","targetHints":{"allow":["GET"]}}],"collection":[{"href":"https:\/\/www.autojm.fr\/blog\/wp-json\/wp\/v2\/posts"}],"about":[{"href":"https:\/\/www.autojm.fr\/blog\/wp-json\/wp\/v2\/types\/post"}],"author":[{"embeddable":true,"href":"https:\/\/www.autojm.fr\/blog\/wp-json\/wp\/v2\/users\/1"}],"replies":[{"embeddable":true,"href":"https:\/\/www.autojm.fr\/blog\/wp-json\/wp\/v2\/comments?post=3937"}],"version-history":[{"count":5,"href":"https:\/\/www.autojm.fr\/blog\/wp-json\/wp\/v2\/posts\/3937\/revisions"}],"predecessor-version":[{"id":9162,"href":"https:\/\/www.autojm.fr\/blog\/wp-json\/wp\/v2\/posts\/3937\/revisions\/9162"}],"wp:featuredmedia":[{"embeddable":true,"href":"https:\/\/www.autojm.fr\/blog\/wp-json\/wp\/v2\/media\/5995"}],"wp:attachment":[{"href":"https:\/\/www.autojm.fr\/blog\/wp-json\/wp\/v2\/media?parent=3937"}],"wp:term":[{"taxonomy":"category","embeddable":true,"href":"https:\/\/www.autojm.fr\/blog\/wp-json\/wp\/v2\/categories?post=3937"},{"taxonomy":"post_tag","embeddable":true,"href":"https:\/\/www.autojm.fr\/blog\/wp-json\/wp\/v2\/tags?post=3937"}],"curies":[{"name":"wp","href":"https:\/\/api.w.org\/{rel}","templated":true}]}}