{"id":3934,"date":"2022-02-21T00:00:00","date_gmt":"2022-02-21T00:00:00","guid":{"rendered":"https:\/\/www.autojm.fr\/blog\/nouvelle-tete-pour-le-nouveau-c5-aircross\/"},"modified":"2023-04-17T14:32:18","modified_gmt":"2023-04-17T14:32:18","slug":"nouvelle-tete-pour-le-nouveau-c5-aircross","status":"publish","type":"post","link":"https:\/\/www.autojm.fr\/blog\/nouvelle-tete-pour-le-nouveau-c5-aircross\/","title":{"rendered":"Nouvelle t\u00eate pour le nouveau C5 Aircross !"},"content":{"rendered":"<p>Apr\u00e8s le petit SUV C3 Aircross, pass\u00e9 par la case restylage pour renouveler son look, c&rsquo;est au tour du <strong><a href=\"https:\/\/www.autojm.fr\/achat-voitures-neuves-citroen-nouveau-c5-aicross-5p?part=blog&amp;utm_source=articleblog210222&amp;utm_medium=blog\">Citro\u00ebn C5 Aircross<\/a><\/strong> de se remettre au go\u00fbt du jour. Autrefois un peu \u201cd\u00e9laiss\u00e9\u201d au profit du confort, le look des mod\u00e8les Citro\u00ebn se veut de plus en plus soign\u00e9. On en avait d&rsquo;ailleurs eu la preuve avec les mod\u00e8les <strong><a href=\"https:\/\/www.autojm.fr\/achat-voitures-neuves-citroen-nouvelle-c4-2020-5p?part=blog&amp;utm_source=articleblog210222&amp;utm_medium=blog\">Citro\u00ebn C4<\/a><\/strong> et <strong><a href=\"https:\/\/www.autojm.fr\/achat-voitures-neuves-citroen-nouvelle-c5-5p?part=blog&amp;utm_source=articleblog210222&amp;utm_medium=blog\">Citro\u00ebn C5X<\/a><\/strong>, qui ont offert \u00e0 la marque un nouveau visage, plus moderne et \u00e9l\u00e9gant. Quid du <strong>C5 Aircross restyl\u00e9<\/strong> ?<\/p>\n<h2>Le C5 Aircross 2022 fait peau neuve !<\/h2>\n<p>Comme pour le SUV <strong><a href=\"https:\/\/www.autojm.fr\/achat-voitures-neuves-citroen-nouveau-c3-aircross-5p?part=blog&amp;utm_source=articleblog210222&amp;utm_medium=blog\">Citro\u00ebn C3 Aircross<\/a><\/strong>, le <strong>Citro\u00ebn C5 Aircross<\/strong> arbore un nouveau visage original et remarquable : en modification l\u00e9g\u00e8re, on observe un logo d\u00e9sormais noir mais toujours appos\u00e9 au centre de la face avant, et qui s&rsquo;entoure de chrome pour ne pas passer inaper\u00e7u. Le logo est l&rsquo;\u00e9l\u00e9ment central mais c&rsquo;est bien le reste qui attire l&rsquo;\u0153il sur ce <strong>nouveau C5 Aircross<\/strong> : on remarque deux lignes noires de chaque c\u00f4t\u00e9 du logo, qui le relient aux feux redessin\u00e9s en forme de traits. Les lignes noires se composent de touches chrom\u00e9es qui offrent un c\u00f4t\u00e9 futuriste au SUV, que l&rsquo;on retrouve \u00e9galement dans les nouvelles entr\u00e9es d&rsquo;air lat\u00e9rales.<\/p>\n<p>Le <strong>SUV C5 Aircross 2022<\/strong> conserve les protections de portes mais elles deviennent plus discr\u00e8tes, avec un positionnement plus li\u00e9 \u00e0 la s\u00e9curit\u00e9 qu&rsquo;\u00e0 l&rsquo;esth\u00e9tique. A l&rsquo;arri\u00e8re, la transformation n&rsquo;est pas flagrante mais le constructeur a fait \u00e9voluer la signature lumineuse pour un effet 3D. Des jantes 18 pouces entrent au catalogue, avec \u00e9galement une couleur in\u00e9dite Bleu \u00e9clipse.<\/p>\n<h2>Un int\u00e9rieur plus moderne et plus confortable pour le nouveau Citro\u00ebn C5 Aircross<\/h2>\n<p>A l&rsquo;int\u00e9rieur du nouveau <strong>Citro\u00ebn C5 Aircross<\/strong>, l&rsquo;\u00e9cran prend d\u00e9sormais une place bien distincte dans les haut niveaux de finition en surplombant la planche de bord redessin\u00e9e. Il mesure d\u00e9sormais 10 pouces et se d\u00e9tache des a\u00e9rateurs qui sont juste en-dessous. Le levier de vitesse a laiss\u00e9 place aux commandes \u201cshift-by-wire\u201d qui s&rsquo;int\u00e8grent discr\u00e8tement dans la console centrale \u00e0 c\u00f4t\u00e9 d&rsquo;un large vide-poches.<\/p>\n<p>L&rsquo;affichage t\u00eate haute est reconduit dans cette nouvelle version du <strong>C5 Aircross<\/strong>. Du c\u00f4t\u00e9 du syst\u00e8me Citro\u00ebn Advanced Comfort, les si\u00e8ges ont \u00e9t\u00e9 troqu\u00e9s contre des si\u00e8ges plus moelleux et rembourr\u00e9s. Les passagers avant pourront profiter de si\u00e8ges chauffants, ventil\u00e9s et massants.<\/p>\n<h2>La version hybride rechargeable reconduite<\/h2>\n<p>Du c\u00f4t\u00e9 des motorisations, le <strong>Citro\u00ebn C5 Aircross<\/strong> ne se renouvelle pas. On retrouve les versions essence et diesel de 130 chevaux, et la version hybride rechargeable de 225 chevaux partag\u00e9e avec la <strong><a href=\"https:\/\/www.autojm.fr\/achat-voitures-neuves-peugeot-nouvelle-308-2021-5p?part=blog&amp;utm_source=articleblog210222&amp;utm_medium=blog\">Peugeot 308<\/a><\/strong>.<\/p>\n<h2>6 finitions pour le Citro\u00ebn C5 Aircross 2022<\/h2>\n<p>Le <strong>C5 Aircross 2022<\/strong> est d\u00e9clin\u00e9 en 6 finitions :<\/p>\n<p>&#8211; <strong>Citro\u00ebn C5 Aircross Live<\/strong> : jantes 17 pouces, tablette tactile 8 pouces, aide au stationnement arri\u00e8re et climatisation manuelle.<br \/>\n&#8211; <strong>Citro\u00ebn C5 Aircross Feel<\/strong> : jantes 18 pouces, si\u00e8ges advanced comfort, combin\u00e9 digital 12,3 pouces, climatisation bi-zone et canules d&rsquo;\u00e9chappement chrom\u00e9es.<br \/>\n&#8211; <strong>Citro\u00ebn C5 Aircross Feel Pack<\/strong> : r\u00e9troviseurs ext\u00e9rieur rabattables \u00e9lectriquement, projecteurs antibrouillard avec \u00e9clairage statique d&rsquo;intersection, acc\u00e8s et d\u00e9marrage mains-libres, cam\u00e9ra de recul et aide au stationnement avant.<br \/>\n&#8211; <strong>Citro\u00ebn C5 Aircross C-Series<\/strong> : tablette tactile 10 pouces avec navigation connect\u00e9e num\u00e9rique, services zones de danger, info trafic, parkings, m\u00e9t\u00e9o, etc.<br \/>\n&#8211; <strong>Citro\u00ebn C5 Aircross Shine<\/strong> : pack Color Dark Chrome (barres de toit noir brillant), ambiance Urban Black, pack Drive Assist (alerte risque collision, alerte attention conducteur, r\u00e9gulateur de vitesse adaptatif, commutation automatique des feux de route, reconnaissance \u00e9tendue des panneaux avec recommandation de vitesse).<br \/>\n&#8211; <strong>Citro\u00ebn C5 Aircross Shine Pack<\/strong> : jantes 19 pouces, ambiance Metropolitan Black, syst\u00e8me Highway Driver Assist.<\/p>\n<p style=\"margin-top: 1.75em; margin-bottom: 1.75em; font-size: 0.813em; line-height: 1.5em; color: #666666; font-family: Arial, Helvetica, sans-serif;\">\n","protected":false},"excerpt":{"rendered":"<p>Apr\u00e8s le petit SUV C3 Aircross, pass\u00e9 par la case restylage pour renouveler son look, c&rsquo;est au tour du Citro\u00ebn C5 Aircross de se remettre au go\u00fbt du jour. Autrefois un peu \u201cd\u00e9laiss\u00e9\u201d au profit du confort, le look des mod\u00e8les Citro\u00ebn se veut de plus en plus soign\u00e9.<\/p>\n","protected":false},"author":1,"featured_media":5992,"comment_status":"open","ping_status":"open","sticky":false,"template":"","format":"standard","meta":{"_acf_changed":false,"content-type":"","footnotes":""},"categories":[236,61],"tags":[90,79,130],"class_list":["post-3934","post","type-post","status-publish","format-standard","has-post-thumbnail","hentry","category-nouveaute-citroen","category-nouveautes-autos","tag-autojm","tag-citroen","tag-nouveau-c5-aircross"],"acf":[],"yoast_head":"<!-- This site is optimized with the Yoast SEO plugin v27.5 - https:\/\/yoast.com\/product\/yoast-seo-wordpress\/ -->\n<title>Nouvelle t\u00eate pour le nouveau C5 Aircross ! - AutoJM Mag<\/title>\n<meta name=\"description\" content=\"Apr\u00e8s le petit SUV C3 Aircross pass\u00e9 par la case restylage, c&#039;est au tour du Citro\u00ebn C5 Aircross de se remettre au go\u00fbt du jour.\" \/>\n<meta name=\"robots\" content=\"index, follow, max-snippet:-1, max-image-preview:large, max-video-preview:-1\" \/>\n<link rel=\"canonical\" href=\"https:\/\/www.autojm.fr\/blog\/nouvelle-tete-pour-le-nouveau-c5-aircross\/\" \/>\n<meta property=\"og:locale\" content=\"fr_FR\" \/>\n<meta property=\"og:type\" content=\"article\" \/>\n<meta property=\"og:title\" content=\"Nouvelle t\u00eate pour le nouveau C5 Aircross ! - AutoJM Mag\" \/>\n<meta property=\"og:description\" content=\"Apr\u00e8s le petit SUV C3 Aircross pass\u00e9 par la case restylage, c&#039;est au tour du Citro\u00ebn C5 Aircross de se remettre au go\u00fbt du jour.\" \/>\n<meta property=\"og:url\" content=\"https:\/\/www.autojm.fr\/blog\/nouvelle-tete-pour-le-nouveau-c5-aircross\/\" \/>\n<meta property=\"og:site_name\" content=\"AutoJM Mag\" \/>\n<meta property=\"article:publisher\" content=\"https:\/\/www.facebook.com\/AutoJM25\" \/>\n<meta property=\"article:published_time\" content=\"2022-02-21T00:00:00+00:00\" \/>\n<meta property=\"article:modified_time\" content=\"2023-04-17T14:32:18+00:00\" \/>\n<meta property=\"og:image\" content=\"https:\/\/www.autojm.fr\/blog\/wp-content\/uploads\/2022\/10\/666-scaled.jpg\" \/>\n\t<meta property=\"og:image:width\" content=\"2560\" \/>\n\t<meta property=\"og:image:height\" content=\"1160\" \/>\n\t<meta property=\"og:image:type\" content=\"image\/jpeg\" \/>\n<meta name=\"author\" content=\"Autojm\" \/>\n<meta name=\"twitter:card\" content=\"summary_large_image\" \/>\n<meta name=\"twitter:label1\" content=\"\u00c9crit par\" \/>\n\t<meta name=\"twitter:data1\" content=\"Autojm\" \/>\n\t<meta name=\"twitter:label2\" content=\"Dur\u00e9e de lecture estim\u00e9e\" \/>\n\t<meta name=\"twitter:data2\" content=\"3 minutes\" \/>\n<script type=\"application\/ld+json\" class=\"yoast-schema-graph\">{\"@context\":\"https:\\\/\\\/schema.org\",\"@graph\":[{\"@type\":\"Article\",\"@id\":\"https:\\\/\\\/www.autojm.fr\\\/blog\\\/nouvelle-tete-pour-le-nouveau-c5-aircross\\\/#article\",\"isPartOf\":{\"@id\":\"https:\\\/\\\/www.autojm.fr\\\/blog\\\/nouvelle-tete-pour-le-nouveau-c5-aircross\\\/\"},\"author\":{\"name\":\"Autojm\",\"@id\":\"https:\\\/\\\/www.autojm.fr\\\/blog\\\/#\\\/schema\\\/person\\\/9742bc77541853e0de81fc57f947e1a0\"},\"headline\":\"Nouvelle t\u00eate pour le nouveau C5 Aircross !\",\"datePublished\":\"2022-02-21T00:00:00+00:00\",\"dateModified\":\"2023-04-17T14:32:18+00:00\",\"mainEntityOfPage\":{\"@id\":\"https:\\\/\\\/www.autojm.fr\\\/blog\\\/nouvelle-tete-pour-le-nouveau-c5-aircross\\\/\"},\"wordCount\":650,\"commentCount\":0,\"publisher\":{\"@id\":\"https:\\\/\\\/www.autojm.fr\\\/blog\\\/#organization\"},\"image\":{\"@id\":\"https:\\\/\\\/www.autojm.fr\\\/blog\\\/nouvelle-tete-pour-le-nouveau-c5-aircross\\\/#primaryimage\"},\"thumbnailUrl\":\"https:\\\/\\\/www.autojm.fr\\\/blog\\\/wp-content\\\/uploads\\\/2022\\\/10\\\/666-scaled.jpg\",\"keywords\":[\"autojm\",\"citroen\",\"Nouveau C5 Aircross\"],\"articleSection\":[\"Nouveaut\u00e9 Citro\u00ebn\",\"Nouveaut\u00e9s Autos\"],\"inLanguage\":\"fr-FR\",\"potentialAction\":[{\"@type\":\"CommentAction\",\"name\":\"Comment\",\"target\":[\"https:\\\/\\\/www.autojm.fr\\\/blog\\\/nouvelle-tete-pour-le-nouveau-c5-aircross\\\/#respond\"]}]},{\"@type\":\"WebPage\",\"@id\":\"https:\\\/\\\/www.autojm.fr\\\/blog\\\/nouvelle-tete-pour-le-nouveau-c5-aircross\\\/\",\"url\":\"https:\\\/\\\/www.autojm.fr\\\/blog\\\/nouvelle-tete-pour-le-nouveau-c5-aircross\\\/\",\"name\":\"Nouvelle t\u00eate pour le nouveau C5 Aircross ! - AutoJM Mag\",\"isPartOf\":{\"@id\":\"https:\\\/\\\/www.autojm.fr\\\/blog\\\/#website\"},\"primaryImageOfPage\":{\"@id\":\"https:\\\/\\\/www.autojm.fr\\\/blog\\\/nouvelle-tete-pour-le-nouveau-c5-aircross\\\/#primaryimage\"},\"image\":{\"@id\":\"https:\\\/\\\/www.autojm.fr\\\/blog\\\/nouvelle-tete-pour-le-nouveau-c5-aircross\\\/#primaryimage\"},\"thumbnailUrl\":\"https:\\\/\\\/www.autojm.fr\\\/blog\\\/wp-content\\\/uploads\\\/2022\\\/10\\\/666-scaled.jpg\",\"datePublished\":\"2022-02-21T00:00:00+00:00\",\"dateModified\":\"2023-04-17T14:32:18+00:00\",\"description\":\"Apr\u00e8s le petit SUV C3 Aircross pass\u00e9 par la case restylage, c'est au tour du Citro\u00ebn C5 Aircross de se remettre au go\u00fbt du jour.\",\"breadcrumb\":{\"@id\":\"https:\\\/\\\/www.autojm.fr\\\/blog\\\/nouvelle-tete-pour-le-nouveau-c5-aircross\\\/#breadcrumb\"},\"inLanguage\":\"fr-FR\",\"potentialAction\":[{\"@type\":\"ReadAction\",\"target\":[\"https:\\\/\\\/www.autojm.fr\\\/blog\\\/nouvelle-tete-pour-le-nouveau-c5-aircross\\\/\"]}]},{\"@type\":\"ImageObject\",\"inLanguage\":\"fr-FR\",\"@id\":\"https:\\\/\\\/www.autojm.fr\\\/blog\\\/nouvelle-tete-pour-le-nouveau-c5-aircross\\\/#primaryimage\",\"url\":\"https:\\\/\\\/www.autojm.fr\\\/blog\\\/wp-content\\\/uploads\\\/2022\\\/10\\\/666-scaled.jpg\",\"contentUrl\":\"https:\\\/\\\/www.autojm.fr\\\/blog\\\/wp-content\\\/uploads\\\/2022\\\/10\\\/666-scaled.jpg\",\"width\":2560,\"height\":1160,\"caption\":\"Nouveau C5 Aircross\"},{\"@type\":\"BreadcrumbList\",\"@id\":\"https:\\\/\\\/www.autojm.fr\\\/blog\\\/nouvelle-tete-pour-le-nouveau-c5-aircross\\\/#breadcrumb\",\"itemListElement\":[{\"@type\":\"ListItem\",\"position\":1,\"name\":\"Accueil\",\"item\":\"https:\\\/\\\/www.autojm.fr\\\/blog\\\/\"},{\"@type\":\"ListItem\",\"position\":2,\"name\":\"Nouveaut\u00e9s Autos\",\"item\":\"https:\\\/\\\/www.autojm.fr\\\/blog\\\/nouveautes-autos\\\/\"},{\"@type\":\"ListItem\",\"position\":3,\"name\":\"Nouvelle t\u00eate pour le nouveau C5 Aircross !\"}]},{\"@type\":\"WebSite\",\"@id\":\"https:\\\/\\\/www.autojm.fr\\\/blog\\\/#website\",\"url\":\"https:\\\/\\\/www.autojm.fr\\\/blog\\\/\",\"name\":\"AutoJM Mag\",\"description\":\"Toute l&#039;actu auto en 1 clic !\",\"publisher\":{\"@id\":\"https:\\\/\\\/www.autojm.fr\\\/blog\\\/#organization\"},\"potentialAction\":[{\"@type\":\"SearchAction\",\"target\":{\"@type\":\"EntryPoint\",\"urlTemplate\":\"https:\\\/\\\/www.autojm.fr\\\/blog\\\/?s={search_term_string}\"},\"query-input\":{\"@type\":\"PropertyValueSpecification\",\"valueRequired\":true,\"valueName\":\"search_term_string\"}}],\"inLanguage\":\"fr-FR\"},{\"@type\":\"Organization\",\"@id\":\"https:\\\/\\\/www.autojm.fr\\\/blog\\\/#organization\",\"name\":\"AutoJM Mag\",\"url\":\"https:\\\/\\\/www.autojm.fr\\\/blog\\\/\",\"logo\":{\"@type\":\"ImageObject\",\"inLanguage\":\"fr-FR\",\"@id\":\"https:\\\/\\\/www.autojm.fr\\\/blog\\\/#\\\/schema\\\/logo\\\/image\\\/\",\"url\":\"https:\\\/\\\/www.autojm.fr\\\/blog\\\/wp-content\\\/uploads\\\/2022\\\/12\\\/cropped-AutoJMag-png.png\",\"contentUrl\":\"https:\\\/\\\/www.autojm.fr\\\/blog\\\/wp-content\\\/uploads\\\/2022\\\/12\\\/cropped-AutoJMag-png.png\",\"width\":2834,\"height\":585,\"caption\":\"AutoJM Mag\"},\"image\":{\"@id\":\"https:\\\/\\\/www.autojm.fr\\\/blog\\\/#\\\/schema\\\/logo\\\/image\\\/\"},\"sameAs\":[\"https:\\\/\\\/www.facebook.com\\\/AutoJM25\"]},{\"@type\":\"Person\",\"@id\":\"https:\\\/\\\/www.autojm.fr\\\/blog\\\/#\\\/schema\\\/person\\\/9742bc77541853e0de81fc57f947e1a0\",\"name\":\"Autojm\",\"image\":{\"@type\":\"ImageObject\",\"inLanguage\":\"fr-FR\",\"@id\":\"https:\\\/\\\/secure.gravatar.com\\\/avatar\\\/9a959d52b758fcc232fe4b6aca7bab139182573297122cce7d6f2ee0e537b418?s=96&d=mm&r=g\",\"url\":\"https:\\\/\\\/secure.gravatar.com\\\/avatar\\\/9a959d52b758fcc232fe4b6aca7bab139182573297122cce7d6f2ee0e537b418?s=96&d=mm&r=g\",\"contentUrl\":\"https:\\\/\\\/secure.gravatar.com\\\/avatar\\\/9a959d52b758fcc232fe4b6aca7bab139182573297122cce7d6f2ee0e537b418?s=96&d=mm&r=g\",\"caption\":\"Autojm\"},\"sameAs\":[\"https:\\\/\\\/www.autojm.fr\\\/blog\"],\"url\":\"https:\\\/\\\/www.autojm.fr\\\/blog\\\/author\\\/bichoi\\\/\"}]}<\/script>\n<!-- \/ Yoast SEO plugin. -->","yoast_head_json":{"title":"Nouvelle t\u00eate pour le nouveau C5 Aircross ! - AutoJM Mag","description":"Apr\u00e8s le petit SUV C3 Aircross pass\u00e9 par la case restylage, c'est au tour du Citro\u00ebn C5 Aircross de se remettre au go\u00fbt du jour.","robots":{"index":"index","follow":"follow","max-snippet":"max-snippet:-1","max-image-preview":"max-image-preview:large","max-video-preview":"max-video-preview:-1"},"canonical":"https:\/\/www.autojm.fr\/blog\/nouvelle-tete-pour-le-nouveau-c5-aircross\/","og_locale":"fr_FR","og_type":"article","og_title":"Nouvelle t\u00eate pour le nouveau C5 Aircross ! - AutoJM Mag","og_description":"Apr\u00e8s le petit SUV C3 Aircross pass\u00e9 par la case restylage, c'est au tour du Citro\u00ebn C5 Aircross de se remettre au go\u00fbt du jour.","og_url":"https:\/\/www.autojm.fr\/blog\/nouvelle-tete-pour-le-nouveau-c5-aircross\/","og_site_name":"AutoJM Mag","article_publisher":"https:\/\/www.facebook.com\/AutoJM25","article_published_time":"2022-02-21T00:00:00+00:00","article_modified_time":"2023-04-17T14:32:18+00:00","og_image":[{"width":2560,"height":1160,"url":"https:\/\/www.autojm.fr\/blog\/wp-content\/uploads\/2022\/10\/666-scaled.jpg","type":"image\/jpeg"}],"author":"Autojm","twitter_card":"summary_large_image","twitter_misc":{"\u00c9crit par":"Autojm","Dur\u00e9e de lecture estim\u00e9e":"3 minutes"},"schema":{"@context":"https:\/\/schema.org","@graph":[{"@type":"Article","@id":"https:\/\/www.autojm.fr\/blog\/nouvelle-tete-pour-le-nouveau-c5-aircross\/#article","isPartOf":{"@id":"https:\/\/www.autojm.fr\/blog\/nouvelle-tete-pour-le-nouveau-c5-aircross\/"},"author":{"name":"Autojm","@id":"https:\/\/www.autojm.fr\/blog\/#\/schema\/person\/9742bc77541853e0de81fc57f947e1a0"},"headline":"Nouvelle t\u00eate pour le nouveau C5 Aircross !","datePublished":"2022-02-21T00:00:00+00:00","dateModified":"2023-04-17T14:32:18+00:00","mainEntityOfPage":{"@id":"https:\/\/www.autojm.fr\/blog\/nouvelle-tete-pour-le-nouveau-c5-aircross\/"},"wordCount":650,"commentCount":0,"publisher":{"@id":"https:\/\/www.autojm.fr\/blog\/#organization"},"image":{"@id":"https:\/\/www.autojm.fr\/blog\/nouvelle-tete-pour-le-nouveau-c5-aircross\/#primaryimage"},"thumbnailUrl":"https:\/\/www.autojm.fr\/blog\/wp-content\/uploads\/2022\/10\/666-scaled.jpg","keywords":["autojm","citroen","Nouveau C5 Aircross"],"articleSection":["Nouveaut\u00e9 Citro\u00ebn","Nouveaut\u00e9s Autos"],"inLanguage":"fr-FR","potentialAction":[{"@type":"CommentAction","name":"Comment","target":["https:\/\/www.autojm.fr\/blog\/nouvelle-tete-pour-le-nouveau-c5-aircross\/#respond"]}]},{"@type":"WebPage","@id":"https:\/\/www.autojm.fr\/blog\/nouvelle-tete-pour-le-nouveau-c5-aircross\/","url":"https:\/\/www.autojm.fr\/blog\/nouvelle-tete-pour-le-nouveau-c5-aircross\/","name":"Nouvelle t\u00eate pour le nouveau C5 Aircross ! - AutoJM Mag","isPartOf":{"@id":"https:\/\/www.autojm.fr\/blog\/#website"},"primaryImageOfPage":{"@id":"https:\/\/www.autojm.fr\/blog\/nouvelle-tete-pour-le-nouveau-c5-aircross\/#primaryimage"},"image":{"@id":"https:\/\/www.autojm.fr\/blog\/nouvelle-tete-pour-le-nouveau-c5-aircross\/#primaryimage"},"thumbnailUrl":"https:\/\/www.autojm.fr\/blog\/wp-content\/uploads\/2022\/10\/666-scaled.jpg","datePublished":"2022-02-21T00:00:00+00:00","dateModified":"2023-04-17T14:32:18+00:00","description":"Apr\u00e8s le petit SUV C3 Aircross pass\u00e9 par la case restylage, c'est au tour du Citro\u00ebn C5 Aircross de se remettre au go\u00fbt du jour.","breadcrumb":{"@id":"https:\/\/www.autojm.fr\/blog\/nouvelle-tete-pour-le-nouveau-c5-aircross\/#breadcrumb"},"inLanguage":"fr-FR","potentialAction":[{"@type":"ReadAction","target":["https:\/\/www.autojm.fr\/blog\/nouvelle-tete-pour-le-nouveau-c5-aircross\/"]}]},{"@type":"ImageObject","inLanguage":"fr-FR","@id":"https:\/\/www.autojm.fr\/blog\/nouvelle-tete-pour-le-nouveau-c5-aircross\/#primaryimage","url":"https:\/\/www.autojm.fr\/blog\/wp-content\/uploads\/2022\/10\/666-scaled.jpg","contentUrl":"https:\/\/www.autojm.fr\/blog\/wp-content\/uploads\/2022\/10\/666-scaled.jpg","width":2560,"height":1160,"caption":"Nouveau C5 Aircross"},{"@type":"BreadcrumbList","@id":"https:\/\/www.autojm.fr\/blog\/nouvelle-tete-pour-le-nouveau-c5-aircross\/#breadcrumb","itemListElement":[{"@type":"ListItem","position":1,"name":"Accueil","item":"https:\/\/www.autojm.fr\/blog\/"},{"@type":"ListItem","position":2,"name":"Nouveaut\u00e9s Autos","item":"https:\/\/www.autojm.fr\/blog\/nouveautes-autos\/"},{"@type":"ListItem","position":3,"name":"Nouvelle t\u00eate pour le nouveau C5 Aircross !"}]},{"@type":"WebSite","@id":"https:\/\/www.autojm.fr\/blog\/#website","url":"https:\/\/www.autojm.fr\/blog\/","name":"AutoJM Mag","description":"Toute l&#039;actu auto en 1 clic !","publisher":{"@id":"https:\/\/www.autojm.fr\/blog\/#organization"},"potentialAction":[{"@type":"SearchAction","target":{"@type":"EntryPoint","urlTemplate":"https:\/\/www.autojm.fr\/blog\/?s={search_term_string}"},"query-input":{"@type":"PropertyValueSpecification","valueRequired":true,"valueName":"search_term_string"}}],"inLanguage":"fr-FR"},{"@type":"Organization","@id":"https:\/\/www.autojm.fr\/blog\/#organization","name":"AutoJM Mag","url":"https:\/\/www.autojm.fr\/blog\/","logo":{"@type":"ImageObject","inLanguage":"fr-FR","@id":"https:\/\/www.autojm.fr\/blog\/#\/schema\/logo\/image\/","url":"https:\/\/www.autojm.fr\/blog\/wp-content\/uploads\/2022\/12\/cropped-AutoJMag-png.png","contentUrl":"https:\/\/www.autojm.fr\/blog\/wp-content\/uploads\/2022\/12\/cropped-AutoJMag-png.png","width":2834,"height":585,"caption":"AutoJM Mag"},"image":{"@id":"https:\/\/www.autojm.fr\/blog\/#\/schema\/logo\/image\/"},"sameAs":["https:\/\/www.facebook.com\/AutoJM25"]},{"@type":"Person","@id":"https:\/\/www.autojm.fr\/blog\/#\/schema\/person\/9742bc77541853e0de81fc57f947e1a0","name":"Autojm","image":{"@type":"ImageObject","inLanguage":"fr-FR","@id":"https:\/\/secure.gravatar.com\/avatar\/9a959d52b758fcc232fe4b6aca7bab139182573297122cce7d6f2ee0e537b418?s=96&d=mm&r=g","url":"https:\/\/secure.gravatar.com\/avatar\/9a959d52b758fcc232fe4b6aca7bab139182573297122cce7d6f2ee0e537b418?s=96&d=mm&r=g","contentUrl":"https:\/\/secure.gravatar.com\/avatar\/9a959d52b758fcc232fe4b6aca7bab139182573297122cce7d6f2ee0e537b418?s=96&d=mm&r=g","caption":"Autojm"},"sameAs":["https:\/\/www.autojm.fr\/blog"],"url":"https:\/\/www.autojm.fr\/blog\/author\/bichoi\/"}]}},"_links":{"self":[{"href":"https:\/\/www.autojm.fr\/blog\/wp-json\/wp\/v2\/posts\/3934","targetHints":{"allow":["GET"]}}],"collection":[{"href":"https:\/\/www.autojm.fr\/blog\/wp-json\/wp\/v2\/posts"}],"about":[{"href":"https:\/\/www.autojm.fr\/blog\/wp-json\/wp\/v2\/types\/post"}],"author":[{"embeddable":true,"href":"https:\/\/www.autojm.fr\/blog\/wp-json\/wp\/v2\/users\/1"}],"replies":[{"embeddable":true,"href":"https:\/\/www.autojm.fr\/blog\/wp-json\/wp\/v2\/comments?post=3934"}],"version-history":[{"count":8,"href":"https:\/\/www.autojm.fr\/blog\/wp-json\/wp\/v2\/posts\/3934\/revisions"}],"predecessor-version":[{"id":9164,"href":"https:\/\/www.autojm.fr\/blog\/wp-json\/wp\/v2\/posts\/3934\/revisions\/9164"}],"wp:featuredmedia":[{"embeddable":true,"href":"https:\/\/www.autojm.fr\/blog\/wp-json\/wp\/v2\/media\/5992"}],"wp:attachment":[{"href":"https:\/\/www.autojm.fr\/blog\/wp-json\/wp\/v2\/media?parent=3934"}],"wp:term":[{"taxonomy":"category","embeddable":true,"href":"https:\/\/www.autojm.fr\/blog\/wp-json\/wp\/v2\/categories?post=3934"},{"taxonomy":"post_tag","embeddable":true,"href":"https:\/\/www.autojm.fr\/blog\/wp-json\/wp\/v2\/tags?post=3934"}],"curies":[{"name":"wp","href":"https:\/\/api.w.org\/{rel}","templated":true}]}}