{"id":3933,"date":"2022-02-11T00:00:00","date_gmt":"2022-02-11T00:00:00","guid":{"rendered":"https:\/\/www.autojm.fr\/blog\/vignettes-critair-tout-ce-quil-faut-savoir\/"},"modified":"2023-04-18T06:40:53","modified_gmt":"2023-04-18T06:40:53","slug":"vignettes-critair-tout-ce-quil-faut-savoir","status":"publish","type":"post","link":"https:\/\/www.autojm.fr\/blog\/vignettes-critair-tout-ce-quil-faut-savoir\/","title":{"rendered":"Vignettes Crit&rsquo;Air : tout ce qu&rsquo;il faut savoir"},"content":{"rendered":"<p><strong>La vignette Crit&rsquo;Air (ou certificat qualit\u00e9 de l&rsquo;air<\/strong>) permet de classer les v\u00e9hicules selon les niveaux de pollution. Pour l&rsquo;attribution de cette vignette, les \u00e9missions polluantes en particules fines et oxydes d&rsquo;azote sont prises en compte. Elle est obligatoire dans les zones \u00e0 faibles \u00e9missions mobilit\u00e9 (ZFE-m) et pendant les \u00e9pisodes de circulation diff\u00e9renci\u00e9e. Il y a 6 niveaux pour la vignette crit&rsquo;air, allant de 0 \u00e0 6, du moins polluant au plus polluant. Petit \u00e0 petit, les r\u00e9glementations visent \u00e0 \u00e9liminer les <strong><a href=\"https:\/\/www.autojm.fr\/recherche?part=blog&amp;utm_source=articleblog110222&amp;utm_medium=blog\">v\u00e9hicules<\/a><\/strong> les plus polluants du trafic automobile en France, et c&rsquo;est sur la base de ces vignettes que les v\u00e9hicules sont condamn\u00e9s. Alors comment l&rsquo;\u00e9tat s&rsquo;y prend-il pour \u00e9carter les v\u00e9hicules polluants et que sait-on des vignettes Crit&rsquo;air ?<\/p>\n<h2>Quelle vignette Crit&rsquo;Air pour quel v\u00e9hicule ?<\/h2>\n<p>La vignette tient compte de l&rsquo;ann\u00e9e de production et du type de carburant du v\u00e9hicule.<\/p>\n<p><strong>&#8211; Niveau 0, vignette verte : voitures 100% \u00e9lectriques et hydrog\u00e8nes<br \/>\n&#8211; Niveau 1, vignette violette : voitures essence \u00e0 partir de 2011, voitures GPL et hybrides rechargeables<br \/>\n&#8211; Niveau 2, vignette jaune : voitures essence entre 2006 et 2010, voitures diesel \u00e0 partir de 2011<br \/>\n&#8211; Niveau 3, vignette orange : voitures essence entre 1997 et 2005, voitures diesel entre 2006 et 2010<br \/>\n&#8211; Niveau 4, vignette bordeaux : voitures diesel entre 2001 et 2005<br \/>\n&#8211; Niveau 5, vignette grise : voitures diesel entre 1997 et 2000<\/strong><\/p>\n<p>Parmi les v\u00e9hicules Non Class\u00e9s (NC), donc trop polluants, on trouve les voitures essence et les voitures diesel d&rsquo;avant 1997.<\/p>\n<h2>Quid des ZFE-m ?<\/h2>\n<h3>Quelles zones sont concern\u00e9es par les r\u00e9glementations Crit&rsquo;Air en 2022 ?<\/h3>\n<p>AutoPlus a dress\u00e9 la liste des lieux et des r\u00e9glementations pour la France. Voici les r\u00e8gles en 2022 :<\/p>\n<p>-ZFE de Paris : tous v\u00e9hicules Crit&rsquo;Air 3, 4, 5, et NC interdits<br \/>\n-ZFE du Grand Paris : tous v\u00e9hicules Crit&rsquo;Air 3, 4, 5, et NC interdits<br \/>\n-ZFE de la M\u00e9tropole de Lyon : Crit&rsquo;Air 4, 5, et NC interdits d\u00e8s l&rsquo;\u00e9t\u00e9 2022<br \/>\n-ZFE de Grenoble-Alpes-M\u00e9tropole : les utilitaires seulement sont concern\u00e9s par une interdiction des vignettes Crit&rsquo;Air 3, 4 et 5<br \/>\n-ZFE d&rsquo;Aix-Marseille-Provence : interdiction des Crit&rsquo;Air 5 pr\u00e9vue pour 2022<br \/>\n-ZFE de Toulouse : utilitaires Crit&rsquo;Air 4 et 5<br \/>\n-ZFE de Rouen-Normandie : utilitaires Crit&rsquo;Air 4, 5 et NC interdits<br \/>\n-ZFE du Grand Reims : Crit&rsquo;Air 5 et NC interdits<br \/>\n-ZFE de Saint-\u00c9tienne : les utilitaires seulement sont concern\u00e9s par une interdiction des vignettes NC<\/p>\n<h3>De moins en moins de voitures autoris\u00e9es \u00e0 rouler&#8230;<\/h3>\n<p>Les ZFE se multiplient sous la contrainte du gouvernement qui se doit d\u00e9sormais de respecter les normes europ\u00e9ennes en mati\u00e8re d&rsquo;\u00e9missions de gaz \u00e0 effet de serre. Lors de la Loi d&rsquo;Orientation des Mobilit\u00e9s (LOM) vot\u00e9e en 2019, on comptait 10 ZFE en France, certaines d\u00e9j\u00e0 existantes et d&rsquo;autres qui devaient le devenir.<\/p>\n<p>La loi Climat et R\u00e9silience, vot\u00e9e en 2021, g\u00e9n\u00e9ralise les ZFE : \u201c <em><strong>au 31 d\u00e9cembre 2024, toutes les agglom\u00e9rations de plus de 150.000 habitants devront avoir mis en place ce qui porte d\u00e9sormais la d\u00e9nomination officielle de \u00ab\u00a0ZFE-m\u00a0\u00bb, pour \u00ab\u00a0Zones \u00e0 faibles \u00e9mission mobilit\u00e9s<\/strong><\/em>\u00a0\u00bb \u201d (source BFMTV.com). Toujours d&rsquo;apr\u00e8s cette loi, au 1er janvier 2025, seuls les v\u00e9hicules porteurs d&rsquo;une vignette Crit&rsquo;Air verte, 1 ou 2 pourront circuler dans les ZFE. Avec l&rsquo;accumulation des zones ZFE et le durcissement des r\u00e9glementations, <strong>3\/4 des v\u00e9hicules seront bannis de la circulation avec les ann\u00e9es \u00e0 venir<\/strong>. C&rsquo;est le moment plus que jamais de changer de voiture. Et en attendant, pour le bien de votre voiture et de la plan\u00e8te, apprenez \u00e0 moins consommer !<\/p>\n<p><iframe loading=\"lazy\" title=\"YouTube video player\" src=\"https:\/\/www.youtube.com\/embed\/jBottklsIjc\" width=\"100%\" height=\"315\" allowfullscreen=\"allowfullscreen\"><\/iframe><\/p>\n<p style=\"margin-top: 1.75em; margin-bottom: 1.75em; font-size: 0.813em; line-height: 1.5em; color: #666666; font-family: Arial, Helvetica, sans-serif;\">\n","protected":false},"excerpt":{"rendered":"<p>La vignette Crit&rsquo;Air (ou certificat qualit\u00e9 de l&rsquo;air) permet de classer les v\u00e9hicules selon les niveaux de pollution. Pour l&rsquo;attribution de cette vignette, les \u00e9missions polluantes en particules fines et oxydes d&rsquo;azote sont prises en compte.<\/p>\n","protected":false},"author":1,"featured_media":5991,"comment_status":"open","ping_status":"open","sticky":false,"template":"","format":"standard","meta":{"_acf_changed":false,"content-type":"","footnotes":""},"categories":[22],"tags":[90,85,74,105,109,106,108,107,73,78,96],"class_list":["post-3933","post","type-post","status-publish","format-standard","has-post-thumbnail","hentry","category-conseils-astuces","tag-autojm","tag-citroen-2","tag-dacia","tag-ds","tag-ford","tag-kia","tag-nissan","tag-opel","tag-peugeot","tag-renault","tag-volkswagen"],"acf":[],"yoast_head":"<!-- This site is optimized with the Yoast SEO plugin v27.5 - https:\/\/yoast.com\/product\/yoast-seo-wordpress\/ -->\n<title>Vignettes Crit&#039;Air : tout ce qu&#039;il faut savoir - AutoJM Mag<\/title>\n<meta name=\"description\" content=\"La vignette Crit&#039;Air (ou certificat qualit\u00e9 de l&#039;air) permet de classer les v\u00e9hicules selon les niveaux de pollution.\" \/>\n<meta name=\"robots\" content=\"index, follow, max-snippet:-1, max-image-preview:large, max-video-preview:-1\" \/>\n<link rel=\"canonical\" href=\"https:\/\/www.autojm.fr\/blog\/vignettes-critair-tout-ce-quil-faut-savoir\/\" \/>\n<meta property=\"og:locale\" content=\"fr_FR\" \/>\n<meta property=\"og:type\" content=\"article\" \/>\n<meta property=\"og:title\" content=\"Vignettes Crit&#039;Air : tout ce qu&#039;il faut savoir - AutoJM Mag\" \/>\n<meta property=\"og:description\" content=\"La vignette Crit&#039;Air (ou certificat qualit\u00e9 de l&#039;air) permet de classer les v\u00e9hicules selon les niveaux de pollution.\" \/>\n<meta property=\"og:url\" content=\"https:\/\/www.autojm.fr\/blog\/vignettes-critair-tout-ce-quil-faut-savoir\/\" \/>\n<meta property=\"og:site_name\" content=\"AutoJM Mag\" \/>\n<meta property=\"article:publisher\" content=\"https:\/\/www.facebook.com\/AutoJM25\" \/>\n<meta property=\"article:published_time\" content=\"2022-02-11T00:00:00+00:00\" \/>\n<meta property=\"article:modified_time\" content=\"2023-04-18T06:40:53+00:00\" \/>\n<meta property=\"og:image\" content=\"https:\/\/www.autojm.fr\/blog\/wp-content\/uploads\/2022\/10\/665.jpg\" \/>\n\t<meta property=\"og:image:width\" content=\"1024\" \/>\n\t<meta property=\"og:image:height\" content=\"465\" \/>\n\t<meta property=\"og:image:type\" content=\"image\/jpeg\" \/>\n<meta name=\"author\" content=\"Autojm\" \/>\n<meta name=\"twitter:card\" content=\"summary_large_image\" \/>\n<meta name=\"twitter:label1\" content=\"\u00c9crit par\" \/>\n\t<meta name=\"twitter:data1\" content=\"Autojm\" \/>\n\t<meta name=\"twitter:label2\" content=\"Dur\u00e9e de lecture estim\u00e9e\" \/>\n\t<meta name=\"twitter:data2\" content=\"3 minutes\" \/>\n<script type=\"application\/ld+json\" class=\"yoast-schema-graph\">{\"@context\":\"https:\\\/\\\/schema.org\",\"@graph\":[{\"@type\":\"Article\",\"@id\":\"https:\\\/\\\/www.autojm.fr\\\/blog\\\/vignettes-critair-tout-ce-quil-faut-savoir\\\/#article\",\"isPartOf\":{\"@id\":\"https:\\\/\\\/www.autojm.fr\\\/blog\\\/vignettes-critair-tout-ce-quil-faut-savoir\\\/\"},\"author\":{\"name\":\"Autojm\",\"@id\":\"https:\\\/\\\/www.autojm.fr\\\/blog\\\/#\\\/schema\\\/person\\\/9742bc77541853e0de81fc57f947e1a0\"},\"headline\":\"Vignettes Crit&rsquo;Air : tout ce qu&rsquo;il faut savoir\",\"datePublished\":\"2022-02-11T00:00:00+00:00\",\"dateModified\":\"2023-04-18T06:40:53+00:00\",\"mainEntityOfPage\":{\"@id\":\"https:\\\/\\\/www.autojm.fr\\\/blog\\\/vignettes-critair-tout-ce-quil-faut-savoir\\\/\"},\"wordCount\":559,\"commentCount\":0,\"publisher\":{\"@id\":\"https:\\\/\\\/www.autojm.fr\\\/blog\\\/#organization\"},\"image\":{\"@id\":\"https:\\\/\\\/www.autojm.fr\\\/blog\\\/vignettes-critair-tout-ce-quil-faut-savoir\\\/#primaryimage\"},\"thumbnailUrl\":\"https:\\\/\\\/www.autojm.fr\\\/blog\\\/wp-content\\\/uploads\\\/2022\\\/10\\\/665.jpg\",\"keywords\":[\"autojm\",\"Citro\u00ebn\",\"dacia\",\"DS\",\"Ford\",\"Kia\",\"Nissan\",\"Opel\",\"peugeot\",\"renault\",\"Volkswagen\"],\"articleSection\":[\"Conseils &amp; Astuces\"],\"inLanguage\":\"fr-FR\",\"potentialAction\":[{\"@type\":\"CommentAction\",\"name\":\"Comment\",\"target\":[\"https:\\\/\\\/www.autojm.fr\\\/blog\\\/vignettes-critair-tout-ce-quil-faut-savoir\\\/#respond\"]}]},{\"@type\":\"WebPage\",\"@id\":\"https:\\\/\\\/www.autojm.fr\\\/blog\\\/vignettes-critair-tout-ce-quil-faut-savoir\\\/\",\"url\":\"https:\\\/\\\/www.autojm.fr\\\/blog\\\/vignettes-critair-tout-ce-quil-faut-savoir\\\/\",\"name\":\"Vignettes Crit'Air : tout ce qu'il faut savoir - AutoJM Mag\",\"isPartOf\":{\"@id\":\"https:\\\/\\\/www.autojm.fr\\\/blog\\\/#website\"},\"primaryImageOfPage\":{\"@id\":\"https:\\\/\\\/www.autojm.fr\\\/blog\\\/vignettes-critair-tout-ce-quil-faut-savoir\\\/#primaryimage\"},\"image\":{\"@id\":\"https:\\\/\\\/www.autojm.fr\\\/blog\\\/vignettes-critair-tout-ce-quil-faut-savoir\\\/#primaryimage\"},\"thumbnailUrl\":\"https:\\\/\\\/www.autojm.fr\\\/blog\\\/wp-content\\\/uploads\\\/2022\\\/10\\\/665.jpg\",\"datePublished\":\"2022-02-11T00:00:00+00:00\",\"dateModified\":\"2023-04-18T06:40:53+00:00\",\"description\":\"La vignette Crit'Air (ou certificat qualit\u00e9 de l'air) permet de classer les v\u00e9hicules selon les niveaux de pollution.\",\"breadcrumb\":{\"@id\":\"https:\\\/\\\/www.autojm.fr\\\/blog\\\/vignettes-critair-tout-ce-quil-faut-savoir\\\/#breadcrumb\"},\"inLanguage\":\"fr-FR\",\"potentialAction\":[{\"@type\":\"ReadAction\",\"target\":[\"https:\\\/\\\/www.autojm.fr\\\/blog\\\/vignettes-critair-tout-ce-quil-faut-savoir\\\/\"]}]},{\"@type\":\"ImageObject\",\"inLanguage\":\"fr-FR\",\"@id\":\"https:\\\/\\\/www.autojm.fr\\\/blog\\\/vignettes-critair-tout-ce-quil-faut-savoir\\\/#primaryimage\",\"url\":\"https:\\\/\\\/www.autojm.fr\\\/blog\\\/wp-content\\\/uploads\\\/2022\\\/10\\\/665.jpg\",\"contentUrl\":\"https:\\\/\\\/www.autojm.fr\\\/blog\\\/wp-content\\\/uploads\\\/2022\\\/10\\\/665.jpg\",\"width\":1024,\"height\":465,\"caption\":\"Vignettes Crit'Air\"},{\"@type\":\"BreadcrumbList\",\"@id\":\"https:\\\/\\\/www.autojm.fr\\\/blog\\\/vignettes-critair-tout-ce-quil-faut-savoir\\\/#breadcrumb\",\"itemListElement\":[{\"@type\":\"ListItem\",\"position\":1,\"name\":\"Accueil\",\"item\":\"https:\\\/\\\/www.autojm.fr\\\/blog\\\/\"},{\"@type\":\"ListItem\",\"position\":2,\"name\":\"Conseils &amp; Astuces\",\"item\":\"https:\\\/\\\/www.autojm.fr\\\/blog\\\/conseils-astuces\\\/\"},{\"@type\":\"ListItem\",\"position\":3,\"name\":\"Vignettes Crit&rsquo;Air : tout ce qu&rsquo;il faut savoir\"}]},{\"@type\":\"WebSite\",\"@id\":\"https:\\\/\\\/www.autojm.fr\\\/blog\\\/#website\",\"url\":\"https:\\\/\\\/www.autojm.fr\\\/blog\\\/\",\"name\":\"AutoJM Mag\",\"description\":\"Toute l&#039;actu auto en 1 clic !\",\"publisher\":{\"@id\":\"https:\\\/\\\/www.autojm.fr\\\/blog\\\/#organization\"},\"potentialAction\":[{\"@type\":\"SearchAction\",\"target\":{\"@type\":\"EntryPoint\",\"urlTemplate\":\"https:\\\/\\\/www.autojm.fr\\\/blog\\\/?s={search_term_string}\"},\"query-input\":{\"@type\":\"PropertyValueSpecification\",\"valueRequired\":true,\"valueName\":\"search_term_string\"}}],\"inLanguage\":\"fr-FR\"},{\"@type\":\"Organization\",\"@id\":\"https:\\\/\\\/www.autojm.fr\\\/blog\\\/#organization\",\"name\":\"AutoJM Mag\",\"url\":\"https:\\\/\\\/www.autojm.fr\\\/blog\\\/\",\"logo\":{\"@type\":\"ImageObject\",\"inLanguage\":\"fr-FR\",\"@id\":\"https:\\\/\\\/www.autojm.fr\\\/blog\\\/#\\\/schema\\\/logo\\\/image\\\/\",\"url\":\"https:\\\/\\\/www.autojm.fr\\\/blog\\\/wp-content\\\/uploads\\\/2022\\\/12\\\/cropped-AutoJMag-png.png\",\"contentUrl\":\"https:\\\/\\\/www.autojm.fr\\\/blog\\\/wp-content\\\/uploads\\\/2022\\\/12\\\/cropped-AutoJMag-png.png\",\"width\":2834,\"height\":585,\"caption\":\"AutoJM Mag\"},\"image\":{\"@id\":\"https:\\\/\\\/www.autojm.fr\\\/blog\\\/#\\\/schema\\\/logo\\\/image\\\/\"},\"sameAs\":[\"https:\\\/\\\/www.facebook.com\\\/AutoJM25\"]},{\"@type\":\"Person\",\"@id\":\"https:\\\/\\\/www.autojm.fr\\\/blog\\\/#\\\/schema\\\/person\\\/9742bc77541853e0de81fc57f947e1a0\",\"name\":\"Autojm\",\"image\":{\"@type\":\"ImageObject\",\"inLanguage\":\"fr-FR\",\"@id\":\"https:\\\/\\\/secure.gravatar.com\\\/avatar\\\/9a959d52b758fcc232fe4b6aca7bab139182573297122cce7d6f2ee0e537b418?s=96&d=mm&r=g\",\"url\":\"https:\\\/\\\/secure.gravatar.com\\\/avatar\\\/9a959d52b758fcc232fe4b6aca7bab139182573297122cce7d6f2ee0e537b418?s=96&d=mm&r=g\",\"contentUrl\":\"https:\\\/\\\/secure.gravatar.com\\\/avatar\\\/9a959d52b758fcc232fe4b6aca7bab139182573297122cce7d6f2ee0e537b418?s=96&d=mm&r=g\",\"caption\":\"Autojm\"},\"sameAs\":[\"https:\\\/\\\/www.autojm.fr\\\/blog\"],\"url\":\"https:\\\/\\\/www.autojm.fr\\\/blog\\\/author\\\/bichoi\\\/\"}]}<\/script>\n<!-- \/ Yoast SEO plugin. -->","yoast_head_json":{"title":"Vignettes Crit'Air : tout ce qu'il faut savoir - AutoJM Mag","description":"La vignette Crit'Air (ou certificat qualit\u00e9 de l'air) permet de classer les v\u00e9hicules selon les niveaux de pollution.","robots":{"index":"index","follow":"follow","max-snippet":"max-snippet:-1","max-image-preview":"max-image-preview:large","max-video-preview":"max-video-preview:-1"},"canonical":"https:\/\/www.autojm.fr\/blog\/vignettes-critair-tout-ce-quil-faut-savoir\/","og_locale":"fr_FR","og_type":"article","og_title":"Vignettes Crit'Air : tout ce qu'il faut savoir - AutoJM Mag","og_description":"La vignette Crit'Air (ou certificat qualit\u00e9 de l'air) permet de classer les v\u00e9hicules selon les niveaux de pollution.","og_url":"https:\/\/www.autojm.fr\/blog\/vignettes-critair-tout-ce-quil-faut-savoir\/","og_site_name":"AutoJM Mag","article_publisher":"https:\/\/www.facebook.com\/AutoJM25","article_published_time":"2022-02-11T00:00:00+00:00","article_modified_time":"2023-04-18T06:40:53+00:00","og_image":[{"width":1024,"height":465,"url":"https:\/\/www.autojm.fr\/blog\/wp-content\/uploads\/2022\/10\/665.jpg","type":"image\/jpeg"}],"author":"Autojm","twitter_card":"summary_large_image","twitter_misc":{"\u00c9crit par":"Autojm","Dur\u00e9e de lecture estim\u00e9e":"3 minutes"},"schema":{"@context":"https:\/\/schema.org","@graph":[{"@type":"Article","@id":"https:\/\/www.autojm.fr\/blog\/vignettes-critair-tout-ce-quil-faut-savoir\/#article","isPartOf":{"@id":"https:\/\/www.autojm.fr\/blog\/vignettes-critair-tout-ce-quil-faut-savoir\/"},"author":{"name":"Autojm","@id":"https:\/\/www.autojm.fr\/blog\/#\/schema\/person\/9742bc77541853e0de81fc57f947e1a0"},"headline":"Vignettes Crit&rsquo;Air : tout ce qu&rsquo;il faut savoir","datePublished":"2022-02-11T00:00:00+00:00","dateModified":"2023-04-18T06:40:53+00:00","mainEntityOfPage":{"@id":"https:\/\/www.autojm.fr\/blog\/vignettes-critair-tout-ce-quil-faut-savoir\/"},"wordCount":559,"commentCount":0,"publisher":{"@id":"https:\/\/www.autojm.fr\/blog\/#organization"},"image":{"@id":"https:\/\/www.autojm.fr\/blog\/vignettes-critair-tout-ce-quil-faut-savoir\/#primaryimage"},"thumbnailUrl":"https:\/\/www.autojm.fr\/blog\/wp-content\/uploads\/2022\/10\/665.jpg","keywords":["autojm","Citro\u00ebn","dacia","DS","Ford","Kia","Nissan","Opel","peugeot","renault","Volkswagen"],"articleSection":["Conseils &amp; Astuces"],"inLanguage":"fr-FR","potentialAction":[{"@type":"CommentAction","name":"Comment","target":["https:\/\/www.autojm.fr\/blog\/vignettes-critair-tout-ce-quil-faut-savoir\/#respond"]}]},{"@type":"WebPage","@id":"https:\/\/www.autojm.fr\/blog\/vignettes-critair-tout-ce-quil-faut-savoir\/","url":"https:\/\/www.autojm.fr\/blog\/vignettes-critair-tout-ce-quil-faut-savoir\/","name":"Vignettes Crit'Air : tout ce qu'il faut savoir - AutoJM Mag","isPartOf":{"@id":"https:\/\/www.autojm.fr\/blog\/#website"},"primaryImageOfPage":{"@id":"https:\/\/www.autojm.fr\/blog\/vignettes-critair-tout-ce-quil-faut-savoir\/#primaryimage"},"image":{"@id":"https:\/\/www.autojm.fr\/blog\/vignettes-critair-tout-ce-quil-faut-savoir\/#primaryimage"},"thumbnailUrl":"https:\/\/www.autojm.fr\/blog\/wp-content\/uploads\/2022\/10\/665.jpg","datePublished":"2022-02-11T00:00:00+00:00","dateModified":"2023-04-18T06:40:53+00:00","description":"La vignette Crit'Air (ou certificat qualit\u00e9 de l'air) permet de classer les v\u00e9hicules selon les niveaux de pollution.","breadcrumb":{"@id":"https:\/\/www.autojm.fr\/blog\/vignettes-critair-tout-ce-quil-faut-savoir\/#breadcrumb"},"inLanguage":"fr-FR","potentialAction":[{"@type":"ReadAction","target":["https:\/\/www.autojm.fr\/blog\/vignettes-critair-tout-ce-quil-faut-savoir\/"]}]},{"@type":"ImageObject","inLanguage":"fr-FR","@id":"https:\/\/www.autojm.fr\/blog\/vignettes-critair-tout-ce-quil-faut-savoir\/#primaryimage","url":"https:\/\/www.autojm.fr\/blog\/wp-content\/uploads\/2022\/10\/665.jpg","contentUrl":"https:\/\/www.autojm.fr\/blog\/wp-content\/uploads\/2022\/10\/665.jpg","width":1024,"height":465,"caption":"Vignettes Crit'Air"},{"@type":"BreadcrumbList","@id":"https:\/\/www.autojm.fr\/blog\/vignettes-critair-tout-ce-quil-faut-savoir\/#breadcrumb","itemListElement":[{"@type":"ListItem","position":1,"name":"Accueil","item":"https:\/\/www.autojm.fr\/blog\/"},{"@type":"ListItem","position":2,"name":"Conseils &amp; Astuces","item":"https:\/\/www.autojm.fr\/blog\/conseils-astuces\/"},{"@type":"ListItem","position":3,"name":"Vignettes Crit&rsquo;Air : tout ce qu&rsquo;il faut savoir"}]},{"@type":"WebSite","@id":"https:\/\/www.autojm.fr\/blog\/#website","url":"https:\/\/www.autojm.fr\/blog\/","name":"AutoJM Mag","description":"Toute l&#039;actu auto en 1 clic !","publisher":{"@id":"https:\/\/www.autojm.fr\/blog\/#organization"},"potentialAction":[{"@type":"SearchAction","target":{"@type":"EntryPoint","urlTemplate":"https:\/\/www.autojm.fr\/blog\/?s={search_term_string}"},"query-input":{"@type":"PropertyValueSpecification","valueRequired":true,"valueName":"search_term_string"}}],"inLanguage":"fr-FR"},{"@type":"Organization","@id":"https:\/\/www.autojm.fr\/blog\/#organization","name":"AutoJM Mag","url":"https:\/\/www.autojm.fr\/blog\/","logo":{"@type":"ImageObject","inLanguage":"fr-FR","@id":"https:\/\/www.autojm.fr\/blog\/#\/schema\/logo\/image\/","url":"https:\/\/www.autojm.fr\/blog\/wp-content\/uploads\/2022\/12\/cropped-AutoJMag-png.png","contentUrl":"https:\/\/www.autojm.fr\/blog\/wp-content\/uploads\/2022\/12\/cropped-AutoJMag-png.png","width":2834,"height":585,"caption":"AutoJM Mag"},"image":{"@id":"https:\/\/www.autojm.fr\/blog\/#\/schema\/logo\/image\/"},"sameAs":["https:\/\/www.facebook.com\/AutoJM25"]},{"@type":"Person","@id":"https:\/\/www.autojm.fr\/blog\/#\/schema\/person\/9742bc77541853e0de81fc57f947e1a0","name":"Autojm","image":{"@type":"ImageObject","inLanguage":"fr-FR","@id":"https:\/\/secure.gravatar.com\/avatar\/9a959d52b758fcc232fe4b6aca7bab139182573297122cce7d6f2ee0e537b418?s=96&d=mm&r=g","url":"https:\/\/secure.gravatar.com\/avatar\/9a959d52b758fcc232fe4b6aca7bab139182573297122cce7d6f2ee0e537b418?s=96&d=mm&r=g","contentUrl":"https:\/\/secure.gravatar.com\/avatar\/9a959d52b758fcc232fe4b6aca7bab139182573297122cce7d6f2ee0e537b418?s=96&d=mm&r=g","caption":"Autojm"},"sameAs":["https:\/\/www.autojm.fr\/blog"],"url":"https:\/\/www.autojm.fr\/blog\/author\/bichoi\/"}]}},"_links":{"self":[{"href":"https:\/\/www.autojm.fr\/blog\/wp-json\/wp\/v2\/posts\/3933","targetHints":{"allow":["GET"]}}],"collection":[{"href":"https:\/\/www.autojm.fr\/blog\/wp-json\/wp\/v2\/posts"}],"about":[{"href":"https:\/\/www.autojm.fr\/blog\/wp-json\/wp\/v2\/types\/post"}],"author":[{"embeddable":true,"href":"https:\/\/www.autojm.fr\/blog\/wp-json\/wp\/v2\/users\/1"}],"replies":[{"embeddable":true,"href":"https:\/\/www.autojm.fr\/blog\/wp-json\/wp\/v2\/comments?post=3933"}],"version-history":[{"count":7,"href":"https:\/\/www.autojm.fr\/blog\/wp-json\/wp\/v2\/posts\/3933\/revisions"}],"predecessor-version":[{"id":9200,"href":"https:\/\/www.autojm.fr\/blog\/wp-json\/wp\/v2\/posts\/3933\/revisions\/9200"}],"wp:featuredmedia":[{"embeddable":true,"href":"https:\/\/www.autojm.fr\/blog\/wp-json\/wp\/v2\/media\/5991"}],"wp:attachment":[{"href":"https:\/\/www.autojm.fr\/blog\/wp-json\/wp\/v2\/media?parent=3933"}],"wp:term":[{"taxonomy":"category","embeddable":true,"href":"https:\/\/www.autojm.fr\/blog\/wp-json\/wp\/v2\/categories?post=3933"},{"taxonomy":"post_tag","embeddable":true,"href":"https:\/\/www.autojm.fr\/blog\/wp-json\/wp\/v2\/tags?post=3933"}],"curies":[{"name":"wp","href":"https:\/\/api.w.org\/{rel}","templated":true}]}}