{"id":3932,"date":"2022-02-02T00:00:00","date_gmt":"2022-02-02T00:00:00","guid":{"rendered":"https:\/\/www.autojm.fr\/blog\/marche-auto-francais-2021-larrivee-de-tesla-parmi-les-meilleurs\/"},"modified":"2022-12-13T09:16:58","modified_gmt":"2022-12-13T09:16:58","slug":"marche-auto-francais-2021-larrivee-de-tesla-parmi-les-meilleurs","status":"publish","type":"post","link":"https:\/\/www.autojm.fr\/blog\/marche-auto-francais-2021-larrivee-de-tesla-parmi-les-meilleurs\/","title":{"rendered":"March\u00e9 auto fran\u00e7ais 2021 : l&rsquo;arriv\u00e9e de Tesla parmi les meilleurs"},"content":{"rendered":"<p>L&rsquo;ann\u00e9e 2021 devait \u00eatre synonyme de reprise pour le <strong>march\u00e9 automobile<\/strong>. Apr\u00e8s les fermetures d&rsquo;usines et l&rsquo;activit\u00e9 fortement ralentie en 2020 par la crise sanitaire, les constructeurs automobiles ont tout mis\u00e9 sur l&rsquo;ann\u00e9e 2021 en programmant les nouveaut\u00e9s auto les plus remarquables : <strong>Opel Mokka, Hyundai Tucson, Peugeot 308<\/strong>\u2026 Autant de mod\u00e8les qui ont marqu\u00e9 les esprits. Certes, mais c&rsquo;\u00e9tait sans compter sur une nouvelle crise, celle de la p\u00e9nurie des semi-conducteurs. Ces petites pi\u00e8ces \u00e9lectroniques sont indispensables \u00e0 la production des v\u00e9hicules, les usines ont donc \u00e9t\u00e9 une nouvelle fois touch\u00e9es, avec une production ralentie et des emplois menac\u00e9s. Avec des d\u00e9lais de livraison presque doubl\u00e9s, les automobilistes sont nombreux \u00e0 s&rsquo;\u00eatre r\u00e9tract\u00e9s pour leur achat auto. Cela s&rsquo;en ressent dans les chiffres de cette ann\u00e9e 2021.<\/p>\n<h2>0,5% de plus qu&rsquo;en 2020, 25% de moins qu&rsquo;en 2019<\/h2>\n<p>Alors qu&rsquo;on devait observer une remont\u00e9e pour cette ann\u00e9e 2021, les ventes n&rsquo;auront que peu augment\u00e9 : +0,5% par rapport \u00e0 2020, soit 8886 v\u00e9hicules de plus. On enregistre 1,66 million de v\u00e9hicules \u00e9coul\u00e9s pour 2021, un niveau qui n&rsquo;avait pas \u00e9t\u00e9 atteint depuis 1975. Les d\u00e9lais de livraison ayant fortement augment\u00e9, les automobilistes se sont redirig\u00e9s vers les v\u00e9hicules d&rsquo;occasion. Le<strong> <a href=\"https:\/\/www.autojm.fr\/mandataire-voitures-occasion?part=blog&amp;utm_source=articleblog020222&amp;utm_medium=blog\">march\u00e9 de l&rsquo;occasion<\/a><\/strong> a donc d\u00e9coll\u00e9, avec 8% de transactions en plus par rapport \u00e0 2020, et 3,9% de plus qu&rsquo;en 2019, une ann\u00e9e o\u00f9 les transactions des v\u00e9hicules d&rsquo;occasion avaient d\u00e9j\u00e0 battu des records.<\/p>\n<h2>Les fran\u00e7ais passent \u00e0 la voiture \u00e9lectrique, au d\u00e9triment du diesel<\/h2>\n<p>En 2021, la part de march\u00e9 des voitures diesel est pass\u00e9e \u00e0 21,1%, soit 30,7% de moins qu&rsquo;en 2020. Les voitures essence conservent une plus grande part de march\u00e9, \u00e0 40,2%, mais en baisse de 13,8% par rapport \u00e0 2020. Pas \u00e9tonnant que l&rsquo;on observe une mont\u00e9e en puissance des <strong>voitures hybrides et \u00e9lectriques<\/strong>. Les <strong>v\u00e9hicules hybrides rechargeables<\/strong> ont r\u00e9alis\u00e9 la plus belle croissance, avec +89% d&rsquo;immatriculations, mais leur part de march\u00e9 est de 8,5%. <strong><a href=\"https:\/\/www.autojm.fr\/recherche?energies%5B%5D=Electrique&amp;part=blog&amp;utm_source=articleblog020222&amp;utm_medium=blog\">Les voitures \u00e9lectriques<\/a><\/strong> repr\u00e9sentent pr\u00e8s de 10% du march\u00e9. Ce sont les <strong>voitures hybrides classiques<\/strong> qui sont les plus pl\u00e9biscit\u00e9es du c\u00f4t\u00e9 des mod\u00e8les propres, avec une part de march\u00e9 de 17,3%.<\/p>\n<h2>Top 10 des voitures les plus vendues en 2021<\/h2>\n<p><iframe loading=\"lazy\" title=\"YouTube video player\" src=\"https:\/\/www.youtube.com\/embed\/ozx3MUDk1_c\" width=\"100%\" height=\"315\" allowfullscreen=\"allowfullscreen\"><\/iframe><\/p>\n<p><strong>&#8211; <a href=\"https:\/\/www.autojm.fr\/achat-voitures-neuves-peugeot-208-2019-5p?part=blog&amp;utm_source=articleblog020222&amp;utm_medium=blog\">Peugeot 208<\/a><br \/>\n&#8211; <a href=\"https:\/\/www.autojm.fr\/achat-voitures-neuves-renault-clio-5-5p?part=blog&amp;utm_source=articleblog020222&amp;utm_medium=blog\">Renault Clio<\/a><br \/>\n&#8211; Dacia Sandero<br \/>\n&#8211; Peugeot 2008<br \/>\n&#8211; Citro\u00ebn C3<br \/>\n&#8211; Renault Captur<br \/>\n&#8211; Peugeot 3008<br \/>\n&#8211; T<\/strong><strong>oyota Yaris<br \/>\n&#8211; Dacia Duster<br \/>\n&#8211; Renault Twingo<\/strong><\/p>\n<p>Malgr\u00e9 un joli score de la citadine Peugeot, ses ventes sont en baisse de 8,1% par rapport \u00e0 l&rsquo;ann\u00e9e 2020. De m\u00eame pour la Renault Clio dont les ventes ont diminu\u00e9 de 11%. Dans la suite du classement on d\u00e9couvre, \u00e0 la 14\u00e8me place, la Tesla Model 3 qui y fait son entr\u00e9e et a enregistr\u00e9, en 2021, 284,6% de ventes de plus par rapport \u00e0 2020. C&rsquo;est la voiture \u00e9lectrique la plus vendue en France en 2021 avec 24 911 exemplaires \u00e9coul\u00e9s.<\/p>\n<h2>Top 10 des marques les plus vendues<\/h2>\n<ul>\n<li><strong>Peugeot<\/strong><\/li>\n<li><strong>Renault<\/strong><\/li>\n<li><strong>Citro\u00ebn<\/strong><\/li>\n<li><strong>Dacia<\/strong><\/li>\n<li><strong>Mercedes-Benz<\/strong><\/li>\n<li><strong>Hyundai<\/strong><\/li>\n<li><strong>Ford<\/strong><\/li>\n<li><strong>Fiat<\/strong><\/li>\n<li><strong>Opel<\/strong><\/li>\n<li><strong>Tesla<\/strong><\/li>\n<\/ul>\n<p>C&rsquo;est le constructeur Peugeot qui s&rsquo;affiche en t\u00eate du classement des ventes, avec 285 929 exemplaires, suivi par Renault, avec 268 951 exemplaires et Citro\u00ebn, avec 161 883 exemplaires. Le constructeur Allemand Mercedes vient prendre la 5\u00e8me place, suivi par la marque Cor\u00e9enne Hyundai qui a gagn\u00e9 en popularit\u00e9 avec le nouveau Tucson.<\/p>\n<p><iframe loading=\"lazy\" title=\"YouTube video player\" src=\"https:\/\/www.youtube.com\/embed\/xUxCcs4EEkw\" width=\"100%\" height=\"315\" allowfullscreen=\"allowfullscreen\"><\/iframe><\/p>\n<p style=\"margin-top: 1.75em; margin-bottom: 1.75em; font-size: 0.813em; line-height: 1.5em; color: #666666; font-family: Arial, Helvetica, sans-serif;\"><br style=\"font-size: 13.008px;\" \/><span style=\"font-variant-numeric: normal; font-variant-east-asian: normal; background-color: transparent; text-align: justify; color: #000000; font-family: Arial; font-size: 14.66px; vertical-align: baseline; white-space: pre-wrap;\"><\/span><\/span><\/p>\n","protected":false},"excerpt":{"rendered":"<p>L&rsquo;ann\u00e9e 2021 devait \u00eatre synonyme de reprise pour le march\u00e9 automobile. Apr\u00e8s les fermetures d&rsquo;usines et l&rsquo;activit\u00e9 fortement ralentie en 2020 par la crise sanitaire, les constructeurs automobiles ont tout mis\u00e9 sur l&rsquo;ann\u00e9e 2021 en programmant les nouveaut\u00e9s auto les plus remarquables : Opel Mokka, Hyundai Tucson, Peugeot 308\u2026<\/p>\n","protected":false},"author":1,"featured_media":5990,"comment_status":"open","ping_status":"open","sticky":false,"template":"","format":"standard","meta":{"_acf_changed":false,"content-type":"","footnotes":""},"categories":[5],"tags":[90,79,74,105,108,107,73,78,96],"class_list":["post-3932","post","type-post","status-publish","format-standard","has-post-thumbnail","hentry","category-actualite-automobile","tag-autojm","tag-citroen","tag-dacia","tag-ds","tag-nissan","tag-opel","tag-peugeot","tag-renault","tag-volkswagen"],"acf":[],"yoast_head":"<!-- This site is optimized with the Yoast SEO plugin v27.5 - https:\/\/yoast.com\/product\/yoast-seo-wordpress\/ -->\n<title>March\u00e9 auto fran\u00e7ais 2021 : l&#039;arriv\u00e9e de Tesla parmi les meilleurs<\/title>\n<meta name=\"description\" content=\"L&#039;ann\u00e9e 2021 devait \u00eatre synonyme de reprise pour le march\u00e9 automobile. Apr\u00e8s les fermetures d&#039;usines et l&#039;activit\u00e9 fortement ralentie...\" \/>\n<meta name=\"robots\" content=\"index, follow, max-snippet:-1, max-image-preview:large, max-video-preview:-1\" \/>\n<link rel=\"canonical\" href=\"https:\/\/www.autojm.fr\/blog\/marche-auto-francais-2021-larrivee-de-tesla-parmi-les-meilleurs\/\" \/>\n<meta property=\"og:locale\" content=\"fr_FR\" \/>\n<meta property=\"og:type\" content=\"article\" \/>\n<meta property=\"og:title\" content=\"March\u00e9 auto fran\u00e7ais 2021 : l&#039;arriv\u00e9e de Tesla parmi les meilleurs\" \/>\n<meta property=\"og:description\" content=\"L&#039;ann\u00e9e 2021 devait \u00eatre synonyme de reprise pour le march\u00e9 automobile. Apr\u00e8s les fermetures d&#039;usines et l&#039;activit\u00e9 fortement ralentie...\" \/>\n<meta property=\"og:url\" content=\"https:\/\/www.autojm.fr\/blog\/marche-auto-francais-2021-larrivee-de-tesla-parmi-les-meilleurs\/\" \/>\n<meta property=\"og:site_name\" content=\"AutoJM Mag\" \/>\n<meta property=\"article:publisher\" content=\"https:\/\/www.facebook.com\/AutoJM25\" \/>\n<meta property=\"article:published_time\" content=\"2022-02-02T00:00:00+00:00\" \/>\n<meta property=\"article:modified_time\" content=\"2022-12-13T09:16:58+00:00\" \/>\n<meta property=\"og:image\" content=\"https:\/\/www.autojm.fr\/blog\/wp-content\/uploads\/2022\/10\/664.jpg\" \/>\n\t<meta property=\"og:image:width\" content=\"1024\" \/>\n\t<meta property=\"og:image:height\" content=\"465\" \/>\n\t<meta property=\"og:image:type\" content=\"image\/jpeg\" \/>\n<meta name=\"author\" content=\"Autojm\" \/>\n<meta name=\"twitter:card\" content=\"summary_large_image\" \/>\n<meta name=\"twitter:label1\" content=\"\u00c9crit par\" \/>\n\t<meta name=\"twitter:data1\" content=\"Autojm\" \/>\n\t<meta name=\"twitter:label2\" content=\"Dur\u00e9e de lecture estim\u00e9e\" \/>\n\t<meta name=\"twitter:data2\" content=\"4 minutes\" \/>\n<script type=\"application\/ld+json\" class=\"yoast-schema-graph\">{\"@context\":\"https:\\\/\\\/schema.org\",\"@graph\":[{\"@type\":\"Article\",\"@id\":\"https:\\\/\\\/www.autojm.fr\\\/blog\\\/marche-auto-francais-2021-larrivee-de-tesla-parmi-les-meilleurs\\\/#article\",\"isPartOf\":{\"@id\":\"https:\\\/\\\/www.autojm.fr\\\/blog\\\/marche-auto-francais-2021-larrivee-de-tesla-parmi-les-meilleurs\\\/\"},\"author\":{\"name\":\"Autojm\",\"@id\":\"https:\\\/\\\/www.autojm.fr\\\/blog\\\/#\\\/schema\\\/person\\\/9742bc77541853e0de81fc57f947e1a0\"},\"headline\":\"March\u00e9 auto fran\u00e7ais 2021 : l&rsquo;arriv\u00e9e de Tesla parmi les meilleurs\",\"datePublished\":\"2022-02-02T00:00:00+00:00\",\"dateModified\":\"2022-12-13T09:16:58+00:00\",\"mainEntityOfPage\":{\"@id\":\"https:\\\/\\\/www.autojm.fr\\\/blog\\\/marche-auto-francais-2021-larrivee-de-tesla-parmi-les-meilleurs\\\/\"},\"wordCount\":542,\"commentCount\":0,\"publisher\":{\"@id\":\"https:\\\/\\\/www.autojm.fr\\\/blog\\\/#organization\"},\"image\":{\"@id\":\"https:\\\/\\\/www.autojm.fr\\\/blog\\\/marche-auto-francais-2021-larrivee-de-tesla-parmi-les-meilleurs\\\/#primaryimage\"},\"thumbnailUrl\":\"https:\\\/\\\/www.autojm.fr\\\/blog\\\/wp-content\\\/uploads\\\/2022\\\/10\\\/664.jpg\",\"keywords\":[\"autojm\",\"citroen\",\"dacia\",\"DS\",\"Nissan\",\"Opel\",\"peugeot\",\"renault\",\"Volkswagen\"],\"articleSection\":[\"Actualit\u00e9 Automobile\"],\"inLanguage\":\"fr-FR\",\"potentialAction\":[{\"@type\":\"CommentAction\",\"name\":\"Comment\",\"target\":[\"https:\\\/\\\/www.autojm.fr\\\/blog\\\/marche-auto-francais-2021-larrivee-de-tesla-parmi-les-meilleurs\\\/#respond\"]}]},{\"@type\":\"WebPage\",\"@id\":\"https:\\\/\\\/www.autojm.fr\\\/blog\\\/marche-auto-francais-2021-larrivee-de-tesla-parmi-les-meilleurs\\\/\",\"url\":\"https:\\\/\\\/www.autojm.fr\\\/blog\\\/marche-auto-francais-2021-larrivee-de-tesla-parmi-les-meilleurs\\\/\",\"name\":\"March\u00e9 auto fran\u00e7ais 2021 : l'arriv\u00e9e de Tesla parmi les meilleurs\",\"isPartOf\":{\"@id\":\"https:\\\/\\\/www.autojm.fr\\\/blog\\\/#website\"},\"primaryImageOfPage\":{\"@id\":\"https:\\\/\\\/www.autojm.fr\\\/blog\\\/marche-auto-francais-2021-larrivee-de-tesla-parmi-les-meilleurs\\\/#primaryimage\"},\"image\":{\"@id\":\"https:\\\/\\\/www.autojm.fr\\\/blog\\\/marche-auto-francais-2021-larrivee-de-tesla-parmi-les-meilleurs\\\/#primaryimage\"},\"thumbnailUrl\":\"https:\\\/\\\/www.autojm.fr\\\/blog\\\/wp-content\\\/uploads\\\/2022\\\/10\\\/664.jpg\",\"datePublished\":\"2022-02-02T00:00:00+00:00\",\"dateModified\":\"2022-12-13T09:16:58+00:00\",\"description\":\"L'ann\u00e9e 2021 devait \u00eatre synonyme de reprise pour le march\u00e9 automobile. Apr\u00e8s les fermetures d'usines et l'activit\u00e9 fortement ralentie...\",\"breadcrumb\":{\"@id\":\"https:\\\/\\\/www.autojm.fr\\\/blog\\\/marche-auto-francais-2021-larrivee-de-tesla-parmi-les-meilleurs\\\/#breadcrumb\"},\"inLanguage\":\"fr-FR\",\"potentialAction\":[{\"@type\":\"ReadAction\",\"target\":[\"https:\\\/\\\/www.autojm.fr\\\/blog\\\/marche-auto-francais-2021-larrivee-de-tesla-parmi-les-meilleurs\\\/\"]}]},{\"@type\":\"ImageObject\",\"inLanguage\":\"fr-FR\",\"@id\":\"https:\\\/\\\/www.autojm.fr\\\/blog\\\/marche-auto-francais-2021-larrivee-de-tesla-parmi-les-meilleurs\\\/#primaryimage\",\"url\":\"https:\\\/\\\/www.autojm.fr\\\/blog\\\/wp-content\\\/uploads\\\/2022\\\/10\\\/664.jpg\",\"contentUrl\":\"https:\\\/\\\/www.autojm.fr\\\/blog\\\/wp-content\\\/uploads\\\/2022\\\/10\\\/664.jpg\",\"width\":1024,\"height\":465,\"caption\":\"March\u00e9 automobile\"},{\"@type\":\"BreadcrumbList\",\"@id\":\"https:\\\/\\\/www.autojm.fr\\\/blog\\\/marche-auto-francais-2021-larrivee-de-tesla-parmi-les-meilleurs\\\/#breadcrumb\",\"itemListElement\":[{\"@type\":\"ListItem\",\"position\":1,\"name\":\"Accueil\",\"item\":\"https:\\\/\\\/www.autojm.fr\\\/blog\\\/\"},{\"@type\":\"ListItem\",\"position\":2,\"name\":\"Actualit\u00e9 Automobile\",\"item\":\"https:\\\/\\\/www.autojm.fr\\\/blog\\\/actualite-automobile\\\/\"},{\"@type\":\"ListItem\",\"position\":3,\"name\":\"March\u00e9 auto fran\u00e7ais 2021 : l&rsquo;arriv\u00e9e de Tesla parmi les meilleurs\"}]},{\"@type\":\"WebSite\",\"@id\":\"https:\\\/\\\/www.autojm.fr\\\/blog\\\/#website\",\"url\":\"https:\\\/\\\/www.autojm.fr\\\/blog\\\/\",\"name\":\"AutoJM Mag\",\"description\":\"Toute l&#039;actu auto en 1 clic !\",\"publisher\":{\"@id\":\"https:\\\/\\\/www.autojm.fr\\\/blog\\\/#organization\"},\"potentialAction\":[{\"@type\":\"SearchAction\",\"target\":{\"@type\":\"EntryPoint\",\"urlTemplate\":\"https:\\\/\\\/www.autojm.fr\\\/blog\\\/?s={search_term_string}\"},\"query-input\":{\"@type\":\"PropertyValueSpecification\",\"valueRequired\":true,\"valueName\":\"search_term_string\"}}],\"inLanguage\":\"fr-FR\"},{\"@type\":\"Organization\",\"@id\":\"https:\\\/\\\/www.autojm.fr\\\/blog\\\/#organization\",\"name\":\"AutoJM Mag\",\"url\":\"https:\\\/\\\/www.autojm.fr\\\/blog\\\/\",\"logo\":{\"@type\":\"ImageObject\",\"inLanguage\":\"fr-FR\",\"@id\":\"https:\\\/\\\/www.autojm.fr\\\/blog\\\/#\\\/schema\\\/logo\\\/image\\\/\",\"url\":\"https:\\\/\\\/www.autojm.fr\\\/blog\\\/wp-content\\\/uploads\\\/2022\\\/12\\\/cropped-AutoJMag-png.png\",\"contentUrl\":\"https:\\\/\\\/www.autojm.fr\\\/blog\\\/wp-content\\\/uploads\\\/2022\\\/12\\\/cropped-AutoJMag-png.png\",\"width\":2834,\"height\":585,\"caption\":\"AutoJM Mag\"},\"image\":{\"@id\":\"https:\\\/\\\/www.autojm.fr\\\/blog\\\/#\\\/schema\\\/logo\\\/image\\\/\"},\"sameAs\":[\"https:\\\/\\\/www.facebook.com\\\/AutoJM25\"]},{\"@type\":\"Person\",\"@id\":\"https:\\\/\\\/www.autojm.fr\\\/blog\\\/#\\\/schema\\\/person\\\/9742bc77541853e0de81fc57f947e1a0\",\"name\":\"Autojm\",\"image\":{\"@type\":\"ImageObject\",\"inLanguage\":\"fr-FR\",\"@id\":\"https:\\\/\\\/secure.gravatar.com\\\/avatar\\\/9a959d52b758fcc232fe4b6aca7bab139182573297122cce7d6f2ee0e537b418?s=96&d=mm&r=g\",\"url\":\"https:\\\/\\\/secure.gravatar.com\\\/avatar\\\/9a959d52b758fcc232fe4b6aca7bab139182573297122cce7d6f2ee0e537b418?s=96&d=mm&r=g\",\"contentUrl\":\"https:\\\/\\\/secure.gravatar.com\\\/avatar\\\/9a959d52b758fcc232fe4b6aca7bab139182573297122cce7d6f2ee0e537b418?s=96&d=mm&r=g\",\"caption\":\"Autojm\"},\"sameAs\":[\"https:\\\/\\\/www.autojm.fr\\\/blog\"],\"url\":\"https:\\\/\\\/www.autojm.fr\\\/blog\\\/author\\\/bichoi\\\/\"}]}<\/script>\n<!-- \/ Yoast SEO plugin. -->","yoast_head_json":{"title":"March\u00e9 auto fran\u00e7ais 2021 : l'arriv\u00e9e de Tesla parmi les meilleurs","description":"L'ann\u00e9e 2021 devait \u00eatre synonyme de reprise pour le march\u00e9 automobile. Apr\u00e8s les fermetures d'usines et l'activit\u00e9 fortement ralentie...","robots":{"index":"index","follow":"follow","max-snippet":"max-snippet:-1","max-image-preview":"max-image-preview:large","max-video-preview":"max-video-preview:-1"},"canonical":"https:\/\/www.autojm.fr\/blog\/marche-auto-francais-2021-larrivee-de-tesla-parmi-les-meilleurs\/","og_locale":"fr_FR","og_type":"article","og_title":"March\u00e9 auto fran\u00e7ais 2021 : l'arriv\u00e9e de Tesla parmi les meilleurs","og_description":"L'ann\u00e9e 2021 devait \u00eatre synonyme de reprise pour le march\u00e9 automobile. Apr\u00e8s les fermetures d'usines et l'activit\u00e9 fortement ralentie...","og_url":"https:\/\/www.autojm.fr\/blog\/marche-auto-francais-2021-larrivee-de-tesla-parmi-les-meilleurs\/","og_site_name":"AutoJM Mag","article_publisher":"https:\/\/www.facebook.com\/AutoJM25","article_published_time":"2022-02-02T00:00:00+00:00","article_modified_time":"2022-12-13T09:16:58+00:00","og_image":[{"width":1024,"height":465,"url":"https:\/\/www.autojm.fr\/blog\/wp-content\/uploads\/2022\/10\/664.jpg","type":"image\/jpeg"}],"author":"Autojm","twitter_card":"summary_large_image","twitter_misc":{"\u00c9crit par":"Autojm","Dur\u00e9e de lecture estim\u00e9e":"4 minutes"},"schema":{"@context":"https:\/\/schema.org","@graph":[{"@type":"Article","@id":"https:\/\/www.autojm.fr\/blog\/marche-auto-francais-2021-larrivee-de-tesla-parmi-les-meilleurs\/#article","isPartOf":{"@id":"https:\/\/www.autojm.fr\/blog\/marche-auto-francais-2021-larrivee-de-tesla-parmi-les-meilleurs\/"},"author":{"name":"Autojm","@id":"https:\/\/www.autojm.fr\/blog\/#\/schema\/person\/9742bc77541853e0de81fc57f947e1a0"},"headline":"March\u00e9 auto fran\u00e7ais 2021 : l&rsquo;arriv\u00e9e de Tesla parmi les meilleurs","datePublished":"2022-02-02T00:00:00+00:00","dateModified":"2022-12-13T09:16:58+00:00","mainEntityOfPage":{"@id":"https:\/\/www.autojm.fr\/blog\/marche-auto-francais-2021-larrivee-de-tesla-parmi-les-meilleurs\/"},"wordCount":542,"commentCount":0,"publisher":{"@id":"https:\/\/www.autojm.fr\/blog\/#organization"},"image":{"@id":"https:\/\/www.autojm.fr\/blog\/marche-auto-francais-2021-larrivee-de-tesla-parmi-les-meilleurs\/#primaryimage"},"thumbnailUrl":"https:\/\/www.autojm.fr\/blog\/wp-content\/uploads\/2022\/10\/664.jpg","keywords":["autojm","citroen","dacia","DS","Nissan","Opel","peugeot","renault","Volkswagen"],"articleSection":["Actualit\u00e9 Automobile"],"inLanguage":"fr-FR","potentialAction":[{"@type":"CommentAction","name":"Comment","target":["https:\/\/www.autojm.fr\/blog\/marche-auto-francais-2021-larrivee-de-tesla-parmi-les-meilleurs\/#respond"]}]},{"@type":"WebPage","@id":"https:\/\/www.autojm.fr\/blog\/marche-auto-francais-2021-larrivee-de-tesla-parmi-les-meilleurs\/","url":"https:\/\/www.autojm.fr\/blog\/marche-auto-francais-2021-larrivee-de-tesla-parmi-les-meilleurs\/","name":"March\u00e9 auto fran\u00e7ais 2021 : l'arriv\u00e9e de Tesla parmi les meilleurs","isPartOf":{"@id":"https:\/\/www.autojm.fr\/blog\/#website"},"primaryImageOfPage":{"@id":"https:\/\/www.autojm.fr\/blog\/marche-auto-francais-2021-larrivee-de-tesla-parmi-les-meilleurs\/#primaryimage"},"image":{"@id":"https:\/\/www.autojm.fr\/blog\/marche-auto-francais-2021-larrivee-de-tesla-parmi-les-meilleurs\/#primaryimage"},"thumbnailUrl":"https:\/\/www.autojm.fr\/blog\/wp-content\/uploads\/2022\/10\/664.jpg","datePublished":"2022-02-02T00:00:00+00:00","dateModified":"2022-12-13T09:16:58+00:00","description":"L'ann\u00e9e 2021 devait \u00eatre synonyme de reprise pour le march\u00e9 automobile. Apr\u00e8s les fermetures d'usines et l'activit\u00e9 fortement ralentie...","breadcrumb":{"@id":"https:\/\/www.autojm.fr\/blog\/marche-auto-francais-2021-larrivee-de-tesla-parmi-les-meilleurs\/#breadcrumb"},"inLanguage":"fr-FR","potentialAction":[{"@type":"ReadAction","target":["https:\/\/www.autojm.fr\/blog\/marche-auto-francais-2021-larrivee-de-tesla-parmi-les-meilleurs\/"]}]},{"@type":"ImageObject","inLanguage":"fr-FR","@id":"https:\/\/www.autojm.fr\/blog\/marche-auto-francais-2021-larrivee-de-tesla-parmi-les-meilleurs\/#primaryimage","url":"https:\/\/www.autojm.fr\/blog\/wp-content\/uploads\/2022\/10\/664.jpg","contentUrl":"https:\/\/www.autojm.fr\/blog\/wp-content\/uploads\/2022\/10\/664.jpg","width":1024,"height":465,"caption":"March\u00e9 automobile"},{"@type":"BreadcrumbList","@id":"https:\/\/www.autojm.fr\/blog\/marche-auto-francais-2021-larrivee-de-tesla-parmi-les-meilleurs\/#breadcrumb","itemListElement":[{"@type":"ListItem","position":1,"name":"Accueil","item":"https:\/\/www.autojm.fr\/blog\/"},{"@type":"ListItem","position":2,"name":"Actualit\u00e9 Automobile","item":"https:\/\/www.autojm.fr\/blog\/actualite-automobile\/"},{"@type":"ListItem","position":3,"name":"March\u00e9 auto fran\u00e7ais 2021 : l&rsquo;arriv\u00e9e de Tesla parmi les meilleurs"}]},{"@type":"WebSite","@id":"https:\/\/www.autojm.fr\/blog\/#website","url":"https:\/\/www.autojm.fr\/blog\/","name":"AutoJM Mag","description":"Toute l&#039;actu auto en 1 clic !","publisher":{"@id":"https:\/\/www.autojm.fr\/blog\/#organization"},"potentialAction":[{"@type":"SearchAction","target":{"@type":"EntryPoint","urlTemplate":"https:\/\/www.autojm.fr\/blog\/?s={search_term_string}"},"query-input":{"@type":"PropertyValueSpecification","valueRequired":true,"valueName":"search_term_string"}}],"inLanguage":"fr-FR"},{"@type":"Organization","@id":"https:\/\/www.autojm.fr\/blog\/#organization","name":"AutoJM Mag","url":"https:\/\/www.autojm.fr\/blog\/","logo":{"@type":"ImageObject","inLanguage":"fr-FR","@id":"https:\/\/www.autojm.fr\/blog\/#\/schema\/logo\/image\/","url":"https:\/\/www.autojm.fr\/blog\/wp-content\/uploads\/2022\/12\/cropped-AutoJMag-png.png","contentUrl":"https:\/\/www.autojm.fr\/blog\/wp-content\/uploads\/2022\/12\/cropped-AutoJMag-png.png","width":2834,"height":585,"caption":"AutoJM Mag"},"image":{"@id":"https:\/\/www.autojm.fr\/blog\/#\/schema\/logo\/image\/"},"sameAs":["https:\/\/www.facebook.com\/AutoJM25"]},{"@type":"Person","@id":"https:\/\/www.autojm.fr\/blog\/#\/schema\/person\/9742bc77541853e0de81fc57f947e1a0","name":"Autojm","image":{"@type":"ImageObject","inLanguage":"fr-FR","@id":"https:\/\/secure.gravatar.com\/avatar\/9a959d52b758fcc232fe4b6aca7bab139182573297122cce7d6f2ee0e537b418?s=96&d=mm&r=g","url":"https:\/\/secure.gravatar.com\/avatar\/9a959d52b758fcc232fe4b6aca7bab139182573297122cce7d6f2ee0e537b418?s=96&d=mm&r=g","contentUrl":"https:\/\/secure.gravatar.com\/avatar\/9a959d52b758fcc232fe4b6aca7bab139182573297122cce7d6f2ee0e537b418?s=96&d=mm&r=g","caption":"Autojm"},"sameAs":["https:\/\/www.autojm.fr\/blog"],"url":"https:\/\/www.autojm.fr\/blog\/author\/bichoi\/"}]}},"_links":{"self":[{"href":"https:\/\/www.autojm.fr\/blog\/wp-json\/wp\/v2\/posts\/3932","targetHints":{"allow":["GET"]}}],"collection":[{"href":"https:\/\/www.autojm.fr\/blog\/wp-json\/wp\/v2\/posts"}],"about":[{"href":"https:\/\/www.autojm.fr\/blog\/wp-json\/wp\/v2\/types\/post"}],"author":[{"embeddable":true,"href":"https:\/\/www.autojm.fr\/blog\/wp-json\/wp\/v2\/users\/1"}],"replies":[{"embeddable":true,"href":"https:\/\/www.autojm.fr\/blog\/wp-json\/wp\/v2\/comments?post=3932"}],"version-history":[{"count":5,"href":"https:\/\/www.autojm.fr\/blog\/wp-json\/wp\/v2\/posts\/3932\/revisions"}],"predecessor-version":[{"id":6953,"href":"https:\/\/www.autojm.fr\/blog\/wp-json\/wp\/v2\/posts\/3932\/revisions\/6953"}],"wp:featuredmedia":[{"embeddable":true,"href":"https:\/\/www.autojm.fr\/blog\/wp-json\/wp\/v2\/media\/5990"}],"wp:attachment":[{"href":"https:\/\/www.autojm.fr\/blog\/wp-json\/wp\/v2\/media?parent=3932"}],"wp:term":[{"taxonomy":"category","embeddable":true,"href":"https:\/\/www.autojm.fr\/blog\/wp-json\/wp\/v2\/categories?post=3932"},{"taxonomy":"post_tag","embeddable":true,"href":"https:\/\/www.autojm.fr\/blog\/wp-json\/wp\/v2\/tags?post=3932"}],"curies":[{"name":"wp","href":"https:\/\/api.w.org\/{rel}","templated":true}]}}