{"id":3929,"date":"2022-01-20T00:00:00","date_gmt":"2022-01-20T00:00:00","guid":{"rendered":"https:\/\/www.autojm.fr\/blog\/lannee-2021-chez-autojm-en-chiffres\/"},"modified":"2023-04-19T11:51:19","modified_gmt":"2023-04-19T11:51:19","slug":"lannee-2021-chez-autojm-en-chiffres","status":"publish","type":"post","link":"https:\/\/www.autojm.fr\/blog\/lannee-2021-chez-autojm-en-chiffres\/","title":{"rendered":"L&rsquo;ann\u00e9e 2021 chez AutoJM en chiffres"},"content":{"rendered":"<p>L&rsquo;ann\u00e9e 2021 s&rsquo;est \u00e9coul\u00e9e. Apr\u00e8s des mois de difficult\u00e9s caus\u00e9es par la crise sanitaire en 2020, l&rsquo;automobile commen\u00e7ait \u00e0 sortir la t\u00eate de l&rsquo;eau quand la p\u00e9nurie des semi-conducteurs a point\u00e9 le bout de son nez. Un nouvel obstacle pour le march\u00e9 automobile avec des d\u00e9lais de production et de livraison rallong\u00e9s, de quoi dissuader les automobilistes. Pour l&rsquo;ann\u00e9e 2021, nous avons donc enregistr\u00e9 un total de 2468 v\u00e9hicules command\u00e9s, soit 20% de moins qu&rsquo;en 2020. Les <strong><a href=\"https:\/\/www.autojm.fr\/meilleures-promotions-auto?part=blog&amp;utm_source=articleblog200122&amp;utm_medium=blog\">v\u00e9hicules en disponibilit\u00e9 rapide<\/a><\/strong> repr\u00e9sentent 55% des voitures command\u00e9es, et sont devant les <strong>commandes usine<\/strong>, qui se font d\u00e9sormais attendre.<\/p>\n<h2>Peugeot toujours en t\u00eate des ventes<\/h2>\n<p>La marque au Lion n&rsquo;a pas fini de s\u00e9duire les clients AutoJM. <strong><a href=\"https:\/\/www.autojm.fr\/mandataire-voitures-neuves-peugeot?part=blog&amp;utm_source=articleblog200122&amp;utm_medium=blog\">Peugeot<\/a><\/strong> repr\u00e9sente pour l&rsquo;ann\u00e9e 2021 pr\u00e8s de 62% des ventes avec 1524 voitures command\u00e9es. Elle prend la premi\u00e8re place du podium, suivie par <strong><a href=\"https:\/\/www.autojm.fr\/mandataire-voitures-neuves-citroen?part=blog&amp;utm_source=articleblog200122&amp;utm_medium=blog\">Citro\u00ebn<\/a><\/strong> avec 339 voitures command\u00e9es soit 13,7% des ventes, et <strong><a href=\"https:\/\/www.autojm.fr\/mandataire-voitures-neuves-renault?part=blog&amp;utm_source=articleblog200122&amp;utm_medium=blog\">Renault<\/a><\/strong> en troisi\u00e8me place avec 134 mod\u00e8les \u00e9coul\u00e9s soit 5,4% des ventes. La suite du classement est occup\u00e9e par <strong>DS, Hyundai, Volkswagen, Toyota, et Ford et Dacia<\/strong> ex aequo.<\/p>\n<h2>Les mod\u00e8les Peugeot dans le top 5<\/h2>\n<p>C&rsquo;est donc sans surprise que l&rsquo;on d\u00e9couvre, dans le top 15 des voitures les plus vendues, que <strong>Peugeot<\/strong> a pris les premi\u00e8res places. La petite citadine <strong>208<\/strong>, qui s&rsquo;inscrit, \u00e0 l&rsquo;\u00e9chelle nationale, comme la voiture la plus vendue en 2021, est \u00e9galement la voiture la plus vendue chez AutoJM en 2021 avec 336 exemplaires command\u00e9s. Elle est suivie par le <strong>SUV Peugeot 2008<\/strong>, \u00e9coul\u00e9 \u00e0 330 exemplaires et le <strong>Peugeot 3008<\/strong>, \u00e9coul\u00e9 \u00e0 296 exemplaires. Il faudra attendre la 6\u00e8me place du classement pour d\u00e9couvrir un mod\u00e8le qui n&rsquo;est pas sign\u00e9 de la patte du Lion, mais originaire de Cor\u00e9e, et qui n&rsquo;est autre que le nouveau <strong>Hyundai Tucson<\/strong>. Le mod\u00e8le a s\u00e9duit les automobilistes avec son design atypique, sa face avant muscl\u00e9e et ses technologies de pointe. Il totalise 89 commandes en 2021, suivi par le <strong>DS7 Crossback, le Citro\u00ebn C5 Aircross et la Citro\u00ebn C4<\/strong>.<\/p>\n<h2>L&rsquo;achat comptant plus fort que le leasing<\/h2>\n<p>De mani\u00e8re contre-intuitive, le <strong>leasing<\/strong>, que l&rsquo;on pourrait penser en augmentation en ces p\u00e9riodes de crise et de pouvoir d&rsquo;achat, est rest\u00e9 stable autour de 14% chez AutoJM pour la vente \u00e0 distance. Il est de plus du double sur les ventes en pr\u00e9sentiel.<\/p>\n<h2>Le diesel c\u00e8de des parts aux v\u00e9hicules propres<\/h2>\n<p>Avantag\u00e9s par les aides \u00e0 l&rsquo;achat, les <strong>v\u00e9hicules hybrides et \u00e9lectriques<\/strong> gagnent des parts de march\u00e9, au d\u00e9triment du <strong>diesel<\/strong> qui est, lui, de plus en plus tax\u00e9. Pendant cette p\u00e9riode de transition o\u00f9 de nombreux automobilistes ont encore peur de passer \u00e0 la voiture rechargeable, c&rsquo;est l&rsquo;<strong>essence<\/strong> qui s&rsquo;inscrit comme la solution la plus pl\u00e9biscit\u00e9e. En 2020, 48,5% des voitures vendues chez AutoJM \u00e9taient des mod\u00e8les essence, et 46,8% des diesel. En 2021, la part des essence passe \u00e0 50% et celle des diesel chute \u00e0 34%. Les v\u00e9hicules hybrides gagnent du terrain, passant de 2,9% \u00e0 10%. De m\u00eame pour les <strong>voitures \u00e9lectriques<\/strong>, pass\u00e9es de 1,8% \u00e0 5%.<\/p>\n<h2>Des acheteurs partout en France<\/h2>\n<p>Gr\u00e2ce \u00e0 une activit\u00e9 que l&rsquo;on peut exercer \u00e0 distance \u00e0 100%, nous avons des clients venant des quatres coins de France. Le top 3 r\u00e9unit des automobilistes du Haut-Rhin (59 commandes), du Doubs (52 commandes), et de Gironde (43 commandes). En 2021 comme en 2020, nous avons d&rsquo;ailleurs continu\u00e9 \u00e0 proposer \u00e0 nos clients la <strong>livraison \u00e0 domicile<\/strong>, dans le respect des r\u00e8gles sanitaires.<\/p>\n<h2>Les clients continuent de se d\u00e9placer \u00e0 Audincourt<\/h2>\n<p>Du c\u00f4t\u00e9 des livraisons, les clients ont privil\u00e9gi\u00e9, cette ann\u00e9e encore, la r\u00e9ception dans notre <strong>showroom \u00e0 Audincourt<\/strong>. Un choix qui nous permet de rencontrer une majorit\u00e9 de nos clients et de leur faire b\u00e9n\u00e9ficier d&rsquo;une prise en main de leur v\u00e9hicule. En ce qui concerne la <strong>livraison \u00e0 domicile<\/strong>, les acheteurs pr\u00e9f\u00e8rent choisir l&rsquo;option du <strong>convoyeur<\/strong> que celle de la livraison par <strong>camion<\/strong>.<\/p>\n<h2>Le gris reste la couleur favorite des automobilistes<\/h2>\n<p>Parce que c&rsquo;est la couleur qui compte le plus de nuances possible, le gris reste le premier choix pour les automobilistes. Il est suvi par le blanc, le bleu, pass\u00e9 en 2021 devant le noir, et le rouge. Certains v\u00e9hicules disposent de couleurs plus originales qui s\u00e9duisent aussi, comme le Orange de la nouvelle <strong>Citro\u00ebn C4<\/strong>.<\/p>\n<p style=\"margin-top: 1.75em; margin-bottom: 1.75em; font-size: 0.813em; line-height: 1.5em; color: #666666; font-family: Arial, Helvetica, sans-serif;\">\n","protected":false},"excerpt":{"rendered":"<p>L&rsquo;ann\u00e9e 2021 s&rsquo;est \u00e9coul\u00e9e. Apr\u00e8s des mois de difficult\u00e9s caus\u00e9es par la crise sanitaire en 2020, l&rsquo;automobile commen\u00e7ait \u00e0 sortir la t\u00eate de l&rsquo;eau quand la p\u00e9nurie des semi-conducteurs a point\u00e9 le bout de son nez.<\/p>\n","protected":false},"author":1,"featured_media":5987,"comment_status":"open","ping_status":"open","sticky":false,"template":"","format":"standard","meta":{"_acf_changed":false,"content-type":"","footnotes":""},"categories":[5],"tags":[90,79,74,105,110,109,106,108,107,73,78,96],"class_list":["post-3929","post","type-post","status-publish","format-standard","has-post-thumbnail","hentry","category-actualite-automobile","tag-autojm","tag-citroen","tag-dacia","tag-ds","tag-fiat","tag-ford","tag-kia","tag-nissan","tag-opel","tag-peugeot","tag-renault","tag-volkswagen"],"acf":[],"yoast_head":"<!-- This site is optimized with the Yoast SEO plugin v27.5 - https:\/\/yoast.com\/product\/yoast-seo-wordpress\/ -->\n<title>L&#039;ann\u00e9e 2021 chez AutoJM en chiffres - AutoJM Mag<\/title>\n<meta name=\"description\" content=\"Pour l&#039;ann\u00e9e 2021, AutoJM a enregistr\u00e9 un total de 2468 v\u00e9hicules command\u00e9s, soit 20% de moins qu&#039;en 2020. Les v\u00e9hicules en disponibilit\u00e9...\" \/>\n<meta name=\"robots\" content=\"index, follow, max-snippet:-1, max-image-preview:large, max-video-preview:-1\" \/>\n<link rel=\"canonical\" href=\"https:\/\/www.autojm.fr\/blog\/lannee-2021-chez-autojm-en-chiffres\/\" \/>\n<meta property=\"og:locale\" content=\"fr_FR\" \/>\n<meta property=\"og:type\" content=\"article\" \/>\n<meta property=\"og:title\" content=\"L&#039;ann\u00e9e 2021 chez AutoJM en chiffres - AutoJM Mag\" \/>\n<meta property=\"og:description\" content=\"Pour l&#039;ann\u00e9e 2021, AutoJM a enregistr\u00e9 un total de 2468 v\u00e9hicules command\u00e9s, soit 20% de moins qu&#039;en 2020. Les v\u00e9hicules en disponibilit\u00e9...\" \/>\n<meta property=\"og:url\" content=\"https:\/\/www.autojm.fr\/blog\/lannee-2021-chez-autojm-en-chiffres\/\" \/>\n<meta property=\"og:site_name\" content=\"AutoJM Mag\" \/>\n<meta property=\"article:publisher\" content=\"https:\/\/www.facebook.com\/AutoJM25\" \/>\n<meta property=\"article:published_time\" content=\"2022-01-20T00:00:00+00:00\" \/>\n<meta property=\"article:modified_time\" content=\"2023-04-19T11:51:19+00:00\" \/>\n<meta property=\"og:image\" content=\"https:\/\/www.autojm.fr\/blog\/wp-content\/uploads\/2022\/10\/662.jpg\" \/>\n\t<meta property=\"og:image:width\" content=\"1024\" \/>\n\t<meta property=\"og:image:height\" content=\"465\" \/>\n\t<meta property=\"og:image:type\" content=\"image\/jpeg\" \/>\n<meta name=\"author\" content=\"Autojm\" \/>\n<meta name=\"twitter:card\" content=\"summary_large_image\" \/>\n<meta name=\"twitter:label1\" content=\"\u00c9crit par\" \/>\n\t<meta name=\"twitter:data1\" content=\"Autojm\" \/>\n\t<meta name=\"twitter:label2\" content=\"Dur\u00e9e de lecture estim\u00e9e\" \/>\n\t<meta name=\"twitter:data2\" content=\"4 minutes\" \/>\n<script type=\"application\/ld+json\" class=\"yoast-schema-graph\">{\"@context\":\"https:\\\/\\\/schema.org\",\"@graph\":[{\"@type\":\"Article\",\"@id\":\"https:\\\/\\\/www.autojm.fr\\\/blog\\\/lannee-2021-chez-autojm-en-chiffres\\\/#article\",\"isPartOf\":{\"@id\":\"https:\\\/\\\/www.autojm.fr\\\/blog\\\/lannee-2021-chez-autojm-en-chiffres\\\/\"},\"author\":{\"name\":\"Autojm\",\"@id\":\"https:\\\/\\\/www.autojm.fr\\\/blog\\\/#\\\/schema\\\/person\\\/9742bc77541853e0de81fc57f947e1a0\"},\"headline\":\"L&rsquo;ann\u00e9e 2021 chez AutoJM en chiffres\",\"datePublished\":\"2022-01-20T00:00:00+00:00\",\"dateModified\":\"2023-04-19T11:51:19+00:00\",\"mainEntityOfPage\":{\"@id\":\"https:\\\/\\\/www.autojm.fr\\\/blog\\\/lannee-2021-chez-autojm-en-chiffres\\\/\"},\"wordCount\":721,\"commentCount\":0,\"publisher\":{\"@id\":\"https:\\\/\\\/www.autojm.fr\\\/blog\\\/#organization\"},\"image\":{\"@id\":\"https:\\\/\\\/www.autojm.fr\\\/blog\\\/lannee-2021-chez-autojm-en-chiffres\\\/#primaryimage\"},\"thumbnailUrl\":\"https:\\\/\\\/www.autojm.fr\\\/blog\\\/wp-content\\\/uploads\\\/2022\\\/10\\\/662.jpg\",\"keywords\":[\"autojm\",\"citroen\",\"dacia\",\"DS\",\"Fiat\",\"Ford\",\"Kia\",\"Nissan\",\"Opel\",\"peugeot\",\"renault\",\"Volkswagen\"],\"articleSection\":[\"Actualit\u00e9 Automobile\"],\"inLanguage\":\"fr-FR\",\"potentialAction\":[{\"@type\":\"CommentAction\",\"name\":\"Comment\",\"target\":[\"https:\\\/\\\/www.autojm.fr\\\/blog\\\/lannee-2021-chez-autojm-en-chiffres\\\/#respond\"]}]},{\"@type\":\"WebPage\",\"@id\":\"https:\\\/\\\/www.autojm.fr\\\/blog\\\/lannee-2021-chez-autojm-en-chiffres\\\/\",\"url\":\"https:\\\/\\\/www.autojm.fr\\\/blog\\\/lannee-2021-chez-autojm-en-chiffres\\\/\",\"name\":\"L'ann\u00e9e 2021 chez AutoJM en chiffres - AutoJM Mag\",\"isPartOf\":{\"@id\":\"https:\\\/\\\/www.autojm.fr\\\/blog\\\/#website\"},\"primaryImageOfPage\":{\"@id\":\"https:\\\/\\\/www.autojm.fr\\\/blog\\\/lannee-2021-chez-autojm-en-chiffres\\\/#primaryimage\"},\"image\":{\"@id\":\"https:\\\/\\\/www.autojm.fr\\\/blog\\\/lannee-2021-chez-autojm-en-chiffres\\\/#primaryimage\"},\"thumbnailUrl\":\"https:\\\/\\\/www.autojm.fr\\\/blog\\\/wp-content\\\/uploads\\\/2022\\\/10\\\/662.jpg\",\"datePublished\":\"2022-01-20T00:00:00+00:00\",\"dateModified\":\"2023-04-19T11:51:19+00:00\",\"description\":\"Pour l'ann\u00e9e 2021, AutoJM a enregistr\u00e9 un total de 2468 v\u00e9hicules command\u00e9s, soit 20% de moins qu'en 2020. Les v\u00e9hicules en disponibilit\u00e9...\",\"breadcrumb\":{\"@id\":\"https:\\\/\\\/www.autojm.fr\\\/blog\\\/lannee-2021-chez-autojm-en-chiffres\\\/#breadcrumb\"},\"inLanguage\":\"fr-FR\",\"potentialAction\":[{\"@type\":\"ReadAction\",\"target\":[\"https:\\\/\\\/www.autojm.fr\\\/blog\\\/lannee-2021-chez-autojm-en-chiffres\\\/\"]}]},{\"@type\":\"ImageObject\",\"inLanguage\":\"fr-FR\",\"@id\":\"https:\\\/\\\/www.autojm.fr\\\/blog\\\/lannee-2021-chez-autojm-en-chiffres\\\/#primaryimage\",\"url\":\"https:\\\/\\\/www.autojm.fr\\\/blog\\\/wp-content\\\/uploads\\\/2022\\\/10\\\/662.jpg\",\"contentUrl\":\"https:\\\/\\\/www.autojm.fr\\\/blog\\\/wp-content\\\/uploads\\\/2022\\\/10\\\/662.jpg\",\"width\":1024,\"height\":465,\"caption\":\"AutoJM\"},{\"@type\":\"BreadcrumbList\",\"@id\":\"https:\\\/\\\/www.autojm.fr\\\/blog\\\/lannee-2021-chez-autojm-en-chiffres\\\/#breadcrumb\",\"itemListElement\":[{\"@type\":\"ListItem\",\"position\":1,\"name\":\"Accueil\",\"item\":\"https:\\\/\\\/www.autojm.fr\\\/blog\\\/\"},{\"@type\":\"ListItem\",\"position\":2,\"name\":\"Actualit\u00e9 Automobile\",\"item\":\"https:\\\/\\\/www.autojm.fr\\\/blog\\\/actualite-automobile\\\/\"},{\"@type\":\"ListItem\",\"position\":3,\"name\":\"L&rsquo;ann\u00e9e 2021 chez AutoJM en chiffres\"}]},{\"@type\":\"WebSite\",\"@id\":\"https:\\\/\\\/www.autojm.fr\\\/blog\\\/#website\",\"url\":\"https:\\\/\\\/www.autojm.fr\\\/blog\\\/\",\"name\":\"AutoJM Mag\",\"description\":\"Toute l&#039;actu auto en 1 clic !\",\"publisher\":{\"@id\":\"https:\\\/\\\/www.autojm.fr\\\/blog\\\/#organization\"},\"potentialAction\":[{\"@type\":\"SearchAction\",\"target\":{\"@type\":\"EntryPoint\",\"urlTemplate\":\"https:\\\/\\\/www.autojm.fr\\\/blog\\\/?s={search_term_string}\"},\"query-input\":{\"@type\":\"PropertyValueSpecification\",\"valueRequired\":true,\"valueName\":\"search_term_string\"}}],\"inLanguage\":\"fr-FR\"},{\"@type\":\"Organization\",\"@id\":\"https:\\\/\\\/www.autojm.fr\\\/blog\\\/#organization\",\"name\":\"AutoJM Mag\",\"url\":\"https:\\\/\\\/www.autojm.fr\\\/blog\\\/\",\"logo\":{\"@type\":\"ImageObject\",\"inLanguage\":\"fr-FR\",\"@id\":\"https:\\\/\\\/www.autojm.fr\\\/blog\\\/#\\\/schema\\\/logo\\\/image\\\/\",\"url\":\"https:\\\/\\\/www.autojm.fr\\\/blog\\\/wp-content\\\/uploads\\\/2022\\\/12\\\/cropped-AutoJMag-png.png\",\"contentUrl\":\"https:\\\/\\\/www.autojm.fr\\\/blog\\\/wp-content\\\/uploads\\\/2022\\\/12\\\/cropped-AutoJMag-png.png\",\"width\":2834,\"height\":585,\"caption\":\"AutoJM Mag\"},\"image\":{\"@id\":\"https:\\\/\\\/www.autojm.fr\\\/blog\\\/#\\\/schema\\\/logo\\\/image\\\/\"},\"sameAs\":[\"https:\\\/\\\/www.facebook.com\\\/AutoJM25\"]},{\"@type\":\"Person\",\"@id\":\"https:\\\/\\\/www.autojm.fr\\\/blog\\\/#\\\/schema\\\/person\\\/9742bc77541853e0de81fc57f947e1a0\",\"name\":\"Autojm\",\"image\":{\"@type\":\"ImageObject\",\"inLanguage\":\"fr-FR\",\"@id\":\"https:\\\/\\\/secure.gravatar.com\\\/avatar\\\/9a959d52b758fcc232fe4b6aca7bab139182573297122cce7d6f2ee0e537b418?s=96&d=mm&r=g\",\"url\":\"https:\\\/\\\/secure.gravatar.com\\\/avatar\\\/9a959d52b758fcc232fe4b6aca7bab139182573297122cce7d6f2ee0e537b418?s=96&d=mm&r=g\",\"contentUrl\":\"https:\\\/\\\/secure.gravatar.com\\\/avatar\\\/9a959d52b758fcc232fe4b6aca7bab139182573297122cce7d6f2ee0e537b418?s=96&d=mm&r=g\",\"caption\":\"Autojm\"},\"sameAs\":[\"https:\\\/\\\/www.autojm.fr\\\/blog\"],\"url\":\"https:\\\/\\\/www.autojm.fr\\\/blog\\\/author\\\/bichoi\\\/\"}]}<\/script>\n<!-- \/ Yoast SEO plugin. -->","yoast_head_json":{"title":"L'ann\u00e9e 2021 chez AutoJM en chiffres - AutoJM Mag","description":"Pour l'ann\u00e9e 2021, AutoJM a enregistr\u00e9 un total de 2468 v\u00e9hicules command\u00e9s, soit 20% de moins qu'en 2020. Les v\u00e9hicules en disponibilit\u00e9...","robots":{"index":"index","follow":"follow","max-snippet":"max-snippet:-1","max-image-preview":"max-image-preview:large","max-video-preview":"max-video-preview:-1"},"canonical":"https:\/\/www.autojm.fr\/blog\/lannee-2021-chez-autojm-en-chiffres\/","og_locale":"fr_FR","og_type":"article","og_title":"L'ann\u00e9e 2021 chez AutoJM en chiffres - AutoJM Mag","og_description":"Pour l'ann\u00e9e 2021, AutoJM a enregistr\u00e9 un total de 2468 v\u00e9hicules command\u00e9s, soit 20% de moins qu'en 2020. Les v\u00e9hicules en disponibilit\u00e9...","og_url":"https:\/\/www.autojm.fr\/blog\/lannee-2021-chez-autojm-en-chiffres\/","og_site_name":"AutoJM Mag","article_publisher":"https:\/\/www.facebook.com\/AutoJM25","article_published_time":"2022-01-20T00:00:00+00:00","article_modified_time":"2023-04-19T11:51:19+00:00","og_image":[{"width":1024,"height":465,"url":"https:\/\/www.autojm.fr\/blog\/wp-content\/uploads\/2022\/10\/662.jpg","type":"image\/jpeg"}],"author":"Autojm","twitter_card":"summary_large_image","twitter_misc":{"\u00c9crit par":"Autojm","Dur\u00e9e de lecture estim\u00e9e":"4 minutes"},"schema":{"@context":"https:\/\/schema.org","@graph":[{"@type":"Article","@id":"https:\/\/www.autojm.fr\/blog\/lannee-2021-chez-autojm-en-chiffres\/#article","isPartOf":{"@id":"https:\/\/www.autojm.fr\/blog\/lannee-2021-chez-autojm-en-chiffres\/"},"author":{"name":"Autojm","@id":"https:\/\/www.autojm.fr\/blog\/#\/schema\/person\/9742bc77541853e0de81fc57f947e1a0"},"headline":"L&rsquo;ann\u00e9e 2021 chez AutoJM en chiffres","datePublished":"2022-01-20T00:00:00+00:00","dateModified":"2023-04-19T11:51:19+00:00","mainEntityOfPage":{"@id":"https:\/\/www.autojm.fr\/blog\/lannee-2021-chez-autojm-en-chiffres\/"},"wordCount":721,"commentCount":0,"publisher":{"@id":"https:\/\/www.autojm.fr\/blog\/#organization"},"image":{"@id":"https:\/\/www.autojm.fr\/blog\/lannee-2021-chez-autojm-en-chiffres\/#primaryimage"},"thumbnailUrl":"https:\/\/www.autojm.fr\/blog\/wp-content\/uploads\/2022\/10\/662.jpg","keywords":["autojm","citroen","dacia","DS","Fiat","Ford","Kia","Nissan","Opel","peugeot","renault","Volkswagen"],"articleSection":["Actualit\u00e9 Automobile"],"inLanguage":"fr-FR","potentialAction":[{"@type":"CommentAction","name":"Comment","target":["https:\/\/www.autojm.fr\/blog\/lannee-2021-chez-autojm-en-chiffres\/#respond"]}]},{"@type":"WebPage","@id":"https:\/\/www.autojm.fr\/blog\/lannee-2021-chez-autojm-en-chiffres\/","url":"https:\/\/www.autojm.fr\/blog\/lannee-2021-chez-autojm-en-chiffres\/","name":"L'ann\u00e9e 2021 chez AutoJM en chiffres - AutoJM Mag","isPartOf":{"@id":"https:\/\/www.autojm.fr\/blog\/#website"},"primaryImageOfPage":{"@id":"https:\/\/www.autojm.fr\/blog\/lannee-2021-chez-autojm-en-chiffres\/#primaryimage"},"image":{"@id":"https:\/\/www.autojm.fr\/blog\/lannee-2021-chez-autojm-en-chiffres\/#primaryimage"},"thumbnailUrl":"https:\/\/www.autojm.fr\/blog\/wp-content\/uploads\/2022\/10\/662.jpg","datePublished":"2022-01-20T00:00:00+00:00","dateModified":"2023-04-19T11:51:19+00:00","description":"Pour l'ann\u00e9e 2021, AutoJM a enregistr\u00e9 un total de 2468 v\u00e9hicules command\u00e9s, soit 20% de moins qu'en 2020. Les v\u00e9hicules en disponibilit\u00e9...","breadcrumb":{"@id":"https:\/\/www.autojm.fr\/blog\/lannee-2021-chez-autojm-en-chiffres\/#breadcrumb"},"inLanguage":"fr-FR","potentialAction":[{"@type":"ReadAction","target":["https:\/\/www.autojm.fr\/blog\/lannee-2021-chez-autojm-en-chiffres\/"]}]},{"@type":"ImageObject","inLanguage":"fr-FR","@id":"https:\/\/www.autojm.fr\/blog\/lannee-2021-chez-autojm-en-chiffres\/#primaryimage","url":"https:\/\/www.autojm.fr\/blog\/wp-content\/uploads\/2022\/10\/662.jpg","contentUrl":"https:\/\/www.autojm.fr\/blog\/wp-content\/uploads\/2022\/10\/662.jpg","width":1024,"height":465,"caption":"AutoJM"},{"@type":"BreadcrumbList","@id":"https:\/\/www.autojm.fr\/blog\/lannee-2021-chez-autojm-en-chiffres\/#breadcrumb","itemListElement":[{"@type":"ListItem","position":1,"name":"Accueil","item":"https:\/\/www.autojm.fr\/blog\/"},{"@type":"ListItem","position":2,"name":"Actualit\u00e9 Automobile","item":"https:\/\/www.autojm.fr\/blog\/actualite-automobile\/"},{"@type":"ListItem","position":3,"name":"L&rsquo;ann\u00e9e 2021 chez AutoJM en chiffres"}]},{"@type":"WebSite","@id":"https:\/\/www.autojm.fr\/blog\/#website","url":"https:\/\/www.autojm.fr\/blog\/","name":"AutoJM Mag","description":"Toute l&#039;actu auto en 1 clic !","publisher":{"@id":"https:\/\/www.autojm.fr\/blog\/#organization"},"potentialAction":[{"@type":"SearchAction","target":{"@type":"EntryPoint","urlTemplate":"https:\/\/www.autojm.fr\/blog\/?s={search_term_string}"},"query-input":{"@type":"PropertyValueSpecification","valueRequired":true,"valueName":"search_term_string"}}],"inLanguage":"fr-FR"},{"@type":"Organization","@id":"https:\/\/www.autojm.fr\/blog\/#organization","name":"AutoJM Mag","url":"https:\/\/www.autojm.fr\/blog\/","logo":{"@type":"ImageObject","inLanguage":"fr-FR","@id":"https:\/\/www.autojm.fr\/blog\/#\/schema\/logo\/image\/","url":"https:\/\/www.autojm.fr\/blog\/wp-content\/uploads\/2022\/12\/cropped-AutoJMag-png.png","contentUrl":"https:\/\/www.autojm.fr\/blog\/wp-content\/uploads\/2022\/12\/cropped-AutoJMag-png.png","width":2834,"height":585,"caption":"AutoJM Mag"},"image":{"@id":"https:\/\/www.autojm.fr\/blog\/#\/schema\/logo\/image\/"},"sameAs":["https:\/\/www.facebook.com\/AutoJM25"]},{"@type":"Person","@id":"https:\/\/www.autojm.fr\/blog\/#\/schema\/person\/9742bc77541853e0de81fc57f947e1a0","name":"Autojm","image":{"@type":"ImageObject","inLanguage":"fr-FR","@id":"https:\/\/secure.gravatar.com\/avatar\/9a959d52b758fcc232fe4b6aca7bab139182573297122cce7d6f2ee0e537b418?s=96&d=mm&r=g","url":"https:\/\/secure.gravatar.com\/avatar\/9a959d52b758fcc232fe4b6aca7bab139182573297122cce7d6f2ee0e537b418?s=96&d=mm&r=g","contentUrl":"https:\/\/secure.gravatar.com\/avatar\/9a959d52b758fcc232fe4b6aca7bab139182573297122cce7d6f2ee0e537b418?s=96&d=mm&r=g","caption":"Autojm"},"sameAs":["https:\/\/www.autojm.fr\/blog"],"url":"https:\/\/www.autojm.fr\/blog\/author\/bichoi\/"}]}},"_links":{"self":[{"href":"https:\/\/www.autojm.fr\/blog\/wp-json\/wp\/v2\/posts\/3929","targetHints":{"allow":["GET"]}}],"collection":[{"href":"https:\/\/www.autojm.fr\/blog\/wp-json\/wp\/v2\/posts"}],"about":[{"href":"https:\/\/www.autojm.fr\/blog\/wp-json\/wp\/v2\/types\/post"}],"author":[{"embeddable":true,"href":"https:\/\/www.autojm.fr\/blog\/wp-json\/wp\/v2\/users\/1"}],"replies":[{"embeddable":true,"href":"https:\/\/www.autojm.fr\/blog\/wp-json\/wp\/v2\/comments?post=3929"}],"version-history":[{"count":6,"href":"https:\/\/www.autojm.fr\/blog\/wp-json\/wp\/v2\/posts\/3929\/revisions"}],"predecessor-version":[{"id":9505,"href":"https:\/\/www.autojm.fr\/blog\/wp-json\/wp\/v2\/posts\/3929\/revisions\/9505"}],"wp:featuredmedia":[{"embeddable":true,"href":"https:\/\/www.autojm.fr\/blog\/wp-json\/wp\/v2\/media\/5987"}],"wp:attachment":[{"href":"https:\/\/www.autojm.fr\/blog\/wp-json\/wp\/v2\/media?parent=3929"}],"wp:term":[{"taxonomy":"category","embeddable":true,"href":"https:\/\/www.autojm.fr\/blog\/wp-json\/wp\/v2\/categories?post=3929"},{"taxonomy":"post_tag","embeddable":true,"href":"https:\/\/www.autojm.fr\/blog\/wp-json\/wp\/v2\/tags?post=3929"}],"curies":[{"name":"wp","href":"https:\/\/api.w.org\/{rel}","templated":true}]}}