{"id":3927,"date":"2021-12-23T00:00:00","date_gmt":"2021-12-23T00:00:00","guid":{"rendered":"https:\/\/www.autojm.fr\/blog\/la-voiture-electrique-en-plein-boom\/"},"modified":"2022-12-13T09:16:58","modified_gmt":"2022-12-13T09:16:58","slug":"la-voiture-electrique-en-plein-boom","status":"publish","type":"post","link":"https:\/\/www.autojm.fr\/blog\/la-voiture-electrique-en-plein-boom\/","title":{"rendered":"La voiture \u00e9lectrique en plein boom"},"content":{"rendered":"<p>\u00c0 l&rsquo;heure o\u00f9 le secteur de l&rsquo;automobile peine \u00e0 retrouver une forme olympique, frein\u00e9 par le Covid puis par la p\u00e9nurie de semi-conducteurs, les <strong><a href=\"https:\/\/www.autojm.fr\/recherche?energies%5B%5D=Electrique&amp;part=blog&amp;utm_source=articleblog231221&amp;utm_medium=blog\">v\u00e9hicules \u00e9lectriques<\/a><\/strong> arrivent quant \u00e0 eux \u00e0 battre des records de vente et \u00e0 conqu\u00e9rir le c\u0153ur des automobilistes fran\u00e7ais. Soutenus par l&rsquo;\u00e9tat fran\u00e7ais, qui accorde des aides financi\u00e8res non n\u00e9gligeables pour tout achat de v\u00e9hicule \u00e9lectrique, ils sont de plus en plus nombreux sur le march\u00e9. Quel succ\u00e8s ont-ils r\u00e9ellement et repr\u00e9sentent-ils vraiment l&rsquo;avenir de l&rsquo;automobile ?<\/p>\n<h2>Des besoins en \u00e9lectricit\u00e9 amen\u00e9s \u00e0 grandir<\/h2>\n<p>Du point de vue technologies, l&rsquo;\u00e9lectrique pose encore de nombreuses questions et demande de nombreuses \u00e9volutions. Pour combler les besoins en \u00e9lectricit\u00e9 des v\u00e9hicules \u00e9lectriques, il faudra que le nucl\u00e9aire soit d\u00e9velopp\u00e9. \u201cC&rsquo;est la seule et unique source d&rsquo;\u00e9nergie \u00e9lectrique d\u00e9carbon\u00e9e qui puisse subvenir \u00e0 la consommation \u00e9lectrique mondiale grandissante en remplacement notamment du charbon et du gaz\u201d, peut-on lire dans La Tribune. La m\u00e9thode consisterait \u00e0 utiliser les d\u00e9chets nucl\u00e9aires comme carburant nucl\u00e9aire, ce qui permettrait de combler les besoins pour peut-\u00eatre des mill\u00e9naires.<\/p>\n<h2>Un succ\u00e8s national et mondial<\/h2>\n<p>Rien qu&rsquo;au mois de novembre, il s&rsquo;est vendu en France 16 420 voitures \u00e9lectriques, soit 71% de plus qu&rsquo;en novembre 2020. Cela repr\u00e9sente 13,46% de parts de march\u00e9, un score qui d\u00e9montre un int\u00e9r\u00eat certain pour les mod\u00e8les les plus propres du parc automobile. A l&rsquo;\u00e9chelle mondiale, le site Automobile Propre d\u00e9voile que \u201cselon une analyse de Bloomberg New Energy Finance (NEF), les ventes en 2021 vont atteindre 5,6 millions d&rsquo;unit\u00e9s\u201d, soit 2,5 millions de plus qu&rsquo;en 2020. En Chine, les ventes de v\u00e9hicules \u00e9lectriques ont augment\u00e9 de 176% sur les 10 premiers mois de 2021 (compar\u00e9 aux 10 premiers mois de 2020).<\/p>\n<h3>Quels sont les v\u00e9hicules \u00e9lectriques qui s\u00e9duisent le plus les fran\u00e7ais ?<\/h3>\n<p>L&rsquo;ann\u00e9e 2021 a vu arriver la petite Dacia Spring sur le march\u00e9, la voiture \u00e9lectrique la moins ch\u00e8re. Elle s&rsquo;inscrit comme la voiture \u00e9lectrique la plus vendue sur le territoire au mois de novembre 2021, et la 4\u00e8me plus vendue depuis le mois de janvier. Dans le top 3 des meilleures ventes en 2021 (de janvier \u00e0 novembre), on retrouve en num\u00e9ro 1 la Tesla Model 3 \u00e9coul\u00e9e \u00e0 20 952 unit\u00e9s, suivie par la Renault Zo\u00e9 \u00e9coul\u00e9e \u00e0 20 041 unit\u00e9s et la Peugeot e-208 \u00e9coul\u00e9e \u00e0 16 260 unit\u00e9s.<\/p>\n<p><iframe loading=\"lazy\" title=\"YouTube video player\" src=\"https:\/\/www.youtube.com\/embed\/fxi3OkRoHRE\" width=\"100%\" height=\"315\" allowfullscreen=\"allowfullscreen\"><\/iframe><\/p>\n<h3>Quels sont les v\u00e9hicules \u00e9lectriques qui s\u00e9duisent le plus \u00e0 l&rsquo;\u00e9chelle mondiale ?<\/h3>\n<p>A l&rsquo;\u00e9chelle mondiale, le classement des meilleures ventes de janvier \u00e0 ao\u00fbt 2021 place en t\u00eate la Tesla Model 3, vendue \u00e0 285 047 exemplaires, suivie par la Wuling Hong Guang Mini EV vendue \u00e0 253 704 exemplaires et la Tesla Model Y vendue \u00e0 180 953 exemplaires. Seules la Tesla Model 3 et la Volkswagen ID.3 ont une place dans les deux top 10 (national et mondial). Pour les autres mod\u00e8les, \u00e0 l&rsquo;\u00e9chelle mondiale, ce sont des v\u00e9hicules venus d&rsquo;Asie qui s&rsquo;imposent parmi les meilleures ventes et, \u00e0 l&rsquo;\u00e9chelle nationale, ce sont les mod\u00e8les fran\u00e7ais qui s\u00e9duisent le plus.<\/p>\n<h2>Plus de parts de march\u00e9, mais de nombreuses r\u00e9ticences encore\u2026<\/h2>\n<p>Le fournisseur d&rsquo;\u00e9nergie OVO Energy France, en partenariat avec l&rsquo;IFOP, a r\u00e9alis\u00e9 une enqu\u00eate concernant l&rsquo;avis des fran\u00e7ais sur la voiture \u00e9lectrique. Si 66% d&rsquo;entre eux croient en la disparition des v\u00e9hicules thermiques d&rsquo;ici 20 ans, 15% seulement opteraient, \u00e0 l&rsquo;heure actuelle, pour une voiture \u00e9lectrique. La solution qui s\u00e9duit aujourd&rsquo;hui le plus les automobilistes est la voiture hybride, pour 39% d&rsquo;entre eux. Et les arguments qui freinent les fran\u00e7ais \u00e0 l&rsquo;achat des mod\u00e8les 100% \u00e9lectriques sont toujours les m\u00eames : autonomie limit\u00e9e, prix \u00e0 l&rsquo;achat, points de recharge encore peu nombreux\u2026 etc.<\/p>\n<p style=\"margin-top: 1.75em; margin-bottom: 1.75em; font-size: 0.813em; line-height: 1.5em; color: #666666; font-family: Arial, Helvetica, sans-serif;\"><br style=\"font-size: 13.008px;\" \/><span style=\"font-variant-numeric: normal; font-variant-east-asian: normal; background-color: transparent; text-align: justify; color: #000000; font-family: Arial; font-size: 14.66px; vertical-align: baseline; white-space: pre-wrap;\"><\/span><\/span><\/p>\n","protected":false},"excerpt":{"rendered":"<p>\u00c0 l&rsquo;heure o\u00f9 le secteur de l&rsquo;automobile peine \u00e0 retrouver une forme olympique, frein\u00e9 par le Covid puis par la p\u00e9nurie de semi-conducteurs, les v\u00e9hicules \u00e9lectriques arrivent quant \u00e0 eux \u00e0 battre des records de vente et \u00e0 conqu\u00e9rir le c\u0153ur des automobilistes fran\u00e7ais.<\/p>\n","protected":false},"author":1,"featured_media":5985,"comment_status":"open","ping_status":"open","sticky":false,"template":"","format":"standard","meta":{"_acf_changed":false,"content-type":"","footnotes":""},"categories":[5],"tags":[90,79,112,126,134,105,135,73,132,133],"class_list":["post-3927","post","type-post","status-publish","format-standard","has-post-thumbnail","hentry","category-actualite-automobile","tag-autojm","tag-citroen","tag-citroen-c4x","tag-citroen-jumpy-fg-tole","tag-citroen-nouvelle-c4","tag-ds","tag-ds3","tag-peugeot","tag-peugeot-e-208","tag-peugeot-e-308"],"acf":[],"yoast_head":"<!-- This site is optimized with the Yoast SEO plugin v27.5 - https:\/\/yoast.com\/product\/yoast-seo-wordpress\/ -->\n<title>La voiture \u00e9lectrique en plein boom - AutoJM Mag<\/title>\n<meta name=\"description\" content=\"\u00c0 l&#039;heure o\u00f9 le secteur de l&#039;automobile peine \u00e0 retrouver une forme olympique, frein\u00e9 par le Covid puis par la p\u00e9nurie de semi-conducteurs...\" \/>\n<meta name=\"robots\" content=\"index, follow, max-snippet:-1, max-image-preview:large, max-video-preview:-1\" \/>\n<link rel=\"canonical\" href=\"https:\/\/www.autojm.fr\/blog\/la-voiture-electrique-en-plein-boom\/\" \/>\n<meta property=\"og:locale\" content=\"fr_FR\" \/>\n<meta property=\"og:type\" content=\"article\" \/>\n<meta property=\"og:title\" content=\"La voiture \u00e9lectrique en plein boom - AutoJM Mag\" \/>\n<meta property=\"og:description\" content=\"\u00c0 l&#039;heure o\u00f9 le secteur de l&#039;automobile peine \u00e0 retrouver une forme olympique, frein\u00e9 par le Covid puis par la p\u00e9nurie de semi-conducteurs...\" \/>\n<meta property=\"og:url\" content=\"https:\/\/www.autojm.fr\/blog\/la-voiture-electrique-en-plein-boom\/\" \/>\n<meta property=\"og:site_name\" content=\"AutoJM Mag\" \/>\n<meta property=\"article:publisher\" content=\"https:\/\/www.facebook.com\/AutoJM25\" \/>\n<meta property=\"article:published_time\" content=\"2021-12-23T00:00:00+00:00\" \/>\n<meta property=\"article:modified_time\" content=\"2022-12-13T09:16:58+00:00\" \/>\n<meta property=\"og:image\" content=\"https:\/\/www.autojm.fr\/blog\/wp-content\/uploads\/2022\/10\/657-scaled.jpg\" \/>\n\t<meta property=\"og:image:width\" content=\"2560\" \/>\n\t<meta property=\"og:image:height\" content=\"1160\" \/>\n\t<meta property=\"og:image:type\" content=\"image\/jpeg\" \/>\n<meta name=\"author\" content=\"Autojm\" \/>\n<meta name=\"twitter:card\" content=\"summary_large_image\" \/>\n<meta name=\"twitter:label1\" content=\"\u00c9crit par\" \/>\n\t<meta name=\"twitter:data1\" content=\"Autojm\" \/>\n\t<meta name=\"twitter:label2\" content=\"Dur\u00e9e de lecture estim\u00e9e\" \/>\n\t<meta name=\"twitter:data2\" content=\"5 minutes\" \/>\n<script type=\"application\/ld+json\" class=\"yoast-schema-graph\">{\"@context\":\"https:\\\/\\\/schema.org\",\"@graph\":[{\"@type\":\"Article\",\"@id\":\"https:\\\/\\\/www.autojm.fr\\\/blog\\\/la-voiture-electrique-en-plein-boom\\\/#article\",\"isPartOf\":{\"@id\":\"https:\\\/\\\/www.autojm.fr\\\/blog\\\/la-voiture-electrique-en-plein-boom\\\/\"},\"author\":{\"name\":\"Autojm\",\"@id\":\"https:\\\/\\\/www.autojm.fr\\\/blog\\\/#\\\/schema\\\/person\\\/9742bc77541853e0de81fc57f947e1a0\"},\"headline\":\"La voiture \u00e9lectrique en plein boom\",\"datePublished\":\"2021-12-23T00:00:00+00:00\",\"dateModified\":\"2022-12-13T09:16:58+00:00\",\"mainEntityOfPage\":{\"@id\":\"https:\\\/\\\/www.autojm.fr\\\/blog\\\/la-voiture-electrique-en-plein-boom\\\/\"},\"wordCount\":613,\"commentCount\":0,\"publisher\":{\"@id\":\"https:\\\/\\\/www.autojm.fr\\\/blog\\\/#organization\"},\"image\":{\"@id\":\"https:\\\/\\\/www.autojm.fr\\\/blog\\\/la-voiture-electrique-en-plein-boom\\\/#primaryimage\"},\"thumbnailUrl\":\"https:\\\/\\\/www.autojm.fr\\\/blog\\\/wp-content\\\/uploads\\\/2022\\\/10\\\/657-scaled.jpg\",\"keywords\":[\"autojm\",\"citroen\",\"Citro\u00ebn C4X\",\"Citro\u00ebn Jumpy FG Tole\",\"Citro\u00ebn nouvelle C4\",\"DS\",\"DS3\",\"peugeot\",\"Peugeot e-208\",\"Peugeot e-308\"],\"articleSection\":[\"Actualit\u00e9 Automobile\"],\"inLanguage\":\"fr-FR\",\"potentialAction\":[{\"@type\":\"CommentAction\",\"name\":\"Comment\",\"target\":[\"https:\\\/\\\/www.autojm.fr\\\/blog\\\/la-voiture-electrique-en-plein-boom\\\/#respond\"]}]},{\"@type\":\"WebPage\",\"@id\":\"https:\\\/\\\/www.autojm.fr\\\/blog\\\/la-voiture-electrique-en-plein-boom\\\/\",\"url\":\"https:\\\/\\\/www.autojm.fr\\\/blog\\\/la-voiture-electrique-en-plein-boom\\\/\",\"name\":\"La voiture \u00e9lectrique en plein boom - AutoJM Mag\",\"isPartOf\":{\"@id\":\"https:\\\/\\\/www.autojm.fr\\\/blog\\\/#website\"},\"primaryImageOfPage\":{\"@id\":\"https:\\\/\\\/www.autojm.fr\\\/blog\\\/la-voiture-electrique-en-plein-boom\\\/#primaryimage\"},\"image\":{\"@id\":\"https:\\\/\\\/www.autojm.fr\\\/blog\\\/la-voiture-electrique-en-plein-boom\\\/#primaryimage\"},\"thumbnailUrl\":\"https:\\\/\\\/www.autojm.fr\\\/blog\\\/wp-content\\\/uploads\\\/2022\\\/10\\\/657-scaled.jpg\",\"datePublished\":\"2021-12-23T00:00:00+00:00\",\"dateModified\":\"2022-12-13T09:16:58+00:00\",\"description\":\"\u00c0 l'heure o\u00f9 le secteur de l'automobile peine \u00e0 retrouver une forme olympique, frein\u00e9 par le Covid puis par la p\u00e9nurie de semi-conducteurs...\",\"breadcrumb\":{\"@id\":\"https:\\\/\\\/www.autojm.fr\\\/blog\\\/la-voiture-electrique-en-plein-boom\\\/#breadcrumb\"},\"inLanguage\":\"fr-FR\",\"potentialAction\":[{\"@type\":\"ReadAction\",\"target\":[\"https:\\\/\\\/www.autojm.fr\\\/blog\\\/la-voiture-electrique-en-plein-boom\\\/\"]}]},{\"@type\":\"ImageObject\",\"inLanguage\":\"fr-FR\",\"@id\":\"https:\\\/\\\/www.autojm.fr\\\/blog\\\/la-voiture-electrique-en-plein-boom\\\/#primaryimage\",\"url\":\"https:\\\/\\\/www.autojm.fr\\\/blog\\\/wp-content\\\/uploads\\\/2022\\\/10\\\/657-scaled.jpg\",\"contentUrl\":\"https:\\\/\\\/www.autojm.fr\\\/blog\\\/wp-content\\\/uploads\\\/2022\\\/10\\\/657-scaled.jpg\",\"width\":2560,\"height\":1160,\"caption\":\"Voitures \u00e9lectriques\"},{\"@type\":\"BreadcrumbList\",\"@id\":\"https:\\\/\\\/www.autojm.fr\\\/blog\\\/la-voiture-electrique-en-plein-boom\\\/#breadcrumb\",\"itemListElement\":[{\"@type\":\"ListItem\",\"position\":1,\"name\":\"Accueil\",\"item\":\"https:\\\/\\\/www.autojm.fr\\\/blog\\\/\"},{\"@type\":\"ListItem\",\"position\":2,\"name\":\"Actualit\u00e9 Automobile\",\"item\":\"https:\\\/\\\/www.autojm.fr\\\/blog\\\/actualite-automobile\\\/\"},{\"@type\":\"ListItem\",\"position\":3,\"name\":\"La voiture \u00e9lectrique en plein boom\"}]},{\"@type\":\"WebSite\",\"@id\":\"https:\\\/\\\/www.autojm.fr\\\/blog\\\/#website\",\"url\":\"https:\\\/\\\/www.autojm.fr\\\/blog\\\/\",\"name\":\"AutoJM Mag\",\"description\":\"Toute l&#039;actu auto en 1 clic !\",\"publisher\":{\"@id\":\"https:\\\/\\\/www.autojm.fr\\\/blog\\\/#organization\"},\"potentialAction\":[{\"@type\":\"SearchAction\",\"target\":{\"@type\":\"EntryPoint\",\"urlTemplate\":\"https:\\\/\\\/www.autojm.fr\\\/blog\\\/?s={search_term_string}\"},\"query-input\":{\"@type\":\"PropertyValueSpecification\",\"valueRequired\":true,\"valueName\":\"search_term_string\"}}],\"inLanguage\":\"fr-FR\"},{\"@type\":\"Organization\",\"@id\":\"https:\\\/\\\/www.autojm.fr\\\/blog\\\/#organization\",\"name\":\"AutoJM Mag\",\"url\":\"https:\\\/\\\/www.autojm.fr\\\/blog\\\/\",\"logo\":{\"@type\":\"ImageObject\",\"inLanguage\":\"fr-FR\",\"@id\":\"https:\\\/\\\/www.autojm.fr\\\/blog\\\/#\\\/schema\\\/logo\\\/image\\\/\",\"url\":\"https:\\\/\\\/www.autojm.fr\\\/blog\\\/wp-content\\\/uploads\\\/2022\\\/12\\\/cropped-AutoJMag-png.png\",\"contentUrl\":\"https:\\\/\\\/www.autojm.fr\\\/blog\\\/wp-content\\\/uploads\\\/2022\\\/12\\\/cropped-AutoJMag-png.png\",\"width\":2834,\"height\":585,\"caption\":\"AutoJM Mag\"},\"image\":{\"@id\":\"https:\\\/\\\/www.autojm.fr\\\/blog\\\/#\\\/schema\\\/logo\\\/image\\\/\"},\"sameAs\":[\"https:\\\/\\\/www.facebook.com\\\/AutoJM25\"]},{\"@type\":\"Person\",\"@id\":\"https:\\\/\\\/www.autojm.fr\\\/blog\\\/#\\\/schema\\\/person\\\/9742bc77541853e0de81fc57f947e1a0\",\"name\":\"Autojm\",\"image\":{\"@type\":\"ImageObject\",\"inLanguage\":\"fr-FR\",\"@id\":\"https:\\\/\\\/secure.gravatar.com\\\/avatar\\\/9a959d52b758fcc232fe4b6aca7bab139182573297122cce7d6f2ee0e537b418?s=96&d=mm&r=g\",\"url\":\"https:\\\/\\\/secure.gravatar.com\\\/avatar\\\/9a959d52b758fcc232fe4b6aca7bab139182573297122cce7d6f2ee0e537b418?s=96&d=mm&r=g\",\"contentUrl\":\"https:\\\/\\\/secure.gravatar.com\\\/avatar\\\/9a959d52b758fcc232fe4b6aca7bab139182573297122cce7d6f2ee0e537b418?s=96&d=mm&r=g\",\"caption\":\"Autojm\"},\"sameAs\":[\"https:\\\/\\\/www.autojm.fr\\\/blog\"],\"url\":\"https:\\\/\\\/www.autojm.fr\\\/blog\\\/author\\\/bichoi\\\/\"}]}<\/script>\n<!-- \/ Yoast SEO plugin. -->","yoast_head_json":{"title":"La voiture \u00e9lectrique en plein boom - AutoJM Mag","description":"\u00c0 l'heure o\u00f9 le secteur de l'automobile peine \u00e0 retrouver une forme olympique, frein\u00e9 par le Covid puis par la p\u00e9nurie de semi-conducteurs...","robots":{"index":"index","follow":"follow","max-snippet":"max-snippet:-1","max-image-preview":"max-image-preview:large","max-video-preview":"max-video-preview:-1"},"canonical":"https:\/\/www.autojm.fr\/blog\/la-voiture-electrique-en-plein-boom\/","og_locale":"fr_FR","og_type":"article","og_title":"La voiture \u00e9lectrique en plein boom - AutoJM Mag","og_description":"\u00c0 l'heure o\u00f9 le secteur de l'automobile peine \u00e0 retrouver une forme olympique, frein\u00e9 par le Covid puis par la p\u00e9nurie de semi-conducteurs...","og_url":"https:\/\/www.autojm.fr\/blog\/la-voiture-electrique-en-plein-boom\/","og_site_name":"AutoJM Mag","article_publisher":"https:\/\/www.facebook.com\/AutoJM25","article_published_time":"2021-12-23T00:00:00+00:00","article_modified_time":"2022-12-13T09:16:58+00:00","og_image":[{"width":2560,"height":1160,"url":"https:\/\/www.autojm.fr\/blog\/wp-content\/uploads\/2022\/10\/657-scaled.jpg","type":"image\/jpeg"}],"author":"Autojm","twitter_card":"summary_large_image","twitter_misc":{"\u00c9crit par":"Autojm","Dur\u00e9e de lecture estim\u00e9e":"5 minutes"},"schema":{"@context":"https:\/\/schema.org","@graph":[{"@type":"Article","@id":"https:\/\/www.autojm.fr\/blog\/la-voiture-electrique-en-plein-boom\/#article","isPartOf":{"@id":"https:\/\/www.autojm.fr\/blog\/la-voiture-electrique-en-plein-boom\/"},"author":{"name":"Autojm","@id":"https:\/\/www.autojm.fr\/blog\/#\/schema\/person\/9742bc77541853e0de81fc57f947e1a0"},"headline":"La voiture \u00e9lectrique en plein boom","datePublished":"2021-12-23T00:00:00+00:00","dateModified":"2022-12-13T09:16:58+00:00","mainEntityOfPage":{"@id":"https:\/\/www.autojm.fr\/blog\/la-voiture-electrique-en-plein-boom\/"},"wordCount":613,"commentCount":0,"publisher":{"@id":"https:\/\/www.autojm.fr\/blog\/#organization"},"image":{"@id":"https:\/\/www.autojm.fr\/blog\/la-voiture-electrique-en-plein-boom\/#primaryimage"},"thumbnailUrl":"https:\/\/www.autojm.fr\/blog\/wp-content\/uploads\/2022\/10\/657-scaled.jpg","keywords":["autojm","citroen","Citro\u00ebn C4X","Citro\u00ebn Jumpy FG Tole","Citro\u00ebn nouvelle C4","DS","DS3","peugeot","Peugeot e-208","Peugeot e-308"],"articleSection":["Actualit\u00e9 Automobile"],"inLanguage":"fr-FR","potentialAction":[{"@type":"CommentAction","name":"Comment","target":["https:\/\/www.autojm.fr\/blog\/la-voiture-electrique-en-plein-boom\/#respond"]}]},{"@type":"WebPage","@id":"https:\/\/www.autojm.fr\/blog\/la-voiture-electrique-en-plein-boom\/","url":"https:\/\/www.autojm.fr\/blog\/la-voiture-electrique-en-plein-boom\/","name":"La voiture \u00e9lectrique en plein boom - AutoJM Mag","isPartOf":{"@id":"https:\/\/www.autojm.fr\/blog\/#website"},"primaryImageOfPage":{"@id":"https:\/\/www.autojm.fr\/blog\/la-voiture-electrique-en-plein-boom\/#primaryimage"},"image":{"@id":"https:\/\/www.autojm.fr\/blog\/la-voiture-electrique-en-plein-boom\/#primaryimage"},"thumbnailUrl":"https:\/\/www.autojm.fr\/blog\/wp-content\/uploads\/2022\/10\/657-scaled.jpg","datePublished":"2021-12-23T00:00:00+00:00","dateModified":"2022-12-13T09:16:58+00:00","description":"\u00c0 l'heure o\u00f9 le secteur de l'automobile peine \u00e0 retrouver une forme olympique, frein\u00e9 par le Covid puis par la p\u00e9nurie de semi-conducteurs...","breadcrumb":{"@id":"https:\/\/www.autojm.fr\/blog\/la-voiture-electrique-en-plein-boom\/#breadcrumb"},"inLanguage":"fr-FR","potentialAction":[{"@type":"ReadAction","target":["https:\/\/www.autojm.fr\/blog\/la-voiture-electrique-en-plein-boom\/"]}]},{"@type":"ImageObject","inLanguage":"fr-FR","@id":"https:\/\/www.autojm.fr\/blog\/la-voiture-electrique-en-plein-boom\/#primaryimage","url":"https:\/\/www.autojm.fr\/blog\/wp-content\/uploads\/2022\/10\/657-scaled.jpg","contentUrl":"https:\/\/www.autojm.fr\/blog\/wp-content\/uploads\/2022\/10\/657-scaled.jpg","width":2560,"height":1160,"caption":"Voitures \u00e9lectriques"},{"@type":"BreadcrumbList","@id":"https:\/\/www.autojm.fr\/blog\/la-voiture-electrique-en-plein-boom\/#breadcrumb","itemListElement":[{"@type":"ListItem","position":1,"name":"Accueil","item":"https:\/\/www.autojm.fr\/blog\/"},{"@type":"ListItem","position":2,"name":"Actualit\u00e9 Automobile","item":"https:\/\/www.autojm.fr\/blog\/actualite-automobile\/"},{"@type":"ListItem","position":3,"name":"La voiture \u00e9lectrique en plein boom"}]},{"@type":"WebSite","@id":"https:\/\/www.autojm.fr\/blog\/#website","url":"https:\/\/www.autojm.fr\/blog\/","name":"AutoJM Mag","description":"Toute l&#039;actu auto en 1 clic !","publisher":{"@id":"https:\/\/www.autojm.fr\/blog\/#organization"},"potentialAction":[{"@type":"SearchAction","target":{"@type":"EntryPoint","urlTemplate":"https:\/\/www.autojm.fr\/blog\/?s={search_term_string}"},"query-input":{"@type":"PropertyValueSpecification","valueRequired":true,"valueName":"search_term_string"}}],"inLanguage":"fr-FR"},{"@type":"Organization","@id":"https:\/\/www.autojm.fr\/blog\/#organization","name":"AutoJM Mag","url":"https:\/\/www.autojm.fr\/blog\/","logo":{"@type":"ImageObject","inLanguage":"fr-FR","@id":"https:\/\/www.autojm.fr\/blog\/#\/schema\/logo\/image\/","url":"https:\/\/www.autojm.fr\/blog\/wp-content\/uploads\/2022\/12\/cropped-AutoJMag-png.png","contentUrl":"https:\/\/www.autojm.fr\/blog\/wp-content\/uploads\/2022\/12\/cropped-AutoJMag-png.png","width":2834,"height":585,"caption":"AutoJM Mag"},"image":{"@id":"https:\/\/www.autojm.fr\/blog\/#\/schema\/logo\/image\/"},"sameAs":["https:\/\/www.facebook.com\/AutoJM25"]},{"@type":"Person","@id":"https:\/\/www.autojm.fr\/blog\/#\/schema\/person\/9742bc77541853e0de81fc57f947e1a0","name":"Autojm","image":{"@type":"ImageObject","inLanguage":"fr-FR","@id":"https:\/\/secure.gravatar.com\/avatar\/9a959d52b758fcc232fe4b6aca7bab139182573297122cce7d6f2ee0e537b418?s=96&d=mm&r=g","url":"https:\/\/secure.gravatar.com\/avatar\/9a959d52b758fcc232fe4b6aca7bab139182573297122cce7d6f2ee0e537b418?s=96&d=mm&r=g","contentUrl":"https:\/\/secure.gravatar.com\/avatar\/9a959d52b758fcc232fe4b6aca7bab139182573297122cce7d6f2ee0e537b418?s=96&d=mm&r=g","caption":"Autojm"},"sameAs":["https:\/\/www.autojm.fr\/blog"],"url":"https:\/\/www.autojm.fr\/blog\/author\/bichoi\/"}]}},"_links":{"self":[{"href":"https:\/\/www.autojm.fr\/blog\/wp-json\/wp\/v2\/posts\/3927","targetHints":{"allow":["GET"]}}],"collection":[{"href":"https:\/\/www.autojm.fr\/blog\/wp-json\/wp\/v2\/posts"}],"about":[{"href":"https:\/\/www.autojm.fr\/blog\/wp-json\/wp\/v2\/types\/post"}],"author":[{"embeddable":true,"href":"https:\/\/www.autojm.fr\/blog\/wp-json\/wp\/v2\/users\/1"}],"replies":[{"embeddable":true,"href":"https:\/\/www.autojm.fr\/blog\/wp-json\/wp\/v2\/comments?post=3927"}],"version-history":[{"count":5,"href":"https:\/\/www.autojm.fr\/blog\/wp-json\/wp\/v2\/posts\/3927\/revisions"}],"predecessor-version":[{"id":6961,"href":"https:\/\/www.autojm.fr\/blog\/wp-json\/wp\/v2\/posts\/3927\/revisions\/6961"}],"wp:featuredmedia":[{"embeddable":true,"href":"https:\/\/www.autojm.fr\/blog\/wp-json\/wp\/v2\/media\/5985"}],"wp:attachment":[{"href":"https:\/\/www.autojm.fr\/blog\/wp-json\/wp\/v2\/media?parent=3927"}],"wp:term":[{"taxonomy":"category","embeddable":true,"href":"https:\/\/www.autojm.fr\/blog\/wp-json\/wp\/v2\/categories?post=3927"},{"taxonomy":"post_tag","embeddable":true,"href":"https:\/\/www.autojm.fr\/blog\/wp-json\/wp\/v2\/tags?post=3927"}],"curies":[{"name":"wp","href":"https:\/\/api.w.org\/{rel}","templated":true}]}}