{"id":3925,"date":"2021-11-30T00:00:00","date_gmt":"2021-11-30T00:00:00","guid":{"rendered":"https:\/\/www.autojm.fr\/blog\/malus-auto-ce-qui-change-au-mois-de-janvier\/"},"modified":"2023-04-19T11:52:13","modified_gmt":"2023-04-19T11:52:13","slug":"malus-auto-ce-qui-change-au-mois-de-janvier","status":"publish","type":"post","link":"https:\/\/www.autojm.fr\/blog\/malus-auto-ce-qui-change-au-mois-de-janvier\/","title":{"rendered":"Malus auto : ce qui change au mois de janvier"},"content":{"rendered":"<p>Il y a quelques semaines, la Ministre de la Transition \u00e9cologique a annonc\u00e9 un report de la nouvelle prime \u00e0 la conversion et du nouveau bonus \u00e9cologique. Alors que ces aides \u00e0 l&rsquo;achat devaient \u00eatre diminu\u00e9es au 1er janvier 2022, les montants actuels sont reconduits jusqu&rsquo;au 1er juillet 2022 pour continuer de motiver les automobilistes \u00e0 l&rsquo;achat de v\u00e9hicules propres. Et parce que l&rsquo;Etat cherche avant tout \u00e0 encourager l&rsquo;achat des mod\u00e8les \u00e9cologiques, le <strong><a href=\"https:\/\/www.autojm.fr\/bonus-malus?part=blog&amp;utm_source=articleblog011221&amp;utm_medium=blog\">malus automobile<\/a><\/strong> aura, lui, droit \u00e0 une mise \u00e0 jour pour ce d\u00e9but d&rsquo;ann\u00e9e. On fait le point sur le malus auto 2022 et le nouveau malus au poids.<\/p>\n<h2>Malus \u00e9cologique : nouvelles r\u00e8gles pour 2022<\/h2>\n<p>Alors que le malus \u00e9cologique \u00e9tait jusqu&rsquo;ici appliqu\u00e9 aux v\u00e9hicules \u00e9mettant 133 gr de CO2 par kilom\u00e8tre (et plus), il sera, au 1er janvier, applicable sur les mod\u00e8les \u00e0 partir de 128 gr de CO2 par kilom\u00e8tre. Le montant sera de 50\u20ac pour les v\u00e9hicules \u00e0 128 gr, et ira jusqu&rsquo;\u00e0 40 000\u20ac pour les voitures au-dessus de 223 gr. Le plafond passera donc de 30 000\u20ac \u00e0 40 000\u20ac, et de 218 gr \u00e0 223 gr. Le montant du malus ne pourra pas exc\u00e9der 50% du prix du v\u00e9hicule.<br \/>\nLes mod\u00e8les les plus puissants qui seront d\u00e9sormais tax\u00e9s \u00e0 40 000\u20ac sont sans surprise les plus puissants et co\u00fbteux du march\u00e9. On rel\u00e8ve notamment l&rsquo;Alfa Romeo Giulia Quadrifoglio, au prix initial de 89 700\u20ac, l&rsquo;Audi RS4 Avant \u00e0 98 410\u20ac ou encore la BMW M3 \u00e0 102 000\u20ac.<\/p>\n<h2>Malus au poids pour les v\u00e9hicules<\/h2>\n<h3>Les voitures de plus de 1,8 tonne condamn\u00e9es<\/h3>\n<p>Le malus au poids fera quant \u00e0 lui son entr\u00e9e au 1er janvier 2022. Au-del\u00e0 de 1,8 tonne, les v\u00e9hicules seront soumis \u00e0 une taxe au poids avec 10\u20ac \u00e0 r\u00e9gler par kilogramme suppl\u00e9mentaire. Les familles nombreuses (au moins 3 enfants \u00e0 charge) et familles d&rsquo;accueil pourront b\u00e9n\u00e9ficier d&rsquo;une r\u00e9duction de ce malus (sous conditions). Enfin, les v\u00e9hicules hybrides rechargeables et \u00e9lectriques seront exempt\u00e9s de ce malus.<\/p>\n<h3>Un malus au poids qui concerne peu de mod\u00e8les&#8230;<\/h3>\n<p>Mis en place suite \u00e0 la demande de la Convention Citoyenne pour le Climat, il avait pour but premier de faire baisser les ventes de SUV, ces mod\u00e8les qui ont la cote depuis plusieurs ann\u00e9es et qui, \u00e0 cause de leur gabarit, sont plus polluants que des citadines ou berlines. Mais en r\u00e9alit\u00e9, peu de SUV seront concern\u00e9s par la r\u00e9glementation li\u00e9e \u00e0 ce malus puisqu&rsquo;ils sont peu \u00e0 d\u00e9passer 1,8 tonne. D&rsquo;apr\u00e8s le journal Sud Ouest, aucun des 20 SUV les plus vendus n&rsquo;est concern\u00e9 par le malus.<\/p>\n<p>Aucune \u00e9volution n&rsquo;est pour l&rsquo;instant annonc\u00e9e concernant cette nouvelle taxe. Mais on a fort \u00e0 parier qu&rsquo;elle devrait, d&rsquo;ici 1 ou 2 ans, \u00e9voluer de fa\u00e7on n\u00e9gative ! C&rsquo;est le moment ou jamais d&rsquo;acheter une grosse voiture si vous \u00eates int\u00e9ress\u00e9 par ces mod\u00e8les.<\/p>\n<p style=\"margin-top: 1.75em; margin-bottom: 1.75em; font-size: 0.813em; line-height: 1.5em; color: #666666; font-family: Arial, Helvetica, sans-serif;\">\n","protected":false},"excerpt":{"rendered":"<p>Il y a quelques semaines, la Ministre de la Transition \u00e9cologique a annonc\u00e9 un report de la nouvelle prime \u00e0 la conversion et du nouveau bonus \u00e9cologique. Alors que ces aides \u00e0 l&rsquo;achat devaient \u00eatre diminu\u00e9es au 1er janvier 2022, les montants actuels sont reconduits jusqu&rsquo;au 1er juillet 2022 pour continuer de motiver les automobilistes \u00e0 l&rsquo;achat de v\u00e9hicules propres.<\/p>\n","protected":false},"author":1,"featured_media":5983,"comment_status":"open","ping_status":"open","sticky":false,"template":"","format":"standard","meta":{"_acf_changed":false,"content-type":"","footnotes":""},"categories":[5],"tags":[90,79,74,105,110,109,106,108,107,73,78,96],"class_list":["post-3925","post","type-post","status-publish","format-standard","has-post-thumbnail","hentry","category-actualite-automobile","tag-autojm","tag-citroen","tag-dacia","tag-ds","tag-fiat","tag-ford","tag-kia","tag-nissan","tag-opel","tag-peugeot","tag-renault","tag-volkswagen"],"acf":[],"yoast_head":"<!-- This site is optimized with the Yoast SEO plugin v27.5 - https:\/\/yoast.com\/product\/yoast-seo-wordpress\/ -->\n<title>Malus auto : ce qui change au mois de janvier - AutoJM Mag<\/title>\n<meta name=\"description\" content=\"Alors que les aides pour l&#039;achat de v\u00e9hicules propres devaient \u00eatre revues \u00e0 la baisse au 1er janvier 2022, les montants sont reconduits...\" \/>\n<meta name=\"robots\" content=\"index, follow, max-snippet:-1, max-image-preview:large, max-video-preview:-1\" \/>\n<link rel=\"canonical\" href=\"https:\/\/www.autojm.fr\/blog\/malus-auto-ce-qui-change-au-mois-de-janvier\/\" \/>\n<meta property=\"og:locale\" content=\"fr_FR\" \/>\n<meta property=\"og:type\" content=\"article\" \/>\n<meta property=\"og:title\" content=\"Malus auto : ce qui change au mois de janvier - AutoJM Mag\" \/>\n<meta property=\"og:description\" content=\"Alors que les aides pour l&#039;achat de v\u00e9hicules propres devaient \u00eatre revues \u00e0 la baisse au 1er janvier 2022, les montants sont reconduits...\" \/>\n<meta property=\"og:url\" content=\"https:\/\/www.autojm.fr\/blog\/malus-auto-ce-qui-change-au-mois-de-janvier\/\" \/>\n<meta property=\"og:site_name\" content=\"AutoJM Mag\" \/>\n<meta property=\"article:publisher\" content=\"https:\/\/www.facebook.com\/AutoJM25\" \/>\n<meta property=\"article:published_time\" content=\"2021-11-30T00:00:00+00:00\" \/>\n<meta property=\"article:modified_time\" content=\"2023-04-19T11:52:13+00:00\" \/>\n<meta property=\"og:image\" content=\"https:\/\/www.autojm.fr\/blog\/wp-content\/uploads\/2022\/10\/655.jpg\" \/>\n\t<meta property=\"og:image:width\" content=\"1024\" \/>\n\t<meta property=\"og:image:height\" content=\"465\" \/>\n\t<meta property=\"og:image:type\" content=\"image\/jpeg\" \/>\n<meta name=\"author\" content=\"Autojm\" \/>\n<meta name=\"twitter:card\" content=\"summary_large_image\" \/>\n<meta name=\"twitter:label1\" content=\"\u00c9crit par\" \/>\n\t<meta name=\"twitter:data1\" content=\"Autojm\" \/>\n\t<meta name=\"twitter:label2\" content=\"Dur\u00e9e de lecture estim\u00e9e\" \/>\n\t<meta name=\"twitter:data2\" content=\"3 minutes\" \/>\n<script type=\"application\/ld+json\" class=\"yoast-schema-graph\">{\"@context\":\"https:\\\/\\\/schema.org\",\"@graph\":[{\"@type\":\"Article\",\"@id\":\"https:\\\/\\\/www.autojm.fr\\\/blog\\\/malus-auto-ce-qui-change-au-mois-de-janvier\\\/#article\",\"isPartOf\":{\"@id\":\"https:\\\/\\\/www.autojm.fr\\\/blog\\\/malus-auto-ce-qui-change-au-mois-de-janvier\\\/\"},\"author\":{\"name\":\"Autojm\",\"@id\":\"https:\\\/\\\/www.autojm.fr\\\/blog\\\/#\\\/schema\\\/person\\\/9742bc77541853e0de81fc57f947e1a0\"},\"headline\":\"Malus auto : ce qui change au mois de janvier\",\"datePublished\":\"2021-11-30T00:00:00+00:00\",\"dateModified\":\"2023-04-19T11:52:13+00:00\",\"mainEntityOfPage\":{\"@id\":\"https:\\\/\\\/www.autojm.fr\\\/blog\\\/malus-auto-ce-qui-change-au-mois-de-janvier\\\/\"},\"wordCount\":465,\"commentCount\":0,\"publisher\":{\"@id\":\"https:\\\/\\\/www.autojm.fr\\\/blog\\\/#organization\"},\"image\":{\"@id\":\"https:\\\/\\\/www.autojm.fr\\\/blog\\\/malus-auto-ce-qui-change-au-mois-de-janvier\\\/#primaryimage\"},\"thumbnailUrl\":\"https:\\\/\\\/www.autojm.fr\\\/blog\\\/wp-content\\\/uploads\\\/2022\\\/10\\\/655.jpg\",\"keywords\":[\"autojm\",\"citroen\",\"dacia\",\"DS\",\"Fiat\",\"Ford\",\"Kia\",\"Nissan\",\"Opel\",\"peugeot\",\"renault\",\"Volkswagen\"],\"articleSection\":[\"Actualit\u00e9 Automobile\"],\"inLanguage\":\"fr-FR\",\"potentialAction\":[{\"@type\":\"CommentAction\",\"name\":\"Comment\",\"target\":[\"https:\\\/\\\/www.autojm.fr\\\/blog\\\/malus-auto-ce-qui-change-au-mois-de-janvier\\\/#respond\"]}]},{\"@type\":\"WebPage\",\"@id\":\"https:\\\/\\\/www.autojm.fr\\\/blog\\\/malus-auto-ce-qui-change-au-mois-de-janvier\\\/\",\"url\":\"https:\\\/\\\/www.autojm.fr\\\/blog\\\/malus-auto-ce-qui-change-au-mois-de-janvier\\\/\",\"name\":\"Malus auto : ce qui change au mois de janvier - AutoJM Mag\",\"isPartOf\":{\"@id\":\"https:\\\/\\\/www.autojm.fr\\\/blog\\\/#website\"},\"primaryImageOfPage\":{\"@id\":\"https:\\\/\\\/www.autojm.fr\\\/blog\\\/malus-auto-ce-qui-change-au-mois-de-janvier\\\/#primaryimage\"},\"image\":{\"@id\":\"https:\\\/\\\/www.autojm.fr\\\/blog\\\/malus-auto-ce-qui-change-au-mois-de-janvier\\\/#primaryimage\"},\"thumbnailUrl\":\"https:\\\/\\\/www.autojm.fr\\\/blog\\\/wp-content\\\/uploads\\\/2022\\\/10\\\/655.jpg\",\"datePublished\":\"2021-11-30T00:00:00+00:00\",\"dateModified\":\"2023-04-19T11:52:13+00:00\",\"description\":\"Alors que les aides pour l'achat de v\u00e9hicules propres devaient \u00eatre revues \u00e0 la baisse au 1er janvier 2022, les montants sont reconduits...\",\"breadcrumb\":{\"@id\":\"https:\\\/\\\/www.autojm.fr\\\/blog\\\/malus-auto-ce-qui-change-au-mois-de-janvier\\\/#breadcrumb\"},\"inLanguage\":\"fr-FR\",\"potentialAction\":[{\"@type\":\"ReadAction\",\"target\":[\"https:\\\/\\\/www.autojm.fr\\\/blog\\\/malus-auto-ce-qui-change-au-mois-de-janvier\\\/\"]}]},{\"@type\":\"ImageObject\",\"inLanguage\":\"fr-FR\",\"@id\":\"https:\\\/\\\/www.autojm.fr\\\/blog\\\/malus-auto-ce-qui-change-au-mois-de-janvier\\\/#primaryimage\",\"url\":\"https:\\\/\\\/www.autojm.fr\\\/blog\\\/wp-content\\\/uploads\\\/2022\\\/10\\\/655.jpg\",\"contentUrl\":\"https:\\\/\\\/www.autojm.fr\\\/blog\\\/wp-content\\\/uploads\\\/2022\\\/10\\\/655.jpg\",\"width\":1024,\"height\":465,\"caption\":\"Malus auto\"},{\"@type\":\"BreadcrumbList\",\"@id\":\"https:\\\/\\\/www.autojm.fr\\\/blog\\\/malus-auto-ce-qui-change-au-mois-de-janvier\\\/#breadcrumb\",\"itemListElement\":[{\"@type\":\"ListItem\",\"position\":1,\"name\":\"Accueil\",\"item\":\"https:\\\/\\\/www.autojm.fr\\\/blog\\\/\"},{\"@type\":\"ListItem\",\"position\":2,\"name\":\"Actualit\u00e9 Automobile\",\"item\":\"https:\\\/\\\/www.autojm.fr\\\/blog\\\/actualite-automobile\\\/\"},{\"@type\":\"ListItem\",\"position\":3,\"name\":\"Malus auto : ce qui change au mois de janvier\"}]},{\"@type\":\"WebSite\",\"@id\":\"https:\\\/\\\/www.autojm.fr\\\/blog\\\/#website\",\"url\":\"https:\\\/\\\/www.autojm.fr\\\/blog\\\/\",\"name\":\"AutoJM Mag\",\"description\":\"Toute l&#039;actu auto en 1 clic !\",\"publisher\":{\"@id\":\"https:\\\/\\\/www.autojm.fr\\\/blog\\\/#organization\"},\"potentialAction\":[{\"@type\":\"SearchAction\",\"target\":{\"@type\":\"EntryPoint\",\"urlTemplate\":\"https:\\\/\\\/www.autojm.fr\\\/blog\\\/?s={search_term_string}\"},\"query-input\":{\"@type\":\"PropertyValueSpecification\",\"valueRequired\":true,\"valueName\":\"search_term_string\"}}],\"inLanguage\":\"fr-FR\"},{\"@type\":\"Organization\",\"@id\":\"https:\\\/\\\/www.autojm.fr\\\/blog\\\/#organization\",\"name\":\"AutoJM Mag\",\"url\":\"https:\\\/\\\/www.autojm.fr\\\/blog\\\/\",\"logo\":{\"@type\":\"ImageObject\",\"inLanguage\":\"fr-FR\",\"@id\":\"https:\\\/\\\/www.autojm.fr\\\/blog\\\/#\\\/schema\\\/logo\\\/image\\\/\",\"url\":\"https:\\\/\\\/www.autojm.fr\\\/blog\\\/wp-content\\\/uploads\\\/2022\\\/12\\\/cropped-AutoJMag-png.png\",\"contentUrl\":\"https:\\\/\\\/www.autojm.fr\\\/blog\\\/wp-content\\\/uploads\\\/2022\\\/12\\\/cropped-AutoJMag-png.png\",\"width\":2834,\"height\":585,\"caption\":\"AutoJM Mag\"},\"image\":{\"@id\":\"https:\\\/\\\/www.autojm.fr\\\/blog\\\/#\\\/schema\\\/logo\\\/image\\\/\"},\"sameAs\":[\"https:\\\/\\\/www.facebook.com\\\/AutoJM25\"]},{\"@type\":\"Person\",\"@id\":\"https:\\\/\\\/www.autojm.fr\\\/blog\\\/#\\\/schema\\\/person\\\/9742bc77541853e0de81fc57f947e1a0\",\"name\":\"Autojm\",\"image\":{\"@type\":\"ImageObject\",\"inLanguage\":\"fr-FR\",\"@id\":\"https:\\\/\\\/secure.gravatar.com\\\/avatar\\\/9a959d52b758fcc232fe4b6aca7bab139182573297122cce7d6f2ee0e537b418?s=96&d=mm&r=g\",\"url\":\"https:\\\/\\\/secure.gravatar.com\\\/avatar\\\/9a959d52b758fcc232fe4b6aca7bab139182573297122cce7d6f2ee0e537b418?s=96&d=mm&r=g\",\"contentUrl\":\"https:\\\/\\\/secure.gravatar.com\\\/avatar\\\/9a959d52b758fcc232fe4b6aca7bab139182573297122cce7d6f2ee0e537b418?s=96&d=mm&r=g\",\"caption\":\"Autojm\"},\"sameAs\":[\"https:\\\/\\\/www.autojm.fr\\\/blog\"],\"url\":\"https:\\\/\\\/www.autojm.fr\\\/blog\\\/author\\\/bichoi\\\/\"}]}<\/script>\n<!-- \/ Yoast SEO plugin. -->","yoast_head_json":{"title":"Malus auto : ce qui change au mois de janvier - AutoJM Mag","description":"Alors que les aides pour l'achat de v\u00e9hicules propres devaient \u00eatre revues \u00e0 la baisse au 1er janvier 2022, les montants sont reconduits...","robots":{"index":"index","follow":"follow","max-snippet":"max-snippet:-1","max-image-preview":"max-image-preview:large","max-video-preview":"max-video-preview:-1"},"canonical":"https:\/\/www.autojm.fr\/blog\/malus-auto-ce-qui-change-au-mois-de-janvier\/","og_locale":"fr_FR","og_type":"article","og_title":"Malus auto : ce qui change au mois de janvier - AutoJM Mag","og_description":"Alors que les aides pour l'achat de v\u00e9hicules propres devaient \u00eatre revues \u00e0 la baisse au 1er janvier 2022, les montants sont reconduits...","og_url":"https:\/\/www.autojm.fr\/blog\/malus-auto-ce-qui-change-au-mois-de-janvier\/","og_site_name":"AutoJM Mag","article_publisher":"https:\/\/www.facebook.com\/AutoJM25","article_published_time":"2021-11-30T00:00:00+00:00","article_modified_time":"2023-04-19T11:52:13+00:00","og_image":[{"width":1024,"height":465,"url":"https:\/\/www.autojm.fr\/blog\/wp-content\/uploads\/2022\/10\/655.jpg","type":"image\/jpeg"}],"author":"Autojm","twitter_card":"summary_large_image","twitter_misc":{"\u00c9crit par":"Autojm","Dur\u00e9e de lecture estim\u00e9e":"3 minutes"},"schema":{"@context":"https:\/\/schema.org","@graph":[{"@type":"Article","@id":"https:\/\/www.autojm.fr\/blog\/malus-auto-ce-qui-change-au-mois-de-janvier\/#article","isPartOf":{"@id":"https:\/\/www.autojm.fr\/blog\/malus-auto-ce-qui-change-au-mois-de-janvier\/"},"author":{"name":"Autojm","@id":"https:\/\/www.autojm.fr\/blog\/#\/schema\/person\/9742bc77541853e0de81fc57f947e1a0"},"headline":"Malus auto : ce qui change au mois de janvier","datePublished":"2021-11-30T00:00:00+00:00","dateModified":"2023-04-19T11:52:13+00:00","mainEntityOfPage":{"@id":"https:\/\/www.autojm.fr\/blog\/malus-auto-ce-qui-change-au-mois-de-janvier\/"},"wordCount":465,"commentCount":0,"publisher":{"@id":"https:\/\/www.autojm.fr\/blog\/#organization"},"image":{"@id":"https:\/\/www.autojm.fr\/blog\/malus-auto-ce-qui-change-au-mois-de-janvier\/#primaryimage"},"thumbnailUrl":"https:\/\/www.autojm.fr\/blog\/wp-content\/uploads\/2022\/10\/655.jpg","keywords":["autojm","citroen","dacia","DS","Fiat","Ford","Kia","Nissan","Opel","peugeot","renault","Volkswagen"],"articleSection":["Actualit\u00e9 Automobile"],"inLanguage":"fr-FR","potentialAction":[{"@type":"CommentAction","name":"Comment","target":["https:\/\/www.autojm.fr\/blog\/malus-auto-ce-qui-change-au-mois-de-janvier\/#respond"]}]},{"@type":"WebPage","@id":"https:\/\/www.autojm.fr\/blog\/malus-auto-ce-qui-change-au-mois-de-janvier\/","url":"https:\/\/www.autojm.fr\/blog\/malus-auto-ce-qui-change-au-mois-de-janvier\/","name":"Malus auto : ce qui change au mois de janvier - AutoJM Mag","isPartOf":{"@id":"https:\/\/www.autojm.fr\/blog\/#website"},"primaryImageOfPage":{"@id":"https:\/\/www.autojm.fr\/blog\/malus-auto-ce-qui-change-au-mois-de-janvier\/#primaryimage"},"image":{"@id":"https:\/\/www.autojm.fr\/blog\/malus-auto-ce-qui-change-au-mois-de-janvier\/#primaryimage"},"thumbnailUrl":"https:\/\/www.autojm.fr\/blog\/wp-content\/uploads\/2022\/10\/655.jpg","datePublished":"2021-11-30T00:00:00+00:00","dateModified":"2023-04-19T11:52:13+00:00","description":"Alors que les aides pour l'achat de v\u00e9hicules propres devaient \u00eatre revues \u00e0 la baisse au 1er janvier 2022, les montants sont reconduits...","breadcrumb":{"@id":"https:\/\/www.autojm.fr\/blog\/malus-auto-ce-qui-change-au-mois-de-janvier\/#breadcrumb"},"inLanguage":"fr-FR","potentialAction":[{"@type":"ReadAction","target":["https:\/\/www.autojm.fr\/blog\/malus-auto-ce-qui-change-au-mois-de-janvier\/"]}]},{"@type":"ImageObject","inLanguage":"fr-FR","@id":"https:\/\/www.autojm.fr\/blog\/malus-auto-ce-qui-change-au-mois-de-janvier\/#primaryimage","url":"https:\/\/www.autojm.fr\/blog\/wp-content\/uploads\/2022\/10\/655.jpg","contentUrl":"https:\/\/www.autojm.fr\/blog\/wp-content\/uploads\/2022\/10\/655.jpg","width":1024,"height":465,"caption":"Malus auto"},{"@type":"BreadcrumbList","@id":"https:\/\/www.autojm.fr\/blog\/malus-auto-ce-qui-change-au-mois-de-janvier\/#breadcrumb","itemListElement":[{"@type":"ListItem","position":1,"name":"Accueil","item":"https:\/\/www.autojm.fr\/blog\/"},{"@type":"ListItem","position":2,"name":"Actualit\u00e9 Automobile","item":"https:\/\/www.autojm.fr\/blog\/actualite-automobile\/"},{"@type":"ListItem","position":3,"name":"Malus auto : ce qui change au mois de janvier"}]},{"@type":"WebSite","@id":"https:\/\/www.autojm.fr\/blog\/#website","url":"https:\/\/www.autojm.fr\/blog\/","name":"AutoJM Mag","description":"Toute l&#039;actu auto en 1 clic !","publisher":{"@id":"https:\/\/www.autojm.fr\/blog\/#organization"},"potentialAction":[{"@type":"SearchAction","target":{"@type":"EntryPoint","urlTemplate":"https:\/\/www.autojm.fr\/blog\/?s={search_term_string}"},"query-input":{"@type":"PropertyValueSpecification","valueRequired":true,"valueName":"search_term_string"}}],"inLanguage":"fr-FR"},{"@type":"Organization","@id":"https:\/\/www.autojm.fr\/blog\/#organization","name":"AutoJM Mag","url":"https:\/\/www.autojm.fr\/blog\/","logo":{"@type":"ImageObject","inLanguage":"fr-FR","@id":"https:\/\/www.autojm.fr\/blog\/#\/schema\/logo\/image\/","url":"https:\/\/www.autojm.fr\/blog\/wp-content\/uploads\/2022\/12\/cropped-AutoJMag-png.png","contentUrl":"https:\/\/www.autojm.fr\/blog\/wp-content\/uploads\/2022\/12\/cropped-AutoJMag-png.png","width":2834,"height":585,"caption":"AutoJM Mag"},"image":{"@id":"https:\/\/www.autojm.fr\/blog\/#\/schema\/logo\/image\/"},"sameAs":["https:\/\/www.facebook.com\/AutoJM25"]},{"@type":"Person","@id":"https:\/\/www.autojm.fr\/blog\/#\/schema\/person\/9742bc77541853e0de81fc57f947e1a0","name":"Autojm","image":{"@type":"ImageObject","inLanguage":"fr-FR","@id":"https:\/\/secure.gravatar.com\/avatar\/9a959d52b758fcc232fe4b6aca7bab139182573297122cce7d6f2ee0e537b418?s=96&d=mm&r=g","url":"https:\/\/secure.gravatar.com\/avatar\/9a959d52b758fcc232fe4b6aca7bab139182573297122cce7d6f2ee0e537b418?s=96&d=mm&r=g","contentUrl":"https:\/\/secure.gravatar.com\/avatar\/9a959d52b758fcc232fe4b6aca7bab139182573297122cce7d6f2ee0e537b418?s=96&d=mm&r=g","caption":"Autojm"},"sameAs":["https:\/\/www.autojm.fr\/blog"],"url":"https:\/\/www.autojm.fr\/blog\/author\/bichoi\/"}]}},"_links":{"self":[{"href":"https:\/\/www.autojm.fr\/blog\/wp-json\/wp\/v2\/posts\/3925","targetHints":{"allow":["GET"]}}],"collection":[{"href":"https:\/\/www.autojm.fr\/blog\/wp-json\/wp\/v2\/posts"}],"about":[{"href":"https:\/\/www.autojm.fr\/blog\/wp-json\/wp\/v2\/types\/post"}],"author":[{"embeddable":true,"href":"https:\/\/www.autojm.fr\/blog\/wp-json\/wp\/v2\/users\/1"}],"replies":[{"embeddable":true,"href":"https:\/\/www.autojm.fr\/blog\/wp-json\/wp\/v2\/comments?post=3925"}],"version-history":[{"count":6,"href":"https:\/\/www.autojm.fr\/blog\/wp-json\/wp\/v2\/posts\/3925\/revisions"}],"predecessor-version":[{"id":9507,"href":"https:\/\/www.autojm.fr\/blog\/wp-json\/wp\/v2\/posts\/3925\/revisions\/9507"}],"wp:featuredmedia":[{"embeddable":true,"href":"https:\/\/www.autojm.fr\/blog\/wp-json\/wp\/v2\/media\/5983"}],"wp:attachment":[{"href":"https:\/\/www.autojm.fr\/blog\/wp-json\/wp\/v2\/media?parent=3925"}],"wp:term":[{"taxonomy":"category","embeddable":true,"href":"https:\/\/www.autojm.fr\/blog\/wp-json\/wp\/v2\/categories?post=3925"},{"taxonomy":"post_tag","embeddable":true,"href":"https:\/\/www.autojm.fr\/blog\/wp-json\/wp\/v2\/tags?post=3925"}],"curies":[{"name":"wp","href":"https:\/\/api.w.org\/{rel}","templated":true}]}}