{"id":3924,"date":"2021-11-19T00:00:00","date_gmt":"2021-11-19T00:00:00","guid":{"rendered":"https:\/\/www.autojm.fr\/blog\/immatriculations-auto-la-penurie-aura-t-elle-le-dessus\/"},"modified":"2023-04-19T11:52:50","modified_gmt":"2023-04-19T11:52:50","slug":"immatriculations-auto-la-penurie-aura-t-elle-le-dessus","status":"publish","type":"post","link":"https:\/\/www.autojm.fr\/blog\/immatriculations-auto-la-penurie-aura-t-elle-le-dessus\/","title":{"rendered":"Immatriculations auto : la p\u00e9nurie aura-t-elle le dessus ?"},"content":{"rendered":"<p>La <strong>p\u00e9nurie des semi-conducteurs<\/strong> est d\u00e9sormais bien install\u00e9e, et de plus en plus elle affecte les diff\u00e9rents secteurs pour qui ces composants sont indispensables. Ruptures de stocks, d\u00e9lais de livraisons rallong\u00e9s, les acheteurs de consoles de jeux vid\u00e9o, t\u00e9l\u00e9phones portables, ordinateurs ou voitures devront \u00eatre patients. C\u00f4t\u00e9 automobile, la production est boulevers\u00e9e, avec des usines qui tournent au ralenti, et de moins en moins de salari\u00e9s r\u00e9quisitionn\u00e9s. Il faut habituellement 3 \u00e0 4 mois avant de recevoir un v\u00e9hicule sorti d&rsquo;usine. Aujourd&rsquo;hui, c&rsquo;est minimum 6 mois avant d&rsquo;\u00eatre livr\u00e9. Un changement radical qui dissuade les potentiels acheteurs, et fait diminuer les immatriculations mois apr\u00e8s mois\u2026<\/p>\n<h2>La France enregistre 118 517 immatriculations pour octobre 2021<\/h2>\n<p>C&rsquo;est 30,7% de moins que pour le mois d&rsquo;octobre 2020, et 37,3% de moins que pour le mois d&rsquo;octobre 2019. Du c\u00f4t\u00e9 des marques, <strong><a href=\"https:\/\/www.autojm.fr\/mandataire-voitures-neuves-peugeot?part=blog&amp;utm_source=articleblog191121&amp;utm_medium=blog\">Peugeot<\/a><\/strong> reprend sa place de num\u00e9ro 1 apr\u00e8s l&rsquo;avoir c\u00e9d\u00e9 \u00e0 <strong><a href=\"https:\/\/www.autojm.fr\/mandataire-voitures-neuves-renault?part=blog&amp;utm_source=articleblog191121&amp;utm_medium=blog\">Renault<\/a><\/strong> au mois de septembre. Mais aucun d&rsquo;entre eux ne tire son \u00e9pingle du jeu du c\u00f4t\u00e9 des r\u00e9sultats : les baisses sont bien l\u00e0, de 37,6% pour Peugeot et 38,1% pour Renault. Citro\u00ebn suit \u00e9galement la \u201ctendance\u201d avec -36,9% d&rsquo;immatriculations, accompagn\u00e9 d&rsquo;Opel (-66,6%), Volkswagen (-45%), et Ford (-51,2%). Les voitures \u00e9lectriques et hybrides sont privil\u00e9gi\u00e9es par les constructeurs qui se doivent d&rsquo;atteindre un objectif annuel concernant la r\u00e9duction des \u00e9missions de CO2. Elles ont donc vu leurs immatriculations augmenter respectivement de 55,2% et 13,7% (hybrides essence).<\/p>\n<h2>-30,3% d&rsquo;immatriculations en Europe pour le mois d&rsquo;octobre 2021<\/h2>\n<p>C&rsquo;est le plus petit score pour un mois d&rsquo;octobre enregistr\u00e9 par l&rsquo;ACEA (Association des Constructeurs Europ\u00e9ens d&rsquo;Automobiles) depuis 1990 : 665 000 voitures vendues pour ce mois d&rsquo;octobre 2021 sur toute l&rsquo;Europe. Plus de 30% de moins qu&rsquo;en octobre 2020. La baisse continue donc et a de quoi effrayer : on avait d\u00e9j\u00e0 enregistr\u00e9 -23,2% en juillet, -19,1% en ao\u00fbt et -23,1% en septembre, soit 4 mois cons\u00e9cutifs avec de fortes baisses. Sur les 10 premiers mois de l&rsquo;ann\u00e9e, le march\u00e9 reste en hausse avec +3,1% par rapport \u00e0 2020, mais la marge s&rsquo;affaiblit et le bilan total pourrait basculer vers un chiffre n\u00e9gatif, d&rsquo;autant que les probl\u00e8mes actuels ne seront pas r\u00e9gl\u00e9s ces prochaines semaines.<\/p>\n<h2>La p\u00e9nurie des semi-conducteurs causent des torts \u00e0 court et longs termes<\/h2>\n<h3>Combien de semi-conducteurs pour produire un v\u00e9hicule ?<\/h3>\n<p>Le site journalauto.com a d\u00e9voil\u00e9 les chiffres concernant le nombre de semi-conducteurs utilis\u00e9s pour produire un v\u00e9hicule. Rappelons que ces composants \u00e9lectroniques servent pour des \u00e9quipements basiques comme les airbags ou le moteur, mais \u00e9galement pour des \u00e9quipements high-tech comme les syst\u00e8mes d&rsquo;info-divertissement et diverses aides \u00e0 la conduite qui sont d\u00e9sormais in\u00e9vitables sur les mod\u00e8les auto actuels. Une Peugeot 208 compte pas moins de 257 composants, un chiffre impressionnant, mais pas autant que celui de la Mercedes classe S qui a besoin de 2 444 semi-conducteurs pour \u00eatre fabriqu\u00e9e.<\/p>\n<h3>Des marques automobiles plus touch\u00e9es que d&rsquo;autres<\/h3>\n<p>Ce sont les constructeurs automobiles \u201ctous publics\u201d qui sont les plus touch\u00e9s par le manque d&rsquo;approvisionnement, \u00e0 savoir Peugeot, Renault, Volkswagen ou encore Ford. Des mod\u00e8les perdent de leurs options, tandis que Stellantis a, par exemple, choisi de privil\u00e9gier la production des mod\u00e8les haut de gamme.<\/p>\n<h3>Quelles cons\u00e9quences pour le march\u00e9 auto ?<\/h3>\n<p><iframe loading=\"lazy\" title=\"YouTube video player\" src=\"https:\/\/www.youtube.com\/embed\/LcjWiwVdhEs\" width=\"100%\" height=\"315\" allowfullscreen=\"allowfullscreen\"><\/iframe><\/p>\n<p>Des emplois menac\u00e9s, des usines qui tournent au ralenti, des v\u00e9hicules non produits par millions et une baisse significative des ventes. Et les pr\u00e9visions n&rsquo;annoncent pas de bonne nouvelle : la p\u00e9nurie pourrait bien perdurer sur toute l&rsquo;ann\u00e9e 2022.<\/p>\n<p style=\"margin-top: 1.75em; margin-bottom: 1.75em; font-size: 0.813em; line-height: 1.5em; color: #666666; font-family: Arial, Helvetica, sans-serif;\">\n","protected":false},"excerpt":{"rendered":"<p>La p\u00e9nurie des semi-conducteurs est d\u00e9sormais bien install\u00e9e, et de plus en plus elle affecte les diff\u00e9rents secteurs pour qui ces composants sont indispensables. Ruptures de stocks, d\u00e9lais de livraisons rallong\u00e9s, les acheteurs de consoles de jeux vid\u00e9o, t\u00e9l\u00e9phones portables, ordinateurs ou voitures devront \u00eatre patients.<\/p>\n","protected":false},"author":1,"featured_media":5982,"comment_status":"open","ping_status":"open","sticky":false,"template":"","format":"standard","meta":{"_acf_changed":false,"content-type":"","footnotes":""},"categories":[5],"tags":[90,79,74,105,110,109,106,108,107,73,78,96],"class_list":["post-3924","post","type-post","status-publish","format-standard","has-post-thumbnail","hentry","category-actualite-automobile","tag-autojm","tag-citroen","tag-dacia","tag-ds","tag-fiat","tag-ford","tag-kia","tag-nissan","tag-opel","tag-peugeot","tag-renault","tag-volkswagen"],"acf":[],"yoast_head":"<!-- This site is optimized with the Yoast SEO plugin v27.5 - https:\/\/yoast.com\/product\/yoast-seo-wordpress\/ -->\n<title>Immatriculations auto : la p\u00e9nurie aura-t-elle le dessus ? - AutoJM Mag<\/title>\n<meta name=\"description\" content=\"La p\u00e9nurie des semi-conducteurs est d\u00e9sormais bien install\u00e9e et elle affecte les diff\u00e9rents secteurs pour qui ces composants...\" \/>\n<meta name=\"robots\" content=\"index, follow, max-snippet:-1, max-image-preview:large, max-video-preview:-1\" \/>\n<link rel=\"canonical\" href=\"https:\/\/www.autojm.fr\/blog\/immatriculations-auto-la-penurie-aura-t-elle-le-dessus\/\" \/>\n<meta property=\"og:locale\" content=\"fr_FR\" \/>\n<meta property=\"og:type\" content=\"article\" \/>\n<meta property=\"og:title\" content=\"Immatriculations auto : la p\u00e9nurie aura-t-elle le dessus ? - AutoJM Mag\" \/>\n<meta property=\"og:description\" content=\"La p\u00e9nurie des semi-conducteurs est d\u00e9sormais bien install\u00e9e et elle affecte les diff\u00e9rents secteurs pour qui ces composants...\" \/>\n<meta property=\"og:url\" content=\"https:\/\/www.autojm.fr\/blog\/immatriculations-auto-la-penurie-aura-t-elle-le-dessus\/\" \/>\n<meta property=\"og:site_name\" content=\"AutoJM Mag\" \/>\n<meta property=\"article:publisher\" content=\"https:\/\/www.facebook.com\/AutoJM25\" \/>\n<meta property=\"article:published_time\" content=\"2021-11-19T00:00:00+00:00\" \/>\n<meta property=\"article:modified_time\" content=\"2023-04-19T11:52:50+00:00\" \/>\n<meta property=\"og:image\" content=\"https:\/\/www.autojm.fr\/blog\/wp-content\/uploads\/2022\/10\/654-scaled.jpg\" \/>\n\t<meta property=\"og:image:width\" content=\"2560\" \/>\n\t<meta property=\"og:image:height\" content=\"1160\" \/>\n\t<meta property=\"og:image:type\" content=\"image\/jpeg\" \/>\n<meta name=\"author\" content=\"Autojm\" \/>\n<meta name=\"twitter:card\" content=\"summary_large_image\" \/>\n<meta name=\"twitter:label1\" content=\"\u00c9crit par\" \/>\n\t<meta name=\"twitter:data1\" content=\"Autojm\" \/>\n\t<meta name=\"twitter:label2\" content=\"Dur\u00e9e de lecture estim\u00e9e\" \/>\n\t<meta name=\"twitter:data2\" content=\"3 minutes\" \/>\n<script type=\"application\/ld+json\" class=\"yoast-schema-graph\">{\"@context\":\"https:\\\/\\\/schema.org\",\"@graph\":[{\"@type\":\"Article\",\"@id\":\"https:\\\/\\\/www.autojm.fr\\\/blog\\\/immatriculations-auto-la-penurie-aura-t-elle-le-dessus\\\/#article\",\"isPartOf\":{\"@id\":\"https:\\\/\\\/www.autojm.fr\\\/blog\\\/immatriculations-auto-la-penurie-aura-t-elle-le-dessus\\\/\"},\"author\":{\"name\":\"Autojm\",\"@id\":\"https:\\\/\\\/www.autojm.fr\\\/blog\\\/#\\\/schema\\\/person\\\/9742bc77541853e0de81fc57f947e1a0\"},\"headline\":\"Immatriculations auto : la p\u00e9nurie aura-t-elle le dessus ?\",\"datePublished\":\"2021-11-19T00:00:00+00:00\",\"dateModified\":\"2023-04-19T11:52:50+00:00\",\"mainEntityOfPage\":{\"@id\":\"https:\\\/\\\/www.autojm.fr\\\/blog\\\/immatriculations-auto-la-penurie-aura-t-elle-le-dessus\\\/\"},\"wordCount\":593,\"commentCount\":0,\"publisher\":{\"@id\":\"https:\\\/\\\/www.autojm.fr\\\/blog\\\/#organization\"},\"image\":{\"@id\":\"https:\\\/\\\/www.autojm.fr\\\/blog\\\/immatriculations-auto-la-penurie-aura-t-elle-le-dessus\\\/#primaryimage\"},\"thumbnailUrl\":\"https:\\\/\\\/www.autojm.fr\\\/blog\\\/wp-content\\\/uploads\\\/2022\\\/10\\\/654-scaled.jpg\",\"keywords\":[\"autojm\",\"citroen\",\"dacia\",\"DS\",\"Fiat\",\"Ford\",\"Kia\",\"Nissan\",\"Opel\",\"peugeot\",\"renault\",\"Volkswagen\"],\"articleSection\":[\"Actualit\u00e9 Automobile\"],\"inLanguage\":\"fr-FR\",\"potentialAction\":[{\"@type\":\"CommentAction\",\"name\":\"Comment\",\"target\":[\"https:\\\/\\\/www.autojm.fr\\\/blog\\\/immatriculations-auto-la-penurie-aura-t-elle-le-dessus\\\/#respond\"]}]},{\"@type\":\"WebPage\",\"@id\":\"https:\\\/\\\/www.autojm.fr\\\/blog\\\/immatriculations-auto-la-penurie-aura-t-elle-le-dessus\\\/\",\"url\":\"https:\\\/\\\/www.autojm.fr\\\/blog\\\/immatriculations-auto-la-penurie-aura-t-elle-le-dessus\\\/\",\"name\":\"Immatriculations auto : la p\u00e9nurie aura-t-elle le dessus ? - AutoJM Mag\",\"isPartOf\":{\"@id\":\"https:\\\/\\\/www.autojm.fr\\\/blog\\\/#website\"},\"primaryImageOfPage\":{\"@id\":\"https:\\\/\\\/www.autojm.fr\\\/blog\\\/immatriculations-auto-la-penurie-aura-t-elle-le-dessus\\\/#primaryimage\"},\"image\":{\"@id\":\"https:\\\/\\\/www.autojm.fr\\\/blog\\\/immatriculations-auto-la-penurie-aura-t-elle-le-dessus\\\/#primaryimage\"},\"thumbnailUrl\":\"https:\\\/\\\/www.autojm.fr\\\/blog\\\/wp-content\\\/uploads\\\/2022\\\/10\\\/654-scaled.jpg\",\"datePublished\":\"2021-11-19T00:00:00+00:00\",\"dateModified\":\"2023-04-19T11:52:50+00:00\",\"description\":\"La p\u00e9nurie des semi-conducteurs est d\u00e9sormais bien install\u00e9e et elle affecte les diff\u00e9rents secteurs pour qui ces composants...\",\"breadcrumb\":{\"@id\":\"https:\\\/\\\/www.autojm.fr\\\/blog\\\/immatriculations-auto-la-penurie-aura-t-elle-le-dessus\\\/#breadcrumb\"},\"inLanguage\":\"fr-FR\",\"potentialAction\":[{\"@type\":\"ReadAction\",\"target\":[\"https:\\\/\\\/www.autojm.fr\\\/blog\\\/immatriculations-auto-la-penurie-aura-t-elle-le-dessus\\\/\"]}]},{\"@type\":\"ImageObject\",\"inLanguage\":\"fr-FR\",\"@id\":\"https:\\\/\\\/www.autojm.fr\\\/blog\\\/immatriculations-auto-la-penurie-aura-t-elle-le-dessus\\\/#primaryimage\",\"url\":\"https:\\\/\\\/www.autojm.fr\\\/blog\\\/wp-content\\\/uploads\\\/2022\\\/10\\\/654-scaled.jpg\",\"contentUrl\":\"https:\\\/\\\/www.autojm.fr\\\/blog\\\/wp-content\\\/uploads\\\/2022\\\/10\\\/654-scaled.jpg\",\"width\":2560,\"height\":1160,\"caption\":\"Immatriculations auto\"},{\"@type\":\"BreadcrumbList\",\"@id\":\"https:\\\/\\\/www.autojm.fr\\\/blog\\\/immatriculations-auto-la-penurie-aura-t-elle-le-dessus\\\/#breadcrumb\",\"itemListElement\":[{\"@type\":\"ListItem\",\"position\":1,\"name\":\"Accueil\",\"item\":\"https:\\\/\\\/www.autojm.fr\\\/blog\\\/\"},{\"@type\":\"ListItem\",\"position\":2,\"name\":\"Actualit\u00e9 Automobile\",\"item\":\"https:\\\/\\\/www.autojm.fr\\\/blog\\\/actualite-automobile\\\/\"},{\"@type\":\"ListItem\",\"position\":3,\"name\":\"Immatriculations auto : la p\u00e9nurie aura-t-elle le dessus ?\"}]},{\"@type\":\"WebSite\",\"@id\":\"https:\\\/\\\/www.autojm.fr\\\/blog\\\/#website\",\"url\":\"https:\\\/\\\/www.autojm.fr\\\/blog\\\/\",\"name\":\"AutoJM Mag\",\"description\":\"Toute l&#039;actu auto en 1 clic !\",\"publisher\":{\"@id\":\"https:\\\/\\\/www.autojm.fr\\\/blog\\\/#organization\"},\"potentialAction\":[{\"@type\":\"SearchAction\",\"target\":{\"@type\":\"EntryPoint\",\"urlTemplate\":\"https:\\\/\\\/www.autojm.fr\\\/blog\\\/?s={search_term_string}\"},\"query-input\":{\"@type\":\"PropertyValueSpecification\",\"valueRequired\":true,\"valueName\":\"search_term_string\"}}],\"inLanguage\":\"fr-FR\"},{\"@type\":\"Organization\",\"@id\":\"https:\\\/\\\/www.autojm.fr\\\/blog\\\/#organization\",\"name\":\"AutoJM Mag\",\"url\":\"https:\\\/\\\/www.autojm.fr\\\/blog\\\/\",\"logo\":{\"@type\":\"ImageObject\",\"inLanguage\":\"fr-FR\",\"@id\":\"https:\\\/\\\/www.autojm.fr\\\/blog\\\/#\\\/schema\\\/logo\\\/image\\\/\",\"url\":\"https:\\\/\\\/www.autojm.fr\\\/blog\\\/wp-content\\\/uploads\\\/2022\\\/12\\\/cropped-AutoJMag-png.png\",\"contentUrl\":\"https:\\\/\\\/www.autojm.fr\\\/blog\\\/wp-content\\\/uploads\\\/2022\\\/12\\\/cropped-AutoJMag-png.png\",\"width\":2834,\"height\":585,\"caption\":\"AutoJM Mag\"},\"image\":{\"@id\":\"https:\\\/\\\/www.autojm.fr\\\/blog\\\/#\\\/schema\\\/logo\\\/image\\\/\"},\"sameAs\":[\"https:\\\/\\\/www.facebook.com\\\/AutoJM25\"]},{\"@type\":\"Person\",\"@id\":\"https:\\\/\\\/www.autojm.fr\\\/blog\\\/#\\\/schema\\\/person\\\/9742bc77541853e0de81fc57f947e1a0\",\"name\":\"Autojm\",\"image\":{\"@type\":\"ImageObject\",\"inLanguage\":\"fr-FR\",\"@id\":\"https:\\\/\\\/secure.gravatar.com\\\/avatar\\\/9a959d52b758fcc232fe4b6aca7bab139182573297122cce7d6f2ee0e537b418?s=96&d=mm&r=g\",\"url\":\"https:\\\/\\\/secure.gravatar.com\\\/avatar\\\/9a959d52b758fcc232fe4b6aca7bab139182573297122cce7d6f2ee0e537b418?s=96&d=mm&r=g\",\"contentUrl\":\"https:\\\/\\\/secure.gravatar.com\\\/avatar\\\/9a959d52b758fcc232fe4b6aca7bab139182573297122cce7d6f2ee0e537b418?s=96&d=mm&r=g\",\"caption\":\"Autojm\"},\"sameAs\":[\"https:\\\/\\\/www.autojm.fr\\\/blog\"],\"url\":\"https:\\\/\\\/www.autojm.fr\\\/blog\\\/author\\\/bichoi\\\/\"}]}<\/script>\n<!-- \/ Yoast SEO plugin. -->","yoast_head_json":{"title":"Immatriculations auto : la p\u00e9nurie aura-t-elle le dessus ? - AutoJM Mag","description":"La p\u00e9nurie des semi-conducteurs est d\u00e9sormais bien install\u00e9e et elle affecte les diff\u00e9rents secteurs pour qui ces composants...","robots":{"index":"index","follow":"follow","max-snippet":"max-snippet:-1","max-image-preview":"max-image-preview:large","max-video-preview":"max-video-preview:-1"},"canonical":"https:\/\/www.autojm.fr\/blog\/immatriculations-auto-la-penurie-aura-t-elle-le-dessus\/","og_locale":"fr_FR","og_type":"article","og_title":"Immatriculations auto : la p\u00e9nurie aura-t-elle le dessus ? - AutoJM Mag","og_description":"La p\u00e9nurie des semi-conducteurs est d\u00e9sormais bien install\u00e9e et elle affecte les diff\u00e9rents secteurs pour qui ces composants...","og_url":"https:\/\/www.autojm.fr\/blog\/immatriculations-auto-la-penurie-aura-t-elle-le-dessus\/","og_site_name":"AutoJM Mag","article_publisher":"https:\/\/www.facebook.com\/AutoJM25","article_published_time":"2021-11-19T00:00:00+00:00","article_modified_time":"2023-04-19T11:52:50+00:00","og_image":[{"width":2560,"height":1160,"url":"https:\/\/www.autojm.fr\/blog\/wp-content\/uploads\/2022\/10\/654-scaled.jpg","type":"image\/jpeg"}],"author":"Autojm","twitter_card":"summary_large_image","twitter_misc":{"\u00c9crit par":"Autojm","Dur\u00e9e de lecture estim\u00e9e":"3 minutes"},"schema":{"@context":"https:\/\/schema.org","@graph":[{"@type":"Article","@id":"https:\/\/www.autojm.fr\/blog\/immatriculations-auto-la-penurie-aura-t-elle-le-dessus\/#article","isPartOf":{"@id":"https:\/\/www.autojm.fr\/blog\/immatriculations-auto-la-penurie-aura-t-elle-le-dessus\/"},"author":{"name":"Autojm","@id":"https:\/\/www.autojm.fr\/blog\/#\/schema\/person\/9742bc77541853e0de81fc57f947e1a0"},"headline":"Immatriculations auto : la p\u00e9nurie aura-t-elle le dessus ?","datePublished":"2021-11-19T00:00:00+00:00","dateModified":"2023-04-19T11:52:50+00:00","mainEntityOfPage":{"@id":"https:\/\/www.autojm.fr\/blog\/immatriculations-auto-la-penurie-aura-t-elle-le-dessus\/"},"wordCount":593,"commentCount":0,"publisher":{"@id":"https:\/\/www.autojm.fr\/blog\/#organization"},"image":{"@id":"https:\/\/www.autojm.fr\/blog\/immatriculations-auto-la-penurie-aura-t-elle-le-dessus\/#primaryimage"},"thumbnailUrl":"https:\/\/www.autojm.fr\/blog\/wp-content\/uploads\/2022\/10\/654-scaled.jpg","keywords":["autojm","citroen","dacia","DS","Fiat","Ford","Kia","Nissan","Opel","peugeot","renault","Volkswagen"],"articleSection":["Actualit\u00e9 Automobile"],"inLanguage":"fr-FR","potentialAction":[{"@type":"CommentAction","name":"Comment","target":["https:\/\/www.autojm.fr\/blog\/immatriculations-auto-la-penurie-aura-t-elle-le-dessus\/#respond"]}]},{"@type":"WebPage","@id":"https:\/\/www.autojm.fr\/blog\/immatriculations-auto-la-penurie-aura-t-elle-le-dessus\/","url":"https:\/\/www.autojm.fr\/blog\/immatriculations-auto-la-penurie-aura-t-elle-le-dessus\/","name":"Immatriculations auto : la p\u00e9nurie aura-t-elle le dessus ? - AutoJM Mag","isPartOf":{"@id":"https:\/\/www.autojm.fr\/blog\/#website"},"primaryImageOfPage":{"@id":"https:\/\/www.autojm.fr\/blog\/immatriculations-auto-la-penurie-aura-t-elle-le-dessus\/#primaryimage"},"image":{"@id":"https:\/\/www.autojm.fr\/blog\/immatriculations-auto-la-penurie-aura-t-elle-le-dessus\/#primaryimage"},"thumbnailUrl":"https:\/\/www.autojm.fr\/blog\/wp-content\/uploads\/2022\/10\/654-scaled.jpg","datePublished":"2021-11-19T00:00:00+00:00","dateModified":"2023-04-19T11:52:50+00:00","description":"La p\u00e9nurie des semi-conducteurs est d\u00e9sormais bien install\u00e9e et elle affecte les diff\u00e9rents secteurs pour qui ces composants...","breadcrumb":{"@id":"https:\/\/www.autojm.fr\/blog\/immatriculations-auto-la-penurie-aura-t-elle-le-dessus\/#breadcrumb"},"inLanguage":"fr-FR","potentialAction":[{"@type":"ReadAction","target":["https:\/\/www.autojm.fr\/blog\/immatriculations-auto-la-penurie-aura-t-elle-le-dessus\/"]}]},{"@type":"ImageObject","inLanguage":"fr-FR","@id":"https:\/\/www.autojm.fr\/blog\/immatriculations-auto-la-penurie-aura-t-elle-le-dessus\/#primaryimage","url":"https:\/\/www.autojm.fr\/blog\/wp-content\/uploads\/2022\/10\/654-scaled.jpg","contentUrl":"https:\/\/www.autojm.fr\/blog\/wp-content\/uploads\/2022\/10\/654-scaled.jpg","width":2560,"height":1160,"caption":"Immatriculations auto"},{"@type":"BreadcrumbList","@id":"https:\/\/www.autojm.fr\/blog\/immatriculations-auto-la-penurie-aura-t-elle-le-dessus\/#breadcrumb","itemListElement":[{"@type":"ListItem","position":1,"name":"Accueil","item":"https:\/\/www.autojm.fr\/blog\/"},{"@type":"ListItem","position":2,"name":"Actualit\u00e9 Automobile","item":"https:\/\/www.autojm.fr\/blog\/actualite-automobile\/"},{"@type":"ListItem","position":3,"name":"Immatriculations auto : la p\u00e9nurie aura-t-elle le dessus ?"}]},{"@type":"WebSite","@id":"https:\/\/www.autojm.fr\/blog\/#website","url":"https:\/\/www.autojm.fr\/blog\/","name":"AutoJM Mag","description":"Toute l&#039;actu auto en 1 clic !","publisher":{"@id":"https:\/\/www.autojm.fr\/blog\/#organization"},"potentialAction":[{"@type":"SearchAction","target":{"@type":"EntryPoint","urlTemplate":"https:\/\/www.autojm.fr\/blog\/?s={search_term_string}"},"query-input":{"@type":"PropertyValueSpecification","valueRequired":true,"valueName":"search_term_string"}}],"inLanguage":"fr-FR"},{"@type":"Organization","@id":"https:\/\/www.autojm.fr\/blog\/#organization","name":"AutoJM Mag","url":"https:\/\/www.autojm.fr\/blog\/","logo":{"@type":"ImageObject","inLanguage":"fr-FR","@id":"https:\/\/www.autojm.fr\/blog\/#\/schema\/logo\/image\/","url":"https:\/\/www.autojm.fr\/blog\/wp-content\/uploads\/2022\/12\/cropped-AutoJMag-png.png","contentUrl":"https:\/\/www.autojm.fr\/blog\/wp-content\/uploads\/2022\/12\/cropped-AutoJMag-png.png","width":2834,"height":585,"caption":"AutoJM Mag"},"image":{"@id":"https:\/\/www.autojm.fr\/blog\/#\/schema\/logo\/image\/"},"sameAs":["https:\/\/www.facebook.com\/AutoJM25"]},{"@type":"Person","@id":"https:\/\/www.autojm.fr\/blog\/#\/schema\/person\/9742bc77541853e0de81fc57f947e1a0","name":"Autojm","image":{"@type":"ImageObject","inLanguage":"fr-FR","@id":"https:\/\/secure.gravatar.com\/avatar\/9a959d52b758fcc232fe4b6aca7bab139182573297122cce7d6f2ee0e537b418?s=96&d=mm&r=g","url":"https:\/\/secure.gravatar.com\/avatar\/9a959d52b758fcc232fe4b6aca7bab139182573297122cce7d6f2ee0e537b418?s=96&d=mm&r=g","contentUrl":"https:\/\/secure.gravatar.com\/avatar\/9a959d52b758fcc232fe4b6aca7bab139182573297122cce7d6f2ee0e537b418?s=96&d=mm&r=g","caption":"Autojm"},"sameAs":["https:\/\/www.autojm.fr\/blog"],"url":"https:\/\/www.autojm.fr\/blog\/author\/bichoi\/"}]}},"_links":{"self":[{"href":"https:\/\/www.autojm.fr\/blog\/wp-json\/wp\/v2\/posts\/3924","targetHints":{"allow":["GET"]}}],"collection":[{"href":"https:\/\/www.autojm.fr\/blog\/wp-json\/wp\/v2\/posts"}],"about":[{"href":"https:\/\/www.autojm.fr\/blog\/wp-json\/wp\/v2\/types\/post"}],"author":[{"embeddable":true,"href":"https:\/\/www.autojm.fr\/blog\/wp-json\/wp\/v2\/users\/1"}],"replies":[{"embeddable":true,"href":"https:\/\/www.autojm.fr\/blog\/wp-json\/wp\/v2\/comments?post=3924"}],"version-history":[{"count":5,"href":"https:\/\/www.autojm.fr\/blog\/wp-json\/wp\/v2\/posts\/3924\/revisions"}],"predecessor-version":[{"id":9509,"href":"https:\/\/www.autojm.fr\/blog\/wp-json\/wp\/v2\/posts\/3924\/revisions\/9509"}],"wp:featuredmedia":[{"embeddable":true,"href":"https:\/\/www.autojm.fr\/blog\/wp-json\/wp\/v2\/media\/5982"}],"wp:attachment":[{"href":"https:\/\/www.autojm.fr\/blog\/wp-json\/wp\/v2\/media?parent=3924"}],"wp:term":[{"taxonomy":"category","embeddable":true,"href":"https:\/\/www.autojm.fr\/blog\/wp-json\/wp\/v2\/categories?post=3924"},{"taxonomy":"post_tag","embeddable":true,"href":"https:\/\/www.autojm.fr\/blog\/wp-json\/wp\/v2\/tags?post=3924"}],"curies":[{"name":"wp","href":"https:\/\/api.w.org\/{rel}","templated":true}]}}