{"id":3923,"date":"2021-11-03T00:00:00","date_gmt":"2021-11-03T00:00:00","guid":{"rendered":"https:\/\/www.autojm.fr\/blog\/loi-montagne-pneus-hiver-obligatoires\/"},"modified":"2022-12-22T16:50:32","modified_gmt":"2022-12-22T16:50:32","slug":"loi-montagne-pneus-hiver-obligatoires","status":"publish","type":"post","link":"https:\/\/www.autojm.fr\/blog\/loi-montagne-pneus-hiver-obligatoires\/","title":{"rendered":"Loi Montagne : pneus hiver obligatoires ?"},"content":{"rendered":"<p>Nul doute qu&rsquo;un v\u00e9hicule doit \u00eatre \u00e9quip\u00e9 correctement pour assurer la s\u00e9curit\u00e9 du conducteur et de ses passagers. C&rsquo;est une des raisons qui ont pouss\u00e9 \u00e0 la mise en place de la <strong>Loi Montagne<\/strong>, qui rend obligatoire le port d&rsquo;\u00e9quipements hivernaux dans certaines zones g\u00e9ographiques particuli\u00e8rement difficiles d&rsquo;acc\u00e8s ou de circulation lors d&rsquo;intemp\u00e9ries. Depuis le 1er novembre, tous les v\u00e9hicules doivent \u00eatre chauss\u00e9s de <strong>pneus hiver, <\/strong>pneus <strong>4 saisons <\/strong>ou<strong> cha\u00eenes <\/strong>dans les zones qui l&rsquo;autorisent. D\u00e9couvrez quelles zones sont concern\u00e9es par le port obligatoire des pneus hiver et quelles informations sont utiles avant de changer ses pneus.<\/p>\n<h2>Quelles zones concern\u00e9es par la Loi Montagne ?<\/h2>\n<p>La carte (source :<em> securite-routiere.gouv.fr<\/em>) couvre certains d\u00e9partements mais en r\u00e9alit\u00e9, l&rsquo;obligation d&rsquo;<strong>\u00e9quipements hivernaux<\/strong> concerne des routes bien pr\u00e9cises. Le site linternaute.com donne l&rsquo;exemple du d\u00e9partement de la Moselle o\u00f9 seule la zone montagneuse aux confins des Vosges est concern\u00e9e par la nouvelle r\u00e9glementation. Dans le Haut-Rhin et Bas-Rhin, les zones concern\u00e9es sont \u00e0 l&rsquo;Ouest des d\u00e9partements principalement, avec deux bandes au Nord et au Sud en plus.<\/p>\n<p><img loading=\"lazy\" decoding=\"async\" class=\"alignnone  wp-image-7936\" src=\"https:\/\/www.autojm.fr\/blog\/wp-content\/uploads\/2021\/11\/carte-300x273.png\" alt=\"Carte de France pneus neige\" width=\"969\" height=\"882\" srcset=\"https:\/\/www.autojm.fr\/blog\/wp-content\/uploads\/2021\/11\/carte-300x273.png 300w, https:\/\/www.autojm.fr\/blog\/wp-content\/uploads\/2021\/11\/carte.png 448w\" sizes=\"auto, (max-width: 969px) 100vw, 969px\" \/><\/p>\n<h2>Des sanctions, mais pas pour tout de suite<\/h2>\n<p>Des panneaux ont donc \u00e9t\u00e9 install\u00e9s \u00e0 l&rsquo;entr\u00e9e et \u00e0 la sortie des zones concern\u00e9es. Le port des pneus neige y est rendu obligatoire pendant la p\u00e9riode hivernale, soit du <strong>1er novembre au 31 mars<\/strong>. Les v\u00e9hicules qui ne poss\u00e8dent pas de pneus hiver devront pr\u00e9senter des <strong>pneus 4 saisons<\/strong> (sur les 4 roues), des <strong>cha\u00eenes \u00e0 neige<\/strong> sur au moins deux roues motrices, ou devront \u00eatre \u00e9quip\u00e9s de <strong>pneus \u00e0 clous<\/strong>. Les sanctions ne seront pas appliqu\u00e9es durant la premi\u00e8re ann\u00e9e de la mise en place de la nouvelle r\u00e9glementation, soit jusqu&rsquo;au 31 mars 2022. Par la suite, les automobilistes risqueront une amende de 135\u20ac et une immobilisation du v\u00e9hicule.<\/p>\n<h2>Les pneus neige, favoris de la s\u00e9curit\u00e9<\/h2>\n<p>Le <strong>pneu hiver<\/strong>, ou pneu neige, pr\u00e9sente des particularit\u00e9s physiques : il est dot\u00e9 de petites lamelles sur toute la bande de roulement et de sculptures plus profondes. D&rsquo;un c\u00f4t\u00e9, les lamelles offrent une meilleure tenue et permettent au v\u00e9hicule de s&rsquo;accrocher \u00e0 la route. De l&rsquo;autre, les sculptures offrent une meilleure \u00e9vacuation de l&rsquo;eau et plus de flexibilit\u00e9. Cependant, ils ne sont pas adapt\u00e9s \u00e0 une saison estivale, la chaleur impacte leur efficacit\u00e9 et acc\u00e9l\u00e8re l&rsquo;usure. Pendant les beaux jours, ils doivent \u00eatre conserv\u00e9s propres, \u00e0 l&rsquo;abri de l&rsquo;humidit\u00e9, dans une position sp\u00e9cifique : suspendus ou empil\u00e9s \u00e0 l&rsquo;horizontale s&rsquo;ils sont mont\u00e9s, debout sur la gomme s&rsquo;ils ne sont pas sur jante. Les \u201cpneus \u00e9t\u00e9\u201d prennent alors le relais.<\/p>\n<h2>Les pneus 4 saisons pour faire des \u00e9conomies<\/h2>\n<p>Les<strong> pneus 4 saisons<\/strong> sont faits pour s&rsquo;adapter \u00e0 toutes les saisons, et peuvent donc rester accroch\u00e9s \u00e0 votre voiture, de l&rsquo;hiver \u00e0 l&rsquo;automne. Mais d\u00e8s 2024, seuls les pneus 4 saisons portant le marquage M+S et\/ou 3PMSF seront admis dans les zones concern\u00e9es par la Loi Montagne et les \u00e9quipements hivernaux. Ils n&rsquo;offrent pas l&rsquo;adh\u00e9rence d&rsquo;un pneu hiver en cas d&rsquo;intemp\u00e9ries ou d&rsquo;un pneu \u00e9t\u00e9 sur chauss\u00e9e s\u00e8che, mais ils \u00e9vitent le changement de pneus et permettent des \u00e9conomies.<\/p>\n<p><img loading=\"lazy\" decoding=\"async\" class=\"alignnone  wp-image-5867\" src=\"https:\/\/www.autojm.fr\/blog\/wp-content\/uploads\/2022\/10\/535-300x136.jpg\" alt=\"Pneus\" width=\"882\" height=\"400\" srcset=\"https:\/\/www.autojm.fr\/blog\/wp-content\/uploads\/2022\/10\/535-300x136.jpg 300w, https:\/\/www.autojm.fr\/blog\/wp-content\/uploads\/2022\/10\/535-768x349.jpg 768w, https:\/\/www.autojm.fr\/blog\/wp-content\/uploads\/2022\/10\/535.jpg 1024w\" sizes=\"auto, (max-width: 882px) 100vw, 882px\" \/><\/p>\n<h2>Les cha\u00eenes \u00e0 neige et chaussettes<\/h2>\n<p>Une alternative existe : les <strong>cha\u00eenes \u00e0 neige<\/strong>, d\u00e9j\u00e0 r\u00e9put\u00e9es pour \u00eatre tr\u00e8s utilis\u00e9es en montagne. Elles se r\u00e9v\u00e8lent efficaces sur des chauss\u00e9es pleinement enneig\u00e9es et assurent la bonne tenue du v\u00e9hicule sur la route. Il existe trois types de cha\u00eenes : les cha\u00eenes m\u00e9talliques, les cha\u00eenes textiles ou chaussettes, et les cha\u00eenes composites. A positionner sur les roues, elles renforcent l&rsquo;adh\u00e9rence des pneus.<\/p>\n<p style=\"margin-top: 1.75em; margin-bottom: 1.75em; font-size: 0.813em; line-height: 1.5em; color: #666666; font-family: Arial, Helvetica, sans-serif;\">\n","protected":false},"excerpt":{"rendered":"<p>Nul doute qu&rsquo;un v\u00e9hicule doit \u00eatre \u00e9quip\u00e9 correctement pour assurer la s\u00e9curit\u00e9 du conducteur et de ses passagers. C&rsquo;est une des raisons qui ont pouss\u00e9 \u00e0 la mise en place de la Loi Montagne, qui rend obligatoire le port d&rsquo;\u00e9quipements hivernaux dans certaines zones g\u00e9ographiques particuli\u00e8rement difficiles d&rsquo;acc\u00e8s ou de circulation lors d&rsquo;intemp\u00e9ries.<\/p>\n","protected":false},"author":1,"featured_media":5981,"comment_status":"open","ping_status":"open","sticky":false,"template":"","format":"standard","meta":{"_acf_changed":false,"content-type":"","footnotes":""},"categories":[22],"tags":[90,85,74,105,110,109,106,108,107,73,78,96],"class_list":["post-3923","post","type-post","status-publish","format-standard","has-post-thumbnail","hentry","category-conseils-astuces","tag-autojm","tag-citroen-2","tag-dacia","tag-ds","tag-fiat","tag-ford","tag-kia","tag-nissan","tag-opel","tag-peugeot","tag-renault","tag-volkswagen"],"acf":[],"yoast_head":"<!-- This site is optimized with the Yoast SEO plugin v27.5 - https:\/\/yoast.com\/product\/yoast-seo-wordpress\/ -->\n<title>Loi Montagne : pneus hiver obligatoires ? - AutoJM Mag<\/title>\n<meta name=\"description\" content=\"La Loi Montagne rend obligatoire le port d&#039;\u00e9quipements hivernaux dans certaines zones g\u00e9ographiques difficiles d&#039;acc\u00e8s.\" \/>\n<meta name=\"robots\" content=\"index, follow, max-snippet:-1, max-image-preview:large, max-video-preview:-1\" \/>\n<link rel=\"canonical\" href=\"https:\/\/www.autojm.fr\/blog\/loi-montagne-pneus-hiver-obligatoires\/\" \/>\n<meta property=\"og:locale\" content=\"fr_FR\" \/>\n<meta property=\"og:type\" content=\"article\" \/>\n<meta property=\"og:title\" content=\"Loi Montagne : pneus hiver obligatoires ? - AutoJM Mag\" \/>\n<meta property=\"og:description\" content=\"La Loi Montagne rend obligatoire le port d&#039;\u00e9quipements hivernaux dans certaines zones g\u00e9ographiques difficiles d&#039;acc\u00e8s.\" \/>\n<meta property=\"og:url\" content=\"https:\/\/www.autojm.fr\/blog\/loi-montagne-pneus-hiver-obligatoires\/\" \/>\n<meta property=\"og:site_name\" content=\"AutoJM Mag\" \/>\n<meta property=\"article:publisher\" content=\"https:\/\/www.facebook.com\/AutoJM25\" \/>\n<meta property=\"article:published_time\" content=\"2021-11-03T00:00:00+00:00\" \/>\n<meta property=\"article:modified_time\" content=\"2022-12-22T16:50:32+00:00\" \/>\n<meta property=\"og:image\" content=\"https:\/\/www.autojm.fr\/blog\/wp-content\/uploads\/2022\/10\/653-scaled.jpg\" \/>\n\t<meta property=\"og:image:width\" content=\"2560\" \/>\n\t<meta property=\"og:image:height\" content=\"1160\" \/>\n\t<meta property=\"og:image:type\" content=\"image\/jpeg\" \/>\n<meta name=\"author\" content=\"Autojm\" \/>\n<meta name=\"twitter:card\" content=\"summary_large_image\" \/>\n<meta name=\"twitter:label1\" content=\"\u00c9crit par\" \/>\n\t<meta name=\"twitter:data1\" content=\"Autojm\" \/>\n\t<meta name=\"twitter:label2\" content=\"Dur\u00e9e de lecture estim\u00e9e\" \/>\n\t<meta name=\"twitter:data2\" content=\"4 minutes\" \/>\n<script type=\"application\/ld+json\" class=\"yoast-schema-graph\">{\"@context\":\"https:\\\/\\\/schema.org\",\"@graph\":[{\"@type\":\"Article\",\"@id\":\"https:\\\/\\\/www.autojm.fr\\\/blog\\\/loi-montagne-pneus-hiver-obligatoires\\\/#article\",\"isPartOf\":{\"@id\":\"https:\\\/\\\/www.autojm.fr\\\/blog\\\/loi-montagne-pneus-hiver-obligatoires\\\/\"},\"author\":{\"name\":\"Autojm\",\"@id\":\"https:\\\/\\\/www.autojm.fr\\\/blog\\\/#\\\/schema\\\/person\\\/9742bc77541853e0de81fc57f947e1a0\"},\"headline\":\"Loi Montagne : pneus hiver obligatoires ?\",\"datePublished\":\"2021-11-03T00:00:00+00:00\",\"dateModified\":\"2022-12-22T16:50:32+00:00\",\"mainEntityOfPage\":{\"@id\":\"https:\\\/\\\/www.autojm.fr\\\/blog\\\/loi-montagne-pneus-hiver-obligatoires\\\/\"},\"wordCount\":629,\"commentCount\":0,\"publisher\":{\"@id\":\"https:\\\/\\\/www.autojm.fr\\\/blog\\\/#organization\"},\"image\":{\"@id\":\"https:\\\/\\\/www.autojm.fr\\\/blog\\\/loi-montagne-pneus-hiver-obligatoires\\\/#primaryimage\"},\"thumbnailUrl\":\"https:\\\/\\\/www.autojm.fr\\\/blog\\\/wp-content\\\/uploads\\\/2022\\\/10\\\/653-scaled.jpg\",\"keywords\":[\"autojm\",\"Citro\u00ebn\",\"dacia\",\"DS\",\"Fiat\",\"Ford\",\"Kia\",\"Nissan\",\"Opel\",\"peugeot\",\"renault\",\"Volkswagen\"],\"articleSection\":[\"Conseils &amp; Astuces\"],\"inLanguage\":\"fr-FR\",\"potentialAction\":[{\"@type\":\"CommentAction\",\"name\":\"Comment\",\"target\":[\"https:\\\/\\\/www.autojm.fr\\\/blog\\\/loi-montagne-pneus-hiver-obligatoires\\\/#respond\"]}]},{\"@type\":\"WebPage\",\"@id\":\"https:\\\/\\\/www.autojm.fr\\\/blog\\\/loi-montagne-pneus-hiver-obligatoires\\\/\",\"url\":\"https:\\\/\\\/www.autojm.fr\\\/blog\\\/loi-montagne-pneus-hiver-obligatoires\\\/\",\"name\":\"Loi Montagne : pneus hiver obligatoires ? - AutoJM Mag\",\"isPartOf\":{\"@id\":\"https:\\\/\\\/www.autojm.fr\\\/blog\\\/#website\"},\"primaryImageOfPage\":{\"@id\":\"https:\\\/\\\/www.autojm.fr\\\/blog\\\/loi-montagne-pneus-hiver-obligatoires\\\/#primaryimage\"},\"image\":{\"@id\":\"https:\\\/\\\/www.autojm.fr\\\/blog\\\/loi-montagne-pneus-hiver-obligatoires\\\/#primaryimage\"},\"thumbnailUrl\":\"https:\\\/\\\/www.autojm.fr\\\/blog\\\/wp-content\\\/uploads\\\/2022\\\/10\\\/653-scaled.jpg\",\"datePublished\":\"2021-11-03T00:00:00+00:00\",\"dateModified\":\"2022-12-22T16:50:32+00:00\",\"description\":\"La Loi Montagne rend obligatoire le port d'\u00e9quipements hivernaux dans certaines zones g\u00e9ographiques difficiles d'acc\u00e8s.\",\"breadcrumb\":{\"@id\":\"https:\\\/\\\/www.autojm.fr\\\/blog\\\/loi-montagne-pneus-hiver-obligatoires\\\/#breadcrumb\"},\"inLanguage\":\"fr-FR\",\"potentialAction\":[{\"@type\":\"ReadAction\",\"target\":[\"https:\\\/\\\/www.autojm.fr\\\/blog\\\/loi-montagne-pneus-hiver-obligatoires\\\/\"]}]},{\"@type\":\"ImageObject\",\"inLanguage\":\"fr-FR\",\"@id\":\"https:\\\/\\\/www.autojm.fr\\\/blog\\\/loi-montagne-pneus-hiver-obligatoires\\\/#primaryimage\",\"url\":\"https:\\\/\\\/www.autojm.fr\\\/blog\\\/wp-content\\\/uploads\\\/2022\\\/10\\\/653-scaled.jpg\",\"contentUrl\":\"https:\\\/\\\/www.autojm.fr\\\/blog\\\/wp-content\\\/uploads\\\/2022\\\/10\\\/653-scaled.jpg\",\"width\":2560,\"height\":1160,\"caption\":\"Pneus hiver\"},{\"@type\":\"BreadcrumbList\",\"@id\":\"https:\\\/\\\/www.autojm.fr\\\/blog\\\/loi-montagne-pneus-hiver-obligatoires\\\/#breadcrumb\",\"itemListElement\":[{\"@type\":\"ListItem\",\"position\":1,\"name\":\"Accueil\",\"item\":\"https:\\\/\\\/www.autojm.fr\\\/blog\\\/\"},{\"@type\":\"ListItem\",\"position\":2,\"name\":\"Conseils &amp; Astuces\",\"item\":\"https:\\\/\\\/www.autojm.fr\\\/blog\\\/conseils-astuces\\\/\"},{\"@type\":\"ListItem\",\"position\":3,\"name\":\"Loi Montagne : pneus hiver obligatoires ?\"}]},{\"@type\":\"WebSite\",\"@id\":\"https:\\\/\\\/www.autojm.fr\\\/blog\\\/#website\",\"url\":\"https:\\\/\\\/www.autojm.fr\\\/blog\\\/\",\"name\":\"AutoJM Mag\",\"description\":\"Toute l&#039;actu auto en 1 clic !\",\"publisher\":{\"@id\":\"https:\\\/\\\/www.autojm.fr\\\/blog\\\/#organization\"},\"potentialAction\":[{\"@type\":\"SearchAction\",\"target\":{\"@type\":\"EntryPoint\",\"urlTemplate\":\"https:\\\/\\\/www.autojm.fr\\\/blog\\\/?s={search_term_string}\"},\"query-input\":{\"@type\":\"PropertyValueSpecification\",\"valueRequired\":true,\"valueName\":\"search_term_string\"}}],\"inLanguage\":\"fr-FR\"},{\"@type\":\"Organization\",\"@id\":\"https:\\\/\\\/www.autojm.fr\\\/blog\\\/#organization\",\"name\":\"AutoJM Mag\",\"url\":\"https:\\\/\\\/www.autojm.fr\\\/blog\\\/\",\"logo\":{\"@type\":\"ImageObject\",\"inLanguage\":\"fr-FR\",\"@id\":\"https:\\\/\\\/www.autojm.fr\\\/blog\\\/#\\\/schema\\\/logo\\\/image\\\/\",\"url\":\"https:\\\/\\\/www.autojm.fr\\\/blog\\\/wp-content\\\/uploads\\\/2022\\\/12\\\/cropped-AutoJMag-png.png\",\"contentUrl\":\"https:\\\/\\\/www.autojm.fr\\\/blog\\\/wp-content\\\/uploads\\\/2022\\\/12\\\/cropped-AutoJMag-png.png\",\"width\":2834,\"height\":585,\"caption\":\"AutoJM Mag\"},\"image\":{\"@id\":\"https:\\\/\\\/www.autojm.fr\\\/blog\\\/#\\\/schema\\\/logo\\\/image\\\/\"},\"sameAs\":[\"https:\\\/\\\/www.facebook.com\\\/AutoJM25\"]},{\"@type\":\"Person\",\"@id\":\"https:\\\/\\\/www.autojm.fr\\\/blog\\\/#\\\/schema\\\/person\\\/9742bc77541853e0de81fc57f947e1a0\",\"name\":\"Autojm\",\"image\":{\"@type\":\"ImageObject\",\"inLanguage\":\"fr-FR\",\"@id\":\"https:\\\/\\\/secure.gravatar.com\\\/avatar\\\/9a959d52b758fcc232fe4b6aca7bab139182573297122cce7d6f2ee0e537b418?s=96&d=mm&r=g\",\"url\":\"https:\\\/\\\/secure.gravatar.com\\\/avatar\\\/9a959d52b758fcc232fe4b6aca7bab139182573297122cce7d6f2ee0e537b418?s=96&d=mm&r=g\",\"contentUrl\":\"https:\\\/\\\/secure.gravatar.com\\\/avatar\\\/9a959d52b758fcc232fe4b6aca7bab139182573297122cce7d6f2ee0e537b418?s=96&d=mm&r=g\",\"caption\":\"Autojm\"},\"sameAs\":[\"https:\\\/\\\/www.autojm.fr\\\/blog\"],\"url\":\"https:\\\/\\\/www.autojm.fr\\\/blog\\\/author\\\/bichoi\\\/\"}]}<\/script>\n<!-- \/ Yoast SEO plugin. -->","yoast_head_json":{"title":"Loi Montagne : pneus hiver obligatoires ? - AutoJM Mag","description":"La Loi Montagne rend obligatoire le port d'\u00e9quipements hivernaux dans certaines zones g\u00e9ographiques difficiles d'acc\u00e8s.","robots":{"index":"index","follow":"follow","max-snippet":"max-snippet:-1","max-image-preview":"max-image-preview:large","max-video-preview":"max-video-preview:-1"},"canonical":"https:\/\/www.autojm.fr\/blog\/loi-montagne-pneus-hiver-obligatoires\/","og_locale":"fr_FR","og_type":"article","og_title":"Loi Montagne : pneus hiver obligatoires ? - AutoJM Mag","og_description":"La Loi Montagne rend obligatoire le port d'\u00e9quipements hivernaux dans certaines zones g\u00e9ographiques difficiles d'acc\u00e8s.","og_url":"https:\/\/www.autojm.fr\/blog\/loi-montagne-pneus-hiver-obligatoires\/","og_site_name":"AutoJM Mag","article_publisher":"https:\/\/www.facebook.com\/AutoJM25","article_published_time":"2021-11-03T00:00:00+00:00","article_modified_time":"2022-12-22T16:50:32+00:00","og_image":[{"width":2560,"height":1160,"url":"https:\/\/www.autojm.fr\/blog\/wp-content\/uploads\/2022\/10\/653-scaled.jpg","type":"image\/jpeg"}],"author":"Autojm","twitter_card":"summary_large_image","twitter_misc":{"\u00c9crit par":"Autojm","Dur\u00e9e de lecture estim\u00e9e":"4 minutes"},"schema":{"@context":"https:\/\/schema.org","@graph":[{"@type":"Article","@id":"https:\/\/www.autojm.fr\/blog\/loi-montagne-pneus-hiver-obligatoires\/#article","isPartOf":{"@id":"https:\/\/www.autojm.fr\/blog\/loi-montagne-pneus-hiver-obligatoires\/"},"author":{"name":"Autojm","@id":"https:\/\/www.autojm.fr\/blog\/#\/schema\/person\/9742bc77541853e0de81fc57f947e1a0"},"headline":"Loi Montagne : pneus hiver obligatoires ?","datePublished":"2021-11-03T00:00:00+00:00","dateModified":"2022-12-22T16:50:32+00:00","mainEntityOfPage":{"@id":"https:\/\/www.autojm.fr\/blog\/loi-montagne-pneus-hiver-obligatoires\/"},"wordCount":629,"commentCount":0,"publisher":{"@id":"https:\/\/www.autojm.fr\/blog\/#organization"},"image":{"@id":"https:\/\/www.autojm.fr\/blog\/loi-montagne-pneus-hiver-obligatoires\/#primaryimage"},"thumbnailUrl":"https:\/\/www.autojm.fr\/blog\/wp-content\/uploads\/2022\/10\/653-scaled.jpg","keywords":["autojm","Citro\u00ebn","dacia","DS","Fiat","Ford","Kia","Nissan","Opel","peugeot","renault","Volkswagen"],"articleSection":["Conseils &amp; Astuces"],"inLanguage":"fr-FR","potentialAction":[{"@type":"CommentAction","name":"Comment","target":["https:\/\/www.autojm.fr\/blog\/loi-montagne-pneus-hiver-obligatoires\/#respond"]}]},{"@type":"WebPage","@id":"https:\/\/www.autojm.fr\/blog\/loi-montagne-pneus-hiver-obligatoires\/","url":"https:\/\/www.autojm.fr\/blog\/loi-montagne-pneus-hiver-obligatoires\/","name":"Loi Montagne : pneus hiver obligatoires ? - AutoJM Mag","isPartOf":{"@id":"https:\/\/www.autojm.fr\/blog\/#website"},"primaryImageOfPage":{"@id":"https:\/\/www.autojm.fr\/blog\/loi-montagne-pneus-hiver-obligatoires\/#primaryimage"},"image":{"@id":"https:\/\/www.autojm.fr\/blog\/loi-montagne-pneus-hiver-obligatoires\/#primaryimage"},"thumbnailUrl":"https:\/\/www.autojm.fr\/blog\/wp-content\/uploads\/2022\/10\/653-scaled.jpg","datePublished":"2021-11-03T00:00:00+00:00","dateModified":"2022-12-22T16:50:32+00:00","description":"La Loi Montagne rend obligatoire le port d'\u00e9quipements hivernaux dans certaines zones g\u00e9ographiques difficiles d'acc\u00e8s.","breadcrumb":{"@id":"https:\/\/www.autojm.fr\/blog\/loi-montagne-pneus-hiver-obligatoires\/#breadcrumb"},"inLanguage":"fr-FR","potentialAction":[{"@type":"ReadAction","target":["https:\/\/www.autojm.fr\/blog\/loi-montagne-pneus-hiver-obligatoires\/"]}]},{"@type":"ImageObject","inLanguage":"fr-FR","@id":"https:\/\/www.autojm.fr\/blog\/loi-montagne-pneus-hiver-obligatoires\/#primaryimage","url":"https:\/\/www.autojm.fr\/blog\/wp-content\/uploads\/2022\/10\/653-scaled.jpg","contentUrl":"https:\/\/www.autojm.fr\/blog\/wp-content\/uploads\/2022\/10\/653-scaled.jpg","width":2560,"height":1160,"caption":"Pneus hiver"},{"@type":"BreadcrumbList","@id":"https:\/\/www.autojm.fr\/blog\/loi-montagne-pneus-hiver-obligatoires\/#breadcrumb","itemListElement":[{"@type":"ListItem","position":1,"name":"Accueil","item":"https:\/\/www.autojm.fr\/blog\/"},{"@type":"ListItem","position":2,"name":"Conseils &amp; Astuces","item":"https:\/\/www.autojm.fr\/blog\/conseils-astuces\/"},{"@type":"ListItem","position":3,"name":"Loi Montagne : pneus hiver obligatoires ?"}]},{"@type":"WebSite","@id":"https:\/\/www.autojm.fr\/blog\/#website","url":"https:\/\/www.autojm.fr\/blog\/","name":"AutoJM Mag","description":"Toute l&#039;actu auto en 1 clic !","publisher":{"@id":"https:\/\/www.autojm.fr\/blog\/#organization"},"potentialAction":[{"@type":"SearchAction","target":{"@type":"EntryPoint","urlTemplate":"https:\/\/www.autojm.fr\/blog\/?s={search_term_string}"},"query-input":{"@type":"PropertyValueSpecification","valueRequired":true,"valueName":"search_term_string"}}],"inLanguage":"fr-FR"},{"@type":"Organization","@id":"https:\/\/www.autojm.fr\/blog\/#organization","name":"AutoJM Mag","url":"https:\/\/www.autojm.fr\/blog\/","logo":{"@type":"ImageObject","inLanguage":"fr-FR","@id":"https:\/\/www.autojm.fr\/blog\/#\/schema\/logo\/image\/","url":"https:\/\/www.autojm.fr\/blog\/wp-content\/uploads\/2022\/12\/cropped-AutoJMag-png.png","contentUrl":"https:\/\/www.autojm.fr\/blog\/wp-content\/uploads\/2022\/12\/cropped-AutoJMag-png.png","width":2834,"height":585,"caption":"AutoJM Mag"},"image":{"@id":"https:\/\/www.autojm.fr\/blog\/#\/schema\/logo\/image\/"},"sameAs":["https:\/\/www.facebook.com\/AutoJM25"]},{"@type":"Person","@id":"https:\/\/www.autojm.fr\/blog\/#\/schema\/person\/9742bc77541853e0de81fc57f947e1a0","name":"Autojm","image":{"@type":"ImageObject","inLanguage":"fr-FR","@id":"https:\/\/secure.gravatar.com\/avatar\/9a959d52b758fcc232fe4b6aca7bab139182573297122cce7d6f2ee0e537b418?s=96&d=mm&r=g","url":"https:\/\/secure.gravatar.com\/avatar\/9a959d52b758fcc232fe4b6aca7bab139182573297122cce7d6f2ee0e537b418?s=96&d=mm&r=g","contentUrl":"https:\/\/secure.gravatar.com\/avatar\/9a959d52b758fcc232fe4b6aca7bab139182573297122cce7d6f2ee0e537b418?s=96&d=mm&r=g","caption":"Autojm"},"sameAs":["https:\/\/www.autojm.fr\/blog"],"url":"https:\/\/www.autojm.fr\/blog\/author\/bichoi\/"}]}},"_links":{"self":[{"href":"https:\/\/www.autojm.fr\/blog\/wp-json\/wp\/v2\/posts\/3923","targetHints":{"allow":["GET"]}}],"collection":[{"href":"https:\/\/www.autojm.fr\/blog\/wp-json\/wp\/v2\/posts"}],"about":[{"href":"https:\/\/www.autojm.fr\/blog\/wp-json\/wp\/v2\/types\/post"}],"author":[{"embeddable":true,"href":"https:\/\/www.autojm.fr\/blog\/wp-json\/wp\/v2\/users\/1"}],"replies":[{"embeddable":true,"href":"https:\/\/www.autojm.fr\/blog\/wp-json\/wp\/v2\/comments?post=3923"}],"version-history":[{"count":12,"href":"https:\/\/www.autojm.fr\/blog\/wp-json\/wp\/v2\/posts\/3923\/revisions"}],"predecessor-version":[{"id":7940,"href":"https:\/\/www.autojm.fr\/blog\/wp-json\/wp\/v2\/posts\/3923\/revisions\/7940"}],"wp:featuredmedia":[{"embeddable":true,"href":"https:\/\/www.autojm.fr\/blog\/wp-json\/wp\/v2\/media\/5981"}],"wp:attachment":[{"href":"https:\/\/www.autojm.fr\/blog\/wp-json\/wp\/v2\/media?parent=3923"}],"wp:term":[{"taxonomy":"category","embeddable":true,"href":"https:\/\/www.autojm.fr\/blog\/wp-json\/wp\/v2\/categories?post=3923"},{"taxonomy":"post_tag","embeddable":true,"href":"https:\/\/www.autojm.fr\/blog\/wp-json\/wp\/v2\/tags?post=3923"}],"curies":[{"name":"wp","href":"https:\/\/api.w.org\/{rel}","templated":true}]}}