{"id":3922,"date":"2021-10-26T00:00:00","date_gmt":"2021-10-26T00:00:00","guid":{"rendered":"https:\/\/www.autojm.fr\/blog\/prime-et-bonus-pas-de-changements-en-janvier-2022\/"},"modified":"2023-04-19T11:53:18","modified_gmt":"2023-04-19T11:53:18","slug":"prime-et-bonus-pas-de-changements-en-janvier-2022","status":"publish","type":"post","link":"https:\/\/www.autojm.fr\/blog\/prime-et-bonus-pas-de-changements-en-janvier-2022\/","title":{"rendered":"Prime et bonus : pas de changements en janvier 2022"},"content":{"rendered":"<p>La <strong><a href=\"https:\/\/www.autojm.fr\/prime-a-la-casse?part=blog&amp;utm_source=articleblog261021&amp;utm_medium=blog\">prime \u00e0 la conversion<\/a><\/strong> et le <strong><a href=\"https:\/\/www.autojm.fr\/bonus-malus?part=blog&amp;utm_source=articleblog261021&amp;utm_medium=blog\">bonus \u00e9cologique<\/a><\/strong> ont \u00e9t\u00e9 boulevers\u00e9s ces derniers mois, d&rsquo;une part pour relancer les ventes automobiles apr\u00e8s un confinement total et l&rsquo;arr\u00eat de la production, d&rsquo;autre part pour inciter les automobilistes fran\u00e7ais \u00e0 se convertir \u00e0 l&rsquo;hybride ou l&rsquo;\u00e9lectrique pour s&rsquo;assurer, \u00e0 terme, d&rsquo;avoir un parc automobile plus propre. Alors que le mois de janvier 2022 devait enregistrer une baisse concernant ces aides \u00e0 l&rsquo;achat, le report de ces changements a \u00e9t\u00e9 annonc\u00e9 r\u00e9cemment. On fait le point sur la prime \u00e0 la conversion et le bonus \u00e9cologique pour tout savoir.<\/p>\n<h2>Pas de changements pour le mois de janvier<\/h2>\n<p>Apr\u00e8s des aides exceptionnelles accord\u00e9es suite au premier confinement et \u00e0 une activit\u00e9 de vente automobile presque \u00e9teinte, l&rsquo;Etat d\u00e9cide \u00e0 nouveau de favoriser le porte-monnaie des automobilistes Fran\u00e7ais en maintenant au niveau actuel la prime \u00e0 la conversion et le bonus \u00e9cologique qui devaient, au 1er janvier 2022, \u00eatre diminu\u00e9s. Une prolongation de 6 mois qui laissera un peu plus de temps aux fran\u00e7ais pour choisir la voiture \u00e9lectrique de leurs r\u00eaves ! Du moins, c&rsquo;est l&rsquo;objectif principal : pousser un maximum les automobilistes \u00e0 acheter des v\u00e9hicules peu voire pas polluants pour faire le m\u00e9nage sur le parc automobile et r\u00e9duire les \u00e9missions de CO2.<\/p>\n<h2>Quel montant pour la prime \u00e0 la conversion et le bonus \u00e9co actuels ?<\/h2>\n<p>Les aides \u00e0 l&rsquo;achat, prime \u00e0 la conversion et bonus \u00e9cologique, gardent donc leur \u00e9tat actuel. La prime \u00e0 la conversion est accord\u00e9e* pour l&rsquo;achat d&rsquo;un v\u00e9hicule avec une consommation inf\u00e9rieure ou \u00e9gale \u00e0 132 gr de CO2 (ou 137 gr de CO2 pour les voitures d&rsquo;occasion), et va de 2500\u20ac \u00e0 5000\u20ac selon le revenu fiscal de r\u00e9f\u00e9rence (RFR). Le bonus \u00e9cologique peut aller jusqu&rsquo;\u00e0 6000\u20ac et concerne les voitures hybrides rechargeables et \u00e9lectriques.<\/p>\n<h2>Un contexte tendu pour les automobilistes<\/h2>\n<p>Le choix de repousser les aides \u00e0 l&rsquo;achat de v\u00e9hicule n&rsquo;est pas sans causes : il intervient dans un contexte tendu, avec des \u00e9lections pr\u00e9sidentielles qui se pr\u00e9parent et une hausse du prix du carburant qui ne tardera pas \u00e0 r\u00e9veiller de vieilles rancoeurs port\u00e9es par les groupes de gilets jaunes. Pour pallier ce probl\u00e8me, Jean Castex, premier ministre, a annonc\u00e9 la mise en place d&rsquo;une indemnit\u00e9 inflation de 100\u20ac \u00e0 destination des fran\u00e7ais qui gagnent moins de 2000\u20ac net par mois (avant imp\u00f4ts).<\/p>\n<h2>Les automobilistes trop d\u00e9pendants du p\u00e9trole<\/h2>\n<p>Barbara Pompili, Ministre de la Transition \u00e9cologique, a d\u00e9clar\u00e9 \u201cIl faut que nous fassions \u00e9voluer nos habitudes pour ne plus d\u00e9pendre des hausses imma\u00eetrisables du p\u00e9trole. Il faut des mesures de long terme qui permettront \u00e0 la France et aux Fran\u00e7ais de ne plus subir ces hausses perp\u00e9tuelles.\u201d Un nouvel argument de poids pour pousser les automobilistes du territoire \u00e0 investir dans des v\u00e9hicules \u00e9lectriques, dont la seule probl\u00e9matique sera la recharge. L&rsquo;investissement peut \u00eatre co\u00fbteux, mais l&rsquo;\u00e9lectricit\u00e9 s&rsquo;av\u00e8re bien moins ch\u00e8re que le carburant, et c&rsquo;est encore plus flagrant avec la hausse actuelle du prix de ce dernier.<\/p>\n<p><iframe loading=\"lazy\" title=\"YouTube video player\" src=\"https:\/\/www.youtube.com\/embed\/PEr5tz7YdsQ\" width=\"100%\" height=\"315\" allowfullscreen=\"allowfullscreen\"><\/iframe><\/p>\n<p style=\"margin-top: 1.75em; margin-bottom: 1.75em; font-size: 0.813em; line-height: 1.5em; color: #666666; font-family: Arial, Helvetica, sans-serif;\">\n","protected":false},"excerpt":{"rendered":"<p>La prime \u00e0 la conversion et le bonus \u00e9cologique ont \u00e9t\u00e9 boulevers\u00e9s ces derniers mois, d&rsquo;une part pour relancer les ventes automobiles apr\u00e8s un confinement total et l&rsquo;arr\u00eat de la production, d&rsquo;autre part pour inciter les automobilistes fran\u00e7ais \u00e0 se convertir \u00e0 l&rsquo;hybride ou l&rsquo;\u00e9lectrique pour s&rsquo;assurer, \u00e0 terme, d&rsquo;avoir un parc automobile plus propre.<\/p>\n","protected":false},"author":1,"featured_media":5980,"comment_status":"open","ping_status":"open","sticky":false,"template":"","format":"standard","meta":{"_acf_changed":false,"content-type":"","footnotes":""},"categories":[5],"tags":[90,79,74,105,110,109,106,108,107,73,78,96],"class_list":["post-3922","post","type-post","status-publish","format-standard","has-post-thumbnail","hentry","category-actualite-automobile","tag-autojm","tag-citroen","tag-dacia","tag-ds","tag-fiat","tag-ford","tag-kia","tag-nissan","tag-opel","tag-peugeot","tag-renault","tag-volkswagen"],"acf":[],"yoast_head":"<!-- This site is optimized with the Yoast SEO plugin v27.5 - https:\/\/yoast.com\/product\/yoast-seo-wordpress\/ -->\n<title>Prime et bonus : pas de changements en janvier 2022 - AutoJM Mag<\/title>\n<meta name=\"description\" content=\"La prime \u00e0 la conversion et le bonus \u00e9cologique ont \u00e9t\u00e9 boulevers\u00e9s ces derniers mois, d&#039;une part pour relancer les ventes automobiles...\" \/>\n<meta name=\"robots\" content=\"index, follow, max-snippet:-1, max-image-preview:large, max-video-preview:-1\" \/>\n<link rel=\"canonical\" href=\"https:\/\/www.autojm.fr\/blog\/prime-et-bonus-pas-de-changements-en-janvier-2022\/\" \/>\n<meta property=\"og:locale\" content=\"fr_FR\" \/>\n<meta property=\"og:type\" content=\"article\" \/>\n<meta property=\"og:title\" content=\"Prime et bonus : pas de changements en janvier 2022 - AutoJM Mag\" \/>\n<meta property=\"og:description\" content=\"La prime \u00e0 la conversion et le bonus \u00e9cologique ont \u00e9t\u00e9 boulevers\u00e9s ces derniers mois, d&#039;une part pour relancer les ventes automobiles...\" \/>\n<meta property=\"og:url\" content=\"https:\/\/www.autojm.fr\/blog\/prime-et-bonus-pas-de-changements-en-janvier-2022\/\" \/>\n<meta property=\"og:site_name\" content=\"AutoJM Mag\" \/>\n<meta property=\"article:publisher\" content=\"https:\/\/www.facebook.com\/AutoJM25\" \/>\n<meta property=\"article:published_time\" content=\"2021-10-26T00:00:00+00:00\" \/>\n<meta property=\"article:modified_time\" content=\"2023-04-19T11:53:18+00:00\" \/>\n<meta property=\"og:image\" content=\"https:\/\/www.autojm.fr\/blog\/wp-content\/uploads\/2022\/10\/652.jpg\" \/>\n\t<meta property=\"og:image:width\" content=\"1024\" \/>\n\t<meta property=\"og:image:height\" content=\"465\" \/>\n\t<meta property=\"og:image:type\" content=\"image\/jpeg\" \/>\n<meta name=\"author\" content=\"Autojm\" \/>\n<meta name=\"twitter:card\" content=\"summary_large_image\" \/>\n<meta name=\"twitter:label1\" content=\"\u00c9crit par\" \/>\n\t<meta name=\"twitter:data1\" content=\"Autojm\" \/>\n\t<meta name=\"twitter:label2\" content=\"Dur\u00e9e de lecture estim\u00e9e\" \/>\n\t<meta name=\"twitter:data2\" content=\"3 minutes\" \/>\n<script type=\"application\/ld+json\" class=\"yoast-schema-graph\">{\"@context\":\"https:\\\/\\\/schema.org\",\"@graph\":[{\"@type\":\"Article\",\"@id\":\"https:\\\/\\\/www.autojm.fr\\\/blog\\\/prime-et-bonus-pas-de-changements-en-janvier-2022\\\/#article\",\"isPartOf\":{\"@id\":\"https:\\\/\\\/www.autojm.fr\\\/blog\\\/prime-et-bonus-pas-de-changements-en-janvier-2022\\\/\"},\"author\":{\"name\":\"Autojm\",\"@id\":\"https:\\\/\\\/www.autojm.fr\\\/blog\\\/#\\\/schema\\\/person\\\/9742bc77541853e0de81fc57f947e1a0\"},\"headline\":\"Prime et bonus : pas de changements en janvier 2022\",\"datePublished\":\"2021-10-26T00:00:00+00:00\",\"dateModified\":\"2023-04-19T11:53:18+00:00\",\"mainEntityOfPage\":{\"@id\":\"https:\\\/\\\/www.autojm.fr\\\/blog\\\/prime-et-bonus-pas-de-changements-en-janvier-2022\\\/\"},\"wordCount\":512,\"commentCount\":0,\"publisher\":{\"@id\":\"https:\\\/\\\/www.autojm.fr\\\/blog\\\/#organization\"},\"image\":{\"@id\":\"https:\\\/\\\/www.autojm.fr\\\/blog\\\/prime-et-bonus-pas-de-changements-en-janvier-2022\\\/#primaryimage\"},\"thumbnailUrl\":\"https:\\\/\\\/www.autojm.fr\\\/blog\\\/wp-content\\\/uploads\\\/2022\\\/10\\\/652.jpg\",\"keywords\":[\"autojm\",\"citroen\",\"dacia\",\"DS\",\"Fiat\",\"Ford\",\"Kia\",\"Nissan\",\"Opel\",\"peugeot\",\"renault\",\"Volkswagen\"],\"articleSection\":[\"Actualit\u00e9 Automobile\"],\"inLanguage\":\"fr-FR\",\"potentialAction\":[{\"@type\":\"CommentAction\",\"name\":\"Comment\",\"target\":[\"https:\\\/\\\/www.autojm.fr\\\/blog\\\/prime-et-bonus-pas-de-changements-en-janvier-2022\\\/#respond\"]}]},{\"@type\":\"WebPage\",\"@id\":\"https:\\\/\\\/www.autojm.fr\\\/blog\\\/prime-et-bonus-pas-de-changements-en-janvier-2022\\\/\",\"url\":\"https:\\\/\\\/www.autojm.fr\\\/blog\\\/prime-et-bonus-pas-de-changements-en-janvier-2022\\\/\",\"name\":\"Prime et bonus : pas de changements en janvier 2022 - AutoJM Mag\",\"isPartOf\":{\"@id\":\"https:\\\/\\\/www.autojm.fr\\\/blog\\\/#website\"},\"primaryImageOfPage\":{\"@id\":\"https:\\\/\\\/www.autojm.fr\\\/blog\\\/prime-et-bonus-pas-de-changements-en-janvier-2022\\\/#primaryimage\"},\"image\":{\"@id\":\"https:\\\/\\\/www.autojm.fr\\\/blog\\\/prime-et-bonus-pas-de-changements-en-janvier-2022\\\/#primaryimage\"},\"thumbnailUrl\":\"https:\\\/\\\/www.autojm.fr\\\/blog\\\/wp-content\\\/uploads\\\/2022\\\/10\\\/652.jpg\",\"datePublished\":\"2021-10-26T00:00:00+00:00\",\"dateModified\":\"2023-04-19T11:53:18+00:00\",\"description\":\"La prime \u00e0 la conversion et le bonus \u00e9cologique ont \u00e9t\u00e9 boulevers\u00e9s ces derniers mois, d'une part pour relancer les ventes automobiles...\",\"breadcrumb\":{\"@id\":\"https:\\\/\\\/www.autojm.fr\\\/blog\\\/prime-et-bonus-pas-de-changements-en-janvier-2022\\\/#breadcrumb\"},\"inLanguage\":\"fr-FR\",\"potentialAction\":[{\"@type\":\"ReadAction\",\"target\":[\"https:\\\/\\\/www.autojm.fr\\\/blog\\\/prime-et-bonus-pas-de-changements-en-janvier-2022\\\/\"]}]},{\"@type\":\"ImageObject\",\"inLanguage\":\"fr-FR\",\"@id\":\"https:\\\/\\\/www.autojm.fr\\\/blog\\\/prime-et-bonus-pas-de-changements-en-janvier-2022\\\/#primaryimage\",\"url\":\"https:\\\/\\\/www.autojm.fr\\\/blog\\\/wp-content\\\/uploads\\\/2022\\\/10\\\/652.jpg\",\"contentUrl\":\"https:\\\/\\\/www.autojm.fr\\\/blog\\\/wp-content\\\/uploads\\\/2022\\\/10\\\/652.jpg\",\"width\":1024,\"height\":465,\"caption\":\"Bonus \u00e9cologique\"},{\"@type\":\"BreadcrumbList\",\"@id\":\"https:\\\/\\\/www.autojm.fr\\\/blog\\\/prime-et-bonus-pas-de-changements-en-janvier-2022\\\/#breadcrumb\",\"itemListElement\":[{\"@type\":\"ListItem\",\"position\":1,\"name\":\"Accueil\",\"item\":\"https:\\\/\\\/www.autojm.fr\\\/blog\\\/\"},{\"@type\":\"ListItem\",\"position\":2,\"name\":\"Actualit\u00e9 Automobile\",\"item\":\"https:\\\/\\\/www.autojm.fr\\\/blog\\\/actualite-automobile\\\/\"},{\"@type\":\"ListItem\",\"position\":3,\"name\":\"Prime et bonus : pas de changements en janvier 2022\"}]},{\"@type\":\"WebSite\",\"@id\":\"https:\\\/\\\/www.autojm.fr\\\/blog\\\/#website\",\"url\":\"https:\\\/\\\/www.autojm.fr\\\/blog\\\/\",\"name\":\"AutoJM Mag\",\"description\":\"Toute l&#039;actu auto en 1 clic !\",\"publisher\":{\"@id\":\"https:\\\/\\\/www.autojm.fr\\\/blog\\\/#organization\"},\"potentialAction\":[{\"@type\":\"SearchAction\",\"target\":{\"@type\":\"EntryPoint\",\"urlTemplate\":\"https:\\\/\\\/www.autojm.fr\\\/blog\\\/?s={search_term_string}\"},\"query-input\":{\"@type\":\"PropertyValueSpecification\",\"valueRequired\":true,\"valueName\":\"search_term_string\"}}],\"inLanguage\":\"fr-FR\"},{\"@type\":\"Organization\",\"@id\":\"https:\\\/\\\/www.autojm.fr\\\/blog\\\/#organization\",\"name\":\"AutoJM Mag\",\"url\":\"https:\\\/\\\/www.autojm.fr\\\/blog\\\/\",\"logo\":{\"@type\":\"ImageObject\",\"inLanguage\":\"fr-FR\",\"@id\":\"https:\\\/\\\/www.autojm.fr\\\/blog\\\/#\\\/schema\\\/logo\\\/image\\\/\",\"url\":\"https:\\\/\\\/www.autojm.fr\\\/blog\\\/wp-content\\\/uploads\\\/2022\\\/12\\\/cropped-AutoJMag-png.png\",\"contentUrl\":\"https:\\\/\\\/www.autojm.fr\\\/blog\\\/wp-content\\\/uploads\\\/2022\\\/12\\\/cropped-AutoJMag-png.png\",\"width\":2834,\"height\":585,\"caption\":\"AutoJM Mag\"},\"image\":{\"@id\":\"https:\\\/\\\/www.autojm.fr\\\/blog\\\/#\\\/schema\\\/logo\\\/image\\\/\"},\"sameAs\":[\"https:\\\/\\\/www.facebook.com\\\/AutoJM25\"]},{\"@type\":\"Person\",\"@id\":\"https:\\\/\\\/www.autojm.fr\\\/blog\\\/#\\\/schema\\\/person\\\/9742bc77541853e0de81fc57f947e1a0\",\"name\":\"Autojm\",\"image\":{\"@type\":\"ImageObject\",\"inLanguage\":\"fr-FR\",\"@id\":\"https:\\\/\\\/secure.gravatar.com\\\/avatar\\\/9a959d52b758fcc232fe4b6aca7bab139182573297122cce7d6f2ee0e537b418?s=96&d=mm&r=g\",\"url\":\"https:\\\/\\\/secure.gravatar.com\\\/avatar\\\/9a959d52b758fcc232fe4b6aca7bab139182573297122cce7d6f2ee0e537b418?s=96&d=mm&r=g\",\"contentUrl\":\"https:\\\/\\\/secure.gravatar.com\\\/avatar\\\/9a959d52b758fcc232fe4b6aca7bab139182573297122cce7d6f2ee0e537b418?s=96&d=mm&r=g\",\"caption\":\"Autojm\"},\"sameAs\":[\"https:\\\/\\\/www.autojm.fr\\\/blog\"],\"url\":\"https:\\\/\\\/www.autojm.fr\\\/blog\\\/author\\\/bichoi\\\/\"}]}<\/script>\n<!-- \/ Yoast SEO plugin. -->","yoast_head_json":{"title":"Prime et bonus : pas de changements en janvier 2022 - AutoJM Mag","description":"La prime \u00e0 la conversion et le bonus \u00e9cologique ont \u00e9t\u00e9 boulevers\u00e9s ces derniers mois, d'une part pour relancer les ventes automobiles...","robots":{"index":"index","follow":"follow","max-snippet":"max-snippet:-1","max-image-preview":"max-image-preview:large","max-video-preview":"max-video-preview:-1"},"canonical":"https:\/\/www.autojm.fr\/blog\/prime-et-bonus-pas-de-changements-en-janvier-2022\/","og_locale":"fr_FR","og_type":"article","og_title":"Prime et bonus : pas de changements en janvier 2022 - AutoJM Mag","og_description":"La prime \u00e0 la conversion et le bonus \u00e9cologique ont \u00e9t\u00e9 boulevers\u00e9s ces derniers mois, d'une part pour relancer les ventes automobiles...","og_url":"https:\/\/www.autojm.fr\/blog\/prime-et-bonus-pas-de-changements-en-janvier-2022\/","og_site_name":"AutoJM Mag","article_publisher":"https:\/\/www.facebook.com\/AutoJM25","article_published_time":"2021-10-26T00:00:00+00:00","article_modified_time":"2023-04-19T11:53:18+00:00","og_image":[{"width":1024,"height":465,"url":"https:\/\/www.autojm.fr\/blog\/wp-content\/uploads\/2022\/10\/652.jpg","type":"image\/jpeg"}],"author":"Autojm","twitter_card":"summary_large_image","twitter_misc":{"\u00c9crit par":"Autojm","Dur\u00e9e de lecture estim\u00e9e":"3 minutes"},"schema":{"@context":"https:\/\/schema.org","@graph":[{"@type":"Article","@id":"https:\/\/www.autojm.fr\/blog\/prime-et-bonus-pas-de-changements-en-janvier-2022\/#article","isPartOf":{"@id":"https:\/\/www.autojm.fr\/blog\/prime-et-bonus-pas-de-changements-en-janvier-2022\/"},"author":{"name":"Autojm","@id":"https:\/\/www.autojm.fr\/blog\/#\/schema\/person\/9742bc77541853e0de81fc57f947e1a0"},"headline":"Prime et bonus : pas de changements en janvier 2022","datePublished":"2021-10-26T00:00:00+00:00","dateModified":"2023-04-19T11:53:18+00:00","mainEntityOfPage":{"@id":"https:\/\/www.autojm.fr\/blog\/prime-et-bonus-pas-de-changements-en-janvier-2022\/"},"wordCount":512,"commentCount":0,"publisher":{"@id":"https:\/\/www.autojm.fr\/blog\/#organization"},"image":{"@id":"https:\/\/www.autojm.fr\/blog\/prime-et-bonus-pas-de-changements-en-janvier-2022\/#primaryimage"},"thumbnailUrl":"https:\/\/www.autojm.fr\/blog\/wp-content\/uploads\/2022\/10\/652.jpg","keywords":["autojm","citroen","dacia","DS","Fiat","Ford","Kia","Nissan","Opel","peugeot","renault","Volkswagen"],"articleSection":["Actualit\u00e9 Automobile"],"inLanguage":"fr-FR","potentialAction":[{"@type":"CommentAction","name":"Comment","target":["https:\/\/www.autojm.fr\/blog\/prime-et-bonus-pas-de-changements-en-janvier-2022\/#respond"]}]},{"@type":"WebPage","@id":"https:\/\/www.autojm.fr\/blog\/prime-et-bonus-pas-de-changements-en-janvier-2022\/","url":"https:\/\/www.autojm.fr\/blog\/prime-et-bonus-pas-de-changements-en-janvier-2022\/","name":"Prime et bonus : pas de changements en janvier 2022 - AutoJM Mag","isPartOf":{"@id":"https:\/\/www.autojm.fr\/blog\/#website"},"primaryImageOfPage":{"@id":"https:\/\/www.autojm.fr\/blog\/prime-et-bonus-pas-de-changements-en-janvier-2022\/#primaryimage"},"image":{"@id":"https:\/\/www.autojm.fr\/blog\/prime-et-bonus-pas-de-changements-en-janvier-2022\/#primaryimage"},"thumbnailUrl":"https:\/\/www.autojm.fr\/blog\/wp-content\/uploads\/2022\/10\/652.jpg","datePublished":"2021-10-26T00:00:00+00:00","dateModified":"2023-04-19T11:53:18+00:00","description":"La prime \u00e0 la conversion et le bonus \u00e9cologique ont \u00e9t\u00e9 boulevers\u00e9s ces derniers mois, d'une part pour relancer les ventes automobiles...","breadcrumb":{"@id":"https:\/\/www.autojm.fr\/blog\/prime-et-bonus-pas-de-changements-en-janvier-2022\/#breadcrumb"},"inLanguage":"fr-FR","potentialAction":[{"@type":"ReadAction","target":["https:\/\/www.autojm.fr\/blog\/prime-et-bonus-pas-de-changements-en-janvier-2022\/"]}]},{"@type":"ImageObject","inLanguage":"fr-FR","@id":"https:\/\/www.autojm.fr\/blog\/prime-et-bonus-pas-de-changements-en-janvier-2022\/#primaryimage","url":"https:\/\/www.autojm.fr\/blog\/wp-content\/uploads\/2022\/10\/652.jpg","contentUrl":"https:\/\/www.autojm.fr\/blog\/wp-content\/uploads\/2022\/10\/652.jpg","width":1024,"height":465,"caption":"Bonus \u00e9cologique"},{"@type":"BreadcrumbList","@id":"https:\/\/www.autojm.fr\/blog\/prime-et-bonus-pas-de-changements-en-janvier-2022\/#breadcrumb","itemListElement":[{"@type":"ListItem","position":1,"name":"Accueil","item":"https:\/\/www.autojm.fr\/blog\/"},{"@type":"ListItem","position":2,"name":"Actualit\u00e9 Automobile","item":"https:\/\/www.autojm.fr\/blog\/actualite-automobile\/"},{"@type":"ListItem","position":3,"name":"Prime et bonus : pas de changements en janvier 2022"}]},{"@type":"WebSite","@id":"https:\/\/www.autojm.fr\/blog\/#website","url":"https:\/\/www.autojm.fr\/blog\/","name":"AutoJM Mag","description":"Toute l&#039;actu auto en 1 clic !","publisher":{"@id":"https:\/\/www.autojm.fr\/blog\/#organization"},"potentialAction":[{"@type":"SearchAction","target":{"@type":"EntryPoint","urlTemplate":"https:\/\/www.autojm.fr\/blog\/?s={search_term_string}"},"query-input":{"@type":"PropertyValueSpecification","valueRequired":true,"valueName":"search_term_string"}}],"inLanguage":"fr-FR"},{"@type":"Organization","@id":"https:\/\/www.autojm.fr\/blog\/#organization","name":"AutoJM Mag","url":"https:\/\/www.autojm.fr\/blog\/","logo":{"@type":"ImageObject","inLanguage":"fr-FR","@id":"https:\/\/www.autojm.fr\/blog\/#\/schema\/logo\/image\/","url":"https:\/\/www.autojm.fr\/blog\/wp-content\/uploads\/2022\/12\/cropped-AutoJMag-png.png","contentUrl":"https:\/\/www.autojm.fr\/blog\/wp-content\/uploads\/2022\/12\/cropped-AutoJMag-png.png","width":2834,"height":585,"caption":"AutoJM Mag"},"image":{"@id":"https:\/\/www.autojm.fr\/blog\/#\/schema\/logo\/image\/"},"sameAs":["https:\/\/www.facebook.com\/AutoJM25"]},{"@type":"Person","@id":"https:\/\/www.autojm.fr\/blog\/#\/schema\/person\/9742bc77541853e0de81fc57f947e1a0","name":"Autojm","image":{"@type":"ImageObject","inLanguage":"fr-FR","@id":"https:\/\/secure.gravatar.com\/avatar\/9a959d52b758fcc232fe4b6aca7bab139182573297122cce7d6f2ee0e537b418?s=96&d=mm&r=g","url":"https:\/\/secure.gravatar.com\/avatar\/9a959d52b758fcc232fe4b6aca7bab139182573297122cce7d6f2ee0e537b418?s=96&d=mm&r=g","contentUrl":"https:\/\/secure.gravatar.com\/avatar\/9a959d52b758fcc232fe4b6aca7bab139182573297122cce7d6f2ee0e537b418?s=96&d=mm&r=g","caption":"Autojm"},"sameAs":["https:\/\/www.autojm.fr\/blog"],"url":"https:\/\/www.autojm.fr\/blog\/author\/bichoi\/"}]}},"_links":{"self":[{"href":"https:\/\/www.autojm.fr\/blog\/wp-json\/wp\/v2\/posts\/3922","targetHints":{"allow":["GET"]}}],"collection":[{"href":"https:\/\/www.autojm.fr\/blog\/wp-json\/wp\/v2\/posts"}],"about":[{"href":"https:\/\/www.autojm.fr\/blog\/wp-json\/wp\/v2\/types\/post"}],"author":[{"embeddable":true,"href":"https:\/\/www.autojm.fr\/blog\/wp-json\/wp\/v2\/users\/1"}],"replies":[{"embeddable":true,"href":"https:\/\/www.autojm.fr\/blog\/wp-json\/wp\/v2\/comments?post=3922"}],"version-history":[{"count":5,"href":"https:\/\/www.autojm.fr\/blog\/wp-json\/wp\/v2\/posts\/3922\/revisions"}],"predecessor-version":[{"id":9511,"href":"https:\/\/www.autojm.fr\/blog\/wp-json\/wp\/v2\/posts\/3922\/revisions\/9511"}],"wp:featuredmedia":[{"embeddable":true,"href":"https:\/\/www.autojm.fr\/blog\/wp-json\/wp\/v2\/media\/5980"}],"wp:attachment":[{"href":"https:\/\/www.autojm.fr\/blog\/wp-json\/wp\/v2\/media?parent=3922"}],"wp:term":[{"taxonomy":"category","embeddable":true,"href":"https:\/\/www.autojm.fr\/blog\/wp-json\/wp\/v2\/categories?post=3922"},{"taxonomy":"post_tag","embeddable":true,"href":"https:\/\/www.autojm.fr\/blog\/wp-json\/wp\/v2\/tags?post=3922"}],"curies":[{"name":"wp","href":"https:\/\/api.w.org\/{rel}","templated":true}]}}