{"id":3921,"date":"2021-10-08T00:00:00","date_gmt":"2021-10-08T00:00:00","guid":{"rendered":"https:\/\/www.autojm.fr\/blog\/ds7-crossback-2022-la-nouvelle-generation-du-suv\/"},"modified":"2022-12-09T13:27:44","modified_gmt":"2022-12-09T13:27:44","slug":"ds7-crossback-2022-la-nouvelle-generation-du-suv","status":"publish","type":"post","link":"https:\/\/www.autojm.fr\/blog\/ds7-crossback-2022-la-nouvelle-generation-du-suv\/","title":{"rendered":"DS7 Crossback 2022 : la nouvelle g\u00e9n\u00e9ration du SUV"},"content":{"rendered":"<p>Le <strong><a href=\"https:\/\/www.autojm.fr\/achat-voitures-neuves-ds-ds-7-crossback-5p?part=blog&amp;utm_source=articleblog081021&amp;utm_medium=blog\">DS7 Crossback<\/a><\/strong> est un crossover qui a du succ\u00e8s : son style luxueux et ses nombreux atouts lui permettent de se distinguer des autres mod\u00e8les pour s\u00e9duire sa propre client\u00e8le. Apr\u00e8s les SUV 3008 et Opel Grandland, c&rsquo;est donc sans surprise que le groupe Stellantis d\u00e9cide de cr\u00e9er la nouvelle g\u00e9n\u00e9ration du DS7, qui devrait \u00eatre d\u00e9voil\u00e9e ces prochains mois. Le DS7 Crossback 2022 a d\u00e9j\u00e0 \u00e9t\u00e9 imagin\u00e9 par les journalistes automobiles, et voici ce qui en ressort.<\/p>\n<h2>Nouveaux feux pour le DS7 Crossback 2022<\/h2>\n<p>Le nouveau SUV DS7 Crossback sera simplifi\u00e9 pour un esth\u00e9tique d\u00e9di\u00e9 \u00e0 mettre en valeur les lignes et le gabarit du v\u00e9hicule. Il h\u00e9ritera de la signature lumineuse en forme de crosse et devrait redessiner son bouclier avant pour en accentuer les contours. Ce nouveau DS7 Crossback abandonnera quelques-unes de ses touches chrom\u00e9es ainsi que les DS Wings sup\u00e9rieures de la calandre, mais il s&rsquo;armera de nouvelles jantes.<br \/>\nPour renouveler l&rsquo;int\u00e9rieur du SUV haut de gamme, la marque DS reverra les mati\u00e8res et les couleurs. On s&rsquo;attend \u00e9galement \u00e0 un \u00e9cran central plus imposant et modernis\u00e9, avec un syst\u00e8me multim\u00e9dia am\u00e9lior\u00e9. Enfin, la console centrale devrait accueillir le syst\u00e8me \u00e0 commande gestuelle DS Smart Touch inaugur\u00e9 par la DS4.<\/p>\n<p><iframe loading=\"lazy\" title=\"YouTube video player\" src=\"https:\/\/www.youtube.com\/embed\/mVbqtWX9dN8\" width=\"100%\" height=\"315\" allowfullscreen=\"allowfullscreen\"><\/iframe><\/p>\n<h2>Un moteur de 360 chevaux pour le nouveau DS7 Crossback<\/h2>\n<p>C\u00f4t\u00e9 motorisation, le nouveau DS7 Crossback pourrait bien accueillir l&rsquo;impressionnant bloc hybride rechargeable de 360 chevaux h\u00e9rit\u00e9 de la 508 PSE, afin de pouvoir faire rougir des concurrents comme l&rsquo;Audi SQ5 \u00e0 341 chevaux et la Mercedes AMG GLC 43 AMG \u00e0 390 chevaux.<\/p>\n<h2>Un SUV high-tech<\/h2>\n<p>Le constructeur automobile entend bien faire \u00e9voluer technologiquement son SUV le plus populaire, et offrira donc au nouveau DS7 Crossback la conduite autonome de niveau 2 \u00e9volu\u00e9e de la DS4 qui permet les d\u00e9passements semi-automatiques (action sur le clignotant seulement), une adaptation de la vitesse dans les courbes et une pr\u00e9conisation anticip\u00e9e de la vitesse gr\u00e2ce \u00e0 la lecture des panneaux de signalisation.<\/p>\n<p>Malgr\u00e9 un positionnement risqu\u00e9 dans une cat\u00e9gorie o\u00f9 Mercedes, Audi ou encore BMW tenaient les parts de march\u00e9, le DS7 Crossback a su se faire une place et arrive m\u00eame en deuxi\u00e8me place des ventes sur le march\u00e9 fran\u00e7ais apr\u00e8s le Mercedes GLC. Il a m\u00eame progress\u00e9 depuis le d\u00e9but de l&rsquo;ann\u00e9e, alors m\u00eame que le march\u00e9 de l&rsquo;automobile est en crise. Le SUV <strong><a href=\"https:\/\/www.autojm.fr\/mandataire-voitures-neuves-ds\">DS3 Crossback<\/a><\/strong> ne b\u00e9n\u00e9ficie pas du m\u00eame succ\u00e8s et pourrait passer par la case restylage plus t\u00f4t que pr\u00e9vu pour tenter de se faire une place sur le march\u00e9 auto.<\/p>\n<p><iframe loading=\"lazy\" title=\"YouTube video player\" src=\"https:\/\/www.youtube.com\/embed\/cXVUeOr9t90\" width=\"100%\" height=\"315\" allowfullscreen=\"allowfullscreen\"><\/iframe><\/p>\n<p style=\"margin-top: 1.75em; margin-bottom: 1.75em; font-size: 0.813em; line-height: 1.5em; color: #666666; font-family: Arial, Helvetica, sans-serif;\"><br style=\"font-size: 13.008px;\" \/><span style=\"font-variant-numeric: normal; font-variant-east-asian: normal; background-color: transparent; text-align: justify; color: #000000; font-family: Arial; font-size: 14.66px; vertical-align: baseline; white-space: pre-wrap;\"><\/span><\/span><\/p>\n","protected":false},"excerpt":{"rendered":"<p>Le DS7 Crossback est un crossover qui a du succ\u00e8s : son style luxueux et ses nombreux atouts lui permettent de se distinguer des autres mod\u00e8les pour s\u00e9duire sa propre client\u00e8le. Apr\u00e8s les SUV 3008 et Opel Grandland, c&rsquo;est donc sans surprise que le groupe Stellantis d\u00e9cide de cr\u00e9er la nouvelle g\u00e9n\u00e9ration du DS7, qui devrait \u00eatre d\u00e9voil\u00e9e ces prochains mois. Le DS7 Crossback 2022 a d\u00e9j\u00e0 \u00e9t\u00e9 imagin\u00e9 par les journalistes automobiles, et voici ce qui en ressort.<\/p>\n","protected":false},"author":1,"featured_media":5979,"comment_status":"open","ping_status":"open","sticky":false,"template":"","format":"standard","meta":{"_acf_changed":false,"content-type":"","footnotes":""},"categories":[234,61],"tags":[90,105,150],"class_list":["post-3921","post","type-post","status-publish","format-standard","has-post-thumbnail","hentry","category-nouveaute-ds","category-nouveautes-autos","tag-autojm","tag-ds","tag-ds7-crossback"],"acf":[],"yoast_head":"<!-- This site is optimized with the Yoast SEO plugin v27.5 - https:\/\/yoast.com\/product\/yoast-seo-wordpress\/ -->\n<title>DS7 Crossback 2022 : la nouvelle g\u00e9n\u00e9ration du SUV - AutoJM Mag<\/title>\n<meta name=\"description\" content=\"Apr\u00e8s les SUV 3008 et Opel Grandland, c&#039;est donc sans surprise que le groupe Stellantis d\u00e9cide de cr\u00e9er la nouvelle g\u00e9n\u00e9ration du DS7.\" \/>\n<meta name=\"robots\" content=\"index, follow, max-snippet:-1, max-image-preview:large, max-video-preview:-1\" \/>\n<link rel=\"canonical\" href=\"https:\/\/www.autojm.fr\/blog\/ds7-crossback-2022-la-nouvelle-generation-du-suv\/\" \/>\n<meta property=\"og:locale\" content=\"fr_FR\" \/>\n<meta property=\"og:type\" content=\"article\" \/>\n<meta property=\"og:title\" content=\"DS7 Crossback 2022 : la nouvelle g\u00e9n\u00e9ration du SUV - AutoJM Mag\" \/>\n<meta property=\"og:description\" content=\"Apr\u00e8s les SUV 3008 et Opel Grandland, c&#039;est donc sans surprise que le groupe Stellantis d\u00e9cide de cr\u00e9er la nouvelle g\u00e9n\u00e9ration du DS7.\" \/>\n<meta property=\"og:url\" content=\"https:\/\/www.autojm.fr\/blog\/ds7-crossback-2022-la-nouvelle-generation-du-suv\/\" \/>\n<meta property=\"og:site_name\" content=\"AutoJM Mag\" \/>\n<meta property=\"article:publisher\" content=\"https:\/\/www.facebook.com\/AutoJM25\" \/>\n<meta property=\"article:published_time\" content=\"2021-10-08T00:00:00+00:00\" \/>\n<meta property=\"article:modified_time\" content=\"2022-12-09T13:27:44+00:00\" \/>\n<meta property=\"og:image\" content=\"https:\/\/www.autojm.fr\/blog\/wp-content\/uploads\/2022\/10\/651.jpg\" \/>\n\t<meta property=\"og:image:width\" content=\"1024\" \/>\n\t<meta property=\"og:image:height\" content=\"465\" \/>\n\t<meta property=\"og:image:type\" content=\"image\/jpeg\" \/>\n<meta name=\"author\" content=\"Autojm\" \/>\n<meta name=\"twitter:card\" content=\"summary_large_image\" \/>\n<meta name=\"twitter:label1\" content=\"\u00c9crit par\" \/>\n\t<meta name=\"twitter:data1\" content=\"Autojm\" \/>\n\t<meta name=\"twitter:label2\" content=\"Dur\u00e9e de lecture estim\u00e9e\" \/>\n\t<meta name=\"twitter:data2\" content=\"4 minutes\" \/>\n<script type=\"application\/ld+json\" class=\"yoast-schema-graph\">{\"@context\":\"https:\\\/\\\/schema.org\",\"@graph\":[{\"@type\":\"Article\",\"@id\":\"https:\\\/\\\/www.autojm.fr\\\/blog\\\/ds7-crossback-2022-la-nouvelle-generation-du-suv\\\/#article\",\"isPartOf\":{\"@id\":\"https:\\\/\\\/www.autojm.fr\\\/blog\\\/ds7-crossback-2022-la-nouvelle-generation-du-suv\\\/\"},\"author\":{\"name\":\"Autojm\",\"@id\":\"https:\\\/\\\/www.autojm.fr\\\/blog\\\/#\\\/schema\\\/person\\\/9742bc77541853e0de81fc57f947e1a0\"},\"headline\":\"DS7 Crossback 2022 : la nouvelle g\u00e9n\u00e9ration du SUV\",\"datePublished\":\"2021-10-08T00:00:00+00:00\",\"dateModified\":\"2022-12-09T13:27:44+00:00\",\"mainEntityOfPage\":{\"@id\":\"https:\\\/\\\/www.autojm.fr\\\/blog\\\/ds7-crossback-2022-la-nouvelle-generation-du-suv\\\/\"},\"wordCount\":457,\"commentCount\":0,\"publisher\":{\"@id\":\"https:\\\/\\\/www.autojm.fr\\\/blog\\\/#organization\"},\"image\":{\"@id\":\"https:\\\/\\\/www.autojm.fr\\\/blog\\\/ds7-crossback-2022-la-nouvelle-generation-du-suv\\\/#primaryimage\"},\"thumbnailUrl\":\"https:\\\/\\\/www.autojm.fr\\\/blog\\\/wp-content\\\/uploads\\\/2022\\\/10\\\/651.jpg\",\"keywords\":[\"autojm\",\"DS\",\"DS7 Crossback\"],\"articleSection\":[\"Nouveaut\u00e9 DS\",\"Nouveaut\u00e9s Autos\"],\"inLanguage\":\"fr-FR\",\"potentialAction\":[{\"@type\":\"CommentAction\",\"name\":\"Comment\",\"target\":[\"https:\\\/\\\/www.autojm.fr\\\/blog\\\/ds7-crossback-2022-la-nouvelle-generation-du-suv\\\/#respond\"]}]},{\"@type\":\"WebPage\",\"@id\":\"https:\\\/\\\/www.autojm.fr\\\/blog\\\/ds7-crossback-2022-la-nouvelle-generation-du-suv\\\/\",\"url\":\"https:\\\/\\\/www.autojm.fr\\\/blog\\\/ds7-crossback-2022-la-nouvelle-generation-du-suv\\\/\",\"name\":\"DS7 Crossback 2022 : la nouvelle g\u00e9n\u00e9ration du SUV - AutoJM Mag\",\"isPartOf\":{\"@id\":\"https:\\\/\\\/www.autojm.fr\\\/blog\\\/#website\"},\"primaryImageOfPage\":{\"@id\":\"https:\\\/\\\/www.autojm.fr\\\/blog\\\/ds7-crossback-2022-la-nouvelle-generation-du-suv\\\/#primaryimage\"},\"image\":{\"@id\":\"https:\\\/\\\/www.autojm.fr\\\/blog\\\/ds7-crossback-2022-la-nouvelle-generation-du-suv\\\/#primaryimage\"},\"thumbnailUrl\":\"https:\\\/\\\/www.autojm.fr\\\/blog\\\/wp-content\\\/uploads\\\/2022\\\/10\\\/651.jpg\",\"datePublished\":\"2021-10-08T00:00:00+00:00\",\"dateModified\":\"2022-12-09T13:27:44+00:00\",\"description\":\"Apr\u00e8s les SUV 3008 et Opel Grandland, c'est donc sans surprise que le groupe Stellantis d\u00e9cide de cr\u00e9er la nouvelle g\u00e9n\u00e9ration du DS7.\",\"breadcrumb\":{\"@id\":\"https:\\\/\\\/www.autojm.fr\\\/blog\\\/ds7-crossback-2022-la-nouvelle-generation-du-suv\\\/#breadcrumb\"},\"inLanguage\":\"fr-FR\",\"potentialAction\":[{\"@type\":\"ReadAction\",\"target\":[\"https:\\\/\\\/www.autojm.fr\\\/blog\\\/ds7-crossback-2022-la-nouvelle-generation-du-suv\\\/\"]}]},{\"@type\":\"ImageObject\",\"inLanguage\":\"fr-FR\",\"@id\":\"https:\\\/\\\/www.autojm.fr\\\/blog\\\/ds7-crossback-2022-la-nouvelle-generation-du-suv\\\/#primaryimage\",\"url\":\"https:\\\/\\\/www.autojm.fr\\\/blog\\\/wp-content\\\/uploads\\\/2022\\\/10\\\/651.jpg\",\"contentUrl\":\"https:\\\/\\\/www.autojm.fr\\\/blog\\\/wp-content\\\/uploads\\\/2022\\\/10\\\/651.jpg\",\"width\":1024,\"height\":465,\"caption\":\"DS7 Crossback\"},{\"@type\":\"BreadcrumbList\",\"@id\":\"https:\\\/\\\/www.autojm.fr\\\/blog\\\/ds7-crossback-2022-la-nouvelle-generation-du-suv\\\/#breadcrumb\",\"itemListElement\":[{\"@type\":\"ListItem\",\"position\":1,\"name\":\"Accueil\",\"item\":\"https:\\\/\\\/www.autojm.fr\\\/blog\\\/\"},{\"@type\":\"ListItem\",\"position\":2,\"name\":\"Nouveaut\u00e9s Autos\",\"item\":\"https:\\\/\\\/www.autojm.fr\\\/blog\\\/nouveautes-autos\\\/\"},{\"@type\":\"ListItem\",\"position\":3,\"name\":\"Nouveaut\u00e9 DS\",\"item\":\"https:\\\/\\\/www.autojm.fr\\\/blog\\\/nouveautes-autos\\\/nouveaute-ds\\\/\"},{\"@type\":\"ListItem\",\"position\":4,\"name\":\"DS7 Crossback 2022 : la nouvelle g\u00e9n\u00e9ration du SUV\"}]},{\"@type\":\"WebSite\",\"@id\":\"https:\\\/\\\/www.autojm.fr\\\/blog\\\/#website\",\"url\":\"https:\\\/\\\/www.autojm.fr\\\/blog\\\/\",\"name\":\"AutoJM Mag\",\"description\":\"Toute l&#039;actu auto en 1 clic !\",\"publisher\":{\"@id\":\"https:\\\/\\\/www.autojm.fr\\\/blog\\\/#organization\"},\"potentialAction\":[{\"@type\":\"SearchAction\",\"target\":{\"@type\":\"EntryPoint\",\"urlTemplate\":\"https:\\\/\\\/www.autojm.fr\\\/blog\\\/?s={search_term_string}\"},\"query-input\":{\"@type\":\"PropertyValueSpecification\",\"valueRequired\":true,\"valueName\":\"search_term_string\"}}],\"inLanguage\":\"fr-FR\"},{\"@type\":\"Organization\",\"@id\":\"https:\\\/\\\/www.autojm.fr\\\/blog\\\/#organization\",\"name\":\"AutoJM Mag\",\"url\":\"https:\\\/\\\/www.autojm.fr\\\/blog\\\/\",\"logo\":{\"@type\":\"ImageObject\",\"inLanguage\":\"fr-FR\",\"@id\":\"https:\\\/\\\/www.autojm.fr\\\/blog\\\/#\\\/schema\\\/logo\\\/image\\\/\",\"url\":\"https:\\\/\\\/www.autojm.fr\\\/blog\\\/wp-content\\\/uploads\\\/2022\\\/12\\\/cropped-AutoJMag-png.png\",\"contentUrl\":\"https:\\\/\\\/www.autojm.fr\\\/blog\\\/wp-content\\\/uploads\\\/2022\\\/12\\\/cropped-AutoJMag-png.png\",\"width\":2834,\"height\":585,\"caption\":\"AutoJM Mag\"},\"image\":{\"@id\":\"https:\\\/\\\/www.autojm.fr\\\/blog\\\/#\\\/schema\\\/logo\\\/image\\\/\"},\"sameAs\":[\"https:\\\/\\\/www.facebook.com\\\/AutoJM25\"]},{\"@type\":\"Person\",\"@id\":\"https:\\\/\\\/www.autojm.fr\\\/blog\\\/#\\\/schema\\\/person\\\/9742bc77541853e0de81fc57f947e1a0\",\"name\":\"Autojm\",\"image\":{\"@type\":\"ImageObject\",\"inLanguage\":\"fr-FR\",\"@id\":\"https:\\\/\\\/secure.gravatar.com\\\/avatar\\\/9a959d52b758fcc232fe4b6aca7bab139182573297122cce7d6f2ee0e537b418?s=96&d=mm&r=g\",\"url\":\"https:\\\/\\\/secure.gravatar.com\\\/avatar\\\/9a959d52b758fcc232fe4b6aca7bab139182573297122cce7d6f2ee0e537b418?s=96&d=mm&r=g\",\"contentUrl\":\"https:\\\/\\\/secure.gravatar.com\\\/avatar\\\/9a959d52b758fcc232fe4b6aca7bab139182573297122cce7d6f2ee0e537b418?s=96&d=mm&r=g\",\"caption\":\"Autojm\"},\"sameAs\":[\"https:\\\/\\\/www.autojm.fr\\\/blog\"],\"url\":\"https:\\\/\\\/www.autojm.fr\\\/blog\\\/author\\\/bichoi\\\/\"}]}<\/script>\n<!-- \/ Yoast SEO plugin. -->","yoast_head_json":{"title":"DS7 Crossback 2022 : la nouvelle g\u00e9n\u00e9ration du SUV - AutoJM Mag","description":"Apr\u00e8s les SUV 3008 et Opel Grandland, c'est donc sans surprise que le groupe Stellantis d\u00e9cide de cr\u00e9er la nouvelle g\u00e9n\u00e9ration du DS7.","robots":{"index":"index","follow":"follow","max-snippet":"max-snippet:-1","max-image-preview":"max-image-preview:large","max-video-preview":"max-video-preview:-1"},"canonical":"https:\/\/www.autojm.fr\/blog\/ds7-crossback-2022-la-nouvelle-generation-du-suv\/","og_locale":"fr_FR","og_type":"article","og_title":"DS7 Crossback 2022 : la nouvelle g\u00e9n\u00e9ration du SUV - AutoJM Mag","og_description":"Apr\u00e8s les SUV 3008 et Opel Grandland, c'est donc sans surprise que le groupe Stellantis d\u00e9cide de cr\u00e9er la nouvelle g\u00e9n\u00e9ration du DS7.","og_url":"https:\/\/www.autojm.fr\/blog\/ds7-crossback-2022-la-nouvelle-generation-du-suv\/","og_site_name":"AutoJM Mag","article_publisher":"https:\/\/www.facebook.com\/AutoJM25","article_published_time":"2021-10-08T00:00:00+00:00","article_modified_time":"2022-12-09T13:27:44+00:00","og_image":[{"width":1024,"height":465,"url":"https:\/\/www.autojm.fr\/blog\/wp-content\/uploads\/2022\/10\/651.jpg","type":"image\/jpeg"}],"author":"Autojm","twitter_card":"summary_large_image","twitter_misc":{"\u00c9crit par":"Autojm","Dur\u00e9e de lecture estim\u00e9e":"4 minutes"},"schema":{"@context":"https:\/\/schema.org","@graph":[{"@type":"Article","@id":"https:\/\/www.autojm.fr\/blog\/ds7-crossback-2022-la-nouvelle-generation-du-suv\/#article","isPartOf":{"@id":"https:\/\/www.autojm.fr\/blog\/ds7-crossback-2022-la-nouvelle-generation-du-suv\/"},"author":{"name":"Autojm","@id":"https:\/\/www.autojm.fr\/blog\/#\/schema\/person\/9742bc77541853e0de81fc57f947e1a0"},"headline":"DS7 Crossback 2022 : la nouvelle g\u00e9n\u00e9ration du SUV","datePublished":"2021-10-08T00:00:00+00:00","dateModified":"2022-12-09T13:27:44+00:00","mainEntityOfPage":{"@id":"https:\/\/www.autojm.fr\/blog\/ds7-crossback-2022-la-nouvelle-generation-du-suv\/"},"wordCount":457,"commentCount":0,"publisher":{"@id":"https:\/\/www.autojm.fr\/blog\/#organization"},"image":{"@id":"https:\/\/www.autojm.fr\/blog\/ds7-crossback-2022-la-nouvelle-generation-du-suv\/#primaryimage"},"thumbnailUrl":"https:\/\/www.autojm.fr\/blog\/wp-content\/uploads\/2022\/10\/651.jpg","keywords":["autojm","DS","DS7 Crossback"],"articleSection":["Nouveaut\u00e9 DS","Nouveaut\u00e9s Autos"],"inLanguage":"fr-FR","potentialAction":[{"@type":"CommentAction","name":"Comment","target":["https:\/\/www.autojm.fr\/blog\/ds7-crossback-2022-la-nouvelle-generation-du-suv\/#respond"]}]},{"@type":"WebPage","@id":"https:\/\/www.autojm.fr\/blog\/ds7-crossback-2022-la-nouvelle-generation-du-suv\/","url":"https:\/\/www.autojm.fr\/blog\/ds7-crossback-2022-la-nouvelle-generation-du-suv\/","name":"DS7 Crossback 2022 : la nouvelle g\u00e9n\u00e9ration du SUV - AutoJM Mag","isPartOf":{"@id":"https:\/\/www.autojm.fr\/blog\/#website"},"primaryImageOfPage":{"@id":"https:\/\/www.autojm.fr\/blog\/ds7-crossback-2022-la-nouvelle-generation-du-suv\/#primaryimage"},"image":{"@id":"https:\/\/www.autojm.fr\/blog\/ds7-crossback-2022-la-nouvelle-generation-du-suv\/#primaryimage"},"thumbnailUrl":"https:\/\/www.autojm.fr\/blog\/wp-content\/uploads\/2022\/10\/651.jpg","datePublished":"2021-10-08T00:00:00+00:00","dateModified":"2022-12-09T13:27:44+00:00","description":"Apr\u00e8s les SUV 3008 et Opel Grandland, c'est donc sans surprise que le groupe Stellantis d\u00e9cide de cr\u00e9er la nouvelle g\u00e9n\u00e9ration du DS7.","breadcrumb":{"@id":"https:\/\/www.autojm.fr\/blog\/ds7-crossback-2022-la-nouvelle-generation-du-suv\/#breadcrumb"},"inLanguage":"fr-FR","potentialAction":[{"@type":"ReadAction","target":["https:\/\/www.autojm.fr\/blog\/ds7-crossback-2022-la-nouvelle-generation-du-suv\/"]}]},{"@type":"ImageObject","inLanguage":"fr-FR","@id":"https:\/\/www.autojm.fr\/blog\/ds7-crossback-2022-la-nouvelle-generation-du-suv\/#primaryimage","url":"https:\/\/www.autojm.fr\/blog\/wp-content\/uploads\/2022\/10\/651.jpg","contentUrl":"https:\/\/www.autojm.fr\/blog\/wp-content\/uploads\/2022\/10\/651.jpg","width":1024,"height":465,"caption":"DS7 Crossback"},{"@type":"BreadcrumbList","@id":"https:\/\/www.autojm.fr\/blog\/ds7-crossback-2022-la-nouvelle-generation-du-suv\/#breadcrumb","itemListElement":[{"@type":"ListItem","position":1,"name":"Accueil","item":"https:\/\/www.autojm.fr\/blog\/"},{"@type":"ListItem","position":2,"name":"Nouveaut\u00e9s Autos","item":"https:\/\/www.autojm.fr\/blog\/nouveautes-autos\/"},{"@type":"ListItem","position":3,"name":"Nouveaut\u00e9 DS","item":"https:\/\/www.autojm.fr\/blog\/nouveautes-autos\/nouveaute-ds\/"},{"@type":"ListItem","position":4,"name":"DS7 Crossback 2022 : la nouvelle g\u00e9n\u00e9ration du SUV"}]},{"@type":"WebSite","@id":"https:\/\/www.autojm.fr\/blog\/#website","url":"https:\/\/www.autojm.fr\/blog\/","name":"AutoJM Mag","description":"Toute l&#039;actu auto en 1 clic !","publisher":{"@id":"https:\/\/www.autojm.fr\/blog\/#organization"},"potentialAction":[{"@type":"SearchAction","target":{"@type":"EntryPoint","urlTemplate":"https:\/\/www.autojm.fr\/blog\/?s={search_term_string}"},"query-input":{"@type":"PropertyValueSpecification","valueRequired":true,"valueName":"search_term_string"}}],"inLanguage":"fr-FR"},{"@type":"Organization","@id":"https:\/\/www.autojm.fr\/blog\/#organization","name":"AutoJM Mag","url":"https:\/\/www.autojm.fr\/blog\/","logo":{"@type":"ImageObject","inLanguage":"fr-FR","@id":"https:\/\/www.autojm.fr\/blog\/#\/schema\/logo\/image\/","url":"https:\/\/www.autojm.fr\/blog\/wp-content\/uploads\/2022\/12\/cropped-AutoJMag-png.png","contentUrl":"https:\/\/www.autojm.fr\/blog\/wp-content\/uploads\/2022\/12\/cropped-AutoJMag-png.png","width":2834,"height":585,"caption":"AutoJM Mag"},"image":{"@id":"https:\/\/www.autojm.fr\/blog\/#\/schema\/logo\/image\/"},"sameAs":["https:\/\/www.facebook.com\/AutoJM25"]},{"@type":"Person","@id":"https:\/\/www.autojm.fr\/blog\/#\/schema\/person\/9742bc77541853e0de81fc57f947e1a0","name":"Autojm","image":{"@type":"ImageObject","inLanguage":"fr-FR","@id":"https:\/\/secure.gravatar.com\/avatar\/9a959d52b758fcc232fe4b6aca7bab139182573297122cce7d6f2ee0e537b418?s=96&d=mm&r=g","url":"https:\/\/secure.gravatar.com\/avatar\/9a959d52b758fcc232fe4b6aca7bab139182573297122cce7d6f2ee0e537b418?s=96&d=mm&r=g","contentUrl":"https:\/\/secure.gravatar.com\/avatar\/9a959d52b758fcc232fe4b6aca7bab139182573297122cce7d6f2ee0e537b418?s=96&d=mm&r=g","caption":"Autojm"},"sameAs":["https:\/\/www.autojm.fr\/blog"],"url":"https:\/\/www.autojm.fr\/blog\/author\/bichoi\/"}]}},"_links":{"self":[{"href":"https:\/\/www.autojm.fr\/blog\/wp-json\/wp\/v2\/posts\/3921","targetHints":{"allow":["GET"]}}],"collection":[{"href":"https:\/\/www.autojm.fr\/blog\/wp-json\/wp\/v2\/posts"}],"about":[{"href":"https:\/\/www.autojm.fr\/blog\/wp-json\/wp\/v2\/types\/post"}],"author":[{"embeddable":true,"href":"https:\/\/www.autojm.fr\/blog\/wp-json\/wp\/v2\/users\/1"}],"replies":[{"embeddable":true,"href":"https:\/\/www.autojm.fr\/blog\/wp-json\/wp\/v2\/comments?post=3921"}],"version-history":[{"count":6,"href":"https:\/\/www.autojm.fr\/blog\/wp-json\/wp\/v2\/posts\/3921\/revisions"}],"predecessor-version":[{"id":6984,"href":"https:\/\/www.autojm.fr\/blog\/wp-json\/wp\/v2\/posts\/3921\/revisions\/6984"}],"wp:featuredmedia":[{"embeddable":true,"href":"https:\/\/www.autojm.fr\/blog\/wp-json\/wp\/v2\/media\/5979"}],"wp:attachment":[{"href":"https:\/\/www.autojm.fr\/blog\/wp-json\/wp\/v2\/media?parent=3921"}],"wp:term":[{"taxonomy":"category","embeddable":true,"href":"https:\/\/www.autojm.fr\/blog\/wp-json\/wp\/v2\/categories?post=3921"},{"taxonomy":"post_tag","embeddable":true,"href":"https:\/\/www.autojm.fr\/blog\/wp-json\/wp\/v2\/tags?post=3921"}],"curies":[{"name":"wp","href":"https:\/\/api.w.org\/{rel}","templated":true}]}}