{"id":3919,"date":"2021-09-24T00:00:00","date_gmt":"2021-09-24T00:00:00","guid":{"rendered":"https:\/\/www.autojm.fr\/blog\/les-futurs-vehicules-peugeot-renault-et-citroen\/"},"modified":"2023-04-17T14:33:37","modified_gmt":"2023-04-17T14:33:37","slug":"les-futurs-vehicules-peugeot-renault-et-citroen","status":"publish","type":"post","link":"https:\/\/www.autojm.fr\/blog\/les-futurs-vehicules-peugeot-renault-et-citroen\/","title":{"rendered":"Les futurs v\u00e9hicules Peugeot, Renault et Citro\u00ebn"},"content":{"rendered":"<p>C&rsquo;est le moment d&rsquo;ouvrir vos agendas ! Les constructeurs automobiles ont bien l&rsquo;intention de vous donner rendez-vous ces prochains mois, et m\u00eame ces prochaines ann\u00e9es pour l&rsquo;arriv\u00e9e de leurs nouveaux mod\u00e8les. Petit tour d&rsquo;horizon des voitures <strong><a href=\"https:\/\/www.autojm.fr\/mandataire-voitures-neuves-peugeot?part=blog&amp;utm_source=articleblog240921&amp;utm_medium=blog\">Peugeot<\/a><\/strong>, <strong><a href=\"https:\/\/www.autojm.fr\/mandataire-voitures-neuves-renault?part=blog&amp;utm_source=articleblog240921&amp;utm_medium=blog\">Renault<\/a><\/strong> et <strong><a href=\"https:\/\/www.autojm.fr\/mandataire-voitures-neuves-citroen?part=blog&amp;utm_source=articleblog240921&amp;utm_medium=blog\">Citro\u00ebn<\/a><\/strong> \u00e0 venir.<\/p>\n<h2>Voitures Peugeot jusqu&rsquo;en 2025<\/h2>\n<p>La marque au Lion a d\u00e9j\u00e0 r\u00e9v\u00e9l\u00e9 son mod\u00e8le le plus attendu : la nouvelle Peugeot 308. Et si la berline s&rsquo;est faite attendre plus longtemps que pr\u00e9vu (pour cause de crise sanitaire), sa pr\u00e9sentation n&rsquo;a pas d\u00e9\u00e7u : avec une calandre redessin\u00e9e, un nouveau logo incrust\u00e9 m\u00eame sur les ailes avant et 11 centim\u00e8tres de plus sur la longueur, la 308 2021 est un vrai mod\u00e8le sport et haut de gamme.<\/p>\n<p>Mais la marque au Lion ne s&rsquo;arr\u00eatera pas l\u00e0 : apr\u00e8s la berline 308, le nouveau break 308 SW, et le mod\u00e8le \u00e9lectrique <strong>Peugeot e-Rifter<\/strong>, c&rsquo;est un mod\u00e8le SUV d\u00e9riv\u00e9 de la Peugeot 308 qui fera son entr\u00e9e sur le march\u00e9. C&rsquo;est donc le <strong>Peugeot 4008<\/strong> (un nom encore pas confirm\u00e9) qui sera la prochaine star de Peugeot, \u00e0 mi-chemin entre le 3008 et le 5008 mais avec un look travaill\u00e9 pour concurrencer des mod\u00e8les comme le Renault Arkana. S&rsquo;en suivra le restylage de la berline <strong>Peugeot 508<\/strong>, et du mod\u00e8le <strong>508 PSE<\/strong>, qui se mettront aux go\u00fbts du jour aussi bien physiquement que c\u00f4t\u00e9 technologies.<\/p>\n<p>En 2023, le restylage de mi-carri\u00e8re sera l\u00e0 pour la <strong>Peugeot 208<\/strong> et le <strong>Peugeot 2008<\/strong>, avec des versions badg\u00e9es PSE sur les variantes \u00e9lectriques. On verra \u00e9galement arriver les nouveaux SUV <strong>Peugeot 3008 et Peugeot 5008<\/strong>, qui seront con\u00e7us sur la plate-forme eVMP qu&rsquo;ils inaugureront et qui leur permettra d&rsquo;accueillir des motorisations 100% \u00e9lectriques.<\/p>\n<p><iframe loading=\"lazy\" title=\"YouTube video player\" src=\"https:\/\/www.youtube.com\/embed\/s-yV40cnR5I\" width=\"100%\" height=\"315\" allowfullscreen=\"allowfullscreen\"><\/iframe><\/p>\n<p>Enfin, en 2024, c&rsquo;est la version tout \u00e9lectrique de la <strong>Peugeot 308<\/strong> qui fera son arriv\u00e9e sur le march\u00e9, et qui sera peut-\u00eatre compl\u00e9t\u00e9e par une <strong>308 PSE<\/strong>, pour le plus grand plaisir des amateurs de sensations. En version tout \u00e9lectrique aussi, un nouveau mod\u00e8le, nomm\u00e9 <strong>e-1008<\/strong> et succ\u00e9dant \u00e0 la Peugeot 108, pourrait voir le jour.<\/p>\n<h2>Voitures Renault jusqu&rsquo;en 2025<\/h2>\n<p>Renault a d\u00e9voil\u00e9 cette ann\u00e9e le Renault Arkana, son nouveau SUV qui adopte un look inspir\u00e9 des mod\u00e8les Coup\u00e9, avec un empattement sup\u00e9rieur au Renault Kadjar. Cette ann\u00e9e 2021 a \u00e9galement connu le restylage du Renault Kangoo. Du c\u00f4t\u00e9 de sa strat\u00e9gie, la marque fran\u00e7aise suit la tendance g\u00e9n\u00e9rale avec des v\u00e9hicules plus verts, et un objectif de 30% de voitures \u00e9lectriques.<\/p>\n<p>On verra donc arriver, en 2022, la version \u00e9lectrique du <strong>Renault Kangoo 2021<\/strong>. Et surtout, la tr\u00e8s attendue <strong>Renault Megane \u00e9lectrique<\/strong>, d\u00e9voil\u00e9e au salon de Munich, et qui a d\u00e9j\u00e0 marqu\u00e9 les esprits gr\u00e2ce son style \u00e0 mi-chemin entre le SUV et la berline. Elle ne gagne que quelques centim\u00e8tres par rapport \u00e0 la Renault Zoe mais dispose d&rsquo;un empattement g\u00e9n\u00e9reux permis par sa nouvelle plateforme. Son visage est remarquable notamment gr\u00e2ce \u00e0 ses phares effil\u00e9s et ses feux au dessin in\u00e9dit. L&rsquo;ann\u00e9e 2022 sera \u00e9galement marqu\u00e9e par l&rsquo;arriv\u00e9e du nouveau Renault Kadjar, qui aura pour objectif principal de devenir un s\u00e9rieux concurrent du populaire Peugeot 3008.<\/p>\n<p>En 2023, Renault offrira une version 7 places au SUV <strong>Renault Kadjar<\/strong> et produira le <strong>Renault Morphoz<\/strong>, d\u00e9riv\u00e9 du concept-car Morphoz pr\u00e9sent\u00e9 en 2020. S&rsquo;en suivra la <strong>Renault 5<\/strong>, d\u00e9riv\u00e9e du concept-car pr\u00e9sent\u00e9 lors de la Renaulution, et qui sera 100% \u00e9lectrique.<\/p>\n<p>En 2024, Renault devrait plancher sur un mod\u00e8le familial qui soit moderne afin de ne pas imiter les Renault Talisman et Renault Espace qui, faute de popularit\u00e9, sont amen\u00e9es \u00e0 dispara\u00eetre du march\u00e9 automobile. On s&rsquo;attend \u00e0 un SUV familial, inspir\u00e9 des Kadjar, Captur, et du Koleos, mais adapt\u00e9 \u00e0 la concurrence pour s&rsquo;imposer sur le march\u00e9.<\/p>\n<p>L&rsquo;ann\u00e9e 2025 devrait \u00eatre celle de la nouvelle g\u00e9n\u00e9ration de<strong> Renault Zoe<\/strong>, ou d&rsquo;un nouveau mod\u00e8le \u00e9lectrique.<\/p>\n<p><iframe loading=\"lazy\" title=\"YouTube video player\" src=\"https:\/\/www.youtube.com\/embed\/fxi3OkRoHRE\" width=\"100%\" height=\"315\" allowfullscreen=\"allowfullscreen\"><\/iframe><\/p>\n<h2>Voitures Citro\u00ebn jusqu&rsquo;en 2025<\/h2>\n<p>La marque aux chevrons est soumise \u00e0 un objectif : une nouveaut\u00e9 majeure chaque ann\u00e9e. Pour cette ann\u00e9e 2021, c&rsquo;est la <a href=\"https:\/\/www.autojm.fr\/achat-voitures-neuves-citroen-nouvelle-c5-5p\">Citro\u00ebn C5X<\/a> qui a fait son entr\u00e9e sur le march\u00e9 automobile : son empattement de 2,79 m\u00e8tres offre un confort optimal tandis qu&rsquo;elle inaugure la nouvelle signature lumineuse divis\u00e9e en deux. Le Berlingo \u00e9lectrique sera commercialis\u00e9, quant \u00e0 lui, \u00e0 la fin de cette ann\u00e9e.<\/p>\n<p>Pour l&rsquo;ann\u00e9e 2022, Citro\u00ebn fera entrer sur le march\u00e9 la version restyl\u00e9e du C5 Aircross, ainsi que le jumper restyl\u00e9e. Le <strong>SUV C5 Aircross 2022<\/strong> devrait reprendre la nouvelle signature lumineuse, d\u00e9j\u00e0 offerte au restylage du Citro\u00ebn C3 Aircross.<\/p>\n<p><iframe loading=\"lazy\" title=\"YouTube video player\" src=\"https:\/\/www.youtube.com\/embed\/lPc7w7TEyZ0\" width=\"100%\" height=\"315\" allowfullscreen=\"allowfullscreen\"><\/iframe><\/p>\n<p>C&rsquo;est la citadine <strong>C3<\/strong> qui aura, \u00e0 son tour, droit \u00e0 son restylage en 2023. Elle devrait changer compl\u00e8tement son look et prendre place sur la plateforme CMP de la version Indienne. Puis les ann\u00e9es 2024 et 2025 seront r\u00e9serv\u00e9es aux SUV <strong>C3 Aircross et C5 Aircross<\/strong> nouvelles g\u00e9n\u00e9rations.<\/p>\n","protected":false},"excerpt":{"rendered":"<p>C&rsquo;est le moment d&rsquo;ouvrir vos agendas ! Les constructeurs automobiles ont bien l&rsquo;intention de vous donner rendez-vous ces prochains mois, et m\u00eame ces prochaines ann\u00e9es pour l&rsquo;arriv\u00e9e de leurs nouveaux mod\u00e8les. Petit tour d&rsquo;horizon des voitures Peugeot, Renault et Citro\u00ebn \u00e0 venir.<\/p>\n","protected":false},"author":1,"featured_media":5977,"comment_status":"open","ping_status":"open","sticky":false,"template":"","format":"standard","meta":{"_acf_changed":false,"content-type":"","footnotes":""},"categories":[61],"tags":[90,85,73,78],"class_list":["post-3919","post","type-post","status-publish","format-standard","has-post-thumbnail","hentry","category-nouveautes-autos","tag-autojm","tag-citroen-2","tag-peugeot","tag-renault"],"acf":[],"yoast_head":"<!-- This site is optimized with the Yoast SEO plugin v27.5 - https:\/\/yoast.com\/product\/yoast-seo-wordpress\/ -->\n<title>Les futurs v\u00e9hicules Peugeot, Renault et Citro\u00ebn - AutoJM Mag<\/title>\n<meta name=\"robots\" content=\"index, follow, max-snippet:-1, max-image-preview:large, max-video-preview:-1\" \/>\n<link rel=\"canonical\" href=\"https:\/\/www.autojm.fr\/blog\/les-futurs-vehicules-peugeot-renault-et-citroen\/\" \/>\n<meta property=\"og:locale\" content=\"fr_FR\" \/>\n<meta property=\"og:type\" content=\"article\" \/>\n<meta property=\"og:title\" content=\"Les futurs v\u00e9hicules Peugeot, Renault et Citro\u00ebn - AutoJM Mag\" \/>\n<meta property=\"og:description\" content=\"C&#039;est le moment d&#039;ouvrir vos agendas ! Les constructeurs automobiles ont bien l&#039;intention de vous donner rendez-vous ces prochains mois, et m\u00eame ces prochaines ann\u00e9es pour l&#039;arriv\u00e9e de leurs nouveaux mod\u00e8les. Petit tour d&#039;horizon des voitures Peugeot, Renault et Citro\u00ebn \u00e0 venir.\" \/>\n<meta property=\"og:url\" content=\"https:\/\/www.autojm.fr\/blog\/les-futurs-vehicules-peugeot-renault-et-citroen\/\" \/>\n<meta property=\"og:site_name\" content=\"AutoJM Mag\" \/>\n<meta property=\"article:publisher\" content=\"https:\/\/www.facebook.com\/AutoJM25\" \/>\n<meta property=\"article:published_time\" content=\"2021-09-24T00:00:00+00:00\" \/>\n<meta property=\"article:modified_time\" content=\"2023-04-17T14:33:37+00:00\" \/>\n<meta property=\"og:image\" content=\"https:\/\/www.autojm.fr\/blog\/wp-content\/uploads\/2022\/10\/649.jpg\" \/>\n\t<meta property=\"og:image:width\" content=\"1024\" \/>\n\t<meta property=\"og:image:height\" content=\"465\" \/>\n\t<meta property=\"og:image:type\" content=\"image\/jpeg\" \/>\n<meta name=\"author\" content=\"Autojm\" \/>\n<meta name=\"twitter:card\" content=\"summary_large_image\" \/>\n<meta name=\"twitter:label1\" content=\"\u00c9crit par\" \/>\n\t<meta name=\"twitter:data1\" content=\"Autojm\" \/>\n\t<meta name=\"twitter:label2\" content=\"Dur\u00e9e de lecture estim\u00e9e\" \/>\n\t<meta name=\"twitter:data2\" content=\"4 minutes\" \/>\n<script type=\"application\/ld+json\" class=\"yoast-schema-graph\">{\"@context\":\"https:\\\/\\\/schema.org\",\"@graph\":[{\"@type\":\"Article\",\"@id\":\"https:\\\/\\\/www.autojm.fr\\\/blog\\\/les-futurs-vehicules-peugeot-renault-et-citroen\\\/#article\",\"isPartOf\":{\"@id\":\"https:\\\/\\\/www.autojm.fr\\\/blog\\\/les-futurs-vehicules-peugeot-renault-et-citroen\\\/\"},\"author\":{\"name\":\"Autojm\",\"@id\":\"https:\\\/\\\/www.autojm.fr\\\/blog\\\/#\\\/schema\\\/person\\\/9742bc77541853e0de81fc57f947e1a0\"},\"headline\":\"Les futurs v\u00e9hicules Peugeot, Renault et Citro\u00ebn\",\"datePublished\":\"2021-09-24T00:00:00+00:00\",\"dateModified\":\"2023-04-17T14:33:37+00:00\",\"mainEntityOfPage\":{\"@id\":\"https:\\\/\\\/www.autojm.fr\\\/blog\\\/les-futurs-vehicules-peugeot-renault-et-citroen\\\/\"},\"wordCount\":821,\"commentCount\":0,\"publisher\":{\"@id\":\"https:\\\/\\\/www.autojm.fr\\\/blog\\\/#organization\"},\"image\":{\"@id\":\"https:\\\/\\\/www.autojm.fr\\\/blog\\\/les-futurs-vehicules-peugeot-renault-et-citroen\\\/#primaryimage\"},\"thumbnailUrl\":\"https:\\\/\\\/www.autojm.fr\\\/blog\\\/wp-content\\\/uploads\\\/2022\\\/10\\\/649.jpg\",\"keywords\":[\"autojm\",\"Citro\u00ebn\",\"peugeot\",\"renault\"],\"articleSection\":[\"Nouveaut\u00e9s Autos\"],\"inLanguage\":\"fr-FR\",\"potentialAction\":[{\"@type\":\"CommentAction\",\"name\":\"Comment\",\"target\":[\"https:\\\/\\\/www.autojm.fr\\\/blog\\\/les-futurs-vehicules-peugeot-renault-et-citroen\\\/#respond\"]}]},{\"@type\":\"WebPage\",\"@id\":\"https:\\\/\\\/www.autojm.fr\\\/blog\\\/les-futurs-vehicules-peugeot-renault-et-citroen\\\/\",\"url\":\"https:\\\/\\\/www.autojm.fr\\\/blog\\\/les-futurs-vehicules-peugeot-renault-et-citroen\\\/\",\"name\":\"Les futurs v\u00e9hicules Peugeot, Renault et Citro\u00ebn - AutoJM Mag\",\"isPartOf\":{\"@id\":\"https:\\\/\\\/www.autojm.fr\\\/blog\\\/#website\"},\"primaryImageOfPage\":{\"@id\":\"https:\\\/\\\/www.autojm.fr\\\/blog\\\/les-futurs-vehicules-peugeot-renault-et-citroen\\\/#primaryimage\"},\"image\":{\"@id\":\"https:\\\/\\\/www.autojm.fr\\\/blog\\\/les-futurs-vehicules-peugeot-renault-et-citroen\\\/#primaryimage\"},\"thumbnailUrl\":\"https:\\\/\\\/www.autojm.fr\\\/blog\\\/wp-content\\\/uploads\\\/2022\\\/10\\\/649.jpg\",\"datePublished\":\"2021-09-24T00:00:00+00:00\",\"dateModified\":\"2023-04-17T14:33:37+00:00\",\"breadcrumb\":{\"@id\":\"https:\\\/\\\/www.autojm.fr\\\/blog\\\/les-futurs-vehicules-peugeot-renault-et-citroen\\\/#breadcrumb\"},\"inLanguage\":\"fr-FR\",\"potentialAction\":[{\"@type\":\"ReadAction\",\"target\":[\"https:\\\/\\\/www.autojm.fr\\\/blog\\\/les-futurs-vehicules-peugeot-renault-et-citroen\\\/\"]}]},{\"@type\":\"ImageObject\",\"inLanguage\":\"fr-FR\",\"@id\":\"https:\\\/\\\/www.autojm.fr\\\/blog\\\/les-futurs-vehicules-peugeot-renault-et-citroen\\\/#primaryimage\",\"url\":\"https:\\\/\\\/www.autojm.fr\\\/blog\\\/wp-content\\\/uploads\\\/2022\\\/10\\\/649.jpg\",\"contentUrl\":\"https:\\\/\\\/www.autojm.fr\\\/blog\\\/wp-content\\\/uploads\\\/2022\\\/10\\\/649.jpg\",\"width\":1024,\"height\":465,\"caption\":\"Futurs v\u00e9hicules\"},{\"@type\":\"BreadcrumbList\",\"@id\":\"https:\\\/\\\/www.autojm.fr\\\/blog\\\/les-futurs-vehicules-peugeot-renault-et-citroen\\\/#breadcrumb\",\"itemListElement\":[{\"@type\":\"ListItem\",\"position\":1,\"name\":\"Accueil\",\"item\":\"https:\\\/\\\/www.autojm.fr\\\/blog\\\/\"},{\"@type\":\"ListItem\",\"position\":2,\"name\":\"Nouveaut\u00e9s Autos\",\"item\":\"https:\\\/\\\/www.autojm.fr\\\/blog\\\/nouveautes-autos\\\/\"},{\"@type\":\"ListItem\",\"position\":3,\"name\":\"Les futurs v\u00e9hicules Peugeot, Renault et Citro\u00ebn\"}]},{\"@type\":\"WebSite\",\"@id\":\"https:\\\/\\\/www.autojm.fr\\\/blog\\\/#website\",\"url\":\"https:\\\/\\\/www.autojm.fr\\\/blog\\\/\",\"name\":\"AutoJM Mag\",\"description\":\"Toute l&#039;actu auto en 1 clic !\",\"publisher\":{\"@id\":\"https:\\\/\\\/www.autojm.fr\\\/blog\\\/#organization\"},\"potentialAction\":[{\"@type\":\"SearchAction\",\"target\":{\"@type\":\"EntryPoint\",\"urlTemplate\":\"https:\\\/\\\/www.autojm.fr\\\/blog\\\/?s={search_term_string}\"},\"query-input\":{\"@type\":\"PropertyValueSpecification\",\"valueRequired\":true,\"valueName\":\"search_term_string\"}}],\"inLanguage\":\"fr-FR\"},{\"@type\":\"Organization\",\"@id\":\"https:\\\/\\\/www.autojm.fr\\\/blog\\\/#organization\",\"name\":\"AutoJM Mag\",\"url\":\"https:\\\/\\\/www.autojm.fr\\\/blog\\\/\",\"logo\":{\"@type\":\"ImageObject\",\"inLanguage\":\"fr-FR\",\"@id\":\"https:\\\/\\\/www.autojm.fr\\\/blog\\\/#\\\/schema\\\/logo\\\/image\\\/\",\"url\":\"https:\\\/\\\/www.autojm.fr\\\/blog\\\/wp-content\\\/uploads\\\/2022\\\/12\\\/cropped-AutoJMag-png.png\",\"contentUrl\":\"https:\\\/\\\/www.autojm.fr\\\/blog\\\/wp-content\\\/uploads\\\/2022\\\/12\\\/cropped-AutoJMag-png.png\",\"width\":2834,\"height\":585,\"caption\":\"AutoJM Mag\"},\"image\":{\"@id\":\"https:\\\/\\\/www.autojm.fr\\\/blog\\\/#\\\/schema\\\/logo\\\/image\\\/\"},\"sameAs\":[\"https:\\\/\\\/www.facebook.com\\\/AutoJM25\"]},{\"@type\":\"Person\",\"@id\":\"https:\\\/\\\/www.autojm.fr\\\/blog\\\/#\\\/schema\\\/person\\\/9742bc77541853e0de81fc57f947e1a0\",\"name\":\"Autojm\",\"image\":{\"@type\":\"ImageObject\",\"inLanguage\":\"fr-FR\",\"@id\":\"https:\\\/\\\/secure.gravatar.com\\\/avatar\\\/9a959d52b758fcc232fe4b6aca7bab139182573297122cce7d6f2ee0e537b418?s=96&d=mm&r=g\",\"url\":\"https:\\\/\\\/secure.gravatar.com\\\/avatar\\\/9a959d52b758fcc232fe4b6aca7bab139182573297122cce7d6f2ee0e537b418?s=96&d=mm&r=g\",\"contentUrl\":\"https:\\\/\\\/secure.gravatar.com\\\/avatar\\\/9a959d52b758fcc232fe4b6aca7bab139182573297122cce7d6f2ee0e537b418?s=96&d=mm&r=g\",\"caption\":\"Autojm\"},\"sameAs\":[\"https:\\\/\\\/www.autojm.fr\\\/blog\"],\"url\":\"https:\\\/\\\/www.autojm.fr\\\/blog\\\/author\\\/bichoi\\\/\"}]}<\/script>\n<!-- \/ Yoast SEO plugin. -->","yoast_head_json":{"title":"Les futurs v\u00e9hicules Peugeot, Renault et Citro\u00ebn - AutoJM Mag","robots":{"index":"index","follow":"follow","max-snippet":"max-snippet:-1","max-image-preview":"max-image-preview:large","max-video-preview":"max-video-preview:-1"},"canonical":"https:\/\/www.autojm.fr\/blog\/les-futurs-vehicules-peugeot-renault-et-citroen\/","og_locale":"fr_FR","og_type":"article","og_title":"Les futurs v\u00e9hicules Peugeot, Renault et Citro\u00ebn - AutoJM Mag","og_description":"C'est le moment d'ouvrir vos agendas ! Les constructeurs automobiles ont bien l'intention de vous donner rendez-vous ces prochains mois, et m\u00eame ces prochaines ann\u00e9es pour l'arriv\u00e9e de leurs nouveaux mod\u00e8les. Petit tour d'horizon des voitures Peugeot, Renault et Citro\u00ebn \u00e0 venir.","og_url":"https:\/\/www.autojm.fr\/blog\/les-futurs-vehicules-peugeot-renault-et-citroen\/","og_site_name":"AutoJM Mag","article_publisher":"https:\/\/www.facebook.com\/AutoJM25","article_published_time":"2021-09-24T00:00:00+00:00","article_modified_time":"2023-04-17T14:33:37+00:00","og_image":[{"width":1024,"height":465,"url":"https:\/\/www.autojm.fr\/blog\/wp-content\/uploads\/2022\/10\/649.jpg","type":"image\/jpeg"}],"author":"Autojm","twitter_card":"summary_large_image","twitter_misc":{"\u00c9crit par":"Autojm","Dur\u00e9e de lecture estim\u00e9e":"4 minutes"},"schema":{"@context":"https:\/\/schema.org","@graph":[{"@type":"Article","@id":"https:\/\/www.autojm.fr\/blog\/les-futurs-vehicules-peugeot-renault-et-citroen\/#article","isPartOf":{"@id":"https:\/\/www.autojm.fr\/blog\/les-futurs-vehicules-peugeot-renault-et-citroen\/"},"author":{"name":"Autojm","@id":"https:\/\/www.autojm.fr\/blog\/#\/schema\/person\/9742bc77541853e0de81fc57f947e1a0"},"headline":"Les futurs v\u00e9hicules Peugeot, Renault et Citro\u00ebn","datePublished":"2021-09-24T00:00:00+00:00","dateModified":"2023-04-17T14:33:37+00:00","mainEntityOfPage":{"@id":"https:\/\/www.autojm.fr\/blog\/les-futurs-vehicules-peugeot-renault-et-citroen\/"},"wordCount":821,"commentCount":0,"publisher":{"@id":"https:\/\/www.autojm.fr\/blog\/#organization"},"image":{"@id":"https:\/\/www.autojm.fr\/blog\/les-futurs-vehicules-peugeot-renault-et-citroen\/#primaryimage"},"thumbnailUrl":"https:\/\/www.autojm.fr\/blog\/wp-content\/uploads\/2022\/10\/649.jpg","keywords":["autojm","Citro\u00ebn","peugeot","renault"],"articleSection":["Nouveaut\u00e9s Autos"],"inLanguage":"fr-FR","potentialAction":[{"@type":"CommentAction","name":"Comment","target":["https:\/\/www.autojm.fr\/blog\/les-futurs-vehicules-peugeot-renault-et-citroen\/#respond"]}]},{"@type":"WebPage","@id":"https:\/\/www.autojm.fr\/blog\/les-futurs-vehicules-peugeot-renault-et-citroen\/","url":"https:\/\/www.autojm.fr\/blog\/les-futurs-vehicules-peugeot-renault-et-citroen\/","name":"Les futurs v\u00e9hicules Peugeot, Renault et Citro\u00ebn - AutoJM Mag","isPartOf":{"@id":"https:\/\/www.autojm.fr\/blog\/#website"},"primaryImageOfPage":{"@id":"https:\/\/www.autojm.fr\/blog\/les-futurs-vehicules-peugeot-renault-et-citroen\/#primaryimage"},"image":{"@id":"https:\/\/www.autojm.fr\/blog\/les-futurs-vehicules-peugeot-renault-et-citroen\/#primaryimage"},"thumbnailUrl":"https:\/\/www.autojm.fr\/blog\/wp-content\/uploads\/2022\/10\/649.jpg","datePublished":"2021-09-24T00:00:00+00:00","dateModified":"2023-04-17T14:33:37+00:00","breadcrumb":{"@id":"https:\/\/www.autojm.fr\/blog\/les-futurs-vehicules-peugeot-renault-et-citroen\/#breadcrumb"},"inLanguage":"fr-FR","potentialAction":[{"@type":"ReadAction","target":["https:\/\/www.autojm.fr\/blog\/les-futurs-vehicules-peugeot-renault-et-citroen\/"]}]},{"@type":"ImageObject","inLanguage":"fr-FR","@id":"https:\/\/www.autojm.fr\/blog\/les-futurs-vehicules-peugeot-renault-et-citroen\/#primaryimage","url":"https:\/\/www.autojm.fr\/blog\/wp-content\/uploads\/2022\/10\/649.jpg","contentUrl":"https:\/\/www.autojm.fr\/blog\/wp-content\/uploads\/2022\/10\/649.jpg","width":1024,"height":465,"caption":"Futurs v\u00e9hicules"},{"@type":"BreadcrumbList","@id":"https:\/\/www.autojm.fr\/blog\/les-futurs-vehicules-peugeot-renault-et-citroen\/#breadcrumb","itemListElement":[{"@type":"ListItem","position":1,"name":"Accueil","item":"https:\/\/www.autojm.fr\/blog\/"},{"@type":"ListItem","position":2,"name":"Nouveaut\u00e9s Autos","item":"https:\/\/www.autojm.fr\/blog\/nouveautes-autos\/"},{"@type":"ListItem","position":3,"name":"Les futurs v\u00e9hicules Peugeot, Renault et Citro\u00ebn"}]},{"@type":"WebSite","@id":"https:\/\/www.autojm.fr\/blog\/#website","url":"https:\/\/www.autojm.fr\/blog\/","name":"AutoJM Mag","description":"Toute l&#039;actu auto en 1 clic !","publisher":{"@id":"https:\/\/www.autojm.fr\/blog\/#organization"},"potentialAction":[{"@type":"SearchAction","target":{"@type":"EntryPoint","urlTemplate":"https:\/\/www.autojm.fr\/blog\/?s={search_term_string}"},"query-input":{"@type":"PropertyValueSpecification","valueRequired":true,"valueName":"search_term_string"}}],"inLanguage":"fr-FR"},{"@type":"Organization","@id":"https:\/\/www.autojm.fr\/blog\/#organization","name":"AutoJM Mag","url":"https:\/\/www.autojm.fr\/blog\/","logo":{"@type":"ImageObject","inLanguage":"fr-FR","@id":"https:\/\/www.autojm.fr\/blog\/#\/schema\/logo\/image\/","url":"https:\/\/www.autojm.fr\/blog\/wp-content\/uploads\/2022\/12\/cropped-AutoJMag-png.png","contentUrl":"https:\/\/www.autojm.fr\/blog\/wp-content\/uploads\/2022\/12\/cropped-AutoJMag-png.png","width":2834,"height":585,"caption":"AutoJM Mag"},"image":{"@id":"https:\/\/www.autojm.fr\/blog\/#\/schema\/logo\/image\/"},"sameAs":["https:\/\/www.facebook.com\/AutoJM25"]},{"@type":"Person","@id":"https:\/\/www.autojm.fr\/blog\/#\/schema\/person\/9742bc77541853e0de81fc57f947e1a0","name":"Autojm","image":{"@type":"ImageObject","inLanguage":"fr-FR","@id":"https:\/\/secure.gravatar.com\/avatar\/9a959d52b758fcc232fe4b6aca7bab139182573297122cce7d6f2ee0e537b418?s=96&d=mm&r=g","url":"https:\/\/secure.gravatar.com\/avatar\/9a959d52b758fcc232fe4b6aca7bab139182573297122cce7d6f2ee0e537b418?s=96&d=mm&r=g","contentUrl":"https:\/\/secure.gravatar.com\/avatar\/9a959d52b758fcc232fe4b6aca7bab139182573297122cce7d6f2ee0e537b418?s=96&d=mm&r=g","caption":"Autojm"},"sameAs":["https:\/\/www.autojm.fr\/blog"],"url":"https:\/\/www.autojm.fr\/blog\/author\/bichoi\/"}]}},"_links":{"self":[{"href":"https:\/\/www.autojm.fr\/blog\/wp-json\/wp\/v2\/posts\/3919","targetHints":{"allow":["GET"]}}],"collection":[{"href":"https:\/\/www.autojm.fr\/blog\/wp-json\/wp\/v2\/posts"}],"about":[{"href":"https:\/\/www.autojm.fr\/blog\/wp-json\/wp\/v2\/types\/post"}],"author":[{"embeddable":true,"href":"https:\/\/www.autojm.fr\/blog\/wp-json\/wp\/v2\/users\/1"}],"replies":[{"embeddable":true,"href":"https:\/\/www.autojm.fr\/blog\/wp-json\/wp\/v2\/comments?post=3919"}],"version-history":[{"count":6,"href":"https:\/\/www.autojm.fr\/blog\/wp-json\/wp\/v2\/posts\/3919\/revisions"}],"predecessor-version":[{"id":9166,"href":"https:\/\/www.autojm.fr\/blog\/wp-json\/wp\/v2\/posts\/3919\/revisions\/9166"}],"wp:featuredmedia":[{"embeddable":true,"href":"https:\/\/www.autojm.fr\/blog\/wp-json\/wp\/v2\/media\/5977"}],"wp:attachment":[{"href":"https:\/\/www.autojm.fr\/blog\/wp-json\/wp\/v2\/media?parent=3919"}],"wp:term":[{"taxonomy":"category","embeddable":true,"href":"https:\/\/www.autojm.fr\/blog\/wp-json\/wp\/v2\/categories?post=3919"},{"taxonomy":"post_tag","embeddable":true,"href":"https:\/\/www.autojm.fr\/blog\/wp-json\/wp\/v2\/tags?post=3919"}],"curies":[{"name":"wp","href":"https:\/\/api.w.org\/{rel}","templated":true}]}}