{"id":3916,"date":"2021-09-02T00:00:00","date_gmt":"2021-09-02T00:00:00","guid":{"rendered":"https:\/\/www.autojm.fr\/blog\/immatriculations-aout-2021-vehicules-neufs-et-doccasion\/"},"modified":"2022-12-13T09:16:59","modified_gmt":"2022-12-13T09:16:59","slug":"immatriculations-aout-2021-vehicules-neufs-et-doccasion","status":"publish","type":"post","link":"https:\/\/www.autojm.fr\/blog\/immatriculations-aout-2021-vehicules-neufs-et-doccasion\/","title":{"rendered":"Immatriculations ao\u00fbt 2021 : v\u00e9hicules neufs et d&rsquo;occasion"},"content":{"rendered":"<p>Le march\u00e9 automobile peine \u00e0 retrouver sa forme olympique habituelle. \u00c0 peine les constructeurs sortaient la t\u00eate de l&rsquo;eau apr\u00e8s des mois de fermeture et de ralentissement li\u00e9s \u00e0 la crise sanitaire, qu&rsquo;ils replongeaient t\u00eate la premi\u00e8re dans une probl\u00e9matique de taille : la p\u00e9nurie de semi-conducteurs. L&rsquo;activit\u00e9 est \u00e0 nouveau r\u00e9duite et de nombreuses cons\u00e9quences en d\u00e9coulent, notamment des retards de livraison qui effraient les clients. Et le moins que l&rsquo;on puisse dire, c&rsquo;est que cela se ressent au niveau des chiffres\u2026<\/p>\n<h2>Baisse des immatriculations en ao\u00fbt 2021<\/h2>\n<p>L&rsquo;\u00e9t\u00e9 est une p\u00e9riode plut\u00f4t calme pour les ventes automobiles, et cette ann\u00e9e, le mois d&rsquo;ao\u00fbt a \u00e9t\u00e9 particuli\u00e8rement calme, en t\u00e9moignent les 88 066 immatriculations enregistr\u00e9es, soit 15,02% de moins que le mois d&rsquo;ao\u00fbt 2020, et 31,87% de moins que le mois d&rsquo;ao\u00fbt 2019. Le march\u00e9 enregistre un total de 1 126 544 immatriculations sur les 8 premiers mois de l&rsquo;ann\u00e9e, soit 23,26% de moins qu&rsquo;en 2019, ann\u00e9e de r\u00e9f\u00e9rence o\u00f9 la crise sanitaire n&rsquo;avait pas encore s\u00e9vi.<\/p>\n<h2>Ventes auto ao\u00fbt 2021 VS ao\u00fbt 2019<\/h2>\n<p>En comparaison avec l&rsquo;ann\u00e9e 2019, la note est sal\u00e9e pour les marques fran\u00e7aises : Dacia semble \u00e9viter les catastrophes avec une baisse de seulement 2,86%, mais ce n&rsquo;est pas le cas de <strong><a href=\"https:\/\/www.autojm.fr\/mandataire-voitures-neuves-renault?part=blog&amp;utm_source=articleblog020921&amp;utm_medium=blog\">Renault<\/a><\/strong> (-31,29%), <strong><a href=\"https:\/\/www.autojm.fr\/mandataire-voitures-neuves-citroen?part=blog&amp;utm_source=articleblog020921&amp;utm_medium=blog\">Citro\u00ebn<\/a><\/strong> (-30,93%) et <strong><a href=\"https:\/\/www.autojm.fr\/mandataire-voitures-neuves-peugeot?part=blog&amp;utm_source=articleblog020921&amp;utm_medium=blog\">Peugeot<\/a><\/strong> (-34,57%), les trois piliers du march\u00e9 automobile fran\u00e7ais. Et la baisse est g\u00e9n\u00e9rale, m\u00eame chez les constructeurs automobiles \u00e9trangers : Volkswagen avec -30,54%, Seat avec -56,39%, Audi avec -28,63% ou encore Skoda avec -37,21%. BMW et Mini s&rsquo;en sortent mieux avec des baisses de 6,48% et 4,92%. Seul le constructeur Cor\u00e9en Hyundai affiche une hausse de 22,96% de ventes pour ce mois d&rsquo;ao\u00fbt.<\/p>\n<p><iframe loading=\"lazy\" title=\"YouTube video player\" src=\"https:\/\/www.youtube.com\/embed\/xUxCcs4EEkw\" width=\"100%\" height=\"315\" allowfullscreen=\"allowfullscreen\"><\/iframe><\/p>\n<h2>Ventes auto ao\u00fbt 2021 VS ao\u00fbt 2020<\/h2>\n<p>En comparaison avec l&rsquo;ann\u00e9e 2020, les chiffres ne semblent pas meilleures : la baisse se fait ressentir pour Citro\u00ebn (-20,31%), Peugeot (-34,24%), Renault (-9,15%), Audi (-9,13%), Seat (-44,10%), Skoda (-20,16%), BMW (-6,10%), et Hyundai est en baisse de -11,69%. On note une hausse de 3,74% des immatriculations chez Dacia, 7,38% chez Mini et 39,57% de plus pour Volkswagen.<\/p>\n<h2>Quelle part du march\u00e9 pour les voitures hybrides et les voitures \u00e9lectriques ?<\/h2>\n<p>Les v\u00e9hicules hybrides continuent leur ascension en obtenant, pour ce mois d&rsquo;ao\u00fbt 2021, 29*% de part du march\u00e9, derri\u00e8re les v\u00e9hicules essence (37%) mais devant les v\u00e9hicules diesel (18%). Les \u00e9lectriques occupent quant \u00e0 eux 11% de part du march\u00e9.<\/p>\n<p><iframe loading=\"lazy\" title=\"YouTube video player\" src=\"https:\/\/www.youtube.com\/embed\/GWpuOK9wakY\" width=\"100%\" height=\"315\" allowfullscreen=\"allowfullscreen\"><\/iframe><\/p>\n<h2>Quels v\u00e9hicules en top des immatriculations ?<\/h2>\n<p>Dans le top 5 des meilleures ventes de ce mois d&rsquo;ao\u00fbt 2021, la Dacia Sandero prend la premi\u00e8re place gr\u00e2ce \u00e0 ses 5 560 unit\u00e9s \u00e9coul\u00e9es. La Renault Clio 5 vient en num\u00e9ro 2 avec 4720 mod\u00e8les \u00e9coul\u00e9s, suivie par la Peugeot 208 avec 4 488 immatriculations, la Citro\u00ebn C3 avec 3 689 immatriculations et le SUV Peugeot 2008 avec 2 623 unit\u00e9s \u00e9coul\u00e9es.<\/p>\n<h2>Quid des voitures d&rsquo;occasion vendues ce mois-ci ?<\/h2>\n<p>Le march\u00e9 des <strong><a href=\"https:\/\/www.autojm.fr\/mandataire-voitures-occasion?part=blog&amp;utm_source=articleblog020921&amp;utm_medium=blog\">v\u00e9hicules d&rsquo;occasion<\/a><\/strong> semble suivre la m\u00eame tendance, avec 433 909 unit\u00e9s \u00e9coul\u00e9es pour ce mois d&rsquo;ao\u00fbt 2021, soit 11,3% de moins qu&rsquo;en ao\u00fbt 2020. On note toutefois que seules les occasions r\u00e9centes de moins de 6 mois ont eu la cote, avec 16 959 mod\u00e8les vendus soit +19,2%. Les v\u00e9hicules d&rsquo;occasion les plus vendus, dont l&rsquo;\u00e2ge est compris entre 8 et 15 ans, se sont vendus \u00e0 127 661 exemplaires, soit une baisse de 13,9%.<\/p>\n","protected":false},"excerpt":{"rendered":"<p>Le march\u00e9 automobile peine \u00e0 retrouver sa forme olympique habituelle. \u00c0 peine les constructeurs sortaient la t\u00eate de l&rsquo;eau apr\u00e8s des mois de fermeture et de ralentissement li\u00e9s \u00e0 la crise sanitaire, qu&rsquo;ils replongeaient t\u00eate la premi\u00e8re dans une probl\u00e9matique de taille : la p\u00e9nurie de semi-conducteurs.<\/p>\n","protected":false},"author":1,"featured_media":5974,"comment_status":"open","ping_status":"open","sticky":false,"template":"","format":"standard","meta":{"_acf_changed":false,"content-type":"","footnotes":""},"categories":[5],"tags":[90,79,74,105,110,109,106,108,107,73,78,96],"class_list":["post-3916","post","type-post","status-publish","format-standard","has-post-thumbnail","hentry","category-actualite-automobile","tag-autojm","tag-citroen","tag-dacia","tag-ds","tag-fiat","tag-ford","tag-kia","tag-nissan","tag-opel","tag-peugeot","tag-renault","tag-volkswagen"],"acf":[],"yoast_head":"<!-- This site is optimized with the Yoast SEO plugin v27.5 - https:\/\/yoast.com\/product\/yoast-seo-wordpress\/ -->\n<title>Immatriculations ao\u00fbt 2021 : v\u00e9hicules neufs et d&#039;occasion AutoJM Mag<\/title>\n<meta name=\"description\" content=\"Le march\u00e9 automobile peine \u00e0 retrouver sa forme olympique habituelle. A peine les constructeurs sortaient la t\u00eate de l&#039;eau apr\u00e8s des mois...\" \/>\n<meta name=\"robots\" content=\"index, follow, max-snippet:-1, max-image-preview:large, max-video-preview:-1\" \/>\n<link rel=\"canonical\" href=\"https:\/\/www.autojm.fr\/blog\/immatriculations-aout-2021-vehicules-neufs-et-doccasion\/\" \/>\n<meta property=\"og:locale\" content=\"fr_FR\" \/>\n<meta property=\"og:type\" content=\"article\" \/>\n<meta property=\"og:title\" content=\"Immatriculations ao\u00fbt 2021 : v\u00e9hicules neufs et d&#039;occasion AutoJM Mag\" \/>\n<meta property=\"og:description\" content=\"Le march\u00e9 automobile peine \u00e0 retrouver sa forme olympique habituelle. A peine les constructeurs sortaient la t\u00eate de l&#039;eau apr\u00e8s des mois...\" \/>\n<meta property=\"og:url\" content=\"https:\/\/www.autojm.fr\/blog\/immatriculations-aout-2021-vehicules-neufs-et-doccasion\/\" \/>\n<meta property=\"og:site_name\" content=\"AutoJM Mag\" \/>\n<meta property=\"article:publisher\" content=\"https:\/\/www.facebook.com\/AutoJM25\" \/>\n<meta property=\"article:published_time\" content=\"2021-09-02T00:00:00+00:00\" \/>\n<meta property=\"article:modified_time\" content=\"2022-12-13T09:16:59+00:00\" \/>\n<meta property=\"og:image\" content=\"https:\/\/www.autojm.fr\/blog\/wp-content\/uploads\/2022\/10\/646.jpg\" \/>\n\t<meta property=\"og:image:width\" content=\"1024\" \/>\n\t<meta property=\"og:image:height\" content=\"465\" \/>\n\t<meta property=\"og:image:type\" content=\"image\/jpeg\" \/>\n<meta name=\"author\" content=\"Autojm\" \/>\n<meta name=\"twitter:card\" content=\"summary_large_image\" \/>\n<meta name=\"twitter:label1\" content=\"\u00c9crit par\" \/>\n\t<meta name=\"twitter:data1\" content=\"Autojm\" \/>\n\t<meta name=\"twitter:label2\" content=\"Dur\u00e9e de lecture estim\u00e9e\" \/>\n\t<meta name=\"twitter:data2\" content=\"4 minutes\" \/>\n<script type=\"application\/ld+json\" class=\"yoast-schema-graph\">{\"@context\":\"https:\\\/\\\/schema.org\",\"@graph\":[{\"@type\":\"Article\",\"@id\":\"https:\\\/\\\/www.autojm.fr\\\/blog\\\/immatriculations-aout-2021-vehicules-neufs-et-doccasion\\\/#article\",\"isPartOf\":{\"@id\":\"https:\\\/\\\/www.autojm.fr\\\/blog\\\/immatriculations-aout-2021-vehicules-neufs-et-doccasion\\\/\"},\"author\":{\"name\":\"Autojm\",\"@id\":\"https:\\\/\\\/www.autojm.fr\\\/blog\\\/#\\\/schema\\\/person\\\/9742bc77541853e0de81fc57f947e1a0\"},\"headline\":\"Immatriculations ao\u00fbt 2021 : v\u00e9hicules neufs et d&rsquo;occasion\",\"datePublished\":\"2021-09-02T00:00:00+00:00\",\"dateModified\":\"2022-12-13T09:16:59+00:00\",\"mainEntityOfPage\":{\"@id\":\"https:\\\/\\\/www.autojm.fr\\\/blog\\\/immatriculations-aout-2021-vehicules-neufs-et-doccasion\\\/\"},\"wordCount\":554,\"commentCount\":0,\"publisher\":{\"@id\":\"https:\\\/\\\/www.autojm.fr\\\/blog\\\/#organization\"},\"image\":{\"@id\":\"https:\\\/\\\/www.autojm.fr\\\/blog\\\/immatriculations-aout-2021-vehicules-neufs-et-doccasion\\\/#primaryimage\"},\"thumbnailUrl\":\"https:\\\/\\\/www.autojm.fr\\\/blog\\\/wp-content\\\/uploads\\\/2022\\\/10\\\/646.jpg\",\"keywords\":[\"autojm\",\"citroen\",\"dacia\",\"DS\",\"Fiat\",\"Ford\",\"Kia\",\"Nissan\",\"Opel\",\"peugeot\",\"renault\",\"Volkswagen\"],\"articleSection\":[\"Actualit\u00e9 Automobile\"],\"inLanguage\":\"fr-FR\",\"potentialAction\":[{\"@type\":\"CommentAction\",\"name\":\"Comment\",\"target\":[\"https:\\\/\\\/www.autojm.fr\\\/blog\\\/immatriculations-aout-2021-vehicules-neufs-et-doccasion\\\/#respond\"]}]},{\"@type\":\"WebPage\",\"@id\":\"https:\\\/\\\/www.autojm.fr\\\/blog\\\/immatriculations-aout-2021-vehicules-neufs-et-doccasion\\\/\",\"url\":\"https:\\\/\\\/www.autojm.fr\\\/blog\\\/immatriculations-aout-2021-vehicules-neufs-et-doccasion\\\/\",\"name\":\"Immatriculations ao\u00fbt 2021 : v\u00e9hicules neufs et d'occasion AutoJM Mag\",\"isPartOf\":{\"@id\":\"https:\\\/\\\/www.autojm.fr\\\/blog\\\/#website\"},\"primaryImageOfPage\":{\"@id\":\"https:\\\/\\\/www.autojm.fr\\\/blog\\\/immatriculations-aout-2021-vehicules-neufs-et-doccasion\\\/#primaryimage\"},\"image\":{\"@id\":\"https:\\\/\\\/www.autojm.fr\\\/blog\\\/immatriculations-aout-2021-vehicules-neufs-et-doccasion\\\/#primaryimage\"},\"thumbnailUrl\":\"https:\\\/\\\/www.autojm.fr\\\/blog\\\/wp-content\\\/uploads\\\/2022\\\/10\\\/646.jpg\",\"datePublished\":\"2021-09-02T00:00:00+00:00\",\"dateModified\":\"2022-12-13T09:16:59+00:00\",\"description\":\"Le march\u00e9 automobile peine \u00e0 retrouver sa forme olympique habituelle. A peine les constructeurs sortaient la t\u00eate de l'eau apr\u00e8s des mois...\",\"breadcrumb\":{\"@id\":\"https:\\\/\\\/www.autojm.fr\\\/blog\\\/immatriculations-aout-2021-vehicules-neufs-et-doccasion\\\/#breadcrumb\"},\"inLanguage\":\"fr-FR\",\"potentialAction\":[{\"@type\":\"ReadAction\",\"target\":[\"https:\\\/\\\/www.autojm.fr\\\/blog\\\/immatriculations-aout-2021-vehicules-neufs-et-doccasion\\\/\"]}]},{\"@type\":\"ImageObject\",\"inLanguage\":\"fr-FR\",\"@id\":\"https:\\\/\\\/www.autojm.fr\\\/blog\\\/immatriculations-aout-2021-vehicules-neufs-et-doccasion\\\/#primaryimage\",\"url\":\"https:\\\/\\\/www.autojm.fr\\\/blog\\\/wp-content\\\/uploads\\\/2022\\\/10\\\/646.jpg\",\"contentUrl\":\"https:\\\/\\\/www.autojm.fr\\\/blog\\\/wp-content\\\/uploads\\\/2022\\\/10\\\/646.jpg\",\"width\":1024,\"height\":465,\"caption\":\"Immatriculations\"},{\"@type\":\"BreadcrumbList\",\"@id\":\"https:\\\/\\\/www.autojm.fr\\\/blog\\\/immatriculations-aout-2021-vehicules-neufs-et-doccasion\\\/#breadcrumb\",\"itemListElement\":[{\"@type\":\"ListItem\",\"position\":1,\"name\":\"Accueil\",\"item\":\"https:\\\/\\\/www.autojm.fr\\\/blog\\\/\"},{\"@type\":\"ListItem\",\"position\":2,\"name\":\"Actualit\u00e9 Automobile\",\"item\":\"https:\\\/\\\/www.autojm.fr\\\/blog\\\/actualite-automobile\\\/\"},{\"@type\":\"ListItem\",\"position\":3,\"name\":\"Immatriculations ao\u00fbt 2021 : v\u00e9hicules neufs et d&rsquo;occasion\"}]},{\"@type\":\"WebSite\",\"@id\":\"https:\\\/\\\/www.autojm.fr\\\/blog\\\/#website\",\"url\":\"https:\\\/\\\/www.autojm.fr\\\/blog\\\/\",\"name\":\"AutoJM Mag\",\"description\":\"Toute l&#039;actu auto en 1 clic !\",\"publisher\":{\"@id\":\"https:\\\/\\\/www.autojm.fr\\\/blog\\\/#organization\"},\"potentialAction\":[{\"@type\":\"SearchAction\",\"target\":{\"@type\":\"EntryPoint\",\"urlTemplate\":\"https:\\\/\\\/www.autojm.fr\\\/blog\\\/?s={search_term_string}\"},\"query-input\":{\"@type\":\"PropertyValueSpecification\",\"valueRequired\":true,\"valueName\":\"search_term_string\"}}],\"inLanguage\":\"fr-FR\"},{\"@type\":\"Organization\",\"@id\":\"https:\\\/\\\/www.autojm.fr\\\/blog\\\/#organization\",\"name\":\"AutoJM Mag\",\"url\":\"https:\\\/\\\/www.autojm.fr\\\/blog\\\/\",\"logo\":{\"@type\":\"ImageObject\",\"inLanguage\":\"fr-FR\",\"@id\":\"https:\\\/\\\/www.autojm.fr\\\/blog\\\/#\\\/schema\\\/logo\\\/image\\\/\",\"url\":\"https:\\\/\\\/www.autojm.fr\\\/blog\\\/wp-content\\\/uploads\\\/2022\\\/12\\\/cropped-AutoJMag-png.png\",\"contentUrl\":\"https:\\\/\\\/www.autojm.fr\\\/blog\\\/wp-content\\\/uploads\\\/2022\\\/12\\\/cropped-AutoJMag-png.png\",\"width\":2834,\"height\":585,\"caption\":\"AutoJM Mag\"},\"image\":{\"@id\":\"https:\\\/\\\/www.autojm.fr\\\/blog\\\/#\\\/schema\\\/logo\\\/image\\\/\"},\"sameAs\":[\"https:\\\/\\\/www.facebook.com\\\/AutoJM25\"]},{\"@type\":\"Person\",\"@id\":\"https:\\\/\\\/www.autojm.fr\\\/blog\\\/#\\\/schema\\\/person\\\/9742bc77541853e0de81fc57f947e1a0\",\"name\":\"Autojm\",\"image\":{\"@type\":\"ImageObject\",\"inLanguage\":\"fr-FR\",\"@id\":\"https:\\\/\\\/secure.gravatar.com\\\/avatar\\\/9a959d52b758fcc232fe4b6aca7bab139182573297122cce7d6f2ee0e537b418?s=96&d=mm&r=g\",\"url\":\"https:\\\/\\\/secure.gravatar.com\\\/avatar\\\/9a959d52b758fcc232fe4b6aca7bab139182573297122cce7d6f2ee0e537b418?s=96&d=mm&r=g\",\"contentUrl\":\"https:\\\/\\\/secure.gravatar.com\\\/avatar\\\/9a959d52b758fcc232fe4b6aca7bab139182573297122cce7d6f2ee0e537b418?s=96&d=mm&r=g\",\"caption\":\"Autojm\"},\"sameAs\":[\"https:\\\/\\\/www.autojm.fr\\\/blog\"],\"url\":\"https:\\\/\\\/www.autojm.fr\\\/blog\\\/author\\\/bichoi\\\/\"}]}<\/script>\n<!-- \/ Yoast SEO plugin. -->","yoast_head_json":{"title":"Immatriculations ao\u00fbt 2021 : v\u00e9hicules neufs et d'occasion AutoJM Mag","description":"Le march\u00e9 automobile peine \u00e0 retrouver sa forme olympique habituelle. A peine les constructeurs sortaient la t\u00eate de l'eau apr\u00e8s des mois...","robots":{"index":"index","follow":"follow","max-snippet":"max-snippet:-1","max-image-preview":"max-image-preview:large","max-video-preview":"max-video-preview:-1"},"canonical":"https:\/\/www.autojm.fr\/blog\/immatriculations-aout-2021-vehicules-neufs-et-doccasion\/","og_locale":"fr_FR","og_type":"article","og_title":"Immatriculations ao\u00fbt 2021 : v\u00e9hicules neufs et d'occasion AutoJM Mag","og_description":"Le march\u00e9 automobile peine \u00e0 retrouver sa forme olympique habituelle. A peine les constructeurs sortaient la t\u00eate de l'eau apr\u00e8s des mois...","og_url":"https:\/\/www.autojm.fr\/blog\/immatriculations-aout-2021-vehicules-neufs-et-doccasion\/","og_site_name":"AutoJM Mag","article_publisher":"https:\/\/www.facebook.com\/AutoJM25","article_published_time":"2021-09-02T00:00:00+00:00","article_modified_time":"2022-12-13T09:16:59+00:00","og_image":[{"width":1024,"height":465,"url":"https:\/\/www.autojm.fr\/blog\/wp-content\/uploads\/2022\/10\/646.jpg","type":"image\/jpeg"}],"author":"Autojm","twitter_card":"summary_large_image","twitter_misc":{"\u00c9crit par":"Autojm","Dur\u00e9e de lecture estim\u00e9e":"4 minutes"},"schema":{"@context":"https:\/\/schema.org","@graph":[{"@type":"Article","@id":"https:\/\/www.autojm.fr\/blog\/immatriculations-aout-2021-vehicules-neufs-et-doccasion\/#article","isPartOf":{"@id":"https:\/\/www.autojm.fr\/blog\/immatriculations-aout-2021-vehicules-neufs-et-doccasion\/"},"author":{"name":"Autojm","@id":"https:\/\/www.autojm.fr\/blog\/#\/schema\/person\/9742bc77541853e0de81fc57f947e1a0"},"headline":"Immatriculations ao\u00fbt 2021 : v\u00e9hicules neufs et d&rsquo;occasion","datePublished":"2021-09-02T00:00:00+00:00","dateModified":"2022-12-13T09:16:59+00:00","mainEntityOfPage":{"@id":"https:\/\/www.autojm.fr\/blog\/immatriculations-aout-2021-vehicules-neufs-et-doccasion\/"},"wordCount":554,"commentCount":0,"publisher":{"@id":"https:\/\/www.autojm.fr\/blog\/#organization"},"image":{"@id":"https:\/\/www.autojm.fr\/blog\/immatriculations-aout-2021-vehicules-neufs-et-doccasion\/#primaryimage"},"thumbnailUrl":"https:\/\/www.autojm.fr\/blog\/wp-content\/uploads\/2022\/10\/646.jpg","keywords":["autojm","citroen","dacia","DS","Fiat","Ford","Kia","Nissan","Opel","peugeot","renault","Volkswagen"],"articleSection":["Actualit\u00e9 Automobile"],"inLanguage":"fr-FR","potentialAction":[{"@type":"CommentAction","name":"Comment","target":["https:\/\/www.autojm.fr\/blog\/immatriculations-aout-2021-vehicules-neufs-et-doccasion\/#respond"]}]},{"@type":"WebPage","@id":"https:\/\/www.autojm.fr\/blog\/immatriculations-aout-2021-vehicules-neufs-et-doccasion\/","url":"https:\/\/www.autojm.fr\/blog\/immatriculations-aout-2021-vehicules-neufs-et-doccasion\/","name":"Immatriculations ao\u00fbt 2021 : v\u00e9hicules neufs et d'occasion AutoJM Mag","isPartOf":{"@id":"https:\/\/www.autojm.fr\/blog\/#website"},"primaryImageOfPage":{"@id":"https:\/\/www.autojm.fr\/blog\/immatriculations-aout-2021-vehicules-neufs-et-doccasion\/#primaryimage"},"image":{"@id":"https:\/\/www.autojm.fr\/blog\/immatriculations-aout-2021-vehicules-neufs-et-doccasion\/#primaryimage"},"thumbnailUrl":"https:\/\/www.autojm.fr\/blog\/wp-content\/uploads\/2022\/10\/646.jpg","datePublished":"2021-09-02T00:00:00+00:00","dateModified":"2022-12-13T09:16:59+00:00","description":"Le march\u00e9 automobile peine \u00e0 retrouver sa forme olympique habituelle. A peine les constructeurs sortaient la t\u00eate de l'eau apr\u00e8s des mois...","breadcrumb":{"@id":"https:\/\/www.autojm.fr\/blog\/immatriculations-aout-2021-vehicules-neufs-et-doccasion\/#breadcrumb"},"inLanguage":"fr-FR","potentialAction":[{"@type":"ReadAction","target":["https:\/\/www.autojm.fr\/blog\/immatriculations-aout-2021-vehicules-neufs-et-doccasion\/"]}]},{"@type":"ImageObject","inLanguage":"fr-FR","@id":"https:\/\/www.autojm.fr\/blog\/immatriculations-aout-2021-vehicules-neufs-et-doccasion\/#primaryimage","url":"https:\/\/www.autojm.fr\/blog\/wp-content\/uploads\/2022\/10\/646.jpg","contentUrl":"https:\/\/www.autojm.fr\/blog\/wp-content\/uploads\/2022\/10\/646.jpg","width":1024,"height":465,"caption":"Immatriculations"},{"@type":"BreadcrumbList","@id":"https:\/\/www.autojm.fr\/blog\/immatriculations-aout-2021-vehicules-neufs-et-doccasion\/#breadcrumb","itemListElement":[{"@type":"ListItem","position":1,"name":"Accueil","item":"https:\/\/www.autojm.fr\/blog\/"},{"@type":"ListItem","position":2,"name":"Actualit\u00e9 Automobile","item":"https:\/\/www.autojm.fr\/blog\/actualite-automobile\/"},{"@type":"ListItem","position":3,"name":"Immatriculations ao\u00fbt 2021 : v\u00e9hicules neufs et d&rsquo;occasion"}]},{"@type":"WebSite","@id":"https:\/\/www.autojm.fr\/blog\/#website","url":"https:\/\/www.autojm.fr\/blog\/","name":"AutoJM Mag","description":"Toute l&#039;actu auto en 1 clic !","publisher":{"@id":"https:\/\/www.autojm.fr\/blog\/#organization"},"potentialAction":[{"@type":"SearchAction","target":{"@type":"EntryPoint","urlTemplate":"https:\/\/www.autojm.fr\/blog\/?s={search_term_string}"},"query-input":{"@type":"PropertyValueSpecification","valueRequired":true,"valueName":"search_term_string"}}],"inLanguage":"fr-FR"},{"@type":"Organization","@id":"https:\/\/www.autojm.fr\/blog\/#organization","name":"AutoJM Mag","url":"https:\/\/www.autojm.fr\/blog\/","logo":{"@type":"ImageObject","inLanguage":"fr-FR","@id":"https:\/\/www.autojm.fr\/blog\/#\/schema\/logo\/image\/","url":"https:\/\/www.autojm.fr\/blog\/wp-content\/uploads\/2022\/12\/cropped-AutoJMag-png.png","contentUrl":"https:\/\/www.autojm.fr\/blog\/wp-content\/uploads\/2022\/12\/cropped-AutoJMag-png.png","width":2834,"height":585,"caption":"AutoJM Mag"},"image":{"@id":"https:\/\/www.autojm.fr\/blog\/#\/schema\/logo\/image\/"},"sameAs":["https:\/\/www.facebook.com\/AutoJM25"]},{"@type":"Person","@id":"https:\/\/www.autojm.fr\/blog\/#\/schema\/person\/9742bc77541853e0de81fc57f947e1a0","name":"Autojm","image":{"@type":"ImageObject","inLanguage":"fr-FR","@id":"https:\/\/secure.gravatar.com\/avatar\/9a959d52b758fcc232fe4b6aca7bab139182573297122cce7d6f2ee0e537b418?s=96&d=mm&r=g","url":"https:\/\/secure.gravatar.com\/avatar\/9a959d52b758fcc232fe4b6aca7bab139182573297122cce7d6f2ee0e537b418?s=96&d=mm&r=g","contentUrl":"https:\/\/secure.gravatar.com\/avatar\/9a959d52b758fcc232fe4b6aca7bab139182573297122cce7d6f2ee0e537b418?s=96&d=mm&r=g","caption":"Autojm"},"sameAs":["https:\/\/www.autojm.fr\/blog"],"url":"https:\/\/www.autojm.fr\/blog\/author\/bichoi\/"}]}},"_links":{"self":[{"href":"https:\/\/www.autojm.fr\/blog\/wp-json\/wp\/v2\/posts\/3916","targetHints":{"allow":["GET"]}}],"collection":[{"href":"https:\/\/www.autojm.fr\/blog\/wp-json\/wp\/v2\/posts"}],"about":[{"href":"https:\/\/www.autojm.fr\/blog\/wp-json\/wp\/v2\/types\/post"}],"author":[{"embeddable":true,"href":"https:\/\/www.autojm.fr\/blog\/wp-json\/wp\/v2\/users\/1"}],"replies":[{"embeddable":true,"href":"https:\/\/www.autojm.fr\/blog\/wp-json\/wp\/v2\/comments?post=3916"}],"version-history":[{"count":5,"href":"https:\/\/www.autojm.fr\/blog\/wp-json\/wp\/v2\/posts\/3916\/revisions"}],"predecessor-version":[{"id":6996,"href":"https:\/\/www.autojm.fr\/blog\/wp-json\/wp\/v2\/posts\/3916\/revisions\/6996"}],"wp:featuredmedia":[{"embeddable":true,"href":"https:\/\/www.autojm.fr\/blog\/wp-json\/wp\/v2\/media\/5974"}],"wp:attachment":[{"href":"https:\/\/www.autojm.fr\/blog\/wp-json\/wp\/v2\/media?parent=3916"}],"wp:term":[{"taxonomy":"category","embeddable":true,"href":"https:\/\/www.autojm.fr\/blog\/wp-json\/wp\/v2\/categories?post=3916"},{"taxonomy":"post_tag","embeddable":true,"href":"https:\/\/www.autojm.fr\/blog\/wp-json\/wp\/v2\/tags?post=3916"}],"curies":[{"name":"wp","href":"https:\/\/api.w.org\/{rel}","templated":true}]}}