{"id":3914,"date":"2021-08-18T00:00:00","date_gmt":"2021-08-18T00:00:00","guid":{"rendered":"https:\/\/www.autojm.fr\/blog\/salons-auto-quels-sont-les-prochains-evenements\/"},"modified":"2023-04-19T11:54:01","modified_gmt":"2023-04-19T11:54:01","slug":"salons-auto-quels-sont-les-prochains-evenements","status":"publish","type":"post","link":"https:\/\/www.autojm.fr\/blog\/salons-auto-quels-sont-les-prochains-evenements\/","title":{"rendered":"Salons auto : quels sont les prochains \u00e9v\u00e9nements ?"},"content":{"rendered":"<p>Avec la crise sanitaire, les salons automobiles ont \u00e9t\u00e9 annul\u00e9s les uns apr\u00e8s les autres au d\u00e9but de l&rsquo;ann\u00e9e 2020. Si les conditions d&rsquo;ouverture restent encore strictes, certains \u00e9v\u00e9nements ont \u00e9t\u00e9 et seront reconduits cette ann\u00e9e pour offrir un peu de gaiet\u00e9 \u00e0 tous les fans d&rsquo;automobiles. Alors quels seront les prochains salons de l&rsquo;automobile et dans quelles conditions pourront-ils accueillir du public ?<\/p>\n<h2>La Chine a d\u00e9j\u00e0 repris les salons auto<\/h2>\n<p>Au mois de septembre 2020, apr\u00e8s plusieurs semaines de confinement suivies d&rsquo;une reprise de l&rsquo;activit\u00e9, la Chine avait d\u00e9cid\u00e9 d&rsquo;ouvrir les portes du salon de P\u00e9kin, connu pour \u00eatre le premier salon automobile par sa taille. Malgr\u00e9 une capacit\u00e9 d&rsquo;accueil restreinte, le salon avait eu un grand succ\u00e8s, offrant \u00e0 tous les amateurs de voitures la possibilit\u00e9 de d\u00e9couvrir les mod\u00e8les du futur. Au mois d&rsquo;avril, c&rsquo;est le salon de Shanghai qui a ouvert ses portes au public. Avec l&rsquo;augmentation du nombre de vaccin\u00e9s et la reprise de l&rsquo;ensemble des activit\u00e9s, les gros \u00e9v\u00e9nements vont pouvoir refaire surface ces prochains mois.<\/p>\n<h2>Salon automobile de Munich : premier salon auto Europ\u00e9en \u00e0 revenir<\/h2>\n<p>L&rsquo;Allemagne a pris les devants et ouvrira donc, en septembre 2021 soit d&rsquo;ici quelques jours, les portes du salon de l&rsquo;automobile de Munich. Le salon auto succ\u00e8de au salon de Francfort, connu pour sa folie des grandeurs mais devenu trop co\u00fbteux. Concernant les r\u00e8gles, c&rsquo;est le gouvernement Allemand qui d\u00e9cidera des mesures \u00e0 mettre en place. Et pour s\u00e9duire les passionn\u00e9s \u00e0 distance, qui ne voudront ou ne pourront se d\u00e9placer, le salon sera aussi accessible en ligne.<\/p>\n<h2>Salon auto de Munich 2021 : quels acteurs ?<\/h2>\n<p>La reprise est encore timide et de nombreux acteurs automobiles influents ont fait le choix de ne pas \u00eatre pr\u00e9sent pour l&rsquo;\u00e9v\u00e9nement, notamment le groupe Stellantis, qui ne pr\u00e9sentera aucune marque. On apprend \u00e9galement que les constructeurs Seat, Skoda, Lamborghini, Bugatti et Bentley seront absents du tableau. En revanche, la marque fran\u00e7aise <strong><a href=\"https:\/\/www.autojm.fr\/mandataire-voitures-neuves-renault?part=blog&amp;utm_source=articleblog180821&amp;utm_medium=blog\">Renault<\/a><\/strong> profitera de cette occasion, tout comme Hyundai et <strong><a href=\"https:\/\/www.autojm.fr\/mandataire-voitures-neuves-toyota?part=blog&amp;utm_source=articleblog180821&amp;utm_medium=blog\">Toyota<\/a><\/strong>, pour faire parler d&rsquo;elle. Rendez-vous le 7 septembre pour d\u00e9couvrir toutes les marques pr\u00e9sentes pour cette \u00e9dition.<\/p>\n<h2>Le Mondial de Paris 2022 fait d\u00e9j\u00e0 parler de lui<\/h2>\n<p>Il faudra \u00eatre encore patient pour avoir toutes les informations du Mondial de l&rsquo;automobile 2022, mais quelques informations ont d\u00e9j\u00e0 \u00e9t\u00e9 d\u00e9voil\u00e9es. L&rsquo;\u00e9dition 2022 r\u00e9unira pour la premi\u00e8re fois le Mondial et le salon Equip Auto, pour un programme plus complet. Sous le nom de Paris Automotive Week, l&rsquo;\u00e9v\u00e9nement se d\u00e9roulera du 17 au 22 octobre (ou jusqu&rsquo;au 23 octobre pour la partie du Mondial de l&rsquo;automobile). Les organisateurs ont d\u00e9j\u00e0 laiss\u00e9 entendre que l&rsquo;\u00e9v\u00e9nement sera \u201cl&rsquo;occasion pour la fili\u00e8re automobile de partager avec les Fran\u00e7ais, journalistes et visiteurs du monde entier, sa vision d&rsquo;avenir de l&rsquo;automobile et de la mobilit\u00e9. Il constituera une premi\u00e8re dans le monde r\u00e9unissant professionnels et grand public.\u201d<\/p>\n<h2>Avant Paris, rendez-vous au salon de Gen\u00e8ve<\/h2>\n<p>Si la situation se stabilise, le salon de Gen\u00e8ve devrait avoir lieu pour sa 91\u00e8me \u00e9dition, du 19 au 27 f\u00e9vrier 2022. Les mesures mises en place seront annonc\u00e9es \u00e0 l&rsquo;approche de l&rsquo;\u00e9v\u00e9nement, mais les constructeurs automobiles peuvent d\u00e9j\u00e0 s&rsquo;inscrire.<\/p>\n<h2>Salons auto : que vont-ils devenir ?<\/h2>\n<p>Les chiffres n&rsquo;\u00e9chappent \u00e0 personne, et encore moins aux acteurs de ces rendez-vous : les salons de l&rsquo;automobile s\u00e9duisent de moins en moins et co\u00fbtent de plus en plus cher. Les visiteurs reprochent l&rsquo;absence de goodies, autrefois in\u00e9vitables dans ces \u00e9v\u00e9nements, mais \u00e9galement le fait de ne plus pouvoir approcher les mod\u00e8les de luxe ou encore l&rsquo;absence de surprise caus\u00e9e par la r\u00e9v\u00e9lation des mod\u00e8les pr\u00e9sents dans les journaux avant l&rsquo;ouverture au public. Et avec la crise sanitaire actuelle qui contraint les organisateurs \u00e0 limiter le nombre de visiteurs, pas s\u00fbr que les salons aient encore du succ\u00e8s. Pour essayer toutefois d&rsquo;attirer encore les plus passionn\u00e9s pour survivre, les salons automobiles se renouvellent et de nouveaux acteurs pourraient faire leur entr\u00e9e comme les services de financement, devenus populaires avec le d\u00e9veloppement du leasing.<\/p>\n<p><iframe loading=\"lazy\" title=\"YouTube video player\" src=\"https:\/\/www.youtube.com\/embed\/8Htf2V_aP6k\" width=\"100%\" height=\"315\" allowfullscreen=\"allowfullscreen\"><\/iframe><\/p>\n","protected":false},"excerpt":{"rendered":"<p>Avec la crise sanitaire, les salons automobiles ont \u00e9t\u00e9 annul\u00e9s les uns apr\u00e8s les autres au d\u00e9but de l&rsquo;ann\u00e9e 2020. Si les conditions d&rsquo;ouverture restent encore strictes, certains \u00e9v\u00e9nements ont \u00e9t\u00e9 et seront reconduits cette ann\u00e9e pour offrir un peu de gaiet\u00e9 \u00e0 tous les fans d&rsquo;automobiles.<\/p>\n","protected":false},"author":1,"featured_media":5972,"comment_status":"open","ping_status":"open","sticky":false,"template":"","format":"standard","meta":{"_acf_changed":false,"content-type":"","footnotes":""},"categories":[5],"tags":[90,79,74,105,110,109,106,108,107,73,78,96],"class_list":["post-3914","post","type-post","status-publish","format-standard","has-post-thumbnail","hentry","category-actualite-automobile","tag-autojm","tag-citroen","tag-dacia","tag-ds","tag-fiat","tag-ford","tag-kia","tag-nissan","tag-opel","tag-peugeot","tag-renault","tag-volkswagen"],"acf":[],"yoast_head":"<!-- This site is optimized with the Yoast SEO plugin v27.5 - https:\/\/yoast.com\/product\/yoast-seo-wordpress\/ -->\n<title>Salons auto : quels sont les prochains \u00e9v\u00e9nements ? - AutoJM Mag<\/title>\n<meta name=\"description\" content=\"Avec la crise sanitaire, les salons automobiles ont \u00e9t\u00e9 annul\u00e9s les uns apr\u00e8s les autres au d\u00e9but de l&#039;ann\u00e9e 2020.\" \/>\n<meta name=\"robots\" content=\"index, follow, max-snippet:-1, max-image-preview:large, max-video-preview:-1\" \/>\n<link rel=\"canonical\" href=\"https:\/\/www.autojm.fr\/blog\/salons-auto-quels-sont-les-prochains-evenements\/\" \/>\n<meta property=\"og:locale\" content=\"fr_FR\" \/>\n<meta property=\"og:type\" content=\"article\" \/>\n<meta property=\"og:title\" content=\"Salons auto : quels sont les prochains \u00e9v\u00e9nements ? - AutoJM Mag\" \/>\n<meta property=\"og:description\" content=\"Avec la crise sanitaire, les salons automobiles ont \u00e9t\u00e9 annul\u00e9s les uns apr\u00e8s les autres au d\u00e9but de l&#039;ann\u00e9e 2020.\" \/>\n<meta property=\"og:url\" content=\"https:\/\/www.autojm.fr\/blog\/salons-auto-quels-sont-les-prochains-evenements\/\" \/>\n<meta property=\"og:site_name\" content=\"AutoJM Mag\" \/>\n<meta property=\"article:publisher\" content=\"https:\/\/www.facebook.com\/AutoJM25\" \/>\n<meta property=\"article:published_time\" content=\"2021-08-18T00:00:00+00:00\" \/>\n<meta property=\"article:modified_time\" content=\"2023-04-19T11:54:01+00:00\" \/>\n<meta property=\"og:image\" content=\"https:\/\/www.autojm.fr\/blog\/wp-content\/uploads\/2022\/10\/644.jpg\" \/>\n\t<meta property=\"og:image:width\" content=\"1024\" \/>\n\t<meta property=\"og:image:height\" content=\"465\" \/>\n\t<meta property=\"og:image:type\" content=\"image\/jpeg\" \/>\n<meta name=\"author\" content=\"Autojm\" \/>\n<meta name=\"twitter:card\" content=\"summary_large_image\" \/>\n<meta name=\"twitter:label1\" content=\"\u00c9crit par\" \/>\n\t<meta name=\"twitter:data1\" content=\"Autojm\" \/>\n\t<meta name=\"twitter:label2\" content=\"Dur\u00e9e de lecture estim\u00e9e\" \/>\n\t<meta name=\"twitter:data2\" content=\"4 minutes\" \/>\n<script type=\"application\/ld+json\" class=\"yoast-schema-graph\">{\"@context\":\"https:\\\/\\\/schema.org\",\"@graph\":[{\"@type\":\"Article\",\"@id\":\"https:\\\/\\\/www.autojm.fr\\\/blog\\\/salons-auto-quels-sont-les-prochains-evenements\\\/#article\",\"isPartOf\":{\"@id\":\"https:\\\/\\\/www.autojm.fr\\\/blog\\\/salons-auto-quels-sont-les-prochains-evenements\\\/\"},\"author\":{\"name\":\"Autojm\",\"@id\":\"https:\\\/\\\/www.autojm.fr\\\/blog\\\/#\\\/schema\\\/person\\\/9742bc77541853e0de81fc57f947e1a0\"},\"headline\":\"Salons auto : quels sont les prochains \u00e9v\u00e9nements ?\",\"datePublished\":\"2021-08-18T00:00:00+00:00\",\"dateModified\":\"2023-04-19T11:54:01+00:00\",\"mainEntityOfPage\":{\"@id\":\"https:\\\/\\\/www.autojm.fr\\\/blog\\\/salons-auto-quels-sont-les-prochains-evenements\\\/\"},\"wordCount\":710,\"commentCount\":0,\"publisher\":{\"@id\":\"https:\\\/\\\/www.autojm.fr\\\/blog\\\/#organization\"},\"image\":{\"@id\":\"https:\\\/\\\/www.autojm.fr\\\/blog\\\/salons-auto-quels-sont-les-prochains-evenements\\\/#primaryimage\"},\"thumbnailUrl\":\"https:\\\/\\\/www.autojm.fr\\\/blog\\\/wp-content\\\/uploads\\\/2022\\\/10\\\/644.jpg\",\"keywords\":[\"autojm\",\"citroen\",\"dacia\",\"DS\",\"Fiat\",\"Ford\",\"Kia\",\"Nissan\",\"Opel\",\"peugeot\",\"renault\",\"Volkswagen\"],\"articleSection\":[\"Actualit\u00e9 Automobile\"],\"inLanguage\":\"fr-FR\",\"potentialAction\":[{\"@type\":\"CommentAction\",\"name\":\"Comment\",\"target\":[\"https:\\\/\\\/www.autojm.fr\\\/blog\\\/salons-auto-quels-sont-les-prochains-evenements\\\/#respond\"]}]},{\"@type\":\"WebPage\",\"@id\":\"https:\\\/\\\/www.autojm.fr\\\/blog\\\/salons-auto-quels-sont-les-prochains-evenements\\\/\",\"url\":\"https:\\\/\\\/www.autojm.fr\\\/blog\\\/salons-auto-quels-sont-les-prochains-evenements\\\/\",\"name\":\"Salons auto : quels sont les prochains \u00e9v\u00e9nements ? - AutoJM Mag\",\"isPartOf\":{\"@id\":\"https:\\\/\\\/www.autojm.fr\\\/blog\\\/#website\"},\"primaryImageOfPage\":{\"@id\":\"https:\\\/\\\/www.autojm.fr\\\/blog\\\/salons-auto-quels-sont-les-prochains-evenements\\\/#primaryimage\"},\"image\":{\"@id\":\"https:\\\/\\\/www.autojm.fr\\\/blog\\\/salons-auto-quels-sont-les-prochains-evenements\\\/#primaryimage\"},\"thumbnailUrl\":\"https:\\\/\\\/www.autojm.fr\\\/blog\\\/wp-content\\\/uploads\\\/2022\\\/10\\\/644.jpg\",\"datePublished\":\"2021-08-18T00:00:00+00:00\",\"dateModified\":\"2023-04-19T11:54:01+00:00\",\"description\":\"Avec la crise sanitaire, les salons automobiles ont \u00e9t\u00e9 annul\u00e9s les uns apr\u00e8s les autres au d\u00e9but de l'ann\u00e9e 2020.\",\"breadcrumb\":{\"@id\":\"https:\\\/\\\/www.autojm.fr\\\/blog\\\/salons-auto-quels-sont-les-prochains-evenements\\\/#breadcrumb\"},\"inLanguage\":\"fr-FR\",\"potentialAction\":[{\"@type\":\"ReadAction\",\"target\":[\"https:\\\/\\\/www.autojm.fr\\\/blog\\\/salons-auto-quels-sont-les-prochains-evenements\\\/\"]}]},{\"@type\":\"ImageObject\",\"inLanguage\":\"fr-FR\",\"@id\":\"https:\\\/\\\/www.autojm.fr\\\/blog\\\/salons-auto-quels-sont-les-prochains-evenements\\\/#primaryimage\",\"url\":\"https:\\\/\\\/www.autojm.fr\\\/blog\\\/wp-content\\\/uploads\\\/2022\\\/10\\\/644.jpg\",\"contentUrl\":\"https:\\\/\\\/www.autojm.fr\\\/blog\\\/wp-content\\\/uploads\\\/2022\\\/10\\\/644.jpg\",\"width\":1024,\"height\":465,\"caption\":\"Salons auto\"},{\"@type\":\"BreadcrumbList\",\"@id\":\"https:\\\/\\\/www.autojm.fr\\\/blog\\\/salons-auto-quels-sont-les-prochains-evenements\\\/#breadcrumb\",\"itemListElement\":[{\"@type\":\"ListItem\",\"position\":1,\"name\":\"Accueil\",\"item\":\"https:\\\/\\\/www.autojm.fr\\\/blog\\\/\"},{\"@type\":\"ListItem\",\"position\":2,\"name\":\"Actualit\u00e9 Automobile\",\"item\":\"https:\\\/\\\/www.autojm.fr\\\/blog\\\/actualite-automobile\\\/\"},{\"@type\":\"ListItem\",\"position\":3,\"name\":\"Salons auto : quels sont les prochains \u00e9v\u00e9nements ?\"}]},{\"@type\":\"WebSite\",\"@id\":\"https:\\\/\\\/www.autojm.fr\\\/blog\\\/#website\",\"url\":\"https:\\\/\\\/www.autojm.fr\\\/blog\\\/\",\"name\":\"AutoJM Mag\",\"description\":\"Toute l&#039;actu auto en 1 clic !\",\"publisher\":{\"@id\":\"https:\\\/\\\/www.autojm.fr\\\/blog\\\/#organization\"},\"potentialAction\":[{\"@type\":\"SearchAction\",\"target\":{\"@type\":\"EntryPoint\",\"urlTemplate\":\"https:\\\/\\\/www.autojm.fr\\\/blog\\\/?s={search_term_string}\"},\"query-input\":{\"@type\":\"PropertyValueSpecification\",\"valueRequired\":true,\"valueName\":\"search_term_string\"}}],\"inLanguage\":\"fr-FR\"},{\"@type\":\"Organization\",\"@id\":\"https:\\\/\\\/www.autojm.fr\\\/blog\\\/#organization\",\"name\":\"AutoJM Mag\",\"url\":\"https:\\\/\\\/www.autojm.fr\\\/blog\\\/\",\"logo\":{\"@type\":\"ImageObject\",\"inLanguage\":\"fr-FR\",\"@id\":\"https:\\\/\\\/www.autojm.fr\\\/blog\\\/#\\\/schema\\\/logo\\\/image\\\/\",\"url\":\"https:\\\/\\\/www.autojm.fr\\\/blog\\\/wp-content\\\/uploads\\\/2022\\\/12\\\/cropped-AutoJMag-png.png\",\"contentUrl\":\"https:\\\/\\\/www.autojm.fr\\\/blog\\\/wp-content\\\/uploads\\\/2022\\\/12\\\/cropped-AutoJMag-png.png\",\"width\":2834,\"height\":585,\"caption\":\"AutoJM Mag\"},\"image\":{\"@id\":\"https:\\\/\\\/www.autojm.fr\\\/blog\\\/#\\\/schema\\\/logo\\\/image\\\/\"},\"sameAs\":[\"https:\\\/\\\/www.facebook.com\\\/AutoJM25\"]},{\"@type\":\"Person\",\"@id\":\"https:\\\/\\\/www.autojm.fr\\\/blog\\\/#\\\/schema\\\/person\\\/9742bc77541853e0de81fc57f947e1a0\",\"name\":\"Autojm\",\"image\":{\"@type\":\"ImageObject\",\"inLanguage\":\"fr-FR\",\"@id\":\"https:\\\/\\\/secure.gravatar.com\\\/avatar\\\/9a959d52b758fcc232fe4b6aca7bab139182573297122cce7d6f2ee0e537b418?s=96&d=mm&r=g\",\"url\":\"https:\\\/\\\/secure.gravatar.com\\\/avatar\\\/9a959d52b758fcc232fe4b6aca7bab139182573297122cce7d6f2ee0e537b418?s=96&d=mm&r=g\",\"contentUrl\":\"https:\\\/\\\/secure.gravatar.com\\\/avatar\\\/9a959d52b758fcc232fe4b6aca7bab139182573297122cce7d6f2ee0e537b418?s=96&d=mm&r=g\",\"caption\":\"Autojm\"},\"sameAs\":[\"https:\\\/\\\/www.autojm.fr\\\/blog\"],\"url\":\"https:\\\/\\\/www.autojm.fr\\\/blog\\\/author\\\/bichoi\\\/\"}]}<\/script>\n<!-- \/ Yoast SEO plugin. -->","yoast_head_json":{"title":"Salons auto : quels sont les prochains \u00e9v\u00e9nements ? - AutoJM Mag","description":"Avec la crise sanitaire, les salons automobiles ont \u00e9t\u00e9 annul\u00e9s les uns apr\u00e8s les autres au d\u00e9but de l'ann\u00e9e 2020.","robots":{"index":"index","follow":"follow","max-snippet":"max-snippet:-1","max-image-preview":"max-image-preview:large","max-video-preview":"max-video-preview:-1"},"canonical":"https:\/\/www.autojm.fr\/blog\/salons-auto-quels-sont-les-prochains-evenements\/","og_locale":"fr_FR","og_type":"article","og_title":"Salons auto : quels sont les prochains \u00e9v\u00e9nements ? - AutoJM Mag","og_description":"Avec la crise sanitaire, les salons automobiles ont \u00e9t\u00e9 annul\u00e9s les uns apr\u00e8s les autres au d\u00e9but de l'ann\u00e9e 2020.","og_url":"https:\/\/www.autojm.fr\/blog\/salons-auto-quels-sont-les-prochains-evenements\/","og_site_name":"AutoJM Mag","article_publisher":"https:\/\/www.facebook.com\/AutoJM25","article_published_time":"2021-08-18T00:00:00+00:00","article_modified_time":"2023-04-19T11:54:01+00:00","og_image":[{"width":1024,"height":465,"url":"https:\/\/www.autojm.fr\/blog\/wp-content\/uploads\/2022\/10\/644.jpg","type":"image\/jpeg"}],"author":"Autojm","twitter_card":"summary_large_image","twitter_misc":{"\u00c9crit par":"Autojm","Dur\u00e9e de lecture estim\u00e9e":"4 minutes"},"schema":{"@context":"https:\/\/schema.org","@graph":[{"@type":"Article","@id":"https:\/\/www.autojm.fr\/blog\/salons-auto-quels-sont-les-prochains-evenements\/#article","isPartOf":{"@id":"https:\/\/www.autojm.fr\/blog\/salons-auto-quels-sont-les-prochains-evenements\/"},"author":{"name":"Autojm","@id":"https:\/\/www.autojm.fr\/blog\/#\/schema\/person\/9742bc77541853e0de81fc57f947e1a0"},"headline":"Salons auto : quels sont les prochains \u00e9v\u00e9nements ?","datePublished":"2021-08-18T00:00:00+00:00","dateModified":"2023-04-19T11:54:01+00:00","mainEntityOfPage":{"@id":"https:\/\/www.autojm.fr\/blog\/salons-auto-quels-sont-les-prochains-evenements\/"},"wordCount":710,"commentCount":0,"publisher":{"@id":"https:\/\/www.autojm.fr\/blog\/#organization"},"image":{"@id":"https:\/\/www.autojm.fr\/blog\/salons-auto-quels-sont-les-prochains-evenements\/#primaryimage"},"thumbnailUrl":"https:\/\/www.autojm.fr\/blog\/wp-content\/uploads\/2022\/10\/644.jpg","keywords":["autojm","citroen","dacia","DS","Fiat","Ford","Kia","Nissan","Opel","peugeot","renault","Volkswagen"],"articleSection":["Actualit\u00e9 Automobile"],"inLanguage":"fr-FR","potentialAction":[{"@type":"CommentAction","name":"Comment","target":["https:\/\/www.autojm.fr\/blog\/salons-auto-quels-sont-les-prochains-evenements\/#respond"]}]},{"@type":"WebPage","@id":"https:\/\/www.autojm.fr\/blog\/salons-auto-quels-sont-les-prochains-evenements\/","url":"https:\/\/www.autojm.fr\/blog\/salons-auto-quels-sont-les-prochains-evenements\/","name":"Salons auto : quels sont les prochains \u00e9v\u00e9nements ? - AutoJM Mag","isPartOf":{"@id":"https:\/\/www.autojm.fr\/blog\/#website"},"primaryImageOfPage":{"@id":"https:\/\/www.autojm.fr\/blog\/salons-auto-quels-sont-les-prochains-evenements\/#primaryimage"},"image":{"@id":"https:\/\/www.autojm.fr\/blog\/salons-auto-quels-sont-les-prochains-evenements\/#primaryimage"},"thumbnailUrl":"https:\/\/www.autojm.fr\/blog\/wp-content\/uploads\/2022\/10\/644.jpg","datePublished":"2021-08-18T00:00:00+00:00","dateModified":"2023-04-19T11:54:01+00:00","description":"Avec la crise sanitaire, les salons automobiles ont \u00e9t\u00e9 annul\u00e9s les uns apr\u00e8s les autres au d\u00e9but de l'ann\u00e9e 2020.","breadcrumb":{"@id":"https:\/\/www.autojm.fr\/blog\/salons-auto-quels-sont-les-prochains-evenements\/#breadcrumb"},"inLanguage":"fr-FR","potentialAction":[{"@type":"ReadAction","target":["https:\/\/www.autojm.fr\/blog\/salons-auto-quels-sont-les-prochains-evenements\/"]}]},{"@type":"ImageObject","inLanguage":"fr-FR","@id":"https:\/\/www.autojm.fr\/blog\/salons-auto-quels-sont-les-prochains-evenements\/#primaryimage","url":"https:\/\/www.autojm.fr\/blog\/wp-content\/uploads\/2022\/10\/644.jpg","contentUrl":"https:\/\/www.autojm.fr\/blog\/wp-content\/uploads\/2022\/10\/644.jpg","width":1024,"height":465,"caption":"Salons auto"},{"@type":"BreadcrumbList","@id":"https:\/\/www.autojm.fr\/blog\/salons-auto-quels-sont-les-prochains-evenements\/#breadcrumb","itemListElement":[{"@type":"ListItem","position":1,"name":"Accueil","item":"https:\/\/www.autojm.fr\/blog\/"},{"@type":"ListItem","position":2,"name":"Actualit\u00e9 Automobile","item":"https:\/\/www.autojm.fr\/blog\/actualite-automobile\/"},{"@type":"ListItem","position":3,"name":"Salons auto : quels sont les prochains \u00e9v\u00e9nements ?"}]},{"@type":"WebSite","@id":"https:\/\/www.autojm.fr\/blog\/#website","url":"https:\/\/www.autojm.fr\/blog\/","name":"AutoJM Mag","description":"Toute l&#039;actu auto en 1 clic !","publisher":{"@id":"https:\/\/www.autojm.fr\/blog\/#organization"},"potentialAction":[{"@type":"SearchAction","target":{"@type":"EntryPoint","urlTemplate":"https:\/\/www.autojm.fr\/blog\/?s={search_term_string}"},"query-input":{"@type":"PropertyValueSpecification","valueRequired":true,"valueName":"search_term_string"}}],"inLanguage":"fr-FR"},{"@type":"Organization","@id":"https:\/\/www.autojm.fr\/blog\/#organization","name":"AutoJM Mag","url":"https:\/\/www.autojm.fr\/blog\/","logo":{"@type":"ImageObject","inLanguage":"fr-FR","@id":"https:\/\/www.autojm.fr\/blog\/#\/schema\/logo\/image\/","url":"https:\/\/www.autojm.fr\/blog\/wp-content\/uploads\/2022\/12\/cropped-AutoJMag-png.png","contentUrl":"https:\/\/www.autojm.fr\/blog\/wp-content\/uploads\/2022\/12\/cropped-AutoJMag-png.png","width":2834,"height":585,"caption":"AutoJM Mag"},"image":{"@id":"https:\/\/www.autojm.fr\/blog\/#\/schema\/logo\/image\/"},"sameAs":["https:\/\/www.facebook.com\/AutoJM25"]},{"@type":"Person","@id":"https:\/\/www.autojm.fr\/blog\/#\/schema\/person\/9742bc77541853e0de81fc57f947e1a0","name":"Autojm","image":{"@type":"ImageObject","inLanguage":"fr-FR","@id":"https:\/\/secure.gravatar.com\/avatar\/9a959d52b758fcc232fe4b6aca7bab139182573297122cce7d6f2ee0e537b418?s=96&d=mm&r=g","url":"https:\/\/secure.gravatar.com\/avatar\/9a959d52b758fcc232fe4b6aca7bab139182573297122cce7d6f2ee0e537b418?s=96&d=mm&r=g","contentUrl":"https:\/\/secure.gravatar.com\/avatar\/9a959d52b758fcc232fe4b6aca7bab139182573297122cce7d6f2ee0e537b418?s=96&d=mm&r=g","caption":"Autojm"},"sameAs":["https:\/\/www.autojm.fr\/blog"],"url":"https:\/\/www.autojm.fr\/blog\/author\/bichoi\/"}]}},"_links":{"self":[{"href":"https:\/\/www.autojm.fr\/blog\/wp-json\/wp\/v2\/posts\/3914","targetHints":{"allow":["GET"]}}],"collection":[{"href":"https:\/\/www.autojm.fr\/blog\/wp-json\/wp\/v2\/posts"}],"about":[{"href":"https:\/\/www.autojm.fr\/blog\/wp-json\/wp\/v2\/types\/post"}],"author":[{"embeddable":true,"href":"https:\/\/www.autojm.fr\/blog\/wp-json\/wp\/v2\/users\/1"}],"replies":[{"embeddable":true,"href":"https:\/\/www.autojm.fr\/blog\/wp-json\/wp\/v2\/comments?post=3914"}],"version-history":[{"count":6,"href":"https:\/\/www.autojm.fr\/blog\/wp-json\/wp\/v2\/posts\/3914\/revisions"}],"predecessor-version":[{"id":9513,"href":"https:\/\/www.autojm.fr\/blog\/wp-json\/wp\/v2\/posts\/3914\/revisions\/9513"}],"wp:featuredmedia":[{"embeddable":true,"href":"https:\/\/www.autojm.fr\/blog\/wp-json\/wp\/v2\/media\/5972"}],"wp:attachment":[{"href":"https:\/\/www.autojm.fr\/blog\/wp-json\/wp\/v2\/media?parent=3914"}],"wp:term":[{"taxonomy":"category","embeddable":true,"href":"https:\/\/www.autojm.fr\/blog\/wp-json\/wp\/v2\/categories?post=3914"},{"taxonomy":"post_tag","embeddable":true,"href":"https:\/\/www.autojm.fr\/blog\/wp-json\/wp\/v2\/tags?post=3914"}],"curies":[{"name":"wp","href":"https:\/\/api.w.org\/{rel}","templated":true}]}}