{"id":3913,"date":"2021-08-04T00:00:00","date_gmt":"2021-08-04T00:00:00","guid":{"rendered":"https:\/\/www.autojm.fr\/blog\/route-des-vacances-questions-et-infos-utiles\/"},"modified":"2023-04-19T06:36:44","modified_gmt":"2023-04-19T06:36:44","slug":"route-des-vacances-questions-et-infos-utiles","status":"publish","type":"post","link":"https:\/\/www.autojm.fr\/blog\/route-des-vacances-questions-et-infos-utiles\/","title":{"rendered":"Route des vacances : questions et infos utiles"},"content":{"rendered":"<p>Vous avez pris ou allez prendre prochainement la route des vacances, et vous avez peut-\u00eatre des questions sans r\u00e9ponses ou des informations que vous ne connaissez pas mais qui vous int\u00e9ressent. Bref, dans cet article, on aborde la route des vacances, avec des informations utiles et insolites. Commentez si vous avez des anecdotes de vacances \u00e0 partager !<\/p>\n<h2>Comment \u00e9viter les probl\u00e8mes avec la climatisation ?<\/h2>\n<p>C&rsquo;est un incontournable des mod\u00e8les neufs actuels, et beaucoup d&rsquo;anciennes <strong><a href=\"https:\/\/www.autojm.fr\/?part=blog&amp;utm_source=articleblog040821&amp;utm_medium=blog\">voitures<\/a><\/strong> en \u00e9taient d\u00e9j\u00e0 \u00e9quip\u00e9es. La climatisation n&rsquo;est jamais autant utilis\u00e9e que sur les longs trajets de vacances o\u00f9 le soleil bat son plein et r\u00e9chauffe l&rsquo;habitacle rapidement et sans limite. Pour \u00eatre s\u00fbr de ne pas perdre la climatisation en cours de route, pensez \u00e0 la recharger avant votre d\u00e9part, moyennant quelques dizaines d&rsquo;euros dans un garage automobile. En cas de probl\u00e8me avec la climatisation, rendez-vous chez un professionnel. Il faudra compter entre 150 et 200\u20ac pour le remplacement d&rsquo;un condenseur, et jusqu&rsquo;\u00e0 500\u20ac pour le remplacement d&rsquo;un compresseur de gaz.<\/p>\n<p><iframe loading=\"lazy\" title=\"YouTube video player\" src=\"https:\/\/www.youtube.com\/embed\/kpoK3rlgdsQ\" width=\"100%\" height=\"315\" allowfullscreen=\"allowfullscreen\"><\/iframe><\/p>\n<h2>Que co\u00fbte un d\u00e9pannage sur l&rsquo;autoroute ?<\/h2>\n<p>Depuis le 30 juillet 2020, les d\u00e9pannages sur autoroute et voie express ont augment\u00e9 de 0,6%. Le forfait est de 132,70\u20ac (v\u00e9hicules de moins de 3,5 tonnes) pour un d\u00e9pannage du lundi au vendredi entre 8h et 18h. Pour un d\u00e9pannage de nuit, le week-end ou en jour f\u00e9ri\u00e9, il faudra d\u00e9bourser 50% de plus, soit 199,05\u20ac (selon largus.fr). Le forfait major\u00e9, appliqu\u00e9 en cas de remorquage d&rsquo;un v\u00e9hicule dont le PTAC est compris entre 1,8 et 3,5 tonnes est de 164,09\u20ac. Comptez \u00e9galement 50% de plus pour des horaires d\u00e9cal\u00e9es.<\/p>\n<h2>Pourquoi les prix des produits sur les aires d&rsquo;autoroute sont jusqu&rsquo;\u00e0 20% plus cher ?<\/h2>\n<p>L&rsquo;explication est pourtant simple, il faut compenser les co\u00fbts qui n&rsquo;existent pas dans les magasins situ\u00e9s en ville : les employ\u00e9s qui travaillent de nuit, le personnel d\u00e9di\u00e9 \u00e0 l&rsquo;entretien des aires d&rsquo;autoroute, le co\u00fbt du transport pour livrer les produits dans ces zones hors de la ville, sans compter l&rsquo;\u00e9lectricit\u00e9 de ces \u00e9tablissements, l&rsquo;eau (les toilettes sont utilis\u00e9s en permanence)&#8230; etc.<\/p>\n<h2>Quelle est la vitesse moyenne des automobilistes sur routes express et autoroutes ?<\/h2>\n<p>Caradisiac et TomTom ont men\u00e9 conjointement une \u00e9tude portant sur la vitesse observ\u00e9e entre le 1er janvier et le 1er mai 2021 sur 12 tron\u00e7ons d&rsquo;autoroutes tr\u00e8s fr\u00e9quent\u00e9s et 22 tron\u00e7ons de routes sans ronds-points ni zones industrielles.<\/p>\n<p>Sur autoroute, la vitesse moyenne observ\u00e9e est proche des 120 km\/h, \u00e0 mi-chemin entre la limitation \u00e0 130 km\/h et les plus prudents qui maintiennent le cap des 110 km\/h. Seulement 5% des automobilistes d\u00e9passent les 130 km\/h.<\/p>\n<p>Sur les portions de routes type d\u00e9partementale, la vitesse moyenne est plut\u00f4t \u00e0 81,8 km\/h. Les automobilistes fran\u00e7ais ont donc plut\u00f4t tendance \u00e0 \u00eatre prudents et raisonnables.<\/p>\n<h2>Comment se forme un embouteillage ?<\/h2>\n<p>Aussi appel\u00e9 effet \u201cchenille\u201d ou \u201caccord\u00e9on\u201d, le ralentissement se produit par un simple \u00e9v\u00e9nement comme un changement de file, qui oblige le premier v\u00e9hicule suiveur \u00e0 ralentir, ce qui fait ralentir un deuxi\u00e8me v\u00e9hicule, et ainsi de suite. Avec l&rsquo;effet de cha\u00eene, les v\u00e9hicules ralentissent un \u00e0 un et font diminuer la vitesse au fur et \u00e0 mesure. Il faut que les premiers v\u00e9hicules ralentis reprennent une vitesse classique pour sortir petit \u00e0 petit de l&#8217;embouteillage. L&rsquo;\u00e9t\u00e9, il y a plus d&rsquo;automobilistes sur les autoroutes, ce qui favorise la hausse des embouteillages.<\/p>\n","protected":false},"excerpt":{"rendered":"<p>Vous avez pris ou allez prendre prochainement la route des vacances, et vous avez peut-\u00eatre des questions sans r\u00e9ponses ou des informations que vous ne connaissez pas mais qui vous int\u00e9ressent. Bref, dans cet article, on aborde la route des vacances, avec des informations utiles et insolites.<\/p>\n","protected":false},"author":1,"featured_media":5971,"comment_status":"open","ping_status":"open","sticky":false,"template":"","format":"standard","meta":{"_acf_changed":false,"content-type":"","footnotes":""},"categories":[22],"tags":[90,85,74,105,110,109,106,108,107,73,78,96],"class_list":["post-3913","post","type-post","status-publish","format-standard","has-post-thumbnail","hentry","category-conseils-astuces","tag-autojm","tag-citroen-2","tag-dacia","tag-ds","tag-fiat","tag-ford","tag-kia","tag-nissan","tag-opel","tag-peugeot","tag-renault","tag-volkswagen"],"acf":[],"yoast_head":"<!-- This site is optimized with the Yoast SEO plugin v27.5 - https:\/\/yoast.com\/product\/yoast-seo-wordpress\/ -->\n<title>Route des vacances : questions et infos utiles - AutoJM Mag<\/title>\n<meta name=\"description\" content=\"Vous avez pris ou allez prendre prochainement la route des vacances et vous avez peut-\u00eatre des questions sans r\u00e9ponses ou des...\" \/>\n<meta name=\"robots\" content=\"index, follow, max-snippet:-1, max-image-preview:large, max-video-preview:-1\" \/>\n<link rel=\"canonical\" href=\"https:\/\/www.autojm.fr\/blog\/route-des-vacances-questions-et-infos-utiles\/\" \/>\n<meta property=\"og:locale\" content=\"fr_FR\" \/>\n<meta property=\"og:type\" content=\"article\" \/>\n<meta property=\"og:title\" content=\"Route des vacances : questions et infos utiles - AutoJM Mag\" \/>\n<meta property=\"og:description\" content=\"Vous avez pris ou allez prendre prochainement la route des vacances et vous avez peut-\u00eatre des questions sans r\u00e9ponses ou des...\" \/>\n<meta property=\"og:url\" content=\"https:\/\/www.autojm.fr\/blog\/route-des-vacances-questions-et-infos-utiles\/\" \/>\n<meta property=\"og:site_name\" content=\"AutoJM Mag\" \/>\n<meta property=\"article:publisher\" content=\"https:\/\/www.facebook.com\/AutoJM25\" \/>\n<meta property=\"article:published_time\" content=\"2021-08-04T00:00:00+00:00\" \/>\n<meta property=\"article:modified_time\" content=\"2023-04-19T06:36:44+00:00\" \/>\n<meta property=\"og:image\" content=\"https:\/\/www.autojm.fr\/blog\/wp-content\/uploads\/2022\/10\/643.jpg\" \/>\n\t<meta property=\"og:image:width\" content=\"1024\" \/>\n\t<meta property=\"og:image:height\" content=\"465\" \/>\n\t<meta property=\"og:image:type\" content=\"image\/jpeg\" \/>\n<meta name=\"author\" content=\"Autojm\" \/>\n<meta name=\"twitter:card\" content=\"summary_large_image\" \/>\n<meta name=\"twitter:label1\" content=\"\u00c9crit par\" \/>\n\t<meta name=\"twitter:data1\" content=\"Autojm\" \/>\n\t<meta name=\"twitter:label2\" content=\"Dur\u00e9e de lecture estim\u00e9e\" \/>\n\t<meta name=\"twitter:data2\" content=\"3 minutes\" \/>\n<script type=\"application\/ld+json\" class=\"yoast-schema-graph\">{\"@context\":\"https:\\\/\\\/schema.org\",\"@graph\":[{\"@type\":\"Article\",\"@id\":\"https:\\\/\\\/www.autojm.fr\\\/blog\\\/route-des-vacances-questions-et-infos-utiles\\\/#article\",\"isPartOf\":{\"@id\":\"https:\\\/\\\/www.autojm.fr\\\/blog\\\/route-des-vacances-questions-et-infos-utiles\\\/\"},\"author\":{\"name\":\"Autojm\",\"@id\":\"https:\\\/\\\/www.autojm.fr\\\/blog\\\/#\\\/schema\\\/person\\\/9742bc77541853e0de81fc57f947e1a0\"},\"headline\":\"Route des vacances : questions et infos utiles\",\"datePublished\":\"2021-08-04T00:00:00+00:00\",\"dateModified\":\"2023-04-19T06:36:44+00:00\",\"mainEntityOfPage\":{\"@id\":\"https:\\\/\\\/www.autojm.fr\\\/blog\\\/route-des-vacances-questions-et-infos-utiles\\\/\"},\"wordCount\":579,\"commentCount\":0,\"publisher\":{\"@id\":\"https:\\\/\\\/www.autojm.fr\\\/blog\\\/#organization\"},\"image\":{\"@id\":\"https:\\\/\\\/www.autojm.fr\\\/blog\\\/route-des-vacances-questions-et-infos-utiles\\\/#primaryimage\"},\"thumbnailUrl\":\"https:\\\/\\\/www.autojm.fr\\\/blog\\\/wp-content\\\/uploads\\\/2022\\\/10\\\/643.jpg\",\"keywords\":[\"autojm\",\"Citro\u00ebn\",\"dacia\",\"DS\",\"Fiat\",\"Ford\",\"Kia\",\"Nissan\",\"Opel\",\"peugeot\",\"renault\",\"Volkswagen\"],\"articleSection\":[\"Conseils &amp; Astuces\"],\"inLanguage\":\"fr-FR\",\"potentialAction\":[{\"@type\":\"CommentAction\",\"name\":\"Comment\",\"target\":[\"https:\\\/\\\/www.autojm.fr\\\/blog\\\/route-des-vacances-questions-et-infos-utiles\\\/#respond\"]}]},{\"@type\":\"WebPage\",\"@id\":\"https:\\\/\\\/www.autojm.fr\\\/blog\\\/route-des-vacances-questions-et-infos-utiles\\\/\",\"url\":\"https:\\\/\\\/www.autojm.fr\\\/blog\\\/route-des-vacances-questions-et-infos-utiles\\\/\",\"name\":\"Route des vacances : questions et infos utiles - AutoJM Mag\",\"isPartOf\":{\"@id\":\"https:\\\/\\\/www.autojm.fr\\\/blog\\\/#website\"},\"primaryImageOfPage\":{\"@id\":\"https:\\\/\\\/www.autojm.fr\\\/blog\\\/route-des-vacances-questions-et-infos-utiles\\\/#primaryimage\"},\"image\":{\"@id\":\"https:\\\/\\\/www.autojm.fr\\\/blog\\\/route-des-vacances-questions-et-infos-utiles\\\/#primaryimage\"},\"thumbnailUrl\":\"https:\\\/\\\/www.autojm.fr\\\/blog\\\/wp-content\\\/uploads\\\/2022\\\/10\\\/643.jpg\",\"datePublished\":\"2021-08-04T00:00:00+00:00\",\"dateModified\":\"2023-04-19T06:36:44+00:00\",\"description\":\"Vous avez pris ou allez prendre prochainement la route des vacances et vous avez peut-\u00eatre des questions sans r\u00e9ponses ou des...\",\"breadcrumb\":{\"@id\":\"https:\\\/\\\/www.autojm.fr\\\/blog\\\/route-des-vacances-questions-et-infos-utiles\\\/#breadcrumb\"},\"inLanguage\":\"fr-FR\",\"potentialAction\":[{\"@type\":\"ReadAction\",\"target\":[\"https:\\\/\\\/www.autojm.fr\\\/blog\\\/route-des-vacances-questions-et-infos-utiles\\\/\"]}]},{\"@type\":\"ImageObject\",\"inLanguage\":\"fr-FR\",\"@id\":\"https:\\\/\\\/www.autojm.fr\\\/blog\\\/route-des-vacances-questions-et-infos-utiles\\\/#primaryimage\",\"url\":\"https:\\\/\\\/www.autojm.fr\\\/blog\\\/wp-content\\\/uploads\\\/2022\\\/10\\\/643.jpg\",\"contentUrl\":\"https:\\\/\\\/www.autojm.fr\\\/blog\\\/wp-content\\\/uploads\\\/2022\\\/10\\\/643.jpg\",\"width\":1024,\"height\":465,\"caption\":\"Vacances\"},{\"@type\":\"BreadcrumbList\",\"@id\":\"https:\\\/\\\/www.autojm.fr\\\/blog\\\/route-des-vacances-questions-et-infos-utiles\\\/#breadcrumb\",\"itemListElement\":[{\"@type\":\"ListItem\",\"position\":1,\"name\":\"Accueil\",\"item\":\"https:\\\/\\\/www.autojm.fr\\\/blog\\\/\"},{\"@type\":\"ListItem\",\"position\":2,\"name\":\"Conseils &amp; Astuces\",\"item\":\"https:\\\/\\\/www.autojm.fr\\\/blog\\\/conseils-astuces\\\/\"},{\"@type\":\"ListItem\",\"position\":3,\"name\":\"Route des vacances : questions et infos utiles\"}]},{\"@type\":\"WebSite\",\"@id\":\"https:\\\/\\\/www.autojm.fr\\\/blog\\\/#website\",\"url\":\"https:\\\/\\\/www.autojm.fr\\\/blog\\\/\",\"name\":\"AutoJM Mag\",\"description\":\"Toute l&#039;actu auto en 1 clic !\",\"publisher\":{\"@id\":\"https:\\\/\\\/www.autojm.fr\\\/blog\\\/#organization\"},\"potentialAction\":[{\"@type\":\"SearchAction\",\"target\":{\"@type\":\"EntryPoint\",\"urlTemplate\":\"https:\\\/\\\/www.autojm.fr\\\/blog\\\/?s={search_term_string}\"},\"query-input\":{\"@type\":\"PropertyValueSpecification\",\"valueRequired\":true,\"valueName\":\"search_term_string\"}}],\"inLanguage\":\"fr-FR\"},{\"@type\":\"Organization\",\"@id\":\"https:\\\/\\\/www.autojm.fr\\\/blog\\\/#organization\",\"name\":\"AutoJM Mag\",\"url\":\"https:\\\/\\\/www.autojm.fr\\\/blog\\\/\",\"logo\":{\"@type\":\"ImageObject\",\"inLanguage\":\"fr-FR\",\"@id\":\"https:\\\/\\\/www.autojm.fr\\\/blog\\\/#\\\/schema\\\/logo\\\/image\\\/\",\"url\":\"https:\\\/\\\/www.autojm.fr\\\/blog\\\/wp-content\\\/uploads\\\/2022\\\/12\\\/cropped-AutoJMag-png.png\",\"contentUrl\":\"https:\\\/\\\/www.autojm.fr\\\/blog\\\/wp-content\\\/uploads\\\/2022\\\/12\\\/cropped-AutoJMag-png.png\",\"width\":2834,\"height\":585,\"caption\":\"AutoJM Mag\"},\"image\":{\"@id\":\"https:\\\/\\\/www.autojm.fr\\\/blog\\\/#\\\/schema\\\/logo\\\/image\\\/\"},\"sameAs\":[\"https:\\\/\\\/www.facebook.com\\\/AutoJM25\"]},{\"@type\":\"Person\",\"@id\":\"https:\\\/\\\/www.autojm.fr\\\/blog\\\/#\\\/schema\\\/person\\\/9742bc77541853e0de81fc57f947e1a0\",\"name\":\"Autojm\",\"image\":{\"@type\":\"ImageObject\",\"inLanguage\":\"fr-FR\",\"@id\":\"https:\\\/\\\/secure.gravatar.com\\\/avatar\\\/9a959d52b758fcc232fe4b6aca7bab139182573297122cce7d6f2ee0e537b418?s=96&d=mm&r=g\",\"url\":\"https:\\\/\\\/secure.gravatar.com\\\/avatar\\\/9a959d52b758fcc232fe4b6aca7bab139182573297122cce7d6f2ee0e537b418?s=96&d=mm&r=g\",\"contentUrl\":\"https:\\\/\\\/secure.gravatar.com\\\/avatar\\\/9a959d52b758fcc232fe4b6aca7bab139182573297122cce7d6f2ee0e537b418?s=96&d=mm&r=g\",\"caption\":\"Autojm\"},\"sameAs\":[\"https:\\\/\\\/www.autojm.fr\\\/blog\"],\"url\":\"https:\\\/\\\/www.autojm.fr\\\/blog\\\/author\\\/bichoi\\\/\"}]}<\/script>\n<!-- \/ Yoast SEO plugin. -->","yoast_head_json":{"title":"Route des vacances : questions et infos utiles - AutoJM Mag","description":"Vous avez pris ou allez prendre prochainement la route des vacances et vous avez peut-\u00eatre des questions sans r\u00e9ponses ou des...","robots":{"index":"index","follow":"follow","max-snippet":"max-snippet:-1","max-image-preview":"max-image-preview:large","max-video-preview":"max-video-preview:-1"},"canonical":"https:\/\/www.autojm.fr\/blog\/route-des-vacances-questions-et-infos-utiles\/","og_locale":"fr_FR","og_type":"article","og_title":"Route des vacances : questions et infos utiles - AutoJM Mag","og_description":"Vous avez pris ou allez prendre prochainement la route des vacances et vous avez peut-\u00eatre des questions sans r\u00e9ponses ou des...","og_url":"https:\/\/www.autojm.fr\/blog\/route-des-vacances-questions-et-infos-utiles\/","og_site_name":"AutoJM Mag","article_publisher":"https:\/\/www.facebook.com\/AutoJM25","article_published_time":"2021-08-04T00:00:00+00:00","article_modified_time":"2023-04-19T06:36:44+00:00","og_image":[{"width":1024,"height":465,"url":"https:\/\/www.autojm.fr\/blog\/wp-content\/uploads\/2022\/10\/643.jpg","type":"image\/jpeg"}],"author":"Autojm","twitter_card":"summary_large_image","twitter_misc":{"\u00c9crit par":"Autojm","Dur\u00e9e de lecture estim\u00e9e":"3 minutes"},"schema":{"@context":"https:\/\/schema.org","@graph":[{"@type":"Article","@id":"https:\/\/www.autojm.fr\/blog\/route-des-vacances-questions-et-infos-utiles\/#article","isPartOf":{"@id":"https:\/\/www.autojm.fr\/blog\/route-des-vacances-questions-et-infos-utiles\/"},"author":{"name":"Autojm","@id":"https:\/\/www.autojm.fr\/blog\/#\/schema\/person\/9742bc77541853e0de81fc57f947e1a0"},"headline":"Route des vacances : questions et infos utiles","datePublished":"2021-08-04T00:00:00+00:00","dateModified":"2023-04-19T06:36:44+00:00","mainEntityOfPage":{"@id":"https:\/\/www.autojm.fr\/blog\/route-des-vacances-questions-et-infos-utiles\/"},"wordCount":579,"commentCount":0,"publisher":{"@id":"https:\/\/www.autojm.fr\/blog\/#organization"},"image":{"@id":"https:\/\/www.autojm.fr\/blog\/route-des-vacances-questions-et-infos-utiles\/#primaryimage"},"thumbnailUrl":"https:\/\/www.autojm.fr\/blog\/wp-content\/uploads\/2022\/10\/643.jpg","keywords":["autojm","Citro\u00ebn","dacia","DS","Fiat","Ford","Kia","Nissan","Opel","peugeot","renault","Volkswagen"],"articleSection":["Conseils &amp; Astuces"],"inLanguage":"fr-FR","potentialAction":[{"@type":"CommentAction","name":"Comment","target":["https:\/\/www.autojm.fr\/blog\/route-des-vacances-questions-et-infos-utiles\/#respond"]}]},{"@type":"WebPage","@id":"https:\/\/www.autojm.fr\/blog\/route-des-vacances-questions-et-infos-utiles\/","url":"https:\/\/www.autojm.fr\/blog\/route-des-vacances-questions-et-infos-utiles\/","name":"Route des vacances : questions et infos utiles - AutoJM Mag","isPartOf":{"@id":"https:\/\/www.autojm.fr\/blog\/#website"},"primaryImageOfPage":{"@id":"https:\/\/www.autojm.fr\/blog\/route-des-vacances-questions-et-infos-utiles\/#primaryimage"},"image":{"@id":"https:\/\/www.autojm.fr\/blog\/route-des-vacances-questions-et-infos-utiles\/#primaryimage"},"thumbnailUrl":"https:\/\/www.autojm.fr\/blog\/wp-content\/uploads\/2022\/10\/643.jpg","datePublished":"2021-08-04T00:00:00+00:00","dateModified":"2023-04-19T06:36:44+00:00","description":"Vous avez pris ou allez prendre prochainement la route des vacances et vous avez peut-\u00eatre des questions sans r\u00e9ponses ou des...","breadcrumb":{"@id":"https:\/\/www.autojm.fr\/blog\/route-des-vacances-questions-et-infos-utiles\/#breadcrumb"},"inLanguage":"fr-FR","potentialAction":[{"@type":"ReadAction","target":["https:\/\/www.autojm.fr\/blog\/route-des-vacances-questions-et-infos-utiles\/"]}]},{"@type":"ImageObject","inLanguage":"fr-FR","@id":"https:\/\/www.autojm.fr\/blog\/route-des-vacances-questions-et-infos-utiles\/#primaryimage","url":"https:\/\/www.autojm.fr\/blog\/wp-content\/uploads\/2022\/10\/643.jpg","contentUrl":"https:\/\/www.autojm.fr\/blog\/wp-content\/uploads\/2022\/10\/643.jpg","width":1024,"height":465,"caption":"Vacances"},{"@type":"BreadcrumbList","@id":"https:\/\/www.autojm.fr\/blog\/route-des-vacances-questions-et-infos-utiles\/#breadcrumb","itemListElement":[{"@type":"ListItem","position":1,"name":"Accueil","item":"https:\/\/www.autojm.fr\/blog\/"},{"@type":"ListItem","position":2,"name":"Conseils &amp; Astuces","item":"https:\/\/www.autojm.fr\/blog\/conseils-astuces\/"},{"@type":"ListItem","position":3,"name":"Route des vacances : questions et infos utiles"}]},{"@type":"WebSite","@id":"https:\/\/www.autojm.fr\/blog\/#website","url":"https:\/\/www.autojm.fr\/blog\/","name":"AutoJM Mag","description":"Toute l&#039;actu auto en 1 clic !","publisher":{"@id":"https:\/\/www.autojm.fr\/blog\/#organization"},"potentialAction":[{"@type":"SearchAction","target":{"@type":"EntryPoint","urlTemplate":"https:\/\/www.autojm.fr\/blog\/?s={search_term_string}"},"query-input":{"@type":"PropertyValueSpecification","valueRequired":true,"valueName":"search_term_string"}}],"inLanguage":"fr-FR"},{"@type":"Organization","@id":"https:\/\/www.autojm.fr\/blog\/#organization","name":"AutoJM Mag","url":"https:\/\/www.autojm.fr\/blog\/","logo":{"@type":"ImageObject","inLanguage":"fr-FR","@id":"https:\/\/www.autojm.fr\/blog\/#\/schema\/logo\/image\/","url":"https:\/\/www.autojm.fr\/blog\/wp-content\/uploads\/2022\/12\/cropped-AutoJMag-png.png","contentUrl":"https:\/\/www.autojm.fr\/blog\/wp-content\/uploads\/2022\/12\/cropped-AutoJMag-png.png","width":2834,"height":585,"caption":"AutoJM Mag"},"image":{"@id":"https:\/\/www.autojm.fr\/blog\/#\/schema\/logo\/image\/"},"sameAs":["https:\/\/www.facebook.com\/AutoJM25"]},{"@type":"Person","@id":"https:\/\/www.autojm.fr\/blog\/#\/schema\/person\/9742bc77541853e0de81fc57f947e1a0","name":"Autojm","image":{"@type":"ImageObject","inLanguage":"fr-FR","@id":"https:\/\/secure.gravatar.com\/avatar\/9a959d52b758fcc232fe4b6aca7bab139182573297122cce7d6f2ee0e537b418?s=96&d=mm&r=g","url":"https:\/\/secure.gravatar.com\/avatar\/9a959d52b758fcc232fe4b6aca7bab139182573297122cce7d6f2ee0e537b418?s=96&d=mm&r=g","contentUrl":"https:\/\/secure.gravatar.com\/avatar\/9a959d52b758fcc232fe4b6aca7bab139182573297122cce7d6f2ee0e537b418?s=96&d=mm&r=g","caption":"Autojm"},"sameAs":["https:\/\/www.autojm.fr\/blog"],"url":"https:\/\/www.autojm.fr\/blog\/author\/bichoi\/"}]}},"_links":{"self":[{"href":"https:\/\/www.autojm.fr\/blog\/wp-json\/wp\/v2\/posts\/3913","targetHints":{"allow":["GET"]}}],"collection":[{"href":"https:\/\/www.autojm.fr\/blog\/wp-json\/wp\/v2\/posts"}],"about":[{"href":"https:\/\/www.autojm.fr\/blog\/wp-json\/wp\/v2\/types\/post"}],"author":[{"embeddable":true,"href":"https:\/\/www.autojm.fr\/blog\/wp-json\/wp\/v2\/users\/1"}],"replies":[{"embeddable":true,"href":"https:\/\/www.autojm.fr\/blog\/wp-json\/wp\/v2\/comments?post=3913"}],"version-history":[{"count":5,"href":"https:\/\/www.autojm.fr\/blog\/wp-json\/wp\/v2\/posts\/3913\/revisions"}],"predecessor-version":[{"id":9398,"href":"https:\/\/www.autojm.fr\/blog\/wp-json\/wp\/v2\/posts\/3913\/revisions\/9398"}],"wp:featuredmedia":[{"embeddable":true,"href":"https:\/\/www.autojm.fr\/blog\/wp-json\/wp\/v2\/media\/5971"}],"wp:attachment":[{"href":"https:\/\/www.autojm.fr\/blog\/wp-json\/wp\/v2\/media?parent=3913"}],"wp:term":[{"taxonomy":"category","embeddable":true,"href":"https:\/\/www.autojm.fr\/blog\/wp-json\/wp\/v2\/categories?post=3913"},{"taxonomy":"post_tag","embeddable":true,"href":"https:\/\/www.autojm.fr\/blog\/wp-json\/wp\/v2\/tags?post=3913"}],"curies":[{"name":"wp","href":"https:\/\/api.w.org\/{rel}","templated":true}]}}