{"id":3912,"date":"2021-08-10T00:00:00","date_gmt":"2021-08-10T00:00:00","guid":{"rendered":"https:\/\/www.autojm.fr\/blog\/semi-conducteurs-lautomobile-en-crise\/"},"modified":"2022-12-05T16:02:10","modified_gmt":"2022-12-05T16:02:10","slug":"semi-conducteurs-lautomobile-en-crise","status":"publish","type":"post","link":"https:\/\/www.autojm.fr\/blog\/semi-conducteurs-lautomobile-en-crise\/","title":{"rendered":"Semi-conducteurs : l\u2019automobile en crise"},"content":{"rendered":"<p>Voil\u00e0 quelques mois que le semi-conducteur, ce composant \u00e9lectronique petit mais indispensable \u00e0 la cr\u00e9ation de nombreux objets aujourd&rsquo;hui, conna\u00eet une p\u00e9nurie. De l&rsquo;\u00e9lectrom\u00e9nager \u00e0 l&rsquo;informatique, en passant par l&rsquo;<strong><a href=\"https:\/\/www.autojm.fr\/?part=blog&amp;utm_source=articleblog100821&amp;utm_medium=blog\">automobile<\/a><\/strong>, de nombreux secteurs sont touch\u00e9s par les probl\u00e8mes d&rsquo;approvisionnement en semi-conducteurs. Quelles sont les pr\u00e9visions concernant cette p\u00e9nurie et que sait-on de ses cons\u00e9quences ?<\/p>\n<h2>D&rsquo;o\u00f9 vient la p\u00e9nurie de semi-conducteurs ?<\/h2>\n<p>Le premier confinement a d\u00e9clench\u00e9 une forte activit\u00e9 dans le domaine de l&rsquo;informatique, avec de nombreuses demandes pour lancer le t\u00e9l\u00e9travail dans les entreprises. La demande ne permet plus d&rsquo;approvisionner tous les secteurs d\u00e9pendant des semi-conducteurs, et l&rsquo;automobile n&rsquo;est malheureusement pas le domaine d&rsquo;activit\u00e9 qui rapporte le plus aux constructeurs de ces petites pi\u00e8ces. La production automobile est donc directement touch\u00e9e, avec une estimation de 60 milliards de dollars en moins sur le chiffre d&rsquo;affaires de 2021 selon l&rsquo;agence Bloomberg.<\/p>\n<h2>Un probl\u00e8me \u00e0 l&rsquo;\u00e9chelle mondiale et aux enjeux g\u00e9opolitiques<\/h2>\n<p>Le leader sur le march\u00e9 des semi-conducteurs est la soci\u00e9t\u00e9 Ta\u00efwanaise TMSC, qui est propri\u00e9taire de l&rsquo;usine la plus ch\u00e8re du monde, Fab 18, estim\u00e9e \u00e0 17 milliards de dollars. Les Etats-Unis concentrent eux 12% de la production mondiale, et l&rsquo;Europe encore moins. Les pays occidentaux n&rsquo;ont donc que trop peu de contr\u00f4le et se retrouvent d\u00e9pendants des pays excentr\u00e9s, qui peuvent faire basculer l&rsquo;\u00e9conomie mondiale. Dans ce secteur, l&rsquo;Europe dispose de 3 entreprises, STMicroelectronics, NXP et Infineon, qui ont du retard concernant le d\u00e9veloppement dans leur secteur.<\/p>\n<h2>Jusqu&rsquo;\u00e0 quand va durer la p\u00e9nurie de semi-conducteurs ?<\/h2>\n<p>Les pr\u00e9visions ne sont pas bonnes. La p\u00e9nurie pourrait se prolonger jusqu&rsquo;en 2023, ce qui p\u00e9naliserait \u00e9norm\u00e9ment les ventes automobiles. Carlos Tavares, Directeur G\u00e9n\u00e9ral de Stellantis, a annonc\u00e9 qu&rsquo;il allait privil\u00e9gier les v\u00e9hicules les plus rentables et modifier la gamme des puces qu&rsquo;il utilise. Murat Aksel, directeur des achats du groupe Volkswagen a quant a lui d\u00e9clar\u00e9 \u00ab\u00a0Il y a un \u00e9cart consid\u00e9rable entre l&rsquo;offre et la demande\u00a0\u00bb.<\/p>\n<h2>Quelles cons\u00e9quences sur la production automobile ?<\/h2>\n<p>L&rsquo;usine Stellantis (anciennement PSA) de Sochaux est directement concern\u00e9e. De nombreuses cons\u00e9quences ont d&rsquo;ailleurs \u00e9t\u00e9 observ\u00e9es : la nouvelle 308 sera \u00e9quip\u00e9e de compteurs analogiques sur certaines finitions, et des s\u00e9ances de travail en production ont \u00e9t\u00e9 supprim\u00e9es par faute d&rsquo;approvisionnement. Du c\u00f4t\u00e9 de Volkswagen, l&rsquo;objectif va \u00eatre de renforcer le stock de certaines puces pour mieux se pr\u00e9parer \u00e0 l&rsquo;avenir. Une situation contraire au fonctionnement actuel qui consistait \u00e0 faire les commandes \u00e9tape par \u00e9tape pour r\u00e9duire un maximum les co\u00fbts.<\/p>\n<p><iframe loading=\"lazy\" title=\"YouTube video player\" src=\"https:\/\/www.youtube.com\/embed\/Myb0KYAO6oI?start=176\" width=\"100%\" height=\"315\" allowfullscreen=\"allowfullscreen\"><\/iframe><\/p>\n<h2>L&rsquo;Europe pr\u00eate \u00e0 se d\u00e9velopper dans le domaine ?<\/h2>\n<p>C&rsquo;est en tout cas l&rsquo;objectif, et l&rsquo;industriel Bosch l&rsquo;a bien compris. Une usine de la soci\u00e9t\u00e9, d\u00e9di\u00e9e aux semi-conducteurs, a \u00e9t\u00e9 inaugur\u00e9e le lundi 7 juin en Allemagne. La chanceli\u00e8re Allemande Angela Merkel, invit\u00e9e pour l&rsquo;occasion, a affirm\u00e9 qu&rsquo;il \u00e9tait d\u00e9sormais important de \u201crattraper les concurrents en Asie et aux Etats-Unis\u201d. L&rsquo;usine est principalement d\u00e9di\u00e9e \u00e0 l&rsquo;activit\u00e9 du g\u00e9ant Bosch, et d\u00e9pend elle-m\u00eame de fournisseurs \u00e9trangers\u2026 La route sera encore longue avant une ind\u00e9pendance affirm\u00e9e de l&rsquo;Europe dans le domaine de la fabrication des semi-conducteurs.<\/p>\n","protected":false},"excerpt":{"rendered":"<p>Voil\u00e0 quelques mois que le semi-conducteur, ce composant \u00e9lectronique petit mais indispensable \u00e0 la cr\u00e9ation de nombreux objets aujourd&rsquo;hui, conna\u00eet une p\u00e9nurie. De l&rsquo;\u00e9lectrom\u00e9nager \u00e0 l&rsquo;informatique, en passant par l&rsquo;automobile, de nombreux secteurs sont touch\u00e9s par les probl\u00e8mes d&rsquo;approvisionnement en semi-conducteurs.<\/p>\n","protected":false},"author":1,"featured_media":5970,"comment_status":"open","ping_status":"open","sticky":false,"template":"","format":"standard","meta":{"_acf_changed":false,"content-type":"","footnotes":""},"categories":[22],"tags":[90,85,74,105,110,109,106,108,107,73,78,96],"class_list":["post-3912","post","type-post","status-publish","format-standard","has-post-thumbnail","hentry","category-conseils-astuces","tag-autojm","tag-citroen-2","tag-dacia","tag-ds","tag-fiat","tag-ford","tag-kia","tag-nissan","tag-opel","tag-peugeot","tag-renault","tag-volkswagen"],"acf":[],"yoast_head":"<!-- This site is optimized with the Yoast SEO plugin v27.5 - https:\/\/yoast.com\/product\/yoast-seo-wordpress\/ -->\n<title>Semi-conducteurs : l\u2019automobile en crise - AutoJM Mag<\/title>\n<meta name=\"description\" content=\"Voil\u00e0 quelques mois que le semi-conducteur, ce composant \u00e9lectronique indispensable \u00e0 la cr\u00e9ation de nombreux objets, conna\u00eet une p\u00e9nurie.\" \/>\n<meta name=\"robots\" content=\"index, follow, max-snippet:-1, max-image-preview:large, max-video-preview:-1\" \/>\n<link rel=\"canonical\" href=\"https:\/\/www.autojm.fr\/blog\/semi-conducteurs-lautomobile-en-crise\/\" \/>\n<meta property=\"og:locale\" content=\"fr_FR\" \/>\n<meta property=\"og:type\" content=\"article\" \/>\n<meta property=\"og:title\" content=\"Semi-conducteurs : l\u2019automobile en crise - AutoJM Mag\" \/>\n<meta property=\"og:description\" content=\"Voil\u00e0 quelques mois que le semi-conducteur, ce composant \u00e9lectronique indispensable \u00e0 la cr\u00e9ation de nombreux objets, conna\u00eet une p\u00e9nurie.\" \/>\n<meta property=\"og:url\" content=\"https:\/\/www.autojm.fr\/blog\/semi-conducteurs-lautomobile-en-crise\/\" \/>\n<meta property=\"og:site_name\" content=\"AutoJM Mag\" \/>\n<meta property=\"article:publisher\" content=\"https:\/\/www.facebook.com\/AutoJM25\" \/>\n<meta property=\"article:published_time\" content=\"2021-08-10T00:00:00+00:00\" \/>\n<meta property=\"article:modified_time\" content=\"2022-12-05T16:02:10+00:00\" \/>\n<meta property=\"og:image\" content=\"https:\/\/www.autojm.fr\/blog\/wp-content\/uploads\/2022\/10\/642-scaled.jpg\" \/>\n\t<meta property=\"og:image:width\" content=\"2560\" \/>\n\t<meta property=\"og:image:height\" content=\"1160\" \/>\n\t<meta property=\"og:image:type\" content=\"image\/jpeg\" \/>\n<meta name=\"author\" content=\"Autojm\" \/>\n<meta name=\"twitter:card\" content=\"summary_large_image\" \/>\n<meta name=\"twitter:label1\" content=\"\u00c9crit par\" \/>\n\t<meta name=\"twitter:data1\" content=\"Autojm\" \/>\n\t<meta name=\"twitter:label2\" content=\"Dur\u00e9e de lecture estim\u00e9e\" \/>\n\t<meta name=\"twitter:data2\" content=\"4 minutes\" \/>\n<script type=\"application\/ld+json\" class=\"yoast-schema-graph\">{\"@context\":\"https:\\\/\\\/schema.org\",\"@graph\":[{\"@type\":\"Article\",\"@id\":\"https:\\\/\\\/www.autojm.fr\\\/blog\\\/semi-conducteurs-lautomobile-en-crise\\\/#article\",\"isPartOf\":{\"@id\":\"https:\\\/\\\/www.autojm.fr\\\/blog\\\/semi-conducteurs-lautomobile-en-crise\\\/\"},\"author\":{\"name\":\"Autojm\",\"@id\":\"https:\\\/\\\/www.autojm.fr\\\/blog\\\/#\\\/schema\\\/person\\\/9742bc77541853e0de81fc57f947e1a0\"},\"headline\":\"Semi-conducteurs : l\u2019automobile en crise\",\"datePublished\":\"2021-08-10T00:00:00+00:00\",\"dateModified\":\"2022-12-05T16:02:10+00:00\",\"mainEntityOfPage\":{\"@id\":\"https:\\\/\\\/www.autojm.fr\\\/blog\\\/semi-conducteurs-lautomobile-en-crise\\\/\"},\"wordCount\":550,\"commentCount\":0,\"publisher\":{\"@id\":\"https:\\\/\\\/www.autojm.fr\\\/blog\\\/#organization\"},\"image\":{\"@id\":\"https:\\\/\\\/www.autojm.fr\\\/blog\\\/semi-conducteurs-lautomobile-en-crise\\\/#primaryimage\"},\"thumbnailUrl\":\"https:\\\/\\\/www.autojm.fr\\\/blog\\\/wp-content\\\/uploads\\\/2022\\\/10\\\/642-scaled.jpg\",\"keywords\":[\"autojm\",\"Citro\u00ebn\",\"dacia\",\"DS\",\"Fiat\",\"Ford\",\"Kia\",\"Nissan\",\"Opel\",\"peugeot\",\"renault\",\"Volkswagen\"],\"articleSection\":[\"Conseils &amp; Astuces\"],\"inLanguage\":\"fr-FR\",\"potentialAction\":[{\"@type\":\"CommentAction\",\"name\":\"Comment\",\"target\":[\"https:\\\/\\\/www.autojm.fr\\\/blog\\\/semi-conducteurs-lautomobile-en-crise\\\/#respond\"]}]},{\"@type\":\"WebPage\",\"@id\":\"https:\\\/\\\/www.autojm.fr\\\/blog\\\/semi-conducteurs-lautomobile-en-crise\\\/\",\"url\":\"https:\\\/\\\/www.autojm.fr\\\/blog\\\/semi-conducteurs-lautomobile-en-crise\\\/\",\"name\":\"Semi-conducteurs : l\u2019automobile en crise - AutoJM Mag\",\"isPartOf\":{\"@id\":\"https:\\\/\\\/www.autojm.fr\\\/blog\\\/#website\"},\"primaryImageOfPage\":{\"@id\":\"https:\\\/\\\/www.autojm.fr\\\/blog\\\/semi-conducteurs-lautomobile-en-crise\\\/#primaryimage\"},\"image\":{\"@id\":\"https:\\\/\\\/www.autojm.fr\\\/blog\\\/semi-conducteurs-lautomobile-en-crise\\\/#primaryimage\"},\"thumbnailUrl\":\"https:\\\/\\\/www.autojm.fr\\\/blog\\\/wp-content\\\/uploads\\\/2022\\\/10\\\/642-scaled.jpg\",\"datePublished\":\"2021-08-10T00:00:00+00:00\",\"dateModified\":\"2022-12-05T16:02:10+00:00\",\"description\":\"Voil\u00e0 quelques mois que le semi-conducteur, ce composant \u00e9lectronique indispensable \u00e0 la cr\u00e9ation de nombreux objets, conna\u00eet une p\u00e9nurie.\",\"breadcrumb\":{\"@id\":\"https:\\\/\\\/www.autojm.fr\\\/blog\\\/semi-conducteurs-lautomobile-en-crise\\\/#breadcrumb\"},\"inLanguage\":\"fr-FR\",\"potentialAction\":[{\"@type\":\"ReadAction\",\"target\":[\"https:\\\/\\\/www.autojm.fr\\\/blog\\\/semi-conducteurs-lautomobile-en-crise\\\/\"]}]},{\"@type\":\"ImageObject\",\"inLanguage\":\"fr-FR\",\"@id\":\"https:\\\/\\\/www.autojm.fr\\\/blog\\\/semi-conducteurs-lautomobile-en-crise\\\/#primaryimage\",\"url\":\"https:\\\/\\\/www.autojm.fr\\\/blog\\\/wp-content\\\/uploads\\\/2022\\\/10\\\/642-scaled.jpg\",\"contentUrl\":\"https:\\\/\\\/www.autojm.fr\\\/blog\\\/wp-content\\\/uploads\\\/2022\\\/10\\\/642-scaled.jpg\",\"width\":2560,\"height\":1160,\"caption\":\"Semi-conducteurs\"},{\"@type\":\"BreadcrumbList\",\"@id\":\"https:\\\/\\\/www.autojm.fr\\\/blog\\\/semi-conducteurs-lautomobile-en-crise\\\/#breadcrumb\",\"itemListElement\":[{\"@type\":\"ListItem\",\"position\":1,\"name\":\"Accueil\",\"item\":\"https:\\\/\\\/www.autojm.fr\\\/blog\\\/\"},{\"@type\":\"ListItem\",\"position\":2,\"name\":\"Conseils &amp; Astuces\",\"item\":\"https:\\\/\\\/www.autojm.fr\\\/blog\\\/conseils-astuces\\\/\"},{\"@type\":\"ListItem\",\"position\":3,\"name\":\"Semi-conducteurs : l\u2019automobile en crise\"}]},{\"@type\":\"WebSite\",\"@id\":\"https:\\\/\\\/www.autojm.fr\\\/blog\\\/#website\",\"url\":\"https:\\\/\\\/www.autojm.fr\\\/blog\\\/\",\"name\":\"AutoJM Mag\",\"description\":\"Toute l&#039;actu auto en 1 clic !\",\"publisher\":{\"@id\":\"https:\\\/\\\/www.autojm.fr\\\/blog\\\/#organization\"},\"potentialAction\":[{\"@type\":\"SearchAction\",\"target\":{\"@type\":\"EntryPoint\",\"urlTemplate\":\"https:\\\/\\\/www.autojm.fr\\\/blog\\\/?s={search_term_string}\"},\"query-input\":{\"@type\":\"PropertyValueSpecification\",\"valueRequired\":true,\"valueName\":\"search_term_string\"}}],\"inLanguage\":\"fr-FR\"},{\"@type\":\"Organization\",\"@id\":\"https:\\\/\\\/www.autojm.fr\\\/blog\\\/#organization\",\"name\":\"AutoJM Mag\",\"url\":\"https:\\\/\\\/www.autojm.fr\\\/blog\\\/\",\"logo\":{\"@type\":\"ImageObject\",\"inLanguage\":\"fr-FR\",\"@id\":\"https:\\\/\\\/www.autojm.fr\\\/blog\\\/#\\\/schema\\\/logo\\\/image\\\/\",\"url\":\"https:\\\/\\\/www.autojm.fr\\\/blog\\\/wp-content\\\/uploads\\\/2022\\\/12\\\/cropped-AutoJMag-png.png\",\"contentUrl\":\"https:\\\/\\\/www.autojm.fr\\\/blog\\\/wp-content\\\/uploads\\\/2022\\\/12\\\/cropped-AutoJMag-png.png\",\"width\":2834,\"height\":585,\"caption\":\"AutoJM Mag\"},\"image\":{\"@id\":\"https:\\\/\\\/www.autojm.fr\\\/blog\\\/#\\\/schema\\\/logo\\\/image\\\/\"},\"sameAs\":[\"https:\\\/\\\/www.facebook.com\\\/AutoJM25\"]},{\"@type\":\"Person\",\"@id\":\"https:\\\/\\\/www.autojm.fr\\\/blog\\\/#\\\/schema\\\/person\\\/9742bc77541853e0de81fc57f947e1a0\",\"name\":\"Autojm\",\"image\":{\"@type\":\"ImageObject\",\"inLanguage\":\"fr-FR\",\"@id\":\"https:\\\/\\\/secure.gravatar.com\\\/avatar\\\/9a959d52b758fcc232fe4b6aca7bab139182573297122cce7d6f2ee0e537b418?s=96&d=mm&r=g\",\"url\":\"https:\\\/\\\/secure.gravatar.com\\\/avatar\\\/9a959d52b758fcc232fe4b6aca7bab139182573297122cce7d6f2ee0e537b418?s=96&d=mm&r=g\",\"contentUrl\":\"https:\\\/\\\/secure.gravatar.com\\\/avatar\\\/9a959d52b758fcc232fe4b6aca7bab139182573297122cce7d6f2ee0e537b418?s=96&d=mm&r=g\",\"caption\":\"Autojm\"},\"sameAs\":[\"https:\\\/\\\/www.autojm.fr\\\/blog\"],\"url\":\"https:\\\/\\\/www.autojm.fr\\\/blog\\\/author\\\/bichoi\\\/\"}]}<\/script>\n<!-- \/ Yoast SEO plugin. -->","yoast_head_json":{"title":"Semi-conducteurs : l\u2019automobile en crise - AutoJM Mag","description":"Voil\u00e0 quelques mois que le semi-conducteur, ce composant \u00e9lectronique indispensable \u00e0 la cr\u00e9ation de nombreux objets, conna\u00eet une p\u00e9nurie.","robots":{"index":"index","follow":"follow","max-snippet":"max-snippet:-1","max-image-preview":"max-image-preview:large","max-video-preview":"max-video-preview:-1"},"canonical":"https:\/\/www.autojm.fr\/blog\/semi-conducteurs-lautomobile-en-crise\/","og_locale":"fr_FR","og_type":"article","og_title":"Semi-conducteurs : l\u2019automobile en crise - AutoJM Mag","og_description":"Voil\u00e0 quelques mois que le semi-conducteur, ce composant \u00e9lectronique indispensable \u00e0 la cr\u00e9ation de nombreux objets, conna\u00eet une p\u00e9nurie.","og_url":"https:\/\/www.autojm.fr\/blog\/semi-conducteurs-lautomobile-en-crise\/","og_site_name":"AutoJM Mag","article_publisher":"https:\/\/www.facebook.com\/AutoJM25","article_published_time":"2021-08-10T00:00:00+00:00","article_modified_time":"2022-12-05T16:02:10+00:00","og_image":[{"width":2560,"height":1160,"url":"https:\/\/www.autojm.fr\/blog\/wp-content\/uploads\/2022\/10\/642-scaled.jpg","type":"image\/jpeg"}],"author":"Autojm","twitter_card":"summary_large_image","twitter_misc":{"\u00c9crit par":"Autojm","Dur\u00e9e de lecture estim\u00e9e":"4 minutes"},"schema":{"@context":"https:\/\/schema.org","@graph":[{"@type":"Article","@id":"https:\/\/www.autojm.fr\/blog\/semi-conducteurs-lautomobile-en-crise\/#article","isPartOf":{"@id":"https:\/\/www.autojm.fr\/blog\/semi-conducteurs-lautomobile-en-crise\/"},"author":{"name":"Autojm","@id":"https:\/\/www.autojm.fr\/blog\/#\/schema\/person\/9742bc77541853e0de81fc57f947e1a0"},"headline":"Semi-conducteurs : l\u2019automobile en crise","datePublished":"2021-08-10T00:00:00+00:00","dateModified":"2022-12-05T16:02:10+00:00","mainEntityOfPage":{"@id":"https:\/\/www.autojm.fr\/blog\/semi-conducteurs-lautomobile-en-crise\/"},"wordCount":550,"commentCount":0,"publisher":{"@id":"https:\/\/www.autojm.fr\/blog\/#organization"},"image":{"@id":"https:\/\/www.autojm.fr\/blog\/semi-conducteurs-lautomobile-en-crise\/#primaryimage"},"thumbnailUrl":"https:\/\/www.autojm.fr\/blog\/wp-content\/uploads\/2022\/10\/642-scaled.jpg","keywords":["autojm","Citro\u00ebn","dacia","DS","Fiat","Ford","Kia","Nissan","Opel","peugeot","renault","Volkswagen"],"articleSection":["Conseils &amp; Astuces"],"inLanguage":"fr-FR","potentialAction":[{"@type":"CommentAction","name":"Comment","target":["https:\/\/www.autojm.fr\/blog\/semi-conducteurs-lautomobile-en-crise\/#respond"]}]},{"@type":"WebPage","@id":"https:\/\/www.autojm.fr\/blog\/semi-conducteurs-lautomobile-en-crise\/","url":"https:\/\/www.autojm.fr\/blog\/semi-conducteurs-lautomobile-en-crise\/","name":"Semi-conducteurs : l\u2019automobile en crise - AutoJM Mag","isPartOf":{"@id":"https:\/\/www.autojm.fr\/blog\/#website"},"primaryImageOfPage":{"@id":"https:\/\/www.autojm.fr\/blog\/semi-conducteurs-lautomobile-en-crise\/#primaryimage"},"image":{"@id":"https:\/\/www.autojm.fr\/blog\/semi-conducteurs-lautomobile-en-crise\/#primaryimage"},"thumbnailUrl":"https:\/\/www.autojm.fr\/blog\/wp-content\/uploads\/2022\/10\/642-scaled.jpg","datePublished":"2021-08-10T00:00:00+00:00","dateModified":"2022-12-05T16:02:10+00:00","description":"Voil\u00e0 quelques mois que le semi-conducteur, ce composant \u00e9lectronique indispensable \u00e0 la cr\u00e9ation de nombreux objets, conna\u00eet une p\u00e9nurie.","breadcrumb":{"@id":"https:\/\/www.autojm.fr\/blog\/semi-conducteurs-lautomobile-en-crise\/#breadcrumb"},"inLanguage":"fr-FR","potentialAction":[{"@type":"ReadAction","target":["https:\/\/www.autojm.fr\/blog\/semi-conducteurs-lautomobile-en-crise\/"]}]},{"@type":"ImageObject","inLanguage":"fr-FR","@id":"https:\/\/www.autojm.fr\/blog\/semi-conducteurs-lautomobile-en-crise\/#primaryimage","url":"https:\/\/www.autojm.fr\/blog\/wp-content\/uploads\/2022\/10\/642-scaled.jpg","contentUrl":"https:\/\/www.autojm.fr\/blog\/wp-content\/uploads\/2022\/10\/642-scaled.jpg","width":2560,"height":1160,"caption":"Semi-conducteurs"},{"@type":"BreadcrumbList","@id":"https:\/\/www.autojm.fr\/blog\/semi-conducteurs-lautomobile-en-crise\/#breadcrumb","itemListElement":[{"@type":"ListItem","position":1,"name":"Accueil","item":"https:\/\/www.autojm.fr\/blog\/"},{"@type":"ListItem","position":2,"name":"Conseils &amp; Astuces","item":"https:\/\/www.autojm.fr\/blog\/conseils-astuces\/"},{"@type":"ListItem","position":3,"name":"Semi-conducteurs : l\u2019automobile en crise"}]},{"@type":"WebSite","@id":"https:\/\/www.autojm.fr\/blog\/#website","url":"https:\/\/www.autojm.fr\/blog\/","name":"AutoJM Mag","description":"Toute l&#039;actu auto en 1 clic !","publisher":{"@id":"https:\/\/www.autojm.fr\/blog\/#organization"},"potentialAction":[{"@type":"SearchAction","target":{"@type":"EntryPoint","urlTemplate":"https:\/\/www.autojm.fr\/blog\/?s={search_term_string}"},"query-input":{"@type":"PropertyValueSpecification","valueRequired":true,"valueName":"search_term_string"}}],"inLanguage":"fr-FR"},{"@type":"Organization","@id":"https:\/\/www.autojm.fr\/blog\/#organization","name":"AutoJM Mag","url":"https:\/\/www.autojm.fr\/blog\/","logo":{"@type":"ImageObject","inLanguage":"fr-FR","@id":"https:\/\/www.autojm.fr\/blog\/#\/schema\/logo\/image\/","url":"https:\/\/www.autojm.fr\/blog\/wp-content\/uploads\/2022\/12\/cropped-AutoJMag-png.png","contentUrl":"https:\/\/www.autojm.fr\/blog\/wp-content\/uploads\/2022\/12\/cropped-AutoJMag-png.png","width":2834,"height":585,"caption":"AutoJM Mag"},"image":{"@id":"https:\/\/www.autojm.fr\/blog\/#\/schema\/logo\/image\/"},"sameAs":["https:\/\/www.facebook.com\/AutoJM25"]},{"@type":"Person","@id":"https:\/\/www.autojm.fr\/blog\/#\/schema\/person\/9742bc77541853e0de81fc57f947e1a0","name":"Autojm","image":{"@type":"ImageObject","inLanguage":"fr-FR","@id":"https:\/\/secure.gravatar.com\/avatar\/9a959d52b758fcc232fe4b6aca7bab139182573297122cce7d6f2ee0e537b418?s=96&d=mm&r=g","url":"https:\/\/secure.gravatar.com\/avatar\/9a959d52b758fcc232fe4b6aca7bab139182573297122cce7d6f2ee0e537b418?s=96&d=mm&r=g","contentUrl":"https:\/\/secure.gravatar.com\/avatar\/9a959d52b758fcc232fe4b6aca7bab139182573297122cce7d6f2ee0e537b418?s=96&d=mm&r=g","caption":"Autojm"},"sameAs":["https:\/\/www.autojm.fr\/blog"],"url":"https:\/\/www.autojm.fr\/blog\/author\/bichoi\/"}]}},"_links":{"self":[{"href":"https:\/\/www.autojm.fr\/blog\/wp-json\/wp\/v2\/posts\/3912","targetHints":{"allow":["GET"]}}],"collection":[{"href":"https:\/\/www.autojm.fr\/blog\/wp-json\/wp\/v2\/posts"}],"about":[{"href":"https:\/\/www.autojm.fr\/blog\/wp-json\/wp\/v2\/types\/post"}],"author":[{"embeddable":true,"href":"https:\/\/www.autojm.fr\/blog\/wp-json\/wp\/v2\/users\/1"}],"replies":[{"embeddable":true,"href":"https:\/\/www.autojm.fr\/blog\/wp-json\/wp\/v2\/comments?post=3912"}],"version-history":[{"count":5,"href":"https:\/\/www.autojm.fr\/blog\/wp-json\/wp\/v2\/posts\/3912\/revisions"}],"predecessor-version":[{"id":7003,"href":"https:\/\/www.autojm.fr\/blog\/wp-json\/wp\/v2\/posts\/3912\/revisions\/7003"}],"wp:featuredmedia":[{"embeddable":true,"href":"https:\/\/www.autojm.fr\/blog\/wp-json\/wp\/v2\/media\/5970"}],"wp:attachment":[{"href":"https:\/\/www.autojm.fr\/blog\/wp-json\/wp\/v2\/media?parent=3912"}],"wp:term":[{"taxonomy":"category","embeddable":true,"href":"https:\/\/www.autojm.fr\/blog\/wp-json\/wp\/v2\/categories?post=3912"},{"taxonomy":"post_tag","embeddable":true,"href":"https:\/\/www.autojm.fr\/blog\/wp-json\/wp\/v2\/tags?post=3912"}],"curies":[{"name":"wp","href":"https:\/\/api.w.org\/{rel}","templated":true}]}}