{"id":3911,"date":"2021-07-23T00:00:00","date_gmt":"2021-07-23T00:00:00","guid":{"rendered":"https:\/\/www.autojm.fr\/blog\/la-peugeot-308-sw-2021-affronte-la-volkswagen-golf-sw-2021\/"},"modified":"2023-04-18T06:56:47","modified_gmt":"2023-04-18T06:56:47","slug":"la-peugeot-308-sw-2021-affronte-la-volkswagen-golf-sw-2021","status":"publish","type":"post","link":"https:\/\/www.autojm.fr\/blog\/la-peugeot-308-sw-2021-affronte-la-volkswagen-golf-sw-2021\/","title":{"rendered":"La Peugeot 308 SW 2021 affronte la Volkswagen Golf SW 2021"},"content":{"rendered":"<p>La nouveaut\u00e9 break de Peugeot a bel et bien fait sa premi\u00e8re apparition mais n&rsquo;entre pas tout de suite en production. En attendant de voir rouler les premi\u00e8res 308 SW 2021 sorties de l&rsquo;usine, les premiers comparatifs \u00e0 l&rsquo;arr\u00eat ont d\u00e9j\u00e0 \u00e9t\u00e9 r\u00e9alis\u00e9s. Dans cet article, on va comparer la Peugeot 308 SW avec la <strong><a href=\"https:\/\/www.autojm.fr\/mandataire-voitures-neuves-volkswagen?part=blog&amp;utm_source=articleblog260721&amp;utm_medium=blog\">Volkswagen<\/a><\/strong> Golf 8 SW. Alors, la nouvelle <strong><a href=\"https:\/\/www.autojm.fr\/achat-voitures-neuves-peugeot-peugeot-nouvelle-308-sw-2021-5p?part=blog&amp;utm_source=articleblog260721&amp;utm_medium=blog\">308 break<\/a><\/strong> a-t-elle de quoi effrayer sa concurrente ? Quels sont les partis pris par Peugeot pour s&rsquo;imposer sur le march\u00e9 de la berline familiale ?<\/p>\n<h2>Une Golf SW plus soft, une 308 SW plus muscl\u00e9<\/h2>\n<p>Si la version <strong><a href=\"https:\/\/www.autojm.fr\/recherche?part=blog&amp;utm_source=articleblog260721&amp;utm_medium=blog&amp;bodies%5B%5D=break\">break<\/a><\/strong> de la Peugeot 308 a eu droit \u00e0 un restylage, c&rsquo;est surtout pour pallier \u00e0 la demande de certains pays Europ\u00e9ens, et notamment l&rsquo;Allemagne. La 308 SW a donc tout int\u00e9r\u00eat \u00e0 survivre, mais elle doit tout de m\u00eame faire face \u00e0 des concurrentes de taille, comme la Golf 8 SW. La version allemande en est \u00e0 sa 8\u00e8me g\u00e9n\u00e9ration, et pour continuer de s\u00e9duire les automobilistes, il a fallu quelques am\u00e9liorations stylistiques : des phares avant redessin\u00e9s donnant un regard incisif ou encore un porte-\u00e0-faux arri\u00e8re plus muscl\u00e9 et \u00e9tir\u00e9. Des atouts qui n&rsquo;ont pas de quoi effrayer la Peugeot 308 SW 2021, dont le style ne passe pas inaper\u00e7u : calandre large, feux en forme de croc de lion, capot allong\u00e9 et pare-brise recul\u00e9, elle adopte un look plus atypique que sa concurrente allemande.<\/p>\n<h2>Laquelle de ces voitures break offre le plus d&rsquo;espace ?<\/h2>\n<p>En termes de dimensions, le break Peugeot gagne la bataille avec 2,73 m d&#8217;empattement, contre 2,67 m pour le break Volkswagen. Ce dernier r\u00e9cup\u00e8re cependant un point avec sa capacit\u00e9 d&rsquo;accueil de 611 litres au coffre, contre 608 litres pour son concurrent.<\/p>\n<p>C\u00f4t\u00e9 confort, la Golf 8 SW est dans l&rsquo;ensemble plus convaincante : le plancher est parfaitement plat lorsque les si\u00e8ges arri\u00e8re sont rabattus, le cache-bagage s&rsquo;enroule automatiquement et offre deux positions, et les passagers arri\u00e8re disposent de plus d&rsquo;espace (aux coudes, aux jambes, en hauteur).<\/p>\n<h2>Plus de rangements pour la 308 break<\/h2>\n<p>Le I-Cockpit Peugeot dispose de deux \u00e9crans 10 pouces, comme celui de Volkswagen. La lionne prend le point c\u00f4t\u00e9 rangements, elle dispose de plus de zones d\u00e9di\u00e9es au vide-poche, mais la Golf SW se rattrape sur l&rsquo;affichage t\u00eate haute, non disponible sur le 308 SW dont le cockpit propose d\u00e9j\u00e0 la projection des informations vers l&rsquo;avant. L&rsquo;allemande a \u00e9galement un accoudoir central r\u00e9glable en hauteur et longueur, qui fait d\u00e9faut \u00e0 la 308 SW 2021.<\/p>\n<h2>Plus de motorisations pour la Golf break<\/h2>\n<p>C\u00f4t\u00e9 motorisations, la Volkswagen Golf SW est plus g\u00e9n\u00e9reuse : elle propose 3 mod\u00e8les essences 1.0 TSI 3 cyl. 110 chevaux, 1.5 TSI 4 cyl. 130 chevaux et 1.5 TSI 4 cyl. 150 chevaux. Le diesel est d\u00e9clin\u00e9 en 115 et 150 chevaux sur le 2.0 TDi et les mod\u00e8les plug-in de 204 et 245 chevaux suivront tr\u00e8s vite. Peugeot n&rsquo;offre qu&rsquo;une version diesel de 130 chevaux avec le 1.5 BlueHDi, deux versions essence 1.2 PureTech de 110 et 130 chevaux et les deux versions hybrides rechargeables sont dot\u00e9s de 180 et 225 chevaux.<\/p>\n","protected":false},"excerpt":{"rendered":"<p>La nouveaut\u00e9 break de Peugeot a bel et bien fait sa premi\u00e8re apparition mais n&rsquo;entre pas tout de suite en production. En attendant de voir rouler les premi\u00e8res 308 SW 2021 sorties de l&rsquo;usine, les premiers comparatifs \u00e0 l&rsquo;arr\u00eat ont d\u00e9j\u00e0 \u00e9t\u00e9 r\u00e9alis\u00e9s.<\/p>\n","protected":false},"author":1,"featured_media":5969,"comment_status":"open","ping_status":"open","sticky":false,"template":"","format":"standard","meta":{"_acf_changed":false,"content-type":"","footnotes":""},"categories":[53],"tags":[90,73,137,96,152],"class_list":["post-3911","post","type-post","status-publish","format-standard","has-post-thumbnail","hentry","category-comparatifs","tag-autojm","tag-peugeot","tag-peugeot-308-sw","tag-volkswagen","tag-volkswagen-golf-sw"],"acf":[],"yoast_head":"<!-- This site is optimized with the Yoast SEO plugin v27.5 - https:\/\/yoast.com\/product\/yoast-seo-wordpress\/ -->\n<title>La Peugeot 308 SW 2021 affronte la Volkswagen Golf SW 2021<\/title>\n<meta name=\"description\" content=\"La nouveaut\u00e9 break de Peugeot a bel et bien fait sa premi\u00e8re apparition mais n&#039;entre pas tout de suite en production.\" \/>\n<meta name=\"robots\" content=\"index, follow, max-snippet:-1, max-image-preview:large, max-video-preview:-1\" \/>\n<link rel=\"canonical\" href=\"https:\/\/www.autojm.fr\/blog\/la-peugeot-308-sw-2021-affronte-la-volkswagen-golf-sw-2021\/\" \/>\n<meta property=\"og:locale\" content=\"fr_FR\" \/>\n<meta property=\"og:type\" content=\"article\" \/>\n<meta property=\"og:title\" content=\"La Peugeot 308 SW 2021 affronte la Volkswagen Golf SW 2021\" \/>\n<meta property=\"og:description\" content=\"La nouveaut\u00e9 break de Peugeot a bel et bien fait sa premi\u00e8re apparition mais n&#039;entre pas tout de suite en production.\" \/>\n<meta property=\"og:url\" content=\"https:\/\/www.autojm.fr\/blog\/la-peugeot-308-sw-2021-affronte-la-volkswagen-golf-sw-2021\/\" \/>\n<meta property=\"og:site_name\" content=\"AutoJM Mag\" \/>\n<meta property=\"article:publisher\" content=\"https:\/\/www.facebook.com\/AutoJM25\" \/>\n<meta property=\"article:published_time\" content=\"2021-07-23T00:00:00+00:00\" \/>\n<meta property=\"article:modified_time\" content=\"2023-04-18T06:56:47+00:00\" \/>\n<meta property=\"og:image\" content=\"https:\/\/www.autojm.fr\/blog\/wp-content\/uploads\/2022\/10\/641.jpg\" \/>\n\t<meta property=\"og:image:width\" content=\"1024\" \/>\n\t<meta property=\"og:image:height\" content=\"465\" \/>\n\t<meta property=\"og:image:type\" content=\"image\/jpeg\" \/>\n<meta name=\"author\" content=\"Autojm\" \/>\n<meta name=\"twitter:card\" content=\"summary_large_image\" \/>\n<meta name=\"twitter:label1\" content=\"\u00c9crit par\" \/>\n\t<meta name=\"twitter:data1\" content=\"Autojm\" \/>\n\t<meta name=\"twitter:label2\" content=\"Dur\u00e9e de lecture estim\u00e9e\" \/>\n\t<meta name=\"twitter:data2\" content=\"3 minutes\" \/>\n<script type=\"application\/ld+json\" class=\"yoast-schema-graph\">{\"@context\":\"https:\\\/\\\/schema.org\",\"@graph\":[{\"@type\":\"Article\",\"@id\":\"https:\\\/\\\/www.autojm.fr\\\/blog\\\/la-peugeot-308-sw-2021-affronte-la-volkswagen-golf-sw-2021\\\/#article\",\"isPartOf\":{\"@id\":\"https:\\\/\\\/www.autojm.fr\\\/blog\\\/la-peugeot-308-sw-2021-affronte-la-volkswagen-golf-sw-2021\\\/\"},\"author\":{\"name\":\"Autojm\",\"@id\":\"https:\\\/\\\/www.autojm.fr\\\/blog\\\/#\\\/schema\\\/person\\\/9742bc77541853e0de81fc57f947e1a0\"},\"headline\":\"La Peugeot 308 SW 2021 affronte la Volkswagen Golf SW 2021\",\"datePublished\":\"2021-07-23T00:00:00+00:00\",\"dateModified\":\"2023-04-18T06:56:47+00:00\",\"mainEntityOfPage\":{\"@id\":\"https:\\\/\\\/www.autojm.fr\\\/blog\\\/la-peugeot-308-sw-2021-affronte-la-volkswagen-golf-sw-2021\\\/\"},\"wordCount\":508,\"commentCount\":0,\"publisher\":{\"@id\":\"https:\\\/\\\/www.autojm.fr\\\/blog\\\/#organization\"},\"image\":{\"@id\":\"https:\\\/\\\/www.autojm.fr\\\/blog\\\/la-peugeot-308-sw-2021-affronte-la-volkswagen-golf-sw-2021\\\/#primaryimage\"},\"thumbnailUrl\":\"https:\\\/\\\/www.autojm.fr\\\/blog\\\/wp-content\\\/uploads\\\/2022\\\/10\\\/641.jpg\",\"keywords\":[\"autojm\",\"peugeot\",\"Peugeot 308 SW\",\"Volkswagen\",\"Volkswagen Golf SW\"],\"articleSection\":[\"Comparatifs\"],\"inLanguage\":\"fr-FR\",\"potentialAction\":[{\"@type\":\"CommentAction\",\"name\":\"Comment\",\"target\":[\"https:\\\/\\\/www.autojm.fr\\\/blog\\\/la-peugeot-308-sw-2021-affronte-la-volkswagen-golf-sw-2021\\\/#respond\"]}]},{\"@type\":\"WebPage\",\"@id\":\"https:\\\/\\\/www.autojm.fr\\\/blog\\\/la-peugeot-308-sw-2021-affronte-la-volkswagen-golf-sw-2021\\\/\",\"url\":\"https:\\\/\\\/www.autojm.fr\\\/blog\\\/la-peugeot-308-sw-2021-affronte-la-volkswagen-golf-sw-2021\\\/\",\"name\":\"La Peugeot 308 SW 2021 affronte la Volkswagen Golf SW 2021\",\"isPartOf\":{\"@id\":\"https:\\\/\\\/www.autojm.fr\\\/blog\\\/#website\"},\"primaryImageOfPage\":{\"@id\":\"https:\\\/\\\/www.autojm.fr\\\/blog\\\/la-peugeot-308-sw-2021-affronte-la-volkswagen-golf-sw-2021\\\/#primaryimage\"},\"image\":{\"@id\":\"https:\\\/\\\/www.autojm.fr\\\/blog\\\/la-peugeot-308-sw-2021-affronte-la-volkswagen-golf-sw-2021\\\/#primaryimage\"},\"thumbnailUrl\":\"https:\\\/\\\/www.autojm.fr\\\/blog\\\/wp-content\\\/uploads\\\/2022\\\/10\\\/641.jpg\",\"datePublished\":\"2021-07-23T00:00:00+00:00\",\"dateModified\":\"2023-04-18T06:56:47+00:00\",\"description\":\"La nouveaut\u00e9 break de Peugeot a bel et bien fait sa premi\u00e8re apparition mais n'entre pas tout de suite en production.\",\"breadcrumb\":{\"@id\":\"https:\\\/\\\/www.autojm.fr\\\/blog\\\/la-peugeot-308-sw-2021-affronte-la-volkswagen-golf-sw-2021\\\/#breadcrumb\"},\"inLanguage\":\"fr-FR\",\"potentialAction\":[{\"@type\":\"ReadAction\",\"target\":[\"https:\\\/\\\/www.autojm.fr\\\/blog\\\/la-peugeot-308-sw-2021-affronte-la-volkswagen-golf-sw-2021\\\/\"]}]},{\"@type\":\"ImageObject\",\"inLanguage\":\"fr-FR\",\"@id\":\"https:\\\/\\\/www.autojm.fr\\\/blog\\\/la-peugeot-308-sw-2021-affronte-la-volkswagen-golf-sw-2021\\\/#primaryimage\",\"url\":\"https:\\\/\\\/www.autojm.fr\\\/blog\\\/wp-content\\\/uploads\\\/2022\\\/10\\\/641.jpg\",\"contentUrl\":\"https:\\\/\\\/www.autojm.fr\\\/blog\\\/wp-content\\\/uploads\\\/2022\\\/10\\\/641.jpg\",\"width\":1024,\"height\":465,\"caption\":\"Peugeot 308 SW vs Golf SW\"},{\"@type\":\"BreadcrumbList\",\"@id\":\"https:\\\/\\\/www.autojm.fr\\\/blog\\\/la-peugeot-308-sw-2021-affronte-la-volkswagen-golf-sw-2021\\\/#breadcrumb\",\"itemListElement\":[{\"@type\":\"ListItem\",\"position\":1,\"name\":\"Accueil\",\"item\":\"https:\\\/\\\/www.autojm.fr\\\/blog\\\/\"},{\"@type\":\"ListItem\",\"position\":2,\"name\":\"Comparatifs\",\"item\":\"https:\\\/\\\/www.autojm.fr\\\/blog\\\/comparatifs\\\/\"},{\"@type\":\"ListItem\",\"position\":3,\"name\":\"La Peugeot 308 SW 2021 affronte la Volkswagen Golf SW 2021\"}]},{\"@type\":\"WebSite\",\"@id\":\"https:\\\/\\\/www.autojm.fr\\\/blog\\\/#website\",\"url\":\"https:\\\/\\\/www.autojm.fr\\\/blog\\\/\",\"name\":\"AutoJM Mag\",\"description\":\"Toute l&#039;actu auto en 1 clic !\",\"publisher\":{\"@id\":\"https:\\\/\\\/www.autojm.fr\\\/blog\\\/#organization\"},\"potentialAction\":[{\"@type\":\"SearchAction\",\"target\":{\"@type\":\"EntryPoint\",\"urlTemplate\":\"https:\\\/\\\/www.autojm.fr\\\/blog\\\/?s={search_term_string}\"},\"query-input\":{\"@type\":\"PropertyValueSpecification\",\"valueRequired\":true,\"valueName\":\"search_term_string\"}}],\"inLanguage\":\"fr-FR\"},{\"@type\":\"Organization\",\"@id\":\"https:\\\/\\\/www.autojm.fr\\\/blog\\\/#organization\",\"name\":\"AutoJM Mag\",\"url\":\"https:\\\/\\\/www.autojm.fr\\\/blog\\\/\",\"logo\":{\"@type\":\"ImageObject\",\"inLanguage\":\"fr-FR\",\"@id\":\"https:\\\/\\\/www.autojm.fr\\\/blog\\\/#\\\/schema\\\/logo\\\/image\\\/\",\"url\":\"https:\\\/\\\/www.autojm.fr\\\/blog\\\/wp-content\\\/uploads\\\/2022\\\/12\\\/cropped-AutoJMag-png.png\",\"contentUrl\":\"https:\\\/\\\/www.autojm.fr\\\/blog\\\/wp-content\\\/uploads\\\/2022\\\/12\\\/cropped-AutoJMag-png.png\",\"width\":2834,\"height\":585,\"caption\":\"AutoJM Mag\"},\"image\":{\"@id\":\"https:\\\/\\\/www.autojm.fr\\\/blog\\\/#\\\/schema\\\/logo\\\/image\\\/\"},\"sameAs\":[\"https:\\\/\\\/www.facebook.com\\\/AutoJM25\"]},{\"@type\":\"Person\",\"@id\":\"https:\\\/\\\/www.autojm.fr\\\/blog\\\/#\\\/schema\\\/person\\\/9742bc77541853e0de81fc57f947e1a0\",\"name\":\"Autojm\",\"image\":{\"@type\":\"ImageObject\",\"inLanguage\":\"fr-FR\",\"@id\":\"https:\\\/\\\/secure.gravatar.com\\\/avatar\\\/9a959d52b758fcc232fe4b6aca7bab139182573297122cce7d6f2ee0e537b418?s=96&d=mm&r=g\",\"url\":\"https:\\\/\\\/secure.gravatar.com\\\/avatar\\\/9a959d52b758fcc232fe4b6aca7bab139182573297122cce7d6f2ee0e537b418?s=96&d=mm&r=g\",\"contentUrl\":\"https:\\\/\\\/secure.gravatar.com\\\/avatar\\\/9a959d52b758fcc232fe4b6aca7bab139182573297122cce7d6f2ee0e537b418?s=96&d=mm&r=g\",\"caption\":\"Autojm\"},\"sameAs\":[\"https:\\\/\\\/www.autojm.fr\\\/blog\"],\"url\":\"https:\\\/\\\/www.autojm.fr\\\/blog\\\/author\\\/bichoi\\\/\"}]}<\/script>\n<!-- \/ Yoast SEO plugin. -->","yoast_head_json":{"title":"La Peugeot 308 SW 2021 affronte la Volkswagen Golf SW 2021","description":"La nouveaut\u00e9 break de Peugeot a bel et bien fait sa premi\u00e8re apparition mais n'entre pas tout de suite en production.","robots":{"index":"index","follow":"follow","max-snippet":"max-snippet:-1","max-image-preview":"max-image-preview:large","max-video-preview":"max-video-preview:-1"},"canonical":"https:\/\/www.autojm.fr\/blog\/la-peugeot-308-sw-2021-affronte-la-volkswagen-golf-sw-2021\/","og_locale":"fr_FR","og_type":"article","og_title":"La Peugeot 308 SW 2021 affronte la Volkswagen Golf SW 2021","og_description":"La nouveaut\u00e9 break de Peugeot a bel et bien fait sa premi\u00e8re apparition mais n'entre pas tout de suite en production.","og_url":"https:\/\/www.autojm.fr\/blog\/la-peugeot-308-sw-2021-affronte-la-volkswagen-golf-sw-2021\/","og_site_name":"AutoJM Mag","article_publisher":"https:\/\/www.facebook.com\/AutoJM25","article_published_time":"2021-07-23T00:00:00+00:00","article_modified_time":"2023-04-18T06:56:47+00:00","og_image":[{"width":1024,"height":465,"url":"https:\/\/www.autojm.fr\/blog\/wp-content\/uploads\/2022\/10\/641.jpg","type":"image\/jpeg"}],"author":"Autojm","twitter_card":"summary_large_image","twitter_misc":{"\u00c9crit par":"Autojm","Dur\u00e9e de lecture estim\u00e9e":"3 minutes"},"schema":{"@context":"https:\/\/schema.org","@graph":[{"@type":"Article","@id":"https:\/\/www.autojm.fr\/blog\/la-peugeot-308-sw-2021-affronte-la-volkswagen-golf-sw-2021\/#article","isPartOf":{"@id":"https:\/\/www.autojm.fr\/blog\/la-peugeot-308-sw-2021-affronte-la-volkswagen-golf-sw-2021\/"},"author":{"name":"Autojm","@id":"https:\/\/www.autojm.fr\/blog\/#\/schema\/person\/9742bc77541853e0de81fc57f947e1a0"},"headline":"La Peugeot 308 SW 2021 affronte la Volkswagen Golf SW 2021","datePublished":"2021-07-23T00:00:00+00:00","dateModified":"2023-04-18T06:56:47+00:00","mainEntityOfPage":{"@id":"https:\/\/www.autojm.fr\/blog\/la-peugeot-308-sw-2021-affronte-la-volkswagen-golf-sw-2021\/"},"wordCount":508,"commentCount":0,"publisher":{"@id":"https:\/\/www.autojm.fr\/blog\/#organization"},"image":{"@id":"https:\/\/www.autojm.fr\/blog\/la-peugeot-308-sw-2021-affronte-la-volkswagen-golf-sw-2021\/#primaryimage"},"thumbnailUrl":"https:\/\/www.autojm.fr\/blog\/wp-content\/uploads\/2022\/10\/641.jpg","keywords":["autojm","peugeot","Peugeot 308 SW","Volkswagen","Volkswagen Golf SW"],"articleSection":["Comparatifs"],"inLanguage":"fr-FR","potentialAction":[{"@type":"CommentAction","name":"Comment","target":["https:\/\/www.autojm.fr\/blog\/la-peugeot-308-sw-2021-affronte-la-volkswagen-golf-sw-2021\/#respond"]}]},{"@type":"WebPage","@id":"https:\/\/www.autojm.fr\/blog\/la-peugeot-308-sw-2021-affronte-la-volkswagen-golf-sw-2021\/","url":"https:\/\/www.autojm.fr\/blog\/la-peugeot-308-sw-2021-affronte-la-volkswagen-golf-sw-2021\/","name":"La Peugeot 308 SW 2021 affronte la Volkswagen Golf SW 2021","isPartOf":{"@id":"https:\/\/www.autojm.fr\/blog\/#website"},"primaryImageOfPage":{"@id":"https:\/\/www.autojm.fr\/blog\/la-peugeot-308-sw-2021-affronte-la-volkswagen-golf-sw-2021\/#primaryimage"},"image":{"@id":"https:\/\/www.autojm.fr\/blog\/la-peugeot-308-sw-2021-affronte-la-volkswagen-golf-sw-2021\/#primaryimage"},"thumbnailUrl":"https:\/\/www.autojm.fr\/blog\/wp-content\/uploads\/2022\/10\/641.jpg","datePublished":"2021-07-23T00:00:00+00:00","dateModified":"2023-04-18T06:56:47+00:00","description":"La nouveaut\u00e9 break de Peugeot a bel et bien fait sa premi\u00e8re apparition mais n'entre pas tout de suite en production.","breadcrumb":{"@id":"https:\/\/www.autojm.fr\/blog\/la-peugeot-308-sw-2021-affronte-la-volkswagen-golf-sw-2021\/#breadcrumb"},"inLanguage":"fr-FR","potentialAction":[{"@type":"ReadAction","target":["https:\/\/www.autojm.fr\/blog\/la-peugeot-308-sw-2021-affronte-la-volkswagen-golf-sw-2021\/"]}]},{"@type":"ImageObject","inLanguage":"fr-FR","@id":"https:\/\/www.autojm.fr\/blog\/la-peugeot-308-sw-2021-affronte-la-volkswagen-golf-sw-2021\/#primaryimage","url":"https:\/\/www.autojm.fr\/blog\/wp-content\/uploads\/2022\/10\/641.jpg","contentUrl":"https:\/\/www.autojm.fr\/blog\/wp-content\/uploads\/2022\/10\/641.jpg","width":1024,"height":465,"caption":"Peugeot 308 SW vs Golf SW"},{"@type":"BreadcrumbList","@id":"https:\/\/www.autojm.fr\/blog\/la-peugeot-308-sw-2021-affronte-la-volkswagen-golf-sw-2021\/#breadcrumb","itemListElement":[{"@type":"ListItem","position":1,"name":"Accueil","item":"https:\/\/www.autojm.fr\/blog\/"},{"@type":"ListItem","position":2,"name":"Comparatifs","item":"https:\/\/www.autojm.fr\/blog\/comparatifs\/"},{"@type":"ListItem","position":3,"name":"La Peugeot 308 SW 2021 affronte la Volkswagen Golf SW 2021"}]},{"@type":"WebSite","@id":"https:\/\/www.autojm.fr\/blog\/#website","url":"https:\/\/www.autojm.fr\/blog\/","name":"AutoJM Mag","description":"Toute l&#039;actu auto en 1 clic !","publisher":{"@id":"https:\/\/www.autojm.fr\/blog\/#organization"},"potentialAction":[{"@type":"SearchAction","target":{"@type":"EntryPoint","urlTemplate":"https:\/\/www.autojm.fr\/blog\/?s={search_term_string}"},"query-input":{"@type":"PropertyValueSpecification","valueRequired":true,"valueName":"search_term_string"}}],"inLanguage":"fr-FR"},{"@type":"Organization","@id":"https:\/\/www.autojm.fr\/blog\/#organization","name":"AutoJM Mag","url":"https:\/\/www.autojm.fr\/blog\/","logo":{"@type":"ImageObject","inLanguage":"fr-FR","@id":"https:\/\/www.autojm.fr\/blog\/#\/schema\/logo\/image\/","url":"https:\/\/www.autojm.fr\/blog\/wp-content\/uploads\/2022\/12\/cropped-AutoJMag-png.png","contentUrl":"https:\/\/www.autojm.fr\/blog\/wp-content\/uploads\/2022\/12\/cropped-AutoJMag-png.png","width":2834,"height":585,"caption":"AutoJM Mag"},"image":{"@id":"https:\/\/www.autojm.fr\/blog\/#\/schema\/logo\/image\/"},"sameAs":["https:\/\/www.facebook.com\/AutoJM25"]},{"@type":"Person","@id":"https:\/\/www.autojm.fr\/blog\/#\/schema\/person\/9742bc77541853e0de81fc57f947e1a0","name":"Autojm","image":{"@type":"ImageObject","inLanguage":"fr-FR","@id":"https:\/\/secure.gravatar.com\/avatar\/9a959d52b758fcc232fe4b6aca7bab139182573297122cce7d6f2ee0e537b418?s=96&d=mm&r=g","url":"https:\/\/secure.gravatar.com\/avatar\/9a959d52b758fcc232fe4b6aca7bab139182573297122cce7d6f2ee0e537b418?s=96&d=mm&r=g","contentUrl":"https:\/\/secure.gravatar.com\/avatar\/9a959d52b758fcc232fe4b6aca7bab139182573297122cce7d6f2ee0e537b418?s=96&d=mm&r=g","caption":"Autojm"},"sameAs":["https:\/\/www.autojm.fr\/blog"],"url":"https:\/\/www.autojm.fr\/blog\/author\/bichoi\/"}]}},"_links":{"self":[{"href":"https:\/\/www.autojm.fr\/blog\/wp-json\/wp\/v2\/posts\/3911","targetHints":{"allow":["GET"]}}],"collection":[{"href":"https:\/\/www.autojm.fr\/blog\/wp-json\/wp\/v2\/posts"}],"about":[{"href":"https:\/\/www.autojm.fr\/blog\/wp-json\/wp\/v2\/types\/post"}],"author":[{"embeddable":true,"href":"https:\/\/www.autojm.fr\/blog\/wp-json\/wp\/v2\/users\/1"}],"replies":[{"embeddable":true,"href":"https:\/\/www.autojm.fr\/blog\/wp-json\/wp\/v2\/comments?post=3911"}],"version-history":[{"count":5,"href":"https:\/\/www.autojm.fr\/blog\/wp-json\/wp\/v2\/posts\/3911\/revisions"}],"predecessor-version":[{"id":9214,"href":"https:\/\/www.autojm.fr\/blog\/wp-json\/wp\/v2\/posts\/3911\/revisions\/9214"}],"wp:featuredmedia":[{"embeddable":true,"href":"https:\/\/www.autojm.fr\/blog\/wp-json\/wp\/v2\/media\/5969"}],"wp:attachment":[{"href":"https:\/\/www.autojm.fr\/blog\/wp-json\/wp\/v2\/media?parent=3911"}],"wp:term":[{"taxonomy":"category","embeddable":true,"href":"https:\/\/www.autojm.fr\/blog\/wp-json\/wp\/v2\/categories?post=3911"},{"taxonomy":"post_tag","embeddable":true,"href":"https:\/\/www.autojm.fr\/blog\/wp-json\/wp\/v2\/tags?post=3911"}],"curies":[{"name":"wp","href":"https:\/\/api.w.org\/{rel}","templated":true}]}}