{"id":3910,"date":"2021-07-19T00:00:00","date_gmt":"2021-07-19T00:00:00","guid":{"rendered":"https:\/\/www.autojm.fr\/blog\/fin-des-voitures-thermiques-et-hybrides-en-2035\/"},"modified":"2022-12-13T09:16:59","modified_gmt":"2022-12-13T09:16:59","slug":"fin-des-voitures-thermiques-et-hybrides-en-2035","status":"publish","type":"post","link":"https:\/\/www.autojm.fr\/blog\/fin-des-voitures-thermiques-et-hybrides-en-2035\/","title":{"rendered":"Fin des voitures thermiques et hybrides en 2035 ?"},"content":{"rendered":"<p>C&rsquo;est un fait : la <strong><a href=\"https:\/\/www.autojm.fr\/recherche?part=blog&amp;utm_source=articleblog190721&amp;utm_medium=blog&amp;energies%5B%5D=Electrique\">voiture \u00e9lectrique<\/a><\/strong> est amen\u00e9e \u00e0 prendre de plus en plus de place sur le march\u00e9 automobile. La commission europ\u00e9enne multiplie les d\u00e9cisions en faveur du climat et contre le r\u00e9chauffement climatique. Parmi les sources de pollution \u00e0 exterminer, on trouve l&rsquo;automobile, ou plut\u00f4t, les motorisations qui ne sont pas \u00e9lectriques ! Le diesel \u00e9tait d\u00e9j\u00e0 la b\u00eate noire du gouvernement notamment depuis le dieselgate, mais l&rsquo;essence ne sera pas laiss\u00e9e de c\u00f4t\u00e9 concernant les prochaines d\u00e9cisions. Et la nouvelle est tomb\u00e9e ce 14 juillet : au cours des prochains mois, la d\u00e9cision de l&rsquo;arr\u00eat des ventes de <strong><a href=\"https:\/\/www.autojm.fr\/recherche?part=blog&amp;utm_source=articleblog190721&amp;utm_medium=blog&amp;energies%5B%5D=Essence&amp;energies%5B%5D=Hybride\">v\u00e9hicules thermiques<\/a><\/strong> en 2035 sera discut\u00e9e au parlement Europ\u00e9en.<\/p>\n<h2>Un objectif z\u00e9ro \u00e9mission<\/h2>\n<p>Si le parc automobile doit devenir 100% \u00e9colo, les motorisations essence et diesel devraient dispara\u00eetre, et entra\u00eener avec elle l&rsquo;arr\u00eat des versions hybrides et hybrides rechargeables. En effet, seuls les v\u00e9hicules 100% \u00e9lectrique n&rsquo;\u00e9mettent aucun gaz et seront donc autoris\u00e9s en production. De quoi bouleverser amplement la production automobile en France\u2026 150 emplois en France seraient menac\u00e9s \u201c100 000 dans la fili\u00e8re industrielle et 50 000 dans les services, qui dispara\u00eetraient compl\u00e8tement\u201d selon Fran\u00e7ois Roudier, porte-parole de la Plateforme automobile. Une d\u00e9cision qui n&rsquo;est pas sans rappeler le secteur a\u00e9rien, qui ne pourra plus b\u00e9n\u00e9ficier de k\u00e9ros\u00e8ne non tax\u00e9 pour les vols intra-europ\u00e9ens d\u00e8s 2023.<\/p>\n<h2>Une France toute \u00e9lectrique en 2035 ?<\/h2>\n<p>Pourtant la route semble encore longue avec de voir tous les automobilistes passer au vert. Si les voitures \u00e9lectriques restent encore peu sollicit\u00e9es par les Fran\u00e7ais, c&rsquo;est pour de nombreuses raisons :<\/p>\n<p>&#8211; Le nombre de mod\u00e8les en tout \u00e9lectrique est encore limit\u00e9, et avec une offre encore r\u00e9duite, les Fran\u00e7ais ne trouvent pas le v\u00e9hicule qui leur correspond.<br \/>\n&#8211; L&rsquo;autonomie des v\u00e9hicules \u00e9lectriques reste un gros point faible. Si les mod\u00e8les les plus haut de gamme atteignent aujourd&rsquo;hui autour des 600 kilom\u00e8tres d&rsquo;autonomie, la voiture \u00e9lectrique reste fragile et un rien peut entra\u00eener une forte consommation : climatisation, vitesse \u00e9lev\u00e9e, trajets sur autoroutes (pas\/peu de freinages), etc.<br \/>\n&#8211; Les bornes de recharge se d\u00e9veloppent, mais ne sont pas assez suffisantes et pas suffisamment r\u00e9parties pour entretenir autant de voitures \u00e9lectriques qu&rsquo;il n&rsquo;y a pas de voitures au total sur le territoire.<\/p>\n<p><iframe loading=\"lazy\" title=\"YouTube video player\" src=\"https:\/\/www.youtube.com\/embed\/PEr5tz7YdsQ\" width=\"100%\" height=\"315\" allowfullscreen=\"allowfullscreen\"><\/iframe><\/p>\n<h2>Une opposition g\u00e9n\u00e9rale \u00e0 la disparition de l&rsquo;hybride<\/h2>\n<p>Le minist\u00e8re de la transition \u00e9cologique a indiqu\u00e9 : \u201cil appara\u00eet n\u00e9cessaire de conserver une approche technologique ouverte qui n&rsquo;exclut pas les v\u00e9hicules hybrides rechargeables performants\u201d. L&rsquo;Association des Constructeurs Europ\u00e9ens d&rsquo;Automobiles a ajout\u00e9 \u201cToutes les options &#8211; y compris les moteurs \u00e0 combustion interne \u00e0 haut rendement, les v\u00e9hicules hybrides, les v\u00e9hicules \u00e9lectriques \u00e0 batterie et les v\u00e9hicules \u00e0 hydrog\u00e8ne &#8211; doivent jouer leur r\u00f4le dans la transition vers la neutralit\u00e9 climatique\u201d.<\/p>\n<h2>Quid des voitures thermiques ?<\/h2>\n<p>Si les mod\u00e8les essence et diesel ne seront plus admis au sein de la production, il restera sur les routes les v\u00e9hicules thermiques vendus avant 2035. Mais les contraintes risquent d&rsquo;\u00eatre nombreuses : d\u00e9placements contraints pour limiter la pollution, augmentation du prix de l&rsquo;essence\/du diesel pour pallier \u00e0 la demande en baisse\u2026 Les v\u00e9hicules thermiques perdront \u00e9galement de la valeur puisqu&rsquo;ils seront moins cot\u00e9s sur le march\u00e9 de l&rsquo;automobile.<\/p>\n<h2>Le r\u00e9trofit : la solution interm\u00e9diaire ?<\/h2>\n<p>Une des probl\u00e9matiques concernant les v\u00e9hicules \u00e9lectriques, c&rsquo;est leur tarif : le v\u00e9hicule \u00e9lectrique le moins cher du march\u00e9 actuel, c&rsquo;est le Dacia Spring, avec des prix d\u00e9butant \u00e0 16 000\u20ac. B\u00e9mol : ce mod\u00e8le accessible offre une autonomie de 230 km seulement, \u00e0 peine de quoi assurer les trajets quotidiens pour le travail. Le r\u00e9trofit consiste \u00e0 remplacer un moteur thermique par un moteur \u00e9lectrique en ajustant toute la m\u00e9canique de la voiture pour la rendre 100% \u00e9lectrique. Des professionnels agr\u00e9\u00e9s seulement peuvent proc\u00e9der \u00e0 cette technique pour vous garantir un v\u00e9hicule s\u00e9curis\u00e9 et un travail ma\u00eetris\u00e9. Il faudrait compter entre 15 000 et 25 000\u20ac pour un r\u00e9trofit, mais d&rsquo;ici \u00e0 2035, l&rsquo;\u00e9tat accordera peut-\u00eatre des aides financi\u00e8res afin d&rsquo;inciter les automobilistes \u00e0 passer au vert.<\/p>\n","protected":false},"excerpt":{"rendered":"<p>C&rsquo;est un fait : la voiture \u00e9lectrique est amen\u00e9e \u00e0 prendre de plus en plus de place sur le march\u00e9 automobile. La commission europ\u00e9enne multiplie les d\u00e9cisions en faveur du climat et contre le r\u00e9chauffement climatique.<\/p>\n","protected":false},"author":1,"featured_media":5968,"comment_status":"open","ping_status":"open","sticky":false,"template":"","format":"standard","meta":{"_acf_changed":false,"content-type":"","footnotes":""},"categories":[5],"tags":[90,79,74,105,110,109,106,108,107,73,78,96],"class_list":["post-3910","post","type-post","status-publish","format-standard","has-post-thumbnail","hentry","category-actualite-automobile","tag-autojm","tag-citroen","tag-dacia","tag-ds","tag-fiat","tag-ford","tag-kia","tag-nissan","tag-opel","tag-peugeot","tag-renault","tag-volkswagen"],"acf":[],"yoast_head":"<!-- This site is optimized with the Yoast SEO plugin v27.5 - https:\/\/yoast.com\/product\/yoast-seo-wordpress\/ -->\n<title>Fin des voitures thermiques et hybrides en 2035 ? - AutoJM Mag<\/title>\n<meta name=\"description\" content=\"C&#039;est un fait : la voiture \u00e9lectrique est amen\u00e9e \u00e0 prendre de plus en plus de place sur le march\u00e9 automobile.\" \/>\n<meta name=\"robots\" content=\"index, follow, max-snippet:-1, max-image-preview:large, max-video-preview:-1\" \/>\n<link rel=\"canonical\" href=\"https:\/\/www.autojm.fr\/blog\/fin-des-voitures-thermiques-et-hybrides-en-2035\/\" \/>\n<meta property=\"og:locale\" content=\"fr_FR\" \/>\n<meta property=\"og:type\" content=\"article\" \/>\n<meta property=\"og:title\" content=\"Fin des voitures thermiques et hybrides en 2035 ? - AutoJM Mag\" \/>\n<meta property=\"og:description\" content=\"C&#039;est un fait : la voiture \u00e9lectrique est amen\u00e9e \u00e0 prendre de plus en plus de place sur le march\u00e9 automobile.\" \/>\n<meta property=\"og:url\" content=\"https:\/\/www.autojm.fr\/blog\/fin-des-voitures-thermiques-et-hybrides-en-2035\/\" \/>\n<meta property=\"og:site_name\" content=\"AutoJM Mag\" \/>\n<meta property=\"article:publisher\" content=\"https:\/\/www.facebook.com\/AutoJM25\" \/>\n<meta property=\"article:published_time\" content=\"2021-07-19T00:00:00+00:00\" \/>\n<meta property=\"article:modified_time\" content=\"2022-12-13T09:16:59+00:00\" \/>\n<meta property=\"og:image\" content=\"https:\/\/www.autojm.fr\/blog\/wp-content\/uploads\/2022\/10\/640.jpg\" \/>\n\t<meta property=\"og:image:width\" content=\"1024\" \/>\n\t<meta property=\"og:image:height\" content=\"465\" \/>\n\t<meta property=\"og:image:type\" content=\"image\/jpeg\" \/>\n<meta name=\"author\" content=\"Autojm\" \/>\n<meta name=\"twitter:card\" content=\"summary_large_image\" \/>\n<meta name=\"twitter:label1\" content=\"\u00c9crit par\" \/>\n\t<meta name=\"twitter:data1\" content=\"Autojm\" \/>\n\t<meta name=\"twitter:label2\" content=\"Dur\u00e9e de lecture estim\u00e9e\" \/>\n\t<meta name=\"twitter:data2\" content=\"5 minutes\" \/>\n<script type=\"application\/ld+json\" class=\"yoast-schema-graph\">{\"@context\":\"https:\\\/\\\/schema.org\",\"@graph\":[{\"@type\":\"Article\",\"@id\":\"https:\\\/\\\/www.autojm.fr\\\/blog\\\/fin-des-voitures-thermiques-et-hybrides-en-2035\\\/#article\",\"isPartOf\":{\"@id\":\"https:\\\/\\\/www.autojm.fr\\\/blog\\\/fin-des-voitures-thermiques-et-hybrides-en-2035\\\/\"},\"author\":{\"name\":\"Autojm\",\"@id\":\"https:\\\/\\\/www.autojm.fr\\\/blog\\\/#\\\/schema\\\/person\\\/9742bc77541853e0de81fc57f947e1a0\"},\"headline\":\"Fin des voitures thermiques et hybrides en 2035 ?\",\"datePublished\":\"2021-07-19T00:00:00+00:00\",\"dateModified\":\"2022-12-13T09:16:59+00:00\",\"mainEntityOfPage\":{\"@id\":\"https:\\\/\\\/www.autojm.fr\\\/blog\\\/fin-des-voitures-thermiques-et-hybrides-en-2035\\\/\"},\"wordCount\":704,\"commentCount\":0,\"publisher\":{\"@id\":\"https:\\\/\\\/www.autojm.fr\\\/blog\\\/#organization\"},\"image\":{\"@id\":\"https:\\\/\\\/www.autojm.fr\\\/blog\\\/fin-des-voitures-thermiques-et-hybrides-en-2035\\\/#primaryimage\"},\"thumbnailUrl\":\"https:\\\/\\\/www.autojm.fr\\\/blog\\\/wp-content\\\/uploads\\\/2022\\\/10\\\/640.jpg\",\"keywords\":[\"autojm\",\"citroen\",\"dacia\",\"DS\",\"Fiat\",\"Ford\",\"Kia\",\"Nissan\",\"Opel\",\"peugeot\",\"renault\",\"Volkswagen\"],\"articleSection\":[\"Actualit\u00e9 Automobile\"],\"inLanguage\":\"fr-FR\",\"potentialAction\":[{\"@type\":\"CommentAction\",\"name\":\"Comment\",\"target\":[\"https:\\\/\\\/www.autojm.fr\\\/blog\\\/fin-des-voitures-thermiques-et-hybrides-en-2035\\\/#respond\"]}]},{\"@type\":\"WebPage\",\"@id\":\"https:\\\/\\\/www.autojm.fr\\\/blog\\\/fin-des-voitures-thermiques-et-hybrides-en-2035\\\/\",\"url\":\"https:\\\/\\\/www.autojm.fr\\\/blog\\\/fin-des-voitures-thermiques-et-hybrides-en-2035\\\/\",\"name\":\"Fin des voitures thermiques et hybrides en 2035 ? - AutoJM Mag\",\"isPartOf\":{\"@id\":\"https:\\\/\\\/www.autojm.fr\\\/blog\\\/#website\"},\"primaryImageOfPage\":{\"@id\":\"https:\\\/\\\/www.autojm.fr\\\/blog\\\/fin-des-voitures-thermiques-et-hybrides-en-2035\\\/#primaryimage\"},\"image\":{\"@id\":\"https:\\\/\\\/www.autojm.fr\\\/blog\\\/fin-des-voitures-thermiques-et-hybrides-en-2035\\\/#primaryimage\"},\"thumbnailUrl\":\"https:\\\/\\\/www.autojm.fr\\\/blog\\\/wp-content\\\/uploads\\\/2022\\\/10\\\/640.jpg\",\"datePublished\":\"2021-07-19T00:00:00+00:00\",\"dateModified\":\"2022-12-13T09:16:59+00:00\",\"description\":\"C'est un fait : la voiture \u00e9lectrique est amen\u00e9e \u00e0 prendre de plus en plus de place sur le march\u00e9 automobile.\",\"breadcrumb\":{\"@id\":\"https:\\\/\\\/www.autojm.fr\\\/blog\\\/fin-des-voitures-thermiques-et-hybrides-en-2035\\\/#breadcrumb\"},\"inLanguage\":\"fr-FR\",\"potentialAction\":[{\"@type\":\"ReadAction\",\"target\":[\"https:\\\/\\\/www.autojm.fr\\\/blog\\\/fin-des-voitures-thermiques-et-hybrides-en-2035\\\/\"]}]},{\"@type\":\"ImageObject\",\"inLanguage\":\"fr-FR\",\"@id\":\"https:\\\/\\\/www.autojm.fr\\\/blog\\\/fin-des-voitures-thermiques-et-hybrides-en-2035\\\/#primaryimage\",\"url\":\"https:\\\/\\\/www.autojm.fr\\\/blog\\\/wp-content\\\/uploads\\\/2022\\\/10\\\/640.jpg\",\"contentUrl\":\"https:\\\/\\\/www.autojm.fr\\\/blog\\\/wp-content\\\/uploads\\\/2022\\\/10\\\/640.jpg\",\"width\":1024,\"height\":465,\"caption\":\"Voitures \u00e9lectriques\"},{\"@type\":\"BreadcrumbList\",\"@id\":\"https:\\\/\\\/www.autojm.fr\\\/blog\\\/fin-des-voitures-thermiques-et-hybrides-en-2035\\\/#breadcrumb\",\"itemListElement\":[{\"@type\":\"ListItem\",\"position\":1,\"name\":\"Accueil\",\"item\":\"https:\\\/\\\/www.autojm.fr\\\/blog\\\/\"},{\"@type\":\"ListItem\",\"position\":2,\"name\":\"Actualit\u00e9 Automobile\",\"item\":\"https:\\\/\\\/www.autojm.fr\\\/blog\\\/actualite-automobile\\\/\"},{\"@type\":\"ListItem\",\"position\":3,\"name\":\"Fin des voitures thermiques et hybrides en 2035 ?\"}]},{\"@type\":\"WebSite\",\"@id\":\"https:\\\/\\\/www.autojm.fr\\\/blog\\\/#website\",\"url\":\"https:\\\/\\\/www.autojm.fr\\\/blog\\\/\",\"name\":\"AutoJM Mag\",\"description\":\"Toute l&#039;actu auto en 1 clic !\",\"publisher\":{\"@id\":\"https:\\\/\\\/www.autojm.fr\\\/blog\\\/#organization\"},\"potentialAction\":[{\"@type\":\"SearchAction\",\"target\":{\"@type\":\"EntryPoint\",\"urlTemplate\":\"https:\\\/\\\/www.autojm.fr\\\/blog\\\/?s={search_term_string}\"},\"query-input\":{\"@type\":\"PropertyValueSpecification\",\"valueRequired\":true,\"valueName\":\"search_term_string\"}}],\"inLanguage\":\"fr-FR\"},{\"@type\":\"Organization\",\"@id\":\"https:\\\/\\\/www.autojm.fr\\\/blog\\\/#organization\",\"name\":\"AutoJM Mag\",\"url\":\"https:\\\/\\\/www.autojm.fr\\\/blog\\\/\",\"logo\":{\"@type\":\"ImageObject\",\"inLanguage\":\"fr-FR\",\"@id\":\"https:\\\/\\\/www.autojm.fr\\\/blog\\\/#\\\/schema\\\/logo\\\/image\\\/\",\"url\":\"https:\\\/\\\/www.autojm.fr\\\/blog\\\/wp-content\\\/uploads\\\/2022\\\/12\\\/cropped-AutoJMag-png.png\",\"contentUrl\":\"https:\\\/\\\/www.autojm.fr\\\/blog\\\/wp-content\\\/uploads\\\/2022\\\/12\\\/cropped-AutoJMag-png.png\",\"width\":2834,\"height\":585,\"caption\":\"AutoJM Mag\"},\"image\":{\"@id\":\"https:\\\/\\\/www.autojm.fr\\\/blog\\\/#\\\/schema\\\/logo\\\/image\\\/\"},\"sameAs\":[\"https:\\\/\\\/www.facebook.com\\\/AutoJM25\"]},{\"@type\":\"Person\",\"@id\":\"https:\\\/\\\/www.autojm.fr\\\/blog\\\/#\\\/schema\\\/person\\\/9742bc77541853e0de81fc57f947e1a0\",\"name\":\"Autojm\",\"image\":{\"@type\":\"ImageObject\",\"inLanguage\":\"fr-FR\",\"@id\":\"https:\\\/\\\/secure.gravatar.com\\\/avatar\\\/9a959d52b758fcc232fe4b6aca7bab139182573297122cce7d6f2ee0e537b418?s=96&d=mm&r=g\",\"url\":\"https:\\\/\\\/secure.gravatar.com\\\/avatar\\\/9a959d52b758fcc232fe4b6aca7bab139182573297122cce7d6f2ee0e537b418?s=96&d=mm&r=g\",\"contentUrl\":\"https:\\\/\\\/secure.gravatar.com\\\/avatar\\\/9a959d52b758fcc232fe4b6aca7bab139182573297122cce7d6f2ee0e537b418?s=96&d=mm&r=g\",\"caption\":\"Autojm\"},\"sameAs\":[\"https:\\\/\\\/www.autojm.fr\\\/blog\"],\"url\":\"https:\\\/\\\/www.autojm.fr\\\/blog\\\/author\\\/bichoi\\\/\"}]}<\/script>\n<!-- \/ Yoast SEO plugin. -->","yoast_head_json":{"title":"Fin des voitures thermiques et hybrides en 2035 ? - AutoJM Mag","description":"C'est un fait : la voiture \u00e9lectrique est amen\u00e9e \u00e0 prendre de plus en plus de place sur le march\u00e9 automobile.","robots":{"index":"index","follow":"follow","max-snippet":"max-snippet:-1","max-image-preview":"max-image-preview:large","max-video-preview":"max-video-preview:-1"},"canonical":"https:\/\/www.autojm.fr\/blog\/fin-des-voitures-thermiques-et-hybrides-en-2035\/","og_locale":"fr_FR","og_type":"article","og_title":"Fin des voitures thermiques et hybrides en 2035 ? - AutoJM Mag","og_description":"C'est un fait : la voiture \u00e9lectrique est amen\u00e9e \u00e0 prendre de plus en plus de place sur le march\u00e9 automobile.","og_url":"https:\/\/www.autojm.fr\/blog\/fin-des-voitures-thermiques-et-hybrides-en-2035\/","og_site_name":"AutoJM Mag","article_publisher":"https:\/\/www.facebook.com\/AutoJM25","article_published_time":"2021-07-19T00:00:00+00:00","article_modified_time":"2022-12-13T09:16:59+00:00","og_image":[{"width":1024,"height":465,"url":"https:\/\/www.autojm.fr\/blog\/wp-content\/uploads\/2022\/10\/640.jpg","type":"image\/jpeg"}],"author":"Autojm","twitter_card":"summary_large_image","twitter_misc":{"\u00c9crit par":"Autojm","Dur\u00e9e de lecture estim\u00e9e":"5 minutes"},"schema":{"@context":"https:\/\/schema.org","@graph":[{"@type":"Article","@id":"https:\/\/www.autojm.fr\/blog\/fin-des-voitures-thermiques-et-hybrides-en-2035\/#article","isPartOf":{"@id":"https:\/\/www.autojm.fr\/blog\/fin-des-voitures-thermiques-et-hybrides-en-2035\/"},"author":{"name":"Autojm","@id":"https:\/\/www.autojm.fr\/blog\/#\/schema\/person\/9742bc77541853e0de81fc57f947e1a0"},"headline":"Fin des voitures thermiques et hybrides en 2035 ?","datePublished":"2021-07-19T00:00:00+00:00","dateModified":"2022-12-13T09:16:59+00:00","mainEntityOfPage":{"@id":"https:\/\/www.autojm.fr\/blog\/fin-des-voitures-thermiques-et-hybrides-en-2035\/"},"wordCount":704,"commentCount":0,"publisher":{"@id":"https:\/\/www.autojm.fr\/blog\/#organization"},"image":{"@id":"https:\/\/www.autojm.fr\/blog\/fin-des-voitures-thermiques-et-hybrides-en-2035\/#primaryimage"},"thumbnailUrl":"https:\/\/www.autojm.fr\/blog\/wp-content\/uploads\/2022\/10\/640.jpg","keywords":["autojm","citroen","dacia","DS","Fiat","Ford","Kia","Nissan","Opel","peugeot","renault","Volkswagen"],"articleSection":["Actualit\u00e9 Automobile"],"inLanguage":"fr-FR","potentialAction":[{"@type":"CommentAction","name":"Comment","target":["https:\/\/www.autojm.fr\/blog\/fin-des-voitures-thermiques-et-hybrides-en-2035\/#respond"]}]},{"@type":"WebPage","@id":"https:\/\/www.autojm.fr\/blog\/fin-des-voitures-thermiques-et-hybrides-en-2035\/","url":"https:\/\/www.autojm.fr\/blog\/fin-des-voitures-thermiques-et-hybrides-en-2035\/","name":"Fin des voitures thermiques et hybrides en 2035 ? - AutoJM Mag","isPartOf":{"@id":"https:\/\/www.autojm.fr\/blog\/#website"},"primaryImageOfPage":{"@id":"https:\/\/www.autojm.fr\/blog\/fin-des-voitures-thermiques-et-hybrides-en-2035\/#primaryimage"},"image":{"@id":"https:\/\/www.autojm.fr\/blog\/fin-des-voitures-thermiques-et-hybrides-en-2035\/#primaryimage"},"thumbnailUrl":"https:\/\/www.autojm.fr\/blog\/wp-content\/uploads\/2022\/10\/640.jpg","datePublished":"2021-07-19T00:00:00+00:00","dateModified":"2022-12-13T09:16:59+00:00","description":"C'est un fait : la voiture \u00e9lectrique est amen\u00e9e \u00e0 prendre de plus en plus de place sur le march\u00e9 automobile.","breadcrumb":{"@id":"https:\/\/www.autojm.fr\/blog\/fin-des-voitures-thermiques-et-hybrides-en-2035\/#breadcrumb"},"inLanguage":"fr-FR","potentialAction":[{"@type":"ReadAction","target":["https:\/\/www.autojm.fr\/blog\/fin-des-voitures-thermiques-et-hybrides-en-2035\/"]}]},{"@type":"ImageObject","inLanguage":"fr-FR","@id":"https:\/\/www.autojm.fr\/blog\/fin-des-voitures-thermiques-et-hybrides-en-2035\/#primaryimage","url":"https:\/\/www.autojm.fr\/blog\/wp-content\/uploads\/2022\/10\/640.jpg","contentUrl":"https:\/\/www.autojm.fr\/blog\/wp-content\/uploads\/2022\/10\/640.jpg","width":1024,"height":465,"caption":"Voitures \u00e9lectriques"},{"@type":"BreadcrumbList","@id":"https:\/\/www.autojm.fr\/blog\/fin-des-voitures-thermiques-et-hybrides-en-2035\/#breadcrumb","itemListElement":[{"@type":"ListItem","position":1,"name":"Accueil","item":"https:\/\/www.autojm.fr\/blog\/"},{"@type":"ListItem","position":2,"name":"Actualit\u00e9 Automobile","item":"https:\/\/www.autojm.fr\/blog\/actualite-automobile\/"},{"@type":"ListItem","position":3,"name":"Fin des voitures thermiques et hybrides en 2035 ?"}]},{"@type":"WebSite","@id":"https:\/\/www.autojm.fr\/blog\/#website","url":"https:\/\/www.autojm.fr\/blog\/","name":"AutoJM Mag","description":"Toute l&#039;actu auto en 1 clic !","publisher":{"@id":"https:\/\/www.autojm.fr\/blog\/#organization"},"potentialAction":[{"@type":"SearchAction","target":{"@type":"EntryPoint","urlTemplate":"https:\/\/www.autojm.fr\/blog\/?s={search_term_string}"},"query-input":{"@type":"PropertyValueSpecification","valueRequired":true,"valueName":"search_term_string"}}],"inLanguage":"fr-FR"},{"@type":"Organization","@id":"https:\/\/www.autojm.fr\/blog\/#organization","name":"AutoJM Mag","url":"https:\/\/www.autojm.fr\/blog\/","logo":{"@type":"ImageObject","inLanguage":"fr-FR","@id":"https:\/\/www.autojm.fr\/blog\/#\/schema\/logo\/image\/","url":"https:\/\/www.autojm.fr\/blog\/wp-content\/uploads\/2022\/12\/cropped-AutoJMag-png.png","contentUrl":"https:\/\/www.autojm.fr\/blog\/wp-content\/uploads\/2022\/12\/cropped-AutoJMag-png.png","width":2834,"height":585,"caption":"AutoJM Mag"},"image":{"@id":"https:\/\/www.autojm.fr\/blog\/#\/schema\/logo\/image\/"},"sameAs":["https:\/\/www.facebook.com\/AutoJM25"]},{"@type":"Person","@id":"https:\/\/www.autojm.fr\/blog\/#\/schema\/person\/9742bc77541853e0de81fc57f947e1a0","name":"Autojm","image":{"@type":"ImageObject","inLanguage":"fr-FR","@id":"https:\/\/secure.gravatar.com\/avatar\/9a959d52b758fcc232fe4b6aca7bab139182573297122cce7d6f2ee0e537b418?s=96&d=mm&r=g","url":"https:\/\/secure.gravatar.com\/avatar\/9a959d52b758fcc232fe4b6aca7bab139182573297122cce7d6f2ee0e537b418?s=96&d=mm&r=g","contentUrl":"https:\/\/secure.gravatar.com\/avatar\/9a959d52b758fcc232fe4b6aca7bab139182573297122cce7d6f2ee0e537b418?s=96&d=mm&r=g","caption":"Autojm"},"sameAs":["https:\/\/www.autojm.fr\/blog"],"url":"https:\/\/www.autojm.fr\/blog\/author\/bichoi\/"}]}},"_links":{"self":[{"href":"https:\/\/www.autojm.fr\/blog\/wp-json\/wp\/v2\/posts\/3910","targetHints":{"allow":["GET"]}}],"collection":[{"href":"https:\/\/www.autojm.fr\/blog\/wp-json\/wp\/v2\/posts"}],"about":[{"href":"https:\/\/www.autojm.fr\/blog\/wp-json\/wp\/v2\/types\/post"}],"author":[{"embeddable":true,"href":"https:\/\/www.autojm.fr\/blog\/wp-json\/wp\/v2\/users\/1"}],"replies":[{"embeddable":true,"href":"https:\/\/www.autojm.fr\/blog\/wp-json\/wp\/v2\/comments?post=3910"}],"version-history":[{"count":4,"href":"https:\/\/www.autojm.fr\/blog\/wp-json\/wp\/v2\/posts\/3910\/revisions"}],"predecessor-version":[{"id":7009,"href":"https:\/\/www.autojm.fr\/blog\/wp-json\/wp\/v2\/posts\/3910\/revisions\/7009"}],"wp:featuredmedia":[{"embeddable":true,"href":"https:\/\/www.autojm.fr\/blog\/wp-json\/wp\/v2\/media\/5968"}],"wp:attachment":[{"href":"https:\/\/www.autojm.fr\/blog\/wp-json\/wp\/v2\/media?parent=3910"}],"wp:term":[{"taxonomy":"category","embeddable":true,"href":"https:\/\/www.autojm.fr\/blog\/wp-json\/wp\/v2\/categories?post=3910"},{"taxonomy":"post_tag","embeddable":true,"href":"https:\/\/www.autojm.fr\/blog\/wp-json\/wp\/v2\/tags?post=3910"}],"curies":[{"name":"wp","href":"https:\/\/api.w.org\/{rel}","templated":true}]}}