{"id":3909,"date":"2021-07-09T00:00:00","date_gmt":"2021-07-09T00:00:00","guid":{"rendered":"https:\/\/www.autojm.fr\/blog\/ventes-auto-un-premier-semestre-preoccupant\/"},"modified":"2022-12-21T14:07:24","modified_gmt":"2022-12-21T14:07:24","slug":"ventes-auto-un-premier-semestre-preoccupant","status":"publish","type":"post","link":"https:\/\/www.autojm.fr\/blog\/ventes-auto-un-premier-semestre-preoccupant\/","title":{"rendered":"Ventes auto : un premier semestre pr\u00e9occupant\u2026"},"content":{"rendered":"\n<p>Ce mois de juin 2021 renverse la tendance observ\u00e9e ces derniers mois : alors que les chiffres pouvaient para\u00eetre bons en comparaison avec les mois de mars, avril et mai 2020 ou la crise sanitaire avait fortement impact\u00e9 les ventes automobiles, on enregistre ce mois-ci une forte baisse compar\u00e9 \u00e0 juin 2020. Rappelons que l&rsquo;Etat avait lanc\u00e9 d\u00e9but juin 2020 les aides exceptionnelles avec une hausse de la prime \u00e0 la conversion, du bonus \u00e9cologique, et un plus grand nombre de personnes concern\u00e9es. Alors, quel est le bilan pour ce mois de juin 2021, et pour le premier semestre de cette ann\u00e9e ?<\/p>\n\n\n\n<h2 class=\"wp-block-heading\">Des ventes automobiles toujours au ralenti&#8230;<\/h2>\n\n\n\n<p>199 508 <strong><a href=\"https:\/\/www.autojm.fr\/recherche?part=blog&amp;utm_source=articleblog090721&amp;utm_medium=blog\">voitures particuli\u00e8res neuves<\/a><\/strong> ont \u00e9t\u00e9 immatricul\u00e9es au mois de juin 2021, soit 14,7% de moins qu&rsquo;en 2020 et 13,6% de moins qu&rsquo;en 2019. Sur le premier semestre de l&rsquo;ann\u00e9e, le march\u00e9 est en hausse de 28,9% par rapport \u00e0 l&rsquo;ann\u00e9e 2020, mais en baisse de 20,9% par rapport \u00e0 2019, ann\u00e9e plus classique. Les ventes automobiles n&rsquo;ont donc pas repris leur rythme d&rsquo;avant la crise, et atteignent sur les 6 premiers mois 922 766 unit\u00e9s. Depuis 2015, tous les ans, \u00e0 l&rsquo;exception de l&rsquo;ann\u00e9e 2020, le million de v\u00e9hicules immatricul\u00e9s avait \u00e9t\u00e9 d\u00e9pass\u00e9 \u00e0 la fin du premier semestre\u2026 La fin de l&rsquo;ann\u00e9e sera-t-elle le th\u00e9\u00e2tre d&rsquo;une remont\u00e9e inattendue ?<\/p>\n\n\n\n<h2 class=\"wp-block-heading\">Renault en t\u00eate des ventes !<\/h2>\n\n\n\n<p>En divisant le march\u00e9, 83 096 immatriculations concernent la vente de v\u00e9hicules aux particuliers, soit 41,6% de part de march\u00e9. C&rsquo;est <strong><a href=\"https:\/\/www.autojm.fr\/mandataire-voitures-neuves-renault?part=blog&amp;utm_source=articleblog090721&amp;utm_medium=blog\">Renault<\/a><\/strong> qui s&rsquo;affiche en t\u00eate de ce classement, avec 15,1% de part de march\u00e9 et 12 589 immatriculations, suivi par Dacia, avec 12,7% de part de march\u00e9 et 10 546 immatriculations, et enfin Peugeot, 3\u00e8me de ce classement, qui a immatricul\u00e9 9 913 v\u00e9hicules et occupe 11,9% de part de march\u00e9. Renault s&rsquo;impose \u00e9galement en num\u00e9ro 1 des locations de courte dur\u00e9e avec 21,1% de part de march\u00e9, des ventes aux soci\u00e9t\u00e9s avec 25,4% de part de march\u00e9, et des ventes de v\u00e9hicules de d\u00e9monstration avec 18,7% de part du march\u00e9. Pour les loueurs de longue dur\u00e9e, c&rsquo;est Peugeot qui prend la premi\u00e8re place avec 20,3% de part de march\u00e9, soit 4 350 immatriculations sur les 21 386 totales.<\/p>\n\n\n\n<h2 class=\"wp-block-heading\">Hausse et baisse des immatriculations : la double tendance<\/h2>\n\n\n\n<p>D&rsquo;un point de vue g\u00e9n\u00e9ral, il y a une double tendance concernant les immatriculations par rapport \u00e0 juin 2020, avec des baisses pour certains : -13,62% pour <strong><a href=\"https:\/\/www.autojm.fr\/mandataire-voitures-neuves-peugeot?part=blog&amp;utm_source=articleblog090721&amp;utm_medium=blog\">Peugeot<\/a><\/strong>, -10,58% pour <strong><a href=\"https:\/\/www.autojm.fr\/mandataire-voitures-neuves-citroen?part=blog&amp;utm_source=articleblog090721&amp;utm_medium=blog\">Citro\u00ebn<\/a><\/strong>, -6,27% pour <strong><a href=\"https:\/\/www.autojm.fr\/mandataire-voitures-neuves-opel?part=blog&amp;utm_source=articleblog090721&amp;utm_medium=blog\">Opel<\/a><\/strong>, -33,14% pour Renault, -4,72% pour Skoda, -29,43% pour BMW, -55,57% pour Ford, -3,98% pour Seat\u2026 etc, et des augmentations pour d&rsquo;autres : + 8,57% pour Volkswagen, + 10,55% pour Audi, + 13,82% pour Hyundai, + 5,9% pour Fiat ou encore + 59,2% pour DS.<\/p>\n\n\n\n<h2 class=\"wp-block-heading\">Les voitures diesel perdent des parts de march\u00e9<\/h2>\n\n\n\n<p>Les v\u00e9hicules essence repr\u00e9sentent 42,3% des v\u00e9hicules immatricul\u00e9es en juin 2021, contre 32,1% de part de march\u00e9 pour les mod\u00e8les hybrides et \u00e9lectriques et 23% pour les voitures diesel.<\/p>\n\n\n\n<p><iframe loading=\"lazy\" title=\"YouTube video player\" src=\"https:\/\/www.youtube.com\/embed\/PEr5tz7YdsQ\" width=\"100%\" height=\"315\" allowfullscreen=\"allowfullscreen\"><\/iframe><\/p>\n\n\n\n<h2 class=\"wp-block-heading\">V\u00e9hicules les plus vendus en juin 2021<\/h2>\n\n\n\n<p>Et dans les top ventes de ce mois de juin 2021 on retrouve le SUV Dacia Sandero en 1\u00e8re place avec 9 971 v\u00e9hicules immatricul\u00e9s, suivi par la Renault Clio et ses 9 593 immatriculations, la Peugeot 208 et ses 8 855 immatriculations, le Renault Captur et ses 8 602 immatriculations et le Peugeot 2008 et ses 7091 immatriculations.<\/p>\n","protected":false},"excerpt":{"rendered":"<p>Ce mois de juin 2021 renverse la tendance observ\u00e9e ces derniers mois : alors que les chiffres pouvaient para\u00eetre bons en comparaison avec les mois de mars, avril et mai 2020 ou la crise sanitaire avait fortement impact\u00e9 les ventes automobiles, on enregistre ce mois-ci une forte baisse compar\u00e9 \u00e0 juin 2020.<\/p>\n","protected":false},"author":1,"featured_media":5967,"comment_status":"open","ping_status":"open","sticky":false,"template":"","format":"standard","meta":{"_acf_changed":false,"content-type":"","footnotes":""},"categories":[5],"tags":[90,79,74,105,110,109,106,108,107,73,78,96],"class_list":["post-3909","post","type-post","status-publish","format-standard","has-post-thumbnail","hentry","category-actualite-automobile","tag-autojm","tag-citroen","tag-dacia","tag-ds","tag-fiat","tag-ford","tag-kia","tag-nissan","tag-opel","tag-peugeot","tag-renault","tag-volkswagen"],"acf":[],"yoast_head":"<!-- This site is optimized with the Yoast SEO plugin v27.5 - https:\/\/yoast.com\/product\/yoast-seo-wordpress\/ -->\n<title>Ventes auto : un premier semestre pr\u00e9occupant\u2026 - AutoJM Mag<\/title>\n<meta name=\"description\" content=\"Ce mois de juin 2021 renverse la tendance observ\u00e9e ces derniers mois : alors que les chiffres pouvaient para\u00eetre bons en comparaison avec...\" \/>\n<meta name=\"robots\" content=\"index, follow, max-snippet:-1, max-image-preview:large, max-video-preview:-1\" \/>\n<link rel=\"canonical\" href=\"https:\/\/www.autojm.fr\/blog\/ventes-auto-un-premier-semestre-preoccupant\/\" \/>\n<meta property=\"og:locale\" content=\"fr_FR\" \/>\n<meta property=\"og:type\" content=\"article\" \/>\n<meta property=\"og:title\" content=\"Ventes auto : un premier semestre pr\u00e9occupant\u2026 - AutoJM Mag\" \/>\n<meta property=\"og:description\" content=\"Ce mois de juin 2021 renverse la tendance observ\u00e9e ces derniers mois : alors que les chiffres pouvaient para\u00eetre bons en comparaison avec...\" \/>\n<meta property=\"og:url\" content=\"https:\/\/www.autojm.fr\/blog\/ventes-auto-un-premier-semestre-preoccupant\/\" \/>\n<meta property=\"og:site_name\" content=\"AutoJM Mag\" \/>\n<meta property=\"article:publisher\" content=\"https:\/\/www.facebook.com\/AutoJM25\" \/>\n<meta property=\"article:published_time\" content=\"2021-07-09T00:00:00+00:00\" \/>\n<meta property=\"article:modified_time\" content=\"2022-12-21T14:07:24+00:00\" \/>\n<meta property=\"og:image\" content=\"https:\/\/www.autojm.fr\/blog\/wp-content\/uploads\/2022\/10\/639.jpg\" \/>\n\t<meta property=\"og:image:width\" content=\"1024\" \/>\n\t<meta property=\"og:image:height\" content=\"465\" \/>\n\t<meta property=\"og:image:type\" content=\"image\/jpeg\" \/>\n<meta name=\"author\" content=\"Autojm\" \/>\n<meta name=\"twitter:card\" content=\"summary_large_image\" \/>\n<meta name=\"twitter:label1\" content=\"\u00c9crit par\" \/>\n\t<meta name=\"twitter:data1\" content=\"Autojm\" \/>\n\t<meta name=\"twitter:label2\" content=\"Dur\u00e9e de lecture estim\u00e9e\" \/>\n\t<meta name=\"twitter:data2\" content=\"3 minutes\" \/>\n<script type=\"application\/ld+json\" class=\"yoast-schema-graph\">{\"@context\":\"https:\\\/\\\/schema.org\",\"@graph\":[{\"@type\":\"Article\",\"@id\":\"https:\\\/\\\/www.autojm.fr\\\/blog\\\/ventes-auto-un-premier-semestre-preoccupant\\\/#article\",\"isPartOf\":{\"@id\":\"https:\\\/\\\/www.autojm.fr\\\/blog\\\/ventes-auto-un-premier-semestre-preoccupant\\\/\"},\"author\":{\"name\":\"Autojm\",\"@id\":\"https:\\\/\\\/www.autojm.fr\\\/blog\\\/#\\\/schema\\\/person\\\/9742bc77541853e0de81fc57f947e1a0\"},\"headline\":\"Ventes auto : un premier semestre pr\u00e9occupant\u2026\",\"datePublished\":\"2021-07-09T00:00:00+00:00\",\"dateModified\":\"2022-12-21T14:07:24+00:00\",\"mainEntityOfPage\":{\"@id\":\"https:\\\/\\\/www.autojm.fr\\\/blog\\\/ventes-auto-un-premier-semestre-preoccupant\\\/\"},\"wordCount\":521,\"commentCount\":0,\"publisher\":{\"@id\":\"https:\\\/\\\/www.autojm.fr\\\/blog\\\/#organization\"},\"image\":{\"@id\":\"https:\\\/\\\/www.autojm.fr\\\/blog\\\/ventes-auto-un-premier-semestre-preoccupant\\\/#primaryimage\"},\"thumbnailUrl\":\"https:\\\/\\\/www.autojm.fr\\\/blog\\\/wp-content\\\/uploads\\\/2022\\\/10\\\/639.jpg\",\"keywords\":[\"autojm\",\"citroen\",\"dacia\",\"DS\",\"Fiat\",\"Ford\",\"Kia\",\"Nissan\",\"Opel\",\"peugeot\",\"renault\",\"Volkswagen\"],\"articleSection\":[\"Actualit\u00e9 Automobile\"],\"inLanguage\":\"fr-FR\",\"potentialAction\":[{\"@type\":\"CommentAction\",\"name\":\"Comment\",\"target\":[\"https:\\\/\\\/www.autojm.fr\\\/blog\\\/ventes-auto-un-premier-semestre-preoccupant\\\/#respond\"]}]},{\"@type\":\"WebPage\",\"@id\":\"https:\\\/\\\/www.autojm.fr\\\/blog\\\/ventes-auto-un-premier-semestre-preoccupant\\\/\",\"url\":\"https:\\\/\\\/www.autojm.fr\\\/blog\\\/ventes-auto-un-premier-semestre-preoccupant\\\/\",\"name\":\"Ventes auto : un premier semestre pr\u00e9occupant\u2026 - AutoJM Mag\",\"isPartOf\":{\"@id\":\"https:\\\/\\\/www.autojm.fr\\\/blog\\\/#website\"},\"primaryImageOfPage\":{\"@id\":\"https:\\\/\\\/www.autojm.fr\\\/blog\\\/ventes-auto-un-premier-semestre-preoccupant\\\/#primaryimage\"},\"image\":{\"@id\":\"https:\\\/\\\/www.autojm.fr\\\/blog\\\/ventes-auto-un-premier-semestre-preoccupant\\\/#primaryimage\"},\"thumbnailUrl\":\"https:\\\/\\\/www.autojm.fr\\\/blog\\\/wp-content\\\/uploads\\\/2022\\\/10\\\/639.jpg\",\"datePublished\":\"2021-07-09T00:00:00+00:00\",\"dateModified\":\"2022-12-21T14:07:24+00:00\",\"description\":\"Ce mois de juin 2021 renverse la tendance observ\u00e9e ces derniers mois : alors que les chiffres pouvaient para\u00eetre bons en comparaison avec...\",\"breadcrumb\":{\"@id\":\"https:\\\/\\\/www.autojm.fr\\\/blog\\\/ventes-auto-un-premier-semestre-preoccupant\\\/#breadcrumb\"},\"inLanguage\":\"fr-FR\",\"potentialAction\":[{\"@type\":\"ReadAction\",\"target\":[\"https:\\\/\\\/www.autojm.fr\\\/blog\\\/ventes-auto-un-premier-semestre-preoccupant\\\/\"]}]},{\"@type\":\"ImageObject\",\"inLanguage\":\"fr-FR\",\"@id\":\"https:\\\/\\\/www.autojm.fr\\\/blog\\\/ventes-auto-un-premier-semestre-preoccupant\\\/#primaryimage\",\"url\":\"https:\\\/\\\/www.autojm.fr\\\/blog\\\/wp-content\\\/uploads\\\/2022\\\/10\\\/639.jpg\",\"contentUrl\":\"https:\\\/\\\/www.autojm.fr\\\/blog\\\/wp-content\\\/uploads\\\/2022\\\/10\\\/639.jpg\",\"width\":1024,\"height\":465,\"caption\":\"Immatriculations\"},{\"@type\":\"BreadcrumbList\",\"@id\":\"https:\\\/\\\/www.autojm.fr\\\/blog\\\/ventes-auto-un-premier-semestre-preoccupant\\\/#breadcrumb\",\"itemListElement\":[{\"@type\":\"ListItem\",\"position\":1,\"name\":\"Accueil\",\"item\":\"https:\\\/\\\/www.autojm.fr\\\/blog\\\/\"},{\"@type\":\"ListItem\",\"position\":2,\"name\":\"Actualit\u00e9 Automobile\",\"item\":\"https:\\\/\\\/www.autojm.fr\\\/blog\\\/actualite-automobile\\\/\"},{\"@type\":\"ListItem\",\"position\":3,\"name\":\"Ventes auto : un premier semestre pr\u00e9occupant\u2026\"}]},{\"@type\":\"WebSite\",\"@id\":\"https:\\\/\\\/www.autojm.fr\\\/blog\\\/#website\",\"url\":\"https:\\\/\\\/www.autojm.fr\\\/blog\\\/\",\"name\":\"AutoJM Mag\",\"description\":\"Toute l&#039;actu auto en 1 clic !\",\"publisher\":{\"@id\":\"https:\\\/\\\/www.autojm.fr\\\/blog\\\/#organization\"},\"potentialAction\":[{\"@type\":\"SearchAction\",\"target\":{\"@type\":\"EntryPoint\",\"urlTemplate\":\"https:\\\/\\\/www.autojm.fr\\\/blog\\\/?s={search_term_string}\"},\"query-input\":{\"@type\":\"PropertyValueSpecification\",\"valueRequired\":true,\"valueName\":\"search_term_string\"}}],\"inLanguage\":\"fr-FR\"},{\"@type\":\"Organization\",\"@id\":\"https:\\\/\\\/www.autojm.fr\\\/blog\\\/#organization\",\"name\":\"AutoJM Mag\",\"url\":\"https:\\\/\\\/www.autojm.fr\\\/blog\\\/\",\"logo\":{\"@type\":\"ImageObject\",\"inLanguage\":\"fr-FR\",\"@id\":\"https:\\\/\\\/www.autojm.fr\\\/blog\\\/#\\\/schema\\\/logo\\\/image\\\/\",\"url\":\"https:\\\/\\\/www.autojm.fr\\\/blog\\\/wp-content\\\/uploads\\\/2022\\\/12\\\/cropped-AutoJMag-png.png\",\"contentUrl\":\"https:\\\/\\\/www.autojm.fr\\\/blog\\\/wp-content\\\/uploads\\\/2022\\\/12\\\/cropped-AutoJMag-png.png\",\"width\":2834,\"height\":585,\"caption\":\"AutoJM Mag\"},\"image\":{\"@id\":\"https:\\\/\\\/www.autojm.fr\\\/blog\\\/#\\\/schema\\\/logo\\\/image\\\/\"},\"sameAs\":[\"https:\\\/\\\/www.facebook.com\\\/AutoJM25\"]},{\"@type\":\"Person\",\"@id\":\"https:\\\/\\\/www.autojm.fr\\\/blog\\\/#\\\/schema\\\/person\\\/9742bc77541853e0de81fc57f947e1a0\",\"name\":\"Autojm\",\"image\":{\"@type\":\"ImageObject\",\"inLanguage\":\"fr-FR\",\"@id\":\"https:\\\/\\\/secure.gravatar.com\\\/avatar\\\/9a959d52b758fcc232fe4b6aca7bab139182573297122cce7d6f2ee0e537b418?s=96&d=mm&r=g\",\"url\":\"https:\\\/\\\/secure.gravatar.com\\\/avatar\\\/9a959d52b758fcc232fe4b6aca7bab139182573297122cce7d6f2ee0e537b418?s=96&d=mm&r=g\",\"contentUrl\":\"https:\\\/\\\/secure.gravatar.com\\\/avatar\\\/9a959d52b758fcc232fe4b6aca7bab139182573297122cce7d6f2ee0e537b418?s=96&d=mm&r=g\",\"caption\":\"Autojm\"},\"sameAs\":[\"https:\\\/\\\/www.autojm.fr\\\/blog\"],\"url\":\"https:\\\/\\\/www.autojm.fr\\\/blog\\\/author\\\/bichoi\\\/\"}]}<\/script>\n<!-- \/ Yoast SEO plugin. -->","yoast_head_json":{"title":"Ventes auto : un premier semestre pr\u00e9occupant\u2026 - AutoJM Mag","description":"Ce mois de juin 2021 renverse la tendance observ\u00e9e ces derniers mois : alors que les chiffres pouvaient para\u00eetre bons en comparaison avec...","robots":{"index":"index","follow":"follow","max-snippet":"max-snippet:-1","max-image-preview":"max-image-preview:large","max-video-preview":"max-video-preview:-1"},"canonical":"https:\/\/www.autojm.fr\/blog\/ventes-auto-un-premier-semestre-preoccupant\/","og_locale":"fr_FR","og_type":"article","og_title":"Ventes auto : un premier semestre pr\u00e9occupant\u2026 - AutoJM Mag","og_description":"Ce mois de juin 2021 renverse la tendance observ\u00e9e ces derniers mois : alors que les chiffres pouvaient para\u00eetre bons en comparaison avec...","og_url":"https:\/\/www.autojm.fr\/blog\/ventes-auto-un-premier-semestre-preoccupant\/","og_site_name":"AutoJM Mag","article_publisher":"https:\/\/www.facebook.com\/AutoJM25","article_published_time":"2021-07-09T00:00:00+00:00","article_modified_time":"2022-12-21T14:07:24+00:00","og_image":[{"width":1024,"height":465,"url":"https:\/\/www.autojm.fr\/blog\/wp-content\/uploads\/2022\/10\/639.jpg","type":"image\/jpeg"}],"author":"Autojm","twitter_card":"summary_large_image","twitter_misc":{"\u00c9crit par":"Autojm","Dur\u00e9e de lecture estim\u00e9e":"3 minutes"},"schema":{"@context":"https:\/\/schema.org","@graph":[{"@type":"Article","@id":"https:\/\/www.autojm.fr\/blog\/ventes-auto-un-premier-semestre-preoccupant\/#article","isPartOf":{"@id":"https:\/\/www.autojm.fr\/blog\/ventes-auto-un-premier-semestre-preoccupant\/"},"author":{"name":"Autojm","@id":"https:\/\/www.autojm.fr\/blog\/#\/schema\/person\/9742bc77541853e0de81fc57f947e1a0"},"headline":"Ventes auto : un premier semestre pr\u00e9occupant\u2026","datePublished":"2021-07-09T00:00:00+00:00","dateModified":"2022-12-21T14:07:24+00:00","mainEntityOfPage":{"@id":"https:\/\/www.autojm.fr\/blog\/ventes-auto-un-premier-semestre-preoccupant\/"},"wordCount":521,"commentCount":0,"publisher":{"@id":"https:\/\/www.autojm.fr\/blog\/#organization"},"image":{"@id":"https:\/\/www.autojm.fr\/blog\/ventes-auto-un-premier-semestre-preoccupant\/#primaryimage"},"thumbnailUrl":"https:\/\/www.autojm.fr\/blog\/wp-content\/uploads\/2022\/10\/639.jpg","keywords":["autojm","citroen","dacia","DS","Fiat","Ford","Kia","Nissan","Opel","peugeot","renault","Volkswagen"],"articleSection":["Actualit\u00e9 Automobile"],"inLanguage":"fr-FR","potentialAction":[{"@type":"CommentAction","name":"Comment","target":["https:\/\/www.autojm.fr\/blog\/ventes-auto-un-premier-semestre-preoccupant\/#respond"]}]},{"@type":"WebPage","@id":"https:\/\/www.autojm.fr\/blog\/ventes-auto-un-premier-semestre-preoccupant\/","url":"https:\/\/www.autojm.fr\/blog\/ventes-auto-un-premier-semestre-preoccupant\/","name":"Ventes auto : un premier semestre pr\u00e9occupant\u2026 - AutoJM Mag","isPartOf":{"@id":"https:\/\/www.autojm.fr\/blog\/#website"},"primaryImageOfPage":{"@id":"https:\/\/www.autojm.fr\/blog\/ventes-auto-un-premier-semestre-preoccupant\/#primaryimage"},"image":{"@id":"https:\/\/www.autojm.fr\/blog\/ventes-auto-un-premier-semestre-preoccupant\/#primaryimage"},"thumbnailUrl":"https:\/\/www.autojm.fr\/blog\/wp-content\/uploads\/2022\/10\/639.jpg","datePublished":"2021-07-09T00:00:00+00:00","dateModified":"2022-12-21T14:07:24+00:00","description":"Ce mois de juin 2021 renverse la tendance observ\u00e9e ces derniers mois : alors que les chiffres pouvaient para\u00eetre bons en comparaison avec...","breadcrumb":{"@id":"https:\/\/www.autojm.fr\/blog\/ventes-auto-un-premier-semestre-preoccupant\/#breadcrumb"},"inLanguage":"fr-FR","potentialAction":[{"@type":"ReadAction","target":["https:\/\/www.autojm.fr\/blog\/ventes-auto-un-premier-semestre-preoccupant\/"]}]},{"@type":"ImageObject","inLanguage":"fr-FR","@id":"https:\/\/www.autojm.fr\/blog\/ventes-auto-un-premier-semestre-preoccupant\/#primaryimage","url":"https:\/\/www.autojm.fr\/blog\/wp-content\/uploads\/2022\/10\/639.jpg","contentUrl":"https:\/\/www.autojm.fr\/blog\/wp-content\/uploads\/2022\/10\/639.jpg","width":1024,"height":465,"caption":"Immatriculations"},{"@type":"BreadcrumbList","@id":"https:\/\/www.autojm.fr\/blog\/ventes-auto-un-premier-semestre-preoccupant\/#breadcrumb","itemListElement":[{"@type":"ListItem","position":1,"name":"Accueil","item":"https:\/\/www.autojm.fr\/blog\/"},{"@type":"ListItem","position":2,"name":"Actualit\u00e9 Automobile","item":"https:\/\/www.autojm.fr\/blog\/actualite-automobile\/"},{"@type":"ListItem","position":3,"name":"Ventes auto : un premier semestre pr\u00e9occupant\u2026"}]},{"@type":"WebSite","@id":"https:\/\/www.autojm.fr\/blog\/#website","url":"https:\/\/www.autojm.fr\/blog\/","name":"AutoJM Mag","description":"Toute l&#039;actu auto en 1 clic !","publisher":{"@id":"https:\/\/www.autojm.fr\/blog\/#organization"},"potentialAction":[{"@type":"SearchAction","target":{"@type":"EntryPoint","urlTemplate":"https:\/\/www.autojm.fr\/blog\/?s={search_term_string}"},"query-input":{"@type":"PropertyValueSpecification","valueRequired":true,"valueName":"search_term_string"}}],"inLanguage":"fr-FR"},{"@type":"Organization","@id":"https:\/\/www.autojm.fr\/blog\/#organization","name":"AutoJM Mag","url":"https:\/\/www.autojm.fr\/blog\/","logo":{"@type":"ImageObject","inLanguage":"fr-FR","@id":"https:\/\/www.autojm.fr\/blog\/#\/schema\/logo\/image\/","url":"https:\/\/www.autojm.fr\/blog\/wp-content\/uploads\/2022\/12\/cropped-AutoJMag-png.png","contentUrl":"https:\/\/www.autojm.fr\/blog\/wp-content\/uploads\/2022\/12\/cropped-AutoJMag-png.png","width":2834,"height":585,"caption":"AutoJM Mag"},"image":{"@id":"https:\/\/www.autojm.fr\/blog\/#\/schema\/logo\/image\/"},"sameAs":["https:\/\/www.facebook.com\/AutoJM25"]},{"@type":"Person","@id":"https:\/\/www.autojm.fr\/blog\/#\/schema\/person\/9742bc77541853e0de81fc57f947e1a0","name":"Autojm","image":{"@type":"ImageObject","inLanguage":"fr-FR","@id":"https:\/\/secure.gravatar.com\/avatar\/9a959d52b758fcc232fe4b6aca7bab139182573297122cce7d6f2ee0e537b418?s=96&d=mm&r=g","url":"https:\/\/secure.gravatar.com\/avatar\/9a959d52b758fcc232fe4b6aca7bab139182573297122cce7d6f2ee0e537b418?s=96&d=mm&r=g","contentUrl":"https:\/\/secure.gravatar.com\/avatar\/9a959d52b758fcc232fe4b6aca7bab139182573297122cce7d6f2ee0e537b418?s=96&d=mm&r=g","caption":"Autojm"},"sameAs":["https:\/\/www.autojm.fr\/blog"],"url":"https:\/\/www.autojm.fr\/blog\/author\/bichoi\/"}]}},"_links":{"self":[{"href":"https:\/\/www.autojm.fr\/blog\/wp-json\/wp\/v2\/posts\/3909","targetHints":{"allow":["GET"]}}],"collection":[{"href":"https:\/\/www.autojm.fr\/blog\/wp-json\/wp\/v2\/posts"}],"about":[{"href":"https:\/\/www.autojm.fr\/blog\/wp-json\/wp\/v2\/types\/post"}],"author":[{"embeddable":true,"href":"https:\/\/www.autojm.fr\/blog\/wp-json\/wp\/v2\/users\/1"}],"replies":[{"embeddable":true,"href":"https:\/\/www.autojm.fr\/blog\/wp-json\/wp\/v2\/comments?post=3909"}],"version-history":[{"count":5,"href":"https:\/\/www.autojm.fr\/blog\/wp-json\/wp\/v2\/posts\/3909\/revisions"}],"predecessor-version":[{"id":7831,"href":"https:\/\/www.autojm.fr\/blog\/wp-json\/wp\/v2\/posts\/3909\/revisions\/7831"}],"wp:featuredmedia":[{"embeddable":true,"href":"https:\/\/www.autojm.fr\/blog\/wp-json\/wp\/v2\/media\/5967"}],"wp:attachment":[{"href":"https:\/\/www.autojm.fr\/blog\/wp-json\/wp\/v2\/media?parent=3909"}],"wp:term":[{"taxonomy":"category","embeddable":true,"href":"https:\/\/www.autojm.fr\/blog\/wp-json\/wp\/v2\/categories?post=3909"},{"taxonomy":"post_tag","embeddable":true,"href":"https:\/\/www.autojm.fr\/blog\/wp-json\/wp\/v2\/tags?post=3909"}],"curies":[{"name":"wp","href":"https:\/\/api.w.org\/{rel}","templated":true}]}}