{"id":3906,"date":"2021-06-22T00:00:00","date_gmt":"2021-06-22T00:00:00","guid":{"rendered":"https:\/\/www.autojm.fr\/blog\/adoptez-une-voiture-electrique\/"},"modified":"2022-12-05T16:33:08","modified_gmt":"2022-12-05T16:33:08","slug":"adoptez-une-voiture-electrique","status":"publish","type":"post","link":"https:\/\/www.autojm.fr\/blog\/adoptez-une-voiture-electrique\/","title":{"rendered":"Adoptez une voiture \u00e9lectrique !"},"content":{"rendered":"<p>La <strong><a href=\"https:\/\/www.autojm.fr\/recherche?part=blog&amp;utm_source=articleblog220621&amp;utm_medium=blog&amp;energies%5B%5D=Electrique\">voiture \u00e9lectrique<\/a><\/strong> est encore le point d&rsquo;interrogation du monde de l&rsquo;automobile : que vaut-elle vraiment ? Pour quel type d&rsquo;usage est-elle adapt\u00e9e ? Combien co\u00fbte-t-elle ? Quelles peuvent \u00eatre les contraintes qui n&rsquo;existent pas sur les v\u00e9hicules thermiques ? D\u00e9couvrez les (vraies) informations concernant les voitures \u00e9lectriques, gr\u00e2ce aux t\u00e9moignages des automobilistes d\u00e9j\u00e0 conquis et des professionnels de l&rsquo;automobile.<\/p>\n<h2>V\u00e9hicule \u00e9lectrique : le v\u00e9hicule des gros rouleurs ?<\/h2>\n<p>L&rsquo;Automobile Propre a publi\u00e9 r\u00e9cemment les r\u00e9sultats d&rsquo;une \u00e9tude r\u00e9alis\u00e9e aupr\u00e8s des automobilistes. Command\u00e9e par Nissan et dirig\u00e9e par OnePoll, l&rsquo;\u00e9tude prend en compte les r\u00e9sultats de 7000 personnes interrog\u00e9es. Les conducteurs de v\u00e9hicules \u00e9lectriques parcourent en moyenne 14 300 kilom\u00e8tres par an, soit 700 kilom\u00e8tres de plus que les conducteurs de v\u00e9hicules thermiques. Exit l&rsquo;id\u00e9e re\u00e7ue selon laquelle les mod\u00e8les \u00e9lectriques sont r\u00e9serv\u00e9s aux petits rouleurs ! De plus, les automobilistes propri\u00e9taires de mod\u00e8les \u00e9lectriques affirment que le nombre limit\u00e9 de bornes de recharges ou encore les longues dur\u00e9es de recharge annonc\u00e9es ne sont que des mythes.<\/p>\n<h2>Des autonomies sup\u00e9rieures \u00e0 ce qui est annonc\u00e9 ?<\/h2>\n<p>La f\u00e9d\u00e9ration norv\u00e9gienne de l&rsquo;automobile a test\u00e9 en conditions r\u00e9elles l&rsquo;autonomie de plusieurs mod\u00e8les \u00e9lectriques. Les v\u00e9hicules ont \u00e9t\u00e9 emmen\u00e9s sur des passages urbains, des routes secondaires et des portions d&rsquo;autoroutes limit\u00e9es \u00e0 110 km\/h, avec une charge pleine et aucun syst\u00e8me de pr\u00e9chauffe activ\u00e9. Les v\u00e9hicules ont circul\u00e9 en convoi au m\u00eame moment. Mis en comparaison avec les r\u00e9sultats d&rsquo;autonomie calcul\u00e9s en hiver, ceux-ci semblent avantager les voitures \u00e9lectriques. Prenons l&rsquo;exemple de l&rsquo;Audi e-tron GT, annonc\u00e9e avec une autonomie de 468 kilom\u00e8tres en WLTP : elle termine le test avec 528,1 kilom\u00e8tres, soit 60 kilom\u00e8tres de plus. La <strong><a href=\"https:\/\/www.autojm.fr\/mandataire-voitures-neuves-fiat?part=blog&amp;utm_source=articleblog220621&amp;utm_medium=blog\">Fiat<\/a><\/strong> 500e affiche 307,8 kilom\u00e8tres \u00e0 la fin du test contre 298 kilom\u00e8tres annonc\u00e9s, et la <strong><a href=\"https:\/\/www.autojm.fr\/mandataire-voitures-neuves-volkswagen?part=blog&amp;utm_source=articleblog220621&amp;utm_medium=blog\">Volkswagen<\/a><\/strong> ID.4 termine le test \u00e0 532 kilom\u00e8tres contre 487 kilom\u00e8tres annonc\u00e9s.<\/p>\n<p><iframe loading=\"lazy\" title=\"YouTube video player\" src=\"https:\/\/www.youtube.com\/embed\/PEr5tz7YdsQ\" width=\"100%\" height=\"315\" allowfullscreen=\"allowfullscreen\"><\/iframe><\/p>\n<h2>La voiture \u00e9lectrique : plus fiable et moins co\u00fbteuse ?<\/h2>\n<p>Dans les faits, vous emmenez moins souvent un v\u00e9hicule \u00e9lectrique au garage, qu&rsquo;un mod\u00e8le thermique. La voiture \u00e9lectrique ne n\u00e9cessite pas de vidange, les freins sont moins sollicit\u00e9s gr\u00e2ce au syst\u00e8me de freinage r\u00e9g\u00e9n\u00e9ratif, et la r\u00e9vision est \u00e0 pr\u00e9voir tous les 30 000 kilom\u00e8tres contre 20 000 kilom\u00e8tres pour les voitures essence et diesel. De plus, un \u201cplein\u201d d&rsquo;\u00e9lectricit\u00e9 est bien moins cher qu&rsquo;un plein d&rsquo;essence ou de diesel : en moyenne, une voiture essence co\u00fbte 1740\u20ac \u00e0 l&rsquo;ann\u00e9e et une voiture diesel 1620\u20ac, contre 450\u20ac pour une voiture \u00e9lectrique !<\/p>\n<h2>Quels sont les avantages du v\u00e9hicule \u00e9lectrique ?<\/h2>\n<p>Si vous h\u00e9sitez encore, voil\u00e0 une liste des points positifs concernant les voitures \u00e9lectriques :<\/p>\n<p>&#8211; La recharge peut se faire \u00e0 domicile (option la moins co\u00fbteuse), fini les files d&rsquo;attente des stations essence !<br \/>\n&#8211; L&rsquo;\u00e9tat soutient l&rsquo;achat d&rsquo;une voiture \u00e9lectrique, et vous pouvez m\u00eame additionner prime \u00e0 la conversion et bonus \u00e9cologique !<\/p>\n<p><iframe loading=\"lazy\" title=\"YouTube video player\" src=\"https:\/\/www.youtube.com\/embed\/EucqpIOsX_Q\" width=\"100%\" height=\"315\" allowfullscreen=\"allowfullscreen\"><\/iframe><\/p>\n<p>&#8211; La batterie d&rsquo;un v\u00e9hicule \u00e9lectrique a une dur\u00e9e de vie de 10 \u00e0 15 ans en moyenne, et le moteur \u00e9lectrique peut lui survivre jusqu&rsquo;\u00e0 50 ans !<br \/>\n&#8211; Avec l&rsquo;essor des mod\u00e8les \u00e9lectriques sur le march\u00e9 automobile, il y en a pour tous les prix et toutes les autonomies !<\/p>\n","protected":false},"excerpt":{"rendered":"<p>La voiture \u00e9lectrique est encore le point d&rsquo;interrogation du monde de l&rsquo;automobile : que vaut-elle vraiment ? Pour quel type d&rsquo;usage est-elle adapt\u00e9e ? Combien co\u00fbte-t-elle ? Quelles peuvent \u00eatre les contraintes qui n&rsquo;existent pas sur les v\u00e9hicules thermiques ?<\/p>\n","protected":false},"author":1,"featured_media":5964,"comment_status":"open","ping_status":"open","sticky":false,"template":"","format":"standard","meta":{"_acf_changed":false,"content-type":"","footnotes":""},"categories":[22],"tags":[90,85,74,105,108,107,73,78,96],"class_list":["post-3906","post","type-post","status-publish","format-standard","has-post-thumbnail","hentry","category-conseils-astuces","tag-autojm","tag-citroen-2","tag-dacia","tag-ds","tag-nissan","tag-opel","tag-peugeot","tag-renault","tag-volkswagen"],"acf":[],"yoast_head":"<!-- This site is optimized with the Yoast SEO plugin v27.5 - https:\/\/yoast.com\/product\/yoast-seo-wordpress\/ -->\n<title>Adoptez une voiture \u00e9lectrique ! - AutoJM Mag<\/title>\n<meta name=\"description\" content=\"D\u00e9couvrez les informations concernant les voitures \u00e9lectriques, gr\u00e2ce aux t\u00e9moignages des automobilistes d\u00e9j\u00e0 conquis et des...\" \/>\n<meta name=\"robots\" content=\"index, follow, max-snippet:-1, max-image-preview:large, max-video-preview:-1\" \/>\n<link rel=\"canonical\" href=\"https:\/\/www.autojm.fr\/blog\/adoptez-une-voiture-electrique\/\" \/>\n<meta property=\"og:locale\" content=\"fr_FR\" \/>\n<meta property=\"og:type\" content=\"article\" \/>\n<meta property=\"og:title\" content=\"Adoptez une voiture \u00e9lectrique ! - AutoJM Mag\" \/>\n<meta property=\"og:description\" content=\"D\u00e9couvrez les informations concernant les voitures \u00e9lectriques, gr\u00e2ce aux t\u00e9moignages des automobilistes d\u00e9j\u00e0 conquis et des...\" \/>\n<meta property=\"og:url\" content=\"https:\/\/www.autojm.fr\/blog\/adoptez-une-voiture-electrique\/\" \/>\n<meta property=\"og:site_name\" content=\"AutoJM Mag\" \/>\n<meta property=\"article:publisher\" content=\"https:\/\/www.facebook.com\/AutoJM25\" \/>\n<meta property=\"article:published_time\" content=\"2021-06-22T00:00:00+00:00\" \/>\n<meta property=\"article:modified_time\" content=\"2022-12-05T16:33:08+00:00\" \/>\n<meta property=\"og:image\" content=\"https:\/\/www.autojm.fr\/blog\/wp-content\/uploads\/2022\/10\/636-scaled.jpg\" \/>\n\t<meta property=\"og:image:width\" content=\"2560\" \/>\n\t<meta property=\"og:image:height\" content=\"1160\" \/>\n\t<meta property=\"og:image:type\" content=\"image\/jpeg\" \/>\n<meta name=\"author\" content=\"Autojm\" \/>\n<meta name=\"twitter:card\" content=\"summary_large_image\" \/>\n<meta name=\"twitter:label1\" content=\"\u00c9crit par\" \/>\n\t<meta name=\"twitter:data1\" content=\"Autojm\" \/>\n\t<meta name=\"twitter:label2\" content=\"Dur\u00e9e de lecture estim\u00e9e\" \/>\n\t<meta name=\"twitter:data2\" content=\"4 minutes\" \/>\n<script type=\"application\/ld+json\" class=\"yoast-schema-graph\">{\"@context\":\"https:\\\/\\\/schema.org\",\"@graph\":[{\"@type\":\"Article\",\"@id\":\"https:\\\/\\\/www.autojm.fr\\\/blog\\\/adoptez-une-voiture-electrique\\\/#article\",\"isPartOf\":{\"@id\":\"https:\\\/\\\/www.autojm.fr\\\/blog\\\/adoptez-une-voiture-electrique\\\/\"},\"author\":{\"name\":\"Autojm\",\"@id\":\"https:\\\/\\\/www.autojm.fr\\\/blog\\\/#\\\/schema\\\/person\\\/9742bc77541853e0de81fc57f947e1a0\"},\"headline\":\"Adoptez une voiture \u00e9lectrique !\",\"datePublished\":\"2021-06-22T00:00:00+00:00\",\"dateModified\":\"2022-12-05T16:33:08+00:00\",\"mainEntityOfPage\":{\"@id\":\"https:\\\/\\\/www.autojm.fr\\\/blog\\\/adoptez-une-voiture-electrique\\\/\"},\"wordCount\":556,\"commentCount\":0,\"publisher\":{\"@id\":\"https:\\\/\\\/www.autojm.fr\\\/blog\\\/#organization\"},\"image\":{\"@id\":\"https:\\\/\\\/www.autojm.fr\\\/blog\\\/adoptez-une-voiture-electrique\\\/#primaryimage\"},\"thumbnailUrl\":\"https:\\\/\\\/www.autojm.fr\\\/blog\\\/wp-content\\\/uploads\\\/2022\\\/10\\\/636-scaled.jpg\",\"keywords\":[\"autojm\",\"Citro\u00ebn\",\"dacia\",\"DS\",\"Nissan\",\"Opel\",\"peugeot\",\"renault\",\"Volkswagen\"],\"articleSection\":[\"Conseils &amp; Astuces\"],\"inLanguage\":\"fr-FR\",\"potentialAction\":[{\"@type\":\"CommentAction\",\"name\":\"Comment\",\"target\":[\"https:\\\/\\\/www.autojm.fr\\\/blog\\\/adoptez-une-voiture-electrique\\\/#respond\"]}]},{\"@type\":\"WebPage\",\"@id\":\"https:\\\/\\\/www.autojm.fr\\\/blog\\\/adoptez-une-voiture-electrique\\\/\",\"url\":\"https:\\\/\\\/www.autojm.fr\\\/blog\\\/adoptez-une-voiture-electrique\\\/\",\"name\":\"Adoptez une voiture \u00e9lectrique ! - AutoJM Mag\",\"isPartOf\":{\"@id\":\"https:\\\/\\\/www.autojm.fr\\\/blog\\\/#website\"},\"primaryImageOfPage\":{\"@id\":\"https:\\\/\\\/www.autojm.fr\\\/blog\\\/adoptez-une-voiture-electrique\\\/#primaryimage\"},\"image\":{\"@id\":\"https:\\\/\\\/www.autojm.fr\\\/blog\\\/adoptez-une-voiture-electrique\\\/#primaryimage\"},\"thumbnailUrl\":\"https:\\\/\\\/www.autojm.fr\\\/blog\\\/wp-content\\\/uploads\\\/2022\\\/10\\\/636-scaled.jpg\",\"datePublished\":\"2021-06-22T00:00:00+00:00\",\"dateModified\":\"2022-12-05T16:33:08+00:00\",\"description\":\"D\u00e9couvrez les informations concernant les voitures \u00e9lectriques, gr\u00e2ce aux t\u00e9moignages des automobilistes d\u00e9j\u00e0 conquis et des...\",\"breadcrumb\":{\"@id\":\"https:\\\/\\\/www.autojm.fr\\\/blog\\\/adoptez-une-voiture-electrique\\\/#breadcrumb\"},\"inLanguage\":\"fr-FR\",\"potentialAction\":[{\"@type\":\"ReadAction\",\"target\":[\"https:\\\/\\\/www.autojm.fr\\\/blog\\\/adoptez-une-voiture-electrique\\\/\"]}]},{\"@type\":\"ImageObject\",\"inLanguage\":\"fr-FR\",\"@id\":\"https:\\\/\\\/www.autojm.fr\\\/blog\\\/adoptez-une-voiture-electrique\\\/#primaryimage\",\"url\":\"https:\\\/\\\/www.autojm.fr\\\/blog\\\/wp-content\\\/uploads\\\/2022\\\/10\\\/636-scaled.jpg\",\"contentUrl\":\"https:\\\/\\\/www.autojm.fr\\\/blog\\\/wp-content\\\/uploads\\\/2022\\\/10\\\/636-scaled.jpg\",\"width\":2560,\"height\":1160,\"caption\":\"Voiture \u00e9lectrique\"},{\"@type\":\"BreadcrumbList\",\"@id\":\"https:\\\/\\\/www.autojm.fr\\\/blog\\\/adoptez-une-voiture-electrique\\\/#breadcrumb\",\"itemListElement\":[{\"@type\":\"ListItem\",\"position\":1,\"name\":\"Accueil\",\"item\":\"https:\\\/\\\/www.autojm.fr\\\/blog\\\/\"},{\"@type\":\"ListItem\",\"position\":2,\"name\":\"Conseils &amp; Astuces\",\"item\":\"https:\\\/\\\/www.autojm.fr\\\/blog\\\/conseils-astuces\\\/\"},{\"@type\":\"ListItem\",\"position\":3,\"name\":\"Adoptez une voiture \u00e9lectrique !\"}]},{\"@type\":\"WebSite\",\"@id\":\"https:\\\/\\\/www.autojm.fr\\\/blog\\\/#website\",\"url\":\"https:\\\/\\\/www.autojm.fr\\\/blog\\\/\",\"name\":\"AutoJM Mag\",\"description\":\"Toute l&#039;actu auto en 1 clic !\",\"publisher\":{\"@id\":\"https:\\\/\\\/www.autojm.fr\\\/blog\\\/#organization\"},\"potentialAction\":[{\"@type\":\"SearchAction\",\"target\":{\"@type\":\"EntryPoint\",\"urlTemplate\":\"https:\\\/\\\/www.autojm.fr\\\/blog\\\/?s={search_term_string}\"},\"query-input\":{\"@type\":\"PropertyValueSpecification\",\"valueRequired\":true,\"valueName\":\"search_term_string\"}}],\"inLanguage\":\"fr-FR\"},{\"@type\":\"Organization\",\"@id\":\"https:\\\/\\\/www.autojm.fr\\\/blog\\\/#organization\",\"name\":\"AutoJM Mag\",\"url\":\"https:\\\/\\\/www.autojm.fr\\\/blog\\\/\",\"logo\":{\"@type\":\"ImageObject\",\"inLanguage\":\"fr-FR\",\"@id\":\"https:\\\/\\\/www.autojm.fr\\\/blog\\\/#\\\/schema\\\/logo\\\/image\\\/\",\"url\":\"https:\\\/\\\/www.autojm.fr\\\/blog\\\/wp-content\\\/uploads\\\/2022\\\/12\\\/cropped-AutoJMag-png.png\",\"contentUrl\":\"https:\\\/\\\/www.autojm.fr\\\/blog\\\/wp-content\\\/uploads\\\/2022\\\/12\\\/cropped-AutoJMag-png.png\",\"width\":2834,\"height\":585,\"caption\":\"AutoJM Mag\"},\"image\":{\"@id\":\"https:\\\/\\\/www.autojm.fr\\\/blog\\\/#\\\/schema\\\/logo\\\/image\\\/\"},\"sameAs\":[\"https:\\\/\\\/www.facebook.com\\\/AutoJM25\"]},{\"@type\":\"Person\",\"@id\":\"https:\\\/\\\/www.autojm.fr\\\/blog\\\/#\\\/schema\\\/person\\\/9742bc77541853e0de81fc57f947e1a0\",\"name\":\"Autojm\",\"image\":{\"@type\":\"ImageObject\",\"inLanguage\":\"fr-FR\",\"@id\":\"https:\\\/\\\/secure.gravatar.com\\\/avatar\\\/9a959d52b758fcc232fe4b6aca7bab139182573297122cce7d6f2ee0e537b418?s=96&d=mm&r=g\",\"url\":\"https:\\\/\\\/secure.gravatar.com\\\/avatar\\\/9a959d52b758fcc232fe4b6aca7bab139182573297122cce7d6f2ee0e537b418?s=96&d=mm&r=g\",\"contentUrl\":\"https:\\\/\\\/secure.gravatar.com\\\/avatar\\\/9a959d52b758fcc232fe4b6aca7bab139182573297122cce7d6f2ee0e537b418?s=96&d=mm&r=g\",\"caption\":\"Autojm\"},\"sameAs\":[\"https:\\\/\\\/www.autojm.fr\\\/blog\"],\"url\":\"https:\\\/\\\/www.autojm.fr\\\/blog\\\/author\\\/bichoi\\\/\"}]}<\/script>\n<!-- \/ Yoast SEO plugin. -->","yoast_head_json":{"title":"Adoptez une voiture \u00e9lectrique ! - AutoJM Mag","description":"D\u00e9couvrez les informations concernant les voitures \u00e9lectriques, gr\u00e2ce aux t\u00e9moignages des automobilistes d\u00e9j\u00e0 conquis et des...","robots":{"index":"index","follow":"follow","max-snippet":"max-snippet:-1","max-image-preview":"max-image-preview:large","max-video-preview":"max-video-preview:-1"},"canonical":"https:\/\/www.autojm.fr\/blog\/adoptez-une-voiture-electrique\/","og_locale":"fr_FR","og_type":"article","og_title":"Adoptez une voiture \u00e9lectrique ! - AutoJM Mag","og_description":"D\u00e9couvrez les informations concernant les voitures \u00e9lectriques, gr\u00e2ce aux t\u00e9moignages des automobilistes d\u00e9j\u00e0 conquis et des...","og_url":"https:\/\/www.autojm.fr\/blog\/adoptez-une-voiture-electrique\/","og_site_name":"AutoJM Mag","article_publisher":"https:\/\/www.facebook.com\/AutoJM25","article_published_time":"2021-06-22T00:00:00+00:00","article_modified_time":"2022-12-05T16:33:08+00:00","og_image":[{"width":2560,"height":1160,"url":"https:\/\/www.autojm.fr\/blog\/wp-content\/uploads\/2022\/10\/636-scaled.jpg","type":"image\/jpeg"}],"author":"Autojm","twitter_card":"summary_large_image","twitter_misc":{"\u00c9crit par":"Autojm","Dur\u00e9e de lecture estim\u00e9e":"4 minutes"},"schema":{"@context":"https:\/\/schema.org","@graph":[{"@type":"Article","@id":"https:\/\/www.autojm.fr\/blog\/adoptez-une-voiture-electrique\/#article","isPartOf":{"@id":"https:\/\/www.autojm.fr\/blog\/adoptez-une-voiture-electrique\/"},"author":{"name":"Autojm","@id":"https:\/\/www.autojm.fr\/blog\/#\/schema\/person\/9742bc77541853e0de81fc57f947e1a0"},"headline":"Adoptez une voiture \u00e9lectrique !","datePublished":"2021-06-22T00:00:00+00:00","dateModified":"2022-12-05T16:33:08+00:00","mainEntityOfPage":{"@id":"https:\/\/www.autojm.fr\/blog\/adoptez-une-voiture-electrique\/"},"wordCount":556,"commentCount":0,"publisher":{"@id":"https:\/\/www.autojm.fr\/blog\/#organization"},"image":{"@id":"https:\/\/www.autojm.fr\/blog\/adoptez-une-voiture-electrique\/#primaryimage"},"thumbnailUrl":"https:\/\/www.autojm.fr\/blog\/wp-content\/uploads\/2022\/10\/636-scaled.jpg","keywords":["autojm","Citro\u00ebn","dacia","DS","Nissan","Opel","peugeot","renault","Volkswagen"],"articleSection":["Conseils &amp; Astuces"],"inLanguage":"fr-FR","potentialAction":[{"@type":"CommentAction","name":"Comment","target":["https:\/\/www.autojm.fr\/blog\/adoptez-une-voiture-electrique\/#respond"]}]},{"@type":"WebPage","@id":"https:\/\/www.autojm.fr\/blog\/adoptez-une-voiture-electrique\/","url":"https:\/\/www.autojm.fr\/blog\/adoptez-une-voiture-electrique\/","name":"Adoptez une voiture \u00e9lectrique ! - AutoJM Mag","isPartOf":{"@id":"https:\/\/www.autojm.fr\/blog\/#website"},"primaryImageOfPage":{"@id":"https:\/\/www.autojm.fr\/blog\/adoptez-une-voiture-electrique\/#primaryimage"},"image":{"@id":"https:\/\/www.autojm.fr\/blog\/adoptez-une-voiture-electrique\/#primaryimage"},"thumbnailUrl":"https:\/\/www.autojm.fr\/blog\/wp-content\/uploads\/2022\/10\/636-scaled.jpg","datePublished":"2021-06-22T00:00:00+00:00","dateModified":"2022-12-05T16:33:08+00:00","description":"D\u00e9couvrez les informations concernant les voitures \u00e9lectriques, gr\u00e2ce aux t\u00e9moignages des automobilistes d\u00e9j\u00e0 conquis et des...","breadcrumb":{"@id":"https:\/\/www.autojm.fr\/blog\/adoptez-une-voiture-electrique\/#breadcrumb"},"inLanguage":"fr-FR","potentialAction":[{"@type":"ReadAction","target":["https:\/\/www.autojm.fr\/blog\/adoptez-une-voiture-electrique\/"]}]},{"@type":"ImageObject","inLanguage":"fr-FR","@id":"https:\/\/www.autojm.fr\/blog\/adoptez-une-voiture-electrique\/#primaryimage","url":"https:\/\/www.autojm.fr\/blog\/wp-content\/uploads\/2022\/10\/636-scaled.jpg","contentUrl":"https:\/\/www.autojm.fr\/blog\/wp-content\/uploads\/2022\/10\/636-scaled.jpg","width":2560,"height":1160,"caption":"Voiture \u00e9lectrique"},{"@type":"BreadcrumbList","@id":"https:\/\/www.autojm.fr\/blog\/adoptez-une-voiture-electrique\/#breadcrumb","itemListElement":[{"@type":"ListItem","position":1,"name":"Accueil","item":"https:\/\/www.autojm.fr\/blog\/"},{"@type":"ListItem","position":2,"name":"Conseils &amp; Astuces","item":"https:\/\/www.autojm.fr\/blog\/conseils-astuces\/"},{"@type":"ListItem","position":3,"name":"Adoptez une voiture \u00e9lectrique !"}]},{"@type":"WebSite","@id":"https:\/\/www.autojm.fr\/blog\/#website","url":"https:\/\/www.autojm.fr\/blog\/","name":"AutoJM Mag","description":"Toute l&#039;actu auto en 1 clic !","publisher":{"@id":"https:\/\/www.autojm.fr\/blog\/#organization"},"potentialAction":[{"@type":"SearchAction","target":{"@type":"EntryPoint","urlTemplate":"https:\/\/www.autojm.fr\/blog\/?s={search_term_string}"},"query-input":{"@type":"PropertyValueSpecification","valueRequired":true,"valueName":"search_term_string"}}],"inLanguage":"fr-FR"},{"@type":"Organization","@id":"https:\/\/www.autojm.fr\/blog\/#organization","name":"AutoJM Mag","url":"https:\/\/www.autojm.fr\/blog\/","logo":{"@type":"ImageObject","inLanguage":"fr-FR","@id":"https:\/\/www.autojm.fr\/blog\/#\/schema\/logo\/image\/","url":"https:\/\/www.autojm.fr\/blog\/wp-content\/uploads\/2022\/12\/cropped-AutoJMag-png.png","contentUrl":"https:\/\/www.autojm.fr\/blog\/wp-content\/uploads\/2022\/12\/cropped-AutoJMag-png.png","width":2834,"height":585,"caption":"AutoJM Mag"},"image":{"@id":"https:\/\/www.autojm.fr\/blog\/#\/schema\/logo\/image\/"},"sameAs":["https:\/\/www.facebook.com\/AutoJM25"]},{"@type":"Person","@id":"https:\/\/www.autojm.fr\/blog\/#\/schema\/person\/9742bc77541853e0de81fc57f947e1a0","name":"Autojm","image":{"@type":"ImageObject","inLanguage":"fr-FR","@id":"https:\/\/secure.gravatar.com\/avatar\/9a959d52b758fcc232fe4b6aca7bab139182573297122cce7d6f2ee0e537b418?s=96&d=mm&r=g","url":"https:\/\/secure.gravatar.com\/avatar\/9a959d52b758fcc232fe4b6aca7bab139182573297122cce7d6f2ee0e537b418?s=96&d=mm&r=g","contentUrl":"https:\/\/secure.gravatar.com\/avatar\/9a959d52b758fcc232fe4b6aca7bab139182573297122cce7d6f2ee0e537b418?s=96&d=mm&r=g","caption":"Autojm"},"sameAs":["https:\/\/www.autojm.fr\/blog"],"url":"https:\/\/www.autojm.fr\/blog\/author\/bichoi\/"}]}},"_links":{"self":[{"href":"https:\/\/www.autojm.fr\/blog\/wp-json\/wp\/v2\/posts\/3906","targetHints":{"allow":["GET"]}}],"collection":[{"href":"https:\/\/www.autojm.fr\/blog\/wp-json\/wp\/v2\/posts"}],"about":[{"href":"https:\/\/www.autojm.fr\/blog\/wp-json\/wp\/v2\/types\/post"}],"author":[{"embeddable":true,"href":"https:\/\/www.autojm.fr\/blog\/wp-json\/wp\/v2\/users\/1"}],"replies":[{"embeddable":true,"href":"https:\/\/www.autojm.fr\/blog\/wp-json\/wp\/v2\/comments?post=3906"}],"version-history":[{"count":4,"href":"https:\/\/www.autojm.fr\/blog\/wp-json\/wp\/v2\/posts\/3906\/revisions"}],"predecessor-version":[{"id":7014,"href":"https:\/\/www.autojm.fr\/blog\/wp-json\/wp\/v2\/posts\/3906\/revisions\/7014"}],"wp:featuredmedia":[{"embeddable":true,"href":"https:\/\/www.autojm.fr\/blog\/wp-json\/wp\/v2\/media\/5964"}],"wp:attachment":[{"href":"https:\/\/www.autojm.fr\/blog\/wp-json\/wp\/v2\/media?parent=3906"}],"wp:term":[{"taxonomy":"category","embeddable":true,"href":"https:\/\/www.autojm.fr\/blog\/wp-json\/wp\/v2\/categories?post=3906"},{"taxonomy":"post_tag","embeddable":true,"href":"https:\/\/www.autojm.fr\/blog\/wp-json\/wp\/v2\/tags?post=3906"}],"curies":[{"name":"wp","href":"https:\/\/api.w.org\/{rel}","templated":true}]}}