{"id":3905,"date":"2021-06-16T00:00:00","date_gmt":"2021-06-16T00:00:00","guid":{"rendered":"https:\/\/www.autojm.fr\/blog\/marche-auto-les-consequences-positives-du-covid-19\/"},"modified":"2023-04-19T11:54:58","modified_gmt":"2023-04-19T11:54:58","slug":"marche-auto-les-consequences-positives-du-covid-19","status":"publish","type":"post","link":"https:\/\/www.autojm.fr\/blog\/marche-auto-les-consequences-positives-du-covid-19\/","title":{"rendered":"March\u00e9 auto : les cons\u00e9quences positives du Covid-19"},"content":{"rendered":"<p>Le monde de l&rsquo;automobile fonctionnera diff\u00e9remment \u00e0 l&rsquo;avenir, du moins, c&rsquo;est ce que laisse penser les nouveaux usages et les nouvelles habitudes des consommateurs dans le domaine de l&rsquo;automobile. Avec la pand\u00e9mie, les confinements, et les diff\u00e9rentes aides apport\u00e9es aux professionnels de l&rsquo;automobile pour relancer la vente de v\u00e9hicules neufs et d&rsquo;occasion, le parcours d&rsquo;achat et les v\u00e9hicules vendus ne sont plus les m\u00eames qu&rsquo;il y a quelques ann\u00e9es.<\/p>\n<h2>Des ventes auto de plus en plus d\u00e9mat\u00e9rialis\u00e9es<\/h2>\n<p>Les achats de <strong><a href=\"https:\/\/www.autojm.fr\/?part=blog&amp;utm_source=articleblog160621&amp;utm_medium=blog\">v\u00e9hicules neufs et d&rsquo;occasion<\/a><\/strong> se font de plus en plus en ligne : c&rsquo;\u00e9tait d\u00e9j\u00e0 possible avant la pand\u00e9mie, mais c&rsquo;est aujourd&rsquo;hui de plus en plus vrai. Les automobilistes utilisent de plus en plus les configurateurs en ligne (54% en 2020). 33% des acheteurs automobiles se disent m\u00eame pr\u00eats \u00e0 acheter leur v\u00e9hicule int\u00e9gralement en ligne. Une configuration rendue possible par tous les professionnels de l&rsquo;automobile qui proposent la <strong><a href=\"https:\/\/www.autojm.fr\/livraison-voiture-neuve?part=blog&amp;utm_source=articleblog160621&amp;utm_medium=blog\">livraison \u00e0 domicile<\/a><\/strong> : avec cette possibilit\u00e9, les acheteurs peuvent donc commander et r\u00e9ceptionner leur nouvelle voiture sans bouger.<\/p>\n<h2>La voiture devenue moyen de transport privil\u00e9gi\u00e9<\/h2>\n<p>Les fran\u00e7ais utilisent de plus en plus leur voiture : au premier d\u00e9confinement, 68% avaient d\u00e9clar\u00e9 privil\u00e9gier leur v\u00e9hicule personnel pour se d\u00e9placer, afin d&rsquo;\u00e9viter les contacts, in\u00e9vitables dans les transports en commun. La voiture est consid\u00e9r\u00e9e comme un lieu plus s\u00e9curis\u00e9 par rapport \u00e0 cette crise sanitaire, et les fran\u00e7ais s&rsquo;y sentent plus prot\u00e9g\u00e9s. On peut donc penser que de nouveaux clients se sont d\u00e9j\u00e0 rendu ou vont se rendre dans les concessions automobiles pour acqu\u00e9rir un v\u00e9hicule, et que de plus en plus de fran\u00e7ais poss\u00e9deront, \u00e0 l&rsquo;avenir, une voiture personnelle.<\/p>\n<h2>Augmentation des ventes de v\u00e9hicules hybrides et \u00e9lectriques<\/h2>\n<p>Le parc automobile de France devient de plus en plus \u00e9colo : \u00e0 la fin du premier confinement, l&rsquo;\u00e9tat avait apport\u00e9 son soutien aux professionnels de la vente automobile en jouant sur une augmentation ponctuelle des aides \u00e0 l&rsquo;achat. Les montants des primes \u00e0 la conversion et bonus \u00e9cologique avaient ainsi \u00e9t\u00e9 revaloris\u00e9s pendant plusieurs semaines. La prime \u00e0 la conversion concernait \u00e9galement plus de v\u00e9hicules \u00e0 mettre en casse, ce qui a permis \u00e0 de nombreux fran\u00e7ais, non concern\u00e9s auparavant, de pouvoir b\u00e9n\u00e9ficier de cette aide. Et ces deux aides \u00e0 l&rsquo;achat favorisent particuli\u00e8rement les v\u00e9hicules propres : <strong><a href=\"https:\/\/www.autojm.fr\/recherche?energies%5B%5D=Hybride&amp;energies%5B%5D=Electrique?part=blog&amp;utm_source=articleblog160621&amp;utm_medium=blog\">hybrides, hybrides rechargeables et \u00e9lectriques<\/a><\/strong>. A titre d&rsquo;exemple, il s&rsquo;est vendu 110 912 voitures \u00e9lectriques en 2020, contre 42 764 en 2019.<\/p>\n<p><iframe loading=\"lazy\" title=\"YouTube video player\" src=\"https:\/\/www.youtube.com\/embed\/1gca2ZDp6lk\" width=\"100%\" height=\"315\" allowfullscreen=\"allowfullscreen\"><\/iframe><\/p>\n<h2>Des \u00e9conomies qui ont acc\u00e9l\u00e9r\u00e9 les projets auto<\/h2>\n<p>L&rsquo;achat d&rsquo;une nouvelle voiture repr\u00e9sente un investissement qui demande, pour beaucoup d&rsquo;automobilistes, des mois voire des ann\u00e9es d&rsquo;\u00e9conomies. Et l&rsquo;une des cons\u00e9quences positives de ces s\u00e9quences de confinement fut la possibilit\u00e9 de mettre un peu plus d&rsquo;argent de c\u00f4t\u00e9 pour de nombreux chanceux. On peut donc s&rsquo;attendre \u00e0 ce que les projets d&rsquo;achat automobile soient au programme pour de nombreux automobilistes.<\/p>\n<p>Les ventes automobiles n&rsquo;ont pas encore retrouv\u00e9 le rythme pr\u00e9-confinement, mais les constructeurs automobiles sortent petit \u00e0 petit la t\u00eate de l&rsquo;eau en d\u00e9voilant les prochains mod\u00e8les qui entreront en production. L&rsquo;avenir de l&rsquo;automobile ne semble pas compromis, \u00e0 moins que les p\u00e9nuries ne viennent ternir le paysage&#8230;<\/p>\n","protected":false},"excerpt":{"rendered":"<p>Le monde de l&rsquo;automobile fonctionnera diff\u00e9remment \u00e0 l&rsquo;avenir, du moins, c&rsquo;est ce que laisse penser les nouveaux usages et les nouvelles habitudes des consommateurs dans le domaine de l&rsquo;automobile. Avec la pand\u00e9mie, les confinements, et les diff\u00e9rentes aides apport\u00e9es aux professionnels de l&rsquo;automobile pour relancer la vente de v\u00e9hicules neufs et d&rsquo;occasion, le parcours d&rsquo;achat et les v\u00e9hicules vendus ne sont plus les m\u00eames qu&rsquo;il y a quelques ann\u00e9es.<\/p>\n","protected":false},"author":1,"featured_media":5963,"comment_status":"open","ping_status":"open","sticky":false,"template":"","format":"standard","meta":{"_acf_changed":false,"content-type":"","footnotes":""},"categories":[5],"tags":[90,79,74,105,110,109,106,108,107,73,78,96],"class_list":["post-3905","post","type-post","status-publish","format-standard","has-post-thumbnail","hentry","category-actualite-automobile","tag-autojm","tag-citroen","tag-dacia","tag-ds","tag-fiat","tag-ford","tag-kia","tag-nissan","tag-opel","tag-peugeot","tag-renault","tag-volkswagen"],"acf":[],"yoast_head":"<!-- This site is optimized with the Yoast SEO plugin v27.5 - https:\/\/yoast.com\/product\/yoast-seo-wordpress\/ -->\n<title>March\u00e9 auto : les cons\u00e9quences positives du Covid-19 - AutoJM Mag<\/title>\n<meta name=\"description\" content=\"Le monde de l&#039;automobile fonctionnera diff\u00e9remment \u00e0 l&#039;avenir, du moins, c&#039;est ce que laisse penser les nouveaux usages et les nouvelles...\" \/>\n<meta name=\"robots\" content=\"index, follow, max-snippet:-1, max-image-preview:large, max-video-preview:-1\" \/>\n<link rel=\"canonical\" href=\"https:\/\/www.autojm.fr\/blog\/marche-auto-les-consequences-positives-du-covid-19\/\" \/>\n<meta property=\"og:locale\" content=\"fr_FR\" \/>\n<meta property=\"og:type\" content=\"article\" \/>\n<meta property=\"og:title\" content=\"March\u00e9 auto : les cons\u00e9quences positives du Covid-19 - AutoJM Mag\" \/>\n<meta property=\"og:description\" content=\"Le monde de l&#039;automobile fonctionnera diff\u00e9remment \u00e0 l&#039;avenir, du moins, c&#039;est ce que laisse penser les nouveaux usages et les nouvelles...\" \/>\n<meta property=\"og:url\" content=\"https:\/\/www.autojm.fr\/blog\/marche-auto-les-consequences-positives-du-covid-19\/\" \/>\n<meta property=\"og:site_name\" content=\"AutoJM Mag\" \/>\n<meta property=\"article:publisher\" content=\"https:\/\/www.facebook.com\/AutoJM25\" \/>\n<meta property=\"article:published_time\" content=\"2021-06-16T00:00:00+00:00\" \/>\n<meta property=\"article:modified_time\" content=\"2023-04-19T11:54:58+00:00\" \/>\n<meta property=\"og:image\" content=\"https:\/\/www.autojm.fr\/blog\/wp-content\/uploads\/2022\/10\/635.jpg\" \/>\n\t<meta property=\"og:image:width\" content=\"1024\" \/>\n\t<meta property=\"og:image:height\" content=\"465\" \/>\n\t<meta property=\"og:image:type\" content=\"image\/jpeg\" \/>\n<meta name=\"author\" content=\"Autojm\" \/>\n<meta name=\"twitter:card\" content=\"summary_large_image\" \/>\n<meta name=\"twitter:label1\" content=\"\u00c9crit par\" \/>\n\t<meta name=\"twitter:data1\" content=\"Autojm\" \/>\n\t<meta name=\"twitter:label2\" content=\"Dur\u00e9e de lecture estim\u00e9e\" \/>\n\t<meta name=\"twitter:data2\" content=\"3 minutes\" \/>\n<script type=\"application\/ld+json\" class=\"yoast-schema-graph\">{\"@context\":\"https:\\\/\\\/schema.org\",\"@graph\":[{\"@type\":\"Article\",\"@id\":\"https:\\\/\\\/www.autojm.fr\\\/blog\\\/marche-auto-les-consequences-positives-du-covid-19\\\/#article\",\"isPartOf\":{\"@id\":\"https:\\\/\\\/www.autojm.fr\\\/blog\\\/marche-auto-les-consequences-positives-du-covid-19\\\/\"},\"author\":{\"name\":\"Autojm\",\"@id\":\"https:\\\/\\\/www.autojm.fr\\\/blog\\\/#\\\/schema\\\/person\\\/9742bc77541853e0de81fc57f947e1a0\"},\"headline\":\"March\u00e9 auto : les cons\u00e9quences positives du Covid-19\",\"datePublished\":\"2021-06-16T00:00:00+00:00\",\"dateModified\":\"2023-04-19T11:54:58+00:00\",\"mainEntityOfPage\":{\"@id\":\"https:\\\/\\\/www.autojm.fr\\\/blog\\\/marche-auto-les-consequences-positives-du-covid-19\\\/\"},\"wordCount\":555,\"commentCount\":0,\"publisher\":{\"@id\":\"https:\\\/\\\/www.autojm.fr\\\/blog\\\/#organization\"},\"image\":{\"@id\":\"https:\\\/\\\/www.autojm.fr\\\/blog\\\/marche-auto-les-consequences-positives-du-covid-19\\\/#primaryimage\"},\"thumbnailUrl\":\"https:\\\/\\\/www.autojm.fr\\\/blog\\\/wp-content\\\/uploads\\\/2022\\\/10\\\/635.jpg\",\"keywords\":[\"autojm\",\"citroen\",\"dacia\",\"DS\",\"Fiat\",\"Ford\",\"Kia\",\"Nissan\",\"Opel\",\"peugeot\",\"renault\",\"Volkswagen\"],\"articleSection\":[\"Actualit\u00e9 Automobile\"],\"inLanguage\":\"fr-FR\",\"potentialAction\":[{\"@type\":\"CommentAction\",\"name\":\"Comment\",\"target\":[\"https:\\\/\\\/www.autojm.fr\\\/blog\\\/marche-auto-les-consequences-positives-du-covid-19\\\/#respond\"]}]},{\"@type\":\"WebPage\",\"@id\":\"https:\\\/\\\/www.autojm.fr\\\/blog\\\/marche-auto-les-consequences-positives-du-covid-19\\\/\",\"url\":\"https:\\\/\\\/www.autojm.fr\\\/blog\\\/marche-auto-les-consequences-positives-du-covid-19\\\/\",\"name\":\"March\u00e9 auto : les cons\u00e9quences positives du Covid-19 - AutoJM Mag\",\"isPartOf\":{\"@id\":\"https:\\\/\\\/www.autojm.fr\\\/blog\\\/#website\"},\"primaryImageOfPage\":{\"@id\":\"https:\\\/\\\/www.autojm.fr\\\/blog\\\/marche-auto-les-consequences-positives-du-covid-19\\\/#primaryimage\"},\"image\":{\"@id\":\"https:\\\/\\\/www.autojm.fr\\\/blog\\\/marche-auto-les-consequences-positives-du-covid-19\\\/#primaryimage\"},\"thumbnailUrl\":\"https:\\\/\\\/www.autojm.fr\\\/blog\\\/wp-content\\\/uploads\\\/2022\\\/10\\\/635.jpg\",\"datePublished\":\"2021-06-16T00:00:00+00:00\",\"dateModified\":\"2023-04-19T11:54:58+00:00\",\"description\":\"Le monde de l'automobile fonctionnera diff\u00e9remment \u00e0 l'avenir, du moins, c'est ce que laisse penser les nouveaux usages et les nouvelles...\",\"breadcrumb\":{\"@id\":\"https:\\\/\\\/www.autojm.fr\\\/blog\\\/marche-auto-les-consequences-positives-du-covid-19\\\/#breadcrumb\"},\"inLanguage\":\"fr-FR\",\"potentialAction\":[{\"@type\":\"ReadAction\",\"target\":[\"https:\\\/\\\/www.autojm.fr\\\/blog\\\/marche-auto-les-consequences-positives-du-covid-19\\\/\"]}]},{\"@type\":\"ImageObject\",\"inLanguage\":\"fr-FR\",\"@id\":\"https:\\\/\\\/www.autojm.fr\\\/blog\\\/marche-auto-les-consequences-positives-du-covid-19\\\/#primaryimage\",\"url\":\"https:\\\/\\\/www.autojm.fr\\\/blog\\\/wp-content\\\/uploads\\\/2022\\\/10\\\/635.jpg\",\"contentUrl\":\"https:\\\/\\\/www.autojm.fr\\\/blog\\\/wp-content\\\/uploads\\\/2022\\\/10\\\/635.jpg\",\"width\":1024,\"height\":465,\"caption\":\"March\u00e9 auto Covid-19\"},{\"@type\":\"BreadcrumbList\",\"@id\":\"https:\\\/\\\/www.autojm.fr\\\/blog\\\/marche-auto-les-consequences-positives-du-covid-19\\\/#breadcrumb\",\"itemListElement\":[{\"@type\":\"ListItem\",\"position\":1,\"name\":\"Accueil\",\"item\":\"https:\\\/\\\/www.autojm.fr\\\/blog\\\/\"},{\"@type\":\"ListItem\",\"position\":2,\"name\":\"Actualit\u00e9 Automobile\",\"item\":\"https:\\\/\\\/www.autojm.fr\\\/blog\\\/actualite-automobile\\\/\"},{\"@type\":\"ListItem\",\"position\":3,\"name\":\"March\u00e9 auto : les cons\u00e9quences positives du Covid-19\"}]},{\"@type\":\"WebSite\",\"@id\":\"https:\\\/\\\/www.autojm.fr\\\/blog\\\/#website\",\"url\":\"https:\\\/\\\/www.autojm.fr\\\/blog\\\/\",\"name\":\"AutoJM Mag\",\"description\":\"Toute l&#039;actu auto en 1 clic !\",\"publisher\":{\"@id\":\"https:\\\/\\\/www.autojm.fr\\\/blog\\\/#organization\"},\"potentialAction\":[{\"@type\":\"SearchAction\",\"target\":{\"@type\":\"EntryPoint\",\"urlTemplate\":\"https:\\\/\\\/www.autojm.fr\\\/blog\\\/?s={search_term_string}\"},\"query-input\":{\"@type\":\"PropertyValueSpecification\",\"valueRequired\":true,\"valueName\":\"search_term_string\"}}],\"inLanguage\":\"fr-FR\"},{\"@type\":\"Organization\",\"@id\":\"https:\\\/\\\/www.autojm.fr\\\/blog\\\/#organization\",\"name\":\"AutoJM Mag\",\"url\":\"https:\\\/\\\/www.autojm.fr\\\/blog\\\/\",\"logo\":{\"@type\":\"ImageObject\",\"inLanguage\":\"fr-FR\",\"@id\":\"https:\\\/\\\/www.autojm.fr\\\/blog\\\/#\\\/schema\\\/logo\\\/image\\\/\",\"url\":\"https:\\\/\\\/www.autojm.fr\\\/blog\\\/wp-content\\\/uploads\\\/2022\\\/12\\\/cropped-AutoJMag-png.png\",\"contentUrl\":\"https:\\\/\\\/www.autojm.fr\\\/blog\\\/wp-content\\\/uploads\\\/2022\\\/12\\\/cropped-AutoJMag-png.png\",\"width\":2834,\"height\":585,\"caption\":\"AutoJM Mag\"},\"image\":{\"@id\":\"https:\\\/\\\/www.autojm.fr\\\/blog\\\/#\\\/schema\\\/logo\\\/image\\\/\"},\"sameAs\":[\"https:\\\/\\\/www.facebook.com\\\/AutoJM25\"]},{\"@type\":\"Person\",\"@id\":\"https:\\\/\\\/www.autojm.fr\\\/blog\\\/#\\\/schema\\\/person\\\/9742bc77541853e0de81fc57f947e1a0\",\"name\":\"Autojm\",\"image\":{\"@type\":\"ImageObject\",\"inLanguage\":\"fr-FR\",\"@id\":\"https:\\\/\\\/secure.gravatar.com\\\/avatar\\\/9a959d52b758fcc232fe4b6aca7bab139182573297122cce7d6f2ee0e537b418?s=96&d=mm&r=g\",\"url\":\"https:\\\/\\\/secure.gravatar.com\\\/avatar\\\/9a959d52b758fcc232fe4b6aca7bab139182573297122cce7d6f2ee0e537b418?s=96&d=mm&r=g\",\"contentUrl\":\"https:\\\/\\\/secure.gravatar.com\\\/avatar\\\/9a959d52b758fcc232fe4b6aca7bab139182573297122cce7d6f2ee0e537b418?s=96&d=mm&r=g\",\"caption\":\"Autojm\"},\"sameAs\":[\"https:\\\/\\\/www.autojm.fr\\\/blog\"],\"url\":\"https:\\\/\\\/www.autojm.fr\\\/blog\\\/author\\\/bichoi\\\/\"}]}<\/script>\n<!-- \/ Yoast SEO plugin. -->","yoast_head_json":{"title":"March\u00e9 auto : les cons\u00e9quences positives du Covid-19 - AutoJM Mag","description":"Le monde de l'automobile fonctionnera diff\u00e9remment \u00e0 l'avenir, du moins, c'est ce que laisse penser les nouveaux usages et les nouvelles...","robots":{"index":"index","follow":"follow","max-snippet":"max-snippet:-1","max-image-preview":"max-image-preview:large","max-video-preview":"max-video-preview:-1"},"canonical":"https:\/\/www.autojm.fr\/blog\/marche-auto-les-consequences-positives-du-covid-19\/","og_locale":"fr_FR","og_type":"article","og_title":"March\u00e9 auto : les cons\u00e9quences positives du Covid-19 - AutoJM Mag","og_description":"Le monde de l'automobile fonctionnera diff\u00e9remment \u00e0 l'avenir, du moins, c'est ce que laisse penser les nouveaux usages et les nouvelles...","og_url":"https:\/\/www.autojm.fr\/blog\/marche-auto-les-consequences-positives-du-covid-19\/","og_site_name":"AutoJM Mag","article_publisher":"https:\/\/www.facebook.com\/AutoJM25","article_published_time":"2021-06-16T00:00:00+00:00","article_modified_time":"2023-04-19T11:54:58+00:00","og_image":[{"width":1024,"height":465,"url":"https:\/\/www.autojm.fr\/blog\/wp-content\/uploads\/2022\/10\/635.jpg","type":"image\/jpeg"}],"author":"Autojm","twitter_card":"summary_large_image","twitter_misc":{"\u00c9crit par":"Autojm","Dur\u00e9e de lecture estim\u00e9e":"3 minutes"},"schema":{"@context":"https:\/\/schema.org","@graph":[{"@type":"Article","@id":"https:\/\/www.autojm.fr\/blog\/marche-auto-les-consequences-positives-du-covid-19\/#article","isPartOf":{"@id":"https:\/\/www.autojm.fr\/blog\/marche-auto-les-consequences-positives-du-covid-19\/"},"author":{"name":"Autojm","@id":"https:\/\/www.autojm.fr\/blog\/#\/schema\/person\/9742bc77541853e0de81fc57f947e1a0"},"headline":"March\u00e9 auto : les cons\u00e9quences positives du Covid-19","datePublished":"2021-06-16T00:00:00+00:00","dateModified":"2023-04-19T11:54:58+00:00","mainEntityOfPage":{"@id":"https:\/\/www.autojm.fr\/blog\/marche-auto-les-consequences-positives-du-covid-19\/"},"wordCount":555,"commentCount":0,"publisher":{"@id":"https:\/\/www.autojm.fr\/blog\/#organization"},"image":{"@id":"https:\/\/www.autojm.fr\/blog\/marche-auto-les-consequences-positives-du-covid-19\/#primaryimage"},"thumbnailUrl":"https:\/\/www.autojm.fr\/blog\/wp-content\/uploads\/2022\/10\/635.jpg","keywords":["autojm","citroen","dacia","DS","Fiat","Ford","Kia","Nissan","Opel","peugeot","renault","Volkswagen"],"articleSection":["Actualit\u00e9 Automobile"],"inLanguage":"fr-FR","potentialAction":[{"@type":"CommentAction","name":"Comment","target":["https:\/\/www.autojm.fr\/blog\/marche-auto-les-consequences-positives-du-covid-19\/#respond"]}]},{"@type":"WebPage","@id":"https:\/\/www.autojm.fr\/blog\/marche-auto-les-consequences-positives-du-covid-19\/","url":"https:\/\/www.autojm.fr\/blog\/marche-auto-les-consequences-positives-du-covid-19\/","name":"March\u00e9 auto : les cons\u00e9quences positives du Covid-19 - AutoJM Mag","isPartOf":{"@id":"https:\/\/www.autojm.fr\/blog\/#website"},"primaryImageOfPage":{"@id":"https:\/\/www.autojm.fr\/blog\/marche-auto-les-consequences-positives-du-covid-19\/#primaryimage"},"image":{"@id":"https:\/\/www.autojm.fr\/blog\/marche-auto-les-consequences-positives-du-covid-19\/#primaryimage"},"thumbnailUrl":"https:\/\/www.autojm.fr\/blog\/wp-content\/uploads\/2022\/10\/635.jpg","datePublished":"2021-06-16T00:00:00+00:00","dateModified":"2023-04-19T11:54:58+00:00","description":"Le monde de l'automobile fonctionnera diff\u00e9remment \u00e0 l'avenir, du moins, c'est ce que laisse penser les nouveaux usages et les nouvelles...","breadcrumb":{"@id":"https:\/\/www.autojm.fr\/blog\/marche-auto-les-consequences-positives-du-covid-19\/#breadcrumb"},"inLanguage":"fr-FR","potentialAction":[{"@type":"ReadAction","target":["https:\/\/www.autojm.fr\/blog\/marche-auto-les-consequences-positives-du-covid-19\/"]}]},{"@type":"ImageObject","inLanguage":"fr-FR","@id":"https:\/\/www.autojm.fr\/blog\/marche-auto-les-consequences-positives-du-covid-19\/#primaryimage","url":"https:\/\/www.autojm.fr\/blog\/wp-content\/uploads\/2022\/10\/635.jpg","contentUrl":"https:\/\/www.autojm.fr\/blog\/wp-content\/uploads\/2022\/10\/635.jpg","width":1024,"height":465,"caption":"March\u00e9 auto Covid-19"},{"@type":"BreadcrumbList","@id":"https:\/\/www.autojm.fr\/blog\/marche-auto-les-consequences-positives-du-covid-19\/#breadcrumb","itemListElement":[{"@type":"ListItem","position":1,"name":"Accueil","item":"https:\/\/www.autojm.fr\/blog\/"},{"@type":"ListItem","position":2,"name":"Actualit\u00e9 Automobile","item":"https:\/\/www.autojm.fr\/blog\/actualite-automobile\/"},{"@type":"ListItem","position":3,"name":"March\u00e9 auto : les cons\u00e9quences positives du Covid-19"}]},{"@type":"WebSite","@id":"https:\/\/www.autojm.fr\/blog\/#website","url":"https:\/\/www.autojm.fr\/blog\/","name":"AutoJM Mag","description":"Toute l&#039;actu auto en 1 clic !","publisher":{"@id":"https:\/\/www.autojm.fr\/blog\/#organization"},"potentialAction":[{"@type":"SearchAction","target":{"@type":"EntryPoint","urlTemplate":"https:\/\/www.autojm.fr\/blog\/?s={search_term_string}"},"query-input":{"@type":"PropertyValueSpecification","valueRequired":true,"valueName":"search_term_string"}}],"inLanguage":"fr-FR"},{"@type":"Organization","@id":"https:\/\/www.autojm.fr\/blog\/#organization","name":"AutoJM Mag","url":"https:\/\/www.autojm.fr\/blog\/","logo":{"@type":"ImageObject","inLanguage":"fr-FR","@id":"https:\/\/www.autojm.fr\/blog\/#\/schema\/logo\/image\/","url":"https:\/\/www.autojm.fr\/blog\/wp-content\/uploads\/2022\/12\/cropped-AutoJMag-png.png","contentUrl":"https:\/\/www.autojm.fr\/blog\/wp-content\/uploads\/2022\/12\/cropped-AutoJMag-png.png","width":2834,"height":585,"caption":"AutoJM Mag"},"image":{"@id":"https:\/\/www.autojm.fr\/blog\/#\/schema\/logo\/image\/"},"sameAs":["https:\/\/www.facebook.com\/AutoJM25"]},{"@type":"Person","@id":"https:\/\/www.autojm.fr\/blog\/#\/schema\/person\/9742bc77541853e0de81fc57f947e1a0","name":"Autojm","image":{"@type":"ImageObject","inLanguage":"fr-FR","@id":"https:\/\/secure.gravatar.com\/avatar\/9a959d52b758fcc232fe4b6aca7bab139182573297122cce7d6f2ee0e537b418?s=96&d=mm&r=g","url":"https:\/\/secure.gravatar.com\/avatar\/9a959d52b758fcc232fe4b6aca7bab139182573297122cce7d6f2ee0e537b418?s=96&d=mm&r=g","contentUrl":"https:\/\/secure.gravatar.com\/avatar\/9a959d52b758fcc232fe4b6aca7bab139182573297122cce7d6f2ee0e537b418?s=96&d=mm&r=g","caption":"Autojm"},"sameAs":["https:\/\/www.autojm.fr\/blog"],"url":"https:\/\/www.autojm.fr\/blog\/author\/bichoi\/"}]}},"_links":{"self":[{"href":"https:\/\/www.autojm.fr\/blog\/wp-json\/wp\/v2\/posts\/3905","targetHints":{"allow":["GET"]}}],"collection":[{"href":"https:\/\/www.autojm.fr\/blog\/wp-json\/wp\/v2\/posts"}],"about":[{"href":"https:\/\/www.autojm.fr\/blog\/wp-json\/wp\/v2\/types\/post"}],"author":[{"embeddable":true,"href":"https:\/\/www.autojm.fr\/blog\/wp-json\/wp\/v2\/users\/1"}],"replies":[{"embeddable":true,"href":"https:\/\/www.autojm.fr\/blog\/wp-json\/wp\/v2\/comments?post=3905"}],"version-history":[{"count":5,"href":"https:\/\/www.autojm.fr\/blog\/wp-json\/wp\/v2\/posts\/3905\/revisions"}],"predecessor-version":[{"id":9515,"href":"https:\/\/www.autojm.fr\/blog\/wp-json\/wp\/v2\/posts\/3905\/revisions\/9515"}],"wp:featuredmedia":[{"embeddable":true,"href":"https:\/\/www.autojm.fr\/blog\/wp-json\/wp\/v2\/media\/5963"}],"wp:attachment":[{"href":"https:\/\/www.autojm.fr\/blog\/wp-json\/wp\/v2\/media?parent=3905"}],"wp:term":[{"taxonomy":"category","embeddable":true,"href":"https:\/\/www.autojm.fr\/blog\/wp-json\/wp\/v2\/categories?post=3905"},{"taxonomy":"post_tag","embeddable":true,"href":"https:\/\/www.autojm.fr\/blog\/wp-json\/wp\/v2\/tags?post=3905"}],"curies":[{"name":"wp","href":"https:\/\/api.w.org\/{rel}","templated":true}]}}