{"id":3904,"date":"2021-06-04T00:00:00","date_gmt":"2021-06-04T00:00:00","guid":{"rendered":"https:\/\/www.autojm.fr\/blog\/baisse-des-immatriculations-en-mai-2021\/"},"modified":"2022-12-13T13:38:43","modified_gmt":"2022-12-13T13:38:43","slug":"baisse-des-immatriculations-en-mai-2021","status":"publish","type":"post","link":"https:\/\/www.autojm.fr\/blog\/baisse-des-immatriculations-en-mai-2021\/","title":{"rendered":"Baisse des immatriculations en mai 2021"},"content":{"rendered":"\n<div>&nbsp;<\/div>\n\n\n\n<p>Pour le mois de mai 2021, l&rsquo;all\u00e8gement des restrictions sanitaires a permis au march\u00e9 automobile fran\u00e7ais de poursuivre sa remont\u00e9e sur ce cinqui\u00e8me mois, affichant un total de 141 041 voitures neuves immatricul\u00e9es. Bien que, en comparaison avec le mois de mai 2020, les immatriculations de <strong><a href=\"https:\/\/www.autojm.fr\/recherche?part=blog&amp;utm_source=articleblog040621&amp;utm_medium=blog\">voitures neuves<\/a><\/strong> ont progress\u00e9, les ventes ne sont toujours pas au m\u00eame niveau qu&rsquo;en 2019.<\/p>\n\n\n\n<h2 class=\"wp-block-heading\">Le march\u00e9 automobile reste fragile par rapport \u00e0 mai 2019<\/h2>\n\n\n\n<p>Dans l&rsquo;ensemble, le march\u00e9 automobile fran\u00e7ais est rest\u00e9 fragile en mai 2021 avec une baisse des ventes de 27,28 % par rapport aux chiffres d&rsquo;avant la pand\u00e9mie, en mai 2019. Par rapport \u00e0 mai 2020, le march\u00e9 est en hausse de 46,45 % avec 141 041 immatriculations de voitures neuves. Il faudra d\u00e9sormais attendre la rentr\u00e9e de septembre pour esp\u00e9rer une hausse importante au second semestre.<\/p>\n\n\n\n<h2 class=\"wp-block-heading\">Les immatriculations en baisse pour les voitures diesel<\/h2>\n\n\n\n<div>\n<p>Les ventes de <strong><a href=\"https:\/\/www.autojm.fr\/recherche?energies%5B%5D=Hybride?part=blog&amp;utm_source=articleblog040621&amp;utm_medium=blog\">voitures hybrides<\/a><\/strong> ont d\u00e9pass\u00e9 en mai les ventes de <strong><a href=\"https:\/\/www.autojm.fr\/recherche?energies%5B%5D=Diesel?part=blog&amp;utm_source=articleblog040621&amp;utm_medium=blog\">voitures diesel<\/a><\/strong> sur le march\u00e9 automobile. Ainsi, les <strong>hybrides<\/strong> ont repr\u00e9sent\u00e9 26 % des ventes de voitures neuves avec 36 221 immatriculations, contre 22 % pour les diesels, alors que ces derni\u00e8res repr\u00e9sentaient plus de 70 % des immatriculations en 2012. Cette baisse des ventes de<strong> voitures diesel<\/strong>, pouss\u00e9e par les bonus gouvernementaux, pourrait encore s&rsquo;accentuer apr\u00e8s le 1er juillet, lorsque les diesels ne seront plus \u00e9ligibles au dispositif de prime \u00e0 la conversion. Concernant les <strong><a href=\"https:\/\/www.autojm.fr\/recherche?energies%5B%5D=Electrique?part=blog&amp;utm_source=articleblog040621&amp;utm_medium=blog\">voitures \u00e9lectriques<\/a><\/strong>, elles poursuivent leur d\u00e9veloppement et maintiennent une part de march\u00e9 de 8 % en mai, avec 11 562 immatriculations.<\/p>\n<p><iframe loading=\"lazy\" title=\"YouTube video player\" src=\"https:\/\/www.youtube.com\/embed\/PEr5tz7YdsQ\" width=\"100%\" height=\"315\" allowfullscreen=\"allowfullscreen\"><\/iframe><\/p>\n<div><span style=\"font-family: Ubuntu, sans-serif; font-size: 1.5em;\">Les voitures d&rsquo;occasion se vendent bien, mais sont de plus en plus anciennes<\/span><\/div>\n<p>De son c\u00f4t\u00e9,<strong> le march\u00e9 de l&rsquo;occasion <\/strong>poursuit sur sa direction observ\u00e9e depuis le d\u00e9but de l&rsquo;ann\u00e9e, avec un niveau proche voire sup\u00e9rieur \u00e0 celui d&rsquo;avant la crise gr\u00e2ce \u00e0 ses 471 823 immatriculations. Cette hausse profite notamment aux mod\u00e8les de plus de dix ans, soit les moins chers, dont la part de march\u00e9 est pass\u00e9e de 41 % en mai 2019 \u00e0 45,5 % en mai 2021.<\/p>\n<h2>Les marques automobiles fortement affect\u00e9es ?<\/h2>\n<p>Avec l&rsquo;accumulation des cinq premiers mois de l&rsquo;ann\u00e9e 2021, le march\u00e9 fran\u00e7ais enregistre une baisse de 22,69 % par rapport \u00e0 2019 pour un total de 723 258 <strong>v\u00e9hicules immatricul\u00e9s<\/strong>. Bien que ses ventes aient baiss\u00e9 de 27,78 % par rapport \u00e0 l&rsquo;ann\u00e9e 2019, le constructeur<strong> Renault <\/strong>est en t\u00eate avec ses 26 168 ventes, aid\u00e9 par le succ\u00e8s du mod\u00e8le <strong>Clio<\/strong>, en top vente pour ce mois de mai avec 8 828 exemplaires \u00e9coul\u00e9s. Quelques marques parviennent cependant \u00e0 enregistrer des chiffres en hausse par rapport \u00e0 2019 comme <strong>Hyundai<\/strong> (+ 10,7 %),<strong>Skoda<\/strong> (+ 2,9 %),<strong>Toyota<\/strong> (+ 2,6 %) et<strong>Mini<\/strong> (+ 1,9 %). Cependant, <strong>Renault <\/strong>et les autres groupes fran\u00e7ais enregistrent une baisse de 35,01 % pour une part de march\u00e9 de 56,73 %. Le groupe <strong>Stellantis<\/strong> affiche une diminution de 39,84 % de ses ventes : pas si \u00e9tonnant quand on constate que<strong> Peugeot<\/strong> a enregistr\u00e9 -35% d&rsquo;immatriculations et <strong>Citro\u00ebn<\/strong> -42% d&rsquo;immatriculations.<\/p>\n<p><\/p>\n<div>&nbsp;<\/div>\n<div>&nbsp;<\/div>\n<div>&nbsp;<\/div>\n<\/div>\n","protected":false},"excerpt":{"rendered":"<p>Pour le mois de mai 2021, l&rsquo;all\u00e8gement des restrictions sanitaires a permis au march\u00e9 automobile fran\u00e7ais de poursuivre sa remont\u00e9e sur ce cinqui\u00e8me mois, affichant un total de 141 041 voitures neuves immatricul\u00e9es. Bien que, en comparaison avec le mois de mai 2020, les immatriculations de voitures neuves ont progress\u00e9, les ventes ne sont toujours pas au m\u00eame niveau qu&rsquo;en 2019.<\/p>\n","protected":false},"author":1,"featured_media":5962,"comment_status":"open","ping_status":"open","sticky":false,"template":"","format":"standard","meta":{"_acf_changed":false,"content-type":"","footnotes":""},"categories":[5],"tags":[90,79,74,105,110,109,106,108,107,73,78,96],"class_list":["post-3904","post","type-post","status-publish","format-standard","has-post-thumbnail","hentry","category-actualite-automobile","tag-autojm","tag-citroen","tag-dacia","tag-ds","tag-fiat","tag-ford","tag-kia","tag-nissan","tag-opel","tag-peugeot","tag-renault","tag-volkswagen"],"acf":[],"yoast_head":"<!-- This site is optimized with the Yoast SEO plugin v27.5 - https:\/\/yoast.com\/product\/yoast-seo-wordpress\/ -->\n<title>Baisse des immatriculations en mai 2021 - AutoJM Mag<\/title>\n<meta name=\"description\" content=\"Pour le mois de mai 2021, l&#039;all\u00e8gement des restrictions sanitaires a permis au march\u00e9 automobile fran\u00e7ais de poursuivre sa remont\u00e9e sur ce...\" \/>\n<meta name=\"robots\" content=\"index, follow, max-snippet:-1, max-image-preview:large, max-video-preview:-1\" \/>\n<link rel=\"canonical\" href=\"https:\/\/www.autojm.fr\/blog\/baisse-des-immatriculations-en-mai-2021\/\" \/>\n<meta property=\"og:locale\" content=\"fr_FR\" \/>\n<meta property=\"og:type\" content=\"article\" \/>\n<meta property=\"og:title\" content=\"Baisse des immatriculations en mai 2021 - AutoJM Mag\" \/>\n<meta property=\"og:description\" content=\"Pour le mois de mai 2021, l&#039;all\u00e8gement des restrictions sanitaires a permis au march\u00e9 automobile fran\u00e7ais de poursuivre sa remont\u00e9e sur ce...\" \/>\n<meta property=\"og:url\" content=\"https:\/\/www.autojm.fr\/blog\/baisse-des-immatriculations-en-mai-2021\/\" \/>\n<meta property=\"og:site_name\" content=\"AutoJM Mag\" \/>\n<meta property=\"article:publisher\" content=\"https:\/\/www.facebook.com\/AutoJM25\" \/>\n<meta property=\"article:published_time\" content=\"2021-06-04T00:00:00+00:00\" \/>\n<meta property=\"article:modified_time\" content=\"2022-12-13T13:38:43+00:00\" \/>\n<meta property=\"og:image\" content=\"https:\/\/www.autojm.fr\/blog\/wp-content\/uploads\/2022\/10\/634-scaled.jpg\" \/>\n\t<meta property=\"og:image:width\" content=\"2560\" \/>\n\t<meta property=\"og:image:height\" content=\"1160\" \/>\n\t<meta property=\"og:image:type\" content=\"image\/jpeg\" \/>\n<meta name=\"author\" content=\"Autojm\" \/>\n<meta name=\"twitter:card\" content=\"summary_large_image\" \/>\n<meta name=\"twitter:label1\" content=\"\u00c9crit par\" \/>\n\t<meta name=\"twitter:data1\" content=\"Autojm\" \/>\n\t<meta name=\"twitter:label2\" content=\"Dur\u00e9e de lecture estim\u00e9e\" \/>\n\t<meta name=\"twitter:data2\" content=\"3 minutes\" \/>\n<script type=\"application\/ld+json\" class=\"yoast-schema-graph\">{\"@context\":\"https:\\\/\\\/schema.org\",\"@graph\":[{\"@type\":\"Article\",\"@id\":\"https:\\\/\\\/www.autojm.fr\\\/blog\\\/baisse-des-immatriculations-en-mai-2021\\\/#article\",\"isPartOf\":{\"@id\":\"https:\\\/\\\/www.autojm.fr\\\/blog\\\/baisse-des-immatriculations-en-mai-2021\\\/\"},\"author\":{\"name\":\"Autojm\",\"@id\":\"https:\\\/\\\/www.autojm.fr\\\/blog\\\/#\\\/schema\\\/person\\\/9742bc77541853e0de81fc57f947e1a0\"},\"headline\":\"Baisse des immatriculations en mai 2021\",\"datePublished\":\"2021-06-04T00:00:00+00:00\",\"dateModified\":\"2022-12-13T13:38:43+00:00\",\"mainEntityOfPage\":{\"@id\":\"https:\\\/\\\/www.autojm.fr\\\/blog\\\/baisse-des-immatriculations-en-mai-2021\\\/\"},\"wordCount\":464,\"commentCount\":0,\"publisher\":{\"@id\":\"https:\\\/\\\/www.autojm.fr\\\/blog\\\/#organization\"},\"image\":{\"@id\":\"https:\\\/\\\/www.autojm.fr\\\/blog\\\/baisse-des-immatriculations-en-mai-2021\\\/#primaryimage\"},\"thumbnailUrl\":\"https:\\\/\\\/www.autojm.fr\\\/blog\\\/wp-content\\\/uploads\\\/2022\\\/10\\\/634-scaled.jpg\",\"keywords\":[\"autojm\",\"citroen\",\"dacia\",\"DS\",\"Fiat\",\"Ford\",\"Kia\",\"Nissan\",\"Opel\",\"peugeot\",\"renault\",\"Volkswagen\"],\"articleSection\":[\"Actualit\u00e9 Automobile\"],\"inLanguage\":\"fr-FR\",\"potentialAction\":[{\"@type\":\"CommentAction\",\"name\":\"Comment\",\"target\":[\"https:\\\/\\\/www.autojm.fr\\\/blog\\\/baisse-des-immatriculations-en-mai-2021\\\/#respond\"]}]},{\"@type\":\"WebPage\",\"@id\":\"https:\\\/\\\/www.autojm.fr\\\/blog\\\/baisse-des-immatriculations-en-mai-2021\\\/\",\"url\":\"https:\\\/\\\/www.autojm.fr\\\/blog\\\/baisse-des-immatriculations-en-mai-2021\\\/\",\"name\":\"Baisse des immatriculations en mai 2021 - AutoJM Mag\",\"isPartOf\":{\"@id\":\"https:\\\/\\\/www.autojm.fr\\\/blog\\\/#website\"},\"primaryImageOfPage\":{\"@id\":\"https:\\\/\\\/www.autojm.fr\\\/blog\\\/baisse-des-immatriculations-en-mai-2021\\\/#primaryimage\"},\"image\":{\"@id\":\"https:\\\/\\\/www.autojm.fr\\\/blog\\\/baisse-des-immatriculations-en-mai-2021\\\/#primaryimage\"},\"thumbnailUrl\":\"https:\\\/\\\/www.autojm.fr\\\/blog\\\/wp-content\\\/uploads\\\/2022\\\/10\\\/634-scaled.jpg\",\"datePublished\":\"2021-06-04T00:00:00+00:00\",\"dateModified\":\"2022-12-13T13:38:43+00:00\",\"description\":\"Pour le mois de mai 2021, l'all\u00e8gement des restrictions sanitaires a permis au march\u00e9 automobile fran\u00e7ais de poursuivre sa remont\u00e9e sur ce...\",\"breadcrumb\":{\"@id\":\"https:\\\/\\\/www.autojm.fr\\\/blog\\\/baisse-des-immatriculations-en-mai-2021\\\/#breadcrumb\"},\"inLanguage\":\"fr-FR\",\"potentialAction\":[{\"@type\":\"ReadAction\",\"target\":[\"https:\\\/\\\/www.autojm.fr\\\/blog\\\/baisse-des-immatriculations-en-mai-2021\\\/\"]}]},{\"@type\":\"ImageObject\",\"inLanguage\":\"fr-FR\",\"@id\":\"https:\\\/\\\/www.autojm.fr\\\/blog\\\/baisse-des-immatriculations-en-mai-2021\\\/#primaryimage\",\"url\":\"https:\\\/\\\/www.autojm.fr\\\/blog\\\/wp-content\\\/uploads\\\/2022\\\/10\\\/634-scaled.jpg\",\"contentUrl\":\"https:\\\/\\\/www.autojm.fr\\\/blog\\\/wp-content\\\/uploads\\\/2022\\\/10\\\/634-scaled.jpg\",\"width\":2560,\"height\":1160,\"caption\":\"Immatriculations\"},{\"@type\":\"BreadcrumbList\",\"@id\":\"https:\\\/\\\/www.autojm.fr\\\/blog\\\/baisse-des-immatriculations-en-mai-2021\\\/#breadcrumb\",\"itemListElement\":[{\"@type\":\"ListItem\",\"position\":1,\"name\":\"Accueil\",\"item\":\"https:\\\/\\\/www.autojm.fr\\\/blog\\\/\"},{\"@type\":\"ListItem\",\"position\":2,\"name\":\"Actualit\u00e9 Automobile\",\"item\":\"https:\\\/\\\/www.autojm.fr\\\/blog\\\/actualite-automobile\\\/\"},{\"@type\":\"ListItem\",\"position\":3,\"name\":\"Baisse des immatriculations en mai 2021\"}]},{\"@type\":\"WebSite\",\"@id\":\"https:\\\/\\\/www.autojm.fr\\\/blog\\\/#website\",\"url\":\"https:\\\/\\\/www.autojm.fr\\\/blog\\\/\",\"name\":\"AutoJM Mag\",\"description\":\"Toute l&#039;actu auto en 1 clic !\",\"publisher\":{\"@id\":\"https:\\\/\\\/www.autojm.fr\\\/blog\\\/#organization\"},\"potentialAction\":[{\"@type\":\"SearchAction\",\"target\":{\"@type\":\"EntryPoint\",\"urlTemplate\":\"https:\\\/\\\/www.autojm.fr\\\/blog\\\/?s={search_term_string}\"},\"query-input\":{\"@type\":\"PropertyValueSpecification\",\"valueRequired\":true,\"valueName\":\"search_term_string\"}}],\"inLanguage\":\"fr-FR\"},{\"@type\":\"Organization\",\"@id\":\"https:\\\/\\\/www.autojm.fr\\\/blog\\\/#organization\",\"name\":\"AutoJM Mag\",\"url\":\"https:\\\/\\\/www.autojm.fr\\\/blog\\\/\",\"logo\":{\"@type\":\"ImageObject\",\"inLanguage\":\"fr-FR\",\"@id\":\"https:\\\/\\\/www.autojm.fr\\\/blog\\\/#\\\/schema\\\/logo\\\/image\\\/\",\"url\":\"https:\\\/\\\/www.autojm.fr\\\/blog\\\/wp-content\\\/uploads\\\/2022\\\/12\\\/cropped-AutoJMag-png.png\",\"contentUrl\":\"https:\\\/\\\/www.autojm.fr\\\/blog\\\/wp-content\\\/uploads\\\/2022\\\/12\\\/cropped-AutoJMag-png.png\",\"width\":2834,\"height\":585,\"caption\":\"AutoJM Mag\"},\"image\":{\"@id\":\"https:\\\/\\\/www.autojm.fr\\\/blog\\\/#\\\/schema\\\/logo\\\/image\\\/\"},\"sameAs\":[\"https:\\\/\\\/www.facebook.com\\\/AutoJM25\"]},{\"@type\":\"Person\",\"@id\":\"https:\\\/\\\/www.autojm.fr\\\/blog\\\/#\\\/schema\\\/person\\\/9742bc77541853e0de81fc57f947e1a0\",\"name\":\"Autojm\",\"image\":{\"@type\":\"ImageObject\",\"inLanguage\":\"fr-FR\",\"@id\":\"https:\\\/\\\/secure.gravatar.com\\\/avatar\\\/9a959d52b758fcc232fe4b6aca7bab139182573297122cce7d6f2ee0e537b418?s=96&d=mm&r=g\",\"url\":\"https:\\\/\\\/secure.gravatar.com\\\/avatar\\\/9a959d52b758fcc232fe4b6aca7bab139182573297122cce7d6f2ee0e537b418?s=96&d=mm&r=g\",\"contentUrl\":\"https:\\\/\\\/secure.gravatar.com\\\/avatar\\\/9a959d52b758fcc232fe4b6aca7bab139182573297122cce7d6f2ee0e537b418?s=96&d=mm&r=g\",\"caption\":\"Autojm\"},\"sameAs\":[\"https:\\\/\\\/www.autojm.fr\\\/blog\"],\"url\":\"https:\\\/\\\/www.autojm.fr\\\/blog\\\/author\\\/bichoi\\\/\"}]}<\/script>\n<!-- \/ Yoast SEO plugin. -->","yoast_head_json":{"title":"Baisse des immatriculations en mai 2021 - AutoJM Mag","description":"Pour le mois de mai 2021, l'all\u00e8gement des restrictions sanitaires a permis au march\u00e9 automobile fran\u00e7ais de poursuivre sa remont\u00e9e sur ce...","robots":{"index":"index","follow":"follow","max-snippet":"max-snippet:-1","max-image-preview":"max-image-preview:large","max-video-preview":"max-video-preview:-1"},"canonical":"https:\/\/www.autojm.fr\/blog\/baisse-des-immatriculations-en-mai-2021\/","og_locale":"fr_FR","og_type":"article","og_title":"Baisse des immatriculations en mai 2021 - AutoJM Mag","og_description":"Pour le mois de mai 2021, l'all\u00e8gement des restrictions sanitaires a permis au march\u00e9 automobile fran\u00e7ais de poursuivre sa remont\u00e9e sur ce...","og_url":"https:\/\/www.autojm.fr\/blog\/baisse-des-immatriculations-en-mai-2021\/","og_site_name":"AutoJM Mag","article_publisher":"https:\/\/www.facebook.com\/AutoJM25","article_published_time":"2021-06-04T00:00:00+00:00","article_modified_time":"2022-12-13T13:38:43+00:00","og_image":[{"width":2560,"height":1160,"url":"https:\/\/www.autojm.fr\/blog\/wp-content\/uploads\/2022\/10\/634-scaled.jpg","type":"image\/jpeg"}],"author":"Autojm","twitter_card":"summary_large_image","twitter_misc":{"\u00c9crit par":"Autojm","Dur\u00e9e de lecture estim\u00e9e":"3 minutes"},"schema":{"@context":"https:\/\/schema.org","@graph":[{"@type":"Article","@id":"https:\/\/www.autojm.fr\/blog\/baisse-des-immatriculations-en-mai-2021\/#article","isPartOf":{"@id":"https:\/\/www.autojm.fr\/blog\/baisse-des-immatriculations-en-mai-2021\/"},"author":{"name":"Autojm","@id":"https:\/\/www.autojm.fr\/blog\/#\/schema\/person\/9742bc77541853e0de81fc57f947e1a0"},"headline":"Baisse des immatriculations en mai 2021","datePublished":"2021-06-04T00:00:00+00:00","dateModified":"2022-12-13T13:38:43+00:00","mainEntityOfPage":{"@id":"https:\/\/www.autojm.fr\/blog\/baisse-des-immatriculations-en-mai-2021\/"},"wordCount":464,"commentCount":0,"publisher":{"@id":"https:\/\/www.autojm.fr\/blog\/#organization"},"image":{"@id":"https:\/\/www.autojm.fr\/blog\/baisse-des-immatriculations-en-mai-2021\/#primaryimage"},"thumbnailUrl":"https:\/\/www.autojm.fr\/blog\/wp-content\/uploads\/2022\/10\/634-scaled.jpg","keywords":["autojm","citroen","dacia","DS","Fiat","Ford","Kia","Nissan","Opel","peugeot","renault","Volkswagen"],"articleSection":["Actualit\u00e9 Automobile"],"inLanguage":"fr-FR","potentialAction":[{"@type":"CommentAction","name":"Comment","target":["https:\/\/www.autojm.fr\/blog\/baisse-des-immatriculations-en-mai-2021\/#respond"]}]},{"@type":"WebPage","@id":"https:\/\/www.autojm.fr\/blog\/baisse-des-immatriculations-en-mai-2021\/","url":"https:\/\/www.autojm.fr\/blog\/baisse-des-immatriculations-en-mai-2021\/","name":"Baisse des immatriculations en mai 2021 - AutoJM Mag","isPartOf":{"@id":"https:\/\/www.autojm.fr\/blog\/#website"},"primaryImageOfPage":{"@id":"https:\/\/www.autojm.fr\/blog\/baisse-des-immatriculations-en-mai-2021\/#primaryimage"},"image":{"@id":"https:\/\/www.autojm.fr\/blog\/baisse-des-immatriculations-en-mai-2021\/#primaryimage"},"thumbnailUrl":"https:\/\/www.autojm.fr\/blog\/wp-content\/uploads\/2022\/10\/634-scaled.jpg","datePublished":"2021-06-04T00:00:00+00:00","dateModified":"2022-12-13T13:38:43+00:00","description":"Pour le mois de mai 2021, l'all\u00e8gement des restrictions sanitaires a permis au march\u00e9 automobile fran\u00e7ais de poursuivre sa remont\u00e9e sur ce...","breadcrumb":{"@id":"https:\/\/www.autojm.fr\/blog\/baisse-des-immatriculations-en-mai-2021\/#breadcrumb"},"inLanguage":"fr-FR","potentialAction":[{"@type":"ReadAction","target":["https:\/\/www.autojm.fr\/blog\/baisse-des-immatriculations-en-mai-2021\/"]}]},{"@type":"ImageObject","inLanguage":"fr-FR","@id":"https:\/\/www.autojm.fr\/blog\/baisse-des-immatriculations-en-mai-2021\/#primaryimage","url":"https:\/\/www.autojm.fr\/blog\/wp-content\/uploads\/2022\/10\/634-scaled.jpg","contentUrl":"https:\/\/www.autojm.fr\/blog\/wp-content\/uploads\/2022\/10\/634-scaled.jpg","width":2560,"height":1160,"caption":"Immatriculations"},{"@type":"BreadcrumbList","@id":"https:\/\/www.autojm.fr\/blog\/baisse-des-immatriculations-en-mai-2021\/#breadcrumb","itemListElement":[{"@type":"ListItem","position":1,"name":"Accueil","item":"https:\/\/www.autojm.fr\/blog\/"},{"@type":"ListItem","position":2,"name":"Actualit\u00e9 Automobile","item":"https:\/\/www.autojm.fr\/blog\/actualite-automobile\/"},{"@type":"ListItem","position":3,"name":"Baisse des immatriculations en mai 2021"}]},{"@type":"WebSite","@id":"https:\/\/www.autojm.fr\/blog\/#website","url":"https:\/\/www.autojm.fr\/blog\/","name":"AutoJM Mag","description":"Toute l&#039;actu auto en 1 clic !","publisher":{"@id":"https:\/\/www.autojm.fr\/blog\/#organization"},"potentialAction":[{"@type":"SearchAction","target":{"@type":"EntryPoint","urlTemplate":"https:\/\/www.autojm.fr\/blog\/?s={search_term_string}"},"query-input":{"@type":"PropertyValueSpecification","valueRequired":true,"valueName":"search_term_string"}}],"inLanguage":"fr-FR"},{"@type":"Organization","@id":"https:\/\/www.autojm.fr\/blog\/#organization","name":"AutoJM Mag","url":"https:\/\/www.autojm.fr\/blog\/","logo":{"@type":"ImageObject","inLanguage":"fr-FR","@id":"https:\/\/www.autojm.fr\/blog\/#\/schema\/logo\/image\/","url":"https:\/\/www.autojm.fr\/blog\/wp-content\/uploads\/2022\/12\/cropped-AutoJMag-png.png","contentUrl":"https:\/\/www.autojm.fr\/blog\/wp-content\/uploads\/2022\/12\/cropped-AutoJMag-png.png","width":2834,"height":585,"caption":"AutoJM Mag"},"image":{"@id":"https:\/\/www.autojm.fr\/blog\/#\/schema\/logo\/image\/"},"sameAs":["https:\/\/www.facebook.com\/AutoJM25"]},{"@type":"Person","@id":"https:\/\/www.autojm.fr\/blog\/#\/schema\/person\/9742bc77541853e0de81fc57f947e1a0","name":"Autojm","image":{"@type":"ImageObject","inLanguage":"fr-FR","@id":"https:\/\/secure.gravatar.com\/avatar\/9a959d52b758fcc232fe4b6aca7bab139182573297122cce7d6f2ee0e537b418?s=96&d=mm&r=g","url":"https:\/\/secure.gravatar.com\/avatar\/9a959d52b758fcc232fe4b6aca7bab139182573297122cce7d6f2ee0e537b418?s=96&d=mm&r=g","contentUrl":"https:\/\/secure.gravatar.com\/avatar\/9a959d52b758fcc232fe4b6aca7bab139182573297122cce7d6f2ee0e537b418?s=96&d=mm&r=g","caption":"Autojm"},"sameAs":["https:\/\/www.autojm.fr\/blog"],"url":"https:\/\/www.autojm.fr\/blog\/author\/bichoi\/"}]}},"_links":{"self":[{"href":"https:\/\/www.autojm.fr\/blog\/wp-json\/wp\/v2\/posts\/3904","targetHints":{"allow":["GET"]}}],"collection":[{"href":"https:\/\/www.autojm.fr\/blog\/wp-json\/wp\/v2\/posts"}],"about":[{"href":"https:\/\/www.autojm.fr\/blog\/wp-json\/wp\/v2\/types\/post"}],"author":[{"embeddable":true,"href":"https:\/\/www.autojm.fr\/blog\/wp-json\/wp\/v2\/users\/1"}],"replies":[{"embeddable":true,"href":"https:\/\/www.autojm.fr\/blog\/wp-json\/wp\/v2\/comments?post=3904"}],"version-history":[{"count":6,"href":"https:\/\/www.autojm.fr\/blog\/wp-json\/wp\/v2\/posts\/3904\/revisions"}],"predecessor-version":[{"id":7722,"href":"https:\/\/www.autojm.fr\/blog\/wp-json\/wp\/v2\/posts\/3904\/revisions\/7722"}],"wp:featuredmedia":[{"embeddable":true,"href":"https:\/\/www.autojm.fr\/blog\/wp-json\/wp\/v2\/media\/5962"}],"wp:attachment":[{"href":"https:\/\/www.autojm.fr\/blog\/wp-json\/wp\/v2\/media?parent=3904"}],"wp:term":[{"taxonomy":"category","embeddable":true,"href":"https:\/\/www.autojm.fr\/blog\/wp-json\/wp\/v2\/categories?post=3904"},{"taxonomy":"post_tag","embeddable":true,"href":"https:\/\/www.autojm.fr\/blog\/wp-json\/wp\/v2\/tags?post=3904"}],"curies":[{"name":"wp","href":"https:\/\/api.w.org\/{rel}","templated":true}]}}