{"id":3903,"date":"2021-06-02T00:00:00","date_gmt":"2021-06-02T00:00:00","guid":{"rendered":"https:\/\/www.autojm.fr\/blog\/peugeot-308-2022-la-version-suv-308\/"},"modified":"2022-12-09T13:29:50","modified_gmt":"2022-12-09T13:29:50","slug":"peugeot-308-2022-la-version-suv-308","status":"publish","type":"post","link":"https:\/\/www.autojm.fr\/blog\/peugeot-308-2022-la-version-suv-308\/","title":{"rendered":"Peugeot 308 2022 : la version SUV 308"},"content":{"rendered":"<p>La <strong><a href=\"https:\/\/www.autojm.fr\/achat-voitures-neuves-peugeot-peugeot-nouvelle-308-2021-5p?part=blog&amp;utm_source=articleblog020621&amp;utm_medium=blog\">nouvelle Peugeot 308<\/a><\/strong> a fait parler d&rsquo;elle lors de sa r\u00e9v\u00e9lation gr\u00e2ce \u00e0 une toute nouvelle face avant marqu\u00e9e par une large calandre et l&rsquo;int\u00e9gration des crocs de Lion en guise de feux. Son design se modernise pour un c\u00f4t\u00e9 encore plus sportif, inspir\u00e9, entre autres, par le concept-car Peugeot Instinct. Et si la berline sera d\u00e9riv\u00e9e en version break, elle aura \u00e9galement une version crossover, un SUV r\u00e9pondant encore au nom de code <strong>P54<\/strong>. Que sait-on d\u00e9j\u00e0 du futur crossover de <strong><a href=\"https:\/\/www.autojm.fr\/mandataire-voitures-neuves-peugeot?part=blog&amp;utm_source=articleblog020621&amp;utm_medium=blog\">Peugeot<\/a><\/strong> ?<\/p>\n<h2>Un crossover 308 inspir\u00e9 des mod\u00e8les C4 et C5X<\/h2>\n<p>La version <strong>SUV<\/strong> de la <strong>Peugeot 308<\/strong> viendra remplacer l&rsquo;actuelle <strong>408<\/strong>, commercialis\u00e9e en Chine et qui adopte le physique de l&rsquo;actuelle <strong>Peugeot 308<\/strong> en version tricorps. Le<strong> SUV Peugeot 308<\/strong> sera dans l&rsquo;air du temps : un mod\u00e8le mi-berline mi-SUV, qui offre les atouts du SUV (position haute, confort) et ceux de la berline (carrosserie plus allong\u00e9e, look plus sportif). Certains mod\u00e8les actuels sont d\u00e9j\u00e0 dans ce gabarit comme la <strong><a href=\"https:\/\/www.autojm.fr\/achat-voitures-neuves-citroen-nouvelle-c4-2020-5p?part=blog&amp;utm_source=articleblog020621&amp;utm_medium=blog\">Citro\u00ebn C4<\/a><\/strong>, la <strong>Citro\u00ebn C5X<\/strong>\u2026 etc.<\/p>\n<p>L&rsquo;Argus a r\u00e9v\u00e9l\u00e9 des infos concernant cette future version crossover : la <strong>308 2022<\/strong> sera bas\u00e9e sur la plateforme EMP2 V3 mais avec un empattement plus important, \u00e9gal \u00e0 celui de la <strong>Citro\u00ebn C5X<\/strong>. C\u00f4t\u00e9 design, on retrouvera la face avant de la berline<strong> Peugeot 308 3<\/strong>, avec de grandes roues, un profil allong\u00e9 et une face arri\u00e8re quasi verticale. Cette derni\u00e8re devrait \u00eatre remarquable, inspir\u00e9e par la Lamborghini Aventador avec le design du montant C et du bouclier arri\u00e8re.<\/p>\n<p>Cette version 308 crossover adoptera le syst\u00e8me multim\u00e9dia 10 pouces de la <strong><a href=\"https:\/\/www.autojm.fr\/achat-voitures-neuves-ds-nouvelle-ds-4-2021-5p?part=blog&amp;utm_source=articleblog020621&amp;utm_medium=blog\">DS4<\/a><\/strong>, dont la technologie offre une meilleure r\u00e9activit\u00e9 et des mises \u00e0 jour automatiques sans difficult\u00e9s. Sans surprise, ce mod\u00e8le, qui disposera d&rsquo;un empattement plus important que la version berline, offrira plus d&rsquo;espace aux passagers arri\u00e8re au niveau des jambes.<\/p>\n<p><iframe loading=\"lazy\" title=\"YouTube video player\" src=\"https:\/\/www.youtube.com\/embed\/Torod3464uo\" width=\"100%\" height=\"315\" allowfullscreen=\"allowfullscreen\"><\/iframe><\/p>\n<h2>SUV 308 : versions hybrides rechargeables<\/h2>\n<p>C\u00f4t\u00e9 motorisation, le <strong>SUV <\/strong>ne sera pas pourvu d&rsquo;une version 100% \u00e9lectriques et devrait h\u00e9riter des moteurs de la<strong> Peugeot 308 2021<\/strong> : 1.2 PureTech 110 et 1.2 PureTech 130 en version hybridation l\u00e9g\u00e8re 48V, 1.5 BlueHDi 130 et 1.6 PureTech en versions hybrides rechargeables de 180 et 225 chevaux. La bo\u00eete automatique EAT8 laissera la place, en 2023, \u00e0 la bo\u00eete e-DCT \u00e0 double embrayage. <strong>Peugeot<\/strong> apportera \u00e0 sa gamme de moteur le 1.6 PureTech G\u00e9n\u00e9ration 3 en 2023, qui sera associ\u00e9 \u00e0 la transmission e-DCT sur les mod\u00e8les hybrides rechargeables.<\/p>\n<h2>Mi-SUV mi-berline<\/h2>\n<p>C&rsquo;est une carrosserie qui se d\u00e9veloppe de plus en plus : le mix entre <strong>berline et SUV<\/strong>. Le c\u00f4t\u00e9 berline se retrouve dans le design, avec un v\u00e9hicule un peu plus allong\u00e9 et plus l\u00e9ger pour une plus faible \u00e9mission de gaz \u00e0 effet de serre que le SUV classique. On retrouve \u00e9galement le c\u00f4t\u00e9 SUV dans le design, avec un v\u00e9hicule sur\u00e9lev\u00e9 port\u00e9 par de grandes roues.<\/p>\n<p><strong>Peugeot <\/strong>devrait offrir une version 100% \u00e9lectrique \u00e0 sa <strong>Peugeot 308<\/strong> pour l&rsquo;ann\u00e9e 2024. Concernant cette version SUV, son nom reste encore un myst\u00e8re mais elle pourrait reprendre l&rsquo;appellation 408, pour indiquer un gabarit sup\u00e9rieur \u00e0 la <strong>Peugeot 308<\/strong>, ou 4008, pour un \u00e9cho aux noms des<strong> SUV 3008 et 5008<\/strong>.<\/p>\n","protected":false},"excerpt":{"rendered":"<p>La nouvelle Peugeot 308 a fait parler d&rsquo;elle lors de sa r\u00e9v\u00e9lation gr\u00e2ce \u00e0 une toute nouvelle face avant marqu\u00e9e par une large calandre et l&rsquo;int\u00e9gration des crocs de Lion en guise de feux. Son design se modernise pour un c\u00f4t\u00e9 encore plus sportif, inspir\u00e9, entre autres, par le concept-car Peugeot Instinct. Et si la berline sera d\u00e9riv\u00e9e en version break, elle aura \u00e9galement une version crossover, un SUV r\u00e9pondant encore au nom de code P54.<\/p>\n","protected":false},"author":1,"featured_media":5961,"comment_status":"open","ping_status":"open","sticky":false,"template":"","format":"standard","meta":{"_acf_changed":false,"content-type":"","footnotes":""},"categories":[235,61],"tags":[90,73,153],"class_list":["post-3903","post","type-post","status-publish","format-standard","has-post-thumbnail","hentry","category-nouveaute-peugeot","category-nouveautes-autos","tag-autojm","tag-peugeot","tag-peugeot-308"],"acf":[],"yoast_head":"<!-- This site is optimized with the Yoast SEO plugin v27.5 - https:\/\/yoast.com\/product\/yoast-seo-wordpress\/ -->\n<title>Peugeot 308 2022 : la version SUV 308 - AutoJM Mag<\/title>\n<meta name=\"description\" content=\"La nouvelle Peugeot 308 a fait parler d&#039;elle lors de sa r\u00e9v\u00e9lation gr\u00e2ce \u00e0 une toute nouvelle face avant marqu\u00e9e par une large calandre...\" \/>\n<meta name=\"robots\" content=\"index, follow, max-snippet:-1, max-image-preview:large, max-video-preview:-1\" \/>\n<link rel=\"canonical\" href=\"https:\/\/www.autojm.fr\/blog\/peugeot-308-2022-la-version-suv-308\/\" \/>\n<meta property=\"og:locale\" content=\"fr_FR\" \/>\n<meta property=\"og:type\" content=\"article\" \/>\n<meta property=\"og:title\" content=\"Peugeot 308 2022 : la version SUV 308 - AutoJM Mag\" \/>\n<meta property=\"og:description\" content=\"La nouvelle Peugeot 308 a fait parler d&#039;elle lors de sa r\u00e9v\u00e9lation gr\u00e2ce \u00e0 une toute nouvelle face avant marqu\u00e9e par une large calandre...\" \/>\n<meta property=\"og:url\" content=\"https:\/\/www.autojm.fr\/blog\/peugeot-308-2022-la-version-suv-308\/\" \/>\n<meta property=\"og:site_name\" content=\"AutoJM Mag\" \/>\n<meta property=\"article:publisher\" content=\"https:\/\/www.facebook.com\/AutoJM25\" \/>\n<meta property=\"article:published_time\" content=\"2021-06-02T00:00:00+00:00\" \/>\n<meta property=\"article:modified_time\" content=\"2022-12-09T13:29:50+00:00\" \/>\n<meta property=\"og:image\" content=\"https:\/\/www.autojm.fr\/blog\/wp-content\/uploads\/2022\/10\/633-scaled.jpg\" \/>\n\t<meta property=\"og:image:width\" content=\"2560\" \/>\n\t<meta property=\"og:image:height\" content=\"1160\" \/>\n\t<meta property=\"og:image:type\" content=\"image\/jpeg\" \/>\n<meta name=\"author\" content=\"Autojm\" \/>\n<meta name=\"twitter:card\" content=\"summary_large_image\" \/>\n<meta name=\"twitter:label1\" content=\"\u00c9crit par\" \/>\n\t<meta name=\"twitter:data1\" content=\"Autojm\" \/>\n\t<meta name=\"twitter:label2\" content=\"Dur\u00e9e de lecture estim\u00e9e\" \/>\n\t<meta name=\"twitter:data2\" content=\"4 minutes\" \/>\n<script type=\"application\/ld+json\" class=\"yoast-schema-graph\">{\"@context\":\"https:\\\/\\\/schema.org\",\"@graph\":[{\"@type\":\"Article\",\"@id\":\"https:\\\/\\\/www.autojm.fr\\\/blog\\\/peugeot-308-2022-la-version-suv-308\\\/#article\",\"isPartOf\":{\"@id\":\"https:\\\/\\\/www.autojm.fr\\\/blog\\\/peugeot-308-2022-la-version-suv-308\\\/\"},\"author\":{\"name\":\"Autojm\",\"@id\":\"https:\\\/\\\/www.autojm.fr\\\/blog\\\/#\\\/schema\\\/person\\\/9742bc77541853e0de81fc57f947e1a0\"},\"headline\":\"Peugeot 308 2022 : la version SUV 308\",\"datePublished\":\"2021-06-02T00:00:00+00:00\",\"dateModified\":\"2022-12-09T13:29:50+00:00\",\"mainEntityOfPage\":{\"@id\":\"https:\\\/\\\/www.autojm.fr\\\/blog\\\/peugeot-308-2022-la-version-suv-308\\\/\"},\"wordCount\":527,\"commentCount\":0,\"publisher\":{\"@id\":\"https:\\\/\\\/www.autojm.fr\\\/blog\\\/#organization\"},\"image\":{\"@id\":\"https:\\\/\\\/www.autojm.fr\\\/blog\\\/peugeot-308-2022-la-version-suv-308\\\/#primaryimage\"},\"thumbnailUrl\":\"https:\\\/\\\/www.autojm.fr\\\/blog\\\/wp-content\\\/uploads\\\/2022\\\/10\\\/633-scaled.jpg\",\"keywords\":[\"autojm\",\"peugeot\",\"Peugeot 308\"],\"articleSection\":[\"Nouveaut\u00e9 Peugeot\",\"Nouveaut\u00e9s Autos\"],\"inLanguage\":\"fr-FR\",\"potentialAction\":[{\"@type\":\"CommentAction\",\"name\":\"Comment\",\"target\":[\"https:\\\/\\\/www.autojm.fr\\\/blog\\\/peugeot-308-2022-la-version-suv-308\\\/#respond\"]}]},{\"@type\":\"WebPage\",\"@id\":\"https:\\\/\\\/www.autojm.fr\\\/blog\\\/peugeot-308-2022-la-version-suv-308\\\/\",\"url\":\"https:\\\/\\\/www.autojm.fr\\\/blog\\\/peugeot-308-2022-la-version-suv-308\\\/\",\"name\":\"Peugeot 308 2022 : la version SUV 308 - AutoJM Mag\",\"isPartOf\":{\"@id\":\"https:\\\/\\\/www.autojm.fr\\\/blog\\\/#website\"},\"primaryImageOfPage\":{\"@id\":\"https:\\\/\\\/www.autojm.fr\\\/blog\\\/peugeot-308-2022-la-version-suv-308\\\/#primaryimage\"},\"image\":{\"@id\":\"https:\\\/\\\/www.autojm.fr\\\/blog\\\/peugeot-308-2022-la-version-suv-308\\\/#primaryimage\"},\"thumbnailUrl\":\"https:\\\/\\\/www.autojm.fr\\\/blog\\\/wp-content\\\/uploads\\\/2022\\\/10\\\/633-scaled.jpg\",\"datePublished\":\"2021-06-02T00:00:00+00:00\",\"dateModified\":\"2022-12-09T13:29:50+00:00\",\"description\":\"La nouvelle Peugeot 308 a fait parler d'elle lors de sa r\u00e9v\u00e9lation gr\u00e2ce \u00e0 une toute nouvelle face avant marqu\u00e9e par une large calandre...\",\"breadcrumb\":{\"@id\":\"https:\\\/\\\/www.autojm.fr\\\/blog\\\/peugeot-308-2022-la-version-suv-308\\\/#breadcrumb\"},\"inLanguage\":\"fr-FR\",\"potentialAction\":[{\"@type\":\"ReadAction\",\"target\":[\"https:\\\/\\\/www.autojm.fr\\\/blog\\\/peugeot-308-2022-la-version-suv-308\\\/\"]}]},{\"@type\":\"ImageObject\",\"inLanguage\":\"fr-FR\",\"@id\":\"https:\\\/\\\/www.autojm.fr\\\/blog\\\/peugeot-308-2022-la-version-suv-308\\\/#primaryimage\",\"url\":\"https:\\\/\\\/www.autojm.fr\\\/blog\\\/wp-content\\\/uploads\\\/2022\\\/10\\\/633-scaled.jpg\",\"contentUrl\":\"https:\\\/\\\/www.autojm.fr\\\/blog\\\/wp-content\\\/uploads\\\/2022\\\/10\\\/633-scaled.jpg\",\"width\":2560,\"height\":1160,\"caption\":\"Peugeot 308\"},{\"@type\":\"BreadcrumbList\",\"@id\":\"https:\\\/\\\/www.autojm.fr\\\/blog\\\/peugeot-308-2022-la-version-suv-308\\\/#breadcrumb\",\"itemListElement\":[{\"@type\":\"ListItem\",\"position\":1,\"name\":\"Accueil\",\"item\":\"https:\\\/\\\/www.autojm.fr\\\/blog\\\/\"},{\"@type\":\"ListItem\",\"position\":2,\"name\":\"Nouveaut\u00e9s Autos\",\"item\":\"https:\\\/\\\/www.autojm.fr\\\/blog\\\/nouveautes-autos\\\/\"},{\"@type\":\"ListItem\",\"position\":3,\"name\":\"Nouveaut\u00e9 Peugeot\",\"item\":\"https:\\\/\\\/www.autojm.fr\\\/blog\\\/nouveautes-autos\\\/nouveaute-peugeot\\\/\"},{\"@type\":\"ListItem\",\"position\":4,\"name\":\"Peugeot 308 2022 : la version SUV 308\"}]},{\"@type\":\"WebSite\",\"@id\":\"https:\\\/\\\/www.autojm.fr\\\/blog\\\/#website\",\"url\":\"https:\\\/\\\/www.autojm.fr\\\/blog\\\/\",\"name\":\"AutoJM Mag\",\"description\":\"Toute l&#039;actu auto en 1 clic !\",\"publisher\":{\"@id\":\"https:\\\/\\\/www.autojm.fr\\\/blog\\\/#organization\"},\"potentialAction\":[{\"@type\":\"SearchAction\",\"target\":{\"@type\":\"EntryPoint\",\"urlTemplate\":\"https:\\\/\\\/www.autojm.fr\\\/blog\\\/?s={search_term_string}\"},\"query-input\":{\"@type\":\"PropertyValueSpecification\",\"valueRequired\":true,\"valueName\":\"search_term_string\"}}],\"inLanguage\":\"fr-FR\"},{\"@type\":\"Organization\",\"@id\":\"https:\\\/\\\/www.autojm.fr\\\/blog\\\/#organization\",\"name\":\"AutoJM Mag\",\"url\":\"https:\\\/\\\/www.autojm.fr\\\/blog\\\/\",\"logo\":{\"@type\":\"ImageObject\",\"inLanguage\":\"fr-FR\",\"@id\":\"https:\\\/\\\/www.autojm.fr\\\/blog\\\/#\\\/schema\\\/logo\\\/image\\\/\",\"url\":\"https:\\\/\\\/www.autojm.fr\\\/blog\\\/wp-content\\\/uploads\\\/2022\\\/12\\\/cropped-AutoJMag-png.png\",\"contentUrl\":\"https:\\\/\\\/www.autojm.fr\\\/blog\\\/wp-content\\\/uploads\\\/2022\\\/12\\\/cropped-AutoJMag-png.png\",\"width\":2834,\"height\":585,\"caption\":\"AutoJM Mag\"},\"image\":{\"@id\":\"https:\\\/\\\/www.autojm.fr\\\/blog\\\/#\\\/schema\\\/logo\\\/image\\\/\"},\"sameAs\":[\"https:\\\/\\\/www.facebook.com\\\/AutoJM25\"]},{\"@type\":\"Person\",\"@id\":\"https:\\\/\\\/www.autojm.fr\\\/blog\\\/#\\\/schema\\\/person\\\/9742bc77541853e0de81fc57f947e1a0\",\"name\":\"Autojm\",\"image\":{\"@type\":\"ImageObject\",\"inLanguage\":\"fr-FR\",\"@id\":\"https:\\\/\\\/secure.gravatar.com\\\/avatar\\\/9a959d52b758fcc232fe4b6aca7bab139182573297122cce7d6f2ee0e537b418?s=96&d=mm&r=g\",\"url\":\"https:\\\/\\\/secure.gravatar.com\\\/avatar\\\/9a959d52b758fcc232fe4b6aca7bab139182573297122cce7d6f2ee0e537b418?s=96&d=mm&r=g\",\"contentUrl\":\"https:\\\/\\\/secure.gravatar.com\\\/avatar\\\/9a959d52b758fcc232fe4b6aca7bab139182573297122cce7d6f2ee0e537b418?s=96&d=mm&r=g\",\"caption\":\"Autojm\"},\"sameAs\":[\"https:\\\/\\\/www.autojm.fr\\\/blog\"],\"url\":\"https:\\\/\\\/www.autojm.fr\\\/blog\\\/author\\\/bichoi\\\/\"}]}<\/script>\n<!-- \/ Yoast SEO plugin. -->","yoast_head_json":{"title":"Peugeot 308 2022 : la version SUV 308 - AutoJM Mag","description":"La nouvelle Peugeot 308 a fait parler d'elle lors de sa r\u00e9v\u00e9lation gr\u00e2ce \u00e0 une toute nouvelle face avant marqu\u00e9e par une large calandre...","robots":{"index":"index","follow":"follow","max-snippet":"max-snippet:-1","max-image-preview":"max-image-preview:large","max-video-preview":"max-video-preview:-1"},"canonical":"https:\/\/www.autojm.fr\/blog\/peugeot-308-2022-la-version-suv-308\/","og_locale":"fr_FR","og_type":"article","og_title":"Peugeot 308 2022 : la version SUV 308 - AutoJM Mag","og_description":"La nouvelle Peugeot 308 a fait parler d'elle lors de sa r\u00e9v\u00e9lation gr\u00e2ce \u00e0 une toute nouvelle face avant marqu\u00e9e par une large calandre...","og_url":"https:\/\/www.autojm.fr\/blog\/peugeot-308-2022-la-version-suv-308\/","og_site_name":"AutoJM Mag","article_publisher":"https:\/\/www.facebook.com\/AutoJM25","article_published_time":"2021-06-02T00:00:00+00:00","article_modified_time":"2022-12-09T13:29:50+00:00","og_image":[{"width":2560,"height":1160,"url":"https:\/\/www.autojm.fr\/blog\/wp-content\/uploads\/2022\/10\/633-scaled.jpg","type":"image\/jpeg"}],"author":"Autojm","twitter_card":"summary_large_image","twitter_misc":{"\u00c9crit par":"Autojm","Dur\u00e9e de lecture estim\u00e9e":"4 minutes"},"schema":{"@context":"https:\/\/schema.org","@graph":[{"@type":"Article","@id":"https:\/\/www.autojm.fr\/blog\/peugeot-308-2022-la-version-suv-308\/#article","isPartOf":{"@id":"https:\/\/www.autojm.fr\/blog\/peugeot-308-2022-la-version-suv-308\/"},"author":{"name":"Autojm","@id":"https:\/\/www.autojm.fr\/blog\/#\/schema\/person\/9742bc77541853e0de81fc57f947e1a0"},"headline":"Peugeot 308 2022 : la version SUV 308","datePublished":"2021-06-02T00:00:00+00:00","dateModified":"2022-12-09T13:29:50+00:00","mainEntityOfPage":{"@id":"https:\/\/www.autojm.fr\/blog\/peugeot-308-2022-la-version-suv-308\/"},"wordCount":527,"commentCount":0,"publisher":{"@id":"https:\/\/www.autojm.fr\/blog\/#organization"},"image":{"@id":"https:\/\/www.autojm.fr\/blog\/peugeot-308-2022-la-version-suv-308\/#primaryimage"},"thumbnailUrl":"https:\/\/www.autojm.fr\/blog\/wp-content\/uploads\/2022\/10\/633-scaled.jpg","keywords":["autojm","peugeot","Peugeot 308"],"articleSection":["Nouveaut\u00e9 Peugeot","Nouveaut\u00e9s Autos"],"inLanguage":"fr-FR","potentialAction":[{"@type":"CommentAction","name":"Comment","target":["https:\/\/www.autojm.fr\/blog\/peugeot-308-2022-la-version-suv-308\/#respond"]}]},{"@type":"WebPage","@id":"https:\/\/www.autojm.fr\/blog\/peugeot-308-2022-la-version-suv-308\/","url":"https:\/\/www.autojm.fr\/blog\/peugeot-308-2022-la-version-suv-308\/","name":"Peugeot 308 2022 : la version SUV 308 - AutoJM Mag","isPartOf":{"@id":"https:\/\/www.autojm.fr\/blog\/#website"},"primaryImageOfPage":{"@id":"https:\/\/www.autojm.fr\/blog\/peugeot-308-2022-la-version-suv-308\/#primaryimage"},"image":{"@id":"https:\/\/www.autojm.fr\/blog\/peugeot-308-2022-la-version-suv-308\/#primaryimage"},"thumbnailUrl":"https:\/\/www.autojm.fr\/blog\/wp-content\/uploads\/2022\/10\/633-scaled.jpg","datePublished":"2021-06-02T00:00:00+00:00","dateModified":"2022-12-09T13:29:50+00:00","description":"La nouvelle Peugeot 308 a fait parler d'elle lors de sa r\u00e9v\u00e9lation gr\u00e2ce \u00e0 une toute nouvelle face avant marqu\u00e9e par une large calandre...","breadcrumb":{"@id":"https:\/\/www.autojm.fr\/blog\/peugeot-308-2022-la-version-suv-308\/#breadcrumb"},"inLanguage":"fr-FR","potentialAction":[{"@type":"ReadAction","target":["https:\/\/www.autojm.fr\/blog\/peugeot-308-2022-la-version-suv-308\/"]}]},{"@type":"ImageObject","inLanguage":"fr-FR","@id":"https:\/\/www.autojm.fr\/blog\/peugeot-308-2022-la-version-suv-308\/#primaryimage","url":"https:\/\/www.autojm.fr\/blog\/wp-content\/uploads\/2022\/10\/633-scaled.jpg","contentUrl":"https:\/\/www.autojm.fr\/blog\/wp-content\/uploads\/2022\/10\/633-scaled.jpg","width":2560,"height":1160,"caption":"Peugeot 308"},{"@type":"BreadcrumbList","@id":"https:\/\/www.autojm.fr\/blog\/peugeot-308-2022-la-version-suv-308\/#breadcrumb","itemListElement":[{"@type":"ListItem","position":1,"name":"Accueil","item":"https:\/\/www.autojm.fr\/blog\/"},{"@type":"ListItem","position":2,"name":"Nouveaut\u00e9s Autos","item":"https:\/\/www.autojm.fr\/blog\/nouveautes-autos\/"},{"@type":"ListItem","position":3,"name":"Nouveaut\u00e9 Peugeot","item":"https:\/\/www.autojm.fr\/blog\/nouveautes-autos\/nouveaute-peugeot\/"},{"@type":"ListItem","position":4,"name":"Peugeot 308 2022 : la version SUV 308"}]},{"@type":"WebSite","@id":"https:\/\/www.autojm.fr\/blog\/#website","url":"https:\/\/www.autojm.fr\/blog\/","name":"AutoJM Mag","description":"Toute l&#039;actu auto en 1 clic !","publisher":{"@id":"https:\/\/www.autojm.fr\/blog\/#organization"},"potentialAction":[{"@type":"SearchAction","target":{"@type":"EntryPoint","urlTemplate":"https:\/\/www.autojm.fr\/blog\/?s={search_term_string}"},"query-input":{"@type":"PropertyValueSpecification","valueRequired":true,"valueName":"search_term_string"}}],"inLanguage":"fr-FR"},{"@type":"Organization","@id":"https:\/\/www.autojm.fr\/blog\/#organization","name":"AutoJM Mag","url":"https:\/\/www.autojm.fr\/blog\/","logo":{"@type":"ImageObject","inLanguage":"fr-FR","@id":"https:\/\/www.autojm.fr\/blog\/#\/schema\/logo\/image\/","url":"https:\/\/www.autojm.fr\/blog\/wp-content\/uploads\/2022\/12\/cropped-AutoJMag-png.png","contentUrl":"https:\/\/www.autojm.fr\/blog\/wp-content\/uploads\/2022\/12\/cropped-AutoJMag-png.png","width":2834,"height":585,"caption":"AutoJM Mag"},"image":{"@id":"https:\/\/www.autojm.fr\/blog\/#\/schema\/logo\/image\/"},"sameAs":["https:\/\/www.facebook.com\/AutoJM25"]},{"@type":"Person","@id":"https:\/\/www.autojm.fr\/blog\/#\/schema\/person\/9742bc77541853e0de81fc57f947e1a0","name":"Autojm","image":{"@type":"ImageObject","inLanguage":"fr-FR","@id":"https:\/\/secure.gravatar.com\/avatar\/9a959d52b758fcc232fe4b6aca7bab139182573297122cce7d6f2ee0e537b418?s=96&d=mm&r=g","url":"https:\/\/secure.gravatar.com\/avatar\/9a959d52b758fcc232fe4b6aca7bab139182573297122cce7d6f2ee0e537b418?s=96&d=mm&r=g","contentUrl":"https:\/\/secure.gravatar.com\/avatar\/9a959d52b758fcc232fe4b6aca7bab139182573297122cce7d6f2ee0e537b418?s=96&d=mm&r=g","caption":"Autojm"},"sameAs":["https:\/\/www.autojm.fr\/blog"],"url":"https:\/\/www.autojm.fr\/blog\/author\/bichoi\/"}]}},"_links":{"self":[{"href":"https:\/\/www.autojm.fr\/blog\/wp-json\/wp\/v2\/posts\/3903","targetHints":{"allow":["GET"]}}],"collection":[{"href":"https:\/\/www.autojm.fr\/blog\/wp-json\/wp\/v2\/posts"}],"about":[{"href":"https:\/\/www.autojm.fr\/blog\/wp-json\/wp\/v2\/types\/post"}],"author":[{"embeddable":true,"href":"https:\/\/www.autojm.fr\/blog\/wp-json\/wp\/v2\/users\/1"}],"replies":[{"embeddable":true,"href":"https:\/\/www.autojm.fr\/blog\/wp-json\/wp\/v2\/comments?post=3903"}],"version-history":[{"count":4,"href":"https:\/\/www.autojm.fr\/blog\/wp-json\/wp\/v2\/posts\/3903\/revisions"}],"predecessor-version":[{"id":7019,"href":"https:\/\/www.autojm.fr\/blog\/wp-json\/wp\/v2\/posts\/3903\/revisions\/7019"}],"wp:featuredmedia":[{"embeddable":true,"href":"https:\/\/www.autojm.fr\/blog\/wp-json\/wp\/v2\/media\/5961"}],"wp:attachment":[{"href":"https:\/\/www.autojm.fr\/blog\/wp-json\/wp\/v2\/media?parent=3903"}],"wp:term":[{"taxonomy":"category","embeddable":true,"href":"https:\/\/www.autojm.fr\/blog\/wp-json\/wp\/v2\/categories?post=3903"},{"taxonomy":"post_tag","embeddable":true,"href":"https:\/\/www.autojm.fr\/blog\/wp-json\/wp\/v2\/tags?post=3903"}],"curies":[{"name":"wp","href":"https:\/\/api.w.org\/{rel}","templated":true}]}}