{"id":3902,"date":"2021-05-27T00:00:00","date_gmt":"2021-05-27T00:00:00","guid":{"rendered":"https:\/\/www.autojm.fr\/blog\/nouvelle-ds4-la-berline-compacte-haute-technologie\/"},"modified":"2023-04-17T14:35:34","modified_gmt":"2023-04-17T14:35:34","slug":"nouvelle-ds4-la-berline-compacte-haute-technologie","status":"publish","type":"post","link":"https:\/\/www.autojm.fr\/blog\/nouvelle-ds4-la-berline-compacte-haute-technologie\/","title":{"rendered":"Nouvelle DS4, la berline compacte haute technologie !"},"content":{"rendered":"<p>La petite berline de luxe avait montr\u00e9 son visage au mois de janvier, elle est d\u00e9sormais disponible \u00e0 la commande. Son look rappelle sans conteste celui de la r\u00e9cente <a href=\"https:\/\/www.autojm.fr\/achat-voitures-neuves-ds-ds-9-5p?part=blog&amp;utm_source=articleblog270521&amp;utm_medium=blog\"><strong>DS9<\/strong><\/a>, avec un visage aussi remarquable qu&rsquo;\u00e9pur\u00e9. La <strong><a href=\"https:\/\/www.autojm.fr\/achat-voitures-neuves-ds-nouvelle-ds-4-2021-5p?part=blog&amp;utm_source=articleblog270521&amp;utm_medium=blog\">Nouvelle DS4<\/a><\/strong> est d\u00e9clin\u00e9e sous de nombreuses finitions : Performance Line, Trocadero, Cross Trocadero, Performance Line +, Rivoli, Cross Rivoli, La Premi\u00e8re. Cette derni\u00e8re finition a \u00e9t\u00e9 la premi\u00e8re disponible \u00e0 la commande, et repr\u00e9sente le plus haut niveau de gamme pour la DS4. Que sait-on d\u00e9sormais de la nouvelle star de la marque <strong><a href=\"https:\/\/www.autojm.fr\/mandataire-voitures-neuves-ds?part=blog&amp;utm_source=articleblog270521&amp;utm_medium=blog\">DS<\/a><\/strong> ?<\/p>\n<h2>Une voiture DS fid\u00e8le aux siennes<\/h2>\n<p>Esth\u00e9tiquement, la <strong>berline DS4<\/strong> est plut\u00f4t une r\u00e9ussite : sa face avant est marqu\u00e9e par une calandre en nid d&rsquo;abeilles DS Wings d\u00e9cor\u00e9e de touches chrom\u00e9es et entour\u00e9e des feux in\u00e9dits \u201cMatrix LED Vision\u201d. Les feux de jour adoptent une forme rappelant une crosse, et int\u00e8grent pas moins de 98 LEDs. La <strong>DS4<\/strong> confirme sa prestance avec un pavillon bas accompagn\u00e9 d&rsquo;une lunette arri\u00e8re tr\u00e8s inclin\u00e9e.<\/p>\n<p>\u00c0 l&rsquo;int\u00e9rieur, on retrouve le c\u00f4t\u00e9 haut de gamme largement d\u00e9fendu par la marque avec une planche de bord personnalisable (cuir, Alcantara, fr\u00eane brun, carbone forg\u00e9 ou encore bois). La <strong>DS4<\/strong> fait dans l&rsquo;originalit\u00e9 avec des commandes au niveau des contre-portes et pas moins de 3 \u00e9crans sur le poste de conduite ! On retrouve les habituels \u00e9crans d\u00e9di\u00e9s \u00e0 l&rsquo;instrumentation digitale et au syst\u00e8me d&rsquo;info-divertissement. Le nouvel et troisi\u00e8me \u00e9cran, plac\u00e9 au niveau de la console centrale sous le s\u00e9lecteur de vitesse, permet d&rsquo;acc\u00e9der \u00e0 d&rsquo;autres fonctions du v\u00e9hicule.<\/p>\n<h2>Motorisation hybride rechargeable 225 chevaux pour la DS4<\/h2>\n<p>C\u00f4t\u00e9 technique, la <strong>berline compacte DS4<\/strong> repose sur la V3 de la plateforme EMP2, qui sera \u00e9galement utilis\u00e9e pour la Peugeot 308 3. Elle sera dot\u00e9e d&rsquo;une version hybride rechargeable de 225 chevaux, de trois versions essence de 130, 180 et 225 chevaux et d&rsquo;une version diesel de 130 chevaux. La <strong>DS4<\/strong> ne proposera que la bo\u00eete automatique \u00e0 8 rapports.<\/p>\n<h2>Des technologies \u00e0 n&rsquo;en plus finir dans la nouvelle DS4<\/h2>\n<p>Pour se pr\u00e9senter comme une concurrente de taille et honorer son image de voiture de \u201cluxe \u00e0 la fran\u00e7aise\u201d, la <strong>DS4<\/strong> ne l\u00e9sine pas sur les technologies : r\u00e9gulateur de vitesse adaptatif, aide au maintien dans la voie et gestion automatique dans les embouteillages peuvent fonctionner en trio pour un niveau 2 de conduite semi-autonome, et on d\u00e9couvre en nouveaut\u00e9s les d\u00e9passements semi-automatiques, pr\u00e9conisation anticip\u00e9e de la vitesse des panneaux de signalisation et l&rsquo;adaptation de la vitesse dans les courbes.<\/p>\n<p>Et le (gros) plus de cette <strong>DS4<\/strong>, c&rsquo;est le \u201cDS Extended Head Up Display\u201d : le syst\u00e8me d&rsquo;aide \u00e0 la conduite le plus pouss\u00e9. Gr\u00e2ce \u00e0 un effet d&rsquo;optique, cette aide, qui s&rsquo;appuie sur la r\u00e9alit\u00e9 augment\u00e9e, permet au conducteur de visualiser les informations de conduite indispensables comme la vitesse ou la navigation directement sur la route, \u00e0 quatre m\u00e8tres devant lui, sur une diagonale de 21 pouces.<\/p>\n<p><iframe loading=\"lazy\" title=\"YouTube video player\" src=\"https:\/\/www.youtube.com\/embed\/udLwtpfgqXo\" width=\"100%\" height=\"315\" allowfullscreen=\"allowfullscreen\"><\/iframe><\/p>\n<p>Il faudra attendre le mois d&rsquo;ao\u00fbt pour la mise en production de ce petit bijou, et la fin de l&rsquo;ann\u00e9e pour son arriv\u00e9e sur les routes.<\/p>\n","protected":false},"excerpt":{"rendered":"<p>La petite berline de luxe avait montr\u00e9 son visage au mois de janvier, elle est d\u00e9sormais disponible \u00e0 la commande. Son look rappelle sans conteste celui de la r\u00e9cente DS9, avec un visage aussi remarquable qu&rsquo;\u00e9pur\u00e9.<\/p>\n","protected":false},"author":1,"featured_media":5960,"comment_status":"open","ping_status":"open","sticky":false,"template":"","format":"standard","meta":{"_acf_changed":false,"content-type":"","footnotes":""},"categories":[234,61],"tags":[90,105,154],"class_list":["post-3902","post","type-post","status-publish","format-standard","has-post-thumbnail","hentry","category-nouveaute-ds","category-nouveautes-autos","tag-autojm","tag-ds","tag-nouvelle-ds4"],"acf":[],"yoast_head":"<!-- This site is optimized with the Yoast SEO plugin v27.5 - https:\/\/yoast.com\/product\/yoast-seo-wordpress\/ -->\n<title>Nouvelle DS4, la berline compacte haute technologie ! - AutoJM Mag<\/title>\n<meta name=\"description\" content=\"La petite berline de luxe avait montr\u00e9 son visage au mois de janvier, elle est d\u00e9sormais disponible \u00e0 la commande. Son look rappelle...\" \/>\n<meta name=\"robots\" content=\"index, follow, max-snippet:-1, max-image-preview:large, max-video-preview:-1\" \/>\n<link rel=\"canonical\" href=\"https:\/\/www.autojm.fr\/blog\/nouvelle-ds4-la-berline-compacte-haute-technologie\/\" \/>\n<meta property=\"og:locale\" content=\"fr_FR\" \/>\n<meta property=\"og:type\" content=\"article\" \/>\n<meta property=\"og:title\" content=\"Nouvelle DS4, la berline compacte haute technologie ! - AutoJM Mag\" \/>\n<meta property=\"og:description\" content=\"La petite berline de luxe avait montr\u00e9 son visage au mois de janvier, elle est d\u00e9sormais disponible \u00e0 la commande. Son look rappelle...\" \/>\n<meta property=\"og:url\" content=\"https:\/\/www.autojm.fr\/blog\/nouvelle-ds4-la-berline-compacte-haute-technologie\/\" \/>\n<meta property=\"og:site_name\" content=\"AutoJM Mag\" \/>\n<meta property=\"article:publisher\" content=\"https:\/\/www.facebook.com\/AutoJM25\" \/>\n<meta property=\"article:published_time\" content=\"2021-05-27T00:00:00+00:00\" \/>\n<meta property=\"article:modified_time\" content=\"2023-04-17T14:35:34+00:00\" \/>\n<meta property=\"og:image\" content=\"https:\/\/www.autojm.fr\/blog\/wp-content\/uploads\/2022\/10\/632-scaled.jpg\" \/>\n\t<meta property=\"og:image:width\" content=\"2560\" \/>\n\t<meta property=\"og:image:height\" content=\"1160\" \/>\n\t<meta property=\"og:image:type\" content=\"image\/jpeg\" \/>\n<meta name=\"author\" content=\"Autojm\" \/>\n<meta name=\"twitter:card\" content=\"summary_large_image\" \/>\n<meta name=\"twitter:label1\" content=\"\u00c9crit par\" \/>\n\t<meta name=\"twitter:data1\" content=\"Autojm\" \/>\n\t<meta name=\"twitter:label2\" content=\"Dur\u00e9e de lecture estim\u00e9e\" \/>\n\t<meta name=\"twitter:data2\" content=\"3 minutes\" \/>\n<script type=\"application\/ld+json\" class=\"yoast-schema-graph\">{\"@context\":\"https:\\\/\\\/schema.org\",\"@graph\":[{\"@type\":\"Article\",\"@id\":\"https:\\\/\\\/www.autojm.fr\\\/blog\\\/nouvelle-ds4-la-berline-compacte-haute-technologie\\\/#article\",\"isPartOf\":{\"@id\":\"https:\\\/\\\/www.autojm.fr\\\/blog\\\/nouvelle-ds4-la-berline-compacte-haute-technologie\\\/\"},\"author\":{\"name\":\"Autojm\",\"@id\":\"https:\\\/\\\/www.autojm.fr\\\/blog\\\/#\\\/schema\\\/person\\\/9742bc77541853e0de81fc57f947e1a0\"},\"headline\":\"Nouvelle DS4, la berline compacte haute technologie !\",\"datePublished\":\"2021-05-27T00:00:00+00:00\",\"dateModified\":\"2023-04-17T14:35:34+00:00\",\"mainEntityOfPage\":{\"@id\":\"https:\\\/\\\/www.autojm.fr\\\/blog\\\/nouvelle-ds4-la-berline-compacte-haute-technologie\\\/\"},\"wordCount\":540,\"commentCount\":0,\"publisher\":{\"@id\":\"https:\\\/\\\/www.autojm.fr\\\/blog\\\/#organization\"},\"image\":{\"@id\":\"https:\\\/\\\/www.autojm.fr\\\/blog\\\/nouvelle-ds4-la-berline-compacte-haute-technologie\\\/#primaryimage\"},\"thumbnailUrl\":\"https:\\\/\\\/www.autojm.fr\\\/blog\\\/wp-content\\\/uploads\\\/2022\\\/10\\\/632-scaled.jpg\",\"keywords\":[\"autojm\",\"DS\",\"Nouvelle DS4\"],\"articleSection\":[\"Nouveaut\u00e9 DS\",\"Nouveaut\u00e9s Autos\"],\"inLanguage\":\"fr-FR\",\"potentialAction\":[{\"@type\":\"CommentAction\",\"name\":\"Comment\",\"target\":[\"https:\\\/\\\/www.autojm.fr\\\/blog\\\/nouvelle-ds4-la-berline-compacte-haute-technologie\\\/#respond\"]}]},{\"@type\":\"WebPage\",\"@id\":\"https:\\\/\\\/www.autojm.fr\\\/blog\\\/nouvelle-ds4-la-berline-compacte-haute-technologie\\\/\",\"url\":\"https:\\\/\\\/www.autojm.fr\\\/blog\\\/nouvelle-ds4-la-berline-compacte-haute-technologie\\\/\",\"name\":\"Nouvelle DS4, la berline compacte haute technologie ! - AutoJM Mag\",\"isPartOf\":{\"@id\":\"https:\\\/\\\/www.autojm.fr\\\/blog\\\/#website\"},\"primaryImageOfPage\":{\"@id\":\"https:\\\/\\\/www.autojm.fr\\\/blog\\\/nouvelle-ds4-la-berline-compacte-haute-technologie\\\/#primaryimage\"},\"image\":{\"@id\":\"https:\\\/\\\/www.autojm.fr\\\/blog\\\/nouvelle-ds4-la-berline-compacte-haute-technologie\\\/#primaryimage\"},\"thumbnailUrl\":\"https:\\\/\\\/www.autojm.fr\\\/blog\\\/wp-content\\\/uploads\\\/2022\\\/10\\\/632-scaled.jpg\",\"datePublished\":\"2021-05-27T00:00:00+00:00\",\"dateModified\":\"2023-04-17T14:35:34+00:00\",\"description\":\"La petite berline de luxe avait montr\u00e9 son visage au mois de janvier, elle est d\u00e9sormais disponible \u00e0 la commande. Son look rappelle...\",\"breadcrumb\":{\"@id\":\"https:\\\/\\\/www.autojm.fr\\\/blog\\\/nouvelle-ds4-la-berline-compacte-haute-technologie\\\/#breadcrumb\"},\"inLanguage\":\"fr-FR\",\"potentialAction\":[{\"@type\":\"ReadAction\",\"target\":[\"https:\\\/\\\/www.autojm.fr\\\/blog\\\/nouvelle-ds4-la-berline-compacte-haute-technologie\\\/\"]}]},{\"@type\":\"ImageObject\",\"inLanguage\":\"fr-FR\",\"@id\":\"https:\\\/\\\/www.autojm.fr\\\/blog\\\/nouvelle-ds4-la-berline-compacte-haute-technologie\\\/#primaryimage\",\"url\":\"https:\\\/\\\/www.autojm.fr\\\/blog\\\/wp-content\\\/uploads\\\/2022\\\/10\\\/632-scaled.jpg\",\"contentUrl\":\"https:\\\/\\\/www.autojm.fr\\\/blog\\\/wp-content\\\/uploads\\\/2022\\\/10\\\/632-scaled.jpg\",\"width\":2560,\"height\":1160,\"caption\":\"Nouvelle DS4\"},{\"@type\":\"BreadcrumbList\",\"@id\":\"https:\\\/\\\/www.autojm.fr\\\/blog\\\/nouvelle-ds4-la-berline-compacte-haute-technologie\\\/#breadcrumb\",\"itemListElement\":[{\"@type\":\"ListItem\",\"position\":1,\"name\":\"Accueil\",\"item\":\"https:\\\/\\\/www.autojm.fr\\\/blog\\\/\"},{\"@type\":\"ListItem\",\"position\":2,\"name\":\"Nouveaut\u00e9s Autos\",\"item\":\"https:\\\/\\\/www.autojm.fr\\\/blog\\\/nouveautes-autos\\\/\"},{\"@type\":\"ListItem\",\"position\":3,\"name\":\"Nouvelle DS4, la berline compacte haute technologie !\"}]},{\"@type\":\"WebSite\",\"@id\":\"https:\\\/\\\/www.autojm.fr\\\/blog\\\/#website\",\"url\":\"https:\\\/\\\/www.autojm.fr\\\/blog\\\/\",\"name\":\"AutoJM Mag\",\"description\":\"Toute l&#039;actu auto en 1 clic !\",\"publisher\":{\"@id\":\"https:\\\/\\\/www.autojm.fr\\\/blog\\\/#organization\"},\"potentialAction\":[{\"@type\":\"SearchAction\",\"target\":{\"@type\":\"EntryPoint\",\"urlTemplate\":\"https:\\\/\\\/www.autojm.fr\\\/blog\\\/?s={search_term_string}\"},\"query-input\":{\"@type\":\"PropertyValueSpecification\",\"valueRequired\":true,\"valueName\":\"search_term_string\"}}],\"inLanguage\":\"fr-FR\"},{\"@type\":\"Organization\",\"@id\":\"https:\\\/\\\/www.autojm.fr\\\/blog\\\/#organization\",\"name\":\"AutoJM Mag\",\"url\":\"https:\\\/\\\/www.autojm.fr\\\/blog\\\/\",\"logo\":{\"@type\":\"ImageObject\",\"inLanguage\":\"fr-FR\",\"@id\":\"https:\\\/\\\/www.autojm.fr\\\/blog\\\/#\\\/schema\\\/logo\\\/image\\\/\",\"url\":\"https:\\\/\\\/www.autojm.fr\\\/blog\\\/wp-content\\\/uploads\\\/2022\\\/12\\\/cropped-AutoJMag-png.png\",\"contentUrl\":\"https:\\\/\\\/www.autojm.fr\\\/blog\\\/wp-content\\\/uploads\\\/2022\\\/12\\\/cropped-AutoJMag-png.png\",\"width\":2834,\"height\":585,\"caption\":\"AutoJM Mag\"},\"image\":{\"@id\":\"https:\\\/\\\/www.autojm.fr\\\/blog\\\/#\\\/schema\\\/logo\\\/image\\\/\"},\"sameAs\":[\"https:\\\/\\\/www.facebook.com\\\/AutoJM25\"]},{\"@type\":\"Person\",\"@id\":\"https:\\\/\\\/www.autojm.fr\\\/blog\\\/#\\\/schema\\\/person\\\/9742bc77541853e0de81fc57f947e1a0\",\"name\":\"Autojm\",\"image\":{\"@type\":\"ImageObject\",\"inLanguage\":\"fr-FR\",\"@id\":\"https:\\\/\\\/secure.gravatar.com\\\/avatar\\\/9a959d52b758fcc232fe4b6aca7bab139182573297122cce7d6f2ee0e537b418?s=96&d=mm&r=g\",\"url\":\"https:\\\/\\\/secure.gravatar.com\\\/avatar\\\/9a959d52b758fcc232fe4b6aca7bab139182573297122cce7d6f2ee0e537b418?s=96&d=mm&r=g\",\"contentUrl\":\"https:\\\/\\\/secure.gravatar.com\\\/avatar\\\/9a959d52b758fcc232fe4b6aca7bab139182573297122cce7d6f2ee0e537b418?s=96&d=mm&r=g\",\"caption\":\"Autojm\"},\"sameAs\":[\"https:\\\/\\\/www.autojm.fr\\\/blog\"],\"url\":\"https:\\\/\\\/www.autojm.fr\\\/blog\\\/author\\\/bichoi\\\/\"}]}<\/script>\n<!-- \/ Yoast SEO plugin. -->","yoast_head_json":{"title":"Nouvelle DS4, la berline compacte haute technologie ! - AutoJM Mag","description":"La petite berline de luxe avait montr\u00e9 son visage au mois de janvier, elle est d\u00e9sormais disponible \u00e0 la commande. Son look rappelle...","robots":{"index":"index","follow":"follow","max-snippet":"max-snippet:-1","max-image-preview":"max-image-preview:large","max-video-preview":"max-video-preview:-1"},"canonical":"https:\/\/www.autojm.fr\/blog\/nouvelle-ds4-la-berline-compacte-haute-technologie\/","og_locale":"fr_FR","og_type":"article","og_title":"Nouvelle DS4, la berline compacte haute technologie ! - AutoJM Mag","og_description":"La petite berline de luxe avait montr\u00e9 son visage au mois de janvier, elle est d\u00e9sormais disponible \u00e0 la commande. Son look rappelle...","og_url":"https:\/\/www.autojm.fr\/blog\/nouvelle-ds4-la-berline-compacte-haute-technologie\/","og_site_name":"AutoJM Mag","article_publisher":"https:\/\/www.facebook.com\/AutoJM25","article_published_time":"2021-05-27T00:00:00+00:00","article_modified_time":"2023-04-17T14:35:34+00:00","og_image":[{"width":2560,"height":1160,"url":"https:\/\/www.autojm.fr\/blog\/wp-content\/uploads\/2022\/10\/632-scaled.jpg","type":"image\/jpeg"}],"author":"Autojm","twitter_card":"summary_large_image","twitter_misc":{"\u00c9crit par":"Autojm","Dur\u00e9e de lecture estim\u00e9e":"3 minutes"},"schema":{"@context":"https:\/\/schema.org","@graph":[{"@type":"Article","@id":"https:\/\/www.autojm.fr\/blog\/nouvelle-ds4-la-berline-compacte-haute-technologie\/#article","isPartOf":{"@id":"https:\/\/www.autojm.fr\/blog\/nouvelle-ds4-la-berline-compacte-haute-technologie\/"},"author":{"name":"Autojm","@id":"https:\/\/www.autojm.fr\/blog\/#\/schema\/person\/9742bc77541853e0de81fc57f947e1a0"},"headline":"Nouvelle DS4, la berline compacte haute technologie !","datePublished":"2021-05-27T00:00:00+00:00","dateModified":"2023-04-17T14:35:34+00:00","mainEntityOfPage":{"@id":"https:\/\/www.autojm.fr\/blog\/nouvelle-ds4-la-berline-compacte-haute-technologie\/"},"wordCount":540,"commentCount":0,"publisher":{"@id":"https:\/\/www.autojm.fr\/blog\/#organization"},"image":{"@id":"https:\/\/www.autojm.fr\/blog\/nouvelle-ds4-la-berline-compacte-haute-technologie\/#primaryimage"},"thumbnailUrl":"https:\/\/www.autojm.fr\/blog\/wp-content\/uploads\/2022\/10\/632-scaled.jpg","keywords":["autojm","DS","Nouvelle DS4"],"articleSection":["Nouveaut\u00e9 DS","Nouveaut\u00e9s Autos"],"inLanguage":"fr-FR","potentialAction":[{"@type":"CommentAction","name":"Comment","target":["https:\/\/www.autojm.fr\/blog\/nouvelle-ds4-la-berline-compacte-haute-technologie\/#respond"]}]},{"@type":"WebPage","@id":"https:\/\/www.autojm.fr\/blog\/nouvelle-ds4-la-berline-compacte-haute-technologie\/","url":"https:\/\/www.autojm.fr\/blog\/nouvelle-ds4-la-berline-compacte-haute-technologie\/","name":"Nouvelle DS4, la berline compacte haute technologie ! - AutoJM Mag","isPartOf":{"@id":"https:\/\/www.autojm.fr\/blog\/#website"},"primaryImageOfPage":{"@id":"https:\/\/www.autojm.fr\/blog\/nouvelle-ds4-la-berline-compacte-haute-technologie\/#primaryimage"},"image":{"@id":"https:\/\/www.autojm.fr\/blog\/nouvelle-ds4-la-berline-compacte-haute-technologie\/#primaryimage"},"thumbnailUrl":"https:\/\/www.autojm.fr\/blog\/wp-content\/uploads\/2022\/10\/632-scaled.jpg","datePublished":"2021-05-27T00:00:00+00:00","dateModified":"2023-04-17T14:35:34+00:00","description":"La petite berline de luxe avait montr\u00e9 son visage au mois de janvier, elle est d\u00e9sormais disponible \u00e0 la commande. Son look rappelle...","breadcrumb":{"@id":"https:\/\/www.autojm.fr\/blog\/nouvelle-ds4-la-berline-compacte-haute-technologie\/#breadcrumb"},"inLanguage":"fr-FR","potentialAction":[{"@type":"ReadAction","target":["https:\/\/www.autojm.fr\/blog\/nouvelle-ds4-la-berline-compacte-haute-technologie\/"]}]},{"@type":"ImageObject","inLanguage":"fr-FR","@id":"https:\/\/www.autojm.fr\/blog\/nouvelle-ds4-la-berline-compacte-haute-technologie\/#primaryimage","url":"https:\/\/www.autojm.fr\/blog\/wp-content\/uploads\/2022\/10\/632-scaled.jpg","contentUrl":"https:\/\/www.autojm.fr\/blog\/wp-content\/uploads\/2022\/10\/632-scaled.jpg","width":2560,"height":1160,"caption":"Nouvelle DS4"},{"@type":"BreadcrumbList","@id":"https:\/\/www.autojm.fr\/blog\/nouvelle-ds4-la-berline-compacte-haute-technologie\/#breadcrumb","itemListElement":[{"@type":"ListItem","position":1,"name":"Accueil","item":"https:\/\/www.autojm.fr\/blog\/"},{"@type":"ListItem","position":2,"name":"Nouveaut\u00e9s Autos","item":"https:\/\/www.autojm.fr\/blog\/nouveautes-autos\/"},{"@type":"ListItem","position":3,"name":"Nouvelle DS4, la berline compacte haute technologie !"}]},{"@type":"WebSite","@id":"https:\/\/www.autojm.fr\/blog\/#website","url":"https:\/\/www.autojm.fr\/blog\/","name":"AutoJM Mag","description":"Toute l&#039;actu auto en 1 clic !","publisher":{"@id":"https:\/\/www.autojm.fr\/blog\/#organization"},"potentialAction":[{"@type":"SearchAction","target":{"@type":"EntryPoint","urlTemplate":"https:\/\/www.autojm.fr\/blog\/?s={search_term_string}"},"query-input":{"@type":"PropertyValueSpecification","valueRequired":true,"valueName":"search_term_string"}}],"inLanguage":"fr-FR"},{"@type":"Organization","@id":"https:\/\/www.autojm.fr\/blog\/#organization","name":"AutoJM Mag","url":"https:\/\/www.autojm.fr\/blog\/","logo":{"@type":"ImageObject","inLanguage":"fr-FR","@id":"https:\/\/www.autojm.fr\/blog\/#\/schema\/logo\/image\/","url":"https:\/\/www.autojm.fr\/blog\/wp-content\/uploads\/2022\/12\/cropped-AutoJMag-png.png","contentUrl":"https:\/\/www.autojm.fr\/blog\/wp-content\/uploads\/2022\/12\/cropped-AutoJMag-png.png","width":2834,"height":585,"caption":"AutoJM Mag"},"image":{"@id":"https:\/\/www.autojm.fr\/blog\/#\/schema\/logo\/image\/"},"sameAs":["https:\/\/www.facebook.com\/AutoJM25"]},{"@type":"Person","@id":"https:\/\/www.autojm.fr\/blog\/#\/schema\/person\/9742bc77541853e0de81fc57f947e1a0","name":"Autojm","image":{"@type":"ImageObject","inLanguage":"fr-FR","@id":"https:\/\/secure.gravatar.com\/avatar\/9a959d52b758fcc232fe4b6aca7bab139182573297122cce7d6f2ee0e537b418?s=96&d=mm&r=g","url":"https:\/\/secure.gravatar.com\/avatar\/9a959d52b758fcc232fe4b6aca7bab139182573297122cce7d6f2ee0e537b418?s=96&d=mm&r=g","contentUrl":"https:\/\/secure.gravatar.com\/avatar\/9a959d52b758fcc232fe4b6aca7bab139182573297122cce7d6f2ee0e537b418?s=96&d=mm&r=g","caption":"Autojm"},"sameAs":["https:\/\/www.autojm.fr\/blog"],"url":"https:\/\/www.autojm.fr\/blog\/author\/bichoi\/"}]}},"_links":{"self":[{"href":"https:\/\/www.autojm.fr\/blog\/wp-json\/wp\/v2\/posts\/3902","targetHints":{"allow":["GET"]}}],"collection":[{"href":"https:\/\/www.autojm.fr\/blog\/wp-json\/wp\/v2\/posts"}],"about":[{"href":"https:\/\/www.autojm.fr\/blog\/wp-json\/wp\/v2\/types\/post"}],"author":[{"embeddable":true,"href":"https:\/\/www.autojm.fr\/blog\/wp-json\/wp\/v2\/users\/1"}],"replies":[{"embeddable":true,"href":"https:\/\/www.autojm.fr\/blog\/wp-json\/wp\/v2\/comments?post=3902"}],"version-history":[{"count":5,"href":"https:\/\/www.autojm.fr\/blog\/wp-json\/wp\/v2\/posts\/3902\/revisions"}],"predecessor-version":[{"id":9170,"href":"https:\/\/www.autojm.fr\/blog\/wp-json\/wp\/v2\/posts\/3902\/revisions\/9170"}],"wp:featuredmedia":[{"embeddable":true,"href":"https:\/\/www.autojm.fr\/blog\/wp-json\/wp\/v2\/media\/5960"}],"wp:attachment":[{"href":"https:\/\/www.autojm.fr\/blog\/wp-json\/wp\/v2\/media?parent=3902"}],"wp:term":[{"taxonomy":"category","embeddable":true,"href":"https:\/\/www.autojm.fr\/blog\/wp-json\/wp\/v2\/categories?post=3902"},{"taxonomy":"post_tag","embeddable":true,"href":"https:\/\/www.autojm.fr\/blog\/wp-json\/wp\/v2\/tags?post=3902"}],"curies":[{"name":"wp","href":"https:\/\/api.w.org\/{rel}","templated":true}]}}