{"id":3901,"date":"2021-05-24T00:00:00","date_gmt":"2021-05-24T00:00:00","guid":{"rendered":"https:\/\/www.autojm.fr\/blog\/dacia-duster-2021-deja-apercu\/"},"modified":"2023-04-17T14:36:12","modified_gmt":"2023-04-17T14:36:12","slug":"dacia-duster-2021-deja-apercu","status":"publish","type":"post","link":"https:\/\/www.autojm.fr\/blog\/dacia-duster-2021-deja-apercu\/","title":{"rendered":"Dacia Duster 2021 : d\u00e9j\u00e0 aper\u00e7u ?"},"content":{"rendered":"<p>Le <strong><a href=\"https:\/\/www.autojm.fr\/mandataire-voitures-neuves-dacia?part=blog&amp;utm_source=articleblog200521&amp;utm_medium=blog\">Dacia Duster<\/a><\/strong> revient cette ann\u00e9e avec une nouvelle g\u00e9n\u00e9ration ! Le restylage du SUV de la marque low-cost sera officiellement r\u00e9v\u00e9l\u00e9 le 22 juin, mais il a d\u00e9j\u00e0 \u00e9t\u00e9 aper\u00e7u avec un camouflage des plus l\u00e9gers qui laisse deviner une face avant \u00e9pur\u00e9e quasi-identique \u00e0 celle de la g\u00e9n\u00e9ration pr\u00e9c\u00e9dente. Que sait-on d\u00e9j\u00e0 du futur SUV Dacia Duster ?<\/p>\n<h2>Changements discrets pour le nouveau Duster<\/h2>\n<p>Le nouveau Dacia Duster conserve donc une face avant \u00e9pur\u00e9e, marqu\u00e9e par une calandre en deux \u00e9tages reliant les feux de jours qui int\u00e8grent, quant \u00e0 eux, des LED en forme de Y. On d\u00e9couvre \u00e9galement \u00e0 l&rsquo;arri\u00e8re du SUV des feux en forme de Y qui ont remplac\u00e9 les croix de l&rsquo;ancien mod\u00e8le. L&rsquo;effet 3D est conserv\u00e9 sur l&rsquo;\u00e9clairage de la face arri\u00e8re.<br \/>\nA l&rsquo;int\u00e9rieur du nouveau Duster, l&rsquo;agencement reste inchang\u00e9 mais le SUV pourra accueillir le nouvel \u00e9cran 8 pouces avec le syst\u00e8me d&rsquo;info-divertissement du nouveau Dacia Sandero. L&rsquo;accoudoir central est plus large et r\u00e9glable en longueur.<\/p>\n<h2>Une version GPL \u00e0 1000 kilom\u00e8tres d&rsquo;autonomie !<\/h2>\n<p>Pas de mod\u00e8le hybride pr\u00e9vu, mais le Dacia Duster 2021 proposera la transmission EDC avec le moteur essence TCe 150. Il garde ses motorisations essence et diesel : les mod\u00e8les TCe 90 trois cylindres turbo, TCe 130 et 150 chevaux quatre cylindres, DCi 95 et 115 chevaux et TCe Eco-G 100 chevaux. Les 4 roues motrices restent en option.<\/p>\n<p>Le Dacia Duster actuel r\u00e9pond d\u00e9j\u00e0 \u00e0 la norme Euro 6D full, obligatoire depuis le 1er janvier 2021, c&rsquo;est pourquoi la m\u00e9canique ne sera pas modifi\u00e9e pour le Duster 2021. Concernant la version GPL, l&rsquo;actuel Duster ECO-G 100 affiche des moyennes de consommation plus \u00e9lev\u00e9es depuis l&rsquo;arriv\u00e9e du nouveau filtre \u00e0 particules d\u00e9di\u00e9 \u00e0 diminuer les \u00e9missions de polluants : le sans plomb consomme 0,5l\/100 km de plus, et le GPL est pass\u00e9 de 9,9l\/100 km \u00e0 10,5l\/100 km (selon L&rsquo;Automobile Magazine). Mais l&rsquo;arriv\u00e9e du nouveau Dacia Duster devrait marquer l&rsquo;arriv\u00e9e d&rsquo;un nouveau r\u00e9servoir GPL de 50 litres, qui permettrait au SUV d&rsquo;atteindre les 1000 kilom\u00e8tres d&rsquo;autonomie.<\/p>\n<h2>Pourquoi le Dacia Duster est-il dans le top vente ?<\/h2>\n<p>Le Dacia Duster pla\u00eet aux automobilistes, et pour cause :<br \/>\n&#8211; il s&rsquo;inscrit dans la cat\u00e9gorie des SUV qui repr\u00e9sentent un peu plus de 40% des ventes \u00e0 l&rsquo;\u00e9chelle nationale et ont donc la cote<br \/>\n&#8211; son prix abordable lui permet d&rsquo;\u00eatre la cible d&rsquo;une plus grande part de la population<br \/>\n&#8211; il offre une motorisation GPL, ce qui reste rare sur les mod\u00e8les classiques du march\u00e9 automobile fran\u00e7ais<\/p>\n<p>Il faudra encore \u00eatre patient pour sa r\u00e9v\u00e9lation officielle. Le Dacia Duster devait normalement \u00eatre r\u00e9v\u00e9l\u00e9 au printemps mais sa pr\u00e9sentation et sa commercialisation ont \u00e9t\u00e9 retard\u00e9es par la p\u00e9nurie de semi-conducteurs qui touche le monde de l&rsquo;automobile.<\/p>\n","protected":false},"excerpt":{"rendered":"<p>Le Dacia Duster revient cette ann\u00e9e avec une nouvelle g\u00e9n\u00e9ration ! Le restylage du SUV de la marque low-cost sera officiellement r\u00e9v\u00e9l\u00e9 le 22 juin, mais il a d\u00e9j\u00e0 \u00e9t\u00e9 aper\u00e7u avec un camouflage des plus l\u00e9gers qui laisse deviner une face avant \u00e9pur\u00e9e quasi-identique \u00e0 celle de la g\u00e9n\u00e9ration pr\u00e9c\u00e9dente. Que sait-on d\u00e9j\u00e0 du futur SUV Dacia Duster ?<\/p>\n","protected":false},"author":1,"featured_media":5959,"comment_status":"open","ping_status":"open","sticky":false,"template":"","format":"standard","meta":{"_acf_changed":false,"content-type":"","footnotes":""},"categories":[263,61],"tags":[90,74,155],"class_list":["post-3901","post","type-post","status-publish","format-standard","has-post-thumbnail","hentry","category-nouveaute-dacia","category-nouveautes-autos","tag-autojm","tag-dacia","tag-dacia-duster"],"acf":[],"yoast_head":"<!-- This site is optimized with the Yoast SEO plugin v27.5 - https:\/\/yoast.com\/product\/yoast-seo-wordpress\/ -->\n<title>Dacia Duster 2021 : d\u00e9j\u00e0 aper\u00e7u ? - AutoJM Mag<\/title>\n<meta name=\"description\" content=\"Le Dacia Duster revient cette ann\u00e9e avec une nouvelle g\u00e9n\u00e9ration ! Le restylage du SUV de la marque low-cost sera officiellement r\u00e9v\u00e9l\u00e9...\" \/>\n<meta name=\"robots\" content=\"index, follow, max-snippet:-1, max-image-preview:large, max-video-preview:-1\" \/>\n<link rel=\"canonical\" href=\"https:\/\/www.autojm.fr\/blog\/dacia-duster-2021-deja-apercu\/\" \/>\n<meta property=\"og:locale\" content=\"fr_FR\" \/>\n<meta property=\"og:type\" content=\"article\" \/>\n<meta property=\"og:title\" content=\"Dacia Duster 2021 : d\u00e9j\u00e0 aper\u00e7u ? - AutoJM Mag\" \/>\n<meta property=\"og:description\" content=\"Le Dacia Duster revient cette ann\u00e9e avec une nouvelle g\u00e9n\u00e9ration ! Le restylage du SUV de la marque low-cost sera officiellement r\u00e9v\u00e9l\u00e9...\" \/>\n<meta property=\"og:url\" content=\"https:\/\/www.autojm.fr\/blog\/dacia-duster-2021-deja-apercu\/\" \/>\n<meta property=\"og:site_name\" content=\"AutoJM Mag\" \/>\n<meta property=\"article:publisher\" content=\"https:\/\/www.facebook.com\/AutoJM25\" \/>\n<meta property=\"article:published_time\" content=\"2021-05-24T00:00:00+00:00\" \/>\n<meta property=\"article:modified_time\" content=\"2023-04-17T14:36:12+00:00\" \/>\n<meta property=\"og:image\" content=\"https:\/\/www.autojm.fr\/blog\/wp-content\/uploads\/2022\/10\/631.jpg\" \/>\n\t<meta property=\"og:image:width\" content=\"1024\" \/>\n\t<meta property=\"og:image:height\" content=\"465\" \/>\n\t<meta property=\"og:image:type\" content=\"image\/jpeg\" \/>\n<meta name=\"author\" content=\"Autojm\" \/>\n<meta name=\"twitter:card\" content=\"summary_large_image\" \/>\n<meta name=\"twitter:label1\" content=\"\u00c9crit par\" \/>\n\t<meta name=\"twitter:data1\" content=\"Autojm\" \/>\n\t<meta name=\"twitter:label2\" content=\"Dur\u00e9e de lecture estim\u00e9e\" \/>\n\t<meta name=\"twitter:data2\" content=\"3 minutes\" \/>\n<script type=\"application\/ld+json\" class=\"yoast-schema-graph\">{\"@context\":\"https:\\\/\\\/schema.org\",\"@graph\":[{\"@type\":\"Article\",\"@id\":\"https:\\\/\\\/www.autojm.fr\\\/blog\\\/dacia-duster-2021-deja-apercu\\\/#article\",\"isPartOf\":{\"@id\":\"https:\\\/\\\/www.autojm.fr\\\/blog\\\/dacia-duster-2021-deja-apercu\\\/\"},\"author\":{\"name\":\"Autojm\",\"@id\":\"https:\\\/\\\/www.autojm.fr\\\/blog\\\/#\\\/schema\\\/person\\\/9742bc77541853e0de81fc57f947e1a0\"},\"headline\":\"Dacia Duster 2021 : d\u00e9j\u00e0 aper\u00e7u ?\",\"datePublished\":\"2021-05-24T00:00:00+00:00\",\"dateModified\":\"2023-04-17T14:36:12+00:00\",\"mainEntityOfPage\":{\"@id\":\"https:\\\/\\\/www.autojm.fr\\\/blog\\\/dacia-duster-2021-deja-apercu\\\/\"},\"wordCount\":482,\"commentCount\":0,\"publisher\":{\"@id\":\"https:\\\/\\\/www.autojm.fr\\\/blog\\\/#organization\"},\"image\":{\"@id\":\"https:\\\/\\\/www.autojm.fr\\\/blog\\\/dacia-duster-2021-deja-apercu\\\/#primaryimage\"},\"thumbnailUrl\":\"https:\\\/\\\/www.autojm.fr\\\/blog\\\/wp-content\\\/uploads\\\/2022\\\/10\\\/631.jpg\",\"keywords\":[\"autojm\",\"dacia\",\"Dacia Duster\"],\"articleSection\":[\"Nouveaut\u00e9 Dacia\",\"Nouveaut\u00e9s Autos\"],\"inLanguage\":\"fr-FR\",\"potentialAction\":[{\"@type\":\"CommentAction\",\"name\":\"Comment\",\"target\":[\"https:\\\/\\\/www.autojm.fr\\\/blog\\\/dacia-duster-2021-deja-apercu\\\/#respond\"]}]},{\"@type\":\"WebPage\",\"@id\":\"https:\\\/\\\/www.autojm.fr\\\/blog\\\/dacia-duster-2021-deja-apercu\\\/\",\"url\":\"https:\\\/\\\/www.autojm.fr\\\/blog\\\/dacia-duster-2021-deja-apercu\\\/\",\"name\":\"Dacia Duster 2021 : d\u00e9j\u00e0 aper\u00e7u ? - AutoJM Mag\",\"isPartOf\":{\"@id\":\"https:\\\/\\\/www.autojm.fr\\\/blog\\\/#website\"},\"primaryImageOfPage\":{\"@id\":\"https:\\\/\\\/www.autojm.fr\\\/blog\\\/dacia-duster-2021-deja-apercu\\\/#primaryimage\"},\"image\":{\"@id\":\"https:\\\/\\\/www.autojm.fr\\\/blog\\\/dacia-duster-2021-deja-apercu\\\/#primaryimage\"},\"thumbnailUrl\":\"https:\\\/\\\/www.autojm.fr\\\/blog\\\/wp-content\\\/uploads\\\/2022\\\/10\\\/631.jpg\",\"datePublished\":\"2021-05-24T00:00:00+00:00\",\"dateModified\":\"2023-04-17T14:36:12+00:00\",\"description\":\"Le Dacia Duster revient cette ann\u00e9e avec une nouvelle g\u00e9n\u00e9ration ! Le restylage du SUV de la marque low-cost sera officiellement r\u00e9v\u00e9l\u00e9...\",\"breadcrumb\":{\"@id\":\"https:\\\/\\\/www.autojm.fr\\\/blog\\\/dacia-duster-2021-deja-apercu\\\/#breadcrumb\"},\"inLanguage\":\"fr-FR\",\"potentialAction\":[{\"@type\":\"ReadAction\",\"target\":[\"https:\\\/\\\/www.autojm.fr\\\/blog\\\/dacia-duster-2021-deja-apercu\\\/\"]}]},{\"@type\":\"ImageObject\",\"inLanguage\":\"fr-FR\",\"@id\":\"https:\\\/\\\/www.autojm.fr\\\/blog\\\/dacia-duster-2021-deja-apercu\\\/#primaryimage\",\"url\":\"https:\\\/\\\/www.autojm.fr\\\/blog\\\/wp-content\\\/uploads\\\/2022\\\/10\\\/631.jpg\",\"contentUrl\":\"https:\\\/\\\/www.autojm.fr\\\/blog\\\/wp-content\\\/uploads\\\/2022\\\/10\\\/631.jpg\",\"width\":1024,\"height\":465,\"caption\":\"Dacia Duster\"},{\"@type\":\"BreadcrumbList\",\"@id\":\"https:\\\/\\\/www.autojm.fr\\\/blog\\\/dacia-duster-2021-deja-apercu\\\/#breadcrumb\",\"itemListElement\":[{\"@type\":\"ListItem\",\"position\":1,\"name\":\"Accueil\",\"item\":\"https:\\\/\\\/www.autojm.fr\\\/blog\\\/\"},{\"@type\":\"ListItem\",\"position\":2,\"name\":\"Nouveaut\u00e9s Autos\",\"item\":\"https:\\\/\\\/www.autojm.fr\\\/blog\\\/nouveautes-autos\\\/\"},{\"@type\":\"ListItem\",\"position\":3,\"name\":\"Dacia Duster 2021 : d\u00e9j\u00e0 aper\u00e7u ?\"}]},{\"@type\":\"WebSite\",\"@id\":\"https:\\\/\\\/www.autojm.fr\\\/blog\\\/#website\",\"url\":\"https:\\\/\\\/www.autojm.fr\\\/blog\\\/\",\"name\":\"AutoJM Mag\",\"description\":\"Toute l&#039;actu auto en 1 clic !\",\"publisher\":{\"@id\":\"https:\\\/\\\/www.autojm.fr\\\/blog\\\/#organization\"},\"potentialAction\":[{\"@type\":\"SearchAction\",\"target\":{\"@type\":\"EntryPoint\",\"urlTemplate\":\"https:\\\/\\\/www.autojm.fr\\\/blog\\\/?s={search_term_string}\"},\"query-input\":{\"@type\":\"PropertyValueSpecification\",\"valueRequired\":true,\"valueName\":\"search_term_string\"}}],\"inLanguage\":\"fr-FR\"},{\"@type\":\"Organization\",\"@id\":\"https:\\\/\\\/www.autojm.fr\\\/blog\\\/#organization\",\"name\":\"AutoJM Mag\",\"url\":\"https:\\\/\\\/www.autojm.fr\\\/blog\\\/\",\"logo\":{\"@type\":\"ImageObject\",\"inLanguage\":\"fr-FR\",\"@id\":\"https:\\\/\\\/www.autojm.fr\\\/blog\\\/#\\\/schema\\\/logo\\\/image\\\/\",\"url\":\"https:\\\/\\\/www.autojm.fr\\\/blog\\\/wp-content\\\/uploads\\\/2022\\\/12\\\/cropped-AutoJMag-png.png\",\"contentUrl\":\"https:\\\/\\\/www.autojm.fr\\\/blog\\\/wp-content\\\/uploads\\\/2022\\\/12\\\/cropped-AutoJMag-png.png\",\"width\":2834,\"height\":585,\"caption\":\"AutoJM Mag\"},\"image\":{\"@id\":\"https:\\\/\\\/www.autojm.fr\\\/blog\\\/#\\\/schema\\\/logo\\\/image\\\/\"},\"sameAs\":[\"https:\\\/\\\/www.facebook.com\\\/AutoJM25\"]},{\"@type\":\"Person\",\"@id\":\"https:\\\/\\\/www.autojm.fr\\\/blog\\\/#\\\/schema\\\/person\\\/9742bc77541853e0de81fc57f947e1a0\",\"name\":\"Autojm\",\"image\":{\"@type\":\"ImageObject\",\"inLanguage\":\"fr-FR\",\"@id\":\"https:\\\/\\\/secure.gravatar.com\\\/avatar\\\/9a959d52b758fcc232fe4b6aca7bab139182573297122cce7d6f2ee0e537b418?s=96&d=mm&r=g\",\"url\":\"https:\\\/\\\/secure.gravatar.com\\\/avatar\\\/9a959d52b758fcc232fe4b6aca7bab139182573297122cce7d6f2ee0e537b418?s=96&d=mm&r=g\",\"contentUrl\":\"https:\\\/\\\/secure.gravatar.com\\\/avatar\\\/9a959d52b758fcc232fe4b6aca7bab139182573297122cce7d6f2ee0e537b418?s=96&d=mm&r=g\",\"caption\":\"Autojm\"},\"sameAs\":[\"https:\\\/\\\/www.autojm.fr\\\/blog\"],\"url\":\"https:\\\/\\\/www.autojm.fr\\\/blog\\\/author\\\/bichoi\\\/\"}]}<\/script>\n<!-- \/ Yoast SEO plugin. -->","yoast_head_json":{"title":"Dacia Duster 2021 : d\u00e9j\u00e0 aper\u00e7u ? - AutoJM Mag","description":"Le Dacia Duster revient cette ann\u00e9e avec une nouvelle g\u00e9n\u00e9ration ! Le restylage du SUV de la marque low-cost sera officiellement r\u00e9v\u00e9l\u00e9...","robots":{"index":"index","follow":"follow","max-snippet":"max-snippet:-1","max-image-preview":"max-image-preview:large","max-video-preview":"max-video-preview:-1"},"canonical":"https:\/\/www.autojm.fr\/blog\/dacia-duster-2021-deja-apercu\/","og_locale":"fr_FR","og_type":"article","og_title":"Dacia Duster 2021 : d\u00e9j\u00e0 aper\u00e7u ? - AutoJM Mag","og_description":"Le Dacia Duster revient cette ann\u00e9e avec une nouvelle g\u00e9n\u00e9ration ! Le restylage du SUV de la marque low-cost sera officiellement r\u00e9v\u00e9l\u00e9...","og_url":"https:\/\/www.autojm.fr\/blog\/dacia-duster-2021-deja-apercu\/","og_site_name":"AutoJM Mag","article_publisher":"https:\/\/www.facebook.com\/AutoJM25","article_published_time":"2021-05-24T00:00:00+00:00","article_modified_time":"2023-04-17T14:36:12+00:00","og_image":[{"width":1024,"height":465,"url":"https:\/\/www.autojm.fr\/blog\/wp-content\/uploads\/2022\/10\/631.jpg","type":"image\/jpeg"}],"author":"Autojm","twitter_card":"summary_large_image","twitter_misc":{"\u00c9crit par":"Autojm","Dur\u00e9e de lecture estim\u00e9e":"3 minutes"},"schema":{"@context":"https:\/\/schema.org","@graph":[{"@type":"Article","@id":"https:\/\/www.autojm.fr\/blog\/dacia-duster-2021-deja-apercu\/#article","isPartOf":{"@id":"https:\/\/www.autojm.fr\/blog\/dacia-duster-2021-deja-apercu\/"},"author":{"name":"Autojm","@id":"https:\/\/www.autojm.fr\/blog\/#\/schema\/person\/9742bc77541853e0de81fc57f947e1a0"},"headline":"Dacia Duster 2021 : d\u00e9j\u00e0 aper\u00e7u ?","datePublished":"2021-05-24T00:00:00+00:00","dateModified":"2023-04-17T14:36:12+00:00","mainEntityOfPage":{"@id":"https:\/\/www.autojm.fr\/blog\/dacia-duster-2021-deja-apercu\/"},"wordCount":482,"commentCount":0,"publisher":{"@id":"https:\/\/www.autojm.fr\/blog\/#organization"},"image":{"@id":"https:\/\/www.autojm.fr\/blog\/dacia-duster-2021-deja-apercu\/#primaryimage"},"thumbnailUrl":"https:\/\/www.autojm.fr\/blog\/wp-content\/uploads\/2022\/10\/631.jpg","keywords":["autojm","dacia","Dacia Duster"],"articleSection":["Nouveaut\u00e9 Dacia","Nouveaut\u00e9s Autos"],"inLanguage":"fr-FR","potentialAction":[{"@type":"CommentAction","name":"Comment","target":["https:\/\/www.autojm.fr\/blog\/dacia-duster-2021-deja-apercu\/#respond"]}]},{"@type":"WebPage","@id":"https:\/\/www.autojm.fr\/blog\/dacia-duster-2021-deja-apercu\/","url":"https:\/\/www.autojm.fr\/blog\/dacia-duster-2021-deja-apercu\/","name":"Dacia Duster 2021 : d\u00e9j\u00e0 aper\u00e7u ? - AutoJM Mag","isPartOf":{"@id":"https:\/\/www.autojm.fr\/blog\/#website"},"primaryImageOfPage":{"@id":"https:\/\/www.autojm.fr\/blog\/dacia-duster-2021-deja-apercu\/#primaryimage"},"image":{"@id":"https:\/\/www.autojm.fr\/blog\/dacia-duster-2021-deja-apercu\/#primaryimage"},"thumbnailUrl":"https:\/\/www.autojm.fr\/blog\/wp-content\/uploads\/2022\/10\/631.jpg","datePublished":"2021-05-24T00:00:00+00:00","dateModified":"2023-04-17T14:36:12+00:00","description":"Le Dacia Duster revient cette ann\u00e9e avec une nouvelle g\u00e9n\u00e9ration ! Le restylage du SUV de la marque low-cost sera officiellement r\u00e9v\u00e9l\u00e9...","breadcrumb":{"@id":"https:\/\/www.autojm.fr\/blog\/dacia-duster-2021-deja-apercu\/#breadcrumb"},"inLanguage":"fr-FR","potentialAction":[{"@type":"ReadAction","target":["https:\/\/www.autojm.fr\/blog\/dacia-duster-2021-deja-apercu\/"]}]},{"@type":"ImageObject","inLanguage":"fr-FR","@id":"https:\/\/www.autojm.fr\/blog\/dacia-duster-2021-deja-apercu\/#primaryimage","url":"https:\/\/www.autojm.fr\/blog\/wp-content\/uploads\/2022\/10\/631.jpg","contentUrl":"https:\/\/www.autojm.fr\/blog\/wp-content\/uploads\/2022\/10\/631.jpg","width":1024,"height":465,"caption":"Dacia Duster"},{"@type":"BreadcrumbList","@id":"https:\/\/www.autojm.fr\/blog\/dacia-duster-2021-deja-apercu\/#breadcrumb","itemListElement":[{"@type":"ListItem","position":1,"name":"Accueil","item":"https:\/\/www.autojm.fr\/blog\/"},{"@type":"ListItem","position":2,"name":"Nouveaut\u00e9s Autos","item":"https:\/\/www.autojm.fr\/blog\/nouveautes-autos\/"},{"@type":"ListItem","position":3,"name":"Dacia Duster 2021 : d\u00e9j\u00e0 aper\u00e7u ?"}]},{"@type":"WebSite","@id":"https:\/\/www.autojm.fr\/blog\/#website","url":"https:\/\/www.autojm.fr\/blog\/","name":"AutoJM Mag","description":"Toute l&#039;actu auto en 1 clic !","publisher":{"@id":"https:\/\/www.autojm.fr\/blog\/#organization"},"potentialAction":[{"@type":"SearchAction","target":{"@type":"EntryPoint","urlTemplate":"https:\/\/www.autojm.fr\/blog\/?s={search_term_string}"},"query-input":{"@type":"PropertyValueSpecification","valueRequired":true,"valueName":"search_term_string"}}],"inLanguage":"fr-FR"},{"@type":"Organization","@id":"https:\/\/www.autojm.fr\/blog\/#organization","name":"AutoJM Mag","url":"https:\/\/www.autojm.fr\/blog\/","logo":{"@type":"ImageObject","inLanguage":"fr-FR","@id":"https:\/\/www.autojm.fr\/blog\/#\/schema\/logo\/image\/","url":"https:\/\/www.autojm.fr\/blog\/wp-content\/uploads\/2022\/12\/cropped-AutoJMag-png.png","contentUrl":"https:\/\/www.autojm.fr\/blog\/wp-content\/uploads\/2022\/12\/cropped-AutoJMag-png.png","width":2834,"height":585,"caption":"AutoJM Mag"},"image":{"@id":"https:\/\/www.autojm.fr\/blog\/#\/schema\/logo\/image\/"},"sameAs":["https:\/\/www.facebook.com\/AutoJM25"]},{"@type":"Person","@id":"https:\/\/www.autojm.fr\/blog\/#\/schema\/person\/9742bc77541853e0de81fc57f947e1a0","name":"Autojm","image":{"@type":"ImageObject","inLanguage":"fr-FR","@id":"https:\/\/secure.gravatar.com\/avatar\/9a959d52b758fcc232fe4b6aca7bab139182573297122cce7d6f2ee0e537b418?s=96&d=mm&r=g","url":"https:\/\/secure.gravatar.com\/avatar\/9a959d52b758fcc232fe4b6aca7bab139182573297122cce7d6f2ee0e537b418?s=96&d=mm&r=g","contentUrl":"https:\/\/secure.gravatar.com\/avatar\/9a959d52b758fcc232fe4b6aca7bab139182573297122cce7d6f2ee0e537b418?s=96&d=mm&r=g","caption":"Autojm"},"sameAs":["https:\/\/www.autojm.fr\/blog"],"url":"https:\/\/www.autojm.fr\/blog\/author\/bichoi\/"}]}},"_links":{"self":[{"href":"https:\/\/www.autojm.fr\/blog\/wp-json\/wp\/v2\/posts\/3901","targetHints":{"allow":["GET"]}}],"collection":[{"href":"https:\/\/www.autojm.fr\/blog\/wp-json\/wp\/v2\/posts"}],"about":[{"href":"https:\/\/www.autojm.fr\/blog\/wp-json\/wp\/v2\/types\/post"}],"author":[{"embeddable":true,"href":"https:\/\/www.autojm.fr\/blog\/wp-json\/wp\/v2\/users\/1"}],"replies":[{"embeddable":true,"href":"https:\/\/www.autojm.fr\/blog\/wp-json\/wp\/v2\/comments?post=3901"}],"version-history":[{"count":5,"href":"https:\/\/www.autojm.fr\/blog\/wp-json\/wp\/v2\/posts\/3901\/revisions"}],"predecessor-version":[{"id":9172,"href":"https:\/\/www.autojm.fr\/blog\/wp-json\/wp\/v2\/posts\/3901\/revisions\/9172"}],"wp:featuredmedia":[{"embeddable":true,"href":"https:\/\/www.autojm.fr\/blog\/wp-json\/wp\/v2\/media\/5959"}],"wp:attachment":[{"href":"https:\/\/www.autojm.fr\/blog\/wp-json\/wp\/v2\/media?parent=3901"}],"wp:term":[{"taxonomy":"category","embeddable":true,"href":"https:\/\/www.autojm.fr\/blog\/wp-json\/wp\/v2\/categories?post=3901"},{"taxonomy":"post_tag","embeddable":true,"href":"https:\/\/www.autojm.fr\/blog\/wp-json\/wp\/v2\/tags?post=3901"}],"curies":[{"name":"wp","href":"https:\/\/api.w.org\/{rel}","templated":true}]}}