{"id":3900,"date":"2021-05-17T00:00:00","date_gmt":"2021-05-17T00:00:00","guid":{"rendered":"https:\/\/www.autojm.fr\/blog\/le-concept-car-voiture-du-futur\/"},"modified":"2023-04-19T11:55:42","modified_gmt":"2023-04-19T11:55:42","slug":"le-concept-car-voiture-du-futur","status":"publish","type":"post","link":"https:\/\/www.autojm.fr\/blog\/le-concept-car-voiture-du-futur\/","title":{"rendered":"Le concept-car, voiture du futur ?"},"content":{"rendered":"<p>Le <strong>concept-car<\/strong>, ce v\u00e9hicule d\u00e9di\u00e9 \u00e0 impressionner, surprendre, est d\u00e9sormais un incontournable des rassemblements automobiles. C&rsquo;est la voiture futuriste, un projet qui ne verra pas le jour sur les routes mais dont les constructeurs s&rsquo;inspirent pour les futurs mod\u00e8les. Mais \u00e0 quoi sert-il r\u00e9ellement et comment a-t-il \u00e9volu\u00e9 ?<\/p>\n<h2>Quid du concept-car ?<\/h2>\n<h3>La touche privil\u00e9gi\u00e9e des salons auto<\/h3>\n<p>Le concept-car est donc un incontournable des stands des salons automobiles. Son design original et futuriste attire l&rsquo;\u0153il des visiteurs qui d\u00e9filent ensuite pr\u00e8s des mod\u00e8les commercialis\u00e9s. St\u00e9phane Boutier, directeur Marketing de Mercedes, avait d\u00e9clar\u00e9 \u00ab\u00a0\u00e7a permet principalement de tester des technologies. Et puis, ce sont des cr\u00e9ations des designers pour montrer des directions d&rsquo;\u00e9volution du design automobile\u00a0\u00bb.<\/p>\n<h3>Vitrine des technologies du futur<\/h3>\n<p>En r\u00e9alit\u00e9, ces v\u00e9hicules sont destin\u00e9s \u00e0 d\u00e9finir les diff\u00e9rentes technologies qui devront \u00eatre d\u00e9velopp\u00e9es et permettent de faire un premier pas vers ces technologies : un concept-car \u00e9lectrique est un pas vers le d\u00e9veloppement des motorisations \u00e9lectriques, un concept-car de v\u00e9hicule autonome est un premier pas vers le d\u00e9veloppement de technologies li\u00e9es \u00e0 la conduite autonome\u2026 etc. En ce sens, le directeur Marketing de Mercedes pr\u00e9cise \u00ab\u00a0Au total, ce sont peut-\u00eatre 10 \u00e0 20% des technologies plac\u00e9es dans ce concept-car qui se d\u00e9mocratiseront dans le futur\u00a0\u00bb.<\/p>\n<h3>Des design parfois r\u00e9utilis\u00e9s<\/h3>\n<p>En dehors de l&rsquo;aspect technologies, les concept-cars peuvent inspirer par leur design : <strong><a href=\"https:\/\/www.autojm.fr\/mandataire-voitures-neuves-peugeot?part=blog&amp;utm_source=articleblog170521&amp;utm_medium=blog\">Peugeot<\/a><\/strong> a r\u00e9v\u00e9l\u00e9 r\u00e9cemment le nouveau visage de la <strong><a href=\"https:\/\/www.autojm.fr\/achat-voitures-neuves-peugeot-peugeot-nouvelle-308-2021-5p?part=blog&amp;utm_source=articleblog170521&amp;utm_medium=blog\">Peugeot 308<\/a><\/strong>, sur lequel on reconna\u00eet des airs du concept-car Peugeot Instinct.<\/p>\n<h2>Des ann\u00e9es 1950 \u00e0 aujourd&rsquo;hui<\/h2>\n<p>Le concept-car a toujours eu un look futuriste, correspondant \u00e0 ce que les constructeurs imaginaient comme les voitures de demain. Alors les concept-cars des ann\u00e9es 1950 correspondent-ils \u00e0 des mod\u00e8les d\u00e9j\u00e0 vus sur le march\u00e9 automobile ?<\/p>\n<h3>Les concept-cars des ann\u00e9es 1950<\/h3>\n<p>Avec ses airs de vaisseau spatial donn\u00e9s par la forme arrondie de ce qui sert de pare-brise (et de toit), la voiture <strong>Astra-Gnome<\/strong>, d\u00e9voil\u00e9e en 1956, est d\u00e9crite comme une \u00ab\u00a0voiture du temps et de l&rsquo;espace\u00a0\u00bb. Son design rappelle donc la passion pour les voyages dans l&rsquo;espace qui animait la population \u00e0 cette \u00e9poque, et devait normalement \u00eatre la vitrine des v\u00e9hicules qui seraient cr\u00e9\u00e9s dans les ann\u00e9es 2000&#8230; Visiblement, cette mode esth\u00e9tique n&rsquo;aura pas eu plus que son quart d&rsquo;heure de gloire au rayon des concepts-car de 1950.<\/p>\n<p>Le <strong>Sir Vival<\/strong>, concept-car des ann\u00e9es 1958, avait \u00e9t\u00e9 cr\u00e9\u00e9 dans un but bien pr\u00e9cis : montrer que voiture pouvait rimer avec s\u00e9curit\u00e9. Ce mod\u00e8le sera d&rsquo;ailleurs \u00e0 l&rsquo;origine d&rsquo;\u00e9quipements de s\u00e9curit\u00e9 aujourd&rsquo;hui incontournables comme la ceinture de s\u00e9curit\u00e9 ou les feux de position lat\u00e9raux. Sa carrosserie divis\u00e9e \u00e9tait destin\u00e9e \u00e0 assurer la s\u00e9curit\u00e9 des passagers qui prendraient place dans la partie centrale.<\/p>\n<p>La <strong>Pontiac Strato-Streak<\/strong> \u00e9tait une voiture au look plut\u00f4t classique mais qui faisait preuve de plus d&rsquo;originalit\u00e9 dans son habitacle. La configuration des portes en ouverture du centre vers l&rsquo;ext\u00e9rieur, aujourd&rsquo;hui utilis\u00e9e sur la <strong><a href=\"http:\/\/www.autojm.fr\/mandataire-voitures-neuves-fiat?part=blog&amp;utm_source=articleblog170521&amp;utm_medium=blog\">Fiat<\/a> 500<\/strong> 3+1, \u00e9tait d\u00e9j\u00e0 une premi\u00e8re surprise. Mais la r\u00e9volution ne s&rsquo;arr\u00eate pas la : le concept-car disposait de 4 si\u00e8ges baquets pivotants pour une installation plus facile.<\/p>\n<h2>Les concepts-car d&rsquo;aujourd&rsquo;hui<\/h2>\n<p>Moins de fantaisies sur les concept-cars d&rsquo;aujourd&rsquo;hui, m\u00eame si les design pr\u00e9sent\u00e9s rel\u00e8vent de l&rsquo;originalit\u00e9. Ce qui prime surtout sur les priorit\u00e9s des constructeurs automobiles \u00e0 l&rsquo;heure actuelle, c&rsquo;est les technologies et motorisations, \u00e0 l&rsquo;image du<strong> BMX Vision iNext Concept <\/strong>ci-dessus. Le mod\u00e8le, expos\u00e9 en 2018 \u00e0 Los Angeles, annon\u00e7ait l&rsquo;arriv\u00e9e du SUV BMW iX qui sera commercialis\u00e9 en 2021. Le concept-car annon\u00e7ait des motorisations \u00e9lectriques capables d&rsquo;offrir 700 kilom\u00e8tres d&rsquo;autonomie, et une sellerie arri\u00e8re avec un tissu innovant pouvant r\u00e9agir comme un \u00e9cran tactile pour contr\u00f4ler, par exemple, le volume de la musique.<\/p>\n<p>Ce n&rsquo;est plus une voiture, mais un \u00eatre \u00e0 part enti\u00e8re. La marque Allemande a, pour la r\u00e9alisation de ce concept-car ultra-intelligent, cr\u00e9e un partenariat avec l&rsquo;\u00e9quipe du film Avatar (2009), d&rsquo;o\u00f9 son appellation <strong>Mercedes Vision AVTR<\/strong>. Le moins que l&rsquo;on puisse dire de ce mod\u00e8le, c&rsquo;est qu&rsquo;il est connect\u00e9 au conducteur : le volant offre un syst\u00e8me de reconnaissance biom\u00e9trique qui identifie le conducteur gr\u00e2ce \u00e0 son rythme cardiaque et sa respiration. Une fois le conducteur reconnu, le v\u00e9hicule adapte l&rsquo;environnement, et des menus peuvent \u00eatre projet\u00e9s sur la paume de main simplement en la levant. C\u00f4t\u00e9 design, ses portes transparentes et ses immenses roues int\u00e9grant 7 bandes lumineuses chacune le distinguent de tous les mod\u00e8les existant.<\/p>\n<p>Les<strong> concept-cars<\/strong> ont bien \u00e9volu\u00e9, mais il garde leurs fonctions principales : impressionner, et ouvrir le pas vers de nouvelles technologies. Reste \u00e0 d\u00e9couvrir si les concept-cars actuels seront les voitures de demain&#8230;<\/p>\n","protected":false},"excerpt":{"rendered":"<p>Le concept-car, ce v\u00e9hicule d\u00e9di\u00e9 \u00e0 impressionner, surprendre, est d\u00e9sormais un incontournable des rassemblements automobiles. C&rsquo;est la voiture futuriste, un projet qui ne verra pas le jour sur les routes mais dont les constructeurs s&rsquo;inspirent pour les futurs mod\u00e8les.<\/p>\n","protected":false},"author":1,"featured_media":5958,"comment_status":"open","ping_status":"open","sticky":false,"template":"","format":"standard","meta":{"_acf_changed":false,"content-type":"","footnotes":""},"categories":[5],"tags":[90,79,74,105,110,109,106,108,107,73,78,96],"class_list":["post-3900","post","type-post","status-publish","format-standard","has-post-thumbnail","hentry","category-actualite-automobile","tag-autojm","tag-citroen","tag-dacia","tag-ds","tag-fiat","tag-ford","tag-kia","tag-nissan","tag-opel","tag-peugeot","tag-renault","tag-volkswagen"],"acf":[],"yoast_head":"<!-- This site is optimized with the Yoast SEO plugin v27.5 - https:\/\/yoast.com\/product\/yoast-seo-wordpress\/ -->\n<title>Le concept-car, voiture du futur ? - AutoJM Mag<\/title>\n<meta name=\"description\" content=\"Le concept-car, ce v\u00e9hicule d\u00e9di\u00e9 \u00e0 impressionner, surprendre, est d\u00e9sormais un incontournable des rassemblements automobiles.\" \/>\n<meta name=\"robots\" content=\"index, follow, max-snippet:-1, max-image-preview:large, max-video-preview:-1\" \/>\n<link rel=\"canonical\" href=\"https:\/\/www.autojm.fr\/blog\/le-concept-car-voiture-du-futur\/\" \/>\n<meta property=\"og:locale\" content=\"fr_FR\" \/>\n<meta property=\"og:type\" content=\"article\" \/>\n<meta property=\"og:title\" content=\"Le concept-car, voiture du futur ? - AutoJM Mag\" \/>\n<meta property=\"og:description\" content=\"Le concept-car, ce v\u00e9hicule d\u00e9di\u00e9 \u00e0 impressionner, surprendre, est d\u00e9sormais un incontournable des rassemblements automobiles.\" \/>\n<meta property=\"og:url\" content=\"https:\/\/www.autojm.fr\/blog\/le-concept-car-voiture-du-futur\/\" \/>\n<meta property=\"og:site_name\" content=\"AutoJM Mag\" \/>\n<meta property=\"article:publisher\" content=\"https:\/\/www.facebook.com\/AutoJM25\" \/>\n<meta property=\"article:published_time\" content=\"2021-05-17T00:00:00+00:00\" \/>\n<meta property=\"article:modified_time\" content=\"2023-04-19T11:55:42+00:00\" \/>\n<meta property=\"og:image\" content=\"https:\/\/www.autojm.fr\/blog\/wp-content\/uploads\/2022\/10\/630-scaled.jpg\" \/>\n\t<meta property=\"og:image:width\" content=\"2560\" \/>\n\t<meta property=\"og:image:height\" content=\"1160\" \/>\n\t<meta property=\"og:image:type\" content=\"image\/jpeg\" \/>\n<meta name=\"author\" content=\"Autojm\" \/>\n<meta name=\"twitter:card\" content=\"summary_large_image\" \/>\n<meta name=\"twitter:label1\" content=\"\u00c9crit par\" \/>\n\t<meta name=\"twitter:data1\" content=\"Autojm\" \/>\n\t<meta name=\"twitter:label2\" content=\"Dur\u00e9e de lecture estim\u00e9e\" \/>\n\t<meta name=\"twitter:data2\" content=\"5 minutes\" \/>\n<script type=\"application\/ld+json\" class=\"yoast-schema-graph\">{\"@context\":\"https:\\\/\\\/schema.org\",\"@graph\":[{\"@type\":\"Article\",\"@id\":\"https:\\\/\\\/www.autojm.fr\\\/blog\\\/le-concept-car-voiture-du-futur\\\/#article\",\"isPartOf\":{\"@id\":\"https:\\\/\\\/www.autojm.fr\\\/blog\\\/le-concept-car-voiture-du-futur\\\/\"},\"author\":{\"name\":\"Autojm\",\"@id\":\"https:\\\/\\\/www.autojm.fr\\\/blog\\\/#\\\/schema\\\/person\\\/9742bc77541853e0de81fc57f947e1a0\"},\"headline\":\"Le concept-car, voiture du futur ?\",\"datePublished\":\"2021-05-17T00:00:00+00:00\",\"dateModified\":\"2023-04-19T11:55:42+00:00\",\"mainEntityOfPage\":{\"@id\":\"https:\\\/\\\/www.autojm.fr\\\/blog\\\/le-concept-car-voiture-du-futur\\\/\"},\"wordCount\":814,\"commentCount\":0,\"publisher\":{\"@id\":\"https:\\\/\\\/www.autojm.fr\\\/blog\\\/#organization\"},\"image\":{\"@id\":\"https:\\\/\\\/www.autojm.fr\\\/blog\\\/le-concept-car-voiture-du-futur\\\/#primaryimage\"},\"thumbnailUrl\":\"https:\\\/\\\/www.autojm.fr\\\/blog\\\/wp-content\\\/uploads\\\/2022\\\/10\\\/630-scaled.jpg\",\"keywords\":[\"autojm\",\"citroen\",\"dacia\",\"DS\",\"Fiat\",\"Ford\",\"Kia\",\"Nissan\",\"Opel\",\"peugeot\",\"renault\",\"Volkswagen\"],\"articleSection\":[\"Actualit\u00e9 Automobile\"],\"inLanguage\":\"fr-FR\",\"potentialAction\":[{\"@type\":\"CommentAction\",\"name\":\"Comment\",\"target\":[\"https:\\\/\\\/www.autojm.fr\\\/blog\\\/le-concept-car-voiture-du-futur\\\/#respond\"]}]},{\"@type\":\"WebPage\",\"@id\":\"https:\\\/\\\/www.autojm.fr\\\/blog\\\/le-concept-car-voiture-du-futur\\\/\",\"url\":\"https:\\\/\\\/www.autojm.fr\\\/blog\\\/le-concept-car-voiture-du-futur\\\/\",\"name\":\"Le concept-car, voiture du futur ? - AutoJM Mag\",\"isPartOf\":{\"@id\":\"https:\\\/\\\/www.autojm.fr\\\/blog\\\/#website\"},\"primaryImageOfPage\":{\"@id\":\"https:\\\/\\\/www.autojm.fr\\\/blog\\\/le-concept-car-voiture-du-futur\\\/#primaryimage\"},\"image\":{\"@id\":\"https:\\\/\\\/www.autojm.fr\\\/blog\\\/le-concept-car-voiture-du-futur\\\/#primaryimage\"},\"thumbnailUrl\":\"https:\\\/\\\/www.autojm.fr\\\/blog\\\/wp-content\\\/uploads\\\/2022\\\/10\\\/630-scaled.jpg\",\"datePublished\":\"2021-05-17T00:00:00+00:00\",\"dateModified\":\"2023-04-19T11:55:42+00:00\",\"description\":\"Le concept-car, ce v\u00e9hicule d\u00e9di\u00e9 \u00e0 impressionner, surprendre, est d\u00e9sormais un incontournable des rassemblements automobiles.\",\"breadcrumb\":{\"@id\":\"https:\\\/\\\/www.autojm.fr\\\/blog\\\/le-concept-car-voiture-du-futur\\\/#breadcrumb\"},\"inLanguage\":\"fr-FR\",\"potentialAction\":[{\"@type\":\"ReadAction\",\"target\":[\"https:\\\/\\\/www.autojm.fr\\\/blog\\\/le-concept-car-voiture-du-futur\\\/\"]}]},{\"@type\":\"ImageObject\",\"inLanguage\":\"fr-FR\",\"@id\":\"https:\\\/\\\/www.autojm.fr\\\/blog\\\/le-concept-car-voiture-du-futur\\\/#primaryimage\",\"url\":\"https:\\\/\\\/www.autojm.fr\\\/blog\\\/wp-content\\\/uploads\\\/2022\\\/10\\\/630-scaled.jpg\",\"contentUrl\":\"https:\\\/\\\/www.autojm.fr\\\/blog\\\/wp-content\\\/uploads\\\/2022\\\/10\\\/630-scaled.jpg\",\"width\":2560,\"height\":1160,\"caption\":\"Concept-car\"},{\"@type\":\"BreadcrumbList\",\"@id\":\"https:\\\/\\\/www.autojm.fr\\\/blog\\\/le-concept-car-voiture-du-futur\\\/#breadcrumb\",\"itemListElement\":[{\"@type\":\"ListItem\",\"position\":1,\"name\":\"Accueil\",\"item\":\"https:\\\/\\\/www.autojm.fr\\\/blog\\\/\"},{\"@type\":\"ListItem\",\"position\":2,\"name\":\"Actualit\u00e9 Automobile\",\"item\":\"https:\\\/\\\/www.autojm.fr\\\/blog\\\/actualite-automobile\\\/\"},{\"@type\":\"ListItem\",\"position\":3,\"name\":\"Le concept-car, voiture du futur ?\"}]},{\"@type\":\"WebSite\",\"@id\":\"https:\\\/\\\/www.autojm.fr\\\/blog\\\/#website\",\"url\":\"https:\\\/\\\/www.autojm.fr\\\/blog\\\/\",\"name\":\"AutoJM Mag\",\"description\":\"Toute l&#039;actu auto en 1 clic !\",\"publisher\":{\"@id\":\"https:\\\/\\\/www.autojm.fr\\\/blog\\\/#organization\"},\"potentialAction\":[{\"@type\":\"SearchAction\",\"target\":{\"@type\":\"EntryPoint\",\"urlTemplate\":\"https:\\\/\\\/www.autojm.fr\\\/blog\\\/?s={search_term_string}\"},\"query-input\":{\"@type\":\"PropertyValueSpecification\",\"valueRequired\":true,\"valueName\":\"search_term_string\"}}],\"inLanguage\":\"fr-FR\"},{\"@type\":\"Organization\",\"@id\":\"https:\\\/\\\/www.autojm.fr\\\/blog\\\/#organization\",\"name\":\"AutoJM Mag\",\"url\":\"https:\\\/\\\/www.autojm.fr\\\/blog\\\/\",\"logo\":{\"@type\":\"ImageObject\",\"inLanguage\":\"fr-FR\",\"@id\":\"https:\\\/\\\/www.autojm.fr\\\/blog\\\/#\\\/schema\\\/logo\\\/image\\\/\",\"url\":\"https:\\\/\\\/www.autojm.fr\\\/blog\\\/wp-content\\\/uploads\\\/2022\\\/12\\\/cropped-AutoJMag-png.png\",\"contentUrl\":\"https:\\\/\\\/www.autojm.fr\\\/blog\\\/wp-content\\\/uploads\\\/2022\\\/12\\\/cropped-AutoJMag-png.png\",\"width\":2834,\"height\":585,\"caption\":\"AutoJM Mag\"},\"image\":{\"@id\":\"https:\\\/\\\/www.autojm.fr\\\/blog\\\/#\\\/schema\\\/logo\\\/image\\\/\"},\"sameAs\":[\"https:\\\/\\\/www.facebook.com\\\/AutoJM25\"]},{\"@type\":\"Person\",\"@id\":\"https:\\\/\\\/www.autojm.fr\\\/blog\\\/#\\\/schema\\\/person\\\/9742bc77541853e0de81fc57f947e1a0\",\"name\":\"Autojm\",\"image\":{\"@type\":\"ImageObject\",\"inLanguage\":\"fr-FR\",\"@id\":\"https:\\\/\\\/secure.gravatar.com\\\/avatar\\\/9a959d52b758fcc232fe4b6aca7bab139182573297122cce7d6f2ee0e537b418?s=96&d=mm&r=g\",\"url\":\"https:\\\/\\\/secure.gravatar.com\\\/avatar\\\/9a959d52b758fcc232fe4b6aca7bab139182573297122cce7d6f2ee0e537b418?s=96&d=mm&r=g\",\"contentUrl\":\"https:\\\/\\\/secure.gravatar.com\\\/avatar\\\/9a959d52b758fcc232fe4b6aca7bab139182573297122cce7d6f2ee0e537b418?s=96&d=mm&r=g\",\"caption\":\"Autojm\"},\"sameAs\":[\"https:\\\/\\\/www.autojm.fr\\\/blog\"],\"url\":\"https:\\\/\\\/www.autojm.fr\\\/blog\\\/author\\\/bichoi\\\/\"}]}<\/script>\n<!-- \/ Yoast SEO plugin. -->","yoast_head_json":{"title":"Le concept-car, voiture du futur ? - AutoJM Mag","description":"Le concept-car, ce v\u00e9hicule d\u00e9di\u00e9 \u00e0 impressionner, surprendre, est d\u00e9sormais un incontournable des rassemblements automobiles.","robots":{"index":"index","follow":"follow","max-snippet":"max-snippet:-1","max-image-preview":"max-image-preview:large","max-video-preview":"max-video-preview:-1"},"canonical":"https:\/\/www.autojm.fr\/blog\/le-concept-car-voiture-du-futur\/","og_locale":"fr_FR","og_type":"article","og_title":"Le concept-car, voiture du futur ? - AutoJM Mag","og_description":"Le concept-car, ce v\u00e9hicule d\u00e9di\u00e9 \u00e0 impressionner, surprendre, est d\u00e9sormais un incontournable des rassemblements automobiles.","og_url":"https:\/\/www.autojm.fr\/blog\/le-concept-car-voiture-du-futur\/","og_site_name":"AutoJM Mag","article_publisher":"https:\/\/www.facebook.com\/AutoJM25","article_published_time":"2021-05-17T00:00:00+00:00","article_modified_time":"2023-04-19T11:55:42+00:00","og_image":[{"width":2560,"height":1160,"url":"https:\/\/www.autojm.fr\/blog\/wp-content\/uploads\/2022\/10\/630-scaled.jpg","type":"image\/jpeg"}],"author":"Autojm","twitter_card":"summary_large_image","twitter_misc":{"\u00c9crit par":"Autojm","Dur\u00e9e de lecture estim\u00e9e":"5 minutes"},"schema":{"@context":"https:\/\/schema.org","@graph":[{"@type":"Article","@id":"https:\/\/www.autojm.fr\/blog\/le-concept-car-voiture-du-futur\/#article","isPartOf":{"@id":"https:\/\/www.autojm.fr\/blog\/le-concept-car-voiture-du-futur\/"},"author":{"name":"Autojm","@id":"https:\/\/www.autojm.fr\/blog\/#\/schema\/person\/9742bc77541853e0de81fc57f947e1a0"},"headline":"Le concept-car, voiture du futur ?","datePublished":"2021-05-17T00:00:00+00:00","dateModified":"2023-04-19T11:55:42+00:00","mainEntityOfPage":{"@id":"https:\/\/www.autojm.fr\/blog\/le-concept-car-voiture-du-futur\/"},"wordCount":814,"commentCount":0,"publisher":{"@id":"https:\/\/www.autojm.fr\/blog\/#organization"},"image":{"@id":"https:\/\/www.autojm.fr\/blog\/le-concept-car-voiture-du-futur\/#primaryimage"},"thumbnailUrl":"https:\/\/www.autojm.fr\/blog\/wp-content\/uploads\/2022\/10\/630-scaled.jpg","keywords":["autojm","citroen","dacia","DS","Fiat","Ford","Kia","Nissan","Opel","peugeot","renault","Volkswagen"],"articleSection":["Actualit\u00e9 Automobile"],"inLanguage":"fr-FR","potentialAction":[{"@type":"CommentAction","name":"Comment","target":["https:\/\/www.autojm.fr\/blog\/le-concept-car-voiture-du-futur\/#respond"]}]},{"@type":"WebPage","@id":"https:\/\/www.autojm.fr\/blog\/le-concept-car-voiture-du-futur\/","url":"https:\/\/www.autojm.fr\/blog\/le-concept-car-voiture-du-futur\/","name":"Le concept-car, voiture du futur ? - AutoJM Mag","isPartOf":{"@id":"https:\/\/www.autojm.fr\/blog\/#website"},"primaryImageOfPage":{"@id":"https:\/\/www.autojm.fr\/blog\/le-concept-car-voiture-du-futur\/#primaryimage"},"image":{"@id":"https:\/\/www.autojm.fr\/blog\/le-concept-car-voiture-du-futur\/#primaryimage"},"thumbnailUrl":"https:\/\/www.autojm.fr\/blog\/wp-content\/uploads\/2022\/10\/630-scaled.jpg","datePublished":"2021-05-17T00:00:00+00:00","dateModified":"2023-04-19T11:55:42+00:00","description":"Le concept-car, ce v\u00e9hicule d\u00e9di\u00e9 \u00e0 impressionner, surprendre, est d\u00e9sormais un incontournable des rassemblements automobiles.","breadcrumb":{"@id":"https:\/\/www.autojm.fr\/blog\/le-concept-car-voiture-du-futur\/#breadcrumb"},"inLanguage":"fr-FR","potentialAction":[{"@type":"ReadAction","target":["https:\/\/www.autojm.fr\/blog\/le-concept-car-voiture-du-futur\/"]}]},{"@type":"ImageObject","inLanguage":"fr-FR","@id":"https:\/\/www.autojm.fr\/blog\/le-concept-car-voiture-du-futur\/#primaryimage","url":"https:\/\/www.autojm.fr\/blog\/wp-content\/uploads\/2022\/10\/630-scaled.jpg","contentUrl":"https:\/\/www.autojm.fr\/blog\/wp-content\/uploads\/2022\/10\/630-scaled.jpg","width":2560,"height":1160,"caption":"Concept-car"},{"@type":"BreadcrumbList","@id":"https:\/\/www.autojm.fr\/blog\/le-concept-car-voiture-du-futur\/#breadcrumb","itemListElement":[{"@type":"ListItem","position":1,"name":"Accueil","item":"https:\/\/www.autojm.fr\/blog\/"},{"@type":"ListItem","position":2,"name":"Actualit\u00e9 Automobile","item":"https:\/\/www.autojm.fr\/blog\/actualite-automobile\/"},{"@type":"ListItem","position":3,"name":"Le concept-car, voiture du futur ?"}]},{"@type":"WebSite","@id":"https:\/\/www.autojm.fr\/blog\/#website","url":"https:\/\/www.autojm.fr\/blog\/","name":"AutoJM Mag","description":"Toute l&#039;actu auto en 1 clic !","publisher":{"@id":"https:\/\/www.autojm.fr\/blog\/#organization"},"potentialAction":[{"@type":"SearchAction","target":{"@type":"EntryPoint","urlTemplate":"https:\/\/www.autojm.fr\/blog\/?s={search_term_string}"},"query-input":{"@type":"PropertyValueSpecification","valueRequired":true,"valueName":"search_term_string"}}],"inLanguage":"fr-FR"},{"@type":"Organization","@id":"https:\/\/www.autojm.fr\/blog\/#organization","name":"AutoJM Mag","url":"https:\/\/www.autojm.fr\/blog\/","logo":{"@type":"ImageObject","inLanguage":"fr-FR","@id":"https:\/\/www.autojm.fr\/blog\/#\/schema\/logo\/image\/","url":"https:\/\/www.autojm.fr\/blog\/wp-content\/uploads\/2022\/12\/cropped-AutoJMag-png.png","contentUrl":"https:\/\/www.autojm.fr\/blog\/wp-content\/uploads\/2022\/12\/cropped-AutoJMag-png.png","width":2834,"height":585,"caption":"AutoJM Mag"},"image":{"@id":"https:\/\/www.autojm.fr\/blog\/#\/schema\/logo\/image\/"},"sameAs":["https:\/\/www.facebook.com\/AutoJM25"]},{"@type":"Person","@id":"https:\/\/www.autojm.fr\/blog\/#\/schema\/person\/9742bc77541853e0de81fc57f947e1a0","name":"Autojm","image":{"@type":"ImageObject","inLanguage":"fr-FR","@id":"https:\/\/secure.gravatar.com\/avatar\/9a959d52b758fcc232fe4b6aca7bab139182573297122cce7d6f2ee0e537b418?s=96&d=mm&r=g","url":"https:\/\/secure.gravatar.com\/avatar\/9a959d52b758fcc232fe4b6aca7bab139182573297122cce7d6f2ee0e537b418?s=96&d=mm&r=g","contentUrl":"https:\/\/secure.gravatar.com\/avatar\/9a959d52b758fcc232fe4b6aca7bab139182573297122cce7d6f2ee0e537b418?s=96&d=mm&r=g","caption":"Autojm"},"sameAs":["https:\/\/www.autojm.fr\/blog"],"url":"https:\/\/www.autojm.fr\/blog\/author\/bichoi\/"}]}},"_links":{"self":[{"href":"https:\/\/www.autojm.fr\/blog\/wp-json\/wp\/v2\/posts\/3900","targetHints":{"allow":["GET"]}}],"collection":[{"href":"https:\/\/www.autojm.fr\/blog\/wp-json\/wp\/v2\/posts"}],"about":[{"href":"https:\/\/www.autojm.fr\/blog\/wp-json\/wp\/v2\/types\/post"}],"author":[{"embeddable":true,"href":"https:\/\/www.autojm.fr\/blog\/wp-json\/wp\/v2\/users\/1"}],"replies":[{"embeddable":true,"href":"https:\/\/www.autojm.fr\/blog\/wp-json\/wp\/v2\/comments?post=3900"}],"version-history":[{"count":6,"href":"https:\/\/www.autojm.fr\/blog\/wp-json\/wp\/v2\/posts\/3900\/revisions"}],"predecessor-version":[{"id":9517,"href":"https:\/\/www.autojm.fr\/blog\/wp-json\/wp\/v2\/posts\/3900\/revisions\/9517"}],"wp:featuredmedia":[{"embeddable":true,"href":"https:\/\/www.autojm.fr\/blog\/wp-json\/wp\/v2\/media\/5958"}],"wp:attachment":[{"href":"https:\/\/www.autojm.fr\/blog\/wp-json\/wp\/v2\/media?parent=3900"}],"wp:term":[{"taxonomy":"category","embeddable":true,"href":"https:\/\/www.autojm.fr\/blog\/wp-json\/wp\/v2\/categories?post=3900"},{"taxonomy":"post_tag","embeddable":true,"href":"https:\/\/www.autojm.fr\/blog\/wp-json\/wp\/v2\/tags?post=3900"}],"curies":[{"name":"wp","href":"https:\/\/api.w.org\/{rel}","templated":true}]}}