{"id":3898,"date":"2021-05-07T00:00:00","date_gmt":"2021-05-07T00:00:00","guid":{"rendered":"https:\/\/www.autojm.fr\/blog\/immatriculations-automobiles-un-mois-davril-dans-le-rouge\/"},"modified":"2023-04-19T11:56:16","modified_gmt":"2023-04-19T11:56:16","slug":"immatriculations-automobiles-un-mois-davril-dans-le-rouge","status":"publish","type":"post","link":"https:\/\/www.autojm.fr\/blog\/immatriculations-automobiles-un-mois-davril-dans-le-rouge\/","title":{"rendered":"Immatriculations automobiles : un mois d&rsquo;avril dans le rouge"},"content":{"rendered":"<p>Le mois de mars avait enregistr\u00e9 une hausse de 191,7%, un chiffre impressionnant expliqu\u00e9 par un comparatif avec le mois de mars 2020 o\u00f9 le confinement avait d\u00e9but\u00e9 et entra\u00een\u00e9 la fermeture des points de vente et usines automobiles. Le mois d&rsquo;avril 2020 avait enregistr\u00e9 seulement 20 997 immatriculations, un triste record expliqu\u00e9 par un arr\u00eat quasi total des activit\u00e9s automobiles. Ce mois d&rsquo;avril 2021 est donc compar\u00e9 avec l&rsquo;ann\u00e9e 2019, et la tendance \u00e0 la baisse se confirme\u2026<\/p>\n<h2>Etat g\u00e9n\u00e9ral des immatriculations automobiles en avril 2021<\/h2>\n<p>Au mois d&rsquo;avril 2019, 188 197 v\u00e9hicules neufs avaient \u00e9t\u00e9 immatricul\u00e9s, contre 140 426 pour ce mois d&rsquo;avril 2021. La crise sanitaire continue de se faire ressentir sur le secteur automobile. Dans le d\u00e9tail, le march\u00e9 automobile est marqu\u00e9 par plusieurs faits :<\/p>\n<p>&#8211; La <strong><a href=\"https:\/\/www.autojm.fr\/location-avec-option-achat?part=blog&amp;utm_source=articleblog070521&amp;utm_medium=blog\">LOA<\/a><\/strong> (Location avec Option d&rsquo;Achat) et la LLD (Location Longue Dur\u00e9e) continuent de s\u00e9duire les fran\u00e7ais, avec +10% pour ce mois d&rsquo;avril 2021 par rapport \u00e0 avril 2019.<br \/>\n&#8211; 39,9% des v\u00e9hicules vendus ce mois d&rsquo;avril 2021 sont destin\u00e9s aux particuliers.<br \/>\n&#8211; 70 871<strong><a href=\"http:\/\/www.autojm.fr\/recherche?part=blog&amp;utm_source=articleblog070521&amp;utm_medium=blog\"> v\u00e9hicules l\u00e9gers<\/a><\/strong> ont \u00e9t\u00e9 immatricul\u00e9s.<\/p>\n<p><iframe loading=\"lazy\" title=\"YouTube video player\" src=\"https:\/\/www.youtube.com\/embed\/8Htf2V_aP6k\" width=\"100%\" height=\"315\" allowfullscreen=\"allowfullscreen\"><\/iframe><\/p>\n<h2>Quid des constructeurs automobiles ?<\/h2>\n<p>C&rsquo;est Peugeot qui se met en t\u00eate des ventes pour cette ann\u00e9e 2021, aid\u00e9 par le succ\u00e8s de la citadine <strong><a href=\"https:\/\/www.autojm.fr\/achat-voitures-neuves-peugeot-208-2019-5p?part=blog&amp;utm_source=articleblog070521&amp;utm_medium=blog\">Peugeot 208<\/a><\/strong> qui s&rsquo;impose comme le mod\u00e8le le plus vendu en France pour ces 4 premiers mois avec 33 370 exemplaires, contre 29 037 pour la Renault Clio 5, sa principale concurrente. Le Peugeot 2008 apporte aussi beaucoup \u00e0 la marque avec ses 27 269 ventes pour les 4 premiers mois, et la premi\u00e8re place des SUV les plus vendus pour cette ann\u00e9e 2021 jusqu&rsquo;\u00e0 maintenant. Malgr\u00e9 tout, la marque subit quand m\u00eame les cons\u00e9quences de la crise actuelle et perd 23,4% d&rsquo;immatriculations en avril 2021 (par rapport \u00e0 avril 2019).<\/p>\n<p>Renault enregistre une plus forte baisse avec -30,7% d&rsquo;immatriculations en avril 2021 (par rapport \u00e0 avril 2019). Pour autant, c&rsquo;est la <strong><a href=\"https:\/\/www.autojm.fr\/achat-voitures-neuves-renault-clio-5-5p?part=blog&amp;utm_source=articleblog070521&amp;utm_medium=blog\">Renault Clio 5<\/a><\/strong> qui occupe la place de mod\u00e8le le plus vendu pour ce mois d&rsquo;avril 2021 avec 7801 exemplaires. Le Renault Captur affiche un score de 4008 ventes, loin derri\u00e8re les 6545 Peugeot 2008 vendus le mois dernier.<\/p>\n<p>Citro\u00ebn voit ses immatriculations baisser de -35,4% au mois d&rsquo;avril 2021, avec 5470 ventes pour la <strong><a href=\"https:\/\/www.autojm.fr\/achat-voitures-neuves-citroen-nouvelle-c3-2020-5p?part=blog&amp;utm_source=articleblog050521&amp;utm_medium=blog\">Citro\u00ebn C3<\/a><\/strong> et 2319 ventes pour le SUV Citro\u00ebn C3 Aircross.<\/p>\n<p>La tendance est donc principalement \u00e0 la baisse pour ce mois d&rsquo;avril 2020 (Volkswagen avec -24,3%, Opel avec -41,6%&#8230;) sauf pour Hyundai et Skoda qui ont r\u00e9ussi \u00e0 augmenter leurs immatriculations de 19,8% et 2,9%.<\/p>\n<h2>Les v\u00e9hicules propres gagnent du terrain<\/h2>\n<p>L&rsquo;avenir appartient aux motorisations \u00e9cologiques, favoris\u00e9es par des aides financi\u00e8res et qui se d\u00e9veloppent mois apr\u00e8s mois. De plus en plus de mod\u00e8les hybrides et \u00e9lectriques font leur arriv\u00e9e sur le march\u00e9, et leur part de march\u00e9 augmente : pour ce mois d&rsquo;avril 2021, les <strong>hybrides non rechargeables<\/strong> repr\u00e9sentent 15,6% de v\u00e9hicules immatricul\u00e9s, les <strong>hybrides rechargeables<\/strong> 7,9% et les <strong>v\u00e9hicules \u00e9lectriques<\/strong> 6,8%.<\/p>\n<p><iframe loading=\"lazy\" title=\"YouTube video player\" src=\"https:\/\/www.youtube.com\/embed\/lAGZAbS73Ko\" width=\"100%\" height=\"315\" allowfullscreen=\"allowfullscreen\"><\/iframe><\/p>\n<p>Depuis janvier, les v\u00e9hicules hybrides sont de plus en plus pl\u00e9biscit\u00e9s et repr\u00e9sentent 24% des immatriculations de ces 4 premiers mois, presque \u00e0 \u00e9galit\u00e9 avec les mod\u00e8les diesel.<\/p>\n","protected":false},"excerpt":{"rendered":"<p>Le mois de mars avait enregistr\u00e9 une hausse de 191,7%, un chiffre impressionnant expliqu\u00e9 par un comparatif avec le mois de mars 2020 o\u00f9 le confinement avait d\u00e9but\u00e9 et entra\u00een\u00e9 la fermeture des points de vente et usines automobiles.<\/p>\n","protected":false},"author":1,"featured_media":5956,"comment_status":"open","ping_status":"open","sticky":false,"template":"","format":"standard","meta":{"_acf_changed":false,"content-type":"","footnotes":""},"categories":[5],"tags":[90,85,74,105,110,109,106,108,107,73,78,96],"class_list":["post-3898","post","type-post","status-publish","format-standard","has-post-thumbnail","hentry","category-actualite-automobile","tag-autojm","tag-citroen-2","tag-dacia","tag-ds","tag-fiat","tag-ford","tag-kia","tag-nissan","tag-opel","tag-peugeot","tag-renault","tag-volkswagen"],"acf":[],"yoast_head":"<!-- This site is optimized with the Yoast SEO plugin v27.5 - https:\/\/yoast.com\/product\/yoast-seo-wordpress\/ -->\n<title>Immatriculations automobiles : un mois d&#039;avril dans le rouge<\/title>\n<meta name=\"description\" content=\"Le mois de mars avait enregistr\u00e9 une hausse de 191,7%, un chiffre impressionnant expliqu\u00e9 par un comparatif avec le mois de mars 2020...\" \/>\n<meta name=\"robots\" content=\"index, follow, max-snippet:-1, max-image-preview:large, max-video-preview:-1\" \/>\n<link rel=\"canonical\" href=\"https:\/\/www.autojm.fr\/blog\/immatriculations-automobiles-un-mois-davril-dans-le-rouge\/\" \/>\n<meta property=\"og:locale\" content=\"fr_FR\" \/>\n<meta property=\"og:type\" content=\"article\" \/>\n<meta property=\"og:title\" content=\"Immatriculations automobiles : un mois d&#039;avril dans le rouge\" \/>\n<meta property=\"og:description\" content=\"Le mois de mars avait enregistr\u00e9 une hausse de 191,7%, un chiffre impressionnant expliqu\u00e9 par un comparatif avec le mois de mars 2020...\" \/>\n<meta property=\"og:url\" content=\"https:\/\/www.autojm.fr\/blog\/immatriculations-automobiles-un-mois-davril-dans-le-rouge\/\" \/>\n<meta property=\"og:site_name\" content=\"AutoJM Mag\" \/>\n<meta property=\"article:publisher\" content=\"https:\/\/www.facebook.com\/AutoJM25\" \/>\n<meta property=\"article:published_time\" content=\"2021-05-07T00:00:00+00:00\" \/>\n<meta property=\"article:modified_time\" content=\"2023-04-19T11:56:16+00:00\" \/>\n<meta property=\"og:image\" content=\"https:\/\/www.autojm.fr\/blog\/wp-content\/uploads\/2022\/10\/628-scaled.jpg\" \/>\n\t<meta property=\"og:image:width\" content=\"2560\" \/>\n\t<meta property=\"og:image:height\" content=\"1160\" \/>\n\t<meta property=\"og:image:type\" content=\"image\/jpeg\" \/>\n<meta name=\"author\" content=\"Autojm\" \/>\n<meta name=\"twitter:card\" content=\"summary_large_image\" \/>\n<meta name=\"twitter:label1\" content=\"\u00c9crit par\" \/>\n\t<meta name=\"twitter:data1\" content=\"Autojm\" \/>\n\t<meta name=\"twitter:label2\" content=\"Dur\u00e9e de lecture estim\u00e9e\" \/>\n\t<meta name=\"twitter:data2\" content=\"3 minutes\" \/>\n<script type=\"application\/ld+json\" class=\"yoast-schema-graph\">{\"@context\":\"https:\\\/\\\/schema.org\",\"@graph\":[{\"@type\":\"Article\",\"@id\":\"https:\\\/\\\/www.autojm.fr\\\/blog\\\/immatriculations-automobiles-un-mois-davril-dans-le-rouge\\\/#article\",\"isPartOf\":{\"@id\":\"https:\\\/\\\/www.autojm.fr\\\/blog\\\/immatriculations-automobiles-un-mois-davril-dans-le-rouge\\\/\"},\"author\":{\"name\":\"Autojm\",\"@id\":\"https:\\\/\\\/www.autojm.fr\\\/blog\\\/#\\\/schema\\\/person\\\/9742bc77541853e0de81fc57f947e1a0\"},\"headline\":\"Immatriculations automobiles : un mois d&rsquo;avril dans le rouge\",\"datePublished\":\"2021-05-07T00:00:00+00:00\",\"dateModified\":\"2023-04-19T11:56:16+00:00\",\"mainEntityOfPage\":{\"@id\":\"https:\\\/\\\/www.autojm.fr\\\/blog\\\/immatriculations-automobiles-un-mois-davril-dans-le-rouge\\\/\"},\"wordCount\":503,\"commentCount\":0,\"publisher\":{\"@id\":\"https:\\\/\\\/www.autojm.fr\\\/blog\\\/#organization\"},\"image\":{\"@id\":\"https:\\\/\\\/www.autojm.fr\\\/blog\\\/immatriculations-automobiles-un-mois-davril-dans-le-rouge\\\/#primaryimage\"},\"thumbnailUrl\":\"https:\\\/\\\/www.autojm.fr\\\/blog\\\/wp-content\\\/uploads\\\/2022\\\/10\\\/628-scaled.jpg\",\"keywords\":[\"autojm\",\"Citro\u00ebn\",\"dacia\",\"DS\",\"Fiat\",\"Ford\",\"Kia\",\"Nissan\",\"Opel\",\"peugeot\",\"renault\",\"Volkswagen\"],\"articleSection\":[\"Actualit\u00e9 Automobile\"],\"inLanguage\":\"fr-FR\",\"potentialAction\":[{\"@type\":\"CommentAction\",\"name\":\"Comment\",\"target\":[\"https:\\\/\\\/www.autojm.fr\\\/blog\\\/immatriculations-automobiles-un-mois-davril-dans-le-rouge\\\/#respond\"]}]},{\"@type\":\"WebPage\",\"@id\":\"https:\\\/\\\/www.autojm.fr\\\/blog\\\/immatriculations-automobiles-un-mois-davril-dans-le-rouge\\\/\",\"url\":\"https:\\\/\\\/www.autojm.fr\\\/blog\\\/immatriculations-automobiles-un-mois-davril-dans-le-rouge\\\/\",\"name\":\"Immatriculations automobiles : un mois d'avril dans le rouge\",\"isPartOf\":{\"@id\":\"https:\\\/\\\/www.autojm.fr\\\/blog\\\/#website\"},\"primaryImageOfPage\":{\"@id\":\"https:\\\/\\\/www.autojm.fr\\\/blog\\\/immatriculations-automobiles-un-mois-davril-dans-le-rouge\\\/#primaryimage\"},\"image\":{\"@id\":\"https:\\\/\\\/www.autojm.fr\\\/blog\\\/immatriculations-automobiles-un-mois-davril-dans-le-rouge\\\/#primaryimage\"},\"thumbnailUrl\":\"https:\\\/\\\/www.autojm.fr\\\/blog\\\/wp-content\\\/uploads\\\/2022\\\/10\\\/628-scaled.jpg\",\"datePublished\":\"2021-05-07T00:00:00+00:00\",\"dateModified\":\"2023-04-19T11:56:16+00:00\",\"description\":\"Le mois de mars avait enregistr\u00e9 une hausse de 191,7%, un chiffre impressionnant expliqu\u00e9 par un comparatif avec le mois de mars 2020...\",\"breadcrumb\":{\"@id\":\"https:\\\/\\\/www.autojm.fr\\\/blog\\\/immatriculations-automobiles-un-mois-davril-dans-le-rouge\\\/#breadcrumb\"},\"inLanguage\":\"fr-FR\",\"potentialAction\":[{\"@type\":\"ReadAction\",\"target\":[\"https:\\\/\\\/www.autojm.fr\\\/blog\\\/immatriculations-automobiles-un-mois-davril-dans-le-rouge\\\/\"]}]},{\"@type\":\"ImageObject\",\"inLanguage\":\"fr-FR\",\"@id\":\"https:\\\/\\\/www.autojm.fr\\\/blog\\\/immatriculations-automobiles-un-mois-davril-dans-le-rouge\\\/#primaryimage\",\"url\":\"https:\\\/\\\/www.autojm.fr\\\/blog\\\/wp-content\\\/uploads\\\/2022\\\/10\\\/628-scaled.jpg\",\"contentUrl\":\"https:\\\/\\\/www.autojm.fr\\\/blog\\\/wp-content\\\/uploads\\\/2022\\\/10\\\/628-scaled.jpg\",\"width\":2560,\"height\":1160,\"caption\":\"Immatriculations\"},{\"@type\":\"BreadcrumbList\",\"@id\":\"https:\\\/\\\/www.autojm.fr\\\/blog\\\/immatriculations-automobiles-un-mois-davril-dans-le-rouge\\\/#breadcrumb\",\"itemListElement\":[{\"@type\":\"ListItem\",\"position\":1,\"name\":\"Accueil\",\"item\":\"https:\\\/\\\/www.autojm.fr\\\/blog\\\/\"},{\"@type\":\"ListItem\",\"position\":2,\"name\":\"Actualit\u00e9 Automobile\",\"item\":\"https:\\\/\\\/www.autojm.fr\\\/blog\\\/actualite-automobile\\\/\"},{\"@type\":\"ListItem\",\"position\":3,\"name\":\"Immatriculations automobiles : un mois d&rsquo;avril dans le rouge\"}]},{\"@type\":\"WebSite\",\"@id\":\"https:\\\/\\\/www.autojm.fr\\\/blog\\\/#website\",\"url\":\"https:\\\/\\\/www.autojm.fr\\\/blog\\\/\",\"name\":\"AutoJM Mag\",\"description\":\"Toute l&#039;actu auto en 1 clic !\",\"publisher\":{\"@id\":\"https:\\\/\\\/www.autojm.fr\\\/blog\\\/#organization\"},\"potentialAction\":[{\"@type\":\"SearchAction\",\"target\":{\"@type\":\"EntryPoint\",\"urlTemplate\":\"https:\\\/\\\/www.autojm.fr\\\/blog\\\/?s={search_term_string}\"},\"query-input\":{\"@type\":\"PropertyValueSpecification\",\"valueRequired\":true,\"valueName\":\"search_term_string\"}}],\"inLanguage\":\"fr-FR\"},{\"@type\":\"Organization\",\"@id\":\"https:\\\/\\\/www.autojm.fr\\\/blog\\\/#organization\",\"name\":\"AutoJM Mag\",\"url\":\"https:\\\/\\\/www.autojm.fr\\\/blog\\\/\",\"logo\":{\"@type\":\"ImageObject\",\"inLanguage\":\"fr-FR\",\"@id\":\"https:\\\/\\\/www.autojm.fr\\\/blog\\\/#\\\/schema\\\/logo\\\/image\\\/\",\"url\":\"https:\\\/\\\/www.autojm.fr\\\/blog\\\/wp-content\\\/uploads\\\/2022\\\/12\\\/cropped-AutoJMag-png.png\",\"contentUrl\":\"https:\\\/\\\/www.autojm.fr\\\/blog\\\/wp-content\\\/uploads\\\/2022\\\/12\\\/cropped-AutoJMag-png.png\",\"width\":2834,\"height\":585,\"caption\":\"AutoJM Mag\"},\"image\":{\"@id\":\"https:\\\/\\\/www.autojm.fr\\\/blog\\\/#\\\/schema\\\/logo\\\/image\\\/\"},\"sameAs\":[\"https:\\\/\\\/www.facebook.com\\\/AutoJM25\"]},{\"@type\":\"Person\",\"@id\":\"https:\\\/\\\/www.autojm.fr\\\/blog\\\/#\\\/schema\\\/person\\\/9742bc77541853e0de81fc57f947e1a0\",\"name\":\"Autojm\",\"image\":{\"@type\":\"ImageObject\",\"inLanguage\":\"fr-FR\",\"@id\":\"https:\\\/\\\/secure.gravatar.com\\\/avatar\\\/9a959d52b758fcc232fe4b6aca7bab139182573297122cce7d6f2ee0e537b418?s=96&d=mm&r=g\",\"url\":\"https:\\\/\\\/secure.gravatar.com\\\/avatar\\\/9a959d52b758fcc232fe4b6aca7bab139182573297122cce7d6f2ee0e537b418?s=96&d=mm&r=g\",\"contentUrl\":\"https:\\\/\\\/secure.gravatar.com\\\/avatar\\\/9a959d52b758fcc232fe4b6aca7bab139182573297122cce7d6f2ee0e537b418?s=96&d=mm&r=g\",\"caption\":\"Autojm\"},\"sameAs\":[\"https:\\\/\\\/www.autojm.fr\\\/blog\"],\"url\":\"https:\\\/\\\/www.autojm.fr\\\/blog\\\/author\\\/bichoi\\\/\"}]}<\/script>\n<!-- \/ Yoast SEO plugin. -->","yoast_head_json":{"title":"Immatriculations automobiles : un mois d'avril dans le rouge","description":"Le mois de mars avait enregistr\u00e9 une hausse de 191,7%, un chiffre impressionnant expliqu\u00e9 par un comparatif avec le mois de mars 2020...","robots":{"index":"index","follow":"follow","max-snippet":"max-snippet:-1","max-image-preview":"max-image-preview:large","max-video-preview":"max-video-preview:-1"},"canonical":"https:\/\/www.autojm.fr\/blog\/immatriculations-automobiles-un-mois-davril-dans-le-rouge\/","og_locale":"fr_FR","og_type":"article","og_title":"Immatriculations automobiles : un mois d'avril dans le rouge","og_description":"Le mois de mars avait enregistr\u00e9 une hausse de 191,7%, un chiffre impressionnant expliqu\u00e9 par un comparatif avec le mois de mars 2020...","og_url":"https:\/\/www.autojm.fr\/blog\/immatriculations-automobiles-un-mois-davril-dans-le-rouge\/","og_site_name":"AutoJM Mag","article_publisher":"https:\/\/www.facebook.com\/AutoJM25","article_published_time":"2021-05-07T00:00:00+00:00","article_modified_time":"2023-04-19T11:56:16+00:00","og_image":[{"width":2560,"height":1160,"url":"https:\/\/www.autojm.fr\/blog\/wp-content\/uploads\/2022\/10\/628-scaled.jpg","type":"image\/jpeg"}],"author":"Autojm","twitter_card":"summary_large_image","twitter_misc":{"\u00c9crit par":"Autojm","Dur\u00e9e de lecture estim\u00e9e":"3 minutes"},"schema":{"@context":"https:\/\/schema.org","@graph":[{"@type":"Article","@id":"https:\/\/www.autojm.fr\/blog\/immatriculations-automobiles-un-mois-davril-dans-le-rouge\/#article","isPartOf":{"@id":"https:\/\/www.autojm.fr\/blog\/immatriculations-automobiles-un-mois-davril-dans-le-rouge\/"},"author":{"name":"Autojm","@id":"https:\/\/www.autojm.fr\/blog\/#\/schema\/person\/9742bc77541853e0de81fc57f947e1a0"},"headline":"Immatriculations automobiles : un mois d&rsquo;avril dans le rouge","datePublished":"2021-05-07T00:00:00+00:00","dateModified":"2023-04-19T11:56:16+00:00","mainEntityOfPage":{"@id":"https:\/\/www.autojm.fr\/blog\/immatriculations-automobiles-un-mois-davril-dans-le-rouge\/"},"wordCount":503,"commentCount":0,"publisher":{"@id":"https:\/\/www.autojm.fr\/blog\/#organization"},"image":{"@id":"https:\/\/www.autojm.fr\/blog\/immatriculations-automobiles-un-mois-davril-dans-le-rouge\/#primaryimage"},"thumbnailUrl":"https:\/\/www.autojm.fr\/blog\/wp-content\/uploads\/2022\/10\/628-scaled.jpg","keywords":["autojm","Citro\u00ebn","dacia","DS","Fiat","Ford","Kia","Nissan","Opel","peugeot","renault","Volkswagen"],"articleSection":["Actualit\u00e9 Automobile"],"inLanguage":"fr-FR","potentialAction":[{"@type":"CommentAction","name":"Comment","target":["https:\/\/www.autojm.fr\/blog\/immatriculations-automobiles-un-mois-davril-dans-le-rouge\/#respond"]}]},{"@type":"WebPage","@id":"https:\/\/www.autojm.fr\/blog\/immatriculations-automobiles-un-mois-davril-dans-le-rouge\/","url":"https:\/\/www.autojm.fr\/blog\/immatriculations-automobiles-un-mois-davril-dans-le-rouge\/","name":"Immatriculations automobiles : un mois d'avril dans le rouge","isPartOf":{"@id":"https:\/\/www.autojm.fr\/blog\/#website"},"primaryImageOfPage":{"@id":"https:\/\/www.autojm.fr\/blog\/immatriculations-automobiles-un-mois-davril-dans-le-rouge\/#primaryimage"},"image":{"@id":"https:\/\/www.autojm.fr\/blog\/immatriculations-automobiles-un-mois-davril-dans-le-rouge\/#primaryimage"},"thumbnailUrl":"https:\/\/www.autojm.fr\/blog\/wp-content\/uploads\/2022\/10\/628-scaled.jpg","datePublished":"2021-05-07T00:00:00+00:00","dateModified":"2023-04-19T11:56:16+00:00","description":"Le mois de mars avait enregistr\u00e9 une hausse de 191,7%, un chiffre impressionnant expliqu\u00e9 par un comparatif avec le mois de mars 2020...","breadcrumb":{"@id":"https:\/\/www.autojm.fr\/blog\/immatriculations-automobiles-un-mois-davril-dans-le-rouge\/#breadcrumb"},"inLanguage":"fr-FR","potentialAction":[{"@type":"ReadAction","target":["https:\/\/www.autojm.fr\/blog\/immatriculations-automobiles-un-mois-davril-dans-le-rouge\/"]}]},{"@type":"ImageObject","inLanguage":"fr-FR","@id":"https:\/\/www.autojm.fr\/blog\/immatriculations-automobiles-un-mois-davril-dans-le-rouge\/#primaryimage","url":"https:\/\/www.autojm.fr\/blog\/wp-content\/uploads\/2022\/10\/628-scaled.jpg","contentUrl":"https:\/\/www.autojm.fr\/blog\/wp-content\/uploads\/2022\/10\/628-scaled.jpg","width":2560,"height":1160,"caption":"Immatriculations"},{"@type":"BreadcrumbList","@id":"https:\/\/www.autojm.fr\/blog\/immatriculations-automobiles-un-mois-davril-dans-le-rouge\/#breadcrumb","itemListElement":[{"@type":"ListItem","position":1,"name":"Accueil","item":"https:\/\/www.autojm.fr\/blog\/"},{"@type":"ListItem","position":2,"name":"Actualit\u00e9 Automobile","item":"https:\/\/www.autojm.fr\/blog\/actualite-automobile\/"},{"@type":"ListItem","position":3,"name":"Immatriculations automobiles : un mois d&rsquo;avril dans le rouge"}]},{"@type":"WebSite","@id":"https:\/\/www.autojm.fr\/blog\/#website","url":"https:\/\/www.autojm.fr\/blog\/","name":"AutoJM Mag","description":"Toute l&#039;actu auto en 1 clic !","publisher":{"@id":"https:\/\/www.autojm.fr\/blog\/#organization"},"potentialAction":[{"@type":"SearchAction","target":{"@type":"EntryPoint","urlTemplate":"https:\/\/www.autojm.fr\/blog\/?s={search_term_string}"},"query-input":{"@type":"PropertyValueSpecification","valueRequired":true,"valueName":"search_term_string"}}],"inLanguage":"fr-FR"},{"@type":"Organization","@id":"https:\/\/www.autojm.fr\/blog\/#organization","name":"AutoJM Mag","url":"https:\/\/www.autojm.fr\/blog\/","logo":{"@type":"ImageObject","inLanguage":"fr-FR","@id":"https:\/\/www.autojm.fr\/blog\/#\/schema\/logo\/image\/","url":"https:\/\/www.autojm.fr\/blog\/wp-content\/uploads\/2022\/12\/cropped-AutoJMag-png.png","contentUrl":"https:\/\/www.autojm.fr\/blog\/wp-content\/uploads\/2022\/12\/cropped-AutoJMag-png.png","width":2834,"height":585,"caption":"AutoJM Mag"},"image":{"@id":"https:\/\/www.autojm.fr\/blog\/#\/schema\/logo\/image\/"},"sameAs":["https:\/\/www.facebook.com\/AutoJM25"]},{"@type":"Person","@id":"https:\/\/www.autojm.fr\/blog\/#\/schema\/person\/9742bc77541853e0de81fc57f947e1a0","name":"Autojm","image":{"@type":"ImageObject","inLanguage":"fr-FR","@id":"https:\/\/secure.gravatar.com\/avatar\/9a959d52b758fcc232fe4b6aca7bab139182573297122cce7d6f2ee0e537b418?s=96&d=mm&r=g","url":"https:\/\/secure.gravatar.com\/avatar\/9a959d52b758fcc232fe4b6aca7bab139182573297122cce7d6f2ee0e537b418?s=96&d=mm&r=g","contentUrl":"https:\/\/secure.gravatar.com\/avatar\/9a959d52b758fcc232fe4b6aca7bab139182573297122cce7d6f2ee0e537b418?s=96&d=mm&r=g","caption":"Autojm"},"sameAs":["https:\/\/www.autojm.fr\/blog"],"url":"https:\/\/www.autojm.fr\/blog\/author\/bichoi\/"}]}},"_links":{"self":[{"href":"https:\/\/www.autojm.fr\/blog\/wp-json\/wp\/v2\/posts\/3898","targetHints":{"allow":["GET"]}}],"collection":[{"href":"https:\/\/www.autojm.fr\/blog\/wp-json\/wp\/v2\/posts"}],"about":[{"href":"https:\/\/www.autojm.fr\/blog\/wp-json\/wp\/v2\/types\/post"}],"author":[{"embeddable":true,"href":"https:\/\/www.autojm.fr\/blog\/wp-json\/wp\/v2\/users\/1"}],"replies":[{"embeddable":true,"href":"https:\/\/www.autojm.fr\/blog\/wp-json\/wp\/v2\/comments?post=3898"}],"version-history":[{"count":5,"href":"https:\/\/www.autojm.fr\/blog\/wp-json\/wp\/v2\/posts\/3898\/revisions"}],"predecessor-version":[{"id":9519,"href":"https:\/\/www.autojm.fr\/blog\/wp-json\/wp\/v2\/posts\/3898\/revisions\/9519"}],"wp:featuredmedia":[{"embeddable":true,"href":"https:\/\/www.autojm.fr\/blog\/wp-json\/wp\/v2\/media\/5956"}],"wp:attachment":[{"href":"https:\/\/www.autojm.fr\/blog\/wp-json\/wp\/v2\/media?parent=3898"}],"wp:term":[{"taxonomy":"category","embeddable":true,"href":"https:\/\/www.autojm.fr\/blog\/wp-json\/wp\/v2\/categories?post=3898"},{"taxonomy":"post_tag","embeddable":true,"href":"https:\/\/www.autojm.fr\/blog\/wp-json\/wp\/v2\/tags?post=3898"}],"curies":[{"name":"wp","href":"https:\/\/api.w.org\/{rel}","templated":true}]}}