{"id":3897,"date":"2021-05-05T00:00:00","date_gmt":"2021-05-05T00:00:00","guid":{"rendered":"https:\/\/www.autojm.fr\/blog\/citroen-c5x-la-berline-familiale-nouvelle-generation\/"},"modified":"2023-04-17T14:37:30","modified_gmt":"2023-04-17T14:37:30","slug":"citroen-c5x-la-berline-familiale-nouvelle-generation","status":"publish","type":"post","link":"https:\/\/www.autojm.fr\/blog\/citroen-c5x-la-berline-familiale-nouvelle-generation\/","title":{"rendered":"Citro\u00ebn C5X : la berline familiale nouvelle g\u00e9n\u00e9ration"},"content":{"rendered":"<p>Il y a quelques mois, <strong><a href=\"https:\/\/www.autojm.fr\/mandataire-voitures-neuves-citroen?part=blog&amp;utm_source=articleblog050521&amp;utm_medium=blog\">Citro\u00ebn<\/a><\/strong> pr\u00e9sentait la version mise \u00e0 jour de la <strong><a href=\"https:\/\/www.autojm.fr\/achat-voitures-neuves-citroen-nouvelle-c4-2020-5p?part=blog&amp;utm_source=articleblog050521&amp;utm_medium=blog\">Citro\u00ebn C4<\/a><\/strong>, d\u00e9sormais situ\u00e9e entre la berline et le SUV et proposant un design moderne avec de vrais atouts autant du c\u00f4t\u00e9 esth\u00e9tique que du c\u00f4t\u00e9 des \u00e9quipements. C&rsquo;est maintenant au tour de la Citro\u00ebn C5, la berline familiale, de faire son retour. Renomm\u00e9e <strong><a href=\"https:\/\/www.autojm.fr\/achat-voitures-neuves-citroen-nouvelle-c5-5p?part=blog&amp;utm_source=articleblog050521&amp;utm_medium=blog\">C5X<\/a><\/strong>, cette grande routi\u00e8re sera une concurrente des mod\u00e8les Peugeot 508, Volkswagen Passat et Tesla Model 3.<\/p>\n<h2>C5X : la berline grande taille de Citro\u00ebn<\/h2>\n<p>Forte de ses 4,81 m\u00e8tres de longueur, la <a href=\"https:\/\/www.autojm.fr\/achat-voitures-neuves-citroen-nouvelle-c5-5p\">C5X<\/a> dispose d&rsquo;un empattement de 2,79 m\u00e8tres qui permet aux passagers arri\u00e8re de disposer d&rsquo;un espace g\u00e9n\u00e9reux aux jambes.<\/p>\n<p>C\u00f4t\u00e9 design, la berline Citro\u00ebn m\u00eale 3 carrosseries : la berline, le break et le SUV. Elle se caract\u00e9rise par un pare-brise recul\u00e9 et un profil longiligne qui lui offrent un caract\u00e8re sportif. La C5X dispose de projecteurs \u00e0 LED qui offrent une vue optimale par tous les temps. Sa face avant accueille une calandre qui se divise en deux sur les extr\u00e9mit\u00e9s pour accueillir les feux effil\u00e9s en forme de V. La C5X offre \u00e0 la fois des rappels d&rsquo;anciens mod\u00e8les comme la BX des ann\u00e9es 1980 avec le sticker en lignes horizontales sur la custode ou encore la XM des ann\u00e9es 1990 avec les vitres en 360\u00b0 autour de la voiture, mais elle se veut surtout moderne et adopte des caract\u00e9ristiques de SUV et break : coffre spacieux, hayon quasi-verticale\u2026 etc.<\/p>\n<h2>Si\u00e8ges Citro\u00ebn Advanced Comfort et suspensions \u00e0 but\u00e9es hydrauliques<\/h2>\n<p>Comme pour tous ses mod\u00e8les, Citro\u00ebn a une fois de plus mis\u00e9 sur le confort pour offrir une exp\u00e9rience unique aux passagers du C5X : les si\u00e8ges Advanced Comfort disposent d&rsquo;un surmatelas et les suspensions \u00e0 but\u00e9es hydrauliques ont \u00e9t\u00e9 am\u00e9lior\u00e9es et disposent d&rsquo;un amortissement pilot\u00e9 qui absorbe tous les \u00e0-coups.<\/p>\n<p>\u00c0 l&rsquo;int\u00e9rieur de cette nouvelle Citro\u00ebn, on d\u00e9couvre une planche de bord \u00e9pur\u00e9e dessin\u00e9e \u00e0 l&rsquo;horizontal avec un \u00e9cran tactile de 10 pouces (ou 12 pouces sur les versions haut de gamme) au centre et un \u00e9cran de 7 pouces derri\u00e8re le volant, emprunt\u00e9 aux DS3 Crossback et DS4. Le C5X pourra accueillir en option un affichage t\u00eate haute pour permettre une vision directe de toutes les informations utiles.<\/p>\n<h2>Pas de version diesel pour la Citro\u00ebn C5X<\/h2>\n<p>La berline Citro\u00ebn C5X adopte la plateforme EMP2 d\u00e9j\u00e0 utilis\u00e9e pour le <strong><a href=\"https:\/\/www.autojm.fr\/mandataire-voitures-neuves-citroen\">C5 Aircross<\/a><\/strong>, mais son design s&rsquo;inspire plut\u00f4t du concept-car CXperience, d\u00e9voil\u00e9 en 2016 au salon de l&rsquo;automobile de Paris, et sur lequel on d\u00e9couvrait d\u00e9j\u00e0 cette face avant large avec une calandre \u00e9tir\u00e9e. La marque aux chevrons propose sur ce nouveau mod\u00e8le deux motorisations : une version essence 1.2 PureTech de 130 chevaux et une version hybride rechargeable de 225 chevaux. La berline sera disponible en finition Feel, Feel Pack, Shine et Shine Pack, et uniquement en bo\u00eete automatique.<\/p>\n<p>La C5X est le projet de Citro\u00ebn destin\u00e9 \u00e0 conqu\u00e9rir \u00e0 la fois le march\u00e9 Europ\u00e9en, demandeur de SUV et en plein d\u00e9veloppement sur les motorisations propres, et le march\u00e9 chinois, plus friand de mod\u00e8les break et spacieux. La berline saura-t-elle s\u00e9duire le c\u0153ur des automobilistes et redonner la cote \u00e0 Citro\u00ebn ?<\/p>\n","protected":false},"excerpt":{"rendered":"<p>Il y a quelques mois, Citro\u00ebn pr\u00e9sentait la version mise \u00e0 jour de la Citro\u00ebn C4, d\u00e9sormais situ\u00e9e entre la berline et le SUV et proposant un design moderne avec de vrais atouts autant du c\u00f4t\u00e9 esth\u00e9tique que du c\u00f4t\u00e9 des \u00e9quipements.<\/p>\n","protected":false},"author":1,"featured_media":5955,"comment_status":"open","ping_status":"open","sticky":false,"template":"","format":"standard","meta":{"_acf_changed":false,"content-type":"","footnotes":""},"categories":[236,61],"tags":[90,79,157],"class_list":["post-3897","post","type-post","status-publish","format-standard","has-post-thumbnail","hentry","category-nouveaute-citroen","category-nouveautes-autos","tag-autojm","tag-citroen","tag-citroen-c5x"],"acf":[],"yoast_head":"<!-- This site is optimized with the Yoast SEO plugin v27.5 - https:\/\/yoast.com\/product\/yoast-seo-wordpress\/ -->\n<title>Citro\u00ebn C5X : la berline familiale nouvelle g\u00e9n\u00e9ration - AutoJM Mag<\/title>\n<meta name=\"description\" content=\"Il y a quelques mois, Citro\u00ebn pr\u00e9sentait la version mise \u00e0 jour de la Citro\u00ebn C4, d\u00e9sormais situ\u00e9e entre la berline et le SUV et proposant...\" \/>\n<meta name=\"robots\" content=\"index, follow, max-snippet:-1, max-image-preview:large, max-video-preview:-1\" \/>\n<link rel=\"canonical\" href=\"https:\/\/www.autojm.fr\/blog\/citroen-c5x-la-berline-familiale-nouvelle-generation\/\" \/>\n<meta property=\"og:locale\" content=\"fr_FR\" \/>\n<meta property=\"og:type\" content=\"article\" \/>\n<meta property=\"og:title\" content=\"Citro\u00ebn C5X : la berline familiale nouvelle g\u00e9n\u00e9ration - AutoJM Mag\" \/>\n<meta property=\"og:description\" content=\"Il y a quelques mois, Citro\u00ebn pr\u00e9sentait la version mise \u00e0 jour de la Citro\u00ebn C4, d\u00e9sormais situ\u00e9e entre la berline et le SUV et proposant...\" \/>\n<meta property=\"og:url\" content=\"https:\/\/www.autojm.fr\/blog\/citroen-c5x-la-berline-familiale-nouvelle-generation\/\" \/>\n<meta property=\"og:site_name\" content=\"AutoJM Mag\" \/>\n<meta property=\"article:publisher\" content=\"https:\/\/www.facebook.com\/AutoJM25\" \/>\n<meta property=\"article:published_time\" content=\"2021-05-05T00:00:00+00:00\" \/>\n<meta property=\"article:modified_time\" content=\"2023-04-17T14:37:30+00:00\" \/>\n<meta property=\"og:image\" content=\"https:\/\/www.autojm.fr\/blog\/wp-content\/uploads\/2022\/10\/627.jpg\" \/>\n\t<meta property=\"og:image:width\" content=\"1024\" \/>\n\t<meta property=\"og:image:height\" content=\"465\" \/>\n\t<meta property=\"og:image:type\" content=\"image\/jpeg\" \/>\n<meta name=\"author\" content=\"Autojm\" \/>\n<meta name=\"twitter:card\" content=\"summary_large_image\" \/>\n<meta name=\"twitter:label1\" content=\"\u00c9crit par\" \/>\n\t<meta name=\"twitter:data1\" content=\"Autojm\" \/>\n\t<meta name=\"twitter:label2\" content=\"Dur\u00e9e de lecture estim\u00e9e\" \/>\n\t<meta name=\"twitter:data2\" content=\"3 minutes\" \/>\n<script type=\"application\/ld+json\" class=\"yoast-schema-graph\">{\"@context\":\"https:\\\/\\\/schema.org\",\"@graph\":[{\"@type\":\"Article\",\"@id\":\"https:\\\/\\\/www.autojm.fr\\\/blog\\\/citroen-c5x-la-berline-familiale-nouvelle-generation\\\/#article\",\"isPartOf\":{\"@id\":\"https:\\\/\\\/www.autojm.fr\\\/blog\\\/citroen-c5x-la-berline-familiale-nouvelle-generation\\\/\"},\"author\":{\"name\":\"Autojm\",\"@id\":\"https:\\\/\\\/www.autojm.fr\\\/blog\\\/#\\\/schema\\\/person\\\/9742bc77541853e0de81fc57f947e1a0\"},\"headline\":\"Citro\u00ebn C5X : la berline familiale nouvelle g\u00e9n\u00e9ration\",\"datePublished\":\"2021-05-05T00:00:00+00:00\",\"dateModified\":\"2023-04-17T14:37:30+00:00\",\"mainEntityOfPage\":{\"@id\":\"https:\\\/\\\/www.autojm.fr\\\/blog\\\/citroen-c5x-la-berline-familiale-nouvelle-generation\\\/\"},\"wordCount\":580,\"commentCount\":0,\"publisher\":{\"@id\":\"https:\\\/\\\/www.autojm.fr\\\/blog\\\/#organization\"},\"image\":{\"@id\":\"https:\\\/\\\/www.autojm.fr\\\/blog\\\/citroen-c5x-la-berline-familiale-nouvelle-generation\\\/#primaryimage\"},\"thumbnailUrl\":\"https:\\\/\\\/www.autojm.fr\\\/blog\\\/wp-content\\\/uploads\\\/2022\\\/10\\\/627.jpg\",\"keywords\":[\"autojm\",\"citroen\",\"Citro\u00ebn C5X\"],\"articleSection\":[\"Nouveaut\u00e9 Citro\u00ebn\",\"Nouveaut\u00e9s Autos\"],\"inLanguage\":\"fr-FR\",\"potentialAction\":[{\"@type\":\"CommentAction\",\"name\":\"Comment\",\"target\":[\"https:\\\/\\\/www.autojm.fr\\\/blog\\\/citroen-c5x-la-berline-familiale-nouvelle-generation\\\/#respond\"]}]},{\"@type\":\"WebPage\",\"@id\":\"https:\\\/\\\/www.autojm.fr\\\/blog\\\/citroen-c5x-la-berline-familiale-nouvelle-generation\\\/\",\"url\":\"https:\\\/\\\/www.autojm.fr\\\/blog\\\/citroen-c5x-la-berline-familiale-nouvelle-generation\\\/\",\"name\":\"Citro\u00ebn C5X : la berline familiale nouvelle g\u00e9n\u00e9ration - AutoJM Mag\",\"isPartOf\":{\"@id\":\"https:\\\/\\\/www.autojm.fr\\\/blog\\\/#website\"},\"primaryImageOfPage\":{\"@id\":\"https:\\\/\\\/www.autojm.fr\\\/blog\\\/citroen-c5x-la-berline-familiale-nouvelle-generation\\\/#primaryimage\"},\"image\":{\"@id\":\"https:\\\/\\\/www.autojm.fr\\\/blog\\\/citroen-c5x-la-berline-familiale-nouvelle-generation\\\/#primaryimage\"},\"thumbnailUrl\":\"https:\\\/\\\/www.autojm.fr\\\/blog\\\/wp-content\\\/uploads\\\/2022\\\/10\\\/627.jpg\",\"datePublished\":\"2021-05-05T00:00:00+00:00\",\"dateModified\":\"2023-04-17T14:37:30+00:00\",\"description\":\"Il y a quelques mois, Citro\u00ebn pr\u00e9sentait la version mise \u00e0 jour de la Citro\u00ebn C4, d\u00e9sormais situ\u00e9e entre la berline et le SUV et proposant...\",\"breadcrumb\":{\"@id\":\"https:\\\/\\\/www.autojm.fr\\\/blog\\\/citroen-c5x-la-berline-familiale-nouvelle-generation\\\/#breadcrumb\"},\"inLanguage\":\"fr-FR\",\"potentialAction\":[{\"@type\":\"ReadAction\",\"target\":[\"https:\\\/\\\/www.autojm.fr\\\/blog\\\/citroen-c5x-la-berline-familiale-nouvelle-generation\\\/\"]}]},{\"@type\":\"ImageObject\",\"inLanguage\":\"fr-FR\",\"@id\":\"https:\\\/\\\/www.autojm.fr\\\/blog\\\/citroen-c5x-la-berline-familiale-nouvelle-generation\\\/#primaryimage\",\"url\":\"https:\\\/\\\/www.autojm.fr\\\/blog\\\/wp-content\\\/uploads\\\/2022\\\/10\\\/627.jpg\",\"contentUrl\":\"https:\\\/\\\/www.autojm.fr\\\/blog\\\/wp-content\\\/uploads\\\/2022\\\/10\\\/627.jpg\",\"width\":1024,\"height\":465,\"caption\":\"Citro\u00ebn C5X\"},{\"@type\":\"BreadcrumbList\",\"@id\":\"https:\\\/\\\/www.autojm.fr\\\/blog\\\/citroen-c5x-la-berline-familiale-nouvelle-generation\\\/#breadcrumb\",\"itemListElement\":[{\"@type\":\"ListItem\",\"position\":1,\"name\":\"Accueil\",\"item\":\"https:\\\/\\\/www.autojm.fr\\\/blog\\\/\"},{\"@type\":\"ListItem\",\"position\":2,\"name\":\"Nouveaut\u00e9s Autos\",\"item\":\"https:\\\/\\\/www.autojm.fr\\\/blog\\\/nouveautes-autos\\\/\"},{\"@type\":\"ListItem\",\"position\":3,\"name\":\"Citro\u00ebn C5X : la berline familiale nouvelle g\u00e9n\u00e9ration\"}]},{\"@type\":\"WebSite\",\"@id\":\"https:\\\/\\\/www.autojm.fr\\\/blog\\\/#website\",\"url\":\"https:\\\/\\\/www.autojm.fr\\\/blog\\\/\",\"name\":\"AutoJM Mag\",\"description\":\"Toute l&#039;actu auto en 1 clic !\",\"publisher\":{\"@id\":\"https:\\\/\\\/www.autojm.fr\\\/blog\\\/#organization\"},\"potentialAction\":[{\"@type\":\"SearchAction\",\"target\":{\"@type\":\"EntryPoint\",\"urlTemplate\":\"https:\\\/\\\/www.autojm.fr\\\/blog\\\/?s={search_term_string}\"},\"query-input\":{\"@type\":\"PropertyValueSpecification\",\"valueRequired\":true,\"valueName\":\"search_term_string\"}}],\"inLanguage\":\"fr-FR\"},{\"@type\":\"Organization\",\"@id\":\"https:\\\/\\\/www.autojm.fr\\\/blog\\\/#organization\",\"name\":\"AutoJM Mag\",\"url\":\"https:\\\/\\\/www.autojm.fr\\\/blog\\\/\",\"logo\":{\"@type\":\"ImageObject\",\"inLanguage\":\"fr-FR\",\"@id\":\"https:\\\/\\\/www.autojm.fr\\\/blog\\\/#\\\/schema\\\/logo\\\/image\\\/\",\"url\":\"https:\\\/\\\/www.autojm.fr\\\/blog\\\/wp-content\\\/uploads\\\/2022\\\/12\\\/cropped-AutoJMag-png.png\",\"contentUrl\":\"https:\\\/\\\/www.autojm.fr\\\/blog\\\/wp-content\\\/uploads\\\/2022\\\/12\\\/cropped-AutoJMag-png.png\",\"width\":2834,\"height\":585,\"caption\":\"AutoJM Mag\"},\"image\":{\"@id\":\"https:\\\/\\\/www.autojm.fr\\\/blog\\\/#\\\/schema\\\/logo\\\/image\\\/\"},\"sameAs\":[\"https:\\\/\\\/www.facebook.com\\\/AutoJM25\"]},{\"@type\":\"Person\",\"@id\":\"https:\\\/\\\/www.autojm.fr\\\/blog\\\/#\\\/schema\\\/person\\\/9742bc77541853e0de81fc57f947e1a0\",\"name\":\"Autojm\",\"image\":{\"@type\":\"ImageObject\",\"inLanguage\":\"fr-FR\",\"@id\":\"https:\\\/\\\/secure.gravatar.com\\\/avatar\\\/9a959d52b758fcc232fe4b6aca7bab139182573297122cce7d6f2ee0e537b418?s=96&d=mm&r=g\",\"url\":\"https:\\\/\\\/secure.gravatar.com\\\/avatar\\\/9a959d52b758fcc232fe4b6aca7bab139182573297122cce7d6f2ee0e537b418?s=96&d=mm&r=g\",\"contentUrl\":\"https:\\\/\\\/secure.gravatar.com\\\/avatar\\\/9a959d52b758fcc232fe4b6aca7bab139182573297122cce7d6f2ee0e537b418?s=96&d=mm&r=g\",\"caption\":\"Autojm\"},\"sameAs\":[\"https:\\\/\\\/www.autojm.fr\\\/blog\"],\"url\":\"https:\\\/\\\/www.autojm.fr\\\/blog\\\/author\\\/bichoi\\\/\"}]}<\/script>\n<!-- \/ Yoast SEO plugin. -->","yoast_head_json":{"title":"Citro\u00ebn C5X : la berline familiale nouvelle g\u00e9n\u00e9ration - AutoJM Mag","description":"Il y a quelques mois, Citro\u00ebn pr\u00e9sentait la version mise \u00e0 jour de la Citro\u00ebn C4, d\u00e9sormais situ\u00e9e entre la berline et le SUV et proposant...","robots":{"index":"index","follow":"follow","max-snippet":"max-snippet:-1","max-image-preview":"max-image-preview:large","max-video-preview":"max-video-preview:-1"},"canonical":"https:\/\/www.autojm.fr\/blog\/citroen-c5x-la-berline-familiale-nouvelle-generation\/","og_locale":"fr_FR","og_type":"article","og_title":"Citro\u00ebn C5X : la berline familiale nouvelle g\u00e9n\u00e9ration - AutoJM Mag","og_description":"Il y a quelques mois, Citro\u00ebn pr\u00e9sentait la version mise \u00e0 jour de la Citro\u00ebn C4, d\u00e9sormais situ\u00e9e entre la berline et le SUV et proposant...","og_url":"https:\/\/www.autojm.fr\/blog\/citroen-c5x-la-berline-familiale-nouvelle-generation\/","og_site_name":"AutoJM Mag","article_publisher":"https:\/\/www.facebook.com\/AutoJM25","article_published_time":"2021-05-05T00:00:00+00:00","article_modified_time":"2023-04-17T14:37:30+00:00","og_image":[{"width":1024,"height":465,"url":"https:\/\/www.autojm.fr\/blog\/wp-content\/uploads\/2022\/10\/627.jpg","type":"image\/jpeg"}],"author":"Autojm","twitter_card":"summary_large_image","twitter_misc":{"\u00c9crit par":"Autojm","Dur\u00e9e de lecture estim\u00e9e":"3 minutes"},"schema":{"@context":"https:\/\/schema.org","@graph":[{"@type":"Article","@id":"https:\/\/www.autojm.fr\/blog\/citroen-c5x-la-berline-familiale-nouvelle-generation\/#article","isPartOf":{"@id":"https:\/\/www.autojm.fr\/blog\/citroen-c5x-la-berline-familiale-nouvelle-generation\/"},"author":{"name":"Autojm","@id":"https:\/\/www.autojm.fr\/blog\/#\/schema\/person\/9742bc77541853e0de81fc57f947e1a0"},"headline":"Citro\u00ebn C5X : la berline familiale nouvelle g\u00e9n\u00e9ration","datePublished":"2021-05-05T00:00:00+00:00","dateModified":"2023-04-17T14:37:30+00:00","mainEntityOfPage":{"@id":"https:\/\/www.autojm.fr\/blog\/citroen-c5x-la-berline-familiale-nouvelle-generation\/"},"wordCount":580,"commentCount":0,"publisher":{"@id":"https:\/\/www.autojm.fr\/blog\/#organization"},"image":{"@id":"https:\/\/www.autojm.fr\/blog\/citroen-c5x-la-berline-familiale-nouvelle-generation\/#primaryimage"},"thumbnailUrl":"https:\/\/www.autojm.fr\/blog\/wp-content\/uploads\/2022\/10\/627.jpg","keywords":["autojm","citroen","Citro\u00ebn C5X"],"articleSection":["Nouveaut\u00e9 Citro\u00ebn","Nouveaut\u00e9s Autos"],"inLanguage":"fr-FR","potentialAction":[{"@type":"CommentAction","name":"Comment","target":["https:\/\/www.autojm.fr\/blog\/citroen-c5x-la-berline-familiale-nouvelle-generation\/#respond"]}]},{"@type":"WebPage","@id":"https:\/\/www.autojm.fr\/blog\/citroen-c5x-la-berline-familiale-nouvelle-generation\/","url":"https:\/\/www.autojm.fr\/blog\/citroen-c5x-la-berline-familiale-nouvelle-generation\/","name":"Citro\u00ebn C5X : la berline familiale nouvelle g\u00e9n\u00e9ration - AutoJM Mag","isPartOf":{"@id":"https:\/\/www.autojm.fr\/blog\/#website"},"primaryImageOfPage":{"@id":"https:\/\/www.autojm.fr\/blog\/citroen-c5x-la-berline-familiale-nouvelle-generation\/#primaryimage"},"image":{"@id":"https:\/\/www.autojm.fr\/blog\/citroen-c5x-la-berline-familiale-nouvelle-generation\/#primaryimage"},"thumbnailUrl":"https:\/\/www.autojm.fr\/blog\/wp-content\/uploads\/2022\/10\/627.jpg","datePublished":"2021-05-05T00:00:00+00:00","dateModified":"2023-04-17T14:37:30+00:00","description":"Il y a quelques mois, Citro\u00ebn pr\u00e9sentait la version mise \u00e0 jour de la Citro\u00ebn C4, d\u00e9sormais situ\u00e9e entre la berline et le SUV et proposant...","breadcrumb":{"@id":"https:\/\/www.autojm.fr\/blog\/citroen-c5x-la-berline-familiale-nouvelle-generation\/#breadcrumb"},"inLanguage":"fr-FR","potentialAction":[{"@type":"ReadAction","target":["https:\/\/www.autojm.fr\/blog\/citroen-c5x-la-berline-familiale-nouvelle-generation\/"]}]},{"@type":"ImageObject","inLanguage":"fr-FR","@id":"https:\/\/www.autojm.fr\/blog\/citroen-c5x-la-berline-familiale-nouvelle-generation\/#primaryimage","url":"https:\/\/www.autojm.fr\/blog\/wp-content\/uploads\/2022\/10\/627.jpg","contentUrl":"https:\/\/www.autojm.fr\/blog\/wp-content\/uploads\/2022\/10\/627.jpg","width":1024,"height":465,"caption":"Citro\u00ebn C5X"},{"@type":"BreadcrumbList","@id":"https:\/\/www.autojm.fr\/blog\/citroen-c5x-la-berline-familiale-nouvelle-generation\/#breadcrumb","itemListElement":[{"@type":"ListItem","position":1,"name":"Accueil","item":"https:\/\/www.autojm.fr\/blog\/"},{"@type":"ListItem","position":2,"name":"Nouveaut\u00e9s Autos","item":"https:\/\/www.autojm.fr\/blog\/nouveautes-autos\/"},{"@type":"ListItem","position":3,"name":"Citro\u00ebn C5X : la berline familiale nouvelle g\u00e9n\u00e9ration"}]},{"@type":"WebSite","@id":"https:\/\/www.autojm.fr\/blog\/#website","url":"https:\/\/www.autojm.fr\/blog\/","name":"AutoJM Mag","description":"Toute l&#039;actu auto en 1 clic !","publisher":{"@id":"https:\/\/www.autojm.fr\/blog\/#organization"},"potentialAction":[{"@type":"SearchAction","target":{"@type":"EntryPoint","urlTemplate":"https:\/\/www.autojm.fr\/blog\/?s={search_term_string}"},"query-input":{"@type":"PropertyValueSpecification","valueRequired":true,"valueName":"search_term_string"}}],"inLanguage":"fr-FR"},{"@type":"Organization","@id":"https:\/\/www.autojm.fr\/blog\/#organization","name":"AutoJM Mag","url":"https:\/\/www.autojm.fr\/blog\/","logo":{"@type":"ImageObject","inLanguage":"fr-FR","@id":"https:\/\/www.autojm.fr\/blog\/#\/schema\/logo\/image\/","url":"https:\/\/www.autojm.fr\/blog\/wp-content\/uploads\/2022\/12\/cropped-AutoJMag-png.png","contentUrl":"https:\/\/www.autojm.fr\/blog\/wp-content\/uploads\/2022\/12\/cropped-AutoJMag-png.png","width":2834,"height":585,"caption":"AutoJM Mag"},"image":{"@id":"https:\/\/www.autojm.fr\/blog\/#\/schema\/logo\/image\/"},"sameAs":["https:\/\/www.facebook.com\/AutoJM25"]},{"@type":"Person","@id":"https:\/\/www.autojm.fr\/blog\/#\/schema\/person\/9742bc77541853e0de81fc57f947e1a0","name":"Autojm","image":{"@type":"ImageObject","inLanguage":"fr-FR","@id":"https:\/\/secure.gravatar.com\/avatar\/9a959d52b758fcc232fe4b6aca7bab139182573297122cce7d6f2ee0e537b418?s=96&d=mm&r=g","url":"https:\/\/secure.gravatar.com\/avatar\/9a959d52b758fcc232fe4b6aca7bab139182573297122cce7d6f2ee0e537b418?s=96&d=mm&r=g","contentUrl":"https:\/\/secure.gravatar.com\/avatar\/9a959d52b758fcc232fe4b6aca7bab139182573297122cce7d6f2ee0e537b418?s=96&d=mm&r=g","caption":"Autojm"},"sameAs":["https:\/\/www.autojm.fr\/blog"],"url":"https:\/\/www.autojm.fr\/blog\/author\/bichoi\/"}]}},"_links":{"self":[{"href":"https:\/\/www.autojm.fr\/blog\/wp-json\/wp\/v2\/posts\/3897","targetHints":{"allow":["GET"]}}],"collection":[{"href":"https:\/\/www.autojm.fr\/blog\/wp-json\/wp\/v2\/posts"}],"about":[{"href":"https:\/\/www.autojm.fr\/blog\/wp-json\/wp\/v2\/types\/post"}],"author":[{"embeddable":true,"href":"https:\/\/www.autojm.fr\/blog\/wp-json\/wp\/v2\/users\/1"}],"replies":[{"embeddable":true,"href":"https:\/\/www.autojm.fr\/blog\/wp-json\/wp\/v2\/comments?post=3897"}],"version-history":[{"count":7,"href":"https:\/\/www.autojm.fr\/blog\/wp-json\/wp\/v2\/posts\/3897\/revisions"}],"predecessor-version":[{"id":9174,"href":"https:\/\/www.autojm.fr\/blog\/wp-json\/wp\/v2\/posts\/3897\/revisions\/9174"}],"wp:featuredmedia":[{"embeddable":true,"href":"https:\/\/www.autojm.fr\/blog\/wp-json\/wp\/v2\/media\/5955"}],"wp:attachment":[{"href":"https:\/\/www.autojm.fr\/blog\/wp-json\/wp\/v2\/media?parent=3897"}],"wp:term":[{"taxonomy":"category","embeddable":true,"href":"https:\/\/www.autojm.fr\/blog\/wp-json\/wp\/v2\/categories?post=3897"},{"taxonomy":"post_tag","embeddable":true,"href":"https:\/\/www.autojm.fr\/blog\/wp-json\/wp\/v2\/tags?post=3897"}],"curies":[{"name":"wp","href":"https:\/\/api.w.org\/{rel}","templated":true}]}}