{"id":3896,"date":"2021-04-28T00:00:00","date_gmt":"2021-04-28T00:00:00","guid":{"rendered":"https:\/\/www.autojm.fr\/blog\/vitesse-bridee-sur-les-futurs-vehicules-renault-et-dacia\/"},"modified":"2023-04-19T11:56:50","modified_gmt":"2023-04-19T11:56:50","slug":"vitesse-bridee-sur-les-futurs-vehicules-renault-et-dacia","status":"publish","type":"post","link":"https:\/\/www.autojm.fr\/blog\/vitesse-bridee-sur-les-futurs-vehicules-renault-et-dacia\/","title":{"rendered":"Vitesse brid\u00e9e sur les futurs v\u00e9hicules Renault et Dacia"},"content":{"rendered":"<p>La vitesse est l&rsquo;une des principales causes de mortalit\u00e9 routi\u00e8re. Les limitations de vitesse sont pourtant de moins en moins respect\u00e9es et certains constructeurs automobiles ont d\u00e9cid\u00e9 de r\u00e9agir \u00e0 leur fa\u00e7on contre les amateurs de sensations fortes. Apr\u00e8s Volvo, c&rsquo;est maintenant au tour de Renault et Dacia, qui ont officiellement r\u00e9v\u00e9l\u00e9 que leurs mod\u00e8les seront limit\u00e9s \u00e0 180 km\/h. Une d\u00e9cision qui ne semble pas convaincre tous les professionnels du secteur automobile.<\/p>\n<h2>Le r\u00e9gulateur Safety Coach brid\u00e9e \u00e0 180 km\/h<\/h2>\n<p>L&rsquo;annonce a donc \u00e9t\u00e9 faite officiellement : les mod\u00e8les <strong><a href=\"https:\/\/www.autojm.fr\/mandataire-voitures-neuves-renault?part=blog&amp;utm_source=articleblog280421&amp;utm_medium=blog\">Renault<\/a><\/strong> et <strong><a href=\"https:\/\/www.autojm.fr\/mandataire-voitures-neuves-dacia?part=blog&amp;utm_source=articleblog280421&amp;utm_medium=blog\">Dacia<\/a><\/strong> seront dot\u00e9s d&rsquo;un <em>\u201cr\u00e9gulateur automatique r\u00e9gl\u00e9 par d\u00e9faut qui s&rsquo;ajustera \u00e0 la vitesse autoris\u00e9e, selon les panneaux et les donn\u00e9es de g\u00e9olocalisation\u00a0\u00bb<\/em>. Nomm\u00e9 \u201cSafety coach\u201d, le r\u00e9gulateur sera aussi capable de seconder le conducteur : <em>\u00ab\u00a0si les capteurs d\u00e9tectent que les mains ne sont plus sur le volant, le v\u00e9hicule se mettra automatiquement en s\u00e9curit\u00e9\u00a0\u00bb<\/em>, a assur\u00e9 Luca De Meo, directeur g\u00e9n\u00e9ral du groupe Renault.<\/p>\n<h2>Renault suit les traces de Volvo<\/h2>\n<p>Une mesure qui rappelle celle de la marque Volvo qui, en 2019, avait \u00e9galement annonc\u00e9 que ses futurs mod\u00e8les seraient brid\u00e9s \u00e0 180 km\/h. La vitesse arr\u00eat\u00e9e de <strong>180 km\/h<\/strong> correspond \u00e0 la moyenne observ\u00e9e sur les autoroutes allemandes, qui sont les seules \u00e0 n&rsquo;\u00eatre soumises \u00e0 aucune limitation de vitesse. Luca de Meo a donc suivi l&rsquo;exemple de la marque su\u00e9doise, avec une vitesse limit\u00e9e \u00e0 180 km\/h aussi pour les v\u00e9hicules Renault et Dacia, mais pas pour les mod\u00e8les Alpine.La prochaine berline Renault M\u00e9gane sera dot\u00e9e, par d\u00e9faut, du r\u00e9gulateur de vitesse, et celui-ci sera brid\u00e9 \u00e0 160 km\/h. Pas possible donc d&rsquo;atteindre les 180 km\/h avec le r\u00e9gulateur activ\u00e9.<\/p>\n<h2>Une question de s\u00e9curit\u00e9 routi\u00e8re ?<\/h2>\n<p>Le <strong>bridage<\/strong> est donc destin\u00e9 \u00e0 assurer la s\u00e9curit\u00e9 des automobilistes, mais pas seulement : \u00e0 travers cette technologie, les constructeurs automobiles pr\u00e9parent les conducteurs aux <a href=\"https:\/\/www.autojm.fr\/recherche?energies%5B%5D=Electrique?part=blog&amp;utm_source=articleblog280421&amp;utm_medium=blog\"><strong>v\u00e9hicules \u00e9lectriques<\/strong><\/a>, ces mod\u00e8les dont la configuration ne permet pas de rouler sur des vitesses \u00e9lev\u00e9es pendant de longs trajets. Les voitures \u00e9lectriques repr\u00e9sentent le futur de l&rsquo;automobile, et symbolise l&rsquo;arr\u00eat des moteurs thermiques, sources de pollution. Les futurs conducteurs devront donc s&rsquo;acclimater avec ces mod\u00e8les plus \u00e9cologiques, mais aussi moins puissants et performants.<\/p>\n<h2>Un changement qui devrait passer inaper\u00e7u<\/h2>\n<p>Si le PDG du groupe Renault prend ces d\u00e9cisions, c&rsquo;est qu&rsquo;il en conna\u00eet les impacts : en r\u00e9alit\u00e9, cela a peu de chance de dissuader les acheteurs, plus sensibles au tarif de leur future voiture, \u00e0 sa fiabilit\u00e9 ou son design. De plus, les mod\u00e8les des marques Renault et Dacia ne sont g\u00e9n\u00e9ralement pas destin\u00e9s aux amateurs de vitesse mais plut\u00f4t aux conducteurs du quotidien pour qui cette nouveaut\u00e9 n&rsquo;aura pas d&rsquo;effet.<\/p>\n<p>Dans le futur, des technologies encore plus pouss\u00e9es devraient voir le jour, et notamment une aide \u00e0 la conduite qui limiterait automatiquement la vitesse de la voiture \u00e0 la limitation de vitesse en cours gr\u00e2ce \u00e0 la lecture des panneaux, d\u00e9j\u00e0 en place sur de nombreux mod\u00e8les.<strong> Les voitures de demain seront-elles capables de r\u00e9duire drastiquement les risques d&rsquo;accidents ?<\/strong><\/p>\n","protected":false},"excerpt":{"rendered":"<p>La vitesse est l&rsquo;une des principales causes de mortalit\u00e9 routi\u00e8re. Les limitations de vitesse sont pourtant de moins en moins respect\u00e9es et certains constructeurs automobiles ont d\u00e9cid\u00e9 de r\u00e9agir \u00e0 leur fa\u00e7on contre les amateurs de sensations fortes.<\/p>\n","protected":false},"author":1,"featured_media":5954,"comment_status":"open","ping_status":"open","sticky":false,"template":"","format":"standard","meta":{"_acf_changed":false,"content-type":"","footnotes":""},"categories":[5],"tags":[90,74,78],"class_list":["post-3896","post","type-post","status-publish","format-standard","has-post-thumbnail","hentry","category-actualite-automobile","tag-autojm","tag-dacia","tag-renault"],"acf":[],"yoast_head":"<!-- This site is optimized with the Yoast SEO plugin v27.5 - https:\/\/yoast.com\/product\/yoast-seo-wordpress\/ -->\n<title>Vitesse brid\u00e9e sur les futurs v\u00e9hicules Renault et Dacia - AutoJM Mag<\/title>\n<meta name=\"description\" content=\"La vitesse est l&#039;une des principales causes de mortalit\u00e9 routi\u00e8re. Les limitations de vitesse sont pourtant de moins en moins respect\u00e9es...\" \/>\n<meta name=\"robots\" content=\"index, follow, max-snippet:-1, max-image-preview:large, max-video-preview:-1\" \/>\n<link rel=\"canonical\" href=\"https:\/\/www.autojm.fr\/blog\/vitesse-bridee-sur-les-futurs-vehicules-renault-et-dacia\/\" \/>\n<meta property=\"og:locale\" content=\"fr_FR\" \/>\n<meta property=\"og:type\" content=\"article\" \/>\n<meta property=\"og:title\" content=\"Vitesse brid\u00e9e sur les futurs v\u00e9hicules Renault et Dacia - AutoJM Mag\" \/>\n<meta property=\"og:description\" content=\"La vitesse est l&#039;une des principales causes de mortalit\u00e9 routi\u00e8re. Les limitations de vitesse sont pourtant de moins en moins respect\u00e9es...\" \/>\n<meta property=\"og:url\" content=\"https:\/\/www.autojm.fr\/blog\/vitesse-bridee-sur-les-futurs-vehicules-renault-et-dacia\/\" \/>\n<meta property=\"og:site_name\" content=\"AutoJM Mag\" \/>\n<meta property=\"article:publisher\" content=\"https:\/\/www.facebook.com\/AutoJM25\" \/>\n<meta property=\"article:published_time\" content=\"2021-04-28T00:00:00+00:00\" \/>\n<meta property=\"article:modified_time\" content=\"2023-04-19T11:56:50+00:00\" \/>\n<meta property=\"og:image\" content=\"https:\/\/www.autojm.fr\/blog\/wp-content\/uploads\/2022\/10\/626.jpg\" \/>\n\t<meta property=\"og:image:width\" content=\"1024\" \/>\n\t<meta property=\"og:image:height\" content=\"465\" \/>\n\t<meta property=\"og:image:type\" content=\"image\/jpeg\" \/>\n<meta name=\"author\" content=\"Autojm\" \/>\n<meta name=\"twitter:card\" content=\"summary_large_image\" \/>\n<meta name=\"twitter:label1\" content=\"\u00c9crit par\" \/>\n\t<meta name=\"twitter:data1\" content=\"Autojm\" \/>\n\t<meta name=\"twitter:label2\" content=\"Dur\u00e9e de lecture estim\u00e9e\" \/>\n\t<meta name=\"twitter:data2\" content=\"3 minutes\" \/>\n<script type=\"application\/ld+json\" class=\"yoast-schema-graph\">{\"@context\":\"https:\\\/\\\/schema.org\",\"@graph\":[{\"@type\":\"Article\",\"@id\":\"https:\\\/\\\/www.autojm.fr\\\/blog\\\/vitesse-bridee-sur-les-futurs-vehicules-renault-et-dacia\\\/#article\",\"isPartOf\":{\"@id\":\"https:\\\/\\\/www.autojm.fr\\\/blog\\\/vitesse-bridee-sur-les-futurs-vehicules-renault-et-dacia\\\/\"},\"author\":{\"name\":\"Autojm\",\"@id\":\"https:\\\/\\\/www.autojm.fr\\\/blog\\\/#\\\/schema\\\/person\\\/9742bc77541853e0de81fc57f947e1a0\"},\"headline\":\"Vitesse brid\u00e9e sur les futurs v\u00e9hicules Renault et Dacia\",\"datePublished\":\"2021-04-28T00:00:00+00:00\",\"dateModified\":\"2023-04-19T11:56:50+00:00\",\"mainEntityOfPage\":{\"@id\":\"https:\\\/\\\/www.autojm.fr\\\/blog\\\/vitesse-bridee-sur-les-futurs-vehicules-renault-et-dacia\\\/\"},\"wordCount\":555,\"commentCount\":0,\"publisher\":{\"@id\":\"https:\\\/\\\/www.autojm.fr\\\/blog\\\/#organization\"},\"image\":{\"@id\":\"https:\\\/\\\/www.autojm.fr\\\/blog\\\/vitesse-bridee-sur-les-futurs-vehicules-renault-et-dacia\\\/#primaryimage\"},\"thumbnailUrl\":\"https:\\\/\\\/www.autojm.fr\\\/blog\\\/wp-content\\\/uploads\\\/2022\\\/10\\\/626.jpg\",\"keywords\":[\"autojm\",\"dacia\",\"renault\"],\"articleSection\":[\"Actualit\u00e9 Automobile\"],\"inLanguage\":\"fr-FR\",\"potentialAction\":[{\"@type\":\"CommentAction\",\"name\":\"Comment\",\"target\":[\"https:\\\/\\\/www.autojm.fr\\\/blog\\\/vitesse-bridee-sur-les-futurs-vehicules-renault-et-dacia\\\/#respond\"]}]},{\"@type\":\"WebPage\",\"@id\":\"https:\\\/\\\/www.autojm.fr\\\/blog\\\/vitesse-bridee-sur-les-futurs-vehicules-renault-et-dacia\\\/\",\"url\":\"https:\\\/\\\/www.autojm.fr\\\/blog\\\/vitesse-bridee-sur-les-futurs-vehicules-renault-et-dacia\\\/\",\"name\":\"Vitesse brid\u00e9e sur les futurs v\u00e9hicules Renault et Dacia - AutoJM Mag\",\"isPartOf\":{\"@id\":\"https:\\\/\\\/www.autojm.fr\\\/blog\\\/#website\"},\"primaryImageOfPage\":{\"@id\":\"https:\\\/\\\/www.autojm.fr\\\/blog\\\/vitesse-bridee-sur-les-futurs-vehicules-renault-et-dacia\\\/#primaryimage\"},\"image\":{\"@id\":\"https:\\\/\\\/www.autojm.fr\\\/blog\\\/vitesse-bridee-sur-les-futurs-vehicules-renault-et-dacia\\\/#primaryimage\"},\"thumbnailUrl\":\"https:\\\/\\\/www.autojm.fr\\\/blog\\\/wp-content\\\/uploads\\\/2022\\\/10\\\/626.jpg\",\"datePublished\":\"2021-04-28T00:00:00+00:00\",\"dateModified\":\"2023-04-19T11:56:50+00:00\",\"description\":\"La vitesse est l'une des principales causes de mortalit\u00e9 routi\u00e8re. Les limitations de vitesse sont pourtant de moins en moins respect\u00e9es...\",\"breadcrumb\":{\"@id\":\"https:\\\/\\\/www.autojm.fr\\\/blog\\\/vitesse-bridee-sur-les-futurs-vehicules-renault-et-dacia\\\/#breadcrumb\"},\"inLanguage\":\"fr-FR\",\"potentialAction\":[{\"@type\":\"ReadAction\",\"target\":[\"https:\\\/\\\/www.autojm.fr\\\/blog\\\/vitesse-bridee-sur-les-futurs-vehicules-renault-et-dacia\\\/\"]}]},{\"@type\":\"ImageObject\",\"inLanguage\":\"fr-FR\",\"@id\":\"https:\\\/\\\/www.autojm.fr\\\/blog\\\/vitesse-bridee-sur-les-futurs-vehicules-renault-et-dacia\\\/#primaryimage\",\"url\":\"https:\\\/\\\/www.autojm.fr\\\/blog\\\/wp-content\\\/uploads\\\/2022\\\/10\\\/626.jpg\",\"contentUrl\":\"https:\\\/\\\/www.autojm.fr\\\/blog\\\/wp-content\\\/uploads\\\/2022\\\/10\\\/626.jpg\",\"width\":1024,\"height\":465,\"caption\":\"Renault et Dacia\"},{\"@type\":\"BreadcrumbList\",\"@id\":\"https:\\\/\\\/www.autojm.fr\\\/blog\\\/vitesse-bridee-sur-les-futurs-vehicules-renault-et-dacia\\\/#breadcrumb\",\"itemListElement\":[{\"@type\":\"ListItem\",\"position\":1,\"name\":\"Accueil\",\"item\":\"https:\\\/\\\/www.autojm.fr\\\/blog\\\/\"},{\"@type\":\"ListItem\",\"position\":2,\"name\":\"Actualit\u00e9 Automobile\",\"item\":\"https:\\\/\\\/www.autojm.fr\\\/blog\\\/actualite-automobile\\\/\"},{\"@type\":\"ListItem\",\"position\":3,\"name\":\"Vitesse brid\u00e9e sur les futurs v\u00e9hicules Renault et Dacia\"}]},{\"@type\":\"WebSite\",\"@id\":\"https:\\\/\\\/www.autojm.fr\\\/blog\\\/#website\",\"url\":\"https:\\\/\\\/www.autojm.fr\\\/blog\\\/\",\"name\":\"AutoJM Mag\",\"description\":\"Toute l&#039;actu auto en 1 clic !\",\"publisher\":{\"@id\":\"https:\\\/\\\/www.autojm.fr\\\/blog\\\/#organization\"},\"potentialAction\":[{\"@type\":\"SearchAction\",\"target\":{\"@type\":\"EntryPoint\",\"urlTemplate\":\"https:\\\/\\\/www.autojm.fr\\\/blog\\\/?s={search_term_string}\"},\"query-input\":{\"@type\":\"PropertyValueSpecification\",\"valueRequired\":true,\"valueName\":\"search_term_string\"}}],\"inLanguage\":\"fr-FR\"},{\"@type\":\"Organization\",\"@id\":\"https:\\\/\\\/www.autojm.fr\\\/blog\\\/#organization\",\"name\":\"AutoJM Mag\",\"url\":\"https:\\\/\\\/www.autojm.fr\\\/blog\\\/\",\"logo\":{\"@type\":\"ImageObject\",\"inLanguage\":\"fr-FR\",\"@id\":\"https:\\\/\\\/www.autojm.fr\\\/blog\\\/#\\\/schema\\\/logo\\\/image\\\/\",\"url\":\"https:\\\/\\\/www.autojm.fr\\\/blog\\\/wp-content\\\/uploads\\\/2022\\\/12\\\/cropped-AutoJMag-png.png\",\"contentUrl\":\"https:\\\/\\\/www.autojm.fr\\\/blog\\\/wp-content\\\/uploads\\\/2022\\\/12\\\/cropped-AutoJMag-png.png\",\"width\":2834,\"height\":585,\"caption\":\"AutoJM Mag\"},\"image\":{\"@id\":\"https:\\\/\\\/www.autojm.fr\\\/blog\\\/#\\\/schema\\\/logo\\\/image\\\/\"},\"sameAs\":[\"https:\\\/\\\/www.facebook.com\\\/AutoJM25\"]},{\"@type\":\"Person\",\"@id\":\"https:\\\/\\\/www.autojm.fr\\\/blog\\\/#\\\/schema\\\/person\\\/9742bc77541853e0de81fc57f947e1a0\",\"name\":\"Autojm\",\"image\":{\"@type\":\"ImageObject\",\"inLanguage\":\"fr-FR\",\"@id\":\"https:\\\/\\\/secure.gravatar.com\\\/avatar\\\/9a959d52b758fcc232fe4b6aca7bab139182573297122cce7d6f2ee0e537b418?s=96&d=mm&r=g\",\"url\":\"https:\\\/\\\/secure.gravatar.com\\\/avatar\\\/9a959d52b758fcc232fe4b6aca7bab139182573297122cce7d6f2ee0e537b418?s=96&d=mm&r=g\",\"contentUrl\":\"https:\\\/\\\/secure.gravatar.com\\\/avatar\\\/9a959d52b758fcc232fe4b6aca7bab139182573297122cce7d6f2ee0e537b418?s=96&d=mm&r=g\",\"caption\":\"Autojm\"},\"sameAs\":[\"https:\\\/\\\/www.autojm.fr\\\/blog\"],\"url\":\"https:\\\/\\\/www.autojm.fr\\\/blog\\\/author\\\/bichoi\\\/\"}]}<\/script>\n<!-- \/ Yoast SEO plugin. -->","yoast_head_json":{"title":"Vitesse brid\u00e9e sur les futurs v\u00e9hicules Renault et Dacia - AutoJM Mag","description":"La vitesse est l'une des principales causes de mortalit\u00e9 routi\u00e8re. Les limitations de vitesse sont pourtant de moins en moins respect\u00e9es...","robots":{"index":"index","follow":"follow","max-snippet":"max-snippet:-1","max-image-preview":"max-image-preview:large","max-video-preview":"max-video-preview:-1"},"canonical":"https:\/\/www.autojm.fr\/blog\/vitesse-bridee-sur-les-futurs-vehicules-renault-et-dacia\/","og_locale":"fr_FR","og_type":"article","og_title":"Vitesse brid\u00e9e sur les futurs v\u00e9hicules Renault et Dacia - AutoJM Mag","og_description":"La vitesse est l'une des principales causes de mortalit\u00e9 routi\u00e8re. Les limitations de vitesse sont pourtant de moins en moins respect\u00e9es...","og_url":"https:\/\/www.autojm.fr\/blog\/vitesse-bridee-sur-les-futurs-vehicules-renault-et-dacia\/","og_site_name":"AutoJM Mag","article_publisher":"https:\/\/www.facebook.com\/AutoJM25","article_published_time":"2021-04-28T00:00:00+00:00","article_modified_time":"2023-04-19T11:56:50+00:00","og_image":[{"width":1024,"height":465,"url":"https:\/\/www.autojm.fr\/blog\/wp-content\/uploads\/2022\/10\/626.jpg","type":"image\/jpeg"}],"author":"Autojm","twitter_card":"summary_large_image","twitter_misc":{"\u00c9crit par":"Autojm","Dur\u00e9e de lecture estim\u00e9e":"3 minutes"},"schema":{"@context":"https:\/\/schema.org","@graph":[{"@type":"Article","@id":"https:\/\/www.autojm.fr\/blog\/vitesse-bridee-sur-les-futurs-vehicules-renault-et-dacia\/#article","isPartOf":{"@id":"https:\/\/www.autojm.fr\/blog\/vitesse-bridee-sur-les-futurs-vehicules-renault-et-dacia\/"},"author":{"name":"Autojm","@id":"https:\/\/www.autojm.fr\/blog\/#\/schema\/person\/9742bc77541853e0de81fc57f947e1a0"},"headline":"Vitesse brid\u00e9e sur les futurs v\u00e9hicules Renault et Dacia","datePublished":"2021-04-28T00:00:00+00:00","dateModified":"2023-04-19T11:56:50+00:00","mainEntityOfPage":{"@id":"https:\/\/www.autojm.fr\/blog\/vitesse-bridee-sur-les-futurs-vehicules-renault-et-dacia\/"},"wordCount":555,"commentCount":0,"publisher":{"@id":"https:\/\/www.autojm.fr\/blog\/#organization"},"image":{"@id":"https:\/\/www.autojm.fr\/blog\/vitesse-bridee-sur-les-futurs-vehicules-renault-et-dacia\/#primaryimage"},"thumbnailUrl":"https:\/\/www.autojm.fr\/blog\/wp-content\/uploads\/2022\/10\/626.jpg","keywords":["autojm","dacia","renault"],"articleSection":["Actualit\u00e9 Automobile"],"inLanguage":"fr-FR","potentialAction":[{"@type":"CommentAction","name":"Comment","target":["https:\/\/www.autojm.fr\/blog\/vitesse-bridee-sur-les-futurs-vehicules-renault-et-dacia\/#respond"]}]},{"@type":"WebPage","@id":"https:\/\/www.autojm.fr\/blog\/vitesse-bridee-sur-les-futurs-vehicules-renault-et-dacia\/","url":"https:\/\/www.autojm.fr\/blog\/vitesse-bridee-sur-les-futurs-vehicules-renault-et-dacia\/","name":"Vitesse brid\u00e9e sur les futurs v\u00e9hicules Renault et Dacia - AutoJM Mag","isPartOf":{"@id":"https:\/\/www.autojm.fr\/blog\/#website"},"primaryImageOfPage":{"@id":"https:\/\/www.autojm.fr\/blog\/vitesse-bridee-sur-les-futurs-vehicules-renault-et-dacia\/#primaryimage"},"image":{"@id":"https:\/\/www.autojm.fr\/blog\/vitesse-bridee-sur-les-futurs-vehicules-renault-et-dacia\/#primaryimage"},"thumbnailUrl":"https:\/\/www.autojm.fr\/blog\/wp-content\/uploads\/2022\/10\/626.jpg","datePublished":"2021-04-28T00:00:00+00:00","dateModified":"2023-04-19T11:56:50+00:00","description":"La vitesse est l'une des principales causes de mortalit\u00e9 routi\u00e8re. Les limitations de vitesse sont pourtant de moins en moins respect\u00e9es...","breadcrumb":{"@id":"https:\/\/www.autojm.fr\/blog\/vitesse-bridee-sur-les-futurs-vehicules-renault-et-dacia\/#breadcrumb"},"inLanguage":"fr-FR","potentialAction":[{"@type":"ReadAction","target":["https:\/\/www.autojm.fr\/blog\/vitesse-bridee-sur-les-futurs-vehicules-renault-et-dacia\/"]}]},{"@type":"ImageObject","inLanguage":"fr-FR","@id":"https:\/\/www.autojm.fr\/blog\/vitesse-bridee-sur-les-futurs-vehicules-renault-et-dacia\/#primaryimage","url":"https:\/\/www.autojm.fr\/blog\/wp-content\/uploads\/2022\/10\/626.jpg","contentUrl":"https:\/\/www.autojm.fr\/blog\/wp-content\/uploads\/2022\/10\/626.jpg","width":1024,"height":465,"caption":"Renault et Dacia"},{"@type":"BreadcrumbList","@id":"https:\/\/www.autojm.fr\/blog\/vitesse-bridee-sur-les-futurs-vehicules-renault-et-dacia\/#breadcrumb","itemListElement":[{"@type":"ListItem","position":1,"name":"Accueil","item":"https:\/\/www.autojm.fr\/blog\/"},{"@type":"ListItem","position":2,"name":"Actualit\u00e9 Automobile","item":"https:\/\/www.autojm.fr\/blog\/actualite-automobile\/"},{"@type":"ListItem","position":3,"name":"Vitesse brid\u00e9e sur les futurs v\u00e9hicules Renault et Dacia"}]},{"@type":"WebSite","@id":"https:\/\/www.autojm.fr\/blog\/#website","url":"https:\/\/www.autojm.fr\/blog\/","name":"AutoJM Mag","description":"Toute l&#039;actu auto en 1 clic !","publisher":{"@id":"https:\/\/www.autojm.fr\/blog\/#organization"},"potentialAction":[{"@type":"SearchAction","target":{"@type":"EntryPoint","urlTemplate":"https:\/\/www.autojm.fr\/blog\/?s={search_term_string}"},"query-input":{"@type":"PropertyValueSpecification","valueRequired":true,"valueName":"search_term_string"}}],"inLanguage":"fr-FR"},{"@type":"Organization","@id":"https:\/\/www.autojm.fr\/blog\/#organization","name":"AutoJM Mag","url":"https:\/\/www.autojm.fr\/blog\/","logo":{"@type":"ImageObject","inLanguage":"fr-FR","@id":"https:\/\/www.autojm.fr\/blog\/#\/schema\/logo\/image\/","url":"https:\/\/www.autojm.fr\/blog\/wp-content\/uploads\/2022\/12\/cropped-AutoJMag-png.png","contentUrl":"https:\/\/www.autojm.fr\/blog\/wp-content\/uploads\/2022\/12\/cropped-AutoJMag-png.png","width":2834,"height":585,"caption":"AutoJM Mag"},"image":{"@id":"https:\/\/www.autojm.fr\/blog\/#\/schema\/logo\/image\/"},"sameAs":["https:\/\/www.facebook.com\/AutoJM25"]},{"@type":"Person","@id":"https:\/\/www.autojm.fr\/blog\/#\/schema\/person\/9742bc77541853e0de81fc57f947e1a0","name":"Autojm","image":{"@type":"ImageObject","inLanguage":"fr-FR","@id":"https:\/\/secure.gravatar.com\/avatar\/9a959d52b758fcc232fe4b6aca7bab139182573297122cce7d6f2ee0e537b418?s=96&d=mm&r=g","url":"https:\/\/secure.gravatar.com\/avatar\/9a959d52b758fcc232fe4b6aca7bab139182573297122cce7d6f2ee0e537b418?s=96&d=mm&r=g","contentUrl":"https:\/\/secure.gravatar.com\/avatar\/9a959d52b758fcc232fe4b6aca7bab139182573297122cce7d6f2ee0e537b418?s=96&d=mm&r=g","caption":"Autojm"},"sameAs":["https:\/\/www.autojm.fr\/blog"],"url":"https:\/\/www.autojm.fr\/blog\/author\/bichoi\/"}]}},"_links":{"self":[{"href":"https:\/\/www.autojm.fr\/blog\/wp-json\/wp\/v2\/posts\/3896","targetHints":{"allow":["GET"]}}],"collection":[{"href":"https:\/\/www.autojm.fr\/blog\/wp-json\/wp\/v2\/posts"}],"about":[{"href":"https:\/\/www.autojm.fr\/blog\/wp-json\/wp\/v2\/types\/post"}],"author":[{"embeddable":true,"href":"https:\/\/www.autojm.fr\/blog\/wp-json\/wp\/v2\/users\/1"}],"replies":[{"embeddable":true,"href":"https:\/\/www.autojm.fr\/blog\/wp-json\/wp\/v2\/comments?post=3896"}],"version-history":[{"count":6,"href":"https:\/\/www.autojm.fr\/blog\/wp-json\/wp\/v2\/posts\/3896\/revisions"}],"predecessor-version":[{"id":9521,"href":"https:\/\/www.autojm.fr\/blog\/wp-json\/wp\/v2\/posts\/3896\/revisions\/9521"}],"wp:featuredmedia":[{"embeddable":true,"href":"https:\/\/www.autojm.fr\/blog\/wp-json\/wp\/v2\/media\/5954"}],"wp:attachment":[{"href":"https:\/\/www.autojm.fr\/blog\/wp-json\/wp\/v2\/media?parent=3896"}],"wp:term":[{"taxonomy":"category","embeddable":true,"href":"https:\/\/www.autojm.fr\/blog\/wp-json\/wp\/v2\/categories?post=3896"},{"taxonomy":"post_tag","embeddable":true,"href":"https:\/\/www.autojm.fr\/blog\/wp-json\/wp\/v2\/tags?post=3896"}],"curies":[{"name":"wp","href":"https:\/\/api.w.org\/{rel}","templated":true}]}}