{"id":3893,"date":"2021-03-19T00:00:00","date_gmt":"2021-03-19T00:00:00","guid":{"rendered":"https:\/\/www.autojm.fr\/blog\/voitures-francaises-les-nouveautes-attendues-en-2021\/"},"modified":"2023-04-17T14:38:57","modified_gmt":"2023-04-17T14:38:57","slug":"voitures-francaises-les-nouveautes-attendues-en-2021","status":"publish","type":"post","link":"https:\/\/www.autojm.fr\/blog\/voitures-francaises-les-nouveautes-attendues-en-2021\/","title":{"rendered":"Voitures fran\u00e7aises : les nouveaut\u00e9s attendues en 2021"},"content":{"rendered":"<p>L&rsquo;ann\u00e9e 2021 sera-t-elle un grand cru c\u00f4t\u00e9 automobile ? On sait d\u00e9j\u00e0 que cette ann\u00e9e est celle de l&rsquo;arriv\u00e9e des nouveaux logos Peugeot et Renault, d\u00e9j\u00e0 d\u00e9voil\u00e9s mais dont les mod\u00e8les d&rsquo;inauguration se font encore attendre. Alors quels sont ces mod\u00e8les qui marqueront un tournant dans l&rsquo;histoire des deux marques fran\u00e7aises concurrentes ? Et quels mod\u00e8les fran\u00e7ais seront \u00e0 leurs c\u00f4t\u00e9s pour marquer cette ann\u00e9e 2021 ?<\/p>\n<h2>Nouveaut\u00e9s Peugeot 2021<\/h2>\n<p>La marque au Lion a d\u00e9j\u00e0 les projecteurs sur elle pour ce d\u00e9but d&rsquo;ann\u00e9e, gr\u00e2ce \u00e0 l&rsquo;arriv\u00e9e sur les routes des nouveaux <strong><a href=\"https:\/\/www.autojm.fr\/achat-voitures-neuves-peugeot-nouveau-3008-suv-2021-5p?part=blog&amp;utm_source=articleblog180321&amp;utm_medium=blog\">Peugeot 3008<\/a><\/strong> et <strong><a href=\"https:\/\/www.autojm.fr\/achat-voitures-neuves-peugeot-nouveau-5008-suv-2021-5p-1?part=blog&amp;utm_source=articleblog180321&amp;utm_medium=blog\">Peugeot 5008<\/a><\/strong>, donc le look ne passe pas inaper\u00e7u. Et ce ne seront pas les seules Lionnes \u00e0 se faire remarquer : Peugeot a lev\u00e9 aujourd&rsquo;hui le voile sur le visage de la <strong><a href=\"https:\/\/www.autojm.fr\/achat-voitures-neuves-peugeot-peugeot-nouvelle-308-2021-5p?part=blog&amp;utm_source=articleblog180321&amp;utm_medium=blog\">Peugeot 308 2021<\/a><\/strong>, la nouvelle g\u00e9n\u00e9ration de la berline qui inaugure le nouveau logo Peugeot. On d\u00e9couvrira \u00e9galement cette ann\u00e9e sur les routes les Peugeot <strong>508 PSE et Peugeot 508 SW PSE<\/strong>, les versions les plus sportives d\u00e9velopp\u00e9es par le label Peugeot Sport Engineered. C\u00f4t\u00e9 mod\u00e8les \u00e9lectriques, Peugeot a annonc\u00e9 l&rsquo;arriv\u00e9e du e-Partner sur les routes pour le printemps. On devrait \u00e9galement d\u00e9couvrir la <strong>208 PSE \u00e9lectrique<\/strong>, un mix entre performances et consommation limit\u00e9e. Enfin, la <strong>nouvelle 308 SW<\/strong> sera r\u00e9v\u00e9l\u00e9e d&rsquo;ici cet \u00e9t\u00e9, pour une arriv\u00e9e sur les routes d\u00e9but 2022.<\/p>\n<p><iframe loading=\"lazy\" src=\"https:\/\/www.youtube.com\/embed\/flzZZC23TV4\" width=\"100%\" height=\"315\" allowfullscreen=\"allowfullscreen\"><\/iframe><\/p>\n<h2>Nouveaut\u00e9s Renault 2021<\/h2>\n<p>Renault oscille pour cette ann\u00e9e 2021 entre les d\u00e9clinaisons \u00e9lectriques, hybrides rechargeables et les nouveaux SUV. Du c\u00f4t\u00e9 des nouveaut\u00e9s, l&rsquo;ann\u00e9e commence avec l&rsquo;arriv\u00e9e du Renault Koleos restyl\u00e9, suivi par le <strong>Renault Arkana<\/strong> qui sera lanc\u00e9 au printemps. Enfin, la troisi\u00e8me g\u00e9n\u00e9ration du Renault Kangoo arrivera au deuxi\u00e8me trimestre, et le nouveau <strong>Renault Kadjar <\/strong>sera pr\u00e9sent\u00e9 \u00e0 la fin de l&rsquo;ann\u00e9e pour clore les nouveaut\u00e9s Renault. Les versions e-TECH et RS Line du <strong><a href=\"https:\/\/www.autojm.fr\/achat-voitures-neuves-renault-captur-2019-5p?part=blog&amp;utm_source=articleblog180321&amp;utm_medium=blog\">Renault Captur<\/a><\/strong> seront lanc\u00e9es au printemps, tout comme la Renault Megane E-Tech PHEV et le Kangoo 3 Electric. Le Renault Arkana E-tech hybride sera lanc\u00e9 \u00e0 la fin du premier semestre, et la rentr\u00e9e 2021 cl\u00f4turera la sortie des mod\u00e8les propres Renault avec la <strong>Megane Electric<\/strong> qui sera pr\u00e9sent\u00e9e, pour un lancement \u00e0 la fin de l&rsquo;ann\u00e9e.<\/p>\n<h2>Nouveaut\u00e9s Citro\u00ebn 2021<\/h2>\n<p>D\u00e9j\u00e0 r\u00e9v\u00e9l\u00e9, le Citro\u00ebn C3 Aircross restyl\u00e9 ouvre le bal des nouveaut\u00e9s Citro\u00ebn de l&rsquo;ann\u00e9e 2021. Il est suivi par le <strong><a href=\"https:\/\/www.youtube.com\/watch?v=goSwkt40Oxs&amp;t=13s\">berlingo<\/a><\/strong> \u00e9lectrique (ou e-berlingo). Mais c&rsquo;est la <strong>Citro\u00ebn C5<\/strong> qui est la plus attendue pour cette ann\u00e9e, avec une pr\u00e9sentation officielle au printemps et une arriv\u00e9e sur les routes en automne. Reste \u00e0 savoir si, comme pour la C4, Citro\u00ebn tentera de casser les codes et faire dans l&rsquo;original pour ce mod\u00e8le remis \u00e0 jour.<\/p>\n<h2>Nouveaut\u00e9s DS 2021<\/h2>\n<p>Du c\u00f4t\u00e9 de la marque premium DS, il faudra attendre la fin du premier semestre pour le lancement de la <strong><a href=\"https:\/\/www.autojm.fr\/achat-voitures-neuves-ds-ds-9-5p?part=blog&amp;utm_source=articleblog180321&amp;utm_medium=blog\">DS9<\/a><\/strong>, qui sera sur les routes d&rsquo;ici la fin de l&rsquo;ann\u00e9e, suivie par sa version E-tense 360. La <strong>DS4<\/strong> sera lanc\u00e9e en fin d&rsquo;ann\u00e9e 2021, il faudra donc attendre quelques mois pour voir les nouveaut\u00e9s DS sur les routes du territoire.<\/p>\n<p style=\"margin-top: 1.75em; margin-bottom: 1.75em; font-size: 0.813em; line-height: 1.5em; color: #666666; font-family: Arial, Helvetica, sans-serif;\"><span style=\"font-variant-numeric: normal; font-variant-east-asian: normal; background-color: transparent; text-align: justify; color: #000000; font-family: Arial; font-size: 14.66px; vertical-align: baseline; white-space: pre-wrap;\">\u2026 N&rsquo;oubliez-pas de nous suivre sur Facebook, Instagram, Youtube et LinkedIn !<\/span><\/p>\n<p style=\"margin-top: 1.75em; margin-bottom: 1.75em; font-size: 0.813em; line-height: 1.5em; color: #666666; font-family: Arial, Helvetica, sans-serif;\"><span style=\"font-weight: bold;\">\u00a0 <\/span><\/p>\n","protected":false},"excerpt":{"rendered":"<p>L&rsquo;ann\u00e9e 2021 sera-t-elle un grand cru c\u00f4t\u00e9 automobile ? On sait d\u00e9j\u00e0 que cette ann\u00e9e est celle de l&rsquo;arriv\u00e9e des nouveaux logos Peugeot et Renault, d\u00e9j\u00e0 d\u00e9voil\u00e9s mais dont les mod\u00e8les d&rsquo;inauguration se font encore attendre.<\/p>\n","protected":false},"author":1,"featured_media":7067,"comment_status":"open","ping_status":"open","sticky":false,"template":"","format":"standard","meta":{"_acf_changed":false,"content-type":"","footnotes":""},"categories":[61],"tags":[90,73,159,153,160,138],"class_list":["post-3893","post","type-post","status-publish","format-standard","has-post-thumbnail","hentry","category-nouveautes-autos","tag-autojm","tag-peugeot","tag-peugeot-3008","tag-peugeot-308","tag-peugeot-5008","tag-peugeot-508-sw"],"acf":[],"yoast_head":"<!-- This site is optimized with the Yoast SEO plugin v27.5 - https:\/\/yoast.com\/product\/yoast-seo-wordpress\/ -->\n<title>Voitures fran\u00e7aises : les nouveaut\u00e9s attendues en 2021<\/title>\n<meta name=\"description\" content=\"L&#039;ann\u00e9e 2021 sera-t-elle un grand cru c\u00f4t\u00e9 automobile ? On sait d\u00e9j\u00e0 que cette ann\u00e9e est celle de l&#039;arriv\u00e9e des nouveaux logos Peugeot et...\" \/>\n<meta name=\"robots\" content=\"index, follow, max-snippet:-1, max-image-preview:large, max-video-preview:-1\" \/>\n<link rel=\"canonical\" href=\"https:\/\/www.autojm.fr\/blog\/voitures-francaises-les-nouveautes-attendues-en-2021\/\" \/>\n<meta property=\"og:locale\" content=\"fr_FR\" \/>\n<meta property=\"og:type\" content=\"article\" \/>\n<meta property=\"og:title\" content=\"Voitures fran\u00e7aises : les nouveaut\u00e9s attendues en 2021\" \/>\n<meta property=\"og:description\" content=\"L&#039;ann\u00e9e 2021 sera-t-elle un grand cru c\u00f4t\u00e9 automobile ? On sait d\u00e9j\u00e0 que cette ann\u00e9e est celle de l&#039;arriv\u00e9e des nouveaux logos Peugeot et...\" \/>\n<meta property=\"og:url\" content=\"https:\/\/www.autojm.fr\/blog\/voitures-francaises-les-nouveautes-attendues-en-2021\/\" \/>\n<meta property=\"og:site_name\" content=\"AutoJM Mag\" \/>\n<meta property=\"article:publisher\" content=\"https:\/\/www.facebook.com\/AutoJM25\" \/>\n<meta property=\"article:published_time\" content=\"2021-03-19T00:00:00+00:00\" \/>\n<meta property=\"article:modified_time\" content=\"2023-04-17T14:38:57+00:00\" \/>\n<meta property=\"og:image\" content=\"https:\/\/www.autojm.fr\/blog\/wp-content\/uploads\/2021\/03\/5008.jpg\" \/>\n\t<meta property=\"og:image:width\" content=\"1738\" \/>\n\t<meta property=\"og:image:height\" content=\"1304\" \/>\n\t<meta property=\"og:image:type\" content=\"image\/jpeg\" \/>\n<meta name=\"author\" content=\"Autojm\" \/>\n<meta name=\"twitter:card\" content=\"summary_large_image\" \/>\n<meta name=\"twitter:label1\" content=\"\u00c9crit par\" \/>\n\t<meta name=\"twitter:data1\" content=\"Autojm\" \/>\n\t<meta name=\"twitter:label2\" content=\"Dur\u00e9e de lecture estim\u00e9e\" \/>\n\t<meta name=\"twitter:data2\" content=\"3 minutes\" \/>\n<script type=\"application\/ld+json\" class=\"yoast-schema-graph\">{\"@context\":\"https:\\\/\\\/schema.org\",\"@graph\":[{\"@type\":\"Article\",\"@id\":\"https:\\\/\\\/www.autojm.fr\\\/blog\\\/voitures-francaises-les-nouveautes-attendues-en-2021\\\/#article\",\"isPartOf\":{\"@id\":\"https:\\\/\\\/www.autojm.fr\\\/blog\\\/voitures-francaises-les-nouveautes-attendues-en-2021\\\/\"},\"author\":{\"name\":\"Autojm\",\"@id\":\"https:\\\/\\\/www.autojm.fr\\\/blog\\\/#\\\/schema\\\/person\\\/9742bc77541853e0de81fc57f947e1a0\"},\"headline\":\"Voitures fran\u00e7aises : les nouveaut\u00e9s attendues en 2021\",\"datePublished\":\"2021-03-19T00:00:00+00:00\",\"dateModified\":\"2023-04-17T14:38:57+00:00\",\"mainEntityOfPage\":{\"@id\":\"https:\\\/\\\/www.autojm.fr\\\/blog\\\/voitures-francaises-les-nouveautes-attendues-en-2021\\\/\"},\"wordCount\":562,\"commentCount\":0,\"publisher\":{\"@id\":\"https:\\\/\\\/www.autojm.fr\\\/blog\\\/#organization\"},\"image\":{\"@id\":\"https:\\\/\\\/www.autojm.fr\\\/blog\\\/voitures-francaises-les-nouveautes-attendues-en-2021\\\/#primaryimage\"},\"thumbnailUrl\":\"https:\\\/\\\/www.autojm.fr\\\/blog\\\/wp-content\\\/uploads\\\/2021\\\/03\\\/5008.jpg\",\"keywords\":[\"autojm\",\"peugeot\",\"Peugeot 3008\",\"Peugeot 308\",\"Peugeot 5008\",\"Peugeot 508 SW\"],\"articleSection\":[\"Nouveaut\u00e9s Autos\"],\"inLanguage\":\"fr-FR\",\"potentialAction\":[{\"@type\":\"CommentAction\",\"name\":\"Comment\",\"target\":[\"https:\\\/\\\/www.autojm.fr\\\/blog\\\/voitures-francaises-les-nouveautes-attendues-en-2021\\\/#respond\"]}]},{\"@type\":\"WebPage\",\"@id\":\"https:\\\/\\\/www.autojm.fr\\\/blog\\\/voitures-francaises-les-nouveautes-attendues-en-2021\\\/\",\"url\":\"https:\\\/\\\/www.autojm.fr\\\/blog\\\/voitures-francaises-les-nouveautes-attendues-en-2021\\\/\",\"name\":\"Voitures fran\u00e7aises : les nouveaut\u00e9s attendues en 2021\",\"isPartOf\":{\"@id\":\"https:\\\/\\\/www.autojm.fr\\\/blog\\\/#website\"},\"primaryImageOfPage\":{\"@id\":\"https:\\\/\\\/www.autojm.fr\\\/blog\\\/voitures-francaises-les-nouveautes-attendues-en-2021\\\/#primaryimage\"},\"image\":{\"@id\":\"https:\\\/\\\/www.autojm.fr\\\/blog\\\/voitures-francaises-les-nouveautes-attendues-en-2021\\\/#primaryimage\"},\"thumbnailUrl\":\"https:\\\/\\\/www.autojm.fr\\\/blog\\\/wp-content\\\/uploads\\\/2021\\\/03\\\/5008.jpg\",\"datePublished\":\"2021-03-19T00:00:00+00:00\",\"dateModified\":\"2023-04-17T14:38:57+00:00\",\"description\":\"L'ann\u00e9e 2021 sera-t-elle un grand cru c\u00f4t\u00e9 automobile ? On sait d\u00e9j\u00e0 que cette ann\u00e9e est celle de l'arriv\u00e9e des nouveaux logos Peugeot et...\",\"breadcrumb\":{\"@id\":\"https:\\\/\\\/www.autojm.fr\\\/blog\\\/voitures-francaises-les-nouveautes-attendues-en-2021\\\/#breadcrumb\"},\"inLanguage\":\"fr-FR\",\"potentialAction\":[{\"@type\":\"ReadAction\",\"target\":[\"https:\\\/\\\/www.autojm.fr\\\/blog\\\/voitures-francaises-les-nouveautes-attendues-en-2021\\\/\"]}]},{\"@type\":\"ImageObject\",\"inLanguage\":\"fr-FR\",\"@id\":\"https:\\\/\\\/www.autojm.fr\\\/blog\\\/voitures-francaises-les-nouveautes-attendues-en-2021\\\/#primaryimage\",\"url\":\"https:\\\/\\\/www.autojm.fr\\\/blog\\\/wp-content\\\/uploads\\\/2021\\\/03\\\/5008.jpg\",\"contentUrl\":\"https:\\\/\\\/www.autojm.fr\\\/blog\\\/wp-content\\\/uploads\\\/2021\\\/03\\\/5008.jpg\",\"width\":1738,\"height\":1304,\"caption\":\"Peugeot 5008\"},{\"@type\":\"BreadcrumbList\",\"@id\":\"https:\\\/\\\/www.autojm.fr\\\/blog\\\/voitures-francaises-les-nouveautes-attendues-en-2021\\\/#breadcrumb\",\"itemListElement\":[{\"@type\":\"ListItem\",\"position\":1,\"name\":\"Accueil\",\"item\":\"https:\\\/\\\/www.autojm.fr\\\/blog\\\/\"},{\"@type\":\"ListItem\",\"position\":2,\"name\":\"Nouveaut\u00e9s Autos\",\"item\":\"https:\\\/\\\/www.autojm.fr\\\/blog\\\/nouveautes-autos\\\/\"},{\"@type\":\"ListItem\",\"position\":3,\"name\":\"Voitures fran\u00e7aises : les nouveaut\u00e9s attendues en 2021\"}]},{\"@type\":\"WebSite\",\"@id\":\"https:\\\/\\\/www.autojm.fr\\\/blog\\\/#website\",\"url\":\"https:\\\/\\\/www.autojm.fr\\\/blog\\\/\",\"name\":\"AutoJM Mag\",\"description\":\"Toute l&#039;actu auto en 1 clic !\",\"publisher\":{\"@id\":\"https:\\\/\\\/www.autojm.fr\\\/blog\\\/#organization\"},\"potentialAction\":[{\"@type\":\"SearchAction\",\"target\":{\"@type\":\"EntryPoint\",\"urlTemplate\":\"https:\\\/\\\/www.autojm.fr\\\/blog\\\/?s={search_term_string}\"},\"query-input\":{\"@type\":\"PropertyValueSpecification\",\"valueRequired\":true,\"valueName\":\"search_term_string\"}}],\"inLanguage\":\"fr-FR\"},{\"@type\":\"Organization\",\"@id\":\"https:\\\/\\\/www.autojm.fr\\\/blog\\\/#organization\",\"name\":\"AutoJM Mag\",\"url\":\"https:\\\/\\\/www.autojm.fr\\\/blog\\\/\",\"logo\":{\"@type\":\"ImageObject\",\"inLanguage\":\"fr-FR\",\"@id\":\"https:\\\/\\\/www.autojm.fr\\\/blog\\\/#\\\/schema\\\/logo\\\/image\\\/\",\"url\":\"https:\\\/\\\/www.autojm.fr\\\/blog\\\/wp-content\\\/uploads\\\/2022\\\/12\\\/cropped-AutoJMag-png.png\",\"contentUrl\":\"https:\\\/\\\/www.autojm.fr\\\/blog\\\/wp-content\\\/uploads\\\/2022\\\/12\\\/cropped-AutoJMag-png.png\",\"width\":2834,\"height\":585,\"caption\":\"AutoJM Mag\"},\"image\":{\"@id\":\"https:\\\/\\\/www.autojm.fr\\\/blog\\\/#\\\/schema\\\/logo\\\/image\\\/\"},\"sameAs\":[\"https:\\\/\\\/www.facebook.com\\\/AutoJM25\"]},{\"@type\":\"Person\",\"@id\":\"https:\\\/\\\/www.autojm.fr\\\/blog\\\/#\\\/schema\\\/person\\\/9742bc77541853e0de81fc57f947e1a0\",\"name\":\"Autojm\",\"image\":{\"@type\":\"ImageObject\",\"inLanguage\":\"fr-FR\",\"@id\":\"https:\\\/\\\/secure.gravatar.com\\\/avatar\\\/9a959d52b758fcc232fe4b6aca7bab139182573297122cce7d6f2ee0e537b418?s=96&d=mm&r=g\",\"url\":\"https:\\\/\\\/secure.gravatar.com\\\/avatar\\\/9a959d52b758fcc232fe4b6aca7bab139182573297122cce7d6f2ee0e537b418?s=96&d=mm&r=g\",\"contentUrl\":\"https:\\\/\\\/secure.gravatar.com\\\/avatar\\\/9a959d52b758fcc232fe4b6aca7bab139182573297122cce7d6f2ee0e537b418?s=96&d=mm&r=g\",\"caption\":\"Autojm\"},\"sameAs\":[\"https:\\\/\\\/www.autojm.fr\\\/blog\"],\"url\":\"https:\\\/\\\/www.autojm.fr\\\/blog\\\/author\\\/bichoi\\\/\"}]}<\/script>\n<!-- \/ Yoast SEO plugin. -->","yoast_head_json":{"title":"Voitures fran\u00e7aises : les nouveaut\u00e9s attendues en 2021","description":"L'ann\u00e9e 2021 sera-t-elle un grand cru c\u00f4t\u00e9 automobile ? On sait d\u00e9j\u00e0 que cette ann\u00e9e est celle de l'arriv\u00e9e des nouveaux logos Peugeot et...","robots":{"index":"index","follow":"follow","max-snippet":"max-snippet:-1","max-image-preview":"max-image-preview:large","max-video-preview":"max-video-preview:-1"},"canonical":"https:\/\/www.autojm.fr\/blog\/voitures-francaises-les-nouveautes-attendues-en-2021\/","og_locale":"fr_FR","og_type":"article","og_title":"Voitures fran\u00e7aises : les nouveaut\u00e9s attendues en 2021","og_description":"L'ann\u00e9e 2021 sera-t-elle un grand cru c\u00f4t\u00e9 automobile ? On sait d\u00e9j\u00e0 que cette ann\u00e9e est celle de l'arriv\u00e9e des nouveaux logos Peugeot et...","og_url":"https:\/\/www.autojm.fr\/blog\/voitures-francaises-les-nouveautes-attendues-en-2021\/","og_site_name":"AutoJM Mag","article_publisher":"https:\/\/www.facebook.com\/AutoJM25","article_published_time":"2021-03-19T00:00:00+00:00","article_modified_time":"2023-04-17T14:38:57+00:00","og_image":[{"width":1738,"height":1304,"url":"https:\/\/www.autojm.fr\/blog\/wp-content\/uploads\/2021\/03\/5008.jpg","type":"image\/jpeg"}],"author":"Autojm","twitter_card":"summary_large_image","twitter_misc":{"\u00c9crit par":"Autojm","Dur\u00e9e de lecture estim\u00e9e":"3 minutes"},"schema":{"@context":"https:\/\/schema.org","@graph":[{"@type":"Article","@id":"https:\/\/www.autojm.fr\/blog\/voitures-francaises-les-nouveautes-attendues-en-2021\/#article","isPartOf":{"@id":"https:\/\/www.autojm.fr\/blog\/voitures-francaises-les-nouveautes-attendues-en-2021\/"},"author":{"name":"Autojm","@id":"https:\/\/www.autojm.fr\/blog\/#\/schema\/person\/9742bc77541853e0de81fc57f947e1a0"},"headline":"Voitures fran\u00e7aises : les nouveaut\u00e9s attendues en 2021","datePublished":"2021-03-19T00:00:00+00:00","dateModified":"2023-04-17T14:38:57+00:00","mainEntityOfPage":{"@id":"https:\/\/www.autojm.fr\/blog\/voitures-francaises-les-nouveautes-attendues-en-2021\/"},"wordCount":562,"commentCount":0,"publisher":{"@id":"https:\/\/www.autojm.fr\/blog\/#organization"},"image":{"@id":"https:\/\/www.autojm.fr\/blog\/voitures-francaises-les-nouveautes-attendues-en-2021\/#primaryimage"},"thumbnailUrl":"https:\/\/www.autojm.fr\/blog\/wp-content\/uploads\/2021\/03\/5008.jpg","keywords":["autojm","peugeot","Peugeot 3008","Peugeot 308","Peugeot 5008","Peugeot 508 SW"],"articleSection":["Nouveaut\u00e9s Autos"],"inLanguage":"fr-FR","potentialAction":[{"@type":"CommentAction","name":"Comment","target":["https:\/\/www.autojm.fr\/blog\/voitures-francaises-les-nouveautes-attendues-en-2021\/#respond"]}]},{"@type":"WebPage","@id":"https:\/\/www.autojm.fr\/blog\/voitures-francaises-les-nouveautes-attendues-en-2021\/","url":"https:\/\/www.autojm.fr\/blog\/voitures-francaises-les-nouveautes-attendues-en-2021\/","name":"Voitures fran\u00e7aises : les nouveaut\u00e9s attendues en 2021","isPartOf":{"@id":"https:\/\/www.autojm.fr\/blog\/#website"},"primaryImageOfPage":{"@id":"https:\/\/www.autojm.fr\/blog\/voitures-francaises-les-nouveautes-attendues-en-2021\/#primaryimage"},"image":{"@id":"https:\/\/www.autojm.fr\/blog\/voitures-francaises-les-nouveautes-attendues-en-2021\/#primaryimage"},"thumbnailUrl":"https:\/\/www.autojm.fr\/blog\/wp-content\/uploads\/2021\/03\/5008.jpg","datePublished":"2021-03-19T00:00:00+00:00","dateModified":"2023-04-17T14:38:57+00:00","description":"L'ann\u00e9e 2021 sera-t-elle un grand cru c\u00f4t\u00e9 automobile ? On sait d\u00e9j\u00e0 que cette ann\u00e9e est celle de l'arriv\u00e9e des nouveaux logos Peugeot et...","breadcrumb":{"@id":"https:\/\/www.autojm.fr\/blog\/voitures-francaises-les-nouveautes-attendues-en-2021\/#breadcrumb"},"inLanguage":"fr-FR","potentialAction":[{"@type":"ReadAction","target":["https:\/\/www.autojm.fr\/blog\/voitures-francaises-les-nouveautes-attendues-en-2021\/"]}]},{"@type":"ImageObject","inLanguage":"fr-FR","@id":"https:\/\/www.autojm.fr\/blog\/voitures-francaises-les-nouveautes-attendues-en-2021\/#primaryimage","url":"https:\/\/www.autojm.fr\/blog\/wp-content\/uploads\/2021\/03\/5008.jpg","contentUrl":"https:\/\/www.autojm.fr\/blog\/wp-content\/uploads\/2021\/03\/5008.jpg","width":1738,"height":1304,"caption":"Peugeot 5008"},{"@type":"BreadcrumbList","@id":"https:\/\/www.autojm.fr\/blog\/voitures-francaises-les-nouveautes-attendues-en-2021\/#breadcrumb","itemListElement":[{"@type":"ListItem","position":1,"name":"Accueil","item":"https:\/\/www.autojm.fr\/blog\/"},{"@type":"ListItem","position":2,"name":"Nouveaut\u00e9s Autos","item":"https:\/\/www.autojm.fr\/blog\/nouveautes-autos\/"},{"@type":"ListItem","position":3,"name":"Voitures fran\u00e7aises : les nouveaut\u00e9s attendues en 2021"}]},{"@type":"WebSite","@id":"https:\/\/www.autojm.fr\/blog\/#website","url":"https:\/\/www.autojm.fr\/blog\/","name":"AutoJM Mag","description":"Toute l&#039;actu auto en 1 clic !","publisher":{"@id":"https:\/\/www.autojm.fr\/blog\/#organization"},"potentialAction":[{"@type":"SearchAction","target":{"@type":"EntryPoint","urlTemplate":"https:\/\/www.autojm.fr\/blog\/?s={search_term_string}"},"query-input":{"@type":"PropertyValueSpecification","valueRequired":true,"valueName":"search_term_string"}}],"inLanguage":"fr-FR"},{"@type":"Organization","@id":"https:\/\/www.autojm.fr\/blog\/#organization","name":"AutoJM Mag","url":"https:\/\/www.autojm.fr\/blog\/","logo":{"@type":"ImageObject","inLanguage":"fr-FR","@id":"https:\/\/www.autojm.fr\/blog\/#\/schema\/logo\/image\/","url":"https:\/\/www.autojm.fr\/blog\/wp-content\/uploads\/2022\/12\/cropped-AutoJMag-png.png","contentUrl":"https:\/\/www.autojm.fr\/blog\/wp-content\/uploads\/2022\/12\/cropped-AutoJMag-png.png","width":2834,"height":585,"caption":"AutoJM Mag"},"image":{"@id":"https:\/\/www.autojm.fr\/blog\/#\/schema\/logo\/image\/"},"sameAs":["https:\/\/www.facebook.com\/AutoJM25"]},{"@type":"Person","@id":"https:\/\/www.autojm.fr\/blog\/#\/schema\/person\/9742bc77541853e0de81fc57f947e1a0","name":"Autojm","image":{"@type":"ImageObject","inLanguage":"fr-FR","@id":"https:\/\/secure.gravatar.com\/avatar\/9a959d52b758fcc232fe4b6aca7bab139182573297122cce7d6f2ee0e537b418?s=96&d=mm&r=g","url":"https:\/\/secure.gravatar.com\/avatar\/9a959d52b758fcc232fe4b6aca7bab139182573297122cce7d6f2ee0e537b418?s=96&d=mm&r=g","contentUrl":"https:\/\/secure.gravatar.com\/avatar\/9a959d52b758fcc232fe4b6aca7bab139182573297122cce7d6f2ee0e537b418?s=96&d=mm&r=g","caption":"Autojm"},"sameAs":["https:\/\/www.autojm.fr\/blog"],"url":"https:\/\/www.autojm.fr\/blog\/author\/bichoi\/"}]}},"_links":{"self":[{"href":"https:\/\/www.autojm.fr\/blog\/wp-json\/wp\/v2\/posts\/3893","targetHints":{"allow":["GET"]}}],"collection":[{"href":"https:\/\/www.autojm.fr\/blog\/wp-json\/wp\/v2\/posts"}],"about":[{"href":"https:\/\/www.autojm.fr\/blog\/wp-json\/wp\/v2\/types\/post"}],"author":[{"embeddable":true,"href":"https:\/\/www.autojm.fr\/blog\/wp-json\/wp\/v2\/users\/1"}],"replies":[{"embeddable":true,"href":"https:\/\/www.autojm.fr\/blog\/wp-json\/wp\/v2\/comments?post=3893"}],"version-history":[{"count":7,"href":"https:\/\/www.autojm.fr\/blog\/wp-json\/wp\/v2\/posts\/3893\/revisions"}],"predecessor-version":[{"id":9178,"href":"https:\/\/www.autojm.fr\/blog\/wp-json\/wp\/v2\/posts\/3893\/revisions\/9178"}],"wp:featuredmedia":[{"embeddable":true,"href":"https:\/\/www.autojm.fr\/blog\/wp-json\/wp\/v2\/media\/7067"}],"wp:attachment":[{"href":"https:\/\/www.autojm.fr\/blog\/wp-json\/wp\/v2\/media?parent=3893"}],"wp:term":[{"taxonomy":"category","embeddable":true,"href":"https:\/\/www.autojm.fr\/blog\/wp-json\/wp\/v2\/categories?post=3893"},{"taxonomy":"post_tag","embeddable":true,"href":"https:\/\/www.autojm.fr\/blog\/wp-json\/wp\/v2\/tags?post=3893"}],"curies":[{"name":"wp","href":"https:\/\/api.w.org\/{rel}","templated":true}]}}