{"id":3890,"date":"2021-03-12T00:00:00","date_gmt":"2021-03-12T00:00:00","guid":{"rendered":"https:\/\/www.autojm.fr\/blog\/dacia-spring-la-citadine-electrique-la-moins-chere\/"},"modified":"2022-12-09T13:31:01","modified_gmt":"2022-12-09T13:31:01","slug":"dacia-spring-la-citadine-electrique-la-moins-chere","status":"publish","type":"post","link":"https:\/\/www.autojm.fr\/blog\/dacia-spring-la-citadine-electrique-la-moins-chere\/","title":{"rendered":"Dacia Spring : la citadine \u00e9lectrique la moins ch\u00e8re"},"content":{"rendered":"<p><em><strong>Vous \u00eates int\u00e9ress\u00e9 par l&rsquo;achat d&rsquo;un v\u00e9hicule hybride, hybride rechargeable ou \u00e9lectrique ? Consultez notre guide ici: <a tabindex=\"-1\" title=\"https:\/\/www.autojm.fr\/livre-blanc\" href=\"https:\/\/www.autojm.fr\/livre-blanc\" target=\"_blank\" rel=\"noreferrer noopener\">https:\/\/www.autojm.fr\/livre-blanc<\/a><\/strong><\/em><\/p>\n<p>La marque Low-Cost <strong><a href=\"https:\/\/www.autojm.fr\/mandataire-voitures-neuves-dacia?part=blog&amp;utm_source=articleblog120321&amp;utm_medium=blog\">Dacia<\/a><\/strong> fait son entr\u00e9e officielle sur le march\u00e9 de l&rsquo;\u00e9lectrique avec la grande citadine Dacia Spring. La voiture <strong>Dacia Spring<\/strong> prend des airs de SUV avec ses 3,73 m\u00e8tres de longueur, sa garde au sol rehauss\u00e9e, ses barres de toit et ses protections de portes en plastique. Avec un prix d&rsquo;entr\u00e9e de gamme \u00e0 moins de 20 000 euros, et \u00e0 peine sup\u00e9rieur \u00e0 12 000 euros avec la d\u00e9duction du bonus \u00e9cologique, c&rsquo;est la voiture \u00e9lectrique la plus abordable du march\u00e9. Mais qu&rsquo;en est-il r\u00e9ellement du rapport qualit\u00e9\/prix ? La nouvelle Dacia sera-t-elle une concurrente de taille ?<\/p>\n<h2>Une citadine modeste mais satisfaisante<\/h2>\n<p>Si la <strong>Dacia Spring<\/strong> se veut plut\u00f4t modeste en termes de d\u00e9coration int\u00e9rieure et \u00e9quipements en g\u00e9n\u00e9ral, elle poss\u00e8de toutefois de bons atouts : \u00e9cran central de 7 pouces sur lequel on peut retrouver la connectivit\u00e9 avec le t\u00e9l\u00e9phone ou la navigation, cam\u00e9ra de recul, climatisation et freinage automatique d&rsquo;urgence. En tant que mod\u00e8le \u00e9lectrique, la citadine dispose d&rsquo;une alerte d\u00e9di\u00e9e \u00e0 pr\u00e9venir les pi\u00e9tons et qui se d\u00e9clenche sous 30 km\/h.<br \/>\nUne <strong>application MyDacia<\/strong>, gratuite, vous permet de g\u00e9rer \u00e0 distance le chauffage dans votre voiture, la recharge ou la localisation du v\u00e9hicule. De quoi garder un \u0153il sur votre Dacia Spring m\u00eame \u00e0 distance !<\/p>\n<h2>Chargement dans la Dacia Spring<\/h2>\n<p>C\u00f4t\u00e9 espace, le coffre de la citadine peut accueillir 270 litres de chargement et la bo\u00eete \u00e0 gants et les diff\u00e9rentes zones de rangement de l&rsquo;habitacle sont g\u00e9n\u00e9reuses. Point faible pour la modularit\u00e9 : la banquette arri\u00e8re non fractionn\u00e9e se retrouve condamn\u00e9e quand les si\u00e8ges sont abaiss\u00e9s.<\/p>\n<h2>Quelle autonomie pour la citadine \u00e9lectrique ?<\/h2>\n<p><iframe loading=\"lazy\" title=\"YouTube video player\" src=\"https:\/\/www.youtube.com\/embed\/PEr5tz7YdsQ\" width=\"100%\" height=\"315\" allowfullscreen=\"allowfullscreen\"><\/iframe><\/p>\n<p>La <strong>Dacia Spring<\/strong> repose sur la plateforme utilis\u00e9e par la Renault K-ZE. L\u00e0 o\u00f9 se justifie son prix, c&rsquo;est dans ses performances : la petite citadine de 44 chevaux est limit\u00e9e \u00e0 125 km\/h, et r\u00e9alise le 0 \u00e0 100 km\/h en plus de 19 secondes. En mode Eco, elle passe \u00e0 30 chevaux de puissance pour gagner 9% d&rsquo;autonomie. Mais gr\u00e2ce \u00e0 ses 970 kilos, la citadine \u00e9lectrique se r\u00e9v\u00e8le confortable et plut\u00f4t r\u00e9active sur les routes urbaines et m\u00eame sur les nationales.<br \/>\nC\u00f4t\u00e9 autonomie, la Dacia Spring affiche un score de 230 kilom\u00e8tres en norme WLTP, et pr\u00e8s de 300 kilom\u00e8tres pour un usage exclusivement urbain. Sa batterie de 27,4 kWh se recharge en un peu plus de 13 heures sur une prise classique, et en un peu plus de 8h sur une prise renforc\u00e9e de 3,7 kW.<\/p>\n<p><iframe loading=\"lazy\" src=\"https:\/\/www.youtube.com\/embed\/tKaXq5HVMBg\" width=\"100%\" height=\"315\" allowfullscreen=\"allowfullscreen\"><\/iframe><\/p>\n<h2>Deux finitions sur la voiture \u00e9lectrique Dacia Spring<\/h2>\n<p>La nouvelle Dacia Spring est d\u00e9clin\u00e9e en deux finitions pour les particuliers :<br \/>\n&#8211; la version Dacia Spring Confort avec climatisation manuelle, radio avec Bluetooth et port USB, limiteur de vitesse, allumage automatique des phares et sellerie tissu-similicuir,<br \/>\n&#8211; la version Dacia Spring Confort Plus avec \u00e9cran tactile de 7 pouces, navigation GPS, Android Auto et Apple CarPlay, cam\u00e9ra de recul et peinture m\u00e9tallis\u00e9e.<\/p>\n<p>La Dacia Spring ouvre ses pr\u00e9commandes le 20 mars, mais les premi\u00e8res livraisons n&rsquo;auront pas lieu avant l&rsquo;automne. Il faudra \u00eatre patient avant de prendre le volant de la citadine \u00e9lectrique la plus attendue de l&rsquo;ann\u00e9e.<\/p>\n","protected":false},"excerpt":{"rendered":"<p>La marque Low-Cost Dacia fait son entr\u00e9e officielle sur le march\u00e9 de l&rsquo;\u00e9lectrique avec la grande citadine Dacia Spring. La voiture Dacia Spring prend des airs de SUV avec ses 3,73 m\u00e8tres de longueur, sa garde au sol rehauss\u00e9e, ses barres de toit et ses protections de portes en plastique.<\/p>\n","protected":false},"author":1,"featured_media":5949,"comment_status":"open","ping_status":"open","sticky":false,"template":"","format":"standard","meta":{"_acf_changed":false,"content-type":"","footnotes":""},"categories":[61],"tags":[90,74,161],"class_list":["post-3890","post","type-post","status-publish","format-standard","has-post-thumbnail","hentry","category-nouveautes-autos","tag-autojm","tag-dacia","tag-dacia-spring"],"acf":[],"yoast_head":"<!-- This site is optimized with the Yoast SEO plugin v27.5 - https:\/\/yoast.com\/product\/yoast-seo-wordpress\/ -->\n<title>Dacia Spring : la citadine \u00e9lectrique la moins ch\u00e8re - AutoJM Mag<\/title>\n<meta name=\"description\" content=\"La marque Low-Cost Dacia fait son entr\u00e9e officielle sur le march\u00e9 de l&#039;\u00e9lectrique avec la grande citadine Dacia Spring. La voiture Dacia...\" \/>\n<meta name=\"robots\" content=\"index, follow, max-snippet:-1, max-image-preview:large, max-video-preview:-1\" \/>\n<link rel=\"canonical\" href=\"https:\/\/www.autojm.fr\/blog\/dacia-spring-la-citadine-electrique-la-moins-chere\/\" \/>\n<meta property=\"og:locale\" content=\"fr_FR\" \/>\n<meta property=\"og:type\" content=\"article\" \/>\n<meta property=\"og:title\" content=\"Dacia Spring : la citadine \u00e9lectrique la moins ch\u00e8re - AutoJM Mag\" \/>\n<meta property=\"og:description\" content=\"La marque Low-Cost Dacia fait son entr\u00e9e officielle sur le march\u00e9 de l&#039;\u00e9lectrique avec la grande citadine Dacia Spring. La voiture Dacia...\" \/>\n<meta property=\"og:url\" content=\"https:\/\/www.autojm.fr\/blog\/dacia-spring-la-citadine-electrique-la-moins-chere\/\" \/>\n<meta property=\"og:site_name\" content=\"AutoJM Mag\" \/>\n<meta property=\"article:publisher\" content=\"https:\/\/www.facebook.com\/AutoJM25\" \/>\n<meta property=\"article:published_time\" content=\"2021-03-12T00:00:00+00:00\" \/>\n<meta property=\"article:modified_time\" content=\"2022-12-09T13:31:01+00:00\" \/>\n<meta property=\"og:image\" content=\"https:\/\/www.autojm.fr\/blog\/wp-content\/uploads\/2022\/10\/619-scaled.jpg\" \/>\n\t<meta property=\"og:image:width\" content=\"2560\" \/>\n\t<meta property=\"og:image:height\" content=\"1160\" \/>\n\t<meta property=\"og:image:type\" content=\"image\/jpeg\" \/>\n<meta name=\"author\" content=\"Autojm\" \/>\n<meta name=\"twitter:card\" content=\"summary_large_image\" \/>\n<meta name=\"twitter:label1\" content=\"\u00c9crit par\" \/>\n\t<meta name=\"twitter:data1\" content=\"Autojm\" \/>\n\t<meta name=\"twitter:label2\" content=\"Dur\u00e9e de lecture estim\u00e9e\" \/>\n\t<meta name=\"twitter:data2\" content=\"4 minutes\" \/>\n<script type=\"application\/ld+json\" class=\"yoast-schema-graph\">{\"@context\":\"https:\\\/\\\/schema.org\",\"@graph\":[{\"@type\":\"Article\",\"@id\":\"https:\\\/\\\/www.autojm.fr\\\/blog\\\/dacia-spring-la-citadine-electrique-la-moins-chere\\\/#article\",\"isPartOf\":{\"@id\":\"https:\\\/\\\/www.autojm.fr\\\/blog\\\/dacia-spring-la-citadine-electrique-la-moins-chere\\\/\"},\"author\":{\"name\":\"Autojm\",\"@id\":\"https:\\\/\\\/www.autojm.fr\\\/blog\\\/#\\\/schema\\\/person\\\/9742bc77541853e0de81fc57f947e1a0\"},\"headline\":\"Dacia Spring : la citadine \u00e9lectrique la moins ch\u00e8re\",\"datePublished\":\"2021-03-12T00:00:00+00:00\",\"dateModified\":\"2022-12-09T13:31:01+00:00\",\"mainEntityOfPage\":{\"@id\":\"https:\\\/\\\/www.autojm.fr\\\/blog\\\/dacia-spring-la-citadine-electrique-la-moins-chere\\\/\"},\"wordCount\":573,\"commentCount\":0,\"publisher\":{\"@id\":\"https:\\\/\\\/www.autojm.fr\\\/blog\\\/#organization\"},\"image\":{\"@id\":\"https:\\\/\\\/www.autojm.fr\\\/blog\\\/dacia-spring-la-citadine-electrique-la-moins-chere\\\/#primaryimage\"},\"thumbnailUrl\":\"https:\\\/\\\/www.autojm.fr\\\/blog\\\/wp-content\\\/uploads\\\/2022\\\/10\\\/619-scaled.jpg\",\"keywords\":[\"autojm\",\"dacia\",\"Dacia Spring\"],\"articleSection\":[\"Nouveaut\u00e9s Autos\"],\"inLanguage\":\"fr-FR\",\"potentialAction\":[{\"@type\":\"CommentAction\",\"name\":\"Comment\",\"target\":[\"https:\\\/\\\/www.autojm.fr\\\/blog\\\/dacia-spring-la-citadine-electrique-la-moins-chere\\\/#respond\"]}]},{\"@type\":\"WebPage\",\"@id\":\"https:\\\/\\\/www.autojm.fr\\\/blog\\\/dacia-spring-la-citadine-electrique-la-moins-chere\\\/\",\"url\":\"https:\\\/\\\/www.autojm.fr\\\/blog\\\/dacia-spring-la-citadine-electrique-la-moins-chere\\\/\",\"name\":\"Dacia Spring : la citadine \u00e9lectrique la moins ch\u00e8re - AutoJM Mag\",\"isPartOf\":{\"@id\":\"https:\\\/\\\/www.autojm.fr\\\/blog\\\/#website\"},\"primaryImageOfPage\":{\"@id\":\"https:\\\/\\\/www.autojm.fr\\\/blog\\\/dacia-spring-la-citadine-electrique-la-moins-chere\\\/#primaryimage\"},\"image\":{\"@id\":\"https:\\\/\\\/www.autojm.fr\\\/blog\\\/dacia-spring-la-citadine-electrique-la-moins-chere\\\/#primaryimage\"},\"thumbnailUrl\":\"https:\\\/\\\/www.autojm.fr\\\/blog\\\/wp-content\\\/uploads\\\/2022\\\/10\\\/619-scaled.jpg\",\"datePublished\":\"2021-03-12T00:00:00+00:00\",\"dateModified\":\"2022-12-09T13:31:01+00:00\",\"description\":\"La marque Low-Cost Dacia fait son entr\u00e9e officielle sur le march\u00e9 de l'\u00e9lectrique avec la grande citadine Dacia Spring. La voiture Dacia...\",\"breadcrumb\":{\"@id\":\"https:\\\/\\\/www.autojm.fr\\\/blog\\\/dacia-spring-la-citadine-electrique-la-moins-chere\\\/#breadcrumb\"},\"inLanguage\":\"fr-FR\",\"potentialAction\":[{\"@type\":\"ReadAction\",\"target\":[\"https:\\\/\\\/www.autojm.fr\\\/blog\\\/dacia-spring-la-citadine-electrique-la-moins-chere\\\/\"]}]},{\"@type\":\"ImageObject\",\"inLanguage\":\"fr-FR\",\"@id\":\"https:\\\/\\\/www.autojm.fr\\\/blog\\\/dacia-spring-la-citadine-electrique-la-moins-chere\\\/#primaryimage\",\"url\":\"https:\\\/\\\/www.autojm.fr\\\/blog\\\/wp-content\\\/uploads\\\/2022\\\/10\\\/619-scaled.jpg\",\"contentUrl\":\"https:\\\/\\\/www.autojm.fr\\\/blog\\\/wp-content\\\/uploads\\\/2022\\\/10\\\/619-scaled.jpg\",\"width\":2560,\"height\":1160,\"caption\":\"Dacia Spring\"},{\"@type\":\"BreadcrumbList\",\"@id\":\"https:\\\/\\\/www.autojm.fr\\\/blog\\\/dacia-spring-la-citadine-electrique-la-moins-chere\\\/#breadcrumb\",\"itemListElement\":[{\"@type\":\"ListItem\",\"position\":1,\"name\":\"Accueil\",\"item\":\"https:\\\/\\\/www.autojm.fr\\\/blog\\\/\"},{\"@type\":\"ListItem\",\"position\":2,\"name\":\"Nouveaut\u00e9s Autos\",\"item\":\"https:\\\/\\\/www.autojm.fr\\\/blog\\\/nouveautes-autos\\\/\"},{\"@type\":\"ListItem\",\"position\":3,\"name\":\"Dacia Spring : la citadine \u00e9lectrique la moins ch\u00e8re\"}]},{\"@type\":\"WebSite\",\"@id\":\"https:\\\/\\\/www.autojm.fr\\\/blog\\\/#website\",\"url\":\"https:\\\/\\\/www.autojm.fr\\\/blog\\\/\",\"name\":\"AutoJM Mag\",\"description\":\"Toute l&#039;actu auto en 1 clic !\",\"publisher\":{\"@id\":\"https:\\\/\\\/www.autojm.fr\\\/blog\\\/#organization\"},\"potentialAction\":[{\"@type\":\"SearchAction\",\"target\":{\"@type\":\"EntryPoint\",\"urlTemplate\":\"https:\\\/\\\/www.autojm.fr\\\/blog\\\/?s={search_term_string}\"},\"query-input\":{\"@type\":\"PropertyValueSpecification\",\"valueRequired\":true,\"valueName\":\"search_term_string\"}}],\"inLanguage\":\"fr-FR\"},{\"@type\":\"Organization\",\"@id\":\"https:\\\/\\\/www.autojm.fr\\\/blog\\\/#organization\",\"name\":\"AutoJM Mag\",\"url\":\"https:\\\/\\\/www.autojm.fr\\\/blog\\\/\",\"logo\":{\"@type\":\"ImageObject\",\"inLanguage\":\"fr-FR\",\"@id\":\"https:\\\/\\\/www.autojm.fr\\\/blog\\\/#\\\/schema\\\/logo\\\/image\\\/\",\"url\":\"https:\\\/\\\/www.autojm.fr\\\/blog\\\/wp-content\\\/uploads\\\/2022\\\/12\\\/cropped-AutoJMag-png.png\",\"contentUrl\":\"https:\\\/\\\/www.autojm.fr\\\/blog\\\/wp-content\\\/uploads\\\/2022\\\/12\\\/cropped-AutoJMag-png.png\",\"width\":2834,\"height\":585,\"caption\":\"AutoJM Mag\"},\"image\":{\"@id\":\"https:\\\/\\\/www.autojm.fr\\\/blog\\\/#\\\/schema\\\/logo\\\/image\\\/\"},\"sameAs\":[\"https:\\\/\\\/www.facebook.com\\\/AutoJM25\"]},{\"@type\":\"Person\",\"@id\":\"https:\\\/\\\/www.autojm.fr\\\/blog\\\/#\\\/schema\\\/person\\\/9742bc77541853e0de81fc57f947e1a0\",\"name\":\"Autojm\",\"image\":{\"@type\":\"ImageObject\",\"inLanguage\":\"fr-FR\",\"@id\":\"https:\\\/\\\/secure.gravatar.com\\\/avatar\\\/9a959d52b758fcc232fe4b6aca7bab139182573297122cce7d6f2ee0e537b418?s=96&d=mm&r=g\",\"url\":\"https:\\\/\\\/secure.gravatar.com\\\/avatar\\\/9a959d52b758fcc232fe4b6aca7bab139182573297122cce7d6f2ee0e537b418?s=96&d=mm&r=g\",\"contentUrl\":\"https:\\\/\\\/secure.gravatar.com\\\/avatar\\\/9a959d52b758fcc232fe4b6aca7bab139182573297122cce7d6f2ee0e537b418?s=96&d=mm&r=g\",\"caption\":\"Autojm\"},\"sameAs\":[\"https:\\\/\\\/www.autojm.fr\\\/blog\"],\"url\":\"https:\\\/\\\/www.autojm.fr\\\/blog\\\/author\\\/bichoi\\\/\"}]}<\/script>\n<!-- \/ Yoast SEO plugin. -->","yoast_head_json":{"title":"Dacia Spring : la citadine \u00e9lectrique la moins ch\u00e8re - AutoJM Mag","description":"La marque Low-Cost Dacia fait son entr\u00e9e officielle sur le march\u00e9 de l'\u00e9lectrique avec la grande citadine Dacia Spring. La voiture Dacia...","robots":{"index":"index","follow":"follow","max-snippet":"max-snippet:-1","max-image-preview":"max-image-preview:large","max-video-preview":"max-video-preview:-1"},"canonical":"https:\/\/www.autojm.fr\/blog\/dacia-spring-la-citadine-electrique-la-moins-chere\/","og_locale":"fr_FR","og_type":"article","og_title":"Dacia Spring : la citadine \u00e9lectrique la moins ch\u00e8re - AutoJM Mag","og_description":"La marque Low-Cost Dacia fait son entr\u00e9e officielle sur le march\u00e9 de l'\u00e9lectrique avec la grande citadine Dacia Spring. La voiture Dacia...","og_url":"https:\/\/www.autojm.fr\/blog\/dacia-spring-la-citadine-electrique-la-moins-chere\/","og_site_name":"AutoJM Mag","article_publisher":"https:\/\/www.facebook.com\/AutoJM25","article_published_time":"2021-03-12T00:00:00+00:00","article_modified_time":"2022-12-09T13:31:01+00:00","og_image":[{"width":2560,"height":1160,"url":"https:\/\/www.autojm.fr\/blog\/wp-content\/uploads\/2022\/10\/619-scaled.jpg","type":"image\/jpeg"}],"author":"Autojm","twitter_card":"summary_large_image","twitter_misc":{"\u00c9crit par":"Autojm","Dur\u00e9e de lecture estim\u00e9e":"4 minutes"},"schema":{"@context":"https:\/\/schema.org","@graph":[{"@type":"Article","@id":"https:\/\/www.autojm.fr\/blog\/dacia-spring-la-citadine-electrique-la-moins-chere\/#article","isPartOf":{"@id":"https:\/\/www.autojm.fr\/blog\/dacia-spring-la-citadine-electrique-la-moins-chere\/"},"author":{"name":"Autojm","@id":"https:\/\/www.autojm.fr\/blog\/#\/schema\/person\/9742bc77541853e0de81fc57f947e1a0"},"headline":"Dacia Spring : la citadine \u00e9lectrique la moins ch\u00e8re","datePublished":"2021-03-12T00:00:00+00:00","dateModified":"2022-12-09T13:31:01+00:00","mainEntityOfPage":{"@id":"https:\/\/www.autojm.fr\/blog\/dacia-spring-la-citadine-electrique-la-moins-chere\/"},"wordCount":573,"commentCount":0,"publisher":{"@id":"https:\/\/www.autojm.fr\/blog\/#organization"},"image":{"@id":"https:\/\/www.autojm.fr\/blog\/dacia-spring-la-citadine-electrique-la-moins-chere\/#primaryimage"},"thumbnailUrl":"https:\/\/www.autojm.fr\/blog\/wp-content\/uploads\/2022\/10\/619-scaled.jpg","keywords":["autojm","dacia","Dacia Spring"],"articleSection":["Nouveaut\u00e9s Autos"],"inLanguage":"fr-FR","potentialAction":[{"@type":"CommentAction","name":"Comment","target":["https:\/\/www.autojm.fr\/blog\/dacia-spring-la-citadine-electrique-la-moins-chere\/#respond"]}]},{"@type":"WebPage","@id":"https:\/\/www.autojm.fr\/blog\/dacia-spring-la-citadine-electrique-la-moins-chere\/","url":"https:\/\/www.autojm.fr\/blog\/dacia-spring-la-citadine-electrique-la-moins-chere\/","name":"Dacia Spring : la citadine \u00e9lectrique la moins ch\u00e8re - AutoJM Mag","isPartOf":{"@id":"https:\/\/www.autojm.fr\/blog\/#website"},"primaryImageOfPage":{"@id":"https:\/\/www.autojm.fr\/blog\/dacia-spring-la-citadine-electrique-la-moins-chere\/#primaryimage"},"image":{"@id":"https:\/\/www.autojm.fr\/blog\/dacia-spring-la-citadine-electrique-la-moins-chere\/#primaryimage"},"thumbnailUrl":"https:\/\/www.autojm.fr\/blog\/wp-content\/uploads\/2022\/10\/619-scaled.jpg","datePublished":"2021-03-12T00:00:00+00:00","dateModified":"2022-12-09T13:31:01+00:00","description":"La marque Low-Cost Dacia fait son entr\u00e9e officielle sur le march\u00e9 de l'\u00e9lectrique avec la grande citadine Dacia Spring. La voiture Dacia...","breadcrumb":{"@id":"https:\/\/www.autojm.fr\/blog\/dacia-spring-la-citadine-electrique-la-moins-chere\/#breadcrumb"},"inLanguage":"fr-FR","potentialAction":[{"@type":"ReadAction","target":["https:\/\/www.autojm.fr\/blog\/dacia-spring-la-citadine-electrique-la-moins-chere\/"]}]},{"@type":"ImageObject","inLanguage":"fr-FR","@id":"https:\/\/www.autojm.fr\/blog\/dacia-spring-la-citadine-electrique-la-moins-chere\/#primaryimage","url":"https:\/\/www.autojm.fr\/blog\/wp-content\/uploads\/2022\/10\/619-scaled.jpg","contentUrl":"https:\/\/www.autojm.fr\/blog\/wp-content\/uploads\/2022\/10\/619-scaled.jpg","width":2560,"height":1160,"caption":"Dacia Spring"},{"@type":"BreadcrumbList","@id":"https:\/\/www.autojm.fr\/blog\/dacia-spring-la-citadine-electrique-la-moins-chere\/#breadcrumb","itemListElement":[{"@type":"ListItem","position":1,"name":"Accueil","item":"https:\/\/www.autojm.fr\/blog\/"},{"@type":"ListItem","position":2,"name":"Nouveaut\u00e9s Autos","item":"https:\/\/www.autojm.fr\/blog\/nouveautes-autos\/"},{"@type":"ListItem","position":3,"name":"Dacia Spring : la citadine \u00e9lectrique la moins ch\u00e8re"}]},{"@type":"WebSite","@id":"https:\/\/www.autojm.fr\/blog\/#website","url":"https:\/\/www.autojm.fr\/blog\/","name":"AutoJM Mag","description":"Toute l&#039;actu auto en 1 clic !","publisher":{"@id":"https:\/\/www.autojm.fr\/blog\/#organization"},"potentialAction":[{"@type":"SearchAction","target":{"@type":"EntryPoint","urlTemplate":"https:\/\/www.autojm.fr\/blog\/?s={search_term_string}"},"query-input":{"@type":"PropertyValueSpecification","valueRequired":true,"valueName":"search_term_string"}}],"inLanguage":"fr-FR"},{"@type":"Organization","@id":"https:\/\/www.autojm.fr\/blog\/#organization","name":"AutoJM Mag","url":"https:\/\/www.autojm.fr\/blog\/","logo":{"@type":"ImageObject","inLanguage":"fr-FR","@id":"https:\/\/www.autojm.fr\/blog\/#\/schema\/logo\/image\/","url":"https:\/\/www.autojm.fr\/blog\/wp-content\/uploads\/2022\/12\/cropped-AutoJMag-png.png","contentUrl":"https:\/\/www.autojm.fr\/blog\/wp-content\/uploads\/2022\/12\/cropped-AutoJMag-png.png","width":2834,"height":585,"caption":"AutoJM Mag"},"image":{"@id":"https:\/\/www.autojm.fr\/blog\/#\/schema\/logo\/image\/"},"sameAs":["https:\/\/www.facebook.com\/AutoJM25"]},{"@type":"Person","@id":"https:\/\/www.autojm.fr\/blog\/#\/schema\/person\/9742bc77541853e0de81fc57f947e1a0","name":"Autojm","image":{"@type":"ImageObject","inLanguage":"fr-FR","@id":"https:\/\/secure.gravatar.com\/avatar\/9a959d52b758fcc232fe4b6aca7bab139182573297122cce7d6f2ee0e537b418?s=96&d=mm&r=g","url":"https:\/\/secure.gravatar.com\/avatar\/9a959d52b758fcc232fe4b6aca7bab139182573297122cce7d6f2ee0e537b418?s=96&d=mm&r=g","contentUrl":"https:\/\/secure.gravatar.com\/avatar\/9a959d52b758fcc232fe4b6aca7bab139182573297122cce7d6f2ee0e537b418?s=96&d=mm&r=g","caption":"Autojm"},"sameAs":["https:\/\/www.autojm.fr\/blog"],"url":"https:\/\/www.autojm.fr\/blog\/author\/bichoi\/"}]}},"_links":{"self":[{"href":"https:\/\/www.autojm.fr\/blog\/wp-json\/wp\/v2\/posts\/3890","targetHints":{"allow":["GET"]}}],"collection":[{"href":"https:\/\/www.autojm.fr\/blog\/wp-json\/wp\/v2\/posts"}],"about":[{"href":"https:\/\/www.autojm.fr\/blog\/wp-json\/wp\/v2\/types\/post"}],"author":[{"embeddable":true,"href":"https:\/\/www.autojm.fr\/blog\/wp-json\/wp\/v2\/users\/1"}],"replies":[{"embeddable":true,"href":"https:\/\/www.autojm.fr\/blog\/wp-json\/wp\/v2\/comments?post=3890"}],"version-history":[{"count":4,"href":"https:\/\/www.autojm.fr\/blog\/wp-json\/wp\/v2\/posts\/3890\/revisions"}],"predecessor-version":[{"id":7070,"href":"https:\/\/www.autojm.fr\/blog\/wp-json\/wp\/v2\/posts\/3890\/revisions\/7070"}],"wp:featuredmedia":[{"embeddable":true,"href":"https:\/\/www.autojm.fr\/blog\/wp-json\/wp\/v2\/media\/5949"}],"wp:attachment":[{"href":"https:\/\/www.autojm.fr\/blog\/wp-json\/wp\/v2\/media?parent=3890"}],"wp:term":[{"taxonomy":"category","embeddable":true,"href":"https:\/\/www.autojm.fr\/blog\/wp-json\/wp\/v2\/categories?post=3890"},{"taxonomy":"post_tag","embeddable":true,"href":"https:\/\/www.autojm.fr\/blog\/wp-json\/wp\/v2\/tags?post=3890"}],"curies":[{"name":"wp","href":"https:\/\/api.w.org\/{rel}","templated":true}]}}