{"id":3888,"date":"2021-02-25T00:00:00","date_gmt":"2021-02-25T00:00:00","guid":{"rendered":"https:\/\/www.autojm.fr\/blog\/nissan-qashqai-3-le-suv-fera-t-il-de-lombre-au-nouveau-3008\/"},"modified":"2023-04-18T06:57:34","modified_gmt":"2023-04-18T06:57:34","slug":"nissan-qashqai-3-le-suv-fera-t-il-de-lombre-au-nouveau-3008","status":"publish","type":"post","link":"https:\/\/www.autojm.fr\/blog\/nissan-qashqai-3-le-suv-fera-t-il-de-lombre-au-nouveau-3008\/","title":{"rendered":"Nissan Qashqai 3 : le SUV fera-t-il de l\u2019ombre au nouveau 3008 ?"},"content":{"rendered":"<p>Le nouveau Nissan Qashqai, troisi\u00e8me du nom, s&rsquo;est enfin d\u00e9voil\u00e9. On d\u00e9couvre alors un SUV au look toujours aussi moderne et peu novateur. Mais si l&rsquo;esth\u00e9tique rappelle sans conteste le <strong><a href=\"https:\/\/www.autojm.fr\/mandataire-voitures-neuves-nissan\">Nissan Qashqai 2<\/a><\/strong>, la marque japonaise innove en mati\u00e8re de motorisations, dimensions et d\u00e9coration int\u00e9rieur. Que sait-on du SUV Nissan Qashqai 3 et sera-t-il un concurrent de taille face au <strong><a href=\"https:\/\/www.autojm.fr\/achat-voitures-neuves-peugeot-nouveau-3008-suv-2021-5p?part=blog&amp;utm_source=articleblog250221&amp;utm_medium=blog\">Peugeot 3008<\/a><\/strong>, dont le succ\u00e8s n&rsquo;est plus \u00e0 prouver ?<\/p>\n<h2>Le Nissan Qashqai 3 se modernise<\/h2>\n<p>Le style de cette nouvelle g\u00e9n\u00e9ration de Nissan Qashqai reste donc fid\u00e8le \u00e0 celui de la g\u00e9n\u00e9ration pr\u00e9c\u00e9dente, avec toutefois des am\u00e9liorations qui donnent au SUV plus de caract\u00e8re : la calandre, toujours en V, est en un seul bloc encadr\u00e9 par le V chrom\u00e9 qui la s\u00e9parait autrefois en deux. Les feux ont \u00e9t\u00e9 redessin\u00e9s pour former deux lignes distinctives, et la plaque d&rsquo;immatriculation est descendue de quelques centim\u00e8tres. Son pavillon flottant offre toute sa beaut\u00e9 en configuration bi-ton, une option qui sera disponible avec 5 des 11 couleurs propos\u00e9es pour ce Nissan Qashqai. C\u00f4t\u00e9 dimensions, le crossover s&rsquo;enrichit en gagnant 3,5 cm de longueur, 3,2 cm de largeur, 2,5 cm de hauteur et 2 cm d&#8217;empattement. Un choix justifi\u00e9, entre autres, par l&rsquo;apparition de jantes 20 pouces. C\u00f4t\u00e9 coffre, le Nissan Qashqai 3 gagne 74 litres pour accueillir d\u00e9sormais 504 litres de chargement.<\/p>\n<h2>Un design plus \u00e9pur\u00e9 pour le poste de conduite<\/h2>\n<p>Contrairement \u00e0 l&rsquo;ext\u00e9rieur, l&rsquo;int\u00e9rieur a plut\u00f4t bien \u00e9volu\u00e9 et \u00e7a se voit ! Exit le petit \u00e9cran central ancr\u00e9 au milieu de dizaines de touches. D\u00e9sormais, le poste de conduite est plus \u00e9pur\u00e9 et domin\u00e9 par l&rsquo;\u00e9cran tactile de 9 pouces comme pos\u00e9 sur le tableau de bord. Les a\u00e9rateurs sont d\u00e9sormais en dessous de cet \u00e9cran, pr\u00e8s des touches de la climatisation qui restent physiques alors que de nombreux v\u00e9hicules int\u00e8grent ces commandes aux touches tactiles. Le combin\u00e9 d&rsquo;instrumentation num\u00e9rique de 12,3 pouces est personnalisable et un espace large est d\u00e9di\u00e9 \u00e0 la recharge \u00e0 induction pour accueillir les derni\u00e8res nouveaut\u00e9s aux grandes tailles.<\/p>\n<h2>Le nouveau Nissan Qashqai, plus l\u00e9ger et plus rigide<\/h2>\n<p>C\u00f4t\u00e9 technique, le Nissan Qashqai 3 repose sur la plateforme CMF-C, am\u00e9lior\u00e9e pour cette nouvelle g\u00e9n\u00e9ration : gr\u00e2ce \u00e0 des mat\u00e9riaux plus l\u00e9gers comme l&rsquo;aluminium, elle perd 60kg par rapport \u00e0 l&rsquo;ancienne version tout en am\u00e9liorant sa rigidit\u00e9. Les suspensions sont quant \u00e0 elles adapt\u00e9es selon la version choisie : 2 ou 4 roues motrices.<\/p>\n<h2>Fin du Diesel pour le SUV Nissan<\/h2>\n<p>Le nouveau Qashqai innove en mati\u00e8re de motorisations, \u00e0 commencer par son divorce avec le Diesel. Le nouveau Qashqai propose, dans un premier temps, deux d\u00e9clinaisons du moteur essence 1.3 DiG-T avec 140 et 158 chevaux. Les deux versions seront associ\u00e9es \u00e0 un moteur hybride l\u00e9ger de 12V et \u00e0 un alterno-d\u00e9marreur. En 2022, Nissan ajoutera une version in\u00e9dite avec un 3 cylindres 1.5 VCR (taux de compression variable) associ\u00e9 \u00e0 un \u00e9lectromoteur. Cette technologie offrira au SUV Nissan Qashqai la technologie e-Pedal permettant un contr\u00f4le de la p\u00e9dale d&rsquo;acc\u00e9l\u00e9rateur seulement.<\/p>\n<p><iframe loading=\"lazy\" src=\"https:\/\/www.youtube.com\/embed\/WQsnC_O_vbs\" width=\"100%\" height=\"315\" allowfullscreen=\"allowfullscreen\"><\/iframe><\/p>\n<h2>Aides \u00e0 la conduite et options haut de gamme<\/h2>\n<p>Enfin, du c\u00f4t\u00e9 des aides \u00e0 la conduite, on remarque une am\u00e9lioration de l&rsquo;assistant Pro-Pilot (syst\u00e8me de conduite semi-autonome) qui int\u00e8gre d\u00e9sormais la lecture des panneaux de signalisation. Et de nombreux options permettront au Nissan Qashqai troisi\u00e8me g\u00e9n\u00e9ration d&rsquo;\u00eatre encore plus haut de gamme : affichage t\u00eate haute avec projection sur le pare-brise des informations ou encore toit panoramique ouvrant. Le nouveau Nissan Qashqai fera son entr\u00e9e sur les routes cet \u00e9t\u00e9.<\/p>\n","protected":false},"excerpt":{"rendered":"<p>Le nouveau Nissan Qashqai, troisi\u00e8me du nom, s&rsquo;est enfin d\u00e9voil\u00e9. On d\u00e9couvre alors un SUV au look toujours aussi moderne et peu novateur. Mais si l&rsquo;esth\u00e9tique rappelle sans conteste le Nissan Qashqai 2, la marque japonaise innove en mati\u00e8re de motorisations, dimensions et d\u00e9coration int\u00e9rieur.<\/p>\n","protected":false},"author":1,"featured_media":5947,"comment_status":"open","ping_status":"open","sticky":false,"template":"","format":"standard","meta":{"_acf_changed":false,"content-type":"","footnotes":""},"categories":[53],"tags":[90,108,162],"class_list":["post-3888","post","type-post","status-publish","format-standard","has-post-thumbnail","hentry","category-comparatifs","tag-autojm","tag-nissan","tag-nissan-qashqai-3"],"acf":[],"yoast_head":"<!-- This site is optimized with the Yoast SEO plugin v27.5 - https:\/\/yoast.com\/product\/yoast-seo-wordpress\/ -->\n<title>Nissan Qashqai 3 : le SUV fera-t-il de l\u2019ombre au nouveau 3008 ?<\/title>\n<meta name=\"description\" content=\"Le nouveau Nissan Qashqai, troisi\u00e8me du nom, s&#039;est enfin d\u00e9voil\u00e9. On d\u00e9couvre alors un SUV au look toujours aussi moderne et peu novateur.\" \/>\n<meta name=\"robots\" content=\"index, follow, max-snippet:-1, max-image-preview:large, max-video-preview:-1\" \/>\n<link rel=\"canonical\" href=\"https:\/\/www.autojm.fr\/blog\/nissan-qashqai-3-le-suv-fera-t-il-de-lombre-au-nouveau-3008\/\" \/>\n<meta property=\"og:locale\" content=\"fr_FR\" \/>\n<meta property=\"og:type\" content=\"article\" \/>\n<meta property=\"og:title\" content=\"Nissan Qashqai 3 : le SUV fera-t-il de l\u2019ombre au nouveau 3008 ?\" \/>\n<meta property=\"og:description\" content=\"Le nouveau Nissan Qashqai, troisi\u00e8me du nom, s&#039;est enfin d\u00e9voil\u00e9. On d\u00e9couvre alors un SUV au look toujours aussi moderne et peu novateur.\" \/>\n<meta property=\"og:url\" content=\"https:\/\/www.autojm.fr\/blog\/nissan-qashqai-3-le-suv-fera-t-il-de-lombre-au-nouveau-3008\/\" \/>\n<meta property=\"og:site_name\" content=\"AutoJM Mag\" \/>\n<meta property=\"article:publisher\" content=\"https:\/\/www.facebook.com\/AutoJM25\" \/>\n<meta property=\"article:published_time\" content=\"2021-02-25T00:00:00+00:00\" \/>\n<meta property=\"article:modified_time\" content=\"2023-04-18T06:57:34+00:00\" \/>\n<meta property=\"og:image\" content=\"https:\/\/www.autojm.fr\/blog\/wp-content\/uploads\/2022\/10\/617.jpg\" \/>\n\t<meta property=\"og:image:width\" content=\"1024\" \/>\n\t<meta property=\"og:image:height\" content=\"465\" \/>\n\t<meta property=\"og:image:type\" content=\"image\/jpeg\" \/>\n<meta name=\"author\" content=\"Autojm\" \/>\n<meta name=\"twitter:card\" content=\"summary_large_image\" \/>\n<meta name=\"twitter:label1\" content=\"\u00c9crit par\" \/>\n\t<meta name=\"twitter:data1\" content=\"Autojm\" \/>\n\t<meta name=\"twitter:label2\" content=\"Dur\u00e9e de lecture estim\u00e9e\" \/>\n\t<meta name=\"twitter:data2\" content=\"3 minutes\" \/>\n<script type=\"application\/ld+json\" class=\"yoast-schema-graph\">{\"@context\":\"https:\\\/\\\/schema.org\",\"@graph\":[{\"@type\":\"Article\",\"@id\":\"https:\\\/\\\/www.autojm.fr\\\/blog\\\/nissan-qashqai-3-le-suv-fera-t-il-de-lombre-au-nouveau-3008\\\/#article\",\"isPartOf\":{\"@id\":\"https:\\\/\\\/www.autojm.fr\\\/blog\\\/nissan-qashqai-3-le-suv-fera-t-il-de-lombre-au-nouveau-3008\\\/\"},\"author\":{\"name\":\"Autojm\",\"@id\":\"https:\\\/\\\/www.autojm.fr\\\/blog\\\/#\\\/schema\\\/person\\\/9742bc77541853e0de81fc57f947e1a0\"},\"headline\":\"Nissan Qashqai 3 : le SUV fera-t-il de l\u2019ombre au nouveau 3008 ?\",\"datePublished\":\"2021-02-25T00:00:00+00:00\",\"dateModified\":\"2023-04-18T06:57:34+00:00\",\"mainEntityOfPage\":{\"@id\":\"https:\\\/\\\/www.autojm.fr\\\/blog\\\/nissan-qashqai-3-le-suv-fera-t-il-de-lombre-au-nouveau-3008\\\/\"},\"wordCount\":613,\"commentCount\":0,\"publisher\":{\"@id\":\"https:\\\/\\\/www.autojm.fr\\\/blog\\\/#organization\"},\"image\":{\"@id\":\"https:\\\/\\\/www.autojm.fr\\\/blog\\\/nissan-qashqai-3-le-suv-fera-t-il-de-lombre-au-nouveau-3008\\\/#primaryimage\"},\"thumbnailUrl\":\"https:\\\/\\\/www.autojm.fr\\\/blog\\\/wp-content\\\/uploads\\\/2022\\\/10\\\/617.jpg\",\"keywords\":[\"autojm\",\"Nissan\",\"Nissan Qashqai 3\"],\"articleSection\":[\"Comparatifs\"],\"inLanguage\":\"fr-FR\",\"potentialAction\":[{\"@type\":\"CommentAction\",\"name\":\"Comment\",\"target\":[\"https:\\\/\\\/www.autojm.fr\\\/blog\\\/nissan-qashqai-3-le-suv-fera-t-il-de-lombre-au-nouveau-3008\\\/#respond\"]}]},{\"@type\":\"WebPage\",\"@id\":\"https:\\\/\\\/www.autojm.fr\\\/blog\\\/nissan-qashqai-3-le-suv-fera-t-il-de-lombre-au-nouveau-3008\\\/\",\"url\":\"https:\\\/\\\/www.autojm.fr\\\/blog\\\/nissan-qashqai-3-le-suv-fera-t-il-de-lombre-au-nouveau-3008\\\/\",\"name\":\"Nissan Qashqai 3 : le SUV fera-t-il de l\u2019ombre au nouveau 3008 ?\",\"isPartOf\":{\"@id\":\"https:\\\/\\\/www.autojm.fr\\\/blog\\\/#website\"},\"primaryImageOfPage\":{\"@id\":\"https:\\\/\\\/www.autojm.fr\\\/blog\\\/nissan-qashqai-3-le-suv-fera-t-il-de-lombre-au-nouveau-3008\\\/#primaryimage\"},\"image\":{\"@id\":\"https:\\\/\\\/www.autojm.fr\\\/blog\\\/nissan-qashqai-3-le-suv-fera-t-il-de-lombre-au-nouveau-3008\\\/#primaryimage\"},\"thumbnailUrl\":\"https:\\\/\\\/www.autojm.fr\\\/blog\\\/wp-content\\\/uploads\\\/2022\\\/10\\\/617.jpg\",\"datePublished\":\"2021-02-25T00:00:00+00:00\",\"dateModified\":\"2023-04-18T06:57:34+00:00\",\"description\":\"Le nouveau Nissan Qashqai, troisi\u00e8me du nom, s'est enfin d\u00e9voil\u00e9. On d\u00e9couvre alors un SUV au look toujours aussi moderne et peu novateur.\",\"breadcrumb\":{\"@id\":\"https:\\\/\\\/www.autojm.fr\\\/blog\\\/nissan-qashqai-3-le-suv-fera-t-il-de-lombre-au-nouveau-3008\\\/#breadcrumb\"},\"inLanguage\":\"fr-FR\",\"potentialAction\":[{\"@type\":\"ReadAction\",\"target\":[\"https:\\\/\\\/www.autojm.fr\\\/blog\\\/nissan-qashqai-3-le-suv-fera-t-il-de-lombre-au-nouveau-3008\\\/\"]}]},{\"@type\":\"ImageObject\",\"inLanguage\":\"fr-FR\",\"@id\":\"https:\\\/\\\/www.autojm.fr\\\/blog\\\/nissan-qashqai-3-le-suv-fera-t-il-de-lombre-au-nouveau-3008\\\/#primaryimage\",\"url\":\"https:\\\/\\\/www.autojm.fr\\\/blog\\\/wp-content\\\/uploads\\\/2022\\\/10\\\/617.jpg\",\"contentUrl\":\"https:\\\/\\\/www.autojm.fr\\\/blog\\\/wp-content\\\/uploads\\\/2022\\\/10\\\/617.jpg\",\"width\":1024,\"height\":465,\"caption\":\"Nissan Qashqai 3\"},{\"@type\":\"BreadcrumbList\",\"@id\":\"https:\\\/\\\/www.autojm.fr\\\/blog\\\/nissan-qashqai-3-le-suv-fera-t-il-de-lombre-au-nouveau-3008\\\/#breadcrumb\",\"itemListElement\":[{\"@type\":\"ListItem\",\"position\":1,\"name\":\"Accueil\",\"item\":\"https:\\\/\\\/www.autojm.fr\\\/blog\\\/\"},{\"@type\":\"ListItem\",\"position\":2,\"name\":\"Comparatifs\",\"item\":\"https:\\\/\\\/www.autojm.fr\\\/blog\\\/comparatifs\\\/\"},{\"@type\":\"ListItem\",\"position\":3,\"name\":\"Nissan Qashqai 3 : le SUV fera-t-il de l\u2019ombre au nouveau 3008 ?\"}]},{\"@type\":\"WebSite\",\"@id\":\"https:\\\/\\\/www.autojm.fr\\\/blog\\\/#website\",\"url\":\"https:\\\/\\\/www.autojm.fr\\\/blog\\\/\",\"name\":\"AutoJM Mag\",\"description\":\"Toute l&#039;actu auto en 1 clic !\",\"publisher\":{\"@id\":\"https:\\\/\\\/www.autojm.fr\\\/blog\\\/#organization\"},\"potentialAction\":[{\"@type\":\"SearchAction\",\"target\":{\"@type\":\"EntryPoint\",\"urlTemplate\":\"https:\\\/\\\/www.autojm.fr\\\/blog\\\/?s={search_term_string}\"},\"query-input\":{\"@type\":\"PropertyValueSpecification\",\"valueRequired\":true,\"valueName\":\"search_term_string\"}}],\"inLanguage\":\"fr-FR\"},{\"@type\":\"Organization\",\"@id\":\"https:\\\/\\\/www.autojm.fr\\\/blog\\\/#organization\",\"name\":\"AutoJM Mag\",\"url\":\"https:\\\/\\\/www.autojm.fr\\\/blog\\\/\",\"logo\":{\"@type\":\"ImageObject\",\"inLanguage\":\"fr-FR\",\"@id\":\"https:\\\/\\\/www.autojm.fr\\\/blog\\\/#\\\/schema\\\/logo\\\/image\\\/\",\"url\":\"https:\\\/\\\/www.autojm.fr\\\/blog\\\/wp-content\\\/uploads\\\/2022\\\/12\\\/cropped-AutoJMag-png.png\",\"contentUrl\":\"https:\\\/\\\/www.autojm.fr\\\/blog\\\/wp-content\\\/uploads\\\/2022\\\/12\\\/cropped-AutoJMag-png.png\",\"width\":2834,\"height\":585,\"caption\":\"AutoJM Mag\"},\"image\":{\"@id\":\"https:\\\/\\\/www.autojm.fr\\\/blog\\\/#\\\/schema\\\/logo\\\/image\\\/\"},\"sameAs\":[\"https:\\\/\\\/www.facebook.com\\\/AutoJM25\"]},{\"@type\":\"Person\",\"@id\":\"https:\\\/\\\/www.autojm.fr\\\/blog\\\/#\\\/schema\\\/person\\\/9742bc77541853e0de81fc57f947e1a0\",\"name\":\"Autojm\",\"image\":{\"@type\":\"ImageObject\",\"inLanguage\":\"fr-FR\",\"@id\":\"https:\\\/\\\/secure.gravatar.com\\\/avatar\\\/9a959d52b758fcc232fe4b6aca7bab139182573297122cce7d6f2ee0e537b418?s=96&d=mm&r=g\",\"url\":\"https:\\\/\\\/secure.gravatar.com\\\/avatar\\\/9a959d52b758fcc232fe4b6aca7bab139182573297122cce7d6f2ee0e537b418?s=96&d=mm&r=g\",\"contentUrl\":\"https:\\\/\\\/secure.gravatar.com\\\/avatar\\\/9a959d52b758fcc232fe4b6aca7bab139182573297122cce7d6f2ee0e537b418?s=96&d=mm&r=g\",\"caption\":\"Autojm\"},\"sameAs\":[\"https:\\\/\\\/www.autojm.fr\\\/blog\"],\"url\":\"https:\\\/\\\/www.autojm.fr\\\/blog\\\/author\\\/bichoi\\\/\"}]}<\/script>\n<!-- \/ Yoast SEO plugin. -->","yoast_head_json":{"title":"Nissan Qashqai 3 : le SUV fera-t-il de l\u2019ombre au nouveau 3008 ?","description":"Le nouveau Nissan Qashqai, troisi\u00e8me du nom, s'est enfin d\u00e9voil\u00e9. On d\u00e9couvre alors un SUV au look toujours aussi moderne et peu novateur.","robots":{"index":"index","follow":"follow","max-snippet":"max-snippet:-1","max-image-preview":"max-image-preview:large","max-video-preview":"max-video-preview:-1"},"canonical":"https:\/\/www.autojm.fr\/blog\/nissan-qashqai-3-le-suv-fera-t-il-de-lombre-au-nouveau-3008\/","og_locale":"fr_FR","og_type":"article","og_title":"Nissan Qashqai 3 : le SUV fera-t-il de l\u2019ombre au nouveau 3008 ?","og_description":"Le nouveau Nissan Qashqai, troisi\u00e8me du nom, s'est enfin d\u00e9voil\u00e9. On d\u00e9couvre alors un SUV au look toujours aussi moderne et peu novateur.","og_url":"https:\/\/www.autojm.fr\/blog\/nissan-qashqai-3-le-suv-fera-t-il-de-lombre-au-nouveau-3008\/","og_site_name":"AutoJM Mag","article_publisher":"https:\/\/www.facebook.com\/AutoJM25","article_published_time":"2021-02-25T00:00:00+00:00","article_modified_time":"2023-04-18T06:57:34+00:00","og_image":[{"width":1024,"height":465,"url":"https:\/\/www.autojm.fr\/blog\/wp-content\/uploads\/2022\/10\/617.jpg","type":"image\/jpeg"}],"author":"Autojm","twitter_card":"summary_large_image","twitter_misc":{"\u00c9crit par":"Autojm","Dur\u00e9e de lecture estim\u00e9e":"3 minutes"},"schema":{"@context":"https:\/\/schema.org","@graph":[{"@type":"Article","@id":"https:\/\/www.autojm.fr\/blog\/nissan-qashqai-3-le-suv-fera-t-il-de-lombre-au-nouveau-3008\/#article","isPartOf":{"@id":"https:\/\/www.autojm.fr\/blog\/nissan-qashqai-3-le-suv-fera-t-il-de-lombre-au-nouveau-3008\/"},"author":{"name":"Autojm","@id":"https:\/\/www.autojm.fr\/blog\/#\/schema\/person\/9742bc77541853e0de81fc57f947e1a0"},"headline":"Nissan Qashqai 3 : le SUV fera-t-il de l\u2019ombre au nouveau 3008 ?","datePublished":"2021-02-25T00:00:00+00:00","dateModified":"2023-04-18T06:57:34+00:00","mainEntityOfPage":{"@id":"https:\/\/www.autojm.fr\/blog\/nissan-qashqai-3-le-suv-fera-t-il-de-lombre-au-nouveau-3008\/"},"wordCount":613,"commentCount":0,"publisher":{"@id":"https:\/\/www.autojm.fr\/blog\/#organization"},"image":{"@id":"https:\/\/www.autojm.fr\/blog\/nissan-qashqai-3-le-suv-fera-t-il-de-lombre-au-nouveau-3008\/#primaryimage"},"thumbnailUrl":"https:\/\/www.autojm.fr\/blog\/wp-content\/uploads\/2022\/10\/617.jpg","keywords":["autojm","Nissan","Nissan Qashqai 3"],"articleSection":["Comparatifs"],"inLanguage":"fr-FR","potentialAction":[{"@type":"CommentAction","name":"Comment","target":["https:\/\/www.autojm.fr\/blog\/nissan-qashqai-3-le-suv-fera-t-il-de-lombre-au-nouveau-3008\/#respond"]}]},{"@type":"WebPage","@id":"https:\/\/www.autojm.fr\/blog\/nissan-qashqai-3-le-suv-fera-t-il-de-lombre-au-nouveau-3008\/","url":"https:\/\/www.autojm.fr\/blog\/nissan-qashqai-3-le-suv-fera-t-il-de-lombre-au-nouveau-3008\/","name":"Nissan Qashqai 3 : le SUV fera-t-il de l\u2019ombre au nouveau 3008 ?","isPartOf":{"@id":"https:\/\/www.autojm.fr\/blog\/#website"},"primaryImageOfPage":{"@id":"https:\/\/www.autojm.fr\/blog\/nissan-qashqai-3-le-suv-fera-t-il-de-lombre-au-nouveau-3008\/#primaryimage"},"image":{"@id":"https:\/\/www.autojm.fr\/blog\/nissan-qashqai-3-le-suv-fera-t-il-de-lombre-au-nouveau-3008\/#primaryimage"},"thumbnailUrl":"https:\/\/www.autojm.fr\/blog\/wp-content\/uploads\/2022\/10\/617.jpg","datePublished":"2021-02-25T00:00:00+00:00","dateModified":"2023-04-18T06:57:34+00:00","description":"Le nouveau Nissan Qashqai, troisi\u00e8me du nom, s'est enfin d\u00e9voil\u00e9. On d\u00e9couvre alors un SUV au look toujours aussi moderne et peu novateur.","breadcrumb":{"@id":"https:\/\/www.autojm.fr\/blog\/nissan-qashqai-3-le-suv-fera-t-il-de-lombre-au-nouveau-3008\/#breadcrumb"},"inLanguage":"fr-FR","potentialAction":[{"@type":"ReadAction","target":["https:\/\/www.autojm.fr\/blog\/nissan-qashqai-3-le-suv-fera-t-il-de-lombre-au-nouveau-3008\/"]}]},{"@type":"ImageObject","inLanguage":"fr-FR","@id":"https:\/\/www.autojm.fr\/blog\/nissan-qashqai-3-le-suv-fera-t-il-de-lombre-au-nouveau-3008\/#primaryimage","url":"https:\/\/www.autojm.fr\/blog\/wp-content\/uploads\/2022\/10\/617.jpg","contentUrl":"https:\/\/www.autojm.fr\/blog\/wp-content\/uploads\/2022\/10\/617.jpg","width":1024,"height":465,"caption":"Nissan Qashqai 3"},{"@type":"BreadcrumbList","@id":"https:\/\/www.autojm.fr\/blog\/nissan-qashqai-3-le-suv-fera-t-il-de-lombre-au-nouveau-3008\/#breadcrumb","itemListElement":[{"@type":"ListItem","position":1,"name":"Accueil","item":"https:\/\/www.autojm.fr\/blog\/"},{"@type":"ListItem","position":2,"name":"Comparatifs","item":"https:\/\/www.autojm.fr\/blog\/comparatifs\/"},{"@type":"ListItem","position":3,"name":"Nissan Qashqai 3 : le SUV fera-t-il de l\u2019ombre au nouveau 3008 ?"}]},{"@type":"WebSite","@id":"https:\/\/www.autojm.fr\/blog\/#website","url":"https:\/\/www.autojm.fr\/blog\/","name":"AutoJM Mag","description":"Toute l&#039;actu auto en 1 clic !","publisher":{"@id":"https:\/\/www.autojm.fr\/blog\/#organization"},"potentialAction":[{"@type":"SearchAction","target":{"@type":"EntryPoint","urlTemplate":"https:\/\/www.autojm.fr\/blog\/?s={search_term_string}"},"query-input":{"@type":"PropertyValueSpecification","valueRequired":true,"valueName":"search_term_string"}}],"inLanguage":"fr-FR"},{"@type":"Organization","@id":"https:\/\/www.autojm.fr\/blog\/#organization","name":"AutoJM Mag","url":"https:\/\/www.autojm.fr\/blog\/","logo":{"@type":"ImageObject","inLanguage":"fr-FR","@id":"https:\/\/www.autojm.fr\/blog\/#\/schema\/logo\/image\/","url":"https:\/\/www.autojm.fr\/blog\/wp-content\/uploads\/2022\/12\/cropped-AutoJMag-png.png","contentUrl":"https:\/\/www.autojm.fr\/blog\/wp-content\/uploads\/2022\/12\/cropped-AutoJMag-png.png","width":2834,"height":585,"caption":"AutoJM Mag"},"image":{"@id":"https:\/\/www.autojm.fr\/blog\/#\/schema\/logo\/image\/"},"sameAs":["https:\/\/www.facebook.com\/AutoJM25"]},{"@type":"Person","@id":"https:\/\/www.autojm.fr\/blog\/#\/schema\/person\/9742bc77541853e0de81fc57f947e1a0","name":"Autojm","image":{"@type":"ImageObject","inLanguage":"fr-FR","@id":"https:\/\/secure.gravatar.com\/avatar\/9a959d52b758fcc232fe4b6aca7bab139182573297122cce7d6f2ee0e537b418?s=96&d=mm&r=g","url":"https:\/\/secure.gravatar.com\/avatar\/9a959d52b758fcc232fe4b6aca7bab139182573297122cce7d6f2ee0e537b418?s=96&d=mm&r=g","contentUrl":"https:\/\/secure.gravatar.com\/avatar\/9a959d52b758fcc232fe4b6aca7bab139182573297122cce7d6f2ee0e537b418?s=96&d=mm&r=g","caption":"Autojm"},"sameAs":["https:\/\/www.autojm.fr\/blog"],"url":"https:\/\/www.autojm.fr\/blog\/author\/bichoi\/"}]}},"_links":{"self":[{"href":"https:\/\/www.autojm.fr\/blog\/wp-json\/wp\/v2\/posts\/3888","targetHints":{"allow":["GET"]}}],"collection":[{"href":"https:\/\/www.autojm.fr\/blog\/wp-json\/wp\/v2\/posts"}],"about":[{"href":"https:\/\/www.autojm.fr\/blog\/wp-json\/wp\/v2\/types\/post"}],"author":[{"embeddable":true,"href":"https:\/\/www.autojm.fr\/blog\/wp-json\/wp\/v2\/users\/1"}],"replies":[{"embeddable":true,"href":"https:\/\/www.autojm.fr\/blog\/wp-json\/wp\/v2\/comments?post=3888"}],"version-history":[{"count":6,"href":"https:\/\/www.autojm.fr\/blog\/wp-json\/wp\/v2\/posts\/3888\/revisions"}],"predecessor-version":[{"id":9216,"href":"https:\/\/www.autojm.fr\/blog\/wp-json\/wp\/v2\/posts\/3888\/revisions\/9216"}],"wp:featuredmedia":[{"embeddable":true,"href":"https:\/\/www.autojm.fr\/blog\/wp-json\/wp\/v2\/media\/5947"}],"wp:attachment":[{"href":"https:\/\/www.autojm.fr\/blog\/wp-json\/wp\/v2\/media?parent=3888"}],"wp:term":[{"taxonomy":"category","embeddable":true,"href":"https:\/\/www.autojm.fr\/blog\/wp-json\/wp\/v2\/categories?post=3888"},{"taxonomy":"post_tag","embeddable":true,"href":"https:\/\/www.autojm.fr\/blog\/wp-json\/wp\/v2\/tags?post=3888"}],"curies":[{"name":"wp","href":"https:\/\/api.w.org\/{rel}","templated":true}]}}