{"id":3887,"date":"2021-02-18T00:00:00","date_gmt":"2021-02-18T00:00:00","guid":{"rendered":"https:\/\/www.autojm.fr\/blog\/citroen-c3-aircross-nouveau-visage-pour-2021\/"},"modified":"2023-04-17T14:40:00","modified_gmt":"2023-04-17T14:40:00","slug":"citroen-c3-aircross-nouveau-visage-pour-2021","status":"publish","type":"post","link":"https:\/\/www.autojm.fr\/blog\/citroen-c3-aircross-nouveau-visage-pour-2021\/","title":{"rendered":"Citro\u00ebn C3 Aircross : nouveau visage pour 2021"},"content":{"rendered":"<p>C&rsquo;est en 2017 que le SUV <strong><a href=\"https:\/\/www.autojm.fr\/mandataire-voitures-neuves-citroen?part=blog&amp;utm_source=articleblog180221&amp;utm_medium=blog\">Citro\u00ebn<\/a><\/strong> a fait son entr\u00e9e sur le march\u00e9 automobile. Son look d\u00e9cal\u00e9 et ses nombreuses fonctionnalit\u00e9s lui ont permis de s&rsquo;imposer comme l&rsquo;un des mod\u00e8les phares de la marque automobile fran\u00e7aise puisqu&rsquo;il arrive en deuxi\u00e8me place des meilleures ventes de Citro\u00ebn. Pour cette ann\u00e9e 2021, le <strong><a href=\"https:\/\/www.autojm.fr\/mandataire-voitures-neuves-citroen\">SUV Citro\u00ebn C3 Aircross<\/a><\/strong> s&rsquo;offre un restylage : pas de r\u00e9volution, mais un joli coup de neuf !<\/p>\n<h2>Citro\u00ebn C3 Aircross 2021 : nouveaux projecteurs \u00e0 LED<\/h2>\n<p>Le logo <strong>Citro\u00ebn<\/strong> qui s&rsquo;\u00e9tire jusque sur les c\u00f4t\u00e9s entourait avant les feux de jour au dessin effil\u00e9s. Il se divise aujourd&rsquo;hui en deux pour relier, d&rsquo;un trait, les feux de jour, et d&rsquo;un autre, les projecteurs \u00e0 LED. Ces derniers, qui se pr\u00e9sentaient sous une forme ovale dans le <strong>C3 Aircross de 2017<\/strong>, copient aujourd&rsquo;hui le style des feux de jour avec un dessin effil\u00e9. La calandre est d\u00e9sormais divis\u00e9e en deux dans le sens de la longueur avec une partie plus imposante en dessous de la plaque d&rsquo;immatriculation et qui accueille un nouveau motif. Les courbes arrondies ont laiss\u00e9 place \u00e0 des angles plus marqu\u00e9s comme sur la <a href=\"https:\/\/www.autojm.fr\/achat-voitures-neuves-citroen-nouvelle-c4-2020-5p?part=blog&amp;utm_source=articleblog180221&amp;utm_medium=blog\"><strong>Citro\u00ebn C4<\/strong><\/a>.<\/p>\n<p>Citro\u00ebn joue encore plus sur la personnalisation pour ce restylage du <strong>Citro\u00ebn C3 Aircross<\/strong>. Les sabots de protection, les r\u00e9troviseurs et la vitre de custode arri\u00e8re font partie des \u00e9l\u00e9ments personnalisables du SUV gr\u00e2ce aux packs \u201cColors\u201d, qui permettent de changer la couleur et le design des motifs de la vitre de custode arri\u00e8re. Le <strong>C3 Aircross 2021<\/strong> est d\u00e9sormais disponible en coloris Voltaic Blue, Blanc Banquise et Kaki Grey, ce qui porte le nombre de combinaisons possibles \u00e0 70.<\/p>\n<h2>Nouvel \u00e9cran 9 pouces dans le C3 Aircross restyl\u00e9<\/h2>\n<p>\u00c0 l&rsquo;int\u00e9rieur, le constructeur fran\u00e7ais continue sa ru\u00e9e vers le confort avec l&rsquo;arriv\u00e9e des si\u00e8ges Advanced Comfort dans le<strong> C3 Aircross<\/strong>, avec des mousses plus \u00e9paisses de 15mm. Un nouveau rangement a \u00e9t\u00e9 int\u00e9gr\u00e9 \u00e0 la console centrale, pouvant servir pour les passagers avant et arri\u00e8re.<br \/>\nC\u00f4t\u00e9 poste de conduite, l&rsquo;\u00e9volution qui ne passe pas inaper\u00e7ue, c&rsquo;est l&rsquo;agrandissement de l&rsquo;\u00e9cran central tactile qui passe de 7 \u00e0 9 pouces, mais occupe le m\u00eame espace. De quoi faciliter son utilisation. L&rsquo;\u00e9cran est donc tactile mais un bouton \u201chome\u201d situ\u00e9 en dessous permet de revenir \u00e0 l&rsquo;\u00e9cran principal.<\/p>\n<h2>Pas de changements c\u00f4t\u00e9 motorisations pour le SUV urbain<\/h2>\n<p>Pas de nouveaut\u00e9 c\u00f4t\u00e9 motorisations, on retrouve le moteur Diesel d\u00e9clin\u00e9 en 110 et 120 chevaux et le moteur essence 1.2 en 110 et 130 chevaux. Les deux versions les plus puissantes sont \u00e9quip\u00e9es de la bo\u00eete automatique EAT6.<\/p>\n<p>Le restylage du <strong>SUV urbain C3 Aircross<\/strong> est donc plus remarquable que le petit coup de jeune donn\u00e9 \u00e0 la <strong><a href=\"https:\/\/www.autojm.fr\/achat-voitures-neuves-citroen-nouvelle-c3-2020-5p?part=blog&amp;utm_source=articleblog180221&amp;utm_medium=blog\">Citro\u00ebn C3<\/a><\/strong> en 2020. Et pour cause, la concurrence est rude dans la cat\u00e9gorie avec des mod\u00e8les en t\u00eate d&rsquo;affiche comme le Peugeot 2008, le Renault Captur et le Dacia Duster. Citro\u00ebn continue donc de d\u00e9velopper ses points : personnalisation et confort, malgr\u00e9 une volont\u00e9 naissante de se faire une place dans le domaine de l&rsquo;originalit\u00e9 et de la performance avec la <strong>Citro\u00ebn C4<\/strong>, mi-SUV mi-berline.<\/p>\n<p style=\"margin-top: 1.75em; margin-bottom: 1.75em; font-size: 0.813em; line-height: 1.5em; color: #666666; font-family: Arial, Helvetica, sans-serif;\"><span style=\"font-variant-numeric: normal; font-variant-east-asian: normal; background-color: transparent; text-align: justify; color: #000000; font-family: Arial; font-size: 14.66px; vertical-align: baseline; white-space: pre-wrap;\">\u2026 N&rsquo;oubliez-pas de nous suivre sur Facebook, Instagram, Youtube et LinkedIn !<\/span><span style=\"font-weight: bold;\">\u00a0 <\/span><\/p>\n","protected":false},"excerpt":{"rendered":"<p>C&rsquo;est en 2017 que le SUV Citro\u00ebn a fait son entr\u00e9e sur le march\u00e9 automobile. Son look d\u00e9cal\u00e9 et ses nombreuses fonctionnalit\u00e9s lui ont permis de s&rsquo;imposer comme l&rsquo;un des mod\u00e8les phares de la marque automobile fran\u00e7aise puisqu&rsquo;il arrive en deuxi\u00e8me place des meilleures ventes de Citro\u00ebn.<\/p>\n","protected":false},"author":1,"featured_media":5946,"comment_status":"open","ping_status":"open","sticky":false,"template":"","format":"standard","meta":{"_acf_changed":false,"content-type":"","footnotes":""},"categories":[236,61],"tags":[90,79,163],"class_list":["post-3887","post","type-post","status-publish","format-standard","has-post-thumbnail","hentry","category-nouveaute-citroen","category-nouveautes-autos","tag-autojm","tag-citroen","tag-citroen-c3-aircross"],"acf":[],"yoast_head":"<!-- This site is optimized with the Yoast SEO plugin v27.5 - https:\/\/yoast.com\/product\/yoast-seo-wordpress\/ -->\n<title>Citro\u00ebn C3 Aircross : nouveau visage pour 2021 - AutoJM Mag<\/title>\n<meta name=\"description\" content=\"C&#039;est en 2017 que le SUV Citro\u00ebn a fait son entr\u00e9e sur le march\u00e9 automobile. Son look d\u00e9cal\u00e9 et ses nombreuses fonctionnalit\u00e9s lui ont...\" \/>\n<meta name=\"robots\" content=\"index, follow, max-snippet:-1, max-image-preview:large, max-video-preview:-1\" \/>\n<link rel=\"canonical\" href=\"https:\/\/www.autojm.fr\/blog\/citroen-c3-aircross-nouveau-visage-pour-2021\/\" \/>\n<meta property=\"og:locale\" content=\"fr_FR\" \/>\n<meta property=\"og:type\" content=\"article\" \/>\n<meta property=\"og:title\" content=\"Citro\u00ebn C3 Aircross : nouveau visage pour 2021 - AutoJM Mag\" \/>\n<meta property=\"og:description\" content=\"C&#039;est en 2017 que le SUV Citro\u00ebn a fait son entr\u00e9e sur le march\u00e9 automobile. Son look d\u00e9cal\u00e9 et ses nombreuses fonctionnalit\u00e9s lui ont...\" \/>\n<meta property=\"og:url\" content=\"https:\/\/www.autojm.fr\/blog\/citroen-c3-aircross-nouveau-visage-pour-2021\/\" \/>\n<meta property=\"og:site_name\" content=\"AutoJM Mag\" \/>\n<meta property=\"article:publisher\" content=\"https:\/\/www.facebook.com\/AutoJM25\" \/>\n<meta property=\"article:published_time\" content=\"2021-02-18T00:00:00+00:00\" \/>\n<meta property=\"article:modified_time\" content=\"2023-04-17T14:40:00+00:00\" \/>\n<meta property=\"og:image\" content=\"https:\/\/www.autojm.fr\/blog\/wp-content\/uploads\/2022\/10\/616.jpg\" \/>\n\t<meta property=\"og:image:width\" content=\"1024\" \/>\n\t<meta property=\"og:image:height\" content=\"465\" \/>\n\t<meta property=\"og:image:type\" content=\"image\/jpeg\" \/>\n<meta name=\"author\" content=\"Autojm\" \/>\n<meta name=\"twitter:card\" content=\"summary_large_image\" \/>\n<meta name=\"twitter:label1\" content=\"\u00c9crit par\" \/>\n\t<meta name=\"twitter:data1\" content=\"Autojm\" \/>\n\t<meta name=\"twitter:label2\" content=\"Dur\u00e9e de lecture estim\u00e9e\" \/>\n\t<meta name=\"twitter:data2\" content=\"4 minutes\" \/>\n<script type=\"application\/ld+json\" class=\"yoast-schema-graph\">{\"@context\":\"https:\\\/\\\/schema.org\",\"@graph\":[{\"@type\":\"Article\",\"@id\":\"https:\\\/\\\/www.autojm.fr\\\/blog\\\/citroen-c3-aircross-nouveau-visage-pour-2021\\\/#article\",\"isPartOf\":{\"@id\":\"https:\\\/\\\/www.autojm.fr\\\/blog\\\/citroen-c3-aircross-nouveau-visage-pour-2021\\\/\"},\"author\":{\"name\":\"Autojm\",\"@id\":\"https:\\\/\\\/www.autojm.fr\\\/blog\\\/#\\\/schema\\\/person\\\/9742bc77541853e0de81fc57f947e1a0\"},\"headline\":\"Citro\u00ebn C3 Aircross : nouveau visage pour 2021\",\"datePublished\":\"2021-02-18T00:00:00+00:00\",\"dateModified\":\"2023-04-17T14:40:00+00:00\",\"mainEntityOfPage\":{\"@id\":\"https:\\\/\\\/www.autojm.fr\\\/blog\\\/citroen-c3-aircross-nouveau-visage-pour-2021\\\/\"},\"wordCount\":554,\"commentCount\":0,\"publisher\":{\"@id\":\"https:\\\/\\\/www.autojm.fr\\\/blog\\\/#organization\"},\"image\":{\"@id\":\"https:\\\/\\\/www.autojm.fr\\\/blog\\\/citroen-c3-aircross-nouveau-visage-pour-2021\\\/#primaryimage\"},\"thumbnailUrl\":\"https:\\\/\\\/www.autojm.fr\\\/blog\\\/wp-content\\\/uploads\\\/2022\\\/10\\\/616.jpg\",\"keywords\":[\"autojm\",\"citroen\",\"Citro\u00ebn C3 Aircross\"],\"articleSection\":[\"Nouveaut\u00e9 Citro\u00ebn\",\"Nouveaut\u00e9s Autos\"],\"inLanguage\":\"fr-FR\",\"potentialAction\":[{\"@type\":\"CommentAction\",\"name\":\"Comment\",\"target\":[\"https:\\\/\\\/www.autojm.fr\\\/blog\\\/citroen-c3-aircross-nouveau-visage-pour-2021\\\/#respond\"]}]},{\"@type\":\"WebPage\",\"@id\":\"https:\\\/\\\/www.autojm.fr\\\/blog\\\/citroen-c3-aircross-nouveau-visage-pour-2021\\\/\",\"url\":\"https:\\\/\\\/www.autojm.fr\\\/blog\\\/citroen-c3-aircross-nouveau-visage-pour-2021\\\/\",\"name\":\"Citro\u00ebn C3 Aircross : nouveau visage pour 2021 - AutoJM Mag\",\"isPartOf\":{\"@id\":\"https:\\\/\\\/www.autojm.fr\\\/blog\\\/#website\"},\"primaryImageOfPage\":{\"@id\":\"https:\\\/\\\/www.autojm.fr\\\/blog\\\/citroen-c3-aircross-nouveau-visage-pour-2021\\\/#primaryimage\"},\"image\":{\"@id\":\"https:\\\/\\\/www.autojm.fr\\\/blog\\\/citroen-c3-aircross-nouveau-visage-pour-2021\\\/#primaryimage\"},\"thumbnailUrl\":\"https:\\\/\\\/www.autojm.fr\\\/blog\\\/wp-content\\\/uploads\\\/2022\\\/10\\\/616.jpg\",\"datePublished\":\"2021-02-18T00:00:00+00:00\",\"dateModified\":\"2023-04-17T14:40:00+00:00\",\"description\":\"C'est en 2017 que le SUV Citro\u00ebn a fait son entr\u00e9e sur le march\u00e9 automobile. Son look d\u00e9cal\u00e9 et ses nombreuses fonctionnalit\u00e9s lui ont...\",\"breadcrumb\":{\"@id\":\"https:\\\/\\\/www.autojm.fr\\\/blog\\\/citroen-c3-aircross-nouveau-visage-pour-2021\\\/#breadcrumb\"},\"inLanguage\":\"fr-FR\",\"potentialAction\":[{\"@type\":\"ReadAction\",\"target\":[\"https:\\\/\\\/www.autojm.fr\\\/blog\\\/citroen-c3-aircross-nouveau-visage-pour-2021\\\/\"]}]},{\"@type\":\"ImageObject\",\"inLanguage\":\"fr-FR\",\"@id\":\"https:\\\/\\\/www.autojm.fr\\\/blog\\\/citroen-c3-aircross-nouveau-visage-pour-2021\\\/#primaryimage\",\"url\":\"https:\\\/\\\/www.autojm.fr\\\/blog\\\/wp-content\\\/uploads\\\/2022\\\/10\\\/616.jpg\",\"contentUrl\":\"https:\\\/\\\/www.autojm.fr\\\/blog\\\/wp-content\\\/uploads\\\/2022\\\/10\\\/616.jpg\",\"width\":1024,\"height\":465,\"caption\":\"Citro\u00ebn C3 Aircross\"},{\"@type\":\"BreadcrumbList\",\"@id\":\"https:\\\/\\\/www.autojm.fr\\\/blog\\\/citroen-c3-aircross-nouveau-visage-pour-2021\\\/#breadcrumb\",\"itemListElement\":[{\"@type\":\"ListItem\",\"position\":1,\"name\":\"Accueil\",\"item\":\"https:\\\/\\\/www.autojm.fr\\\/blog\\\/\"},{\"@type\":\"ListItem\",\"position\":2,\"name\":\"Nouveaut\u00e9s Autos\",\"item\":\"https:\\\/\\\/www.autojm.fr\\\/blog\\\/nouveautes-autos\\\/\"},{\"@type\":\"ListItem\",\"position\":3,\"name\":\"Citro\u00ebn C3 Aircross : nouveau visage pour 2021\"}]},{\"@type\":\"WebSite\",\"@id\":\"https:\\\/\\\/www.autojm.fr\\\/blog\\\/#website\",\"url\":\"https:\\\/\\\/www.autojm.fr\\\/blog\\\/\",\"name\":\"AutoJM Mag\",\"description\":\"Toute l&#039;actu auto en 1 clic !\",\"publisher\":{\"@id\":\"https:\\\/\\\/www.autojm.fr\\\/blog\\\/#organization\"},\"potentialAction\":[{\"@type\":\"SearchAction\",\"target\":{\"@type\":\"EntryPoint\",\"urlTemplate\":\"https:\\\/\\\/www.autojm.fr\\\/blog\\\/?s={search_term_string}\"},\"query-input\":{\"@type\":\"PropertyValueSpecification\",\"valueRequired\":true,\"valueName\":\"search_term_string\"}}],\"inLanguage\":\"fr-FR\"},{\"@type\":\"Organization\",\"@id\":\"https:\\\/\\\/www.autojm.fr\\\/blog\\\/#organization\",\"name\":\"AutoJM Mag\",\"url\":\"https:\\\/\\\/www.autojm.fr\\\/blog\\\/\",\"logo\":{\"@type\":\"ImageObject\",\"inLanguage\":\"fr-FR\",\"@id\":\"https:\\\/\\\/www.autojm.fr\\\/blog\\\/#\\\/schema\\\/logo\\\/image\\\/\",\"url\":\"https:\\\/\\\/www.autojm.fr\\\/blog\\\/wp-content\\\/uploads\\\/2022\\\/12\\\/cropped-AutoJMag-png.png\",\"contentUrl\":\"https:\\\/\\\/www.autojm.fr\\\/blog\\\/wp-content\\\/uploads\\\/2022\\\/12\\\/cropped-AutoJMag-png.png\",\"width\":2834,\"height\":585,\"caption\":\"AutoJM Mag\"},\"image\":{\"@id\":\"https:\\\/\\\/www.autojm.fr\\\/blog\\\/#\\\/schema\\\/logo\\\/image\\\/\"},\"sameAs\":[\"https:\\\/\\\/www.facebook.com\\\/AutoJM25\"]},{\"@type\":\"Person\",\"@id\":\"https:\\\/\\\/www.autojm.fr\\\/blog\\\/#\\\/schema\\\/person\\\/9742bc77541853e0de81fc57f947e1a0\",\"name\":\"Autojm\",\"image\":{\"@type\":\"ImageObject\",\"inLanguage\":\"fr-FR\",\"@id\":\"https:\\\/\\\/secure.gravatar.com\\\/avatar\\\/9a959d52b758fcc232fe4b6aca7bab139182573297122cce7d6f2ee0e537b418?s=96&d=mm&r=g\",\"url\":\"https:\\\/\\\/secure.gravatar.com\\\/avatar\\\/9a959d52b758fcc232fe4b6aca7bab139182573297122cce7d6f2ee0e537b418?s=96&d=mm&r=g\",\"contentUrl\":\"https:\\\/\\\/secure.gravatar.com\\\/avatar\\\/9a959d52b758fcc232fe4b6aca7bab139182573297122cce7d6f2ee0e537b418?s=96&d=mm&r=g\",\"caption\":\"Autojm\"},\"sameAs\":[\"https:\\\/\\\/www.autojm.fr\\\/blog\"],\"url\":\"https:\\\/\\\/www.autojm.fr\\\/blog\\\/author\\\/bichoi\\\/\"}]}<\/script>\n<!-- \/ Yoast SEO plugin. -->","yoast_head_json":{"title":"Citro\u00ebn C3 Aircross : nouveau visage pour 2021 - AutoJM Mag","description":"C'est en 2017 que le SUV Citro\u00ebn a fait son entr\u00e9e sur le march\u00e9 automobile. Son look d\u00e9cal\u00e9 et ses nombreuses fonctionnalit\u00e9s lui ont...","robots":{"index":"index","follow":"follow","max-snippet":"max-snippet:-1","max-image-preview":"max-image-preview:large","max-video-preview":"max-video-preview:-1"},"canonical":"https:\/\/www.autojm.fr\/blog\/citroen-c3-aircross-nouveau-visage-pour-2021\/","og_locale":"fr_FR","og_type":"article","og_title":"Citro\u00ebn C3 Aircross : nouveau visage pour 2021 - AutoJM Mag","og_description":"C'est en 2017 que le SUV Citro\u00ebn a fait son entr\u00e9e sur le march\u00e9 automobile. Son look d\u00e9cal\u00e9 et ses nombreuses fonctionnalit\u00e9s lui ont...","og_url":"https:\/\/www.autojm.fr\/blog\/citroen-c3-aircross-nouveau-visage-pour-2021\/","og_site_name":"AutoJM Mag","article_publisher":"https:\/\/www.facebook.com\/AutoJM25","article_published_time":"2021-02-18T00:00:00+00:00","article_modified_time":"2023-04-17T14:40:00+00:00","og_image":[{"width":1024,"height":465,"url":"https:\/\/www.autojm.fr\/blog\/wp-content\/uploads\/2022\/10\/616.jpg","type":"image\/jpeg"}],"author":"Autojm","twitter_card":"summary_large_image","twitter_misc":{"\u00c9crit par":"Autojm","Dur\u00e9e de lecture estim\u00e9e":"4 minutes"},"schema":{"@context":"https:\/\/schema.org","@graph":[{"@type":"Article","@id":"https:\/\/www.autojm.fr\/blog\/citroen-c3-aircross-nouveau-visage-pour-2021\/#article","isPartOf":{"@id":"https:\/\/www.autojm.fr\/blog\/citroen-c3-aircross-nouveau-visage-pour-2021\/"},"author":{"name":"Autojm","@id":"https:\/\/www.autojm.fr\/blog\/#\/schema\/person\/9742bc77541853e0de81fc57f947e1a0"},"headline":"Citro\u00ebn C3 Aircross : nouveau visage pour 2021","datePublished":"2021-02-18T00:00:00+00:00","dateModified":"2023-04-17T14:40:00+00:00","mainEntityOfPage":{"@id":"https:\/\/www.autojm.fr\/blog\/citroen-c3-aircross-nouveau-visage-pour-2021\/"},"wordCount":554,"commentCount":0,"publisher":{"@id":"https:\/\/www.autojm.fr\/blog\/#organization"},"image":{"@id":"https:\/\/www.autojm.fr\/blog\/citroen-c3-aircross-nouveau-visage-pour-2021\/#primaryimage"},"thumbnailUrl":"https:\/\/www.autojm.fr\/blog\/wp-content\/uploads\/2022\/10\/616.jpg","keywords":["autojm","citroen","Citro\u00ebn C3 Aircross"],"articleSection":["Nouveaut\u00e9 Citro\u00ebn","Nouveaut\u00e9s Autos"],"inLanguage":"fr-FR","potentialAction":[{"@type":"CommentAction","name":"Comment","target":["https:\/\/www.autojm.fr\/blog\/citroen-c3-aircross-nouveau-visage-pour-2021\/#respond"]}]},{"@type":"WebPage","@id":"https:\/\/www.autojm.fr\/blog\/citroen-c3-aircross-nouveau-visage-pour-2021\/","url":"https:\/\/www.autojm.fr\/blog\/citroen-c3-aircross-nouveau-visage-pour-2021\/","name":"Citro\u00ebn C3 Aircross : nouveau visage pour 2021 - AutoJM Mag","isPartOf":{"@id":"https:\/\/www.autojm.fr\/blog\/#website"},"primaryImageOfPage":{"@id":"https:\/\/www.autojm.fr\/blog\/citroen-c3-aircross-nouveau-visage-pour-2021\/#primaryimage"},"image":{"@id":"https:\/\/www.autojm.fr\/blog\/citroen-c3-aircross-nouveau-visage-pour-2021\/#primaryimage"},"thumbnailUrl":"https:\/\/www.autojm.fr\/blog\/wp-content\/uploads\/2022\/10\/616.jpg","datePublished":"2021-02-18T00:00:00+00:00","dateModified":"2023-04-17T14:40:00+00:00","description":"C'est en 2017 que le SUV Citro\u00ebn a fait son entr\u00e9e sur le march\u00e9 automobile. Son look d\u00e9cal\u00e9 et ses nombreuses fonctionnalit\u00e9s lui ont...","breadcrumb":{"@id":"https:\/\/www.autojm.fr\/blog\/citroen-c3-aircross-nouveau-visage-pour-2021\/#breadcrumb"},"inLanguage":"fr-FR","potentialAction":[{"@type":"ReadAction","target":["https:\/\/www.autojm.fr\/blog\/citroen-c3-aircross-nouveau-visage-pour-2021\/"]}]},{"@type":"ImageObject","inLanguage":"fr-FR","@id":"https:\/\/www.autojm.fr\/blog\/citroen-c3-aircross-nouveau-visage-pour-2021\/#primaryimage","url":"https:\/\/www.autojm.fr\/blog\/wp-content\/uploads\/2022\/10\/616.jpg","contentUrl":"https:\/\/www.autojm.fr\/blog\/wp-content\/uploads\/2022\/10\/616.jpg","width":1024,"height":465,"caption":"Citro\u00ebn C3 Aircross"},{"@type":"BreadcrumbList","@id":"https:\/\/www.autojm.fr\/blog\/citroen-c3-aircross-nouveau-visage-pour-2021\/#breadcrumb","itemListElement":[{"@type":"ListItem","position":1,"name":"Accueil","item":"https:\/\/www.autojm.fr\/blog\/"},{"@type":"ListItem","position":2,"name":"Nouveaut\u00e9s Autos","item":"https:\/\/www.autojm.fr\/blog\/nouveautes-autos\/"},{"@type":"ListItem","position":3,"name":"Citro\u00ebn C3 Aircross : nouveau visage pour 2021"}]},{"@type":"WebSite","@id":"https:\/\/www.autojm.fr\/blog\/#website","url":"https:\/\/www.autojm.fr\/blog\/","name":"AutoJM Mag","description":"Toute l&#039;actu auto en 1 clic !","publisher":{"@id":"https:\/\/www.autojm.fr\/blog\/#organization"},"potentialAction":[{"@type":"SearchAction","target":{"@type":"EntryPoint","urlTemplate":"https:\/\/www.autojm.fr\/blog\/?s={search_term_string}"},"query-input":{"@type":"PropertyValueSpecification","valueRequired":true,"valueName":"search_term_string"}}],"inLanguage":"fr-FR"},{"@type":"Organization","@id":"https:\/\/www.autojm.fr\/blog\/#organization","name":"AutoJM Mag","url":"https:\/\/www.autojm.fr\/blog\/","logo":{"@type":"ImageObject","inLanguage":"fr-FR","@id":"https:\/\/www.autojm.fr\/blog\/#\/schema\/logo\/image\/","url":"https:\/\/www.autojm.fr\/blog\/wp-content\/uploads\/2022\/12\/cropped-AutoJMag-png.png","contentUrl":"https:\/\/www.autojm.fr\/blog\/wp-content\/uploads\/2022\/12\/cropped-AutoJMag-png.png","width":2834,"height":585,"caption":"AutoJM Mag"},"image":{"@id":"https:\/\/www.autojm.fr\/blog\/#\/schema\/logo\/image\/"},"sameAs":["https:\/\/www.facebook.com\/AutoJM25"]},{"@type":"Person","@id":"https:\/\/www.autojm.fr\/blog\/#\/schema\/person\/9742bc77541853e0de81fc57f947e1a0","name":"Autojm","image":{"@type":"ImageObject","inLanguage":"fr-FR","@id":"https:\/\/secure.gravatar.com\/avatar\/9a959d52b758fcc232fe4b6aca7bab139182573297122cce7d6f2ee0e537b418?s=96&d=mm&r=g","url":"https:\/\/secure.gravatar.com\/avatar\/9a959d52b758fcc232fe4b6aca7bab139182573297122cce7d6f2ee0e537b418?s=96&d=mm&r=g","contentUrl":"https:\/\/secure.gravatar.com\/avatar\/9a959d52b758fcc232fe4b6aca7bab139182573297122cce7d6f2ee0e537b418?s=96&d=mm&r=g","caption":"Autojm"},"sameAs":["https:\/\/www.autojm.fr\/blog"],"url":"https:\/\/www.autojm.fr\/blog\/author\/bichoi\/"}]}},"_links":{"self":[{"href":"https:\/\/www.autojm.fr\/blog\/wp-json\/wp\/v2\/posts\/3887","targetHints":{"allow":["GET"]}}],"collection":[{"href":"https:\/\/www.autojm.fr\/blog\/wp-json\/wp\/v2\/posts"}],"about":[{"href":"https:\/\/www.autojm.fr\/blog\/wp-json\/wp\/v2\/types\/post"}],"author":[{"embeddable":true,"href":"https:\/\/www.autojm.fr\/blog\/wp-json\/wp\/v2\/users\/1"}],"replies":[{"embeddable":true,"href":"https:\/\/www.autojm.fr\/blog\/wp-json\/wp\/v2\/comments?post=3887"}],"version-history":[{"count":5,"href":"https:\/\/www.autojm.fr\/blog\/wp-json\/wp\/v2\/posts\/3887\/revisions"}],"predecessor-version":[{"id":9180,"href":"https:\/\/www.autojm.fr\/blog\/wp-json\/wp\/v2\/posts\/3887\/revisions\/9180"}],"wp:featuredmedia":[{"embeddable":true,"href":"https:\/\/www.autojm.fr\/blog\/wp-json\/wp\/v2\/media\/5946"}],"wp:attachment":[{"href":"https:\/\/www.autojm.fr\/blog\/wp-json\/wp\/v2\/media?parent=3887"}],"wp:term":[{"taxonomy":"category","embeddable":true,"href":"https:\/\/www.autojm.fr\/blog\/wp-json\/wp\/v2\/categories?post=3887"},{"taxonomy":"post_tag","embeddable":true,"href":"https:\/\/www.autojm.fr\/blog\/wp-json\/wp\/v2\/tags?post=3887"}],"curies":[{"name":"wp","href":"https:\/\/api.w.org\/{rel}","templated":true}]}}