{"id":3884,"date":"2021-01-29T00:00:00","date_gmt":"2021-01-29T00:00:00","guid":{"rendered":"https:\/\/www.autojm.fr\/blog\/lannee-2020-chez-autojm-en-chiffres\/"},"modified":"2023-04-19T11:58:04","modified_gmt":"2023-04-19T11:58:04","slug":"lannee-2020-chez-autojm-en-chiffres","status":"publish","type":"post","link":"https:\/\/www.autojm.fr\/blog\/lannee-2020-chez-autojm-en-chiffres\/","title":{"rendered":"L&rsquo;ann\u00e9e 2020 chez AutoJM en chiffres"},"content":{"rendered":"<p>L&rsquo;ann\u00e9e 2020 a \u00e9t\u00e9 marqu\u00e9e par une crise sanitaire sans pr\u00e9c\u00e9dent dont les effets se sont ressentis sur le secteur automobile : fermeture des usines et concessions automobiles pendant plusieurs semaines, annulation des salons de l&rsquo;automobile, report d&rsquo;entr\u00e9e en production de mod\u00e8les, baisse significative des ventes\u2026. Chez AutoJM, nous avons depuis de nombreuses ann\u00e9es d\u00e9velopp\u00e9 notre site internet qui constitue aujourd&rsquo;hui notre principal canal de vente, c&rsquo;est pourquoi nous avons par chance r\u00e9ussi \u00e0 amoindrir les cons\u00e9quences de la crise sanitaire. Retour sur l&rsquo;ann\u00e9e 2020 chez AutoJM.<\/p>\n<h2>Marque automobile pr\u00e9f\u00e9r\u00e9e des clients AutoJM<\/h2>\n<p>En tant que mandataire multimarques, nous proposons des mod\u00e8les de nombreuses marques automobiles. Les marques fran\u00e7aises sont les plus repr\u00e9sent\u00e9es, et le si\u00e8ge d&rsquo;AutoJM \u00e9tant situ\u00e9 pr\u00e8s de la c\u00e9l\u00e8bre usine Peugeot de Sochaux, c&rsquo;est sans surprise que le constructeur au Lion est premier du classement, loin devant ses concurrents.<\/p>\n<p>1 &#8211; <strong><a href=\"https:\/\/www.autojm.fr\/mandataire-voitures-neuves-peugeot?part=blog&amp;utm_source=articleblog290121&amp;utm_medium=blog\">Peugeot<\/a><\/strong> : 2111<br \/>\n2 &#8211; Citro\u00ebn : 340<br \/>\n3 &#8211; Renault : 309<br \/>\n4 &#8211; DS : 119<br \/>\n5 &#8211; Volkswagen : 73<br \/>\n6 &#8211; Dacia : 45<br \/>\n7 &#8211; Ford : 14<br \/>\n8 &#8211; Toyota : 11<br \/>\n9 &#8211; Nissan : 10<br \/>\n10 &#8211; Opel : 9<br \/>\n11 &#8211; Audi : 6<br \/>\n12 &#8211; Kia : 5<br \/>\n13 &#8211; Mini : 4<br \/>\n14 &#8211; Alfa Romeo, Hyundai : 3<br \/>\n15 &#8211; Fiat, Mercedes : 2<br \/>\n16 &#8211; Logan, Mazda : 1<\/p>\n<h2>Quelles sont les voitures les plus vendues en 2020 ?<\/h2>\n<p>L\u00e0 encore, le constructeur Peugeot fait toute la diff\u00e9rence. Le SUV Peugeot 3008 s&rsquo;impose de nouveau \u00e0 la premi\u00e8re place du classement, faisant presque toujours autant chavirer le coeur des automobilistes Fran\u00e7ais. Le nouveau SUV 3008 2021 est d\u00e9sormais sur le march\u00e9, reste \u00e0 savoir s&rsquo;il fera aussi bien que son pr\u00e9d\u00e9cesseur.<\/p>\n<p>1 &#8211; <strong><a href=\"?part=blog&amp;utm_source=articleblog290121&amp;utm_medium=blog\">Peugeot 3008 ancien<\/a><\/strong> : 441<br \/>\n2 &#8211; Peugeot 2008 nouveau : 416<br \/>\n3 &#8211; Peugeot 208 nouvelle : 311<br \/>\n4 &#8211; Peugeot 308 2020 : 223<br \/>\n5 &#8211; Peugeot 5008 ancien : 216<br \/>\n6 &#8211; Peugeot Rifter : 140<br \/>\n7 &#8211; Citro\u00ebn C5 Aircross : 112<br \/>\n8 &#8211; DS7 Crossback : 97<br \/>\n9 &#8211; Citro\u00ebn Berlingo nouveau : 86<br \/>\n10 &#8211; Renault Captur nouveau : 79<\/p>\n<h2>Les voitures Essence reprennent la main<\/h2>\n<p>Le Dieselgate avait d\u00e9clench\u00e9 la col\u00e8re des automobilistes et des gouvernements, mettant en porte-\u00e0-faux le carburant devenu num\u00e9ro 1 sur le march\u00e9 automobile. La tendance a donc peu \u00e0 peu chang\u00e9, offrant un peu plus de part de march\u00e9 aux voitures essence, mais surtout, aux mod\u00e8les hybrides, hybrides rechargeables et \u00e9lectriques qui sont de plus en plus nombreux sur le march\u00e9 fran\u00e7ais et sur notre catalogue automobile.<br \/>\nCarburants :<\/p>\n<p>&#8211; 48,5% de <strong><a href=\"https:\/\/www.autojm.fr\/recherche?energies%5B%5D=Essence?part=blog&amp;utm_source=articleblog290121&amp;utm_medium=blog\">v\u00e9hicules essence<\/a><\/strong><br \/>\n&#8211; 46,8% de v\u00e9hicules diesel<br \/>\n&#8211; 2,9% de v\u00e9hicules hybrides<br \/>\n&#8211; 1,8% de v\u00e9hicules \u00e9lectriques<\/p>\n<h2>Livraison de voiture : nos clients pr\u00e9f\u00e8rent se d\u00e9placer<\/h2>\n<p>Pas de changement par rapport \u00e0 2019 du c\u00f4t\u00e9 des lieux de livraison. Nos clients privil\u00e9gient la r\u00e9ception au si\u00e8ge d&rsquo;AutoJM \u00e0 Audincourt, que nous n&rsquo;avons arr\u00eat\u00e9 que peu de temps lors du premier confinement. La <strong><a href=\"https:\/\/www.autojm.fr\/?part=blog&amp;utm_source=articleblog290121&amp;utm_medium=blog\">voiture<\/a><\/strong> \u00e9tant un outil indispensable pour de nombreux fran\u00e7ais, nous avons pu assurer les livraisons pendant la majeure partie des semaines de confinement.<\/p>\n<p>&#8211; Audincourt : 69,3%<br \/>\n&#8211; Domicile par convoyage : 14,7%<br \/>\n&#8211; Pessac : 7,8%<br \/>\n&#8211; Domicile par camion : 7,7%<\/p>\n<h2>Choisissez la couleur qui vous plait pour votre voiture !<\/h2>\n<p>Que ce soit pour refl\u00e9ter votre personnalit\u00e9, pour une question de co\u00fbt, ou de s\u00e9curit\u00e9, le choix de la couleur de votre voiture est une \u00e9tape importante. Voici les couleurs favoris\u00e9es par nos clients chez AutoJM.<br \/>\nCouleur<\/p>\n<p>Gris : 955 voitures en 2020<br \/>\nBlanc : 721voitures en 2020<br \/>\nNoir : 434voitures en 2020<br \/>\nBleu : 357voitures en 2020<br \/>\nRouge : 262voitures en 2020<\/p>\n<h2>AutoJM a des clients de toute la France !<\/h2>\n<p>AutoJM vous livre partout en France, c&rsquo;est pourquoi nos clients viennent des quatres coins du territoire. Avec le si\u00e8ge \u00e0 Audincourt (25) et un point de vente \u00e0 Pessac (33), les deux d\u00e9partements font partie du Top 3. Le Haut-Rhin est en num\u00e9ro 1, et on vous laisse d\u00e9couvrir la suite du classement concernant nos ventes dans les d\u00e9partements de France.<\/p>\n","protected":false},"excerpt":{"rendered":"<p>L&rsquo;ann\u00e9e 2020 a \u00e9t\u00e9 marqu\u00e9e par une crise sanitaire sans pr\u00e9c\u00e9dent dont les effets se sont ressentis sur le secteur automobile : fermeture des usines et concessions automobiles pendant plusieurs semaines, annulation des salons de l&rsquo;automobile, report d&rsquo;entr\u00e9e en production de mod\u00e8les, baisse significative des ventes\u2026.<\/p>\n","protected":false},"author":1,"featured_media":5943,"comment_status":"open","ping_status":"open","sticky":false,"template":"","format":"standard","meta":{"_acf_changed":false,"content-type":"","footnotes":""},"categories":[5],"tags":[90,79,74,105,110,109,106,108,107,73,78,96],"class_list":["post-3884","post","type-post","status-publish","format-standard","has-post-thumbnail","hentry","category-actualite-automobile","tag-autojm","tag-citroen","tag-dacia","tag-ds","tag-fiat","tag-ford","tag-kia","tag-nissan","tag-opel","tag-peugeot","tag-renault","tag-volkswagen"],"acf":[],"yoast_head":"<!-- This site is optimized with the Yoast SEO plugin v27.5 - https:\/\/yoast.com\/product\/yoast-seo-wordpress\/ -->\n<title>L&#039;ann\u00e9e 2020 chez AutoJM en chiffres - AutoJM Mag<\/title>\n<meta name=\"description\" content=\"L&#039;ann\u00e9e 2020 a \u00e9t\u00e9 marqu\u00e9e par une crise sanitaire sans pr\u00e9c\u00e9dent dont les effets se sont ressentis sur le secteur automobile.\" \/>\n<meta name=\"robots\" content=\"index, follow, max-snippet:-1, max-image-preview:large, max-video-preview:-1\" \/>\n<link rel=\"canonical\" href=\"https:\/\/www.autojm.fr\/blog\/lannee-2020-chez-autojm-en-chiffres\/\" \/>\n<meta property=\"og:locale\" content=\"fr_FR\" \/>\n<meta property=\"og:type\" content=\"article\" \/>\n<meta property=\"og:title\" content=\"L&#039;ann\u00e9e 2020 chez AutoJM en chiffres - AutoJM Mag\" \/>\n<meta property=\"og:description\" content=\"L&#039;ann\u00e9e 2020 a \u00e9t\u00e9 marqu\u00e9e par une crise sanitaire sans pr\u00e9c\u00e9dent dont les effets se sont ressentis sur le secteur automobile.\" \/>\n<meta property=\"og:url\" content=\"https:\/\/www.autojm.fr\/blog\/lannee-2020-chez-autojm-en-chiffres\/\" \/>\n<meta property=\"og:site_name\" content=\"AutoJM Mag\" \/>\n<meta property=\"article:publisher\" content=\"https:\/\/www.facebook.com\/AutoJM25\" \/>\n<meta property=\"article:published_time\" content=\"2021-01-29T00:00:00+00:00\" \/>\n<meta property=\"article:modified_time\" content=\"2023-04-19T11:58:04+00:00\" \/>\n<meta property=\"og:image\" content=\"https:\/\/www.autojm.fr\/blog\/wp-content\/uploads\/2022\/10\/613-scaled.jpg\" \/>\n\t<meta property=\"og:image:width\" content=\"2560\" \/>\n\t<meta property=\"og:image:height\" content=\"1160\" \/>\n\t<meta property=\"og:image:type\" content=\"image\/jpeg\" \/>\n<meta name=\"author\" content=\"Autojm\" \/>\n<meta name=\"twitter:card\" content=\"summary_large_image\" \/>\n<meta name=\"twitter:label1\" content=\"\u00c9crit par\" \/>\n\t<meta name=\"twitter:data1\" content=\"Autojm\" \/>\n\t<meta name=\"twitter:label2\" content=\"Dur\u00e9e de lecture estim\u00e9e\" \/>\n\t<meta name=\"twitter:data2\" content=\"4 minutes\" \/>\n<script type=\"application\/ld+json\" class=\"yoast-schema-graph\">{\"@context\":\"https:\\\/\\\/schema.org\",\"@graph\":[{\"@type\":\"Article\",\"@id\":\"https:\\\/\\\/www.autojm.fr\\\/blog\\\/lannee-2020-chez-autojm-en-chiffres\\\/#article\",\"isPartOf\":{\"@id\":\"https:\\\/\\\/www.autojm.fr\\\/blog\\\/lannee-2020-chez-autojm-en-chiffres\\\/\"},\"author\":{\"name\":\"Autojm\",\"@id\":\"https:\\\/\\\/www.autojm.fr\\\/blog\\\/#\\\/schema\\\/person\\\/9742bc77541853e0de81fc57f947e1a0\"},\"headline\":\"L&rsquo;ann\u00e9e 2020 chez AutoJM en chiffres\",\"datePublished\":\"2021-01-29T00:00:00+00:00\",\"dateModified\":\"2023-04-19T11:58:04+00:00\",\"mainEntityOfPage\":{\"@id\":\"https:\\\/\\\/www.autojm.fr\\\/blog\\\/lannee-2020-chez-autojm-en-chiffres\\\/\"},\"wordCount\":615,\"commentCount\":0,\"publisher\":{\"@id\":\"https:\\\/\\\/www.autojm.fr\\\/blog\\\/#organization\"},\"image\":{\"@id\":\"https:\\\/\\\/www.autojm.fr\\\/blog\\\/lannee-2020-chez-autojm-en-chiffres\\\/#primaryimage\"},\"thumbnailUrl\":\"https:\\\/\\\/www.autojm.fr\\\/blog\\\/wp-content\\\/uploads\\\/2022\\\/10\\\/613-scaled.jpg\",\"keywords\":[\"autojm\",\"citroen\",\"dacia\",\"DS\",\"Fiat\",\"Ford\",\"Kia\",\"Nissan\",\"Opel\",\"peugeot\",\"renault\",\"Volkswagen\"],\"articleSection\":[\"Actualit\u00e9 Automobile\"],\"inLanguage\":\"fr-FR\",\"potentialAction\":[{\"@type\":\"CommentAction\",\"name\":\"Comment\",\"target\":[\"https:\\\/\\\/www.autojm.fr\\\/blog\\\/lannee-2020-chez-autojm-en-chiffres\\\/#respond\"]}]},{\"@type\":\"WebPage\",\"@id\":\"https:\\\/\\\/www.autojm.fr\\\/blog\\\/lannee-2020-chez-autojm-en-chiffres\\\/\",\"url\":\"https:\\\/\\\/www.autojm.fr\\\/blog\\\/lannee-2020-chez-autojm-en-chiffres\\\/\",\"name\":\"L'ann\u00e9e 2020 chez AutoJM en chiffres - AutoJM Mag\",\"isPartOf\":{\"@id\":\"https:\\\/\\\/www.autojm.fr\\\/blog\\\/#website\"},\"primaryImageOfPage\":{\"@id\":\"https:\\\/\\\/www.autojm.fr\\\/blog\\\/lannee-2020-chez-autojm-en-chiffres\\\/#primaryimage\"},\"image\":{\"@id\":\"https:\\\/\\\/www.autojm.fr\\\/blog\\\/lannee-2020-chez-autojm-en-chiffres\\\/#primaryimage\"},\"thumbnailUrl\":\"https:\\\/\\\/www.autojm.fr\\\/blog\\\/wp-content\\\/uploads\\\/2022\\\/10\\\/613-scaled.jpg\",\"datePublished\":\"2021-01-29T00:00:00+00:00\",\"dateModified\":\"2023-04-19T11:58:04+00:00\",\"description\":\"L'ann\u00e9e 2020 a \u00e9t\u00e9 marqu\u00e9e par une crise sanitaire sans pr\u00e9c\u00e9dent dont les effets se sont ressentis sur le secteur automobile.\",\"breadcrumb\":{\"@id\":\"https:\\\/\\\/www.autojm.fr\\\/blog\\\/lannee-2020-chez-autojm-en-chiffres\\\/#breadcrumb\"},\"inLanguage\":\"fr-FR\",\"potentialAction\":[{\"@type\":\"ReadAction\",\"target\":[\"https:\\\/\\\/www.autojm.fr\\\/blog\\\/lannee-2020-chez-autojm-en-chiffres\\\/\"]}]},{\"@type\":\"ImageObject\",\"inLanguage\":\"fr-FR\",\"@id\":\"https:\\\/\\\/www.autojm.fr\\\/blog\\\/lannee-2020-chez-autojm-en-chiffres\\\/#primaryimage\",\"url\":\"https:\\\/\\\/www.autojm.fr\\\/blog\\\/wp-content\\\/uploads\\\/2022\\\/10\\\/613-scaled.jpg\",\"contentUrl\":\"https:\\\/\\\/www.autojm.fr\\\/blog\\\/wp-content\\\/uploads\\\/2022\\\/10\\\/613-scaled.jpg\",\"width\":2560,\"height\":1160,\"caption\":\"Bilan 2020 AutoJM\"},{\"@type\":\"BreadcrumbList\",\"@id\":\"https:\\\/\\\/www.autojm.fr\\\/blog\\\/lannee-2020-chez-autojm-en-chiffres\\\/#breadcrumb\",\"itemListElement\":[{\"@type\":\"ListItem\",\"position\":1,\"name\":\"Accueil\",\"item\":\"https:\\\/\\\/www.autojm.fr\\\/blog\\\/\"},{\"@type\":\"ListItem\",\"position\":2,\"name\":\"Actualit\u00e9 Automobile\",\"item\":\"https:\\\/\\\/www.autojm.fr\\\/blog\\\/actualite-automobile\\\/\"},{\"@type\":\"ListItem\",\"position\":3,\"name\":\"L&rsquo;ann\u00e9e 2020 chez AutoJM en chiffres\"}]},{\"@type\":\"WebSite\",\"@id\":\"https:\\\/\\\/www.autojm.fr\\\/blog\\\/#website\",\"url\":\"https:\\\/\\\/www.autojm.fr\\\/blog\\\/\",\"name\":\"AutoJM Mag\",\"description\":\"Toute l&#039;actu auto en 1 clic !\",\"publisher\":{\"@id\":\"https:\\\/\\\/www.autojm.fr\\\/blog\\\/#organization\"},\"potentialAction\":[{\"@type\":\"SearchAction\",\"target\":{\"@type\":\"EntryPoint\",\"urlTemplate\":\"https:\\\/\\\/www.autojm.fr\\\/blog\\\/?s={search_term_string}\"},\"query-input\":{\"@type\":\"PropertyValueSpecification\",\"valueRequired\":true,\"valueName\":\"search_term_string\"}}],\"inLanguage\":\"fr-FR\"},{\"@type\":\"Organization\",\"@id\":\"https:\\\/\\\/www.autojm.fr\\\/blog\\\/#organization\",\"name\":\"AutoJM Mag\",\"url\":\"https:\\\/\\\/www.autojm.fr\\\/blog\\\/\",\"logo\":{\"@type\":\"ImageObject\",\"inLanguage\":\"fr-FR\",\"@id\":\"https:\\\/\\\/www.autojm.fr\\\/blog\\\/#\\\/schema\\\/logo\\\/image\\\/\",\"url\":\"https:\\\/\\\/www.autojm.fr\\\/blog\\\/wp-content\\\/uploads\\\/2022\\\/12\\\/cropped-AutoJMag-png.png\",\"contentUrl\":\"https:\\\/\\\/www.autojm.fr\\\/blog\\\/wp-content\\\/uploads\\\/2022\\\/12\\\/cropped-AutoJMag-png.png\",\"width\":2834,\"height\":585,\"caption\":\"AutoJM Mag\"},\"image\":{\"@id\":\"https:\\\/\\\/www.autojm.fr\\\/blog\\\/#\\\/schema\\\/logo\\\/image\\\/\"},\"sameAs\":[\"https:\\\/\\\/www.facebook.com\\\/AutoJM25\"]},{\"@type\":\"Person\",\"@id\":\"https:\\\/\\\/www.autojm.fr\\\/blog\\\/#\\\/schema\\\/person\\\/9742bc77541853e0de81fc57f947e1a0\",\"name\":\"Autojm\",\"image\":{\"@type\":\"ImageObject\",\"inLanguage\":\"fr-FR\",\"@id\":\"https:\\\/\\\/secure.gravatar.com\\\/avatar\\\/9a959d52b758fcc232fe4b6aca7bab139182573297122cce7d6f2ee0e537b418?s=96&d=mm&r=g\",\"url\":\"https:\\\/\\\/secure.gravatar.com\\\/avatar\\\/9a959d52b758fcc232fe4b6aca7bab139182573297122cce7d6f2ee0e537b418?s=96&d=mm&r=g\",\"contentUrl\":\"https:\\\/\\\/secure.gravatar.com\\\/avatar\\\/9a959d52b758fcc232fe4b6aca7bab139182573297122cce7d6f2ee0e537b418?s=96&d=mm&r=g\",\"caption\":\"Autojm\"},\"sameAs\":[\"https:\\\/\\\/www.autojm.fr\\\/blog\"],\"url\":\"https:\\\/\\\/www.autojm.fr\\\/blog\\\/author\\\/bichoi\\\/\"}]}<\/script>\n<!-- \/ Yoast SEO plugin. -->","yoast_head_json":{"title":"L'ann\u00e9e 2020 chez AutoJM en chiffres - AutoJM Mag","description":"L'ann\u00e9e 2020 a \u00e9t\u00e9 marqu\u00e9e par une crise sanitaire sans pr\u00e9c\u00e9dent dont les effets se sont ressentis sur le secteur automobile.","robots":{"index":"index","follow":"follow","max-snippet":"max-snippet:-1","max-image-preview":"max-image-preview:large","max-video-preview":"max-video-preview:-1"},"canonical":"https:\/\/www.autojm.fr\/blog\/lannee-2020-chez-autojm-en-chiffres\/","og_locale":"fr_FR","og_type":"article","og_title":"L'ann\u00e9e 2020 chez AutoJM en chiffres - AutoJM Mag","og_description":"L'ann\u00e9e 2020 a \u00e9t\u00e9 marqu\u00e9e par une crise sanitaire sans pr\u00e9c\u00e9dent dont les effets se sont ressentis sur le secteur automobile.","og_url":"https:\/\/www.autojm.fr\/blog\/lannee-2020-chez-autojm-en-chiffres\/","og_site_name":"AutoJM Mag","article_publisher":"https:\/\/www.facebook.com\/AutoJM25","article_published_time":"2021-01-29T00:00:00+00:00","article_modified_time":"2023-04-19T11:58:04+00:00","og_image":[{"width":2560,"height":1160,"url":"https:\/\/www.autojm.fr\/blog\/wp-content\/uploads\/2022\/10\/613-scaled.jpg","type":"image\/jpeg"}],"author":"Autojm","twitter_card":"summary_large_image","twitter_misc":{"\u00c9crit par":"Autojm","Dur\u00e9e de lecture estim\u00e9e":"4 minutes"},"schema":{"@context":"https:\/\/schema.org","@graph":[{"@type":"Article","@id":"https:\/\/www.autojm.fr\/blog\/lannee-2020-chez-autojm-en-chiffres\/#article","isPartOf":{"@id":"https:\/\/www.autojm.fr\/blog\/lannee-2020-chez-autojm-en-chiffres\/"},"author":{"name":"Autojm","@id":"https:\/\/www.autojm.fr\/blog\/#\/schema\/person\/9742bc77541853e0de81fc57f947e1a0"},"headline":"L&rsquo;ann\u00e9e 2020 chez AutoJM en chiffres","datePublished":"2021-01-29T00:00:00+00:00","dateModified":"2023-04-19T11:58:04+00:00","mainEntityOfPage":{"@id":"https:\/\/www.autojm.fr\/blog\/lannee-2020-chez-autojm-en-chiffres\/"},"wordCount":615,"commentCount":0,"publisher":{"@id":"https:\/\/www.autojm.fr\/blog\/#organization"},"image":{"@id":"https:\/\/www.autojm.fr\/blog\/lannee-2020-chez-autojm-en-chiffres\/#primaryimage"},"thumbnailUrl":"https:\/\/www.autojm.fr\/blog\/wp-content\/uploads\/2022\/10\/613-scaled.jpg","keywords":["autojm","citroen","dacia","DS","Fiat","Ford","Kia","Nissan","Opel","peugeot","renault","Volkswagen"],"articleSection":["Actualit\u00e9 Automobile"],"inLanguage":"fr-FR","potentialAction":[{"@type":"CommentAction","name":"Comment","target":["https:\/\/www.autojm.fr\/blog\/lannee-2020-chez-autojm-en-chiffres\/#respond"]}]},{"@type":"WebPage","@id":"https:\/\/www.autojm.fr\/blog\/lannee-2020-chez-autojm-en-chiffres\/","url":"https:\/\/www.autojm.fr\/blog\/lannee-2020-chez-autojm-en-chiffres\/","name":"L'ann\u00e9e 2020 chez AutoJM en chiffres - AutoJM Mag","isPartOf":{"@id":"https:\/\/www.autojm.fr\/blog\/#website"},"primaryImageOfPage":{"@id":"https:\/\/www.autojm.fr\/blog\/lannee-2020-chez-autojm-en-chiffres\/#primaryimage"},"image":{"@id":"https:\/\/www.autojm.fr\/blog\/lannee-2020-chez-autojm-en-chiffres\/#primaryimage"},"thumbnailUrl":"https:\/\/www.autojm.fr\/blog\/wp-content\/uploads\/2022\/10\/613-scaled.jpg","datePublished":"2021-01-29T00:00:00+00:00","dateModified":"2023-04-19T11:58:04+00:00","description":"L'ann\u00e9e 2020 a \u00e9t\u00e9 marqu\u00e9e par une crise sanitaire sans pr\u00e9c\u00e9dent dont les effets se sont ressentis sur le secteur automobile.","breadcrumb":{"@id":"https:\/\/www.autojm.fr\/blog\/lannee-2020-chez-autojm-en-chiffres\/#breadcrumb"},"inLanguage":"fr-FR","potentialAction":[{"@type":"ReadAction","target":["https:\/\/www.autojm.fr\/blog\/lannee-2020-chez-autojm-en-chiffres\/"]}]},{"@type":"ImageObject","inLanguage":"fr-FR","@id":"https:\/\/www.autojm.fr\/blog\/lannee-2020-chez-autojm-en-chiffres\/#primaryimage","url":"https:\/\/www.autojm.fr\/blog\/wp-content\/uploads\/2022\/10\/613-scaled.jpg","contentUrl":"https:\/\/www.autojm.fr\/blog\/wp-content\/uploads\/2022\/10\/613-scaled.jpg","width":2560,"height":1160,"caption":"Bilan 2020 AutoJM"},{"@type":"BreadcrumbList","@id":"https:\/\/www.autojm.fr\/blog\/lannee-2020-chez-autojm-en-chiffres\/#breadcrumb","itemListElement":[{"@type":"ListItem","position":1,"name":"Accueil","item":"https:\/\/www.autojm.fr\/blog\/"},{"@type":"ListItem","position":2,"name":"Actualit\u00e9 Automobile","item":"https:\/\/www.autojm.fr\/blog\/actualite-automobile\/"},{"@type":"ListItem","position":3,"name":"L&rsquo;ann\u00e9e 2020 chez AutoJM en chiffres"}]},{"@type":"WebSite","@id":"https:\/\/www.autojm.fr\/blog\/#website","url":"https:\/\/www.autojm.fr\/blog\/","name":"AutoJM Mag","description":"Toute l&#039;actu auto en 1 clic !","publisher":{"@id":"https:\/\/www.autojm.fr\/blog\/#organization"},"potentialAction":[{"@type":"SearchAction","target":{"@type":"EntryPoint","urlTemplate":"https:\/\/www.autojm.fr\/blog\/?s={search_term_string}"},"query-input":{"@type":"PropertyValueSpecification","valueRequired":true,"valueName":"search_term_string"}}],"inLanguage":"fr-FR"},{"@type":"Organization","@id":"https:\/\/www.autojm.fr\/blog\/#organization","name":"AutoJM Mag","url":"https:\/\/www.autojm.fr\/blog\/","logo":{"@type":"ImageObject","inLanguage":"fr-FR","@id":"https:\/\/www.autojm.fr\/blog\/#\/schema\/logo\/image\/","url":"https:\/\/www.autojm.fr\/blog\/wp-content\/uploads\/2022\/12\/cropped-AutoJMag-png.png","contentUrl":"https:\/\/www.autojm.fr\/blog\/wp-content\/uploads\/2022\/12\/cropped-AutoJMag-png.png","width":2834,"height":585,"caption":"AutoJM Mag"},"image":{"@id":"https:\/\/www.autojm.fr\/blog\/#\/schema\/logo\/image\/"},"sameAs":["https:\/\/www.facebook.com\/AutoJM25"]},{"@type":"Person","@id":"https:\/\/www.autojm.fr\/blog\/#\/schema\/person\/9742bc77541853e0de81fc57f947e1a0","name":"Autojm","image":{"@type":"ImageObject","inLanguage":"fr-FR","@id":"https:\/\/secure.gravatar.com\/avatar\/9a959d52b758fcc232fe4b6aca7bab139182573297122cce7d6f2ee0e537b418?s=96&d=mm&r=g","url":"https:\/\/secure.gravatar.com\/avatar\/9a959d52b758fcc232fe4b6aca7bab139182573297122cce7d6f2ee0e537b418?s=96&d=mm&r=g","contentUrl":"https:\/\/secure.gravatar.com\/avatar\/9a959d52b758fcc232fe4b6aca7bab139182573297122cce7d6f2ee0e537b418?s=96&d=mm&r=g","caption":"Autojm"},"sameAs":["https:\/\/www.autojm.fr\/blog"],"url":"https:\/\/www.autojm.fr\/blog\/author\/bichoi\/"}]}},"_links":{"self":[{"href":"https:\/\/www.autojm.fr\/blog\/wp-json\/wp\/v2\/posts\/3884","targetHints":{"allow":["GET"]}}],"collection":[{"href":"https:\/\/www.autojm.fr\/blog\/wp-json\/wp\/v2\/posts"}],"about":[{"href":"https:\/\/www.autojm.fr\/blog\/wp-json\/wp\/v2\/types\/post"}],"author":[{"embeddable":true,"href":"https:\/\/www.autojm.fr\/blog\/wp-json\/wp\/v2\/users\/1"}],"replies":[{"embeddable":true,"href":"https:\/\/www.autojm.fr\/blog\/wp-json\/wp\/v2\/comments?post=3884"}],"version-history":[{"count":5,"href":"https:\/\/www.autojm.fr\/blog\/wp-json\/wp\/v2\/posts\/3884\/revisions"}],"predecessor-version":[{"id":9525,"href":"https:\/\/www.autojm.fr\/blog\/wp-json\/wp\/v2\/posts\/3884\/revisions\/9525"}],"wp:featuredmedia":[{"embeddable":true,"href":"https:\/\/www.autojm.fr\/blog\/wp-json\/wp\/v2\/media\/5943"}],"wp:attachment":[{"href":"https:\/\/www.autojm.fr\/blog\/wp-json\/wp\/v2\/media?parent=3884"}],"wp:term":[{"taxonomy":"category","embeddable":true,"href":"https:\/\/www.autojm.fr\/blog\/wp-json\/wp\/v2\/categories?post=3884"},{"taxonomy":"post_tag","embeddable":true,"href":"https:\/\/www.autojm.fr\/blog\/wp-json\/wp\/v2\/tags?post=3884"}],"curies":[{"name":"wp","href":"https:\/\/api.w.org\/{rel}","templated":true}]}}