{"id":3881,"date":"2021-01-06T00:00:00","date_gmt":"2021-01-06T00:00:00","guid":{"rendered":"https:\/\/www.autojm.fr\/blog\/stellantis-toutes-les-infos-sur-la-fusion-psa-fca\/"},"modified":"2023-04-19T11:59:39","modified_gmt":"2023-04-19T11:59:39","slug":"stellantis-toutes-les-infos-sur-la-fusion-psa-fca","status":"publish","type":"post","link":"https:\/\/www.autojm.fr\/blog\/stellantis-toutes-les-infos-sur-la-fusion-psa-fca\/","title":{"rendered":"Stellantis : toutes les infos sur la fusion PSA-FCA"},"content":{"rendered":"<p>Ce lundi 4 janvier, les actionnaires de PSA et FCA ont officiellement valid\u00e9 le projet de fusion entre les deux groupes automobiles. Le groupe Stellantis sera pris en compte d\u00e8s le 16 janvier, faisant dispara\u00eetre les appellations PSA et FCA. On retrouve dans ce nouveau g\u00e9ant automobile les marques<strong> <a href=\"https:\/\/www.autojm.fr\/mandataire-voitures-neuves-peugeot?part=blog&amp;utm_source=articleblog060121&amp;utm_medium=blog\">Peugeot<\/a>, <a href=\"https:\/\/www.autojm.fr\/mandataire-voitures-neuves-citroen?part=blog&amp;utm_source=articleblog060121&amp;utm_medium=blog\">Citro\u00ebn<\/a>, <a href=\"https:\/\/www.autojm.fr\/mandataire-voitures-neuves-opel?part=blog&amp;utm_source=articleblog060121&amp;utm_medium=blog\">Opel<\/a>, <a href=\"https:\/\/www.autojm.fr\/mandataire-voitures-neuves-ds?part=blog&amp;utm_source=articleblog060121&amp;utm_medium=blog\">DS<\/a>, Vauxhall, <a href=\"https:\/\/www.autojm.fr\/mandataire-voitures-neuves-fiat?part=blog&amp;utm_source=articleblog060121&amp;utm_medium=blog\">Fiat<\/a>, Chrysler, Jeep, Alfa Romeo, Maserati, Lancia, Abarth, Dodge et Ram<\/strong>. Que sait-on d\u00e9j\u00e0 sur le nouveau groupe automobile et quelle sera sa place sur le march\u00e9 ?<\/p>\n<h2>Stellantis : un d\u00e9part difficile ?<\/h2>\n<p>A l&rsquo;annonce de la fusion automobile de l&rsquo;ann\u00e9e, on d\u00e9clarait l&rsquo;association PSA-FCA comme futur 4\u00e8me groupe automobile. Et si la pr\u00e9vision semblait r\u00e9aliste au moment des premiers \u00e9chos de fusion, il semblerait que la situation des deux groupes automobiles ait chang\u00e9. La crise sanitaire actuelle a entra\u00een\u00e9 et entra\u00eene de forts bouleversements, aussi bien du c\u00f4t\u00e9 de la production que du c\u00f4t\u00e9 des ventes de v\u00e9hicules. En tenant compte des deux groupes r\u00e9unis, les ventes sur les 3 premiers trimestres de l&rsquo;ann\u00e9e 2020 ont chut\u00e9 de 33%, portant \u00e0 3,9 millions le nombre de v\u00e9hicules \u00e9coul\u00e9s. Ce score fait arriver Stellantis en n\u00b06 des groupes automobiles derri\u00e8re Toyota, Volkswagen, Renault-Nissan, General Motors et Hyundai Kia.<\/p>\n<h2>PSA-FCA : la conqu\u00eate de tous les territoires<\/h2>\n<p>Et si la fusion se trouve \u00eatre strat\u00e9gique, c&rsquo;est en partie parce que PSA et FCA sont pr\u00e9sents sur des territoires bien distincts. Alors que le groupe PSA a conquis l&rsquo;Europe, Fiat-Chrysler a une forte pr\u00e9sence au Canada, aux \u00e9tats-Unis et au Mexique. Seule ombre au tableau : le march\u00e9 chinois, qu&rsquo;aucun des deux groupes n&rsquo;a encore bien int\u00e9gr\u00e9. C&rsquo;est donc avec cette ambition que le groupe Stellantis compte mener \u00e0 bien sa conqu\u00eate du monde pour devenir un groupe automobile incontournable.<\/p>\n<h2>Stellantis supprimera des marques automobiles ?<\/h2>\n<p>Philippe de Rovira, directeur financier de PSA, avait d\u00e9clar\u00e9 qu&rsquo;il ne serait pas raisonnable de conserver \u00ab\u00a0autant de marques, de plates-formes et de gammes de v\u00e9hicules au sein de Stellantis, \u00e9tant donn\u00e9 les volumes que font les entit\u00e9s combin\u00e9es\u00a0\u00bb. Il faudra donc penser \u00e0 faire dispara\u00eetre des marques, et si FCA a d\u00e9j\u00e0 clairement distingu\u00e9 les marques qui fonctionnent de celles qui peuvent \u00eatre supprim\u00e9es, PSA sera partag\u00e9 entre des figures de l&rsquo;automobile fran\u00e7aise avec Peugeot, Citro\u00ebn, DS, et la derni\u00e8re \u00e0 avoir rejoint le groupe Opel, la touche allemande.<\/p>\n<h2>Aucune fermeture d&rsquo;usine automobile<\/h2>\n<p>C&rsquo;est un engagement qu&rsquo;avaient formul\u00e9 les deux parties de la fusion en 2019 : aucune usine ne fermera. Avec la fusion officielle, Stellantis compte plus de 40 usines mais avec des rendements bien diff\u00e9rents. En effet, pour \u00e9valuer l&rsquo;activit\u00e9 du groupe, les taux d&rsquo;utilisation de toutes les usines ont \u00e9t\u00e9 calcul\u00e9s et certaines s&rsquo;av\u00e8rent \u00eatre dans le rouge. Pour \u00eatre consid\u00e9r\u00e9e comme rentable, une usine automobile doit utiliser au minimum 80% de ses capacit\u00e9s. Hors, les usines de Grugliasco, Mod\u00e8ne et Cassino (usines italiennes de FCA) \u00e9taient \u00e0 moins de 40% en 2019 (selon bfmtv.com). L&rsquo;usine de Mirafiori (Fiat-Chrysler) a atteint, elle, un niveau catastrophique de 8,5% en 2019. C\u00f4t\u00e9 PSA, l&rsquo;usine de Poissy en France avait un taux d&rsquo;utilisation de 29,3% en 2019. Des projets plus ambitieux devraient \u00eatre attribu\u00e9s \u00e0 ces usines afin d&rsquo;exploiter un maximum leur potentiel.<\/p>\n<p><iframe loading=\"lazy\" src=\"https:\/\/www.youtube.com\/embed\/r-39Mfal3dY\" width=\"100%\" height=\"315\" allowfullscreen=\"allowfullscreen\"><\/iframe><\/p>\n<p>C&rsquo;est donc au 16 janvier que le groupe automobile Stellantis fera officiellement son arriv\u00e9e. Reste \u00e0 savoir si les diff\u00e9rentes strat\u00e9gies du groupe seront efficaces pour le hisser parmi les plus gros groupes automobiles mondiaux.<\/p>\n","protected":false},"excerpt":{"rendered":"<p>Ce lundi 4 janvier, les actionnaires de PSA et FCA ont officiellement valid\u00e9 le projet de fusion entre les deux groupes automobiles. Le groupe Stellantis sera pris en compte d\u00e8s le 16 janvier, faisant dispara\u00eetre les appellations PSA et FCA<\/p>\n","protected":false},"author":1,"featured_media":5941,"comment_status":"open","ping_status":"open","sticky":false,"template":"","format":"standard","meta":{"_acf_changed":false,"content-type":"","footnotes":""},"categories":[5],"tags":[90,110,73],"class_list":["post-3881","post","type-post","status-publish","format-standard","has-post-thumbnail","hentry","category-actualite-automobile","tag-autojm","tag-fiat","tag-peugeot"],"acf":[],"yoast_head":"<!-- This site is optimized with the Yoast SEO plugin v27.5 - https:\/\/yoast.com\/product\/yoast-seo-wordpress\/ -->\n<title>Stellantis : toutes les infos sur la fusion PSA-FCA - AutoJM Mag<\/title>\n<meta name=\"description\" content=\"Ce lundi 4 janvier, les actionnaires de PSA et FCA ont officiellement valid\u00e9 le projet de fusion entre les deux groupes automobiles.\" \/>\n<meta name=\"robots\" content=\"index, follow, max-snippet:-1, max-image-preview:large, max-video-preview:-1\" \/>\n<link rel=\"canonical\" href=\"https:\/\/www.autojm.fr\/blog\/stellantis-toutes-les-infos-sur-la-fusion-psa-fca\/\" \/>\n<meta property=\"og:locale\" content=\"fr_FR\" \/>\n<meta property=\"og:type\" content=\"article\" \/>\n<meta property=\"og:title\" content=\"Stellantis : toutes les infos sur la fusion PSA-FCA - AutoJM Mag\" \/>\n<meta property=\"og:description\" content=\"Ce lundi 4 janvier, les actionnaires de PSA et FCA ont officiellement valid\u00e9 le projet de fusion entre les deux groupes automobiles.\" \/>\n<meta property=\"og:url\" content=\"https:\/\/www.autojm.fr\/blog\/stellantis-toutes-les-infos-sur-la-fusion-psa-fca\/\" \/>\n<meta property=\"og:site_name\" content=\"AutoJM Mag\" \/>\n<meta property=\"article:publisher\" content=\"https:\/\/www.facebook.com\/AutoJM25\" \/>\n<meta property=\"article:published_time\" content=\"2021-01-06T00:00:00+00:00\" \/>\n<meta property=\"article:modified_time\" content=\"2023-04-19T11:59:39+00:00\" \/>\n<meta property=\"og:image\" content=\"https:\/\/www.autojm.fr\/blog\/wp-content\/uploads\/2022\/10\/610.jpg\" \/>\n\t<meta property=\"og:image:width\" content=\"1024\" \/>\n\t<meta property=\"og:image:height\" content=\"465\" \/>\n\t<meta property=\"og:image:type\" content=\"image\/jpeg\" \/>\n<meta name=\"author\" content=\"Autojm\" \/>\n<meta name=\"twitter:card\" content=\"summary_large_image\" \/>\n<meta name=\"twitter:label1\" content=\"\u00c9crit par\" \/>\n\t<meta name=\"twitter:data1\" content=\"Autojm\" \/>\n\t<meta name=\"twitter:label2\" content=\"Dur\u00e9e de lecture estim\u00e9e\" \/>\n\t<meta name=\"twitter:data2\" content=\"3 minutes\" \/>\n<script type=\"application\/ld+json\" class=\"yoast-schema-graph\">{\"@context\":\"https:\\\/\\\/schema.org\",\"@graph\":[{\"@type\":\"Article\",\"@id\":\"https:\\\/\\\/www.autojm.fr\\\/blog\\\/stellantis-toutes-les-infos-sur-la-fusion-psa-fca\\\/#article\",\"isPartOf\":{\"@id\":\"https:\\\/\\\/www.autojm.fr\\\/blog\\\/stellantis-toutes-les-infos-sur-la-fusion-psa-fca\\\/\"},\"author\":{\"name\":\"Autojm\",\"@id\":\"https:\\\/\\\/www.autojm.fr\\\/blog\\\/#\\\/schema\\\/person\\\/9742bc77541853e0de81fc57f947e1a0\"},\"headline\":\"Stellantis : toutes les infos sur la fusion PSA-FCA\",\"datePublished\":\"2021-01-06T00:00:00+00:00\",\"dateModified\":\"2023-04-19T11:59:39+00:00\",\"mainEntityOfPage\":{\"@id\":\"https:\\\/\\\/www.autojm.fr\\\/blog\\\/stellantis-toutes-les-infos-sur-la-fusion-psa-fca\\\/\"},\"wordCount\":595,\"commentCount\":0,\"publisher\":{\"@id\":\"https:\\\/\\\/www.autojm.fr\\\/blog\\\/#organization\"},\"image\":{\"@id\":\"https:\\\/\\\/www.autojm.fr\\\/blog\\\/stellantis-toutes-les-infos-sur-la-fusion-psa-fca\\\/#primaryimage\"},\"thumbnailUrl\":\"https:\\\/\\\/www.autojm.fr\\\/blog\\\/wp-content\\\/uploads\\\/2022\\\/10\\\/610.jpg\",\"keywords\":[\"autojm\",\"Fiat\",\"peugeot\"],\"articleSection\":[\"Actualit\u00e9 Automobile\"],\"inLanguage\":\"fr-FR\",\"potentialAction\":[{\"@type\":\"CommentAction\",\"name\":\"Comment\",\"target\":[\"https:\\\/\\\/www.autojm.fr\\\/blog\\\/stellantis-toutes-les-infos-sur-la-fusion-psa-fca\\\/#respond\"]}]},{\"@type\":\"WebPage\",\"@id\":\"https:\\\/\\\/www.autojm.fr\\\/blog\\\/stellantis-toutes-les-infos-sur-la-fusion-psa-fca\\\/\",\"url\":\"https:\\\/\\\/www.autojm.fr\\\/blog\\\/stellantis-toutes-les-infos-sur-la-fusion-psa-fca\\\/\",\"name\":\"Stellantis : toutes les infos sur la fusion PSA-FCA - AutoJM Mag\",\"isPartOf\":{\"@id\":\"https:\\\/\\\/www.autojm.fr\\\/blog\\\/#website\"},\"primaryImageOfPage\":{\"@id\":\"https:\\\/\\\/www.autojm.fr\\\/blog\\\/stellantis-toutes-les-infos-sur-la-fusion-psa-fca\\\/#primaryimage\"},\"image\":{\"@id\":\"https:\\\/\\\/www.autojm.fr\\\/blog\\\/stellantis-toutes-les-infos-sur-la-fusion-psa-fca\\\/#primaryimage\"},\"thumbnailUrl\":\"https:\\\/\\\/www.autojm.fr\\\/blog\\\/wp-content\\\/uploads\\\/2022\\\/10\\\/610.jpg\",\"datePublished\":\"2021-01-06T00:00:00+00:00\",\"dateModified\":\"2023-04-19T11:59:39+00:00\",\"description\":\"Ce lundi 4 janvier, les actionnaires de PSA et FCA ont officiellement valid\u00e9 le projet de fusion entre les deux groupes automobiles.\",\"breadcrumb\":{\"@id\":\"https:\\\/\\\/www.autojm.fr\\\/blog\\\/stellantis-toutes-les-infos-sur-la-fusion-psa-fca\\\/#breadcrumb\"},\"inLanguage\":\"fr-FR\",\"potentialAction\":[{\"@type\":\"ReadAction\",\"target\":[\"https:\\\/\\\/www.autojm.fr\\\/blog\\\/stellantis-toutes-les-infos-sur-la-fusion-psa-fca\\\/\"]}]},{\"@type\":\"ImageObject\",\"inLanguage\":\"fr-FR\",\"@id\":\"https:\\\/\\\/www.autojm.fr\\\/blog\\\/stellantis-toutes-les-infos-sur-la-fusion-psa-fca\\\/#primaryimage\",\"url\":\"https:\\\/\\\/www.autojm.fr\\\/blog\\\/wp-content\\\/uploads\\\/2022\\\/10\\\/610.jpg\",\"contentUrl\":\"https:\\\/\\\/www.autojm.fr\\\/blog\\\/wp-content\\\/uploads\\\/2022\\\/10\\\/610.jpg\",\"width\":1024,\"height\":465,\"caption\":\"Stellantis\"},{\"@type\":\"BreadcrumbList\",\"@id\":\"https:\\\/\\\/www.autojm.fr\\\/blog\\\/stellantis-toutes-les-infos-sur-la-fusion-psa-fca\\\/#breadcrumb\",\"itemListElement\":[{\"@type\":\"ListItem\",\"position\":1,\"name\":\"Accueil\",\"item\":\"https:\\\/\\\/www.autojm.fr\\\/blog\\\/\"},{\"@type\":\"ListItem\",\"position\":2,\"name\":\"Actualit\u00e9 Automobile\",\"item\":\"https:\\\/\\\/www.autojm.fr\\\/blog\\\/actualite-automobile\\\/\"},{\"@type\":\"ListItem\",\"position\":3,\"name\":\"Stellantis : toutes les infos sur la fusion PSA-FCA\"}]},{\"@type\":\"WebSite\",\"@id\":\"https:\\\/\\\/www.autojm.fr\\\/blog\\\/#website\",\"url\":\"https:\\\/\\\/www.autojm.fr\\\/blog\\\/\",\"name\":\"AutoJM Mag\",\"description\":\"Toute l&#039;actu auto en 1 clic !\",\"publisher\":{\"@id\":\"https:\\\/\\\/www.autojm.fr\\\/blog\\\/#organization\"},\"potentialAction\":[{\"@type\":\"SearchAction\",\"target\":{\"@type\":\"EntryPoint\",\"urlTemplate\":\"https:\\\/\\\/www.autojm.fr\\\/blog\\\/?s={search_term_string}\"},\"query-input\":{\"@type\":\"PropertyValueSpecification\",\"valueRequired\":true,\"valueName\":\"search_term_string\"}}],\"inLanguage\":\"fr-FR\"},{\"@type\":\"Organization\",\"@id\":\"https:\\\/\\\/www.autojm.fr\\\/blog\\\/#organization\",\"name\":\"AutoJM Mag\",\"url\":\"https:\\\/\\\/www.autojm.fr\\\/blog\\\/\",\"logo\":{\"@type\":\"ImageObject\",\"inLanguage\":\"fr-FR\",\"@id\":\"https:\\\/\\\/www.autojm.fr\\\/blog\\\/#\\\/schema\\\/logo\\\/image\\\/\",\"url\":\"https:\\\/\\\/www.autojm.fr\\\/blog\\\/wp-content\\\/uploads\\\/2022\\\/12\\\/cropped-AutoJMag-png.png\",\"contentUrl\":\"https:\\\/\\\/www.autojm.fr\\\/blog\\\/wp-content\\\/uploads\\\/2022\\\/12\\\/cropped-AutoJMag-png.png\",\"width\":2834,\"height\":585,\"caption\":\"AutoJM Mag\"},\"image\":{\"@id\":\"https:\\\/\\\/www.autojm.fr\\\/blog\\\/#\\\/schema\\\/logo\\\/image\\\/\"},\"sameAs\":[\"https:\\\/\\\/www.facebook.com\\\/AutoJM25\"]},{\"@type\":\"Person\",\"@id\":\"https:\\\/\\\/www.autojm.fr\\\/blog\\\/#\\\/schema\\\/person\\\/9742bc77541853e0de81fc57f947e1a0\",\"name\":\"Autojm\",\"image\":{\"@type\":\"ImageObject\",\"inLanguage\":\"fr-FR\",\"@id\":\"https:\\\/\\\/secure.gravatar.com\\\/avatar\\\/9a959d52b758fcc232fe4b6aca7bab139182573297122cce7d6f2ee0e537b418?s=96&d=mm&r=g\",\"url\":\"https:\\\/\\\/secure.gravatar.com\\\/avatar\\\/9a959d52b758fcc232fe4b6aca7bab139182573297122cce7d6f2ee0e537b418?s=96&d=mm&r=g\",\"contentUrl\":\"https:\\\/\\\/secure.gravatar.com\\\/avatar\\\/9a959d52b758fcc232fe4b6aca7bab139182573297122cce7d6f2ee0e537b418?s=96&d=mm&r=g\",\"caption\":\"Autojm\"},\"sameAs\":[\"https:\\\/\\\/www.autojm.fr\\\/blog\"],\"url\":\"https:\\\/\\\/www.autojm.fr\\\/blog\\\/author\\\/bichoi\\\/\"}]}<\/script>\n<!-- \/ Yoast SEO plugin. -->","yoast_head_json":{"title":"Stellantis : toutes les infos sur la fusion PSA-FCA - AutoJM Mag","description":"Ce lundi 4 janvier, les actionnaires de PSA et FCA ont officiellement valid\u00e9 le projet de fusion entre les deux groupes automobiles.","robots":{"index":"index","follow":"follow","max-snippet":"max-snippet:-1","max-image-preview":"max-image-preview:large","max-video-preview":"max-video-preview:-1"},"canonical":"https:\/\/www.autojm.fr\/blog\/stellantis-toutes-les-infos-sur-la-fusion-psa-fca\/","og_locale":"fr_FR","og_type":"article","og_title":"Stellantis : toutes les infos sur la fusion PSA-FCA - AutoJM Mag","og_description":"Ce lundi 4 janvier, les actionnaires de PSA et FCA ont officiellement valid\u00e9 le projet de fusion entre les deux groupes automobiles.","og_url":"https:\/\/www.autojm.fr\/blog\/stellantis-toutes-les-infos-sur-la-fusion-psa-fca\/","og_site_name":"AutoJM Mag","article_publisher":"https:\/\/www.facebook.com\/AutoJM25","article_published_time":"2021-01-06T00:00:00+00:00","article_modified_time":"2023-04-19T11:59:39+00:00","og_image":[{"width":1024,"height":465,"url":"https:\/\/www.autojm.fr\/blog\/wp-content\/uploads\/2022\/10\/610.jpg","type":"image\/jpeg"}],"author":"Autojm","twitter_card":"summary_large_image","twitter_misc":{"\u00c9crit par":"Autojm","Dur\u00e9e de lecture estim\u00e9e":"3 minutes"},"schema":{"@context":"https:\/\/schema.org","@graph":[{"@type":"Article","@id":"https:\/\/www.autojm.fr\/blog\/stellantis-toutes-les-infos-sur-la-fusion-psa-fca\/#article","isPartOf":{"@id":"https:\/\/www.autojm.fr\/blog\/stellantis-toutes-les-infos-sur-la-fusion-psa-fca\/"},"author":{"name":"Autojm","@id":"https:\/\/www.autojm.fr\/blog\/#\/schema\/person\/9742bc77541853e0de81fc57f947e1a0"},"headline":"Stellantis : toutes les infos sur la fusion PSA-FCA","datePublished":"2021-01-06T00:00:00+00:00","dateModified":"2023-04-19T11:59:39+00:00","mainEntityOfPage":{"@id":"https:\/\/www.autojm.fr\/blog\/stellantis-toutes-les-infos-sur-la-fusion-psa-fca\/"},"wordCount":595,"commentCount":0,"publisher":{"@id":"https:\/\/www.autojm.fr\/blog\/#organization"},"image":{"@id":"https:\/\/www.autojm.fr\/blog\/stellantis-toutes-les-infos-sur-la-fusion-psa-fca\/#primaryimage"},"thumbnailUrl":"https:\/\/www.autojm.fr\/blog\/wp-content\/uploads\/2022\/10\/610.jpg","keywords":["autojm","Fiat","peugeot"],"articleSection":["Actualit\u00e9 Automobile"],"inLanguage":"fr-FR","potentialAction":[{"@type":"CommentAction","name":"Comment","target":["https:\/\/www.autojm.fr\/blog\/stellantis-toutes-les-infos-sur-la-fusion-psa-fca\/#respond"]}]},{"@type":"WebPage","@id":"https:\/\/www.autojm.fr\/blog\/stellantis-toutes-les-infos-sur-la-fusion-psa-fca\/","url":"https:\/\/www.autojm.fr\/blog\/stellantis-toutes-les-infos-sur-la-fusion-psa-fca\/","name":"Stellantis : toutes les infos sur la fusion PSA-FCA - AutoJM Mag","isPartOf":{"@id":"https:\/\/www.autojm.fr\/blog\/#website"},"primaryImageOfPage":{"@id":"https:\/\/www.autojm.fr\/blog\/stellantis-toutes-les-infos-sur-la-fusion-psa-fca\/#primaryimage"},"image":{"@id":"https:\/\/www.autojm.fr\/blog\/stellantis-toutes-les-infos-sur-la-fusion-psa-fca\/#primaryimage"},"thumbnailUrl":"https:\/\/www.autojm.fr\/blog\/wp-content\/uploads\/2022\/10\/610.jpg","datePublished":"2021-01-06T00:00:00+00:00","dateModified":"2023-04-19T11:59:39+00:00","description":"Ce lundi 4 janvier, les actionnaires de PSA et FCA ont officiellement valid\u00e9 le projet de fusion entre les deux groupes automobiles.","breadcrumb":{"@id":"https:\/\/www.autojm.fr\/blog\/stellantis-toutes-les-infos-sur-la-fusion-psa-fca\/#breadcrumb"},"inLanguage":"fr-FR","potentialAction":[{"@type":"ReadAction","target":["https:\/\/www.autojm.fr\/blog\/stellantis-toutes-les-infos-sur-la-fusion-psa-fca\/"]}]},{"@type":"ImageObject","inLanguage":"fr-FR","@id":"https:\/\/www.autojm.fr\/blog\/stellantis-toutes-les-infos-sur-la-fusion-psa-fca\/#primaryimage","url":"https:\/\/www.autojm.fr\/blog\/wp-content\/uploads\/2022\/10\/610.jpg","contentUrl":"https:\/\/www.autojm.fr\/blog\/wp-content\/uploads\/2022\/10\/610.jpg","width":1024,"height":465,"caption":"Stellantis"},{"@type":"BreadcrumbList","@id":"https:\/\/www.autojm.fr\/blog\/stellantis-toutes-les-infos-sur-la-fusion-psa-fca\/#breadcrumb","itemListElement":[{"@type":"ListItem","position":1,"name":"Accueil","item":"https:\/\/www.autojm.fr\/blog\/"},{"@type":"ListItem","position":2,"name":"Actualit\u00e9 Automobile","item":"https:\/\/www.autojm.fr\/blog\/actualite-automobile\/"},{"@type":"ListItem","position":3,"name":"Stellantis : toutes les infos sur la fusion PSA-FCA"}]},{"@type":"WebSite","@id":"https:\/\/www.autojm.fr\/blog\/#website","url":"https:\/\/www.autojm.fr\/blog\/","name":"AutoJM Mag","description":"Toute l&#039;actu auto en 1 clic !","publisher":{"@id":"https:\/\/www.autojm.fr\/blog\/#organization"},"potentialAction":[{"@type":"SearchAction","target":{"@type":"EntryPoint","urlTemplate":"https:\/\/www.autojm.fr\/blog\/?s={search_term_string}"},"query-input":{"@type":"PropertyValueSpecification","valueRequired":true,"valueName":"search_term_string"}}],"inLanguage":"fr-FR"},{"@type":"Organization","@id":"https:\/\/www.autojm.fr\/blog\/#organization","name":"AutoJM Mag","url":"https:\/\/www.autojm.fr\/blog\/","logo":{"@type":"ImageObject","inLanguage":"fr-FR","@id":"https:\/\/www.autojm.fr\/blog\/#\/schema\/logo\/image\/","url":"https:\/\/www.autojm.fr\/blog\/wp-content\/uploads\/2022\/12\/cropped-AutoJMag-png.png","contentUrl":"https:\/\/www.autojm.fr\/blog\/wp-content\/uploads\/2022\/12\/cropped-AutoJMag-png.png","width":2834,"height":585,"caption":"AutoJM Mag"},"image":{"@id":"https:\/\/www.autojm.fr\/blog\/#\/schema\/logo\/image\/"},"sameAs":["https:\/\/www.facebook.com\/AutoJM25"]},{"@type":"Person","@id":"https:\/\/www.autojm.fr\/blog\/#\/schema\/person\/9742bc77541853e0de81fc57f947e1a0","name":"Autojm","image":{"@type":"ImageObject","inLanguage":"fr-FR","@id":"https:\/\/secure.gravatar.com\/avatar\/9a959d52b758fcc232fe4b6aca7bab139182573297122cce7d6f2ee0e537b418?s=96&d=mm&r=g","url":"https:\/\/secure.gravatar.com\/avatar\/9a959d52b758fcc232fe4b6aca7bab139182573297122cce7d6f2ee0e537b418?s=96&d=mm&r=g","contentUrl":"https:\/\/secure.gravatar.com\/avatar\/9a959d52b758fcc232fe4b6aca7bab139182573297122cce7d6f2ee0e537b418?s=96&d=mm&r=g","caption":"Autojm"},"sameAs":["https:\/\/www.autojm.fr\/blog"],"url":"https:\/\/www.autojm.fr\/blog\/author\/bichoi\/"}]}},"_links":{"self":[{"href":"https:\/\/www.autojm.fr\/blog\/wp-json\/wp\/v2\/posts\/3881","targetHints":{"allow":["GET"]}}],"collection":[{"href":"https:\/\/www.autojm.fr\/blog\/wp-json\/wp\/v2\/posts"}],"about":[{"href":"https:\/\/www.autojm.fr\/blog\/wp-json\/wp\/v2\/types\/post"}],"author":[{"embeddable":true,"href":"https:\/\/www.autojm.fr\/blog\/wp-json\/wp\/v2\/users\/1"}],"replies":[{"embeddable":true,"href":"https:\/\/www.autojm.fr\/blog\/wp-json\/wp\/v2\/comments?post=3881"}],"version-history":[{"count":7,"href":"https:\/\/www.autojm.fr\/blog\/wp-json\/wp\/v2\/posts\/3881\/revisions"}],"predecessor-version":[{"id":9529,"href":"https:\/\/www.autojm.fr\/blog\/wp-json\/wp\/v2\/posts\/3881\/revisions\/9529"}],"wp:featuredmedia":[{"embeddable":true,"href":"https:\/\/www.autojm.fr\/blog\/wp-json\/wp\/v2\/media\/5941"}],"wp:attachment":[{"href":"https:\/\/www.autojm.fr\/blog\/wp-json\/wp\/v2\/media?parent=3881"}],"wp:term":[{"taxonomy":"category","embeddable":true,"href":"https:\/\/www.autojm.fr\/blog\/wp-json\/wp\/v2\/categories?post=3881"},{"taxonomy":"post_tag","embeddable":true,"href":"https:\/\/www.autojm.fr\/blog\/wp-json\/wp\/v2\/tags?post=3881"}],"curies":[{"name":"wp","href":"https:\/\/api.w.org\/{rel}","templated":true}]}}