{"id":3877,"date":"2020-12-02T00:00:00","date_gmt":"2020-12-02T00:00:00","guid":{"rendered":"https:\/\/www.autojm.fr\/blog\/la-technologie-hybride-rechargeable-pas-si-ecolo\/"},"modified":"2023-04-19T06:42:07","modified_gmt":"2023-04-19T06:42:07","slug":"la-technologie-hybride-rechargeable-pas-si-ecolo","status":"publish","type":"post","link":"https:\/\/www.autojm.fr\/blog\/la-technologie-hybride-rechargeable-pas-si-ecolo\/","title":{"rendered":"La technologie hybride rechargeable pas si \u00e9colo ?"},"content":{"rendered":"<p><em><span style=\"font-weight: bold;\">Vous \u00eates int\u00e9ress\u00e9 par l&rsquo;achat d&rsquo;un v\u00e9hicule hybride, hybride rechargeable ou \u00e9lectrique ? Consultez notre guide ici: <a tabindex=\"-1\" title=\"https:\/\/www.autojm.fr\/livre-blanc\" href=\"https:\/\/www.autojm.fr\/livre-blanc\" target=\"_blank\" rel=\"noreferrer noopener\">https:\/\/www.autojm.fr\/livre-blanc<\/a><\/span><\/em><\/p>\n<p>L&rsquo;\u00e9mission de ce dimanche 29 novembre sur RTL a repris une actualit\u00e9 pour le moins source de pol\u00e9miques : les <strong><a href=\"https:\/\/www.autojm.fr\/voiture-en-stock-peugeot-3008-suv-gt-hybrid4-300-e-eat8?part=blog&amp;utm_source=articleblog021220&amp;utm_medium=blog\">v\u00e9hicules hybrides rechargeables<\/a><\/strong> seraient plus polluants que les constructeurs le laissent croire. Comment d\u00e9m\u00ealer le vrai du faux dans cette histoire ? Voici ce qui a \u00e9t\u00e9 dit par deux experts en automobile, et les conclusions \u00e0 en tirer.<\/p>\n<h2>Pourquoi les hybrides rechargeables sont populaires ?<\/h2>\n<p><iframe loading=\"lazy\" title=\"YouTube video player\" src=\"https:\/\/www.youtube.com\/embed\/wBF06quumTM\" width=\"100%\" height=\"315\" allowfullscreen=\"allowfullscreen\"><\/iframe><\/p>\n<p>Les<strong> v\u00e9hicules hybrides rechargeables<\/strong> sont de plus en plus populaires, en t\u00e9moigne le r\u00e9sultat de <strong>+230% de ventes<\/strong> depuis le d\u00e9but de l&rsquo;ann\u00e9e. L&rsquo;hybride rechargeable est particuli\u00e8rement appr\u00e9ci\u00e9 car la pollution est plus faible avec ces mod\u00e8les, ce qui permet une r\u00e9duction de la consommation et donc des \u00e9conomies de carburant. A la <strong>diff\u00e9rence de l&rsquo;<a href=\"https:\/\/www.youtube.com\/watch?v=SyjG4U1ph-Y&amp;t=2s\">hybride<\/a> classique<\/strong>, l&rsquo;hybride rechargeable doit \u00eatre charg\u00e9 car le moteur \u00e9lectrique est plus cons\u00e9quent. Il permet cependant une autonomie plus importante en mode tout \u00e9lectrique, contrairement \u00e0 l&rsquo;hybride classique avec lequel on peut effectuer que quelques kilom\u00e8tres en tout \u00e9lectrique.<\/p>\n<h2>Des tests remettent en cause les consommations annonc\u00e9es des hybrides rechargeables<\/h2>\n<p>Selon des tests effectu\u00e9s par l&rsquo;ONG Transport&amp;Environment, les hybrides rechargeables \u00e9mettent <strong>12 fois plus de CO2<\/strong> que ce qui est annonc\u00e9 par les constructeurs. Voici l&rsquo;annonce \u00e9voqu\u00e9e pour lancer le d\u00e9bat autour de la pollution r\u00e9elle de ces mod\u00e8les qui ont, depuis le d\u00e9but de l&rsquo;ann\u00e9e, le vent en poupe.<\/p>\n<h2>Comment expliquer la consommation sup\u00e9rieure relev\u00e9e par les tests de Transport&amp;Environment ?<\/h2>\n<p>L&rsquo;ONG Transport&amp;Environment a test\u00e9 trois mod\u00e8les hybrides rechargeables : le <strong>Mitsubishi Outlander, le BMW X5 et le Volvo XC60<\/strong>. Les mod\u00e8les ont \u00e9t\u00e9 embarqu\u00e9s sur tous types de routes, avec et sans chargement (donc dans des conditions diff\u00e9rentes) et les r\u00e9sultats finaux ont toujours fait \u00e9tat d&rsquo;une consommation sup\u00e9rieure \u00e0 celle annonc\u00e9e par les constructeurs.<\/p>\n<p>Les chiffres de consommation communiqu\u00e9s par les constructeurs automobiles s&rsquo;appuient sur des tests effectu\u00e9s en conditions r\u00e9elles, et avec un v\u00e9hicule charg\u00e9 au maximum de ses capacit\u00e9s. Et cela change tout : comme les<strong> batteries <\/strong>de ces mod\u00e8les p\u00e8sent en moyenne 300 kg, lorsqu&rsquo;elles ne sont pas charg\u00e9es, leur poids entra\u00eene une surconsommation lorsque le v\u00e9hicule roule uniquement en thermique. Or, les tests effectu\u00e9s par l&rsquo;ONG tiennent aussi compte d&rsquo;un test complet effectu\u00e9 avec la batterie non-charg\u00e9e, ce qui explique les incoh\u00e9rences avec ceux communiqu\u00e9s par les constructeurs, et la remise en question de la consommation des mod\u00e8les hybrides rechargeables.<\/p>\n<p>Cependant, l&rsquo;ONG a demand\u00e9 l&rsquo;<strong>arr\u00eat des subventions de l&rsquo;Etat <\/strong>destin\u00e9es \u00e0 aider les acheteurs de v\u00e9hicules hybrides rechargeables, ce qui repr\u00e9sente 40 millions d&rsquo;euros par an. Elle suppose que les acheteurs profitent des aides li\u00e9es \u00e0 l&rsquo;achat de ces mod\u00e8les, sans les utiliser de fa\u00e7on pertinente pour avoir une consommation plus faible.<\/p>\n<h2>Que disent les experts automobiles ?<\/h2>\n<p>Pierre Chasseray, porte-parole de 40 millions d&rsquo;automobilistes, a d\u00e9clar\u00e9 : \u201cDans un premier temps on a eu les attaques contre le<strong> diesel <\/strong>du milieu environnemental, ensuite on a eu celles contre l&rsquo;essence et les<strong> motorisations thermiques<\/strong>, maintenant on arrive sur l&rsquo;hybride avec un discours qui est assez falsifi\u00e9. A chacun, \u00e0 chaque usage son choix automobile. [&#8230;] L&rsquo;hybride c&rsquo;est peut-\u00eatre une solution de transition extr\u00eamement positive, pour permettre de moins polluer et donc, pour les automobilistes, de moins consommer donc de faire des \u00e9conomies de carburant.\u201d<\/p>\n<p>Fran\u00e7ois Tarin, r\u00e9dacteur en chef chez AutoPlus, s&rsquo;est lui aussi exprim\u00e9 : \u201cQuand on utilise ces v\u00e9hicules en rechargeant de mani\u00e8re r\u00e9guli\u00e8re, quotidiennement les batteries qui ont effectivement une<strong> autonomie r\u00e9elle de 40-50 km<\/strong>, qui permettent de faire du domicile-travail chaque jour, alors, \u00e0 ce moment-la, on obtient en moyenne [&#8230;] les \u00e9missions de CO2 qui sont retenues \u00e0 l&rsquo;homologation\u201d. Il a ensuite ajout\u00e9 : \u201c<strong>ce que Transport et Environnement d\u00e9montre, c&rsquo;est que le mauvais usage de ces v\u00e9hicules, par certains, implique des \u00e9missions de CO2 tr\u00e8s \u00e9lev\u00e9es.<\/strong>\u201d<\/p>\n<p>Il est donc primordial de rappeler qu&rsquo;un v\u00e9hicule hybride rechargeable doit \u00eatre charg\u00e9 aussi souvent que possible pour pouvoir \u00eatre utilis\u00e9, aussi souvent que possible, comme v\u00e9hicule \u00e9lectrique. C&rsquo;est dans ces conditions seulement que le conducteur s&rsquo;assure une baisse de la consommation, et des <strong>\u00e9conomies de carburant<\/strong>.<\/p>\n<p><iframe loading=\"lazy\" src=\"https:\/\/www.youtube.com\/embed\/lAGZAbS73Ko\" width=\"100%\" height=\"315\" allowfullscreen=\"allowfullscreen\"><\/iframe><\/p>\n<p style=\"margin-top: 1.75em; margin-bottom: 1.75em; font-size: 0.813em; line-height: 1.5em; color: #666666; font-family: Arial, Helvetica, sans-serif;\"><span style=\"font-weight: bold;\">\u00a0 <\/span><\/p>\n","protected":false},"excerpt":{"rendered":"<p>L&rsquo;\u00e9mission de ce dimanche 29 novembre sur RTL a repris une actualit\u00e9 pour le moins source de pol\u00e9miques : les v\u00e9hicules hybrides rechargeables seraient plus polluants que les constructeurs le laissent croire. Comment d\u00e9m\u00ealer le vrai du faux dans cette histoire ? Voici ce qui a \u00e9t\u00e9 dit par deux experts en automobile, et les conclusions \u00e0 en tirer.<\/p>\n","protected":false},"author":1,"featured_media":5937,"comment_status":"open","ping_status":"open","sticky":false,"template":"","format":"standard","meta":{"_acf_changed":false,"content-type":"","footnotes":""},"categories":[22],"tags":[90,85,74,105,110,109,106,108,107,73,78,96],"class_list":["post-3877","post","type-post","status-publish","format-standard","has-post-thumbnail","hentry","category-conseils-astuces","tag-autojm","tag-citroen-2","tag-dacia","tag-ds","tag-fiat","tag-ford","tag-kia","tag-nissan","tag-opel","tag-peugeot","tag-renault","tag-volkswagen"],"acf":[],"yoast_head":"<!-- This site is optimized with the Yoast SEO plugin v27.5 - https:\/\/yoast.com\/product\/yoast-seo-wordpress\/ -->\n<title>La technologie hybride rechargeable pas si \u00e9colo ? - AutoJM Mag<\/title>\n<meta name=\"description\" content=\"L&#039;\u00e9mission de ce dimanche 29 novembre sur RTL a repris une actualit\u00e9 pour le moins source de pol\u00e9miques : les v\u00e9hicules hybrides...\" \/>\n<meta name=\"robots\" content=\"index, follow, max-snippet:-1, max-image-preview:large, max-video-preview:-1\" \/>\n<link rel=\"canonical\" href=\"https:\/\/www.autojm.fr\/blog\/la-technologie-hybride-rechargeable-pas-si-ecolo\/\" \/>\n<meta property=\"og:locale\" content=\"fr_FR\" \/>\n<meta property=\"og:type\" content=\"article\" \/>\n<meta property=\"og:title\" content=\"La technologie hybride rechargeable pas si \u00e9colo ? - AutoJM Mag\" \/>\n<meta property=\"og:description\" content=\"L&#039;\u00e9mission de ce dimanche 29 novembre sur RTL a repris une actualit\u00e9 pour le moins source de pol\u00e9miques : les v\u00e9hicules hybrides...\" \/>\n<meta property=\"og:url\" content=\"https:\/\/www.autojm.fr\/blog\/la-technologie-hybride-rechargeable-pas-si-ecolo\/\" \/>\n<meta property=\"og:site_name\" content=\"AutoJM Mag\" \/>\n<meta property=\"article:publisher\" content=\"https:\/\/www.facebook.com\/AutoJM25\" \/>\n<meta property=\"article:published_time\" content=\"2020-12-02T00:00:00+00:00\" \/>\n<meta property=\"article:modified_time\" content=\"2023-04-19T06:42:07+00:00\" \/>\n<meta property=\"og:image\" content=\"https:\/\/www.autojm.fr\/blog\/wp-content\/uploads\/2022\/10\/606.jpg\" \/>\n\t<meta property=\"og:image:width\" content=\"1024\" \/>\n\t<meta property=\"og:image:height\" content=\"465\" \/>\n\t<meta property=\"og:image:type\" content=\"image\/jpeg\" \/>\n<meta name=\"author\" content=\"Autojm\" \/>\n<meta name=\"twitter:card\" content=\"summary_large_image\" \/>\n<meta name=\"twitter:label1\" content=\"\u00c9crit par\" \/>\n\t<meta name=\"twitter:data1\" content=\"Autojm\" \/>\n\t<meta name=\"twitter:label2\" content=\"Dur\u00e9e de lecture estim\u00e9e\" \/>\n\t<meta name=\"twitter:data2\" content=\"4 minutes\" \/>\n<script type=\"application\/ld+json\" class=\"yoast-schema-graph\">{\"@context\":\"https:\\\/\\\/schema.org\",\"@graph\":[{\"@type\":\"Article\",\"@id\":\"https:\\\/\\\/www.autojm.fr\\\/blog\\\/la-technologie-hybride-rechargeable-pas-si-ecolo\\\/#article\",\"isPartOf\":{\"@id\":\"https:\\\/\\\/www.autojm.fr\\\/blog\\\/la-technologie-hybride-rechargeable-pas-si-ecolo\\\/\"},\"author\":{\"name\":\"Autojm\",\"@id\":\"https:\\\/\\\/www.autojm.fr\\\/blog\\\/#\\\/schema\\\/person\\\/9742bc77541853e0de81fc57f947e1a0\"},\"headline\":\"La technologie hybride rechargeable pas si \u00e9colo ?\",\"datePublished\":\"2020-12-02T00:00:00+00:00\",\"dateModified\":\"2023-04-19T06:42:07+00:00\",\"mainEntityOfPage\":{\"@id\":\"https:\\\/\\\/www.autojm.fr\\\/blog\\\/la-technologie-hybride-rechargeable-pas-si-ecolo\\\/\"},\"wordCount\":750,\"commentCount\":0,\"publisher\":{\"@id\":\"https:\\\/\\\/www.autojm.fr\\\/blog\\\/#organization\"},\"image\":{\"@id\":\"https:\\\/\\\/www.autojm.fr\\\/blog\\\/la-technologie-hybride-rechargeable-pas-si-ecolo\\\/#primaryimage\"},\"thumbnailUrl\":\"https:\\\/\\\/www.autojm.fr\\\/blog\\\/wp-content\\\/uploads\\\/2022\\\/10\\\/606.jpg\",\"keywords\":[\"autojm\",\"Citro\u00ebn\",\"dacia\",\"DS\",\"Fiat\",\"Ford\",\"Kia\",\"Nissan\",\"Opel\",\"peugeot\",\"renault\",\"Volkswagen\"],\"articleSection\":[\"Conseils &amp; Astuces\"],\"inLanguage\":\"fr-FR\",\"potentialAction\":[{\"@type\":\"CommentAction\",\"name\":\"Comment\",\"target\":[\"https:\\\/\\\/www.autojm.fr\\\/blog\\\/la-technologie-hybride-rechargeable-pas-si-ecolo\\\/#respond\"]}]},{\"@type\":\"WebPage\",\"@id\":\"https:\\\/\\\/www.autojm.fr\\\/blog\\\/la-technologie-hybride-rechargeable-pas-si-ecolo\\\/\",\"url\":\"https:\\\/\\\/www.autojm.fr\\\/blog\\\/la-technologie-hybride-rechargeable-pas-si-ecolo\\\/\",\"name\":\"La technologie hybride rechargeable pas si \u00e9colo ? - AutoJM Mag\",\"isPartOf\":{\"@id\":\"https:\\\/\\\/www.autojm.fr\\\/blog\\\/#website\"},\"primaryImageOfPage\":{\"@id\":\"https:\\\/\\\/www.autojm.fr\\\/blog\\\/la-technologie-hybride-rechargeable-pas-si-ecolo\\\/#primaryimage\"},\"image\":{\"@id\":\"https:\\\/\\\/www.autojm.fr\\\/blog\\\/la-technologie-hybride-rechargeable-pas-si-ecolo\\\/#primaryimage\"},\"thumbnailUrl\":\"https:\\\/\\\/www.autojm.fr\\\/blog\\\/wp-content\\\/uploads\\\/2022\\\/10\\\/606.jpg\",\"datePublished\":\"2020-12-02T00:00:00+00:00\",\"dateModified\":\"2023-04-19T06:42:07+00:00\",\"description\":\"L'\u00e9mission de ce dimanche 29 novembre sur RTL a repris une actualit\u00e9 pour le moins source de pol\u00e9miques : les v\u00e9hicules hybrides...\",\"breadcrumb\":{\"@id\":\"https:\\\/\\\/www.autojm.fr\\\/blog\\\/la-technologie-hybride-rechargeable-pas-si-ecolo\\\/#breadcrumb\"},\"inLanguage\":\"fr-FR\",\"potentialAction\":[{\"@type\":\"ReadAction\",\"target\":[\"https:\\\/\\\/www.autojm.fr\\\/blog\\\/la-technologie-hybride-rechargeable-pas-si-ecolo\\\/\"]}]},{\"@type\":\"ImageObject\",\"inLanguage\":\"fr-FR\",\"@id\":\"https:\\\/\\\/www.autojm.fr\\\/blog\\\/la-technologie-hybride-rechargeable-pas-si-ecolo\\\/#primaryimage\",\"url\":\"https:\\\/\\\/www.autojm.fr\\\/blog\\\/wp-content\\\/uploads\\\/2022\\\/10\\\/606.jpg\",\"contentUrl\":\"https:\\\/\\\/www.autojm.fr\\\/blog\\\/wp-content\\\/uploads\\\/2022\\\/10\\\/606.jpg\",\"width\":1024,\"height\":465,\"caption\":\"Hybride rechargeable\"},{\"@type\":\"BreadcrumbList\",\"@id\":\"https:\\\/\\\/www.autojm.fr\\\/blog\\\/la-technologie-hybride-rechargeable-pas-si-ecolo\\\/#breadcrumb\",\"itemListElement\":[{\"@type\":\"ListItem\",\"position\":1,\"name\":\"Accueil\",\"item\":\"https:\\\/\\\/www.autojm.fr\\\/blog\\\/\"},{\"@type\":\"ListItem\",\"position\":2,\"name\":\"Conseils &amp; Astuces\",\"item\":\"https:\\\/\\\/www.autojm.fr\\\/blog\\\/conseils-astuces\\\/\"},{\"@type\":\"ListItem\",\"position\":3,\"name\":\"La technologie hybride rechargeable pas si \u00e9colo ?\"}]},{\"@type\":\"WebSite\",\"@id\":\"https:\\\/\\\/www.autojm.fr\\\/blog\\\/#website\",\"url\":\"https:\\\/\\\/www.autojm.fr\\\/blog\\\/\",\"name\":\"AutoJM Mag\",\"description\":\"Toute l&#039;actu auto en 1 clic !\",\"publisher\":{\"@id\":\"https:\\\/\\\/www.autojm.fr\\\/blog\\\/#organization\"},\"potentialAction\":[{\"@type\":\"SearchAction\",\"target\":{\"@type\":\"EntryPoint\",\"urlTemplate\":\"https:\\\/\\\/www.autojm.fr\\\/blog\\\/?s={search_term_string}\"},\"query-input\":{\"@type\":\"PropertyValueSpecification\",\"valueRequired\":true,\"valueName\":\"search_term_string\"}}],\"inLanguage\":\"fr-FR\"},{\"@type\":\"Organization\",\"@id\":\"https:\\\/\\\/www.autojm.fr\\\/blog\\\/#organization\",\"name\":\"AutoJM Mag\",\"url\":\"https:\\\/\\\/www.autojm.fr\\\/blog\\\/\",\"logo\":{\"@type\":\"ImageObject\",\"inLanguage\":\"fr-FR\",\"@id\":\"https:\\\/\\\/www.autojm.fr\\\/blog\\\/#\\\/schema\\\/logo\\\/image\\\/\",\"url\":\"https:\\\/\\\/www.autojm.fr\\\/blog\\\/wp-content\\\/uploads\\\/2022\\\/12\\\/cropped-AutoJMag-png.png\",\"contentUrl\":\"https:\\\/\\\/www.autojm.fr\\\/blog\\\/wp-content\\\/uploads\\\/2022\\\/12\\\/cropped-AutoJMag-png.png\",\"width\":2834,\"height\":585,\"caption\":\"AutoJM Mag\"},\"image\":{\"@id\":\"https:\\\/\\\/www.autojm.fr\\\/blog\\\/#\\\/schema\\\/logo\\\/image\\\/\"},\"sameAs\":[\"https:\\\/\\\/www.facebook.com\\\/AutoJM25\"]},{\"@type\":\"Person\",\"@id\":\"https:\\\/\\\/www.autojm.fr\\\/blog\\\/#\\\/schema\\\/person\\\/9742bc77541853e0de81fc57f947e1a0\",\"name\":\"Autojm\",\"image\":{\"@type\":\"ImageObject\",\"inLanguage\":\"fr-FR\",\"@id\":\"https:\\\/\\\/secure.gravatar.com\\\/avatar\\\/9a959d52b758fcc232fe4b6aca7bab139182573297122cce7d6f2ee0e537b418?s=96&d=mm&r=g\",\"url\":\"https:\\\/\\\/secure.gravatar.com\\\/avatar\\\/9a959d52b758fcc232fe4b6aca7bab139182573297122cce7d6f2ee0e537b418?s=96&d=mm&r=g\",\"contentUrl\":\"https:\\\/\\\/secure.gravatar.com\\\/avatar\\\/9a959d52b758fcc232fe4b6aca7bab139182573297122cce7d6f2ee0e537b418?s=96&d=mm&r=g\",\"caption\":\"Autojm\"},\"sameAs\":[\"https:\\\/\\\/www.autojm.fr\\\/blog\"],\"url\":\"https:\\\/\\\/www.autojm.fr\\\/blog\\\/author\\\/bichoi\\\/\"}]}<\/script>\n<!-- \/ Yoast SEO plugin. -->","yoast_head_json":{"title":"La technologie hybride rechargeable pas si \u00e9colo ? - AutoJM Mag","description":"L'\u00e9mission de ce dimanche 29 novembre sur RTL a repris une actualit\u00e9 pour le moins source de pol\u00e9miques : les v\u00e9hicules hybrides...","robots":{"index":"index","follow":"follow","max-snippet":"max-snippet:-1","max-image-preview":"max-image-preview:large","max-video-preview":"max-video-preview:-1"},"canonical":"https:\/\/www.autojm.fr\/blog\/la-technologie-hybride-rechargeable-pas-si-ecolo\/","og_locale":"fr_FR","og_type":"article","og_title":"La technologie hybride rechargeable pas si \u00e9colo ? - AutoJM Mag","og_description":"L'\u00e9mission de ce dimanche 29 novembre sur RTL a repris une actualit\u00e9 pour le moins source de pol\u00e9miques : les v\u00e9hicules hybrides...","og_url":"https:\/\/www.autojm.fr\/blog\/la-technologie-hybride-rechargeable-pas-si-ecolo\/","og_site_name":"AutoJM Mag","article_publisher":"https:\/\/www.facebook.com\/AutoJM25","article_published_time":"2020-12-02T00:00:00+00:00","article_modified_time":"2023-04-19T06:42:07+00:00","og_image":[{"width":1024,"height":465,"url":"https:\/\/www.autojm.fr\/blog\/wp-content\/uploads\/2022\/10\/606.jpg","type":"image\/jpeg"}],"author":"Autojm","twitter_card":"summary_large_image","twitter_misc":{"\u00c9crit par":"Autojm","Dur\u00e9e de lecture estim\u00e9e":"4 minutes"},"schema":{"@context":"https:\/\/schema.org","@graph":[{"@type":"Article","@id":"https:\/\/www.autojm.fr\/blog\/la-technologie-hybride-rechargeable-pas-si-ecolo\/#article","isPartOf":{"@id":"https:\/\/www.autojm.fr\/blog\/la-technologie-hybride-rechargeable-pas-si-ecolo\/"},"author":{"name":"Autojm","@id":"https:\/\/www.autojm.fr\/blog\/#\/schema\/person\/9742bc77541853e0de81fc57f947e1a0"},"headline":"La technologie hybride rechargeable pas si \u00e9colo ?","datePublished":"2020-12-02T00:00:00+00:00","dateModified":"2023-04-19T06:42:07+00:00","mainEntityOfPage":{"@id":"https:\/\/www.autojm.fr\/blog\/la-technologie-hybride-rechargeable-pas-si-ecolo\/"},"wordCount":750,"commentCount":0,"publisher":{"@id":"https:\/\/www.autojm.fr\/blog\/#organization"},"image":{"@id":"https:\/\/www.autojm.fr\/blog\/la-technologie-hybride-rechargeable-pas-si-ecolo\/#primaryimage"},"thumbnailUrl":"https:\/\/www.autojm.fr\/blog\/wp-content\/uploads\/2022\/10\/606.jpg","keywords":["autojm","Citro\u00ebn","dacia","DS","Fiat","Ford","Kia","Nissan","Opel","peugeot","renault","Volkswagen"],"articleSection":["Conseils &amp; Astuces"],"inLanguage":"fr-FR","potentialAction":[{"@type":"CommentAction","name":"Comment","target":["https:\/\/www.autojm.fr\/blog\/la-technologie-hybride-rechargeable-pas-si-ecolo\/#respond"]}]},{"@type":"WebPage","@id":"https:\/\/www.autojm.fr\/blog\/la-technologie-hybride-rechargeable-pas-si-ecolo\/","url":"https:\/\/www.autojm.fr\/blog\/la-technologie-hybride-rechargeable-pas-si-ecolo\/","name":"La technologie hybride rechargeable pas si \u00e9colo ? - AutoJM Mag","isPartOf":{"@id":"https:\/\/www.autojm.fr\/blog\/#website"},"primaryImageOfPage":{"@id":"https:\/\/www.autojm.fr\/blog\/la-technologie-hybride-rechargeable-pas-si-ecolo\/#primaryimage"},"image":{"@id":"https:\/\/www.autojm.fr\/blog\/la-technologie-hybride-rechargeable-pas-si-ecolo\/#primaryimage"},"thumbnailUrl":"https:\/\/www.autojm.fr\/blog\/wp-content\/uploads\/2022\/10\/606.jpg","datePublished":"2020-12-02T00:00:00+00:00","dateModified":"2023-04-19T06:42:07+00:00","description":"L'\u00e9mission de ce dimanche 29 novembre sur RTL a repris une actualit\u00e9 pour le moins source de pol\u00e9miques : les v\u00e9hicules hybrides...","breadcrumb":{"@id":"https:\/\/www.autojm.fr\/blog\/la-technologie-hybride-rechargeable-pas-si-ecolo\/#breadcrumb"},"inLanguage":"fr-FR","potentialAction":[{"@type":"ReadAction","target":["https:\/\/www.autojm.fr\/blog\/la-technologie-hybride-rechargeable-pas-si-ecolo\/"]}]},{"@type":"ImageObject","inLanguage":"fr-FR","@id":"https:\/\/www.autojm.fr\/blog\/la-technologie-hybride-rechargeable-pas-si-ecolo\/#primaryimage","url":"https:\/\/www.autojm.fr\/blog\/wp-content\/uploads\/2022\/10\/606.jpg","contentUrl":"https:\/\/www.autojm.fr\/blog\/wp-content\/uploads\/2022\/10\/606.jpg","width":1024,"height":465,"caption":"Hybride rechargeable"},{"@type":"BreadcrumbList","@id":"https:\/\/www.autojm.fr\/blog\/la-technologie-hybride-rechargeable-pas-si-ecolo\/#breadcrumb","itemListElement":[{"@type":"ListItem","position":1,"name":"Accueil","item":"https:\/\/www.autojm.fr\/blog\/"},{"@type":"ListItem","position":2,"name":"Conseils &amp; Astuces","item":"https:\/\/www.autojm.fr\/blog\/conseils-astuces\/"},{"@type":"ListItem","position":3,"name":"La technologie hybride rechargeable pas si \u00e9colo ?"}]},{"@type":"WebSite","@id":"https:\/\/www.autojm.fr\/blog\/#website","url":"https:\/\/www.autojm.fr\/blog\/","name":"AutoJM Mag","description":"Toute l&#039;actu auto en 1 clic !","publisher":{"@id":"https:\/\/www.autojm.fr\/blog\/#organization"},"potentialAction":[{"@type":"SearchAction","target":{"@type":"EntryPoint","urlTemplate":"https:\/\/www.autojm.fr\/blog\/?s={search_term_string}"},"query-input":{"@type":"PropertyValueSpecification","valueRequired":true,"valueName":"search_term_string"}}],"inLanguage":"fr-FR"},{"@type":"Organization","@id":"https:\/\/www.autojm.fr\/blog\/#organization","name":"AutoJM Mag","url":"https:\/\/www.autojm.fr\/blog\/","logo":{"@type":"ImageObject","inLanguage":"fr-FR","@id":"https:\/\/www.autojm.fr\/blog\/#\/schema\/logo\/image\/","url":"https:\/\/www.autojm.fr\/blog\/wp-content\/uploads\/2022\/12\/cropped-AutoJMag-png.png","contentUrl":"https:\/\/www.autojm.fr\/blog\/wp-content\/uploads\/2022\/12\/cropped-AutoJMag-png.png","width":2834,"height":585,"caption":"AutoJM Mag"},"image":{"@id":"https:\/\/www.autojm.fr\/blog\/#\/schema\/logo\/image\/"},"sameAs":["https:\/\/www.facebook.com\/AutoJM25"]},{"@type":"Person","@id":"https:\/\/www.autojm.fr\/blog\/#\/schema\/person\/9742bc77541853e0de81fc57f947e1a0","name":"Autojm","image":{"@type":"ImageObject","inLanguage":"fr-FR","@id":"https:\/\/secure.gravatar.com\/avatar\/9a959d52b758fcc232fe4b6aca7bab139182573297122cce7d6f2ee0e537b418?s=96&d=mm&r=g","url":"https:\/\/secure.gravatar.com\/avatar\/9a959d52b758fcc232fe4b6aca7bab139182573297122cce7d6f2ee0e537b418?s=96&d=mm&r=g","contentUrl":"https:\/\/secure.gravatar.com\/avatar\/9a959d52b758fcc232fe4b6aca7bab139182573297122cce7d6f2ee0e537b418?s=96&d=mm&r=g","caption":"Autojm"},"sameAs":["https:\/\/www.autojm.fr\/blog"],"url":"https:\/\/www.autojm.fr\/blog\/author\/bichoi\/"}]}},"_links":{"self":[{"href":"https:\/\/www.autojm.fr\/blog\/wp-json\/wp\/v2\/posts\/3877","targetHints":{"allow":["GET"]}}],"collection":[{"href":"https:\/\/www.autojm.fr\/blog\/wp-json\/wp\/v2\/posts"}],"about":[{"href":"https:\/\/www.autojm.fr\/blog\/wp-json\/wp\/v2\/types\/post"}],"author":[{"embeddable":true,"href":"https:\/\/www.autojm.fr\/blog\/wp-json\/wp\/v2\/users\/1"}],"replies":[{"embeddable":true,"href":"https:\/\/www.autojm.fr\/blog\/wp-json\/wp\/v2\/comments?post=3877"}],"version-history":[{"count":5,"href":"https:\/\/www.autojm.fr\/blog\/wp-json\/wp\/v2\/posts\/3877\/revisions"}],"predecessor-version":[{"id":9406,"href":"https:\/\/www.autojm.fr\/blog\/wp-json\/wp\/v2\/posts\/3877\/revisions\/9406"}],"wp:featuredmedia":[{"embeddable":true,"href":"https:\/\/www.autojm.fr\/blog\/wp-json\/wp\/v2\/media\/5937"}],"wp:attachment":[{"href":"https:\/\/www.autojm.fr\/blog\/wp-json\/wp\/v2\/media?parent=3877"}],"wp:term":[{"taxonomy":"category","embeddable":true,"href":"https:\/\/www.autojm.fr\/blog\/wp-json\/wp\/v2\/categories?post=3877"},{"taxonomy":"post_tag","embeddable":true,"href":"https:\/\/www.autojm.fr\/blog\/wp-json\/wp\/v2\/tags?post=3877"}],"curies":[{"name":"wp","href":"https:\/\/api.w.org\/{rel}","templated":true}]}}