{"id":3876,"date":"2020-11-24T00:00:00","date_gmt":"2020-11-24T00:00:00","guid":{"rendered":"https:\/\/www.autojm.fr\/blog\/covid-19-comment-desinfecter-sa-voiture\/"},"modified":"2023-04-19T12:00:24","modified_gmt":"2023-04-19T12:00:24","slug":"covid-19-comment-desinfecter-sa-voiture","status":"publish","type":"post","link":"https:\/\/www.autojm.fr\/blog\/covid-19-comment-desinfecter-sa-voiture\/","title":{"rendered":"Covid-19 : Comment d\u00e9sinfecter sa voiture ?"},"content":{"rendered":"<p>Voil\u00e0 l&rsquo;une des nombreuses questions soulev\u00e9es par l&rsquo;apparition de la crise sanitaire. <strong>La voiture est le mode de transport privil\u00e9gi\u00e9 des fran\u00e7ais<\/strong>, mais c&rsquo;est aussi et surtout un nid \u00e0 bact\u00e9ries. Entre les selleries, les poign\u00e9es de portes, et les touches de la console centrale, toutes les zones sont \u00e0 risques. La Covid-19 aura eu l&rsquo;effet de d\u00e9velopper les m\u00e9thodes de d\u00e9sinfection, dans les<strong> <a href=\"https:\/\/www.autojm.fr\/recherche?part=blog&amp;utm_source=articleblog241120&amp;utm_medium=blog\">voitures<\/a> <\/strong>y compris. Mais alors comment les professionnels s&rsquo;y prennent-ils pour <strong>d\u00e9sinfecter un v\u00e9hicule<\/strong> ? Et quelles m\u00e9thodes les particuliers peuvent-ils utiliser \u00e0 la maison pour la <strong>d\u00e9sinfection de leur voiture<\/strong> ?<\/p>\n<h2>Quelles m\u00e9thodes de nettoyage utilisent les professionnels ?<\/h2>\n<h3>D\u00e9sinfection \u00e0 l&rsquo;ozone<\/h3>\n<p>Apr\u00e8s le premier confinement, certaines enseignes comme Feu Vert ont adopt\u00e9 le syst\u00e8me de d\u00e9sinfection bas\u00e9 sur le traitement \u00e0 l&rsquo;ozone : ce processus permet de <strong>d\u00e9truire par oxydation les virus, bact\u00e9ries et champignons qui se trouvent sur les surfaces et dans l&rsquo;air<\/strong>. C&rsquo;est une m\u00e9thode utilis\u00e9e depuis plusieurs ann\u00e9es dans le traitement des eaux us\u00e9es, chez des professionnels du m\u00e9nage ou encore dans des industries de pointe. La d\u00e9sinfection se fait via un g\u00e9n\u00e9rateur d&rsquo;ozone plac\u00e9 dans l&rsquo;habitacle, qui, pendant une vingtaine de minute, proc\u00e8de \u00e0 la destruction des virus dans le <strong>v\u00e9hicule<\/strong> enti\u00e8rement ferm\u00e9.<\/p>\n<h3>D\u00e9sinfection par UV<\/h3>\n<p>Eric Breuil, sp\u00e9cialiste des transports voyageurs mais \u00e9galement ing\u00e9nieur, a cr\u00e9\u00e9 une technologie de d\u00e9sinfection des v\u00e9hicules s&rsquo;appuyant sur l&rsquo;utilisation des <strong>UltraViolets, les UV-C<\/strong>, capables de <strong>d\u00e9truire l&rsquo;ADN\/ARN des bact\u00e9ries, champignons, virus, et du Coronavirus<\/strong> notamment. La m\u00e9thode est utilis\u00e9e depuis des dizaines d&rsquo;ann\u00e9es, notamment dans les blocs op\u00e9ratoires, pour d\u00e9sinfecter le mat\u00e9riel. Il a donc fallu l&rsquo;adapter pour les v\u00e9hicules, et cela consiste \u00e0 fixer aux porti\u00e8res au niveau des vitres (abaiss\u00e9es) des lampes mont\u00e9es sur des supports magn\u00e9tiques qui entourent l&rsquo;habitacle. La d\u00e9sinfection se fait en seulement 2 min et sur la totalit\u00e9 des surfaces, m\u00eame les plus difficiles \u00e0 atteindre. Un syst\u00e8me qui s&rsquo;av\u00e8re efficace, mais qui entre seulement en phase de d\u00e9veloppement et reste pour l&rsquo;instant co\u00fbteux.<\/p>\n<h2>Quels conseils pour nettoyer sa voiture \u00e0 domicile ?<\/h2>\n<p>L&rsquo;Alsace.fr nous fait le point sur les \u00e9tapes \u00e0 respecter et les produits \u00e0 utiliser pour la d\u00e9sinfection de son v\u00e9hicule en conservant la qualit\u00e9 des mat\u00e9riaux.<\/p>\n<p>&#8211; A\u00e9rer son <strong>v\u00e9hicule<\/strong> pendant le nettoyage : ce qui permet de r\u00e9aliser le nettoyage dans un air pure et de nettoyer partiellement l&rsquo;air pollu\u00e9 de l&rsquo;habitacle<br \/>\n&#8211; Se laver les mains avant le nettoyage, et porter des <strong>gants et un masque <\/strong>pendant le nettoyage<br \/>\n&#8211; Utiliser des produits \u201c<strong>anti-bact\u00e9ries et virus<\/strong>\u201d, qui sont disponibles en spray ou lingettes, et doubler avec un chiffon microfibre<br \/>\n&#8211; Passer d&rsquo;abord l&rsquo;aspirateur, et ensuite utiliser les produits d\u00e9sinfectants avec le chiffon pour les surfaces solides<br \/>\n&#8211; Compl\u00e9ter, si besoin ou envie, par un a\u00e9rosol virucide, notamment en ce moment pour assurer un nettoyage complet efficace contre la <strong>Covid-19<\/strong><\/p>\n<p>Il est plus prudent de <strong>ne pas utiliser <\/strong>de produits contenant de l&rsquo;eau de javel, du peroxyde d&rsquo;hydrog\u00e8ne ou de l&rsquo;ammoniaque, lesquels peuvent ab\u00eemer les selleries et les mat\u00e9riaux. De m\u00eame, les gants et le masque utilis\u00e9s pendant le nettoyage doivent \u00eatre jet\u00e9s, et le chiffon doit \u00eatre nettoy\u00e9 \u00e0 60\u00b0.<\/p>\n<h2>Quelles sont les zones \u00e0 ne pas oublier ?<\/h2>\n<p>En premi\u00e8re position et sans surprise, c&rsquo;est le <strong>volant<\/strong> qui doit \u00eatre soign\u00e9. C&rsquo;est la zone la plus sollicit\u00e9e par le conducteur, et il a la r\u00e9putation de pouvoir accueillir plus de bact\u00e9ries qu&rsquo;une lunette de toilettes ! De quoi vous donner envie de le nettoyer aussi souvent que possible.<\/p>\n<p>Et autre zone tr\u00e8s sollicit\u00e9e : le <strong>pommeau de vitesse<\/strong>. Que l&rsquo;on dispose d&rsquo;une bo\u00eete manuelle ou automatique, la commande est utilis\u00e9e plusieurs fois pendant un trajet.<\/p>\n<p>Le <strong>frein \u00e0 main<\/strong> et la <strong>ceinture<\/strong> doivent \u00e9galement \u00eatre trait\u00e9s, puisqu&rsquo;ils sont utilis\u00e9s au minimum deux fois par trajet, au d\u00e9part et \u00e0 l&rsquo;arriv\u00e9e.<\/p>\n<p>Enfin, il est important de pr\u00eater attention \u00e0 toutes les commandes de la <strong>console centrale<\/strong>, auxquelles conducteur et passager peuvent acc\u00e9der.<\/p>\n<p>Il est important de traiter chaque surface, car toutes les zones d&rsquo;un <strong>v\u00e9hicule<\/strong> sont susceptibles d&rsquo;\u00eatre touch\u00e9es ou en contact avec les postillons des passagers. Concernant le nettoyage, il peut se faire \u00e0 raison d&rsquo;une fois par semaine, ou \u00e0 chaque occasion o\u00f9 des passagers ont emprunt\u00e9 le v\u00e9hicule. Et comme le conseillent les messages des autoroutes du territoire, pensez \u00e0 a\u00e9rer le v\u00e9hicule r\u00e9guli\u00e8rement pour changer l&rsquo;air.<\/p>\n","protected":false},"excerpt":{"rendered":"<p>Voil\u00e0 l&rsquo;une des nombreuses questions soulev\u00e9es par l&rsquo;apparition de la crise sanitaire. La voiture est le mode de transport privil\u00e9gi\u00e9 des fran\u00e7ais, mais c&rsquo;est aussi et surtout un nid \u00e0 bact\u00e9ries. Entre les selleries, les poign\u00e9es de portes, et les touches de la console centrale, toutes les zones sont \u00e0 risques.<\/p>\n","protected":false},"author":1,"featured_media":5936,"comment_status":"open","ping_status":"open","sticky":false,"template":"","format":"standard","meta":{"_acf_changed":false,"content-type":"","footnotes":""},"categories":[5],"tags":[90,79,74,105,110,109,106,108,107,73,78,96],"class_list":["post-3876","post","type-post","status-publish","format-standard","has-post-thumbnail","hentry","category-actualite-automobile","tag-autojm","tag-citroen","tag-dacia","tag-ds","tag-fiat","tag-ford","tag-kia","tag-nissan","tag-opel","tag-peugeot","tag-renault","tag-volkswagen"],"acf":[],"yoast_head":"<!-- This site is optimized with the Yoast SEO plugin v27.5 - https:\/\/yoast.com\/product\/yoast-seo-wordpress\/ -->\n<title>Covid-19 : Comment d\u00e9sinfecter sa voiture ? - AutoJM Mag<\/title>\n<meta name=\"description\" content=\"Voil\u00e0 l&#039;une des nombreuses questions soulev\u00e9es par l&#039;apparition de la crise sanitaire. La voiture est le mode de transport privil\u00e9gi\u00e9 des...\" \/>\n<meta name=\"robots\" content=\"index, follow, max-snippet:-1, max-image-preview:large, max-video-preview:-1\" \/>\n<link rel=\"canonical\" href=\"https:\/\/www.autojm.fr\/blog\/covid-19-comment-desinfecter-sa-voiture\/\" \/>\n<meta property=\"og:locale\" content=\"fr_FR\" \/>\n<meta property=\"og:type\" content=\"article\" \/>\n<meta property=\"og:title\" content=\"Covid-19 : Comment d\u00e9sinfecter sa voiture ? - AutoJM Mag\" \/>\n<meta property=\"og:description\" content=\"Voil\u00e0 l&#039;une des nombreuses questions soulev\u00e9es par l&#039;apparition de la crise sanitaire. La voiture est le mode de transport privil\u00e9gi\u00e9 des...\" \/>\n<meta property=\"og:url\" content=\"https:\/\/www.autojm.fr\/blog\/covid-19-comment-desinfecter-sa-voiture\/\" \/>\n<meta property=\"og:site_name\" content=\"AutoJM Mag\" \/>\n<meta property=\"article:publisher\" content=\"https:\/\/www.facebook.com\/AutoJM25\" \/>\n<meta property=\"article:published_time\" content=\"2020-11-24T00:00:00+00:00\" \/>\n<meta property=\"article:modified_time\" content=\"2023-04-19T12:00:24+00:00\" \/>\n<meta property=\"og:image\" content=\"https:\/\/www.autojm.fr\/blog\/wp-content\/uploads\/2022\/10\/605.jpg\" \/>\n\t<meta property=\"og:image:width\" content=\"1562\" \/>\n\t<meta property=\"og:image:height\" content=\"708\" \/>\n\t<meta property=\"og:image:type\" content=\"image\/jpeg\" \/>\n<meta name=\"author\" content=\"Autojm\" \/>\n<meta name=\"twitter:card\" content=\"summary_large_image\" \/>\n<meta name=\"twitter:label1\" content=\"\u00c9crit par\" \/>\n\t<meta name=\"twitter:data1\" content=\"Autojm\" \/>\n\t<meta name=\"twitter:label2\" content=\"Dur\u00e9e de lecture estim\u00e9e\" \/>\n\t<meta name=\"twitter:data2\" content=\"4 minutes\" \/>\n<script type=\"application\/ld+json\" class=\"yoast-schema-graph\">{\"@context\":\"https:\\\/\\\/schema.org\",\"@graph\":[{\"@type\":\"Article\",\"@id\":\"https:\\\/\\\/www.autojm.fr\\\/blog\\\/covid-19-comment-desinfecter-sa-voiture\\\/#article\",\"isPartOf\":{\"@id\":\"https:\\\/\\\/www.autojm.fr\\\/blog\\\/covid-19-comment-desinfecter-sa-voiture\\\/\"},\"author\":{\"name\":\"Autojm\",\"@id\":\"https:\\\/\\\/www.autojm.fr\\\/blog\\\/#\\\/schema\\\/person\\\/9742bc77541853e0de81fc57f947e1a0\"},\"headline\":\"Covid-19 : Comment d\u00e9sinfecter sa voiture ?\",\"datePublished\":\"2020-11-24T00:00:00+00:00\",\"dateModified\":\"2023-04-19T12:00:24+00:00\",\"mainEntityOfPage\":{\"@id\":\"https:\\\/\\\/www.autojm.fr\\\/blog\\\/covid-19-comment-desinfecter-sa-voiture\\\/\"},\"wordCount\":789,\"commentCount\":0,\"publisher\":{\"@id\":\"https:\\\/\\\/www.autojm.fr\\\/blog\\\/#organization\"},\"image\":{\"@id\":\"https:\\\/\\\/www.autojm.fr\\\/blog\\\/covid-19-comment-desinfecter-sa-voiture\\\/#primaryimage\"},\"thumbnailUrl\":\"https:\\\/\\\/www.autojm.fr\\\/blog\\\/wp-content\\\/uploads\\\/2022\\\/10\\\/605.jpg\",\"keywords\":[\"autojm\",\"citroen\",\"dacia\",\"DS\",\"Fiat\",\"Ford\",\"Kia\",\"Nissan\",\"Opel\",\"peugeot\",\"renault\",\"Volkswagen\"],\"articleSection\":[\"Actualit\u00e9 Automobile\"],\"inLanguage\":\"fr-FR\",\"potentialAction\":[{\"@type\":\"CommentAction\",\"name\":\"Comment\",\"target\":[\"https:\\\/\\\/www.autojm.fr\\\/blog\\\/covid-19-comment-desinfecter-sa-voiture\\\/#respond\"]}]},{\"@type\":\"WebPage\",\"@id\":\"https:\\\/\\\/www.autojm.fr\\\/blog\\\/covid-19-comment-desinfecter-sa-voiture\\\/\",\"url\":\"https:\\\/\\\/www.autojm.fr\\\/blog\\\/covid-19-comment-desinfecter-sa-voiture\\\/\",\"name\":\"Covid-19 : Comment d\u00e9sinfecter sa voiture ? - AutoJM Mag\",\"isPartOf\":{\"@id\":\"https:\\\/\\\/www.autojm.fr\\\/blog\\\/#website\"},\"primaryImageOfPage\":{\"@id\":\"https:\\\/\\\/www.autojm.fr\\\/blog\\\/covid-19-comment-desinfecter-sa-voiture\\\/#primaryimage\"},\"image\":{\"@id\":\"https:\\\/\\\/www.autojm.fr\\\/blog\\\/covid-19-comment-desinfecter-sa-voiture\\\/#primaryimage\"},\"thumbnailUrl\":\"https:\\\/\\\/www.autojm.fr\\\/blog\\\/wp-content\\\/uploads\\\/2022\\\/10\\\/605.jpg\",\"datePublished\":\"2020-11-24T00:00:00+00:00\",\"dateModified\":\"2023-04-19T12:00:24+00:00\",\"description\":\"Voil\u00e0 l'une des nombreuses questions soulev\u00e9es par l'apparition de la crise sanitaire. La voiture est le mode de transport privil\u00e9gi\u00e9 des...\",\"breadcrumb\":{\"@id\":\"https:\\\/\\\/www.autojm.fr\\\/blog\\\/covid-19-comment-desinfecter-sa-voiture\\\/#breadcrumb\"},\"inLanguage\":\"fr-FR\",\"potentialAction\":[{\"@type\":\"ReadAction\",\"target\":[\"https:\\\/\\\/www.autojm.fr\\\/blog\\\/covid-19-comment-desinfecter-sa-voiture\\\/\"]}]},{\"@type\":\"ImageObject\",\"inLanguage\":\"fr-FR\",\"@id\":\"https:\\\/\\\/www.autojm.fr\\\/blog\\\/covid-19-comment-desinfecter-sa-voiture\\\/#primaryimage\",\"url\":\"https:\\\/\\\/www.autojm.fr\\\/blog\\\/wp-content\\\/uploads\\\/2022\\\/10\\\/605.jpg\",\"contentUrl\":\"https:\\\/\\\/www.autojm.fr\\\/blog\\\/wp-content\\\/uploads\\\/2022\\\/10\\\/605.jpg\",\"width\":1562,\"height\":708,\"caption\":\"Covid-19 d\u00e9sinfection\"},{\"@type\":\"BreadcrumbList\",\"@id\":\"https:\\\/\\\/www.autojm.fr\\\/blog\\\/covid-19-comment-desinfecter-sa-voiture\\\/#breadcrumb\",\"itemListElement\":[{\"@type\":\"ListItem\",\"position\":1,\"name\":\"Accueil\",\"item\":\"https:\\\/\\\/www.autojm.fr\\\/blog\\\/\"},{\"@type\":\"ListItem\",\"position\":2,\"name\":\"Actualit\u00e9 Automobile\",\"item\":\"https:\\\/\\\/www.autojm.fr\\\/blog\\\/actualite-automobile\\\/\"},{\"@type\":\"ListItem\",\"position\":3,\"name\":\"Covid-19 : Comment d\u00e9sinfecter sa voiture ?\"}]},{\"@type\":\"WebSite\",\"@id\":\"https:\\\/\\\/www.autojm.fr\\\/blog\\\/#website\",\"url\":\"https:\\\/\\\/www.autojm.fr\\\/blog\\\/\",\"name\":\"AutoJM Mag\",\"description\":\"Toute l&#039;actu auto en 1 clic !\",\"publisher\":{\"@id\":\"https:\\\/\\\/www.autojm.fr\\\/blog\\\/#organization\"},\"potentialAction\":[{\"@type\":\"SearchAction\",\"target\":{\"@type\":\"EntryPoint\",\"urlTemplate\":\"https:\\\/\\\/www.autojm.fr\\\/blog\\\/?s={search_term_string}\"},\"query-input\":{\"@type\":\"PropertyValueSpecification\",\"valueRequired\":true,\"valueName\":\"search_term_string\"}}],\"inLanguage\":\"fr-FR\"},{\"@type\":\"Organization\",\"@id\":\"https:\\\/\\\/www.autojm.fr\\\/blog\\\/#organization\",\"name\":\"AutoJM Mag\",\"url\":\"https:\\\/\\\/www.autojm.fr\\\/blog\\\/\",\"logo\":{\"@type\":\"ImageObject\",\"inLanguage\":\"fr-FR\",\"@id\":\"https:\\\/\\\/www.autojm.fr\\\/blog\\\/#\\\/schema\\\/logo\\\/image\\\/\",\"url\":\"https:\\\/\\\/www.autojm.fr\\\/blog\\\/wp-content\\\/uploads\\\/2022\\\/12\\\/cropped-AutoJMag-png.png\",\"contentUrl\":\"https:\\\/\\\/www.autojm.fr\\\/blog\\\/wp-content\\\/uploads\\\/2022\\\/12\\\/cropped-AutoJMag-png.png\",\"width\":2834,\"height\":585,\"caption\":\"AutoJM Mag\"},\"image\":{\"@id\":\"https:\\\/\\\/www.autojm.fr\\\/blog\\\/#\\\/schema\\\/logo\\\/image\\\/\"},\"sameAs\":[\"https:\\\/\\\/www.facebook.com\\\/AutoJM25\"]},{\"@type\":\"Person\",\"@id\":\"https:\\\/\\\/www.autojm.fr\\\/blog\\\/#\\\/schema\\\/person\\\/9742bc77541853e0de81fc57f947e1a0\",\"name\":\"Autojm\",\"image\":{\"@type\":\"ImageObject\",\"inLanguage\":\"fr-FR\",\"@id\":\"https:\\\/\\\/secure.gravatar.com\\\/avatar\\\/9a959d52b758fcc232fe4b6aca7bab139182573297122cce7d6f2ee0e537b418?s=96&d=mm&r=g\",\"url\":\"https:\\\/\\\/secure.gravatar.com\\\/avatar\\\/9a959d52b758fcc232fe4b6aca7bab139182573297122cce7d6f2ee0e537b418?s=96&d=mm&r=g\",\"contentUrl\":\"https:\\\/\\\/secure.gravatar.com\\\/avatar\\\/9a959d52b758fcc232fe4b6aca7bab139182573297122cce7d6f2ee0e537b418?s=96&d=mm&r=g\",\"caption\":\"Autojm\"},\"sameAs\":[\"https:\\\/\\\/www.autojm.fr\\\/blog\"],\"url\":\"https:\\\/\\\/www.autojm.fr\\\/blog\\\/author\\\/bichoi\\\/\"}]}<\/script>\n<!-- \/ Yoast SEO plugin. -->","yoast_head_json":{"title":"Covid-19 : Comment d\u00e9sinfecter sa voiture ? - AutoJM Mag","description":"Voil\u00e0 l'une des nombreuses questions soulev\u00e9es par l'apparition de la crise sanitaire. La voiture est le mode de transport privil\u00e9gi\u00e9 des...","robots":{"index":"index","follow":"follow","max-snippet":"max-snippet:-1","max-image-preview":"max-image-preview:large","max-video-preview":"max-video-preview:-1"},"canonical":"https:\/\/www.autojm.fr\/blog\/covid-19-comment-desinfecter-sa-voiture\/","og_locale":"fr_FR","og_type":"article","og_title":"Covid-19 : Comment d\u00e9sinfecter sa voiture ? - AutoJM Mag","og_description":"Voil\u00e0 l'une des nombreuses questions soulev\u00e9es par l'apparition de la crise sanitaire. La voiture est le mode de transport privil\u00e9gi\u00e9 des...","og_url":"https:\/\/www.autojm.fr\/blog\/covid-19-comment-desinfecter-sa-voiture\/","og_site_name":"AutoJM Mag","article_publisher":"https:\/\/www.facebook.com\/AutoJM25","article_published_time":"2020-11-24T00:00:00+00:00","article_modified_time":"2023-04-19T12:00:24+00:00","og_image":[{"width":1562,"height":708,"url":"https:\/\/www.autojm.fr\/blog\/wp-content\/uploads\/2022\/10\/605.jpg","type":"image\/jpeg"}],"author":"Autojm","twitter_card":"summary_large_image","twitter_misc":{"\u00c9crit par":"Autojm","Dur\u00e9e de lecture estim\u00e9e":"4 minutes"},"schema":{"@context":"https:\/\/schema.org","@graph":[{"@type":"Article","@id":"https:\/\/www.autojm.fr\/blog\/covid-19-comment-desinfecter-sa-voiture\/#article","isPartOf":{"@id":"https:\/\/www.autojm.fr\/blog\/covid-19-comment-desinfecter-sa-voiture\/"},"author":{"name":"Autojm","@id":"https:\/\/www.autojm.fr\/blog\/#\/schema\/person\/9742bc77541853e0de81fc57f947e1a0"},"headline":"Covid-19 : Comment d\u00e9sinfecter sa voiture ?","datePublished":"2020-11-24T00:00:00+00:00","dateModified":"2023-04-19T12:00:24+00:00","mainEntityOfPage":{"@id":"https:\/\/www.autojm.fr\/blog\/covid-19-comment-desinfecter-sa-voiture\/"},"wordCount":789,"commentCount":0,"publisher":{"@id":"https:\/\/www.autojm.fr\/blog\/#organization"},"image":{"@id":"https:\/\/www.autojm.fr\/blog\/covid-19-comment-desinfecter-sa-voiture\/#primaryimage"},"thumbnailUrl":"https:\/\/www.autojm.fr\/blog\/wp-content\/uploads\/2022\/10\/605.jpg","keywords":["autojm","citroen","dacia","DS","Fiat","Ford","Kia","Nissan","Opel","peugeot","renault","Volkswagen"],"articleSection":["Actualit\u00e9 Automobile"],"inLanguage":"fr-FR","potentialAction":[{"@type":"CommentAction","name":"Comment","target":["https:\/\/www.autojm.fr\/blog\/covid-19-comment-desinfecter-sa-voiture\/#respond"]}]},{"@type":"WebPage","@id":"https:\/\/www.autojm.fr\/blog\/covid-19-comment-desinfecter-sa-voiture\/","url":"https:\/\/www.autojm.fr\/blog\/covid-19-comment-desinfecter-sa-voiture\/","name":"Covid-19 : Comment d\u00e9sinfecter sa voiture ? - AutoJM Mag","isPartOf":{"@id":"https:\/\/www.autojm.fr\/blog\/#website"},"primaryImageOfPage":{"@id":"https:\/\/www.autojm.fr\/blog\/covid-19-comment-desinfecter-sa-voiture\/#primaryimage"},"image":{"@id":"https:\/\/www.autojm.fr\/blog\/covid-19-comment-desinfecter-sa-voiture\/#primaryimage"},"thumbnailUrl":"https:\/\/www.autojm.fr\/blog\/wp-content\/uploads\/2022\/10\/605.jpg","datePublished":"2020-11-24T00:00:00+00:00","dateModified":"2023-04-19T12:00:24+00:00","description":"Voil\u00e0 l'une des nombreuses questions soulev\u00e9es par l'apparition de la crise sanitaire. La voiture est le mode de transport privil\u00e9gi\u00e9 des...","breadcrumb":{"@id":"https:\/\/www.autojm.fr\/blog\/covid-19-comment-desinfecter-sa-voiture\/#breadcrumb"},"inLanguage":"fr-FR","potentialAction":[{"@type":"ReadAction","target":["https:\/\/www.autojm.fr\/blog\/covid-19-comment-desinfecter-sa-voiture\/"]}]},{"@type":"ImageObject","inLanguage":"fr-FR","@id":"https:\/\/www.autojm.fr\/blog\/covid-19-comment-desinfecter-sa-voiture\/#primaryimage","url":"https:\/\/www.autojm.fr\/blog\/wp-content\/uploads\/2022\/10\/605.jpg","contentUrl":"https:\/\/www.autojm.fr\/blog\/wp-content\/uploads\/2022\/10\/605.jpg","width":1562,"height":708,"caption":"Covid-19 d\u00e9sinfection"},{"@type":"BreadcrumbList","@id":"https:\/\/www.autojm.fr\/blog\/covid-19-comment-desinfecter-sa-voiture\/#breadcrumb","itemListElement":[{"@type":"ListItem","position":1,"name":"Accueil","item":"https:\/\/www.autojm.fr\/blog\/"},{"@type":"ListItem","position":2,"name":"Actualit\u00e9 Automobile","item":"https:\/\/www.autojm.fr\/blog\/actualite-automobile\/"},{"@type":"ListItem","position":3,"name":"Covid-19 : Comment d\u00e9sinfecter sa voiture ?"}]},{"@type":"WebSite","@id":"https:\/\/www.autojm.fr\/blog\/#website","url":"https:\/\/www.autojm.fr\/blog\/","name":"AutoJM Mag","description":"Toute l&#039;actu auto en 1 clic !","publisher":{"@id":"https:\/\/www.autojm.fr\/blog\/#organization"},"potentialAction":[{"@type":"SearchAction","target":{"@type":"EntryPoint","urlTemplate":"https:\/\/www.autojm.fr\/blog\/?s={search_term_string}"},"query-input":{"@type":"PropertyValueSpecification","valueRequired":true,"valueName":"search_term_string"}}],"inLanguage":"fr-FR"},{"@type":"Organization","@id":"https:\/\/www.autojm.fr\/blog\/#organization","name":"AutoJM Mag","url":"https:\/\/www.autojm.fr\/blog\/","logo":{"@type":"ImageObject","inLanguage":"fr-FR","@id":"https:\/\/www.autojm.fr\/blog\/#\/schema\/logo\/image\/","url":"https:\/\/www.autojm.fr\/blog\/wp-content\/uploads\/2022\/12\/cropped-AutoJMag-png.png","contentUrl":"https:\/\/www.autojm.fr\/blog\/wp-content\/uploads\/2022\/12\/cropped-AutoJMag-png.png","width":2834,"height":585,"caption":"AutoJM Mag"},"image":{"@id":"https:\/\/www.autojm.fr\/blog\/#\/schema\/logo\/image\/"},"sameAs":["https:\/\/www.facebook.com\/AutoJM25"]},{"@type":"Person","@id":"https:\/\/www.autojm.fr\/blog\/#\/schema\/person\/9742bc77541853e0de81fc57f947e1a0","name":"Autojm","image":{"@type":"ImageObject","inLanguage":"fr-FR","@id":"https:\/\/secure.gravatar.com\/avatar\/9a959d52b758fcc232fe4b6aca7bab139182573297122cce7d6f2ee0e537b418?s=96&d=mm&r=g","url":"https:\/\/secure.gravatar.com\/avatar\/9a959d52b758fcc232fe4b6aca7bab139182573297122cce7d6f2ee0e537b418?s=96&d=mm&r=g","contentUrl":"https:\/\/secure.gravatar.com\/avatar\/9a959d52b758fcc232fe4b6aca7bab139182573297122cce7d6f2ee0e537b418?s=96&d=mm&r=g","caption":"Autojm"},"sameAs":["https:\/\/www.autojm.fr\/blog"],"url":"https:\/\/www.autojm.fr\/blog\/author\/bichoi\/"}]}},"_links":{"self":[{"href":"https:\/\/www.autojm.fr\/blog\/wp-json\/wp\/v2\/posts\/3876","targetHints":{"allow":["GET"]}}],"collection":[{"href":"https:\/\/www.autojm.fr\/blog\/wp-json\/wp\/v2\/posts"}],"about":[{"href":"https:\/\/www.autojm.fr\/blog\/wp-json\/wp\/v2\/types\/post"}],"author":[{"embeddable":true,"href":"https:\/\/www.autojm.fr\/blog\/wp-json\/wp\/v2\/users\/1"}],"replies":[{"embeddable":true,"href":"https:\/\/www.autojm.fr\/blog\/wp-json\/wp\/v2\/comments?post=3876"}],"version-history":[{"count":5,"href":"https:\/\/www.autojm.fr\/blog\/wp-json\/wp\/v2\/posts\/3876\/revisions"}],"predecessor-version":[{"id":9531,"href":"https:\/\/www.autojm.fr\/blog\/wp-json\/wp\/v2\/posts\/3876\/revisions\/9531"}],"wp:featuredmedia":[{"embeddable":true,"href":"https:\/\/www.autojm.fr\/blog\/wp-json\/wp\/v2\/media\/5936"}],"wp:attachment":[{"href":"https:\/\/www.autojm.fr\/blog\/wp-json\/wp\/v2\/media?parent=3876"}],"wp:term":[{"taxonomy":"category","embeddable":true,"href":"https:\/\/www.autojm.fr\/blog\/wp-json\/wp\/v2\/categories?post=3876"},{"taxonomy":"post_tag","embeddable":true,"href":"https:\/\/www.autojm.fr\/blog\/wp-json\/wp\/v2\/tags?post=3876"}],"curies":[{"name":"wp","href":"https:\/\/api.w.org\/{rel}","templated":true}]}}