{"id":3869,"date":"2020-10-27T00:00:00","date_gmt":"2020-10-27T00:00:00","guid":{"rendered":"https:\/\/www.autojm.fr\/blog\/la-ds9-sera-t-elle-une-concurrente-de-taille-face-aux-allemandes\/"},"modified":"2023-04-17T14:41:19","modified_gmt":"2023-04-17T14:41:19","slug":"la-ds9-sera-t-elle-une-concurrente-de-taille-face-aux-allemandes","status":"publish","type":"post","link":"https:\/\/www.autojm.fr\/blog\/la-ds9-sera-t-elle-une-concurrente-de-taille-face-aux-allemandes\/","title":{"rendered":"La DS9 sera-t-elle une concurrente de taille face aux allemandes ?"},"content":{"rendered":"<p>Voil\u00e0 quelques mois que la nouvelle star de la <strong><a href=\"https:\/\/www.autojm.fr\/mandataire-voitures-neuves-ds?part=blog&amp;utm_source=articleblog271020&amp;utm_medium=blog\">marque DS<\/a><\/strong> a \u00e9t\u00e9 r\u00e9v\u00e9l\u00e9e. La <strong><a href=\"https:\/\/www.autojm.fr\/mandataire-voitures-neuves-ds\">DS9<\/a><\/strong>, grande berline tricorps, affiche un style chic et luxueux avec des atouts dignes des <strong>berlines premium allemandes<\/strong>. La <strong>DS9<\/strong> a donc d\u00e9j\u00e0 affront\u00e9 des concurrentes dont la Mercedes Classe E et l&rsquo;<strong>Audi A6<\/strong>. Alors, la berline fran\u00e7aise a-t-elle de quoi faire rougir les allemandes ?<\/p>\n<h2>DS9 VS Mercedes Classe E<\/h2>\n<h3>Plus d&rsquo;\u00e9l\u00e9gance pour la DS, plus de sportivit\u00e9 pour la Mercedes<\/h3>\n<p>D&rsquo;un premier coup d&rsquo;\u0153il, on remarque une diff\u00e9rence en terme de positionnement : la Mercedes se veut plus sportive, plus agressive et muscl\u00e9e, alors que la DS est plus chic et \u00e9l\u00e9gante. La <strong>Mercedes<\/strong> opte pour une calandre plus large, travers\u00e9e par une l\u00e9g\u00e8re bande chrom\u00e9e avec le logo en son centre. Du c\u00f4t\u00e9 de la <strong>DS<\/strong>, la calandre est plus \u00e9tir\u00e9e en hauteur mais moins large, elle accueille aussi le logo de la marque en son centre. C&rsquo;est plut\u00f4t au niveau de ses \u00e9clairages qu&rsquo;elle se d\u00e9marque : ses feux effil\u00e9s sont suivis d&rsquo;une ligne lumineuse qui descend sur toute la face avant avec des lumi\u00e8res semblables \u00e0 des diamants.<\/p>\n<h3>Double \u00e9cran sur la Classe E<\/h3>\n<p>Cette diff\u00e9rence de positionnement se remarque \u00e9galement lorsque l&rsquo;on s&rsquo;installe au volant des berlines : alors que la <strong>DS9<\/strong> poursuit sa route vers l&rsquo;\u00e9l\u00e9gance \u00e0 la fran\u00e7aise \u00e0 travers l&rsquo;insertion de mat\u00e9riaux nobles comme l&rsquo;Alcantara et le cuir compl\u00e9t\u00e9e par la montre BRM du sommet du tableau de bord ou le motif \u201cclou de paris\u201d de la console, la <strong>Mercedes<\/strong> se veut plus high-tech, avec un tableau de bord domin\u00e9 par un double \u00e9cran jusqu&rsquo;\u00e0 12 pouces qui int\u00e8gre le syst\u00e8me d&rsquo;exploitation MBUX permettant une reconnaissance vocale intelligente.<\/p>\n<h3>Plus de volume pour la berline Mercedes<\/h3>\n<p>C\u00f4t\u00e9 espace, la <strong>Mercedes Classe E<\/strong> offre plus de place pour les passagers arri\u00e8re gr\u00e2ce \u00e0 ses 2,94 m\u00e8tres d&#8217;empattement et son toit moins plongeant que celui de la <strong>berline DS9<\/strong>. Elle propose \u00e9galement un pavillon ajour\u00e9 pour prolonger le toit ouvrant panoramique et ainsi offrir plus de lumi\u00e8re aux passagers arri\u00e8re. Le coffre de la version <strong>AMG Line<\/strong> (mod\u00e8le de comparaison \u00e9tudi\u00e9 par l&rsquo;argus.fr) offre une capacit\u00e9 de chargement de 540 litres, contre 510 litres pour la <strong>DS9 Performance Line<\/strong>. La berline fran\u00e7aise dispose tout de m\u00eame d&rsquo;un empattement de 2,90m, un volume in\u00e9dit pour <strong>PSA<\/strong>, et propose en option une banquette arri\u00e8re chauffante, massante et ventil\u00e9e (qui sera fixe avec cette option).<\/p>\n<h3>Plus de choix de moteurs Mercedes<\/h3>\n<p>Du c\u00f4t\u00e9 des motorisations, c&rsquo;est \u00e9galement la <strong>berline allemande<\/strong> qui se d\u00e9marque en proposant deux versions Diesel de 194 et 330 chevaux, deux blocs <strong>Essence<\/strong> de 435 et 612 chevaux, et une version <strong>hybride rechargeable<\/strong> avec un moteur <strong>Diesel<\/strong> pour une puissance totale de 308 chevaux. La <strong>DS9 <\/strong>se d\u00e9cline seulement en version Essence de 225 chevaux ou hybride rechargeable de 225, 250 ou 360 chevaux.<\/p>\n<h2>DS9 VS Audi A6<\/h2>\n<h3>L&rsquo;Audi A6 plus sage esth\u00e9tiquement<\/h3>\n<p>La marque fran\u00e7aise a beau affirmer que la <strong>DS9<\/strong> sera une rivale \u00e0 l&rsquo;<strong>Audi A4<\/strong>, sa longueur de 4,93 m\u00e8tres en fait plus logiquement une rivale de l&rsquo;<strong>Audi A6<\/strong> dont la longueur est de 4,94 m\u00e8tres (l&rsquo;A4 est \u00e0 4,74 m\u00e8tres).<br \/>\nL\u00e0 o\u00f9 l&rsquo;<strong>Audi A6<\/strong> reste plut\u00f4t soft avec une calandre en grillage, des feux \u00e0 trois branches et quelques courbes marqu\u00e9es sur la face avant, la <strong>DS9<\/strong> se veut plus originale avec des feux qui se prolongent sur toute la hauteur dans un genre d&rsquo;\u00e9clair aux lumi\u00e8res en forme de diamant et une calandre en nid d&rsquo;abeille soulign\u00e9e de chrome.<\/p>\n<h3>Le design de la DS9 plus s\u00e9duisant<\/h3>\n<p>L&rsquo;int\u00e9rieur divise en deux les mod\u00e8les concurrents : l&rsquo;allemande est plus high-tech, avec une console centrale large accueillant 2 \u00e9crans et un bandeau laqu\u00e9 qui se prolonge sur toute la longueur du tableau de bord. La <strong>DS9<\/strong> para\u00eet chic, le chic \u00e0 la fran\u00e7aise accentu\u00e9 par le guillochage \u201cclous de paris\u201d ins\u00e9r\u00e9 dans les commandes autour du levier de vitesses.<\/p>\n<h3>Plus de choix de motorisations Audi A6<\/h3>\n<p>C\u00f4t\u00e9 moteurs, l&rsquo;<strong>Audi A6<\/strong> offre davantage de choix, avec un moteur <strong>Essence<\/strong> de 245 chevaux, un V6 Essence de 340 chevaux, un moteur Diesel de 163 ou 204 chevaux, un V6 <strong>Diesel<\/strong> en 231 ou 286 chevaux, et une proposition <strong>hybride rechargeable<\/strong> avec jusqu&rsquo;\u00e0 367 chevaux et une batterie de 14,1kWh.<\/p>\n<h3>\u00c9galit\u00e9 sur les aides \u00e0 la conduite<\/h3>\n<p>Enfin, les aides \u00e0 la conduite ne permettent pas de d\u00e9partager les deux berlines. La <strong>DS9<\/strong> propose la conduite semi-autonome jusqu&rsquo;\u00e0 180 km\/h, contre une conduite semi-autonome jusqu&rsquo;\u00e0 250 km\/h pour l&rsquo;<strong>Audi A6<\/strong>. La <strong>berline DS<\/strong> dispose d&rsquo;un syst\u00e8me de cr\u00e9neau automatique et de l&rsquo;alerte attention conducteur, la <strong>berline Audi<\/strong> est \u00e9galement dot\u00e9e d&rsquo;une aide au cr\u00e9neau avec vision 360\u00b0 ou encore de l&rsquo;alerte de croisement et de trafic arri\u00e8re. Elles sont toutes deux \u00e9quip\u00e9es d&rsquo;une suspension adaptative, avec une vision par cam\u00e9ra pour la <strong>DS9<\/strong> et la suspension pneumatique (en option) pour l&rsquo;A6.<\/p>\n<p>Vous l&rsquo;aurez compris, la <strong>DS9<\/strong> a de jolis atouts pour elle pour faire face aux allemandes : elle contre le c\u00f4t\u00e9 sportif de ses concurrentes du pays voisin avec le chic \u00e0 la fran\u00e7aise qui lui permet de repr\u00e9senter l&rsquo;originalit\u00e9 dans son segment. Reste \u00e0 savoir si ses performances seront \u00e0 la hauteur des <strong>mod\u00e8les allemands<\/strong>, connus pour tenir la route.<\/p>\n","protected":false},"excerpt":{"rendered":"<p>Voil\u00e0 quelques mois que la nouvelle star de la marque DS a \u00e9t\u00e9 r\u00e9v\u00e9l\u00e9e. La DS9, grande berline tricorps, affiche un style chic et luxueux avec des atouts dignes des berlines premium allemandes. La DS9 a donc d\u00e9j\u00e0 affront\u00e9 des concurrentes dont la Mercedes Classe E et l&rsquo;Audi A6. Alors, la berline fran\u00e7aise a-t-elle de quoi faire rougir les allemandes ?<\/p>\n","protected":false},"author":1,"featured_media":5929,"comment_status":"open","ping_status":"open","sticky":false,"template":"","format":"standard","meta":{"_acf_changed":false,"content-type":"","footnotes":""},"categories":[53,234,61],"tags":[90,105,144],"class_list":["post-3869","post","type-post","status-publish","format-standard","has-post-thumbnail","hentry","category-comparatifs","category-nouveaute-ds","category-nouveautes-autos","tag-autojm","tag-ds","tag-ds9"],"acf":[],"yoast_head":"<!-- This site is optimized with the Yoast SEO plugin v27.5 - https:\/\/yoast.com\/product\/yoast-seo-wordpress\/ -->\n<title>La DS9 sera-t-elle une concurrente de taille face aux allemandes ?<\/title>\n<meta name=\"description\" content=\"Voil\u00e0 quelques mois que la nouvelle star de la marque DS a \u00e9t\u00e9 r\u00e9v\u00e9l\u00e9e. La DS9, grande berline tricorps, affiche un style chic et luxueux...\" \/>\n<meta name=\"robots\" content=\"index, follow, max-snippet:-1, max-image-preview:large, max-video-preview:-1\" \/>\n<link rel=\"canonical\" href=\"https:\/\/www.autojm.fr\/blog\/la-ds9-sera-t-elle-une-concurrente-de-taille-face-aux-allemandes\/\" \/>\n<meta property=\"og:locale\" content=\"fr_FR\" \/>\n<meta property=\"og:type\" content=\"article\" \/>\n<meta property=\"og:title\" content=\"La DS9 sera-t-elle une concurrente de taille face aux allemandes ?\" \/>\n<meta property=\"og:description\" content=\"Voil\u00e0 quelques mois que la nouvelle star de la marque DS a \u00e9t\u00e9 r\u00e9v\u00e9l\u00e9e. La DS9, grande berline tricorps, affiche un style chic et luxueux...\" \/>\n<meta property=\"og:url\" content=\"https:\/\/www.autojm.fr\/blog\/la-ds9-sera-t-elle-une-concurrente-de-taille-face-aux-allemandes\/\" \/>\n<meta property=\"og:site_name\" content=\"AutoJM Mag\" \/>\n<meta property=\"article:publisher\" content=\"https:\/\/www.facebook.com\/AutoJM25\" \/>\n<meta property=\"article:published_time\" content=\"2020-10-27T00:00:00+00:00\" \/>\n<meta property=\"article:modified_time\" content=\"2023-04-17T14:41:19+00:00\" \/>\n<meta property=\"og:image\" content=\"https:\/\/www.autojm.fr\/blog\/wp-content\/uploads\/2022\/10\/598.jpg\" \/>\n\t<meta property=\"og:image:width\" content=\"1024\" \/>\n\t<meta property=\"og:image:height\" content=\"465\" \/>\n\t<meta property=\"og:image:type\" content=\"image\/jpeg\" \/>\n<meta name=\"author\" content=\"Autojm\" \/>\n<meta name=\"twitter:card\" content=\"summary_large_image\" \/>\n<meta name=\"twitter:label1\" content=\"\u00c9crit par\" \/>\n\t<meta name=\"twitter:data1\" content=\"Autojm\" \/>\n\t<meta name=\"twitter:label2\" content=\"Dur\u00e9e de lecture estim\u00e9e\" \/>\n\t<meta name=\"twitter:data2\" content=\"5 minutes\" \/>\n<script type=\"application\/ld+json\" class=\"yoast-schema-graph\">{\"@context\":\"https:\\\/\\\/schema.org\",\"@graph\":[{\"@type\":\"Article\",\"@id\":\"https:\\\/\\\/www.autojm.fr\\\/blog\\\/la-ds9-sera-t-elle-une-concurrente-de-taille-face-aux-allemandes\\\/#article\",\"isPartOf\":{\"@id\":\"https:\\\/\\\/www.autojm.fr\\\/blog\\\/la-ds9-sera-t-elle-une-concurrente-de-taille-face-aux-allemandes\\\/\"},\"author\":{\"name\":\"Autojm\",\"@id\":\"https:\\\/\\\/www.autojm.fr\\\/blog\\\/#\\\/schema\\\/person\\\/9742bc77541853e0de81fc57f947e1a0\"},\"headline\":\"La DS9 sera-t-elle une concurrente de taille face aux allemandes ?\",\"datePublished\":\"2020-10-27T00:00:00+00:00\",\"dateModified\":\"2023-04-17T14:41:19+00:00\",\"mainEntityOfPage\":{\"@id\":\"https:\\\/\\\/www.autojm.fr\\\/blog\\\/la-ds9-sera-t-elle-une-concurrente-de-taille-face-aux-allemandes\\\/\"},\"wordCount\":913,\"commentCount\":0,\"publisher\":{\"@id\":\"https:\\\/\\\/www.autojm.fr\\\/blog\\\/#organization\"},\"image\":{\"@id\":\"https:\\\/\\\/www.autojm.fr\\\/blog\\\/la-ds9-sera-t-elle-une-concurrente-de-taille-face-aux-allemandes\\\/#primaryimage\"},\"thumbnailUrl\":\"https:\\\/\\\/www.autojm.fr\\\/blog\\\/wp-content\\\/uploads\\\/2022\\\/10\\\/598.jpg\",\"keywords\":[\"autojm\",\"DS\",\"DS9\"],\"articleSection\":[\"Comparatifs\",\"Nouveaut\u00e9 DS\",\"Nouveaut\u00e9s Autos\"],\"inLanguage\":\"fr-FR\",\"potentialAction\":[{\"@type\":\"CommentAction\",\"name\":\"Comment\",\"target\":[\"https:\\\/\\\/www.autojm.fr\\\/blog\\\/la-ds9-sera-t-elle-une-concurrente-de-taille-face-aux-allemandes\\\/#respond\"]}]},{\"@type\":\"WebPage\",\"@id\":\"https:\\\/\\\/www.autojm.fr\\\/blog\\\/la-ds9-sera-t-elle-une-concurrente-de-taille-face-aux-allemandes\\\/\",\"url\":\"https:\\\/\\\/www.autojm.fr\\\/blog\\\/la-ds9-sera-t-elle-une-concurrente-de-taille-face-aux-allemandes\\\/\",\"name\":\"La DS9 sera-t-elle une concurrente de taille face aux allemandes ?\",\"isPartOf\":{\"@id\":\"https:\\\/\\\/www.autojm.fr\\\/blog\\\/#website\"},\"primaryImageOfPage\":{\"@id\":\"https:\\\/\\\/www.autojm.fr\\\/blog\\\/la-ds9-sera-t-elle-une-concurrente-de-taille-face-aux-allemandes\\\/#primaryimage\"},\"image\":{\"@id\":\"https:\\\/\\\/www.autojm.fr\\\/blog\\\/la-ds9-sera-t-elle-une-concurrente-de-taille-face-aux-allemandes\\\/#primaryimage\"},\"thumbnailUrl\":\"https:\\\/\\\/www.autojm.fr\\\/blog\\\/wp-content\\\/uploads\\\/2022\\\/10\\\/598.jpg\",\"datePublished\":\"2020-10-27T00:00:00+00:00\",\"dateModified\":\"2023-04-17T14:41:19+00:00\",\"description\":\"Voil\u00e0 quelques mois que la nouvelle star de la marque DS a \u00e9t\u00e9 r\u00e9v\u00e9l\u00e9e. La DS9, grande berline tricorps, affiche un style chic et luxueux...\",\"breadcrumb\":{\"@id\":\"https:\\\/\\\/www.autojm.fr\\\/blog\\\/la-ds9-sera-t-elle-une-concurrente-de-taille-face-aux-allemandes\\\/#breadcrumb\"},\"inLanguage\":\"fr-FR\",\"potentialAction\":[{\"@type\":\"ReadAction\",\"target\":[\"https:\\\/\\\/www.autojm.fr\\\/blog\\\/la-ds9-sera-t-elle-une-concurrente-de-taille-face-aux-allemandes\\\/\"]}]},{\"@type\":\"ImageObject\",\"inLanguage\":\"fr-FR\",\"@id\":\"https:\\\/\\\/www.autojm.fr\\\/blog\\\/la-ds9-sera-t-elle-une-concurrente-de-taille-face-aux-allemandes\\\/#primaryimage\",\"url\":\"https:\\\/\\\/www.autojm.fr\\\/blog\\\/wp-content\\\/uploads\\\/2022\\\/10\\\/598.jpg\",\"contentUrl\":\"https:\\\/\\\/www.autojm.fr\\\/blog\\\/wp-content\\\/uploads\\\/2022\\\/10\\\/598.jpg\",\"width\":1024,\"height\":465,\"caption\":\"DS9\"},{\"@type\":\"BreadcrumbList\",\"@id\":\"https:\\\/\\\/www.autojm.fr\\\/blog\\\/la-ds9-sera-t-elle-une-concurrente-de-taille-face-aux-allemandes\\\/#breadcrumb\",\"itemListElement\":[{\"@type\":\"ListItem\",\"position\":1,\"name\":\"Accueil\",\"item\":\"https:\\\/\\\/www.autojm.fr\\\/blog\\\/\"},{\"@type\":\"ListItem\",\"position\":2,\"name\":\"Nouveaut\u00e9s Autos\",\"item\":\"https:\\\/\\\/www.autojm.fr\\\/blog\\\/nouveautes-autos\\\/\"},{\"@type\":\"ListItem\",\"position\":3,\"name\":\"La DS9 sera-t-elle une concurrente de taille face aux allemandes ?\"}]},{\"@type\":\"WebSite\",\"@id\":\"https:\\\/\\\/www.autojm.fr\\\/blog\\\/#website\",\"url\":\"https:\\\/\\\/www.autojm.fr\\\/blog\\\/\",\"name\":\"AutoJM Mag\",\"description\":\"Toute l&#039;actu auto en 1 clic !\",\"publisher\":{\"@id\":\"https:\\\/\\\/www.autojm.fr\\\/blog\\\/#organization\"},\"potentialAction\":[{\"@type\":\"SearchAction\",\"target\":{\"@type\":\"EntryPoint\",\"urlTemplate\":\"https:\\\/\\\/www.autojm.fr\\\/blog\\\/?s={search_term_string}\"},\"query-input\":{\"@type\":\"PropertyValueSpecification\",\"valueRequired\":true,\"valueName\":\"search_term_string\"}}],\"inLanguage\":\"fr-FR\"},{\"@type\":\"Organization\",\"@id\":\"https:\\\/\\\/www.autojm.fr\\\/blog\\\/#organization\",\"name\":\"AutoJM Mag\",\"url\":\"https:\\\/\\\/www.autojm.fr\\\/blog\\\/\",\"logo\":{\"@type\":\"ImageObject\",\"inLanguage\":\"fr-FR\",\"@id\":\"https:\\\/\\\/www.autojm.fr\\\/blog\\\/#\\\/schema\\\/logo\\\/image\\\/\",\"url\":\"https:\\\/\\\/www.autojm.fr\\\/blog\\\/wp-content\\\/uploads\\\/2022\\\/12\\\/cropped-AutoJMag-png.png\",\"contentUrl\":\"https:\\\/\\\/www.autojm.fr\\\/blog\\\/wp-content\\\/uploads\\\/2022\\\/12\\\/cropped-AutoJMag-png.png\",\"width\":2834,\"height\":585,\"caption\":\"AutoJM Mag\"},\"image\":{\"@id\":\"https:\\\/\\\/www.autojm.fr\\\/blog\\\/#\\\/schema\\\/logo\\\/image\\\/\"},\"sameAs\":[\"https:\\\/\\\/www.facebook.com\\\/AutoJM25\"]},{\"@type\":\"Person\",\"@id\":\"https:\\\/\\\/www.autojm.fr\\\/blog\\\/#\\\/schema\\\/person\\\/9742bc77541853e0de81fc57f947e1a0\",\"name\":\"Autojm\",\"image\":{\"@type\":\"ImageObject\",\"inLanguage\":\"fr-FR\",\"@id\":\"https:\\\/\\\/secure.gravatar.com\\\/avatar\\\/9a959d52b758fcc232fe4b6aca7bab139182573297122cce7d6f2ee0e537b418?s=96&d=mm&r=g\",\"url\":\"https:\\\/\\\/secure.gravatar.com\\\/avatar\\\/9a959d52b758fcc232fe4b6aca7bab139182573297122cce7d6f2ee0e537b418?s=96&d=mm&r=g\",\"contentUrl\":\"https:\\\/\\\/secure.gravatar.com\\\/avatar\\\/9a959d52b758fcc232fe4b6aca7bab139182573297122cce7d6f2ee0e537b418?s=96&d=mm&r=g\",\"caption\":\"Autojm\"},\"sameAs\":[\"https:\\\/\\\/www.autojm.fr\\\/blog\"],\"url\":\"https:\\\/\\\/www.autojm.fr\\\/blog\\\/author\\\/bichoi\\\/\"}]}<\/script>\n<!-- \/ Yoast SEO plugin. -->","yoast_head_json":{"title":"La DS9 sera-t-elle une concurrente de taille face aux allemandes ?","description":"Voil\u00e0 quelques mois que la nouvelle star de la marque DS a \u00e9t\u00e9 r\u00e9v\u00e9l\u00e9e. La DS9, grande berline tricorps, affiche un style chic et luxueux...","robots":{"index":"index","follow":"follow","max-snippet":"max-snippet:-1","max-image-preview":"max-image-preview:large","max-video-preview":"max-video-preview:-1"},"canonical":"https:\/\/www.autojm.fr\/blog\/la-ds9-sera-t-elle-une-concurrente-de-taille-face-aux-allemandes\/","og_locale":"fr_FR","og_type":"article","og_title":"La DS9 sera-t-elle une concurrente de taille face aux allemandes ?","og_description":"Voil\u00e0 quelques mois que la nouvelle star de la marque DS a \u00e9t\u00e9 r\u00e9v\u00e9l\u00e9e. La DS9, grande berline tricorps, affiche un style chic et luxueux...","og_url":"https:\/\/www.autojm.fr\/blog\/la-ds9-sera-t-elle-une-concurrente-de-taille-face-aux-allemandes\/","og_site_name":"AutoJM Mag","article_publisher":"https:\/\/www.facebook.com\/AutoJM25","article_published_time":"2020-10-27T00:00:00+00:00","article_modified_time":"2023-04-17T14:41:19+00:00","og_image":[{"width":1024,"height":465,"url":"https:\/\/www.autojm.fr\/blog\/wp-content\/uploads\/2022\/10\/598.jpg","type":"image\/jpeg"}],"author":"Autojm","twitter_card":"summary_large_image","twitter_misc":{"\u00c9crit par":"Autojm","Dur\u00e9e de lecture estim\u00e9e":"5 minutes"},"schema":{"@context":"https:\/\/schema.org","@graph":[{"@type":"Article","@id":"https:\/\/www.autojm.fr\/blog\/la-ds9-sera-t-elle-une-concurrente-de-taille-face-aux-allemandes\/#article","isPartOf":{"@id":"https:\/\/www.autojm.fr\/blog\/la-ds9-sera-t-elle-une-concurrente-de-taille-face-aux-allemandes\/"},"author":{"name":"Autojm","@id":"https:\/\/www.autojm.fr\/blog\/#\/schema\/person\/9742bc77541853e0de81fc57f947e1a0"},"headline":"La DS9 sera-t-elle une concurrente de taille face aux allemandes ?","datePublished":"2020-10-27T00:00:00+00:00","dateModified":"2023-04-17T14:41:19+00:00","mainEntityOfPage":{"@id":"https:\/\/www.autojm.fr\/blog\/la-ds9-sera-t-elle-une-concurrente-de-taille-face-aux-allemandes\/"},"wordCount":913,"commentCount":0,"publisher":{"@id":"https:\/\/www.autojm.fr\/blog\/#organization"},"image":{"@id":"https:\/\/www.autojm.fr\/blog\/la-ds9-sera-t-elle-une-concurrente-de-taille-face-aux-allemandes\/#primaryimage"},"thumbnailUrl":"https:\/\/www.autojm.fr\/blog\/wp-content\/uploads\/2022\/10\/598.jpg","keywords":["autojm","DS","DS9"],"articleSection":["Comparatifs","Nouveaut\u00e9 DS","Nouveaut\u00e9s Autos"],"inLanguage":"fr-FR","potentialAction":[{"@type":"CommentAction","name":"Comment","target":["https:\/\/www.autojm.fr\/blog\/la-ds9-sera-t-elle-une-concurrente-de-taille-face-aux-allemandes\/#respond"]}]},{"@type":"WebPage","@id":"https:\/\/www.autojm.fr\/blog\/la-ds9-sera-t-elle-une-concurrente-de-taille-face-aux-allemandes\/","url":"https:\/\/www.autojm.fr\/blog\/la-ds9-sera-t-elle-une-concurrente-de-taille-face-aux-allemandes\/","name":"La DS9 sera-t-elle une concurrente de taille face aux allemandes ?","isPartOf":{"@id":"https:\/\/www.autojm.fr\/blog\/#website"},"primaryImageOfPage":{"@id":"https:\/\/www.autojm.fr\/blog\/la-ds9-sera-t-elle-une-concurrente-de-taille-face-aux-allemandes\/#primaryimage"},"image":{"@id":"https:\/\/www.autojm.fr\/blog\/la-ds9-sera-t-elle-une-concurrente-de-taille-face-aux-allemandes\/#primaryimage"},"thumbnailUrl":"https:\/\/www.autojm.fr\/blog\/wp-content\/uploads\/2022\/10\/598.jpg","datePublished":"2020-10-27T00:00:00+00:00","dateModified":"2023-04-17T14:41:19+00:00","description":"Voil\u00e0 quelques mois que la nouvelle star de la marque DS a \u00e9t\u00e9 r\u00e9v\u00e9l\u00e9e. La DS9, grande berline tricorps, affiche un style chic et luxueux...","breadcrumb":{"@id":"https:\/\/www.autojm.fr\/blog\/la-ds9-sera-t-elle-une-concurrente-de-taille-face-aux-allemandes\/#breadcrumb"},"inLanguage":"fr-FR","potentialAction":[{"@type":"ReadAction","target":["https:\/\/www.autojm.fr\/blog\/la-ds9-sera-t-elle-une-concurrente-de-taille-face-aux-allemandes\/"]}]},{"@type":"ImageObject","inLanguage":"fr-FR","@id":"https:\/\/www.autojm.fr\/blog\/la-ds9-sera-t-elle-une-concurrente-de-taille-face-aux-allemandes\/#primaryimage","url":"https:\/\/www.autojm.fr\/blog\/wp-content\/uploads\/2022\/10\/598.jpg","contentUrl":"https:\/\/www.autojm.fr\/blog\/wp-content\/uploads\/2022\/10\/598.jpg","width":1024,"height":465,"caption":"DS9"},{"@type":"BreadcrumbList","@id":"https:\/\/www.autojm.fr\/blog\/la-ds9-sera-t-elle-une-concurrente-de-taille-face-aux-allemandes\/#breadcrumb","itemListElement":[{"@type":"ListItem","position":1,"name":"Accueil","item":"https:\/\/www.autojm.fr\/blog\/"},{"@type":"ListItem","position":2,"name":"Nouveaut\u00e9s Autos","item":"https:\/\/www.autojm.fr\/blog\/nouveautes-autos\/"},{"@type":"ListItem","position":3,"name":"La DS9 sera-t-elle une concurrente de taille face aux allemandes ?"}]},{"@type":"WebSite","@id":"https:\/\/www.autojm.fr\/blog\/#website","url":"https:\/\/www.autojm.fr\/blog\/","name":"AutoJM Mag","description":"Toute l&#039;actu auto en 1 clic !","publisher":{"@id":"https:\/\/www.autojm.fr\/blog\/#organization"},"potentialAction":[{"@type":"SearchAction","target":{"@type":"EntryPoint","urlTemplate":"https:\/\/www.autojm.fr\/blog\/?s={search_term_string}"},"query-input":{"@type":"PropertyValueSpecification","valueRequired":true,"valueName":"search_term_string"}}],"inLanguage":"fr-FR"},{"@type":"Organization","@id":"https:\/\/www.autojm.fr\/blog\/#organization","name":"AutoJM Mag","url":"https:\/\/www.autojm.fr\/blog\/","logo":{"@type":"ImageObject","inLanguage":"fr-FR","@id":"https:\/\/www.autojm.fr\/blog\/#\/schema\/logo\/image\/","url":"https:\/\/www.autojm.fr\/blog\/wp-content\/uploads\/2022\/12\/cropped-AutoJMag-png.png","contentUrl":"https:\/\/www.autojm.fr\/blog\/wp-content\/uploads\/2022\/12\/cropped-AutoJMag-png.png","width":2834,"height":585,"caption":"AutoJM Mag"},"image":{"@id":"https:\/\/www.autojm.fr\/blog\/#\/schema\/logo\/image\/"},"sameAs":["https:\/\/www.facebook.com\/AutoJM25"]},{"@type":"Person","@id":"https:\/\/www.autojm.fr\/blog\/#\/schema\/person\/9742bc77541853e0de81fc57f947e1a0","name":"Autojm","image":{"@type":"ImageObject","inLanguage":"fr-FR","@id":"https:\/\/secure.gravatar.com\/avatar\/9a959d52b758fcc232fe4b6aca7bab139182573297122cce7d6f2ee0e537b418?s=96&d=mm&r=g","url":"https:\/\/secure.gravatar.com\/avatar\/9a959d52b758fcc232fe4b6aca7bab139182573297122cce7d6f2ee0e537b418?s=96&d=mm&r=g","contentUrl":"https:\/\/secure.gravatar.com\/avatar\/9a959d52b758fcc232fe4b6aca7bab139182573297122cce7d6f2ee0e537b418?s=96&d=mm&r=g","caption":"Autojm"},"sameAs":["https:\/\/www.autojm.fr\/blog"],"url":"https:\/\/www.autojm.fr\/blog\/author\/bichoi\/"}]}},"_links":{"self":[{"href":"https:\/\/www.autojm.fr\/blog\/wp-json\/wp\/v2\/posts\/3869","targetHints":{"allow":["GET"]}}],"collection":[{"href":"https:\/\/www.autojm.fr\/blog\/wp-json\/wp\/v2\/posts"}],"about":[{"href":"https:\/\/www.autojm.fr\/blog\/wp-json\/wp\/v2\/types\/post"}],"author":[{"embeddable":true,"href":"https:\/\/www.autojm.fr\/blog\/wp-json\/wp\/v2\/users\/1"}],"replies":[{"embeddable":true,"href":"https:\/\/www.autojm.fr\/blog\/wp-json\/wp\/v2\/comments?post=3869"}],"version-history":[{"count":8,"href":"https:\/\/www.autojm.fr\/blog\/wp-json\/wp\/v2\/posts\/3869\/revisions"}],"predecessor-version":[{"id":9184,"href":"https:\/\/www.autojm.fr\/blog\/wp-json\/wp\/v2\/posts\/3869\/revisions\/9184"}],"wp:featuredmedia":[{"embeddable":true,"href":"https:\/\/www.autojm.fr\/blog\/wp-json\/wp\/v2\/media\/5929"}],"wp:attachment":[{"href":"https:\/\/www.autojm.fr\/blog\/wp-json\/wp\/v2\/media?parent=3869"}],"wp:term":[{"taxonomy":"category","embeddable":true,"href":"https:\/\/www.autojm.fr\/blog\/wp-json\/wp\/v2\/categories?post=3869"},{"taxonomy":"post_tag","embeddable":true,"href":"https:\/\/www.autojm.fr\/blog\/wp-json\/wp\/v2\/tags?post=3869"}],"curies":[{"name":"wp","href":"https:\/\/api.w.org\/{rel}","templated":true}]}}