{"id":3868,"date":"2020-10-23T00:00:00","date_gmt":"2020-10-23T00:00:00","guid":{"rendered":"https:\/\/www.autojm.fr\/blog\/covid-19-retard-dans-la-production-automobile\/"},"modified":"2023-04-19T12:01:36","modified_gmt":"2023-04-19T12:01:36","slug":"covid-19-retard-dans-la-production-automobile","status":"publish","type":"post","link":"https:\/\/www.autojm.fr\/blog\/covid-19-retard-dans-la-production-automobile\/","title":{"rendered":"Covid-19 : retard dans la production automobile"},"content":{"rendered":"<p>La Covid-19 a eu, a, et aura de nombreuses cons\u00e9quences dans tous les secteurs. Dans le <strong><a href=\"https:\/\/www.autojm.fr\/?part=blog&amp;utm_source=articleblog231020&amp;utm_medium=blog\">domaine de l&rsquo;automobile<\/a><\/strong>, la production est directement touch\u00e9e par les nombreuses r\u00e9glementations mises en place d\u00e8s le d\u00e9confinement : limiter le personnel, d\u00e9sinfecter r\u00e9guli\u00e8rement les zones de contact\u2026 Ce sont autant de contraintes auxquelles doivent faire face les responsables des <strong>usines de production<\/strong>. Voici tout ce que l&rsquo;on sait de l&rsquo;\u00e9tat actuel de la production et des probl\u00e9matiques engendr\u00e9es.<\/p>\n<h2>Des nouvelles conditions de travail p\u00e9nalisantes<\/h2>\n<p>Le confinement a provoqu\u00e9 l&rsquo;arr\u00eat total de la production automobile pendant quelques semaines. Et la reprise a d\u00fb \u00eatre amorc\u00e9e en douceur : les effectifs devaient \u00eatre r\u00e9duits afin de pouvoir respecter au mieux les distances de s\u00e9curit\u00e9. De plus, les conditions de travail ont \u00e9t\u00e9 modifi\u00e9es par les nouvelles normes d&rsquo;hygi\u00e8ne : prise de temp\u00e9rature \u00e0 l&rsquo;arriv\u00e9e des \u00e9quipiers, d\u00e9sinfections des zones de contact direct, port du masque, port des gants&#8230; Avec ces nombreuses mesures, impossible pour les usines automobiles de tourner \u00e0 plein r\u00e9gime et reprendre la production au maximum. A titre d&rsquo;exemple,<strong> chez <a href=\"https:\/\/www.autojm.fr\/mandataire-voitures-neuves-toyota?part=blog&amp;utm_source=articleblog231020&amp;utm_medium=blog\">Toyota<\/a>, <\/strong>16 Toyota Yaris ont \u00e9t\u00e9 produites le jour de la reprise, contre 1100 en cadence normale.<\/p>\n<h2>&#8211; 40% de voitures produites en Europe sur les six premiers mois de l&rsquo;ann\u00e9e<\/h2>\n<p>C&rsquo;est donc sans surprise que le bilan de la production automobile affiche une baisse significative : sur l&rsquo;ensemble des <strong>pays Europ\u00e9ens, la production de voitures a baiss\u00e9 de 40% au premier semestre 2020<\/strong>, avec une chute de <strong>62% pour le deuxi\u00e8me trimestre<\/strong>. Ces chiffres ont \u00e9t\u00e9 d\u00e9voil\u00e9s par l&rsquo;entreprise IHS Markit sp\u00e9cialis\u00e9e dans l&rsquo;information \u00e9conomique. Denis Schemoul, analyste chez IHS Markit a indiqu\u00e9 : \u201cPour dimensionner l&rsquo;impact de la crise sanitaire, nous avons retir\u00e9 entre 17 et 18 millions de v\u00e9hicules fabriqu\u00e9s au niveau mondial par rapport \u00e0 2019, soit une pr\u00e9vision de <strong>70 millions cette ann\u00e9e, contre 88 millions l&rsquo;an dernier<\/strong>\u201d<\/p>\n<h2>&#8211; 416 149 voitures produites en France de janvier \u00e0 septembre<\/h2>\n<p>A cela, l&rsquo;ACEA (l&rsquo;Association des Constructeurs Europ\u00e9ens d&rsquo;Automobiles) ajoute que <strong>la perte de production concerne 4 024 036 millions de v\u00e9hicules particuliers et utilitaires<\/strong> (jusqu&rsquo;\u00e0 6 tonnes) pour les neufs premiers mois de l&rsquo;ann\u00e9e. C&rsquo;est donc 4 millions de v\u00e9hicules en moins compar\u00e9 \u00e0 la m\u00eame p\u00e9riode de 2019. Dans le d\u00e9tail, c&rsquo;est l&rsquo;Allemagne qui affiche la plus grosse baisse avec 1 077 943 millions de v\u00e9hicules en moins, contre 754 978 pour l&rsquo;Espagne, <strong>416 149 pour la France<\/strong>, ou encore 284 785 pour l&rsquo;Italie. Le tableau ci-dessous expose les diff\u00e9rences de production entre le premier semestre de 2019 et le premier semestre de 2020 par groupe automobile, et la tendance est \u00e0 la baisse pour tout le monde.<\/p>\n<h2>PSA Sochaux-Montb\u00e9liard recrute<\/h2>\n<p>La production reprend petit \u00e0 petit. On a appris il y a quelques jours que l&rsquo;usine PSA Sochaux-Montb\u00e9liard proc\u00e8de \u00e0 des recrutements pour des contrats de travail temporaire, et une nouvelle \u00e9quipe d&rsquo;usine Vendredi-Samedi-Dimanche va \u00eatre int\u00e9gr\u00e9e pour seconder les permanents.<\/p>\n<h2>Des retards de productions qui entra\u00eenent des retards de livraison<\/h2>\n<p>Les retards de production entra\u00eenent des retards de livraison et de nombreux automobilistes perdent patience. Malheureusement, la crise sanitaire est d\u00e9finie comme cas de force majeur ou \u00e9v\u00e9nement \u00e0 caract\u00e8re \u201cimpr\u00e9visible, irr\u00e9sistible et ext\u00e9rieur\u201d, et les professionnels de l&rsquo;automobile perdent le contr\u00f4le sur les d\u00e9lais. Chez AutoJM, nous avons renforc\u00e9 nos \u00e9quipes afin de traiter rapidement le plus grand nombre de dossiers possibles et apporter des r\u00e9ponses \u00e0 nos clients en attente. Nous sommes conscients des cons\u00e9quences que peuvent entra\u00eener l&rsquo;attente d&rsquo;un v\u00e9hicule et mettons tout en oeuvre pour livrer nos clients le plus rapidement possible une fois que leur v\u00e9hicule est dans nos locaux.<\/p>\n","protected":false},"excerpt":{"rendered":"<p>La Covid-19 a eu, a, et aura de nombreuses cons\u00e9quences dans tous les secteurs. Dans le domaine de l&rsquo;automobile, la production est directement touch\u00e9e par les nombreuses r\u00e9glementations mises en place d\u00e8s le d\u00e9confinement : limiter le personnel, d\u00e9sinfecter r\u00e9guli\u00e8rement les zones de contact\u2026<\/p>\n","protected":false},"author":1,"featured_media":5928,"comment_status":"open","ping_status":"open","sticky":false,"template":"","format":"standard","meta":{"_acf_changed":false,"content-type":"","footnotes":""},"categories":[5],"tags":[90,79,74,105,110,109,106,108,107,73,78,96],"class_list":["post-3868","post","type-post","status-publish","format-standard","has-post-thumbnail","hentry","category-actualite-automobile","tag-autojm","tag-citroen","tag-dacia","tag-ds","tag-fiat","tag-ford","tag-kia","tag-nissan","tag-opel","tag-peugeot","tag-renault","tag-volkswagen"],"acf":[],"yoast_head":"<!-- This site is optimized with the Yoast SEO plugin v27.5 - https:\/\/yoast.com\/product\/yoast-seo-wordpress\/ -->\n<title>Covid-19 : retard dans la production automobile - AutoJM Mag<\/title>\n<meta name=\"description\" content=\"La Covid-19 a eu, a, et aura de nombreuses cons\u00e9quences dans tous les secteurs. Dans le domaine de l&#039;automobile, la production est...\" \/>\n<meta name=\"robots\" content=\"index, follow, max-snippet:-1, max-image-preview:large, max-video-preview:-1\" \/>\n<link rel=\"canonical\" href=\"https:\/\/www.autojm.fr\/blog\/covid-19-retard-dans-la-production-automobile\/\" \/>\n<meta property=\"og:locale\" content=\"fr_FR\" \/>\n<meta property=\"og:type\" content=\"article\" \/>\n<meta property=\"og:title\" content=\"Covid-19 : retard dans la production automobile - AutoJM Mag\" \/>\n<meta property=\"og:description\" content=\"La Covid-19 a eu, a, et aura de nombreuses cons\u00e9quences dans tous les secteurs. Dans le domaine de l&#039;automobile, la production est...\" \/>\n<meta property=\"og:url\" content=\"https:\/\/www.autojm.fr\/blog\/covid-19-retard-dans-la-production-automobile\/\" \/>\n<meta property=\"og:site_name\" content=\"AutoJM Mag\" \/>\n<meta property=\"article:publisher\" content=\"https:\/\/www.facebook.com\/AutoJM25\" \/>\n<meta property=\"article:published_time\" content=\"2020-10-23T00:00:00+00:00\" \/>\n<meta property=\"article:modified_time\" content=\"2023-04-19T12:01:36+00:00\" \/>\n<meta property=\"og:image\" content=\"https:\/\/www.autojm.fr\/blog\/wp-content\/uploads\/2022\/10\/597.jpg\" \/>\n\t<meta property=\"og:image:width\" content=\"1024\" \/>\n\t<meta property=\"og:image:height\" content=\"465\" \/>\n\t<meta property=\"og:image:type\" content=\"image\/jpeg\" \/>\n<meta name=\"author\" content=\"Autojm\" \/>\n<meta name=\"twitter:card\" content=\"summary_large_image\" \/>\n<meta name=\"twitter:label1\" content=\"\u00c9crit par\" \/>\n\t<meta name=\"twitter:data1\" content=\"Autojm\" \/>\n\t<meta name=\"twitter:label2\" content=\"Dur\u00e9e de lecture estim\u00e9e\" \/>\n\t<meta name=\"twitter:data2\" content=\"4 minutes\" \/>\n<script type=\"application\/ld+json\" class=\"yoast-schema-graph\">{\"@context\":\"https:\\\/\\\/schema.org\",\"@graph\":[{\"@type\":\"Article\",\"@id\":\"https:\\\/\\\/www.autojm.fr\\\/blog\\\/covid-19-retard-dans-la-production-automobile\\\/#article\",\"isPartOf\":{\"@id\":\"https:\\\/\\\/www.autojm.fr\\\/blog\\\/covid-19-retard-dans-la-production-automobile\\\/\"},\"author\":{\"name\":\"Autojm\",\"@id\":\"https:\\\/\\\/www.autojm.fr\\\/blog\\\/#\\\/schema\\\/person\\\/9742bc77541853e0de81fc57f947e1a0\"},\"headline\":\"Covid-19 : retard dans la production automobile\",\"datePublished\":\"2020-10-23T00:00:00+00:00\",\"dateModified\":\"2023-04-19T12:01:36+00:00\",\"mainEntityOfPage\":{\"@id\":\"https:\\\/\\\/www.autojm.fr\\\/blog\\\/covid-19-retard-dans-la-production-automobile\\\/\"},\"wordCount\":622,\"commentCount\":0,\"publisher\":{\"@id\":\"https:\\\/\\\/www.autojm.fr\\\/blog\\\/#organization\"},\"image\":{\"@id\":\"https:\\\/\\\/www.autojm.fr\\\/blog\\\/covid-19-retard-dans-la-production-automobile\\\/#primaryimage\"},\"thumbnailUrl\":\"https:\\\/\\\/www.autojm.fr\\\/blog\\\/wp-content\\\/uploads\\\/2022\\\/10\\\/597.jpg\",\"keywords\":[\"autojm\",\"citroen\",\"dacia\",\"DS\",\"Fiat\",\"Ford\",\"Kia\",\"Nissan\",\"Opel\",\"peugeot\",\"renault\",\"Volkswagen\"],\"articleSection\":[\"Actualit\u00e9 Automobile\"],\"inLanguage\":\"fr-FR\",\"potentialAction\":[{\"@type\":\"CommentAction\",\"name\":\"Comment\",\"target\":[\"https:\\\/\\\/www.autojm.fr\\\/blog\\\/covid-19-retard-dans-la-production-automobile\\\/#respond\"]}]},{\"@type\":\"WebPage\",\"@id\":\"https:\\\/\\\/www.autojm.fr\\\/blog\\\/covid-19-retard-dans-la-production-automobile\\\/\",\"url\":\"https:\\\/\\\/www.autojm.fr\\\/blog\\\/covid-19-retard-dans-la-production-automobile\\\/\",\"name\":\"Covid-19 : retard dans la production automobile - AutoJM Mag\",\"isPartOf\":{\"@id\":\"https:\\\/\\\/www.autojm.fr\\\/blog\\\/#website\"},\"primaryImageOfPage\":{\"@id\":\"https:\\\/\\\/www.autojm.fr\\\/blog\\\/covid-19-retard-dans-la-production-automobile\\\/#primaryimage\"},\"image\":{\"@id\":\"https:\\\/\\\/www.autojm.fr\\\/blog\\\/covid-19-retard-dans-la-production-automobile\\\/#primaryimage\"},\"thumbnailUrl\":\"https:\\\/\\\/www.autojm.fr\\\/blog\\\/wp-content\\\/uploads\\\/2022\\\/10\\\/597.jpg\",\"datePublished\":\"2020-10-23T00:00:00+00:00\",\"dateModified\":\"2023-04-19T12:01:36+00:00\",\"description\":\"La Covid-19 a eu, a, et aura de nombreuses cons\u00e9quences dans tous les secteurs. Dans le domaine de l'automobile, la production est...\",\"breadcrumb\":{\"@id\":\"https:\\\/\\\/www.autojm.fr\\\/blog\\\/covid-19-retard-dans-la-production-automobile\\\/#breadcrumb\"},\"inLanguage\":\"fr-FR\",\"potentialAction\":[{\"@type\":\"ReadAction\",\"target\":[\"https:\\\/\\\/www.autojm.fr\\\/blog\\\/covid-19-retard-dans-la-production-automobile\\\/\"]}]},{\"@type\":\"ImageObject\",\"inLanguage\":\"fr-FR\",\"@id\":\"https:\\\/\\\/www.autojm.fr\\\/blog\\\/covid-19-retard-dans-la-production-automobile\\\/#primaryimage\",\"url\":\"https:\\\/\\\/www.autojm.fr\\\/blog\\\/wp-content\\\/uploads\\\/2022\\\/10\\\/597.jpg\",\"contentUrl\":\"https:\\\/\\\/www.autojm.fr\\\/blog\\\/wp-content\\\/uploads\\\/2022\\\/10\\\/597.jpg\",\"width\":1024,\"height\":465,\"caption\":\"Covid-19\"},{\"@type\":\"BreadcrumbList\",\"@id\":\"https:\\\/\\\/www.autojm.fr\\\/blog\\\/covid-19-retard-dans-la-production-automobile\\\/#breadcrumb\",\"itemListElement\":[{\"@type\":\"ListItem\",\"position\":1,\"name\":\"Accueil\",\"item\":\"https:\\\/\\\/www.autojm.fr\\\/blog\\\/\"},{\"@type\":\"ListItem\",\"position\":2,\"name\":\"Actualit\u00e9 Automobile\",\"item\":\"https:\\\/\\\/www.autojm.fr\\\/blog\\\/actualite-automobile\\\/\"},{\"@type\":\"ListItem\",\"position\":3,\"name\":\"Covid-19 : retard dans la production automobile\"}]},{\"@type\":\"WebSite\",\"@id\":\"https:\\\/\\\/www.autojm.fr\\\/blog\\\/#website\",\"url\":\"https:\\\/\\\/www.autojm.fr\\\/blog\\\/\",\"name\":\"AutoJM Mag\",\"description\":\"Toute l&#039;actu auto en 1 clic !\",\"publisher\":{\"@id\":\"https:\\\/\\\/www.autojm.fr\\\/blog\\\/#organization\"},\"potentialAction\":[{\"@type\":\"SearchAction\",\"target\":{\"@type\":\"EntryPoint\",\"urlTemplate\":\"https:\\\/\\\/www.autojm.fr\\\/blog\\\/?s={search_term_string}\"},\"query-input\":{\"@type\":\"PropertyValueSpecification\",\"valueRequired\":true,\"valueName\":\"search_term_string\"}}],\"inLanguage\":\"fr-FR\"},{\"@type\":\"Organization\",\"@id\":\"https:\\\/\\\/www.autojm.fr\\\/blog\\\/#organization\",\"name\":\"AutoJM Mag\",\"url\":\"https:\\\/\\\/www.autojm.fr\\\/blog\\\/\",\"logo\":{\"@type\":\"ImageObject\",\"inLanguage\":\"fr-FR\",\"@id\":\"https:\\\/\\\/www.autojm.fr\\\/blog\\\/#\\\/schema\\\/logo\\\/image\\\/\",\"url\":\"https:\\\/\\\/www.autojm.fr\\\/blog\\\/wp-content\\\/uploads\\\/2022\\\/12\\\/cropped-AutoJMag-png.png\",\"contentUrl\":\"https:\\\/\\\/www.autojm.fr\\\/blog\\\/wp-content\\\/uploads\\\/2022\\\/12\\\/cropped-AutoJMag-png.png\",\"width\":2834,\"height\":585,\"caption\":\"AutoJM Mag\"},\"image\":{\"@id\":\"https:\\\/\\\/www.autojm.fr\\\/blog\\\/#\\\/schema\\\/logo\\\/image\\\/\"},\"sameAs\":[\"https:\\\/\\\/www.facebook.com\\\/AutoJM25\"]},{\"@type\":\"Person\",\"@id\":\"https:\\\/\\\/www.autojm.fr\\\/blog\\\/#\\\/schema\\\/person\\\/9742bc77541853e0de81fc57f947e1a0\",\"name\":\"Autojm\",\"image\":{\"@type\":\"ImageObject\",\"inLanguage\":\"fr-FR\",\"@id\":\"https:\\\/\\\/secure.gravatar.com\\\/avatar\\\/9a959d52b758fcc232fe4b6aca7bab139182573297122cce7d6f2ee0e537b418?s=96&d=mm&r=g\",\"url\":\"https:\\\/\\\/secure.gravatar.com\\\/avatar\\\/9a959d52b758fcc232fe4b6aca7bab139182573297122cce7d6f2ee0e537b418?s=96&d=mm&r=g\",\"contentUrl\":\"https:\\\/\\\/secure.gravatar.com\\\/avatar\\\/9a959d52b758fcc232fe4b6aca7bab139182573297122cce7d6f2ee0e537b418?s=96&d=mm&r=g\",\"caption\":\"Autojm\"},\"sameAs\":[\"https:\\\/\\\/www.autojm.fr\\\/blog\"],\"url\":\"https:\\\/\\\/www.autojm.fr\\\/blog\\\/author\\\/bichoi\\\/\"}]}<\/script>\n<!-- \/ Yoast SEO plugin. -->","yoast_head_json":{"title":"Covid-19 : retard dans la production automobile - AutoJM Mag","description":"La Covid-19 a eu, a, et aura de nombreuses cons\u00e9quences dans tous les secteurs. Dans le domaine de l'automobile, la production est...","robots":{"index":"index","follow":"follow","max-snippet":"max-snippet:-1","max-image-preview":"max-image-preview:large","max-video-preview":"max-video-preview:-1"},"canonical":"https:\/\/www.autojm.fr\/blog\/covid-19-retard-dans-la-production-automobile\/","og_locale":"fr_FR","og_type":"article","og_title":"Covid-19 : retard dans la production automobile - AutoJM Mag","og_description":"La Covid-19 a eu, a, et aura de nombreuses cons\u00e9quences dans tous les secteurs. Dans le domaine de l'automobile, la production est...","og_url":"https:\/\/www.autojm.fr\/blog\/covid-19-retard-dans-la-production-automobile\/","og_site_name":"AutoJM Mag","article_publisher":"https:\/\/www.facebook.com\/AutoJM25","article_published_time":"2020-10-23T00:00:00+00:00","article_modified_time":"2023-04-19T12:01:36+00:00","og_image":[{"width":1024,"height":465,"url":"https:\/\/www.autojm.fr\/blog\/wp-content\/uploads\/2022\/10\/597.jpg","type":"image\/jpeg"}],"author":"Autojm","twitter_card":"summary_large_image","twitter_misc":{"\u00c9crit par":"Autojm","Dur\u00e9e de lecture estim\u00e9e":"4 minutes"},"schema":{"@context":"https:\/\/schema.org","@graph":[{"@type":"Article","@id":"https:\/\/www.autojm.fr\/blog\/covid-19-retard-dans-la-production-automobile\/#article","isPartOf":{"@id":"https:\/\/www.autojm.fr\/blog\/covid-19-retard-dans-la-production-automobile\/"},"author":{"name":"Autojm","@id":"https:\/\/www.autojm.fr\/blog\/#\/schema\/person\/9742bc77541853e0de81fc57f947e1a0"},"headline":"Covid-19 : retard dans la production automobile","datePublished":"2020-10-23T00:00:00+00:00","dateModified":"2023-04-19T12:01:36+00:00","mainEntityOfPage":{"@id":"https:\/\/www.autojm.fr\/blog\/covid-19-retard-dans-la-production-automobile\/"},"wordCount":622,"commentCount":0,"publisher":{"@id":"https:\/\/www.autojm.fr\/blog\/#organization"},"image":{"@id":"https:\/\/www.autojm.fr\/blog\/covid-19-retard-dans-la-production-automobile\/#primaryimage"},"thumbnailUrl":"https:\/\/www.autojm.fr\/blog\/wp-content\/uploads\/2022\/10\/597.jpg","keywords":["autojm","citroen","dacia","DS","Fiat","Ford","Kia","Nissan","Opel","peugeot","renault","Volkswagen"],"articleSection":["Actualit\u00e9 Automobile"],"inLanguage":"fr-FR","potentialAction":[{"@type":"CommentAction","name":"Comment","target":["https:\/\/www.autojm.fr\/blog\/covid-19-retard-dans-la-production-automobile\/#respond"]}]},{"@type":"WebPage","@id":"https:\/\/www.autojm.fr\/blog\/covid-19-retard-dans-la-production-automobile\/","url":"https:\/\/www.autojm.fr\/blog\/covid-19-retard-dans-la-production-automobile\/","name":"Covid-19 : retard dans la production automobile - AutoJM Mag","isPartOf":{"@id":"https:\/\/www.autojm.fr\/blog\/#website"},"primaryImageOfPage":{"@id":"https:\/\/www.autojm.fr\/blog\/covid-19-retard-dans-la-production-automobile\/#primaryimage"},"image":{"@id":"https:\/\/www.autojm.fr\/blog\/covid-19-retard-dans-la-production-automobile\/#primaryimage"},"thumbnailUrl":"https:\/\/www.autojm.fr\/blog\/wp-content\/uploads\/2022\/10\/597.jpg","datePublished":"2020-10-23T00:00:00+00:00","dateModified":"2023-04-19T12:01:36+00:00","description":"La Covid-19 a eu, a, et aura de nombreuses cons\u00e9quences dans tous les secteurs. Dans le domaine de l'automobile, la production est...","breadcrumb":{"@id":"https:\/\/www.autojm.fr\/blog\/covid-19-retard-dans-la-production-automobile\/#breadcrumb"},"inLanguage":"fr-FR","potentialAction":[{"@type":"ReadAction","target":["https:\/\/www.autojm.fr\/blog\/covid-19-retard-dans-la-production-automobile\/"]}]},{"@type":"ImageObject","inLanguage":"fr-FR","@id":"https:\/\/www.autojm.fr\/blog\/covid-19-retard-dans-la-production-automobile\/#primaryimage","url":"https:\/\/www.autojm.fr\/blog\/wp-content\/uploads\/2022\/10\/597.jpg","contentUrl":"https:\/\/www.autojm.fr\/blog\/wp-content\/uploads\/2022\/10\/597.jpg","width":1024,"height":465,"caption":"Covid-19"},{"@type":"BreadcrumbList","@id":"https:\/\/www.autojm.fr\/blog\/covid-19-retard-dans-la-production-automobile\/#breadcrumb","itemListElement":[{"@type":"ListItem","position":1,"name":"Accueil","item":"https:\/\/www.autojm.fr\/blog\/"},{"@type":"ListItem","position":2,"name":"Actualit\u00e9 Automobile","item":"https:\/\/www.autojm.fr\/blog\/actualite-automobile\/"},{"@type":"ListItem","position":3,"name":"Covid-19 : retard dans la production automobile"}]},{"@type":"WebSite","@id":"https:\/\/www.autojm.fr\/blog\/#website","url":"https:\/\/www.autojm.fr\/blog\/","name":"AutoJM Mag","description":"Toute l&#039;actu auto en 1 clic !","publisher":{"@id":"https:\/\/www.autojm.fr\/blog\/#organization"},"potentialAction":[{"@type":"SearchAction","target":{"@type":"EntryPoint","urlTemplate":"https:\/\/www.autojm.fr\/blog\/?s={search_term_string}"},"query-input":{"@type":"PropertyValueSpecification","valueRequired":true,"valueName":"search_term_string"}}],"inLanguage":"fr-FR"},{"@type":"Organization","@id":"https:\/\/www.autojm.fr\/blog\/#organization","name":"AutoJM Mag","url":"https:\/\/www.autojm.fr\/blog\/","logo":{"@type":"ImageObject","inLanguage":"fr-FR","@id":"https:\/\/www.autojm.fr\/blog\/#\/schema\/logo\/image\/","url":"https:\/\/www.autojm.fr\/blog\/wp-content\/uploads\/2022\/12\/cropped-AutoJMag-png.png","contentUrl":"https:\/\/www.autojm.fr\/blog\/wp-content\/uploads\/2022\/12\/cropped-AutoJMag-png.png","width":2834,"height":585,"caption":"AutoJM Mag"},"image":{"@id":"https:\/\/www.autojm.fr\/blog\/#\/schema\/logo\/image\/"},"sameAs":["https:\/\/www.facebook.com\/AutoJM25"]},{"@type":"Person","@id":"https:\/\/www.autojm.fr\/blog\/#\/schema\/person\/9742bc77541853e0de81fc57f947e1a0","name":"Autojm","image":{"@type":"ImageObject","inLanguage":"fr-FR","@id":"https:\/\/secure.gravatar.com\/avatar\/9a959d52b758fcc232fe4b6aca7bab139182573297122cce7d6f2ee0e537b418?s=96&d=mm&r=g","url":"https:\/\/secure.gravatar.com\/avatar\/9a959d52b758fcc232fe4b6aca7bab139182573297122cce7d6f2ee0e537b418?s=96&d=mm&r=g","contentUrl":"https:\/\/secure.gravatar.com\/avatar\/9a959d52b758fcc232fe4b6aca7bab139182573297122cce7d6f2ee0e537b418?s=96&d=mm&r=g","caption":"Autojm"},"sameAs":["https:\/\/www.autojm.fr\/blog"],"url":"https:\/\/www.autojm.fr\/blog\/author\/bichoi\/"}]}},"_links":{"self":[{"href":"https:\/\/www.autojm.fr\/blog\/wp-json\/wp\/v2\/posts\/3868","targetHints":{"allow":["GET"]}}],"collection":[{"href":"https:\/\/www.autojm.fr\/blog\/wp-json\/wp\/v2\/posts"}],"about":[{"href":"https:\/\/www.autojm.fr\/blog\/wp-json\/wp\/v2\/types\/post"}],"author":[{"embeddable":true,"href":"https:\/\/www.autojm.fr\/blog\/wp-json\/wp\/v2\/users\/1"}],"replies":[{"embeddable":true,"href":"https:\/\/www.autojm.fr\/blog\/wp-json\/wp\/v2\/comments?post=3868"}],"version-history":[{"count":5,"href":"https:\/\/www.autojm.fr\/blog\/wp-json\/wp\/v2\/posts\/3868\/revisions"}],"predecessor-version":[{"id":9535,"href":"https:\/\/www.autojm.fr\/blog\/wp-json\/wp\/v2\/posts\/3868\/revisions\/9535"}],"wp:featuredmedia":[{"embeddable":true,"href":"https:\/\/www.autojm.fr\/blog\/wp-json\/wp\/v2\/media\/5928"}],"wp:attachment":[{"href":"https:\/\/www.autojm.fr\/blog\/wp-json\/wp\/v2\/media?parent=3868"}],"wp:term":[{"taxonomy":"category","embeddable":true,"href":"https:\/\/www.autojm.fr\/blog\/wp-json\/wp\/v2\/categories?post=3868"},{"taxonomy":"post_tag","embeddable":true,"href":"https:\/\/www.autojm.fr\/blog\/wp-json\/wp\/v2\/tags?post=3868"}],"curies":[{"name":"wp","href":"https:\/\/api.w.org\/{rel}","templated":true}]}}