{"id":3866,"date":"2020-10-19T00:00:00","date_gmt":"2020-10-19T00:00:00","guid":{"rendered":"https:\/\/www.autojm.fr\/blog\/renault-megane-evision-le-concept-renault-electrique\/"},"modified":"2023-04-17T14:41:54","modified_gmt":"2023-04-17T14:41:54","slug":"renault-megane-evision-le-concept-renault-electrique","status":"publish","type":"post","link":"https:\/\/www.autojm.fr\/blog\/renault-megane-evision-le-concept-renault-electrique\/","title":{"rendered":"Renault Megane eVision : le concept Renault \u00e9lectrique"},"content":{"rendered":"\n<p><em><span style=\"font-weight: bold;\">Vous \u00eates int\u00e9ress\u00e9 par l&rsquo;achat d&rsquo;un v\u00e9hicule hybride, hybride rechargeable ou \u00e9lectrique ? Consultez notre guide ici: <a tabindex=\"-1\" title=\"https:\/\/www.autojm.fr\/livre-blanc\" href=\"https:\/\/www.autojm.fr\/livre-blanc\" target=\"_blank\" rel=\"noreferrer noopener\">https:\/\/www.autojm.fr\/livre-blanc<\/a><\/span><\/em><\/p>\n\n\n\n<p>Dans un univers automobile qui se tourne de plus en plus vers l&rsquo;\u00e9lectrique et la voiture propre, <strong><a href=\"https:\/\/www.autojm.fr\/mandataire-voitures-neuves-renault?part=blog&amp;utm_source=articleblog191020&amp;utm_medium=blog\">Renault<\/a><\/strong> a d\u00e9voil\u00e9 son tout nouveau Concept Car \u00e9colo. La Megane eVision reprend le nom de la c\u00e9l\u00e8bre berline du constructeur Fran\u00e7ais qui lui avait permis, dans les ann\u00e9es 1990, de se faire une place en Europe. Et pourtant, esth\u00e9tiquement, elle se veut bien diff\u00e9rente. Elle int\u00e8gre la cat\u00e9gorie des berlines compactes, mod\u00e8le le plus populaire du continent. Que sait-on sur l&rsquo;influenceuse des futurs mod\u00e8les \u00e9lectriques de Renault ?<\/p>\n\n\n\n<h2 class=\"wp-block-heading\">Renault eVision : habitacle plus grand que la Renault Megane<\/h2>\n\n\n\n<p>Elle dispose d&rsquo;une longueur inf\u00e9rieure \u00e0 celle de la <strong><a href=\"https:\/\/www.autojm.fr\/achat-voitures-neuves-renault-nouvelle-megane-2020-5p?part=blog&amp;utm_source=articleblog191020&amp;utm_medium=blog\">berline Megane<\/a><\/strong>, mais gagne 4 cm d&#8217;empattement pour proposer un habitacle plus spacieux. Elle reprend le positionnement mi-berline mi-SUV de la Citro\u00ebn C4, d\u00e9voil\u00e9e il y a quelques semaines : elle dispose d&rsquo;une silhouette compacte, presque pos\u00e9e sur le sol comme le serait une <strong>berline<\/strong>. Mais son capot avant bomb\u00e9, ses grandes roues, son large becquet, sa lunette arri\u00e8re inclin\u00e9e et son bas de caisse noir conf\u00e8rent \u00e0 la Megane eVision une carrure de <strong>Crossover<\/strong>. En r\u00e9alit\u00e9, elle s&rsquo;inspire largement du concept <strong>Renault Morphoz<\/strong>, d\u00e9voil\u00e9 au d\u00e9but du mois de mars 2020, dont elle reprend les stries qui s&rsquo;allongent sur toute la largeur de la face avant et sont ici appos\u00e9es du logo, mais \u00e9galement les optiques effil\u00e9s \u00e0 LED qui descendent en forme d&rsquo;\u00e9clair. Le profil montre une absence de poign\u00e9es sur les portes arri\u00e8re du v\u00e9hicule, mais \u00e9galement la pr\u00e9sence d&rsquo;une trappe de recharge sur l&rsquo;aile avant avec une jauge pour v\u00e9rifier facilement le niveau de batterie.<\/p>\n\n\n\n<h2 class=\"wp-block-heading\">Concept eVision : bas\u00e9 sur une motorisation \u00e9lectrique<\/h2>\n\n\n\n<p>Du c\u00f4t\u00e9 des motorisations, le <strong>showcar eVision<\/strong> accueille une version \u00e9lectrique avec une puissance de 160 kW, \u00e9quivalent \u00e0 217 chevaux, dont le 0 \u00e0 100 km\/h se fera en moins de 8 secondes. La batterie a quant \u00e0 elle une capacit\u00e9 de 60 kWh. Gilles Le Borgne, directeur de la section Recherche &amp; D\u00e9veloppement de Renault, a d\u00e9clar\u00e9 qu&rsquo;il y aurait \u00e9galement une version plus l\u00e9g\u00e8re avec une batterie de 40 kWh. L&rsquo;autonomie n&rsquo;a pas \u00e9t\u00e9 r\u00e9v\u00e9l\u00e9e, mais une charge compl\u00e8te devrait couvrir, selon les mots de l&rsquo;Argus \u201cla distance entre Paris et Lyon dans un temps comparable \u00e0 celui mis par un v\u00e9hicule thermique, pauses comprises\u201d.<\/p>\n\n\n\n<h2 class=\"wp-block-heading\">La plateforme CMF-EV : plateforme des v\u00e9hicules \u00e9lectriques du groupe Renault<\/h2>\n\n\n\n<p>La <strong>Renault Megane eVision<\/strong> repose sur la plateforme CMF-EV, inaugur\u00e9e sur le <strong>Nissan Ariya<\/strong> et qui servira \u00e0 la gamme de v\u00e9hicules \u00e9lectriques \u00e0 venir du groupe Renault. Elle permet aux v\u00e9hicules de disposer d&rsquo;un empattement pouvant atteindre 2,77 m\u00e8tres et d&rsquo;une transmission en 4&#215;4.<\/p>\n\n\n\n<p><iframe loading=\"lazy\" src=\"https:\/\/www.youtube.com\/embed\/uEBpOe0w2KM\" width=\"100%\" height=\"315\" allowfullscreen=\"allowfullscreen\"><\/iframe><\/p>\n\n\n\n<h2 class=\"wp-block-heading\">D\u00e9veloppement des v\u00e9hicules \u00e9lectriques : SUV Dacia Spring<\/h2>\n\n\n\n<p>Le groupe Renault fera donc parler de lui avec la sortie de ce mod\u00e8le, en plus du <strong>SUV Dacia Spring<\/strong> d\u00e9voil\u00e9 il y a quelques semaines. Le SUV Dacia sera disponible en motorisation \u00e9lectrique, avec une autonomie proche de 225 kilom\u00e8tres, et deviendra s\u00fbrement le <strong>crossover \u00e9lectrique le moins cher du march\u00e9 fran\u00e7ais<\/strong>.<\/p>\n\n\n\n<p>Le mod\u00e8le \u00e9lectrique inspir\u00e9 de ce concept sera d\u00e9voil\u00e9 au deuxi\u00e8me semestre de 2021, et commercialis\u00e9 au d\u00e9but de l&rsquo;ann\u00e9e 2022. Luca de Meo, directeur g\u00e9n\u00e9ral de Renault depuis le mois de juillet, a d\u00e9clar\u00e9 \u201cce sera notre r\u00e9ponse \u00e0 la nouvelle Volkswagen ID.3\u201d.<\/p>\n","protected":false},"excerpt":{"rendered":"<p>Dans un univers automobile qui se tourne de plus en plus vers l&rsquo;\u00e9lectrique et la voiture propre, Renault a d\u00e9voil\u00e9 son tout nouveau Concept Car \u00e9colo. La Megane eVision reprend le nom de la c\u00e9l\u00e8bre berline du constructeur Fran\u00e7ais qui lui avait permis, dans les ann\u00e9es 1990, de se faire une place en Europe. Et pourtant, esth\u00e9tiquement, elle se veut bien diff\u00e9rente.<\/p>\n","protected":false},"author":1,"featured_media":5926,"comment_status":"open","ping_status":"open","sticky":false,"template":"","format":"standard","meta":{"_acf_changed":false,"content-type":"","footnotes":""},"categories":[62,61],"tags":[90,78,165],"class_list":["post-3866","post","type-post","status-publish","format-standard","has-post-thumbnail","hentry","category-nouveaute-renault","category-nouveautes-autos","tag-autojm","tag-renault","tag-renault-megane-evision"],"acf":[],"yoast_head":"<!-- This site is optimized with the Yoast SEO plugin v27.5 - https:\/\/yoast.com\/product\/yoast-seo-wordpress\/ -->\n<title>Renault Megane eVision : le concept Renault \u00e9lectrique - AutoJM Mag<\/title>\n<meta name=\"description\" content=\"Dans un univers automobile qui se tourne de plus en plus vers l&#039;\u00e9lectrique et la voiture propre, Renault a d\u00e9voil\u00e9 son tout nouveau...\" \/>\n<meta name=\"robots\" content=\"index, follow, max-snippet:-1, max-image-preview:large, max-video-preview:-1\" \/>\n<link rel=\"canonical\" href=\"https:\/\/www.autojm.fr\/blog\/renault-megane-evision-le-concept-renault-electrique\/\" \/>\n<meta property=\"og:locale\" content=\"fr_FR\" \/>\n<meta property=\"og:type\" content=\"article\" \/>\n<meta property=\"og:title\" content=\"Renault Megane eVision : le concept Renault \u00e9lectrique - AutoJM Mag\" \/>\n<meta property=\"og:description\" content=\"Dans un univers automobile qui se tourne de plus en plus vers l&#039;\u00e9lectrique et la voiture propre, Renault a d\u00e9voil\u00e9 son tout nouveau...\" \/>\n<meta property=\"og:url\" content=\"https:\/\/www.autojm.fr\/blog\/renault-megane-evision-le-concept-renault-electrique\/\" \/>\n<meta property=\"og:site_name\" content=\"AutoJM Mag\" \/>\n<meta property=\"article:publisher\" content=\"https:\/\/www.facebook.com\/AutoJM25\" \/>\n<meta property=\"article:published_time\" content=\"2020-10-19T00:00:00+00:00\" \/>\n<meta property=\"article:modified_time\" content=\"2023-04-17T14:41:54+00:00\" \/>\n<meta property=\"og:image\" content=\"https:\/\/www.autojm.fr\/blog\/wp-content\/uploads\/2022\/10\/595-scaled.jpg\" \/>\n\t<meta property=\"og:image:width\" content=\"2560\" \/>\n\t<meta property=\"og:image:height\" content=\"1160\" \/>\n\t<meta property=\"og:image:type\" content=\"image\/jpeg\" \/>\n<meta name=\"author\" content=\"Autojm\" \/>\n<meta name=\"twitter:card\" content=\"summary_large_image\" \/>\n<meta name=\"twitter:label1\" content=\"\u00c9crit par\" \/>\n\t<meta name=\"twitter:data1\" content=\"Autojm\" \/>\n\t<meta name=\"twitter:label2\" content=\"Dur\u00e9e de lecture estim\u00e9e\" \/>\n\t<meta name=\"twitter:data2\" content=\"3 minutes\" \/>\n<script type=\"application\/ld+json\" class=\"yoast-schema-graph\">{\"@context\":\"https:\\\/\\\/schema.org\",\"@graph\":[{\"@type\":\"Article\",\"@id\":\"https:\\\/\\\/www.autojm.fr\\\/blog\\\/renault-megane-evision-le-concept-renault-electrique\\\/#article\",\"isPartOf\":{\"@id\":\"https:\\\/\\\/www.autojm.fr\\\/blog\\\/renault-megane-evision-le-concept-renault-electrique\\\/\"},\"author\":{\"name\":\"Autojm\",\"@id\":\"https:\\\/\\\/www.autojm.fr\\\/blog\\\/#\\\/schema\\\/person\\\/9742bc77541853e0de81fc57f947e1a0\"},\"headline\":\"Renault Megane eVision : le concept Renault \u00e9lectrique\",\"datePublished\":\"2020-10-19T00:00:00+00:00\",\"dateModified\":\"2023-04-17T14:41:54+00:00\",\"mainEntityOfPage\":{\"@id\":\"https:\\\/\\\/www.autojm.fr\\\/blog\\\/renault-megane-evision-le-concept-renault-electrique\\\/\"},\"wordCount\":604,\"commentCount\":0,\"publisher\":{\"@id\":\"https:\\\/\\\/www.autojm.fr\\\/blog\\\/#organization\"},\"image\":{\"@id\":\"https:\\\/\\\/www.autojm.fr\\\/blog\\\/renault-megane-evision-le-concept-renault-electrique\\\/#primaryimage\"},\"thumbnailUrl\":\"https:\\\/\\\/www.autojm.fr\\\/blog\\\/wp-content\\\/uploads\\\/2022\\\/10\\\/595-scaled.jpg\",\"keywords\":[\"autojm\",\"renault\",\"Renault Megane eVision\"],\"articleSection\":[\"Nouveaut\u00e9 Renault\",\"Nouveaut\u00e9s Autos\"],\"inLanguage\":\"fr-FR\",\"potentialAction\":[{\"@type\":\"CommentAction\",\"name\":\"Comment\",\"target\":[\"https:\\\/\\\/www.autojm.fr\\\/blog\\\/renault-megane-evision-le-concept-renault-electrique\\\/#respond\"]}]},{\"@type\":\"WebPage\",\"@id\":\"https:\\\/\\\/www.autojm.fr\\\/blog\\\/renault-megane-evision-le-concept-renault-electrique\\\/\",\"url\":\"https:\\\/\\\/www.autojm.fr\\\/blog\\\/renault-megane-evision-le-concept-renault-electrique\\\/\",\"name\":\"Renault Megane eVision : le concept Renault \u00e9lectrique - AutoJM Mag\",\"isPartOf\":{\"@id\":\"https:\\\/\\\/www.autojm.fr\\\/blog\\\/#website\"},\"primaryImageOfPage\":{\"@id\":\"https:\\\/\\\/www.autojm.fr\\\/blog\\\/renault-megane-evision-le-concept-renault-electrique\\\/#primaryimage\"},\"image\":{\"@id\":\"https:\\\/\\\/www.autojm.fr\\\/blog\\\/renault-megane-evision-le-concept-renault-electrique\\\/#primaryimage\"},\"thumbnailUrl\":\"https:\\\/\\\/www.autojm.fr\\\/blog\\\/wp-content\\\/uploads\\\/2022\\\/10\\\/595-scaled.jpg\",\"datePublished\":\"2020-10-19T00:00:00+00:00\",\"dateModified\":\"2023-04-17T14:41:54+00:00\",\"description\":\"Dans un univers automobile qui se tourne de plus en plus vers l'\u00e9lectrique et la voiture propre, Renault a d\u00e9voil\u00e9 son tout nouveau...\",\"breadcrumb\":{\"@id\":\"https:\\\/\\\/www.autojm.fr\\\/blog\\\/renault-megane-evision-le-concept-renault-electrique\\\/#breadcrumb\"},\"inLanguage\":\"fr-FR\",\"potentialAction\":[{\"@type\":\"ReadAction\",\"target\":[\"https:\\\/\\\/www.autojm.fr\\\/blog\\\/renault-megane-evision-le-concept-renault-electrique\\\/\"]}]},{\"@type\":\"ImageObject\",\"inLanguage\":\"fr-FR\",\"@id\":\"https:\\\/\\\/www.autojm.fr\\\/blog\\\/renault-megane-evision-le-concept-renault-electrique\\\/#primaryimage\",\"url\":\"https:\\\/\\\/www.autojm.fr\\\/blog\\\/wp-content\\\/uploads\\\/2022\\\/10\\\/595-scaled.jpg\",\"contentUrl\":\"https:\\\/\\\/www.autojm.fr\\\/blog\\\/wp-content\\\/uploads\\\/2022\\\/10\\\/595-scaled.jpg\",\"width\":2560,\"height\":1160,\"caption\":\"Renault Megane eVision\"},{\"@type\":\"BreadcrumbList\",\"@id\":\"https:\\\/\\\/www.autojm.fr\\\/blog\\\/renault-megane-evision-le-concept-renault-electrique\\\/#breadcrumb\",\"itemListElement\":[{\"@type\":\"ListItem\",\"position\":1,\"name\":\"Accueil\",\"item\":\"https:\\\/\\\/www.autojm.fr\\\/blog\\\/\"},{\"@type\":\"ListItem\",\"position\":2,\"name\":\"Nouveaut\u00e9s Autos\",\"item\":\"https:\\\/\\\/www.autojm.fr\\\/blog\\\/nouveautes-autos\\\/\"},{\"@type\":\"ListItem\",\"position\":3,\"name\":\"Renault Megane eVision : le concept Renault \u00e9lectrique\"}]},{\"@type\":\"WebSite\",\"@id\":\"https:\\\/\\\/www.autojm.fr\\\/blog\\\/#website\",\"url\":\"https:\\\/\\\/www.autojm.fr\\\/blog\\\/\",\"name\":\"AutoJM Mag\",\"description\":\"Toute l&#039;actu auto en 1 clic !\",\"publisher\":{\"@id\":\"https:\\\/\\\/www.autojm.fr\\\/blog\\\/#organization\"},\"potentialAction\":[{\"@type\":\"SearchAction\",\"target\":{\"@type\":\"EntryPoint\",\"urlTemplate\":\"https:\\\/\\\/www.autojm.fr\\\/blog\\\/?s={search_term_string}\"},\"query-input\":{\"@type\":\"PropertyValueSpecification\",\"valueRequired\":true,\"valueName\":\"search_term_string\"}}],\"inLanguage\":\"fr-FR\"},{\"@type\":\"Organization\",\"@id\":\"https:\\\/\\\/www.autojm.fr\\\/blog\\\/#organization\",\"name\":\"AutoJM Mag\",\"url\":\"https:\\\/\\\/www.autojm.fr\\\/blog\\\/\",\"logo\":{\"@type\":\"ImageObject\",\"inLanguage\":\"fr-FR\",\"@id\":\"https:\\\/\\\/www.autojm.fr\\\/blog\\\/#\\\/schema\\\/logo\\\/image\\\/\",\"url\":\"https:\\\/\\\/www.autojm.fr\\\/blog\\\/wp-content\\\/uploads\\\/2022\\\/12\\\/cropped-AutoJMag-png.png\",\"contentUrl\":\"https:\\\/\\\/www.autojm.fr\\\/blog\\\/wp-content\\\/uploads\\\/2022\\\/12\\\/cropped-AutoJMag-png.png\",\"width\":2834,\"height\":585,\"caption\":\"AutoJM Mag\"},\"image\":{\"@id\":\"https:\\\/\\\/www.autojm.fr\\\/blog\\\/#\\\/schema\\\/logo\\\/image\\\/\"},\"sameAs\":[\"https:\\\/\\\/www.facebook.com\\\/AutoJM25\"]},{\"@type\":\"Person\",\"@id\":\"https:\\\/\\\/www.autojm.fr\\\/blog\\\/#\\\/schema\\\/person\\\/9742bc77541853e0de81fc57f947e1a0\",\"name\":\"Autojm\",\"image\":{\"@type\":\"ImageObject\",\"inLanguage\":\"fr-FR\",\"@id\":\"https:\\\/\\\/secure.gravatar.com\\\/avatar\\\/9a959d52b758fcc232fe4b6aca7bab139182573297122cce7d6f2ee0e537b418?s=96&d=mm&r=g\",\"url\":\"https:\\\/\\\/secure.gravatar.com\\\/avatar\\\/9a959d52b758fcc232fe4b6aca7bab139182573297122cce7d6f2ee0e537b418?s=96&d=mm&r=g\",\"contentUrl\":\"https:\\\/\\\/secure.gravatar.com\\\/avatar\\\/9a959d52b758fcc232fe4b6aca7bab139182573297122cce7d6f2ee0e537b418?s=96&d=mm&r=g\",\"caption\":\"Autojm\"},\"sameAs\":[\"https:\\\/\\\/www.autojm.fr\\\/blog\"],\"url\":\"https:\\\/\\\/www.autojm.fr\\\/blog\\\/author\\\/bichoi\\\/\"}]}<\/script>\n<!-- \/ Yoast SEO plugin. -->","yoast_head_json":{"title":"Renault Megane eVision : le concept Renault \u00e9lectrique - AutoJM Mag","description":"Dans un univers automobile qui se tourne de plus en plus vers l'\u00e9lectrique et la voiture propre, Renault a d\u00e9voil\u00e9 son tout nouveau...","robots":{"index":"index","follow":"follow","max-snippet":"max-snippet:-1","max-image-preview":"max-image-preview:large","max-video-preview":"max-video-preview:-1"},"canonical":"https:\/\/www.autojm.fr\/blog\/renault-megane-evision-le-concept-renault-electrique\/","og_locale":"fr_FR","og_type":"article","og_title":"Renault Megane eVision : le concept Renault \u00e9lectrique - AutoJM Mag","og_description":"Dans un univers automobile qui se tourne de plus en plus vers l'\u00e9lectrique et la voiture propre, Renault a d\u00e9voil\u00e9 son tout nouveau...","og_url":"https:\/\/www.autojm.fr\/blog\/renault-megane-evision-le-concept-renault-electrique\/","og_site_name":"AutoJM Mag","article_publisher":"https:\/\/www.facebook.com\/AutoJM25","article_published_time":"2020-10-19T00:00:00+00:00","article_modified_time":"2023-04-17T14:41:54+00:00","og_image":[{"width":2560,"height":1160,"url":"https:\/\/www.autojm.fr\/blog\/wp-content\/uploads\/2022\/10\/595-scaled.jpg","type":"image\/jpeg"}],"author":"Autojm","twitter_card":"summary_large_image","twitter_misc":{"\u00c9crit par":"Autojm","Dur\u00e9e de lecture estim\u00e9e":"3 minutes"},"schema":{"@context":"https:\/\/schema.org","@graph":[{"@type":"Article","@id":"https:\/\/www.autojm.fr\/blog\/renault-megane-evision-le-concept-renault-electrique\/#article","isPartOf":{"@id":"https:\/\/www.autojm.fr\/blog\/renault-megane-evision-le-concept-renault-electrique\/"},"author":{"name":"Autojm","@id":"https:\/\/www.autojm.fr\/blog\/#\/schema\/person\/9742bc77541853e0de81fc57f947e1a0"},"headline":"Renault Megane eVision : le concept Renault \u00e9lectrique","datePublished":"2020-10-19T00:00:00+00:00","dateModified":"2023-04-17T14:41:54+00:00","mainEntityOfPage":{"@id":"https:\/\/www.autojm.fr\/blog\/renault-megane-evision-le-concept-renault-electrique\/"},"wordCount":604,"commentCount":0,"publisher":{"@id":"https:\/\/www.autojm.fr\/blog\/#organization"},"image":{"@id":"https:\/\/www.autojm.fr\/blog\/renault-megane-evision-le-concept-renault-electrique\/#primaryimage"},"thumbnailUrl":"https:\/\/www.autojm.fr\/blog\/wp-content\/uploads\/2022\/10\/595-scaled.jpg","keywords":["autojm","renault","Renault Megane eVision"],"articleSection":["Nouveaut\u00e9 Renault","Nouveaut\u00e9s Autos"],"inLanguage":"fr-FR","potentialAction":[{"@type":"CommentAction","name":"Comment","target":["https:\/\/www.autojm.fr\/blog\/renault-megane-evision-le-concept-renault-electrique\/#respond"]}]},{"@type":"WebPage","@id":"https:\/\/www.autojm.fr\/blog\/renault-megane-evision-le-concept-renault-electrique\/","url":"https:\/\/www.autojm.fr\/blog\/renault-megane-evision-le-concept-renault-electrique\/","name":"Renault Megane eVision : le concept Renault \u00e9lectrique - AutoJM Mag","isPartOf":{"@id":"https:\/\/www.autojm.fr\/blog\/#website"},"primaryImageOfPage":{"@id":"https:\/\/www.autojm.fr\/blog\/renault-megane-evision-le-concept-renault-electrique\/#primaryimage"},"image":{"@id":"https:\/\/www.autojm.fr\/blog\/renault-megane-evision-le-concept-renault-electrique\/#primaryimage"},"thumbnailUrl":"https:\/\/www.autojm.fr\/blog\/wp-content\/uploads\/2022\/10\/595-scaled.jpg","datePublished":"2020-10-19T00:00:00+00:00","dateModified":"2023-04-17T14:41:54+00:00","description":"Dans un univers automobile qui se tourne de plus en plus vers l'\u00e9lectrique et la voiture propre, Renault a d\u00e9voil\u00e9 son tout nouveau...","breadcrumb":{"@id":"https:\/\/www.autojm.fr\/blog\/renault-megane-evision-le-concept-renault-electrique\/#breadcrumb"},"inLanguage":"fr-FR","potentialAction":[{"@type":"ReadAction","target":["https:\/\/www.autojm.fr\/blog\/renault-megane-evision-le-concept-renault-electrique\/"]}]},{"@type":"ImageObject","inLanguage":"fr-FR","@id":"https:\/\/www.autojm.fr\/blog\/renault-megane-evision-le-concept-renault-electrique\/#primaryimage","url":"https:\/\/www.autojm.fr\/blog\/wp-content\/uploads\/2022\/10\/595-scaled.jpg","contentUrl":"https:\/\/www.autojm.fr\/blog\/wp-content\/uploads\/2022\/10\/595-scaled.jpg","width":2560,"height":1160,"caption":"Renault Megane eVision"},{"@type":"BreadcrumbList","@id":"https:\/\/www.autojm.fr\/blog\/renault-megane-evision-le-concept-renault-electrique\/#breadcrumb","itemListElement":[{"@type":"ListItem","position":1,"name":"Accueil","item":"https:\/\/www.autojm.fr\/blog\/"},{"@type":"ListItem","position":2,"name":"Nouveaut\u00e9s Autos","item":"https:\/\/www.autojm.fr\/blog\/nouveautes-autos\/"},{"@type":"ListItem","position":3,"name":"Renault Megane eVision : le concept Renault \u00e9lectrique"}]},{"@type":"WebSite","@id":"https:\/\/www.autojm.fr\/blog\/#website","url":"https:\/\/www.autojm.fr\/blog\/","name":"AutoJM Mag","description":"Toute l&#039;actu auto en 1 clic !","publisher":{"@id":"https:\/\/www.autojm.fr\/blog\/#organization"},"potentialAction":[{"@type":"SearchAction","target":{"@type":"EntryPoint","urlTemplate":"https:\/\/www.autojm.fr\/blog\/?s={search_term_string}"},"query-input":{"@type":"PropertyValueSpecification","valueRequired":true,"valueName":"search_term_string"}}],"inLanguage":"fr-FR"},{"@type":"Organization","@id":"https:\/\/www.autojm.fr\/blog\/#organization","name":"AutoJM Mag","url":"https:\/\/www.autojm.fr\/blog\/","logo":{"@type":"ImageObject","inLanguage":"fr-FR","@id":"https:\/\/www.autojm.fr\/blog\/#\/schema\/logo\/image\/","url":"https:\/\/www.autojm.fr\/blog\/wp-content\/uploads\/2022\/12\/cropped-AutoJMag-png.png","contentUrl":"https:\/\/www.autojm.fr\/blog\/wp-content\/uploads\/2022\/12\/cropped-AutoJMag-png.png","width":2834,"height":585,"caption":"AutoJM Mag"},"image":{"@id":"https:\/\/www.autojm.fr\/blog\/#\/schema\/logo\/image\/"},"sameAs":["https:\/\/www.facebook.com\/AutoJM25"]},{"@type":"Person","@id":"https:\/\/www.autojm.fr\/blog\/#\/schema\/person\/9742bc77541853e0de81fc57f947e1a0","name":"Autojm","image":{"@type":"ImageObject","inLanguage":"fr-FR","@id":"https:\/\/secure.gravatar.com\/avatar\/9a959d52b758fcc232fe4b6aca7bab139182573297122cce7d6f2ee0e537b418?s=96&d=mm&r=g","url":"https:\/\/secure.gravatar.com\/avatar\/9a959d52b758fcc232fe4b6aca7bab139182573297122cce7d6f2ee0e537b418?s=96&d=mm&r=g","contentUrl":"https:\/\/secure.gravatar.com\/avatar\/9a959d52b758fcc232fe4b6aca7bab139182573297122cce7d6f2ee0e537b418?s=96&d=mm&r=g","caption":"Autojm"},"sameAs":["https:\/\/www.autojm.fr\/blog"],"url":"https:\/\/www.autojm.fr\/blog\/author\/bichoi\/"}]}},"_links":{"self":[{"href":"https:\/\/www.autojm.fr\/blog\/wp-json\/wp\/v2\/posts\/3866","targetHints":{"allow":["GET"]}}],"collection":[{"href":"https:\/\/www.autojm.fr\/blog\/wp-json\/wp\/v2\/posts"}],"about":[{"href":"https:\/\/www.autojm.fr\/blog\/wp-json\/wp\/v2\/types\/post"}],"author":[{"embeddable":true,"href":"https:\/\/www.autojm.fr\/blog\/wp-json\/wp\/v2\/users\/1"}],"replies":[{"embeddable":true,"href":"https:\/\/www.autojm.fr\/blog\/wp-json\/wp\/v2\/comments?post=3866"}],"version-history":[{"count":6,"href":"https:\/\/www.autojm.fr\/blog\/wp-json\/wp\/v2\/posts\/3866\/revisions"}],"predecessor-version":[{"id":9186,"href":"https:\/\/www.autojm.fr\/blog\/wp-json\/wp\/v2\/posts\/3866\/revisions\/9186"}],"wp:featuredmedia":[{"embeddable":true,"href":"https:\/\/www.autojm.fr\/blog\/wp-json\/wp\/v2\/media\/5926"}],"wp:attachment":[{"href":"https:\/\/www.autojm.fr\/blog\/wp-json\/wp\/v2\/media?parent=3866"}],"wp:term":[{"taxonomy":"category","embeddable":true,"href":"https:\/\/www.autojm.fr\/blog\/wp-json\/wp\/v2\/categories?post=3866"},{"taxonomy":"post_tag","embeddable":true,"href":"https:\/\/www.autojm.fr\/blog\/wp-json\/wp\/v2\/tags?post=3866"}],"curies":[{"name":"wp","href":"https:\/\/api.w.org\/{rel}","templated":true}]}}