{"id":3862,"date":"2020-10-06T00:00:00","date_gmt":"2020-10-06T00:00:00","guid":{"rendered":"https:\/\/www.autojm.fr\/blog\/renault-arkana-le-suv-coupe-debarque-en-europe\/"},"modified":"2023-04-17T14:42:30","modified_gmt":"2023-04-17T14:42:30","slug":"renault-arkana-le-suv-coupe-debarque-en-europe","status":"publish","type":"post","link":"https:\/\/www.autojm.fr\/blog\/renault-arkana-le-suv-coupe-debarque-en-europe\/","title":{"rendered":"Renault Arkana : le SUV coup\u00e9 d\u00e9barque en Europe"},"content":{"rendered":"<p>R\u00e9v\u00e9l\u00e9 au salon de Moscou en 2018, le SUV coup\u00e9 Renault Arkana \u00e9tait initialement destin\u00e9 au march\u00e9 Russe. Produit en Russie, il est d\u00e9velopp\u00e9 sur la plateforme du Dacia Duster pour lui permettre d&rsquo;accueillir la transmission int\u00e9grale. Mais il y a quelques semaines, <strong><a href=\"https:\/\/www.autojm.fr\/mandataire-voitures-neuves-renault?part=blog&amp;utm_source=articleblog061020&amp;utm_medium=blog\">Renault<\/a><\/strong> annon\u00e7ait l&rsquo;arriv\u00e9e du Renault Arkana sur le march\u00e9 Europ\u00e9en pour 2021. Que sait-on de ce mod\u00e8le et quels seront ses atouts ?<\/p>\n<h2>Renault Arkana : 4,56 m\u00e8tres de longueur pour le SUV coup\u00e9<\/h2>\n<p>Du c\u00f4t\u00e9 des dimensions, le <strong>Renault Arkana<\/strong> dispose d&rsquo;un gabarit imposant gr\u00e2ce \u00e0 ses 4,56 m\u00e8tres de longueur, soit 8 cm de plus que le <a href=\"https:\/\/www.autojm.fr\/mandataire-voitures-neuves-renault\"><strong>Renault Kadjar<\/strong><\/a> et 33cm de plus que le <a href=\"https:\/\/www.autojm.fr\/achat-voitures-neuves-renault-captur-2019-5p?part=blog&amp;utm_source=articleblog061020&amp;utm_medium=blog\"><strong>Renault Captur<\/strong><\/a>. Le coffre offre un volume de 513 litres sous tablette, mais qui passe \u00e0 438 litres sur la version <strong>hybride E-tech<\/strong>. Le Renault Arkana se d\u00e9crit comme un <strong>SUV crois\u00e9 avec un coup\u00e9<\/strong> : il s&rsquo;\u00e9tire tout en longueur comme un coup\u00e9, mais il prend de la hauteur comme un SUV.<br \/>\nLe SUV coup\u00e9 Renault pr\u00e9sente les m\u00eames blocs optiques arri\u00e8re que la Renault Talisman, et adopte une silhouette bomb\u00e9e et un toit fuyant qui se prolonge jusqu&rsquo;au coffre.<\/p>\n<h2>Un int\u00e9rieur inspir\u00e9 du Renault Captur<\/h2>\n<p>\u00c0 l&rsquo;int\u00e9rieur, le mod\u00e8le Arkana s&rsquo;est inspir\u00e9 des v\u00e9hicules <a href=\"https:\/\/www.autojm.fr\/achat-voitures-neuves-renault-clio-5-5p?part=blog&amp;utm_source=articleblog061020&amp;utm_medium=blog\"><strong>Renault Clio 5<\/strong><\/a> et <strong>Renault Captur<\/strong> : on retrouve la planche de bord avec les affichages num\u00e9riques, la tablette centrale tactile de 9,3 pouces (finition haut de gamme) et un \u00e9cran derri\u00e8re le volant de 10,2 pouces. Le syst\u00e8me multim\u00e9dia Easy Link \u00e9quipe \u00e9galement le SUV coup\u00e9 qui offre la compatibilit\u00e9 avec Android Auto et Apple Car Play.<\/p>\n<h2>Quelles aides \u00e0 la conduite dans le Renault Arkana ?<\/h2>\n<p>Du c\u00f4t\u00e9 des aides \u00e0 la conduite, le <strong>SUV Renault Arkana<\/strong> est \u00e9quip\u00e9 du freinage automatique d&rsquo;urgence avec d\u00e9tection des pi\u00e9tons et cyclistes, de l&rsquo;aide au maintien dans la voie, du r\u00e9gulateur de vitesse adaptatif actif jusqu&rsquo;\u00e0 l&rsquo;arr\u00eat, de cam\u00e9ras 360\u00b0 ou encore de la d\u00e9tection du trafic arri\u00e8re, une aide qui permet au conducteur d&rsquo;\u00eatre averti d&rsquo;un danger ou de la pr\u00e9sence d&rsquo;un objet\/pi\u00e9ton lors d&rsquo;une manoeuvre en marche arri\u00e8re par exemple. Comme tout v\u00e9hicule moderne, le Renault Arkana dispose d&rsquo;un syst\u00e8me de conduite autonome de niveau 2 qui intervient pour g\u00e9rer la vitesse sur le trafic et sur autoroute.<\/p>\n<h2>Renault Arkana hybride E-tech<\/h2>\n<p>Enfin, les motorisations d\u00e9clin\u00e9es sur le <strong>Renault Arkana<\/strong> comprennent deux mod\u00e8les essence 1,3 litres de 140 et 160 associ\u00e9s \u00e0 une bo\u00eete \u00e0 double embrayage EDC. Ils sont coupl\u00e9s \u00e0 une technologie micro-hybridation avec un alterno-d\u00e9marreur et deux batteries de 12V. Il y aura \u00e9galement une version <strong>hybride E-tech<\/strong> avec le moteur 4 cylindres 1,6 litres de 91 chevaux repris \u00e0 Nissan et coupl\u00e9 \u00e0 deux moteurs \u00e9lectriques, un alterno-d\u00e9marreur de 15 kW et un moteur \u00e9lectrique de 48 ch. Cette derni\u00e8re version offrira l&rsquo;\u00e9quivalent de 140 chevaux au Renault Arkana.<\/p>\n<p>Le <strong>SUV Coup\u00e9 de Renault<\/strong> fera son entr\u00e9e en Europe au printemps 2021. Reste \u00e0 savoir s&rsquo;il conna\u00eetra le succ\u00e8s escompt\u00e9 par le constructeur au losange qui fait face \u00e0 des <strong>difficult\u00e9s \u00e9conomiques importantes<\/strong> depuis quelques mois.<\/p>\n","protected":false},"excerpt":{"rendered":"<p>R\u00e9v\u00e9l\u00e9 au salon de Moscou en 2018, le SUV coup\u00e9 Renault Arkana \u00e9tait initialement destin\u00e9 au march\u00e9 Russe. Produit en Russie, il est d\u00e9velopp\u00e9 sur la plateforme du Dacia Duster pour lui permettre d&rsquo;accueillir la transmission int\u00e9grale.<\/p>\n","protected":false},"author":1,"featured_media":5922,"comment_status":"open","ping_status":"open","sticky":false,"template":"","format":"standard","meta":{"_acf_changed":false,"content-type":"","footnotes":""},"categories":[62,61],"tags":[90,78,142],"class_list":["post-3862","post","type-post","status-publish","format-standard","has-post-thumbnail","hentry","category-nouveaute-renault","category-nouveautes-autos","tag-autojm","tag-renault","tag-renault-arkana"],"acf":[],"yoast_head":"<!-- This site is optimized with the Yoast SEO plugin v27.5 - https:\/\/yoast.com\/product\/yoast-seo-wordpress\/ -->\n<title>Renault Arkana : le SUV coup\u00e9 d\u00e9barque en Europe - AutoJM Mag<\/title>\n<meta name=\"description\" content=\"R\u00e9v\u00e9l\u00e9 au salon de Moscou en 2018, le SUV Coup\u00e9 Renault Arkana \u00e9tait initialement destin\u00e9 au march\u00e9 Russe. Produit en Russie, il est...\" \/>\n<meta name=\"robots\" content=\"index, follow, max-snippet:-1, max-image-preview:large, max-video-preview:-1\" \/>\n<link rel=\"canonical\" href=\"https:\/\/www.autojm.fr\/blog\/renault-arkana-le-suv-coupe-debarque-en-europe\/\" \/>\n<meta property=\"og:locale\" content=\"fr_FR\" \/>\n<meta property=\"og:type\" content=\"article\" \/>\n<meta property=\"og:title\" content=\"Renault Arkana : le SUV coup\u00e9 d\u00e9barque en Europe - AutoJM Mag\" \/>\n<meta property=\"og:description\" content=\"R\u00e9v\u00e9l\u00e9 au salon de Moscou en 2018, le SUV Coup\u00e9 Renault Arkana \u00e9tait initialement destin\u00e9 au march\u00e9 Russe. Produit en Russie, il est...\" \/>\n<meta property=\"og:url\" content=\"https:\/\/www.autojm.fr\/blog\/renault-arkana-le-suv-coupe-debarque-en-europe\/\" \/>\n<meta property=\"og:site_name\" content=\"AutoJM Mag\" \/>\n<meta property=\"article:publisher\" content=\"https:\/\/www.facebook.com\/AutoJM25\" \/>\n<meta property=\"article:published_time\" content=\"2020-10-06T00:00:00+00:00\" \/>\n<meta property=\"article:modified_time\" content=\"2023-04-17T14:42:30+00:00\" \/>\n<meta property=\"og:image\" content=\"https:\/\/www.autojm.fr\/blog\/wp-content\/uploads\/2022\/10\/591.jpg\" \/>\n\t<meta property=\"og:image:width\" content=\"1024\" \/>\n\t<meta property=\"og:image:height\" content=\"465\" \/>\n\t<meta property=\"og:image:type\" content=\"image\/jpeg\" \/>\n<meta name=\"author\" content=\"Autojm\" \/>\n<meta name=\"twitter:card\" content=\"summary_large_image\" \/>\n<meta name=\"twitter:label1\" content=\"\u00c9crit par\" \/>\n\t<meta name=\"twitter:data1\" content=\"Autojm\" \/>\n\t<meta name=\"twitter:label2\" content=\"Dur\u00e9e de lecture estim\u00e9e\" \/>\n\t<meta name=\"twitter:data2\" content=\"3 minutes\" \/>\n<script type=\"application\/ld+json\" class=\"yoast-schema-graph\">{\"@context\":\"https:\\\/\\\/schema.org\",\"@graph\":[{\"@type\":\"Article\",\"@id\":\"https:\\\/\\\/www.autojm.fr\\\/blog\\\/renault-arkana-le-suv-coupe-debarque-en-europe\\\/#article\",\"isPartOf\":{\"@id\":\"https:\\\/\\\/www.autojm.fr\\\/blog\\\/renault-arkana-le-suv-coupe-debarque-en-europe\\\/\"},\"author\":{\"name\":\"Autojm\",\"@id\":\"https:\\\/\\\/www.autojm.fr\\\/blog\\\/#\\\/schema\\\/person\\\/9742bc77541853e0de81fc57f947e1a0\"},\"headline\":\"Renault Arkana : le SUV coup\u00e9 d\u00e9barque en Europe\",\"datePublished\":\"2020-10-06T00:00:00+00:00\",\"dateModified\":\"2023-04-17T14:42:30+00:00\",\"mainEntityOfPage\":{\"@id\":\"https:\\\/\\\/www.autojm.fr\\\/blog\\\/renault-arkana-le-suv-coupe-debarque-en-europe\\\/\"},\"wordCount\":533,\"commentCount\":0,\"publisher\":{\"@id\":\"https:\\\/\\\/www.autojm.fr\\\/blog\\\/#organization\"},\"image\":{\"@id\":\"https:\\\/\\\/www.autojm.fr\\\/blog\\\/renault-arkana-le-suv-coupe-debarque-en-europe\\\/#primaryimage\"},\"thumbnailUrl\":\"https:\\\/\\\/www.autojm.fr\\\/blog\\\/wp-content\\\/uploads\\\/2022\\\/10\\\/591.jpg\",\"keywords\":[\"autojm\",\"renault\",\"Renault Arkana\"],\"articleSection\":[\"Nouveaut\u00e9 Renault\",\"Nouveaut\u00e9s Autos\"],\"inLanguage\":\"fr-FR\",\"potentialAction\":[{\"@type\":\"CommentAction\",\"name\":\"Comment\",\"target\":[\"https:\\\/\\\/www.autojm.fr\\\/blog\\\/renault-arkana-le-suv-coupe-debarque-en-europe\\\/#respond\"]}]},{\"@type\":\"WebPage\",\"@id\":\"https:\\\/\\\/www.autojm.fr\\\/blog\\\/renault-arkana-le-suv-coupe-debarque-en-europe\\\/\",\"url\":\"https:\\\/\\\/www.autojm.fr\\\/blog\\\/renault-arkana-le-suv-coupe-debarque-en-europe\\\/\",\"name\":\"Renault Arkana : le SUV coup\u00e9 d\u00e9barque en Europe - AutoJM Mag\",\"isPartOf\":{\"@id\":\"https:\\\/\\\/www.autojm.fr\\\/blog\\\/#website\"},\"primaryImageOfPage\":{\"@id\":\"https:\\\/\\\/www.autojm.fr\\\/blog\\\/renault-arkana-le-suv-coupe-debarque-en-europe\\\/#primaryimage\"},\"image\":{\"@id\":\"https:\\\/\\\/www.autojm.fr\\\/blog\\\/renault-arkana-le-suv-coupe-debarque-en-europe\\\/#primaryimage\"},\"thumbnailUrl\":\"https:\\\/\\\/www.autojm.fr\\\/blog\\\/wp-content\\\/uploads\\\/2022\\\/10\\\/591.jpg\",\"datePublished\":\"2020-10-06T00:00:00+00:00\",\"dateModified\":\"2023-04-17T14:42:30+00:00\",\"description\":\"R\u00e9v\u00e9l\u00e9 au salon de Moscou en 2018, le SUV Coup\u00e9 Renault Arkana \u00e9tait initialement destin\u00e9 au march\u00e9 Russe. Produit en Russie, il est...\",\"breadcrumb\":{\"@id\":\"https:\\\/\\\/www.autojm.fr\\\/blog\\\/renault-arkana-le-suv-coupe-debarque-en-europe\\\/#breadcrumb\"},\"inLanguage\":\"fr-FR\",\"potentialAction\":[{\"@type\":\"ReadAction\",\"target\":[\"https:\\\/\\\/www.autojm.fr\\\/blog\\\/renault-arkana-le-suv-coupe-debarque-en-europe\\\/\"]}]},{\"@type\":\"ImageObject\",\"inLanguage\":\"fr-FR\",\"@id\":\"https:\\\/\\\/www.autojm.fr\\\/blog\\\/renault-arkana-le-suv-coupe-debarque-en-europe\\\/#primaryimage\",\"url\":\"https:\\\/\\\/www.autojm.fr\\\/blog\\\/wp-content\\\/uploads\\\/2022\\\/10\\\/591.jpg\",\"contentUrl\":\"https:\\\/\\\/www.autojm.fr\\\/blog\\\/wp-content\\\/uploads\\\/2022\\\/10\\\/591.jpg\",\"width\":1024,\"height\":465,\"caption\":\"Renault Arkana\"},{\"@type\":\"BreadcrumbList\",\"@id\":\"https:\\\/\\\/www.autojm.fr\\\/blog\\\/renault-arkana-le-suv-coupe-debarque-en-europe\\\/#breadcrumb\",\"itemListElement\":[{\"@type\":\"ListItem\",\"position\":1,\"name\":\"Accueil\",\"item\":\"https:\\\/\\\/www.autojm.fr\\\/blog\\\/\"},{\"@type\":\"ListItem\",\"position\":2,\"name\":\"Nouveaut\u00e9s Autos\",\"item\":\"https:\\\/\\\/www.autojm.fr\\\/blog\\\/nouveautes-autos\\\/\"},{\"@type\":\"ListItem\",\"position\":3,\"name\":\"Renault Arkana : le SUV coup\u00e9 d\u00e9barque en Europe\"}]},{\"@type\":\"WebSite\",\"@id\":\"https:\\\/\\\/www.autojm.fr\\\/blog\\\/#website\",\"url\":\"https:\\\/\\\/www.autojm.fr\\\/blog\\\/\",\"name\":\"AutoJM Mag\",\"description\":\"Toute l&#039;actu auto en 1 clic !\",\"publisher\":{\"@id\":\"https:\\\/\\\/www.autojm.fr\\\/blog\\\/#organization\"},\"potentialAction\":[{\"@type\":\"SearchAction\",\"target\":{\"@type\":\"EntryPoint\",\"urlTemplate\":\"https:\\\/\\\/www.autojm.fr\\\/blog\\\/?s={search_term_string}\"},\"query-input\":{\"@type\":\"PropertyValueSpecification\",\"valueRequired\":true,\"valueName\":\"search_term_string\"}}],\"inLanguage\":\"fr-FR\"},{\"@type\":\"Organization\",\"@id\":\"https:\\\/\\\/www.autojm.fr\\\/blog\\\/#organization\",\"name\":\"AutoJM Mag\",\"url\":\"https:\\\/\\\/www.autojm.fr\\\/blog\\\/\",\"logo\":{\"@type\":\"ImageObject\",\"inLanguage\":\"fr-FR\",\"@id\":\"https:\\\/\\\/www.autojm.fr\\\/blog\\\/#\\\/schema\\\/logo\\\/image\\\/\",\"url\":\"https:\\\/\\\/www.autojm.fr\\\/blog\\\/wp-content\\\/uploads\\\/2022\\\/12\\\/cropped-AutoJMag-png.png\",\"contentUrl\":\"https:\\\/\\\/www.autojm.fr\\\/blog\\\/wp-content\\\/uploads\\\/2022\\\/12\\\/cropped-AutoJMag-png.png\",\"width\":2834,\"height\":585,\"caption\":\"AutoJM Mag\"},\"image\":{\"@id\":\"https:\\\/\\\/www.autojm.fr\\\/blog\\\/#\\\/schema\\\/logo\\\/image\\\/\"},\"sameAs\":[\"https:\\\/\\\/www.facebook.com\\\/AutoJM25\"]},{\"@type\":\"Person\",\"@id\":\"https:\\\/\\\/www.autojm.fr\\\/blog\\\/#\\\/schema\\\/person\\\/9742bc77541853e0de81fc57f947e1a0\",\"name\":\"Autojm\",\"image\":{\"@type\":\"ImageObject\",\"inLanguage\":\"fr-FR\",\"@id\":\"https:\\\/\\\/secure.gravatar.com\\\/avatar\\\/9a959d52b758fcc232fe4b6aca7bab139182573297122cce7d6f2ee0e537b418?s=96&d=mm&r=g\",\"url\":\"https:\\\/\\\/secure.gravatar.com\\\/avatar\\\/9a959d52b758fcc232fe4b6aca7bab139182573297122cce7d6f2ee0e537b418?s=96&d=mm&r=g\",\"contentUrl\":\"https:\\\/\\\/secure.gravatar.com\\\/avatar\\\/9a959d52b758fcc232fe4b6aca7bab139182573297122cce7d6f2ee0e537b418?s=96&d=mm&r=g\",\"caption\":\"Autojm\"},\"sameAs\":[\"https:\\\/\\\/www.autojm.fr\\\/blog\"],\"url\":\"https:\\\/\\\/www.autojm.fr\\\/blog\\\/author\\\/bichoi\\\/\"}]}<\/script>\n<!-- \/ Yoast SEO plugin. -->","yoast_head_json":{"title":"Renault Arkana : le SUV coup\u00e9 d\u00e9barque en Europe - AutoJM Mag","description":"R\u00e9v\u00e9l\u00e9 au salon de Moscou en 2018, le SUV Coup\u00e9 Renault Arkana \u00e9tait initialement destin\u00e9 au march\u00e9 Russe. Produit en Russie, il est...","robots":{"index":"index","follow":"follow","max-snippet":"max-snippet:-1","max-image-preview":"max-image-preview:large","max-video-preview":"max-video-preview:-1"},"canonical":"https:\/\/www.autojm.fr\/blog\/renault-arkana-le-suv-coupe-debarque-en-europe\/","og_locale":"fr_FR","og_type":"article","og_title":"Renault Arkana : le SUV coup\u00e9 d\u00e9barque en Europe - AutoJM Mag","og_description":"R\u00e9v\u00e9l\u00e9 au salon de Moscou en 2018, le SUV Coup\u00e9 Renault Arkana \u00e9tait initialement destin\u00e9 au march\u00e9 Russe. Produit en Russie, il est...","og_url":"https:\/\/www.autojm.fr\/blog\/renault-arkana-le-suv-coupe-debarque-en-europe\/","og_site_name":"AutoJM Mag","article_publisher":"https:\/\/www.facebook.com\/AutoJM25","article_published_time":"2020-10-06T00:00:00+00:00","article_modified_time":"2023-04-17T14:42:30+00:00","og_image":[{"width":1024,"height":465,"url":"https:\/\/www.autojm.fr\/blog\/wp-content\/uploads\/2022\/10\/591.jpg","type":"image\/jpeg"}],"author":"Autojm","twitter_card":"summary_large_image","twitter_misc":{"\u00c9crit par":"Autojm","Dur\u00e9e de lecture estim\u00e9e":"3 minutes"},"schema":{"@context":"https:\/\/schema.org","@graph":[{"@type":"Article","@id":"https:\/\/www.autojm.fr\/blog\/renault-arkana-le-suv-coupe-debarque-en-europe\/#article","isPartOf":{"@id":"https:\/\/www.autojm.fr\/blog\/renault-arkana-le-suv-coupe-debarque-en-europe\/"},"author":{"name":"Autojm","@id":"https:\/\/www.autojm.fr\/blog\/#\/schema\/person\/9742bc77541853e0de81fc57f947e1a0"},"headline":"Renault Arkana : le SUV coup\u00e9 d\u00e9barque en Europe","datePublished":"2020-10-06T00:00:00+00:00","dateModified":"2023-04-17T14:42:30+00:00","mainEntityOfPage":{"@id":"https:\/\/www.autojm.fr\/blog\/renault-arkana-le-suv-coupe-debarque-en-europe\/"},"wordCount":533,"commentCount":0,"publisher":{"@id":"https:\/\/www.autojm.fr\/blog\/#organization"},"image":{"@id":"https:\/\/www.autojm.fr\/blog\/renault-arkana-le-suv-coupe-debarque-en-europe\/#primaryimage"},"thumbnailUrl":"https:\/\/www.autojm.fr\/blog\/wp-content\/uploads\/2022\/10\/591.jpg","keywords":["autojm","renault","Renault Arkana"],"articleSection":["Nouveaut\u00e9 Renault","Nouveaut\u00e9s Autos"],"inLanguage":"fr-FR","potentialAction":[{"@type":"CommentAction","name":"Comment","target":["https:\/\/www.autojm.fr\/blog\/renault-arkana-le-suv-coupe-debarque-en-europe\/#respond"]}]},{"@type":"WebPage","@id":"https:\/\/www.autojm.fr\/blog\/renault-arkana-le-suv-coupe-debarque-en-europe\/","url":"https:\/\/www.autojm.fr\/blog\/renault-arkana-le-suv-coupe-debarque-en-europe\/","name":"Renault Arkana : le SUV coup\u00e9 d\u00e9barque en Europe - AutoJM Mag","isPartOf":{"@id":"https:\/\/www.autojm.fr\/blog\/#website"},"primaryImageOfPage":{"@id":"https:\/\/www.autojm.fr\/blog\/renault-arkana-le-suv-coupe-debarque-en-europe\/#primaryimage"},"image":{"@id":"https:\/\/www.autojm.fr\/blog\/renault-arkana-le-suv-coupe-debarque-en-europe\/#primaryimage"},"thumbnailUrl":"https:\/\/www.autojm.fr\/blog\/wp-content\/uploads\/2022\/10\/591.jpg","datePublished":"2020-10-06T00:00:00+00:00","dateModified":"2023-04-17T14:42:30+00:00","description":"R\u00e9v\u00e9l\u00e9 au salon de Moscou en 2018, le SUV Coup\u00e9 Renault Arkana \u00e9tait initialement destin\u00e9 au march\u00e9 Russe. Produit en Russie, il est...","breadcrumb":{"@id":"https:\/\/www.autojm.fr\/blog\/renault-arkana-le-suv-coupe-debarque-en-europe\/#breadcrumb"},"inLanguage":"fr-FR","potentialAction":[{"@type":"ReadAction","target":["https:\/\/www.autojm.fr\/blog\/renault-arkana-le-suv-coupe-debarque-en-europe\/"]}]},{"@type":"ImageObject","inLanguage":"fr-FR","@id":"https:\/\/www.autojm.fr\/blog\/renault-arkana-le-suv-coupe-debarque-en-europe\/#primaryimage","url":"https:\/\/www.autojm.fr\/blog\/wp-content\/uploads\/2022\/10\/591.jpg","contentUrl":"https:\/\/www.autojm.fr\/blog\/wp-content\/uploads\/2022\/10\/591.jpg","width":1024,"height":465,"caption":"Renault Arkana"},{"@type":"BreadcrumbList","@id":"https:\/\/www.autojm.fr\/blog\/renault-arkana-le-suv-coupe-debarque-en-europe\/#breadcrumb","itemListElement":[{"@type":"ListItem","position":1,"name":"Accueil","item":"https:\/\/www.autojm.fr\/blog\/"},{"@type":"ListItem","position":2,"name":"Nouveaut\u00e9s Autos","item":"https:\/\/www.autojm.fr\/blog\/nouveautes-autos\/"},{"@type":"ListItem","position":3,"name":"Renault Arkana : le SUV coup\u00e9 d\u00e9barque en Europe"}]},{"@type":"WebSite","@id":"https:\/\/www.autojm.fr\/blog\/#website","url":"https:\/\/www.autojm.fr\/blog\/","name":"AutoJM Mag","description":"Toute l&#039;actu auto en 1 clic !","publisher":{"@id":"https:\/\/www.autojm.fr\/blog\/#organization"},"potentialAction":[{"@type":"SearchAction","target":{"@type":"EntryPoint","urlTemplate":"https:\/\/www.autojm.fr\/blog\/?s={search_term_string}"},"query-input":{"@type":"PropertyValueSpecification","valueRequired":true,"valueName":"search_term_string"}}],"inLanguage":"fr-FR"},{"@type":"Organization","@id":"https:\/\/www.autojm.fr\/blog\/#organization","name":"AutoJM Mag","url":"https:\/\/www.autojm.fr\/blog\/","logo":{"@type":"ImageObject","inLanguage":"fr-FR","@id":"https:\/\/www.autojm.fr\/blog\/#\/schema\/logo\/image\/","url":"https:\/\/www.autojm.fr\/blog\/wp-content\/uploads\/2022\/12\/cropped-AutoJMag-png.png","contentUrl":"https:\/\/www.autojm.fr\/blog\/wp-content\/uploads\/2022\/12\/cropped-AutoJMag-png.png","width":2834,"height":585,"caption":"AutoJM Mag"},"image":{"@id":"https:\/\/www.autojm.fr\/blog\/#\/schema\/logo\/image\/"},"sameAs":["https:\/\/www.facebook.com\/AutoJM25"]},{"@type":"Person","@id":"https:\/\/www.autojm.fr\/blog\/#\/schema\/person\/9742bc77541853e0de81fc57f947e1a0","name":"Autojm","image":{"@type":"ImageObject","inLanguage":"fr-FR","@id":"https:\/\/secure.gravatar.com\/avatar\/9a959d52b758fcc232fe4b6aca7bab139182573297122cce7d6f2ee0e537b418?s=96&d=mm&r=g","url":"https:\/\/secure.gravatar.com\/avatar\/9a959d52b758fcc232fe4b6aca7bab139182573297122cce7d6f2ee0e537b418?s=96&d=mm&r=g","contentUrl":"https:\/\/secure.gravatar.com\/avatar\/9a959d52b758fcc232fe4b6aca7bab139182573297122cce7d6f2ee0e537b418?s=96&d=mm&r=g","caption":"Autojm"},"sameAs":["https:\/\/www.autojm.fr\/blog"],"url":"https:\/\/www.autojm.fr\/blog\/author\/bichoi\/"}]}},"_links":{"self":[{"href":"https:\/\/www.autojm.fr\/blog\/wp-json\/wp\/v2\/posts\/3862","targetHints":{"allow":["GET"]}}],"collection":[{"href":"https:\/\/www.autojm.fr\/blog\/wp-json\/wp\/v2\/posts"}],"about":[{"href":"https:\/\/www.autojm.fr\/blog\/wp-json\/wp\/v2\/types\/post"}],"author":[{"embeddable":true,"href":"https:\/\/www.autojm.fr\/blog\/wp-json\/wp\/v2\/users\/1"}],"replies":[{"embeddable":true,"href":"https:\/\/www.autojm.fr\/blog\/wp-json\/wp\/v2\/comments?post=3862"}],"version-history":[{"count":5,"href":"https:\/\/www.autojm.fr\/blog\/wp-json\/wp\/v2\/posts\/3862\/revisions"}],"predecessor-version":[{"id":9188,"href":"https:\/\/www.autojm.fr\/blog\/wp-json\/wp\/v2\/posts\/3862\/revisions\/9188"}],"wp:featuredmedia":[{"embeddable":true,"href":"https:\/\/www.autojm.fr\/blog\/wp-json\/wp\/v2\/media\/5922"}],"wp:attachment":[{"href":"https:\/\/www.autojm.fr\/blog\/wp-json\/wp\/v2\/media?parent=3862"}],"wp:term":[{"taxonomy":"category","embeddable":true,"href":"https:\/\/www.autojm.fr\/blog\/wp-json\/wp\/v2\/categories?post=3862"},{"taxonomy":"post_tag","embeddable":true,"href":"https:\/\/www.autojm.fr\/blog\/wp-json\/wp\/v2\/tags?post=3862"}],"curies":[{"name":"wp","href":"https:\/\/api.w.org\/{rel}","templated":true}]}}