{"id":3859,"date":"2020-09-23T00:00:00","date_gmt":"2020-09-23T00:00:00","guid":{"rendered":"https:\/\/www.autojm.fr\/blog\/voitures-electriques-les-batteries-au-coeur-des-projets\/"},"modified":"2023-04-19T06:45:43","modified_gmt":"2023-04-19T06:45:43","slug":"voitures-electriques-les-batteries-au-coeur-des-projets","status":"publish","type":"post","link":"https:\/\/www.autojm.fr\/blog\/voitures-electriques-les-batteries-au-coeur-des-projets\/","title":{"rendered":"Voitures \u00e9lectriques : les batteries au c\u0153ur des projets"},"content":{"rendered":"<p><em><span style=\"font-weight: bold;\">Vous \u00eates int\u00e9ress\u00e9 par l&rsquo;achat d&rsquo;un v\u00e9hicule hybride, hybride rechargeable ou \u00e9lectrique ? Consultez notre guide ici: <a tabindex=\"-1\" title=\"https:\/\/www.autojm.fr\/livre-blanc\" href=\"https:\/\/www.autojm.fr\/livre-blanc\" target=\"_blank\" rel=\"noreferrer noopener\">https:\/\/www.autojm.fr\/livre-blanc<\/a><\/span><\/em><\/p>\n<p>Le domaine des <a href=\"https:\/\/www.autojm.fr\/achat-voitures-neuves-peugeot-208-2019-5p?carburant=Electrique?part=blog&amp;utm_source=articleblog230920&amp;utm_medium=blog\"><strong>voitures \u00e9lectriques<\/strong> <\/a>est amen\u00e9 \u00e0 \u00e9voluer, puisqu&rsquo;on le conna\u00eet aujourd&rsquo;hui comme un march\u00e9 minoritaire mais de plus en plus boost\u00e9 par l&rsquo;apparition de nouveaux mod\u00e8les. Quels sont les projets concernant les nouvelles technologies de l&rsquo;\u00e9lectrique et que sait-on sur le march\u00e9 de la production des <strong>batteries \u00e9lectriques<\/strong> ?<\/p>\n<h2>Les projets d&rsquo;Elon Musk, dirigeant de Tesla<\/h2>\n<h3>Economiser sur le co\u00fbt des batteries pour proposer un v\u00e9hicule \u00e9lectrique moins cher<\/h3>\n<p>Ce mardi 22 septembre, Elon Musk, dirigeant de la <strong>marque am\u00e9ricaine automobile Tesla<\/strong> sp\u00e9cialis\u00e9e dans les v\u00e9hicules \u00e9lectriques, a annonc\u00e9 vouloir <strong>r\u00e9duire les co\u00fbts de production<\/strong> pour ses v\u00e9hicules afin de proposer, \u00e0 l&rsquo;avenir, un <strong>v\u00e9hicule \u00e9lectrique \u00e0 25 000 dollars<\/strong>, soit 10 000 dollars de moins que le plus petit v\u00e9hicule propos\u00e9 aujourd&rsquo;hui, la Tesla Model 3.<\/p>\n<p>Pour assurer une diminution des co\u00fbts, c&rsquo;est au niveau de la batterie que doivent se concentrer les \u00e9volutions. C&rsquo;est pour cette raison que les d\u00e9clarations du g\u00e9ant am\u00e9ricain ont eu lieu ce mardi, \u00e0 l&rsquo;occasion de la \u201c<strong>Battery Day<\/strong>\u201d (journ\u00e9e de la batterie). Dans son discours, Elon Musk a expliqu\u00e9 que plusieurs am\u00e9liorations seraient op\u00e9r\u00e9es au niveau de la conception des cellules, de la cha\u00eene de fabrication, de l&rsquo;utilisation du silicone, de la fabrication de la cathode et des m\u00e9taux utilis\u00e9s, et sur l&rsquo;int\u00e9gration de la batterie dans la voiture elle-m\u00eame. Ces changements permettraient de <strong>diminuer de 56% le co\u00fbt de production d&rsquo;un kWh<\/strong> (kilowattheure).<\/p>\n<p>Karl Brauer, analyste du site sp\u00e9cialis\u00e9 iSeeCars, a d\u00e9clar\u00e9 qu&rsquo;aucune r\u00e9volution n&rsquo;\u00e9tait donc pr\u00e9vue, mais qu&rsquo;il s&rsquo;agissait de mettre en oeuvre \u201cune <strong>fa\u00e7on plus efficace de produire la batterie<\/strong> et de g\u00e9n\u00e9rer et conserver l&rsquo;\u00e9nergie \u00e0 l&rsquo;int\u00e9rieur de la batterie\u201d. D&rsquo;apr\u00e8s lui, les \u00e9l\u00e9ments importants \u00e0 retenir du discours du dirigeant de Tesla sont le recours accru au <strong>silicone<\/strong>, un mat\u00e9riau plus accessible, et l&rsquo;utilisation de la batterie comme un \u00e9l\u00e9ment structurel de la voiture.<\/p>\n<h3>Un projet pas effectif avant 2022<\/h3>\n<p>Elon Musk a donc toujours en t\u00eate son objectif principal, convaincre un grand nombre d&rsquo;automobilistes de passer \u00e0 l&rsquo;\u00e9lectrique. Et pour convertir les automobilistes, il doit diversifier ses tarifs et proposer des v\u00e9hicules plus abordables. Cependant, les nouveaux moyens et nouvelles m\u00e9thodes annonc\u00e9s ne permettront pas \u201c<strong>une r\u00e9elle production de masse avant 2022<\/strong>\u201d.<\/p>\n<h2>Une nouvelle usine de production de batteries \u00e9lectriques en France ?<\/h2>\n<p>Le march\u00e9 de l&rsquo;\u00e9lectrique est promis \u00e0 de nombreuses \u00e9volutions dans l&rsquo;avenir. L&rsquo;Etat Fran\u00e7ais, et plus g\u00e9n\u00e9ralement la grande majorit\u00e9 des pays du globe encouragent les automobilistes \u00e0 r\u00e9duire au maximum leur pollution automobile, et les v\u00e9hicules \u00e9lectriques sont r\u00e9put\u00e9s pour \u00e9mettre 0 gr de CO2 \u00e0 l&rsquo;utilisation. Pas \u00e9tonnant donc que les voitures \u00e9lectriques soient la cible des constructeurs automobiles et que les activit\u00e9s li\u00e9es \u00e0 la production de ces v\u00e9hicules se d\u00e9veloppent.<\/p>\n<p>R\u00e9cemment, l&rsquo;entreprise Chinoise <strong>Envision<\/strong>, sp\u00e9cialis\u00e9e dans la technologie \u00e9nerg\u00e9tique, a fait parler d&rsquo;elle en annon\u00e7ant une possible <strong>ouverture d&rsquo;usine en France destin\u00e9e \u00e0 fabriquer des batteries pour les voitures \u00e9lectriques<\/strong>. Elle poss\u00e8de d\u00e9j\u00e0 des usines de production de batteries en Chine, au Japon, aux Etats-Unis et au Royaume-Uni, mais il lui faut, pour pouvoir fournir la France, l&rsquo;Espagne et d&rsquo;autres pays, une autre usine dans ce secteur g\u00e9ographique. \u00ab\u00a0Nous pr\u00e9voyons de faire un investissement qui se chiffrera en centaines de millions d&rsquo;euros et doit aboutir \u00e0 terme \u00e0 un millier d&#8217;emplois directs\u00a0\u00bb, a d\u00e9clar\u00e9 Sylvie Ouziel, l&rsquo;une des dirigeantes du groupe, au Journal Du Dimanche, tout en ajoutant que l&rsquo;<strong>usine ouvrirait fin 2023<\/strong>.<\/p>\n<p>Dans la m\u00eame th\u00e9matique,<strong> les groupes Fran\u00e7ais Total et PSA ont cr\u00e9\u00e9 une coentreprise nomm\u00e9e ACC<\/strong> (Automotive Cells Company), qui produira des <strong>batteries \u00e9lectriques<\/strong> capables d&rsquo;\u00e9quiper un million de v\u00e9hicules d&rsquo;ici 2030.<\/p>\n<h2>La France en retard sur la production de batteries pour v\u00e9hicules \u00e9lectriques<\/h2>\n<p><iframe loading=\"lazy\" src=\"https:\/\/www.youtube.com\/embed\/Yls5XbS9vQU\" width=\"100%\" height=\"315\" allowfullscreen=\"allowfullscreen\"><\/iframe><\/p>\n<p>Et question production de batteries \u00e9lectriques, la France, et m\u00eame l&rsquo;Europe toute enti\u00e8re sont en retard. Si le continent enregistre 6 de ses entreprises dans le top 25 mondial des d\u00e9p\u00f4ts de brevet, il repr\u00e9sente seulement 1% de la production mondiale de batteries \u00e9lectriques. Un chiffre bien faible qui peut \u00eatre expliqu\u00e9 par un int\u00e9r\u00eat encore limit\u00e9 pour les v\u00e9hicules \u00e9lectriques dans notre pays, alors que <strong>la Chine<\/strong>, o\u00f9 la production est forte, <strong>totalise la moiti\u00e9 des ventes mondiales de voitures \u00e9lectriques<\/strong>.<\/p>\n","protected":false},"excerpt":{"rendered":"<p>Le domaine des voitures \u00e9lectriques est amen\u00e9 \u00e0 \u00e9voluer, puisqu&rsquo;on le conna\u00eet aujourd&rsquo;hui comme un march\u00e9 minoritaire mais de plus en plus boost\u00e9 par l&rsquo;apparition de nouveaux mod\u00e8les. Quels sont les projets concernant les nouvelles technologies de l&rsquo;\u00e9lectrique et que sait-on sur le march\u00e9 de la production des batteries \u00e9lectriques ?<\/p>\n","protected":false},"author":1,"featured_media":5919,"comment_status":"open","ping_status":"open","sticky":false,"template":"","format":"standard","meta":{"_acf_changed":false,"content-type":"","footnotes":""},"categories":[22],"tags":[90,85,74,105,110,109,106,108,107,73,78,96],"class_list":["post-3859","post","type-post","status-publish","format-standard","has-post-thumbnail","hentry","category-conseils-astuces","tag-autojm","tag-citroen-2","tag-dacia","tag-ds","tag-fiat","tag-ford","tag-kia","tag-nissan","tag-opel","tag-peugeot","tag-renault","tag-volkswagen"],"acf":[],"yoast_head":"<!-- This site is optimized with the Yoast SEO plugin v27.5 - https:\/\/yoast.com\/product\/yoast-seo-wordpress\/ -->\n<title>Voitures \u00e9lectriques : les batteries au c\u0153ur des projets - AutoJM Mag<\/title>\n<meta name=\"description\" content=\"Le domaine des voitures \u00e9lectriques est amen\u00e9 \u00e0 \u00e9voluer, puisqu&#039;on le conna\u00eet aujourd&#039;hui comme un march\u00e9 minoritaire mais de plus en plus...\" \/>\n<meta name=\"robots\" content=\"index, follow, max-snippet:-1, max-image-preview:large, max-video-preview:-1\" \/>\n<link rel=\"canonical\" href=\"https:\/\/www.autojm.fr\/blog\/voitures-electriques-les-batteries-au-coeur-des-projets\/\" \/>\n<meta property=\"og:locale\" content=\"fr_FR\" \/>\n<meta property=\"og:type\" content=\"article\" \/>\n<meta property=\"og:title\" content=\"Voitures \u00e9lectriques : les batteries au c\u0153ur des projets - AutoJM Mag\" \/>\n<meta property=\"og:description\" content=\"Le domaine des voitures \u00e9lectriques est amen\u00e9 \u00e0 \u00e9voluer, puisqu&#039;on le conna\u00eet aujourd&#039;hui comme un march\u00e9 minoritaire mais de plus en plus...\" \/>\n<meta property=\"og:url\" content=\"https:\/\/www.autojm.fr\/blog\/voitures-electriques-les-batteries-au-coeur-des-projets\/\" \/>\n<meta property=\"og:site_name\" content=\"AutoJM Mag\" \/>\n<meta property=\"article:publisher\" content=\"https:\/\/www.facebook.com\/AutoJM25\" \/>\n<meta property=\"article:published_time\" content=\"2020-09-23T00:00:00+00:00\" \/>\n<meta property=\"article:modified_time\" content=\"2023-04-19T06:45:43+00:00\" \/>\n<meta property=\"og:image\" content=\"https:\/\/www.autojm.fr\/blog\/wp-content\/uploads\/2022\/10\/588.jpg\" \/>\n\t<meta property=\"og:image:width\" content=\"1024\" \/>\n\t<meta property=\"og:image:height\" content=\"465\" \/>\n\t<meta property=\"og:image:type\" content=\"image\/jpeg\" \/>\n<meta name=\"author\" content=\"Autojm\" \/>\n<meta name=\"twitter:card\" content=\"summary_large_image\" \/>\n<meta name=\"twitter:label1\" content=\"\u00c9crit par\" \/>\n\t<meta name=\"twitter:data1\" content=\"Autojm\" \/>\n\t<meta name=\"twitter:label2\" content=\"Dur\u00e9e de lecture estim\u00e9e\" \/>\n\t<meta name=\"twitter:data2\" content=\"4 minutes\" \/>\n<script type=\"application\/ld+json\" class=\"yoast-schema-graph\">{\"@context\":\"https:\\\/\\\/schema.org\",\"@graph\":[{\"@type\":\"Article\",\"@id\":\"https:\\\/\\\/www.autojm.fr\\\/blog\\\/voitures-electriques-les-batteries-au-coeur-des-projets\\\/#article\",\"isPartOf\":{\"@id\":\"https:\\\/\\\/www.autojm.fr\\\/blog\\\/voitures-electriques-les-batteries-au-coeur-des-projets\\\/\"},\"author\":{\"name\":\"Autojm\",\"@id\":\"https:\\\/\\\/www.autojm.fr\\\/blog\\\/#\\\/schema\\\/person\\\/9742bc77541853e0de81fc57f947e1a0\"},\"headline\":\"Voitures \u00e9lectriques : les batteries au c\u0153ur des projets\",\"datePublished\":\"2020-09-23T00:00:00+00:00\",\"dateModified\":\"2023-04-19T06:45:43+00:00\",\"mainEntityOfPage\":{\"@id\":\"https:\\\/\\\/www.autojm.fr\\\/blog\\\/voitures-electriques-les-batteries-au-coeur-des-projets\\\/\"},\"wordCount\":779,\"commentCount\":0,\"publisher\":{\"@id\":\"https:\\\/\\\/www.autojm.fr\\\/blog\\\/#organization\"},\"image\":{\"@id\":\"https:\\\/\\\/www.autojm.fr\\\/blog\\\/voitures-electriques-les-batteries-au-coeur-des-projets\\\/#primaryimage\"},\"thumbnailUrl\":\"https:\\\/\\\/www.autojm.fr\\\/blog\\\/wp-content\\\/uploads\\\/2022\\\/10\\\/588.jpg\",\"keywords\":[\"autojm\",\"Citro\u00ebn\",\"dacia\",\"DS\",\"Fiat\",\"Ford\",\"Kia\",\"Nissan\",\"Opel\",\"peugeot\",\"renault\",\"Volkswagen\"],\"articleSection\":[\"Conseils &amp; Astuces\"],\"inLanguage\":\"fr-FR\",\"potentialAction\":[{\"@type\":\"CommentAction\",\"name\":\"Comment\",\"target\":[\"https:\\\/\\\/www.autojm.fr\\\/blog\\\/voitures-electriques-les-batteries-au-coeur-des-projets\\\/#respond\"]}]},{\"@type\":\"WebPage\",\"@id\":\"https:\\\/\\\/www.autojm.fr\\\/blog\\\/voitures-electriques-les-batteries-au-coeur-des-projets\\\/\",\"url\":\"https:\\\/\\\/www.autojm.fr\\\/blog\\\/voitures-electriques-les-batteries-au-coeur-des-projets\\\/\",\"name\":\"Voitures \u00e9lectriques : les batteries au c\u0153ur des projets - AutoJM Mag\",\"isPartOf\":{\"@id\":\"https:\\\/\\\/www.autojm.fr\\\/blog\\\/#website\"},\"primaryImageOfPage\":{\"@id\":\"https:\\\/\\\/www.autojm.fr\\\/blog\\\/voitures-electriques-les-batteries-au-coeur-des-projets\\\/#primaryimage\"},\"image\":{\"@id\":\"https:\\\/\\\/www.autojm.fr\\\/blog\\\/voitures-electriques-les-batteries-au-coeur-des-projets\\\/#primaryimage\"},\"thumbnailUrl\":\"https:\\\/\\\/www.autojm.fr\\\/blog\\\/wp-content\\\/uploads\\\/2022\\\/10\\\/588.jpg\",\"datePublished\":\"2020-09-23T00:00:00+00:00\",\"dateModified\":\"2023-04-19T06:45:43+00:00\",\"description\":\"Le domaine des voitures \u00e9lectriques est amen\u00e9 \u00e0 \u00e9voluer, puisqu'on le conna\u00eet aujourd'hui comme un march\u00e9 minoritaire mais de plus en plus...\",\"breadcrumb\":{\"@id\":\"https:\\\/\\\/www.autojm.fr\\\/blog\\\/voitures-electriques-les-batteries-au-coeur-des-projets\\\/#breadcrumb\"},\"inLanguage\":\"fr-FR\",\"potentialAction\":[{\"@type\":\"ReadAction\",\"target\":[\"https:\\\/\\\/www.autojm.fr\\\/blog\\\/voitures-electriques-les-batteries-au-coeur-des-projets\\\/\"]}]},{\"@type\":\"ImageObject\",\"inLanguage\":\"fr-FR\",\"@id\":\"https:\\\/\\\/www.autojm.fr\\\/blog\\\/voitures-electriques-les-batteries-au-coeur-des-projets\\\/#primaryimage\",\"url\":\"https:\\\/\\\/www.autojm.fr\\\/blog\\\/wp-content\\\/uploads\\\/2022\\\/10\\\/588.jpg\",\"contentUrl\":\"https:\\\/\\\/www.autojm.fr\\\/blog\\\/wp-content\\\/uploads\\\/2022\\\/10\\\/588.jpg\",\"width\":1024,\"height\":465,\"caption\":\"Batteries voitures \u00e9lectriques\"},{\"@type\":\"BreadcrumbList\",\"@id\":\"https:\\\/\\\/www.autojm.fr\\\/blog\\\/voitures-electriques-les-batteries-au-coeur-des-projets\\\/#breadcrumb\",\"itemListElement\":[{\"@type\":\"ListItem\",\"position\":1,\"name\":\"Accueil\",\"item\":\"https:\\\/\\\/www.autojm.fr\\\/blog\\\/\"},{\"@type\":\"ListItem\",\"position\":2,\"name\":\"Conseils &amp; Astuces\",\"item\":\"https:\\\/\\\/www.autojm.fr\\\/blog\\\/conseils-astuces\\\/\"},{\"@type\":\"ListItem\",\"position\":3,\"name\":\"Voitures \u00e9lectriques : les batteries au c\u0153ur des projets\"}]},{\"@type\":\"WebSite\",\"@id\":\"https:\\\/\\\/www.autojm.fr\\\/blog\\\/#website\",\"url\":\"https:\\\/\\\/www.autojm.fr\\\/blog\\\/\",\"name\":\"AutoJM Mag\",\"description\":\"Toute l&#039;actu auto en 1 clic !\",\"publisher\":{\"@id\":\"https:\\\/\\\/www.autojm.fr\\\/blog\\\/#organization\"},\"potentialAction\":[{\"@type\":\"SearchAction\",\"target\":{\"@type\":\"EntryPoint\",\"urlTemplate\":\"https:\\\/\\\/www.autojm.fr\\\/blog\\\/?s={search_term_string}\"},\"query-input\":{\"@type\":\"PropertyValueSpecification\",\"valueRequired\":true,\"valueName\":\"search_term_string\"}}],\"inLanguage\":\"fr-FR\"},{\"@type\":\"Organization\",\"@id\":\"https:\\\/\\\/www.autojm.fr\\\/blog\\\/#organization\",\"name\":\"AutoJM Mag\",\"url\":\"https:\\\/\\\/www.autojm.fr\\\/blog\\\/\",\"logo\":{\"@type\":\"ImageObject\",\"inLanguage\":\"fr-FR\",\"@id\":\"https:\\\/\\\/www.autojm.fr\\\/blog\\\/#\\\/schema\\\/logo\\\/image\\\/\",\"url\":\"https:\\\/\\\/www.autojm.fr\\\/blog\\\/wp-content\\\/uploads\\\/2022\\\/12\\\/cropped-AutoJMag-png.png\",\"contentUrl\":\"https:\\\/\\\/www.autojm.fr\\\/blog\\\/wp-content\\\/uploads\\\/2022\\\/12\\\/cropped-AutoJMag-png.png\",\"width\":2834,\"height\":585,\"caption\":\"AutoJM Mag\"},\"image\":{\"@id\":\"https:\\\/\\\/www.autojm.fr\\\/blog\\\/#\\\/schema\\\/logo\\\/image\\\/\"},\"sameAs\":[\"https:\\\/\\\/www.facebook.com\\\/AutoJM25\"]},{\"@type\":\"Person\",\"@id\":\"https:\\\/\\\/www.autojm.fr\\\/blog\\\/#\\\/schema\\\/person\\\/9742bc77541853e0de81fc57f947e1a0\",\"name\":\"Autojm\",\"image\":{\"@type\":\"ImageObject\",\"inLanguage\":\"fr-FR\",\"@id\":\"https:\\\/\\\/secure.gravatar.com\\\/avatar\\\/9a959d52b758fcc232fe4b6aca7bab139182573297122cce7d6f2ee0e537b418?s=96&d=mm&r=g\",\"url\":\"https:\\\/\\\/secure.gravatar.com\\\/avatar\\\/9a959d52b758fcc232fe4b6aca7bab139182573297122cce7d6f2ee0e537b418?s=96&d=mm&r=g\",\"contentUrl\":\"https:\\\/\\\/secure.gravatar.com\\\/avatar\\\/9a959d52b758fcc232fe4b6aca7bab139182573297122cce7d6f2ee0e537b418?s=96&d=mm&r=g\",\"caption\":\"Autojm\"},\"sameAs\":[\"https:\\\/\\\/www.autojm.fr\\\/blog\"],\"url\":\"https:\\\/\\\/www.autojm.fr\\\/blog\\\/author\\\/bichoi\\\/\"}]}<\/script>\n<!-- \/ Yoast SEO plugin. -->","yoast_head_json":{"title":"Voitures \u00e9lectriques : les batteries au c\u0153ur des projets - AutoJM Mag","description":"Le domaine des voitures \u00e9lectriques est amen\u00e9 \u00e0 \u00e9voluer, puisqu'on le conna\u00eet aujourd'hui comme un march\u00e9 minoritaire mais de plus en plus...","robots":{"index":"index","follow":"follow","max-snippet":"max-snippet:-1","max-image-preview":"max-image-preview:large","max-video-preview":"max-video-preview:-1"},"canonical":"https:\/\/www.autojm.fr\/blog\/voitures-electriques-les-batteries-au-coeur-des-projets\/","og_locale":"fr_FR","og_type":"article","og_title":"Voitures \u00e9lectriques : les batteries au c\u0153ur des projets - AutoJM Mag","og_description":"Le domaine des voitures \u00e9lectriques est amen\u00e9 \u00e0 \u00e9voluer, puisqu'on le conna\u00eet aujourd'hui comme un march\u00e9 minoritaire mais de plus en plus...","og_url":"https:\/\/www.autojm.fr\/blog\/voitures-electriques-les-batteries-au-coeur-des-projets\/","og_site_name":"AutoJM Mag","article_publisher":"https:\/\/www.facebook.com\/AutoJM25","article_published_time":"2020-09-23T00:00:00+00:00","article_modified_time":"2023-04-19T06:45:43+00:00","og_image":[{"width":1024,"height":465,"url":"https:\/\/www.autojm.fr\/blog\/wp-content\/uploads\/2022\/10\/588.jpg","type":"image\/jpeg"}],"author":"Autojm","twitter_card":"summary_large_image","twitter_misc":{"\u00c9crit par":"Autojm","Dur\u00e9e de lecture estim\u00e9e":"4 minutes"},"schema":{"@context":"https:\/\/schema.org","@graph":[{"@type":"Article","@id":"https:\/\/www.autojm.fr\/blog\/voitures-electriques-les-batteries-au-coeur-des-projets\/#article","isPartOf":{"@id":"https:\/\/www.autojm.fr\/blog\/voitures-electriques-les-batteries-au-coeur-des-projets\/"},"author":{"name":"Autojm","@id":"https:\/\/www.autojm.fr\/blog\/#\/schema\/person\/9742bc77541853e0de81fc57f947e1a0"},"headline":"Voitures \u00e9lectriques : les batteries au c\u0153ur des projets","datePublished":"2020-09-23T00:00:00+00:00","dateModified":"2023-04-19T06:45:43+00:00","mainEntityOfPage":{"@id":"https:\/\/www.autojm.fr\/blog\/voitures-electriques-les-batteries-au-coeur-des-projets\/"},"wordCount":779,"commentCount":0,"publisher":{"@id":"https:\/\/www.autojm.fr\/blog\/#organization"},"image":{"@id":"https:\/\/www.autojm.fr\/blog\/voitures-electriques-les-batteries-au-coeur-des-projets\/#primaryimage"},"thumbnailUrl":"https:\/\/www.autojm.fr\/blog\/wp-content\/uploads\/2022\/10\/588.jpg","keywords":["autojm","Citro\u00ebn","dacia","DS","Fiat","Ford","Kia","Nissan","Opel","peugeot","renault","Volkswagen"],"articleSection":["Conseils &amp; Astuces"],"inLanguage":"fr-FR","potentialAction":[{"@type":"CommentAction","name":"Comment","target":["https:\/\/www.autojm.fr\/blog\/voitures-electriques-les-batteries-au-coeur-des-projets\/#respond"]}]},{"@type":"WebPage","@id":"https:\/\/www.autojm.fr\/blog\/voitures-electriques-les-batteries-au-coeur-des-projets\/","url":"https:\/\/www.autojm.fr\/blog\/voitures-electriques-les-batteries-au-coeur-des-projets\/","name":"Voitures \u00e9lectriques : les batteries au c\u0153ur des projets - AutoJM Mag","isPartOf":{"@id":"https:\/\/www.autojm.fr\/blog\/#website"},"primaryImageOfPage":{"@id":"https:\/\/www.autojm.fr\/blog\/voitures-electriques-les-batteries-au-coeur-des-projets\/#primaryimage"},"image":{"@id":"https:\/\/www.autojm.fr\/blog\/voitures-electriques-les-batteries-au-coeur-des-projets\/#primaryimage"},"thumbnailUrl":"https:\/\/www.autojm.fr\/blog\/wp-content\/uploads\/2022\/10\/588.jpg","datePublished":"2020-09-23T00:00:00+00:00","dateModified":"2023-04-19T06:45:43+00:00","description":"Le domaine des voitures \u00e9lectriques est amen\u00e9 \u00e0 \u00e9voluer, puisqu'on le conna\u00eet aujourd'hui comme un march\u00e9 minoritaire mais de plus en plus...","breadcrumb":{"@id":"https:\/\/www.autojm.fr\/blog\/voitures-electriques-les-batteries-au-coeur-des-projets\/#breadcrumb"},"inLanguage":"fr-FR","potentialAction":[{"@type":"ReadAction","target":["https:\/\/www.autojm.fr\/blog\/voitures-electriques-les-batteries-au-coeur-des-projets\/"]}]},{"@type":"ImageObject","inLanguage":"fr-FR","@id":"https:\/\/www.autojm.fr\/blog\/voitures-electriques-les-batteries-au-coeur-des-projets\/#primaryimage","url":"https:\/\/www.autojm.fr\/blog\/wp-content\/uploads\/2022\/10\/588.jpg","contentUrl":"https:\/\/www.autojm.fr\/blog\/wp-content\/uploads\/2022\/10\/588.jpg","width":1024,"height":465,"caption":"Batteries voitures \u00e9lectriques"},{"@type":"BreadcrumbList","@id":"https:\/\/www.autojm.fr\/blog\/voitures-electriques-les-batteries-au-coeur-des-projets\/#breadcrumb","itemListElement":[{"@type":"ListItem","position":1,"name":"Accueil","item":"https:\/\/www.autojm.fr\/blog\/"},{"@type":"ListItem","position":2,"name":"Conseils &amp; Astuces","item":"https:\/\/www.autojm.fr\/blog\/conseils-astuces\/"},{"@type":"ListItem","position":3,"name":"Voitures \u00e9lectriques : les batteries au c\u0153ur des projets"}]},{"@type":"WebSite","@id":"https:\/\/www.autojm.fr\/blog\/#website","url":"https:\/\/www.autojm.fr\/blog\/","name":"AutoJM Mag","description":"Toute l&#039;actu auto en 1 clic !","publisher":{"@id":"https:\/\/www.autojm.fr\/blog\/#organization"},"potentialAction":[{"@type":"SearchAction","target":{"@type":"EntryPoint","urlTemplate":"https:\/\/www.autojm.fr\/blog\/?s={search_term_string}"},"query-input":{"@type":"PropertyValueSpecification","valueRequired":true,"valueName":"search_term_string"}}],"inLanguage":"fr-FR"},{"@type":"Organization","@id":"https:\/\/www.autojm.fr\/blog\/#organization","name":"AutoJM Mag","url":"https:\/\/www.autojm.fr\/blog\/","logo":{"@type":"ImageObject","inLanguage":"fr-FR","@id":"https:\/\/www.autojm.fr\/blog\/#\/schema\/logo\/image\/","url":"https:\/\/www.autojm.fr\/blog\/wp-content\/uploads\/2022\/12\/cropped-AutoJMag-png.png","contentUrl":"https:\/\/www.autojm.fr\/blog\/wp-content\/uploads\/2022\/12\/cropped-AutoJMag-png.png","width":2834,"height":585,"caption":"AutoJM Mag"},"image":{"@id":"https:\/\/www.autojm.fr\/blog\/#\/schema\/logo\/image\/"},"sameAs":["https:\/\/www.facebook.com\/AutoJM25"]},{"@type":"Person","@id":"https:\/\/www.autojm.fr\/blog\/#\/schema\/person\/9742bc77541853e0de81fc57f947e1a0","name":"Autojm","image":{"@type":"ImageObject","inLanguage":"fr-FR","@id":"https:\/\/secure.gravatar.com\/avatar\/9a959d52b758fcc232fe4b6aca7bab139182573297122cce7d6f2ee0e537b418?s=96&d=mm&r=g","url":"https:\/\/secure.gravatar.com\/avatar\/9a959d52b758fcc232fe4b6aca7bab139182573297122cce7d6f2ee0e537b418?s=96&d=mm&r=g","contentUrl":"https:\/\/secure.gravatar.com\/avatar\/9a959d52b758fcc232fe4b6aca7bab139182573297122cce7d6f2ee0e537b418?s=96&d=mm&r=g","caption":"Autojm"},"sameAs":["https:\/\/www.autojm.fr\/blog"],"url":"https:\/\/www.autojm.fr\/blog\/author\/bichoi\/"}]}},"_links":{"self":[{"href":"https:\/\/www.autojm.fr\/blog\/wp-json\/wp\/v2\/posts\/3859","targetHints":{"allow":["GET"]}}],"collection":[{"href":"https:\/\/www.autojm.fr\/blog\/wp-json\/wp\/v2\/posts"}],"about":[{"href":"https:\/\/www.autojm.fr\/blog\/wp-json\/wp\/v2\/types\/post"}],"author":[{"embeddable":true,"href":"https:\/\/www.autojm.fr\/blog\/wp-json\/wp\/v2\/users\/1"}],"replies":[{"embeddable":true,"href":"https:\/\/www.autojm.fr\/blog\/wp-json\/wp\/v2\/comments?post=3859"}],"version-history":[{"count":7,"href":"https:\/\/www.autojm.fr\/blog\/wp-json\/wp\/v2\/posts\/3859\/revisions"}],"predecessor-version":[{"id":9414,"href":"https:\/\/www.autojm.fr\/blog\/wp-json\/wp\/v2\/posts\/3859\/revisions\/9414"}],"wp:featuredmedia":[{"embeddable":true,"href":"https:\/\/www.autojm.fr\/blog\/wp-json\/wp\/v2\/media\/5919"}],"wp:attachment":[{"href":"https:\/\/www.autojm.fr\/blog\/wp-json\/wp\/v2\/media?parent=3859"}],"wp:term":[{"taxonomy":"category","embeddable":true,"href":"https:\/\/www.autojm.fr\/blog\/wp-json\/wp\/v2\/categories?post=3859"},{"taxonomy":"post_tag","embeddable":true,"href":"https:\/\/www.autojm.fr\/blog\/wp-json\/wp\/v2\/tags?post=3859"}],"curies":[{"name":"wp","href":"https:\/\/api.w.org\/{rel}","templated":true}]}}