{"id":3857,"date":"2020-10-16T00:00:00","date_gmt":"2020-10-16T00:00:00","guid":{"rendered":"https:\/\/www.autojm.fr\/blog\/malus-auto-le-poids-comme-nouveau-critere\/"},"modified":"2023-04-19T06:45:02","modified_gmt":"2023-04-19T06:45:02","slug":"malus-auto-le-poids-comme-nouveau-critere","status":"publish","type":"post","link":"https:\/\/www.autojm.fr\/blog\/malus-auto-le-poids-comme-nouveau-critere\/","title":{"rendered":"Malus auto : le poids comme nouveau crit\u00e8re ?"},"content":{"rendered":"<p>Le projet avait d\u00e9j\u00e0 \u00e9t\u00e9 \u00e9voqu\u00e9, puis \u00e9cart\u00e9 du Projet de Loi de Finances pour 2020, avant d&rsquo;\u00eatre remis en avant par certains d\u00e9put\u00e9s. Dans leur ligne de mire, les SUV, ces mod\u00e8les que tous les automobilistes affectionnent de par leur carrure et leurs nombreuses technologies. Mais si les <strong><a href=\"https:\/\/www.autojm.fr\/mandataire-carrosserie-crossover-suv?part=blog&amp;utm_source=articleblog180920&amp;utm_medium=blog\">SUV<\/a><\/strong> pourraient en p\u00e2tir de l&rsquo;apparition d&rsquo;un malus li\u00e9 \u00e0 la masse, les voitures \u00e9lectriques aussi, pourraient en subir les cons\u00e9quences. Et dans ce dernier cas, le bonus \u00e9cologique sera-t-il suffisant pour convaincre les automobilistes de passer \u00e0 l&rsquo;\u00e9lectrique ? Zoom sur les informations li\u00e9es \u00e0 l&rsquo;apparition potentielle de ce nouveau malus, et sur les probl\u00e9matiques que cela g\u00e9n\u00e9rerait.<\/p>\n<p><iframe loading=\"lazy\" src=\"https:\/\/www.youtube.com\/embed\/iG5pPlCUOaQ\" width=\"100%\" height=\"315\" allowfullscreen=\"allowfullscreen\"><\/iframe><\/p>\n<h2>Quelles conditions pour le malus au poids ?<\/h2>\n<p>C&rsquo;est \u00e0 l&rsquo;occasion de la <strong>Convention Citoyenne sur le Climat<\/strong>, o\u00f9 des citoyens ont pu cr\u00e9er une liste de propositions en faveur de la diminution des \u00e9missions de CO2, que l&rsquo;id\u00e9e d&rsquo;une taxe li\u00e9e au poids dans le secteur de l&rsquo;automobile a refait surface.<br \/>\nSelon un tableau d\u00e9voil\u00e9 par BFMTV, les conditions seraient les suivantes :<\/p>\n<p>&#8211; tous les v\u00e9hicules de plus de 1,4 tonne seraient soumis \u00e0 un malus \u00e0 hauteur de 10 euros par kilo<br \/>\n&#8211; les v\u00e9hicules dont le poids est compris entre 1,2 et 1,4 tonne ne seraient soumis \u00e0 aucune p\u00e9nalit\u00e9<br \/>\n&#8211; les v\u00e9hicules de moins de 800 kg, eux, pourraient b\u00e9n\u00e9ficier d&rsquo;un bonus de 4000\u20ac<\/p>\n<p>Et cette derni\u00e8re r\u00e8gle peut faire sourire, quand on sait que m\u00eame les plus petits v\u00e9hicules du march\u00e9 sont au-dessus de 800 kg (exemple : <strong>la<\/strong> <strong>Peugeot 108 p\u00e8se 840 kg<\/strong>). De m\u00eame, une grande majorit\u00e9 de v\u00e9hicules exc\u00e8dent les 1,4 tonnes, et seront donc soumis \u00e0 ce malus. Dans les calculs, la recette totale de cette taxe sur le poids serait de 1,2 milliards d&rsquo;euros.<\/p>\n<h2>Les v\u00e9hicules \u00e9lectriques, hybrides et hybrides rechargeables d\u00e9laiss\u00e9s ?<\/h2>\n<p>Autre point qui peut para\u00eetre incoh\u00e9rent : les <strong>v\u00e9hicules hybrides, hybrides rechargeables et \u00e9lectriques<\/strong> sont aujourd&rsquo;hui avantag\u00e9s par le bonus \u00e9cologique, et ce dans le but de motiver les automobilistes \u00e0 se diriger vers ces mod\u00e8les plus propres avant de faire dispara\u00eetre, petit \u00e0 petit, une partie de la pollution automobile actuelle. Cependant, certaines batteries dans les mod\u00e8les \u00e9lectriques peuvent \u00eatre lourdes et p\u00e9naliser le v\u00e9hicule, comme c&rsquo;est le cas pour la <strong>Renault Zoe, qui est \u00e0 plus de 1500 kg<\/strong>.<\/p>\n<p>Autre exemple : le <strong><a href=\"?part=blog&amp;utm_source=articleblog180920&amp;utm_medium=blog\">3008<\/a><\/strong>, SUV muscl\u00e9, qui est disponible en version hybride rechargeable. M\u00eame si ce mod\u00e8le est aujourd&rsquo;hui avantag\u00e9 par un bonus \u00e9cologique de 2000\u20ac, avec l&rsquo;arriv\u00e9e du malus au poids, il serait soumis \u00e0 une taxe de 4530\u20ac \u00e0 cause de ses 1853 kg. Dans tous les cas o\u00f9 le poids du v\u00e9hicule est cons\u00e9quent, le bonus \u00e9cologique ne permettra plus que la baisse du malus li\u00e9 au poids, et non une baisse du prix du v\u00e9hicule comme c&rsquo;est le cas aujourd&rsquo;hui.<\/p>\n<h2>Un malus pour les voitures de plus de 1800 kg<\/h2>\n<p>C&rsquo;est \u00e0 l&rsquo;occasion du <strong>Projet de Loi de Finances 2021<\/strong> que le gouvernement a \u00e9voqu\u00e9 le sujet. Il en ressort qu&rsquo;un malus au poids sera bien cr\u00e9\u00e9 mais devrait \u00eatre moins p\u00e9nalisant que pr\u00e9vu, puisque seuls les mod\u00e8les de plus de 1800 kg seront tax\u00e9s pour leur poids. Le site BFMTV.com r\u00e9v\u00e8le que le malus appliqu\u00e9 sera de 10\u20ac par kg suppl\u00e9mentaire. Par exemple : un Renault Espace 5 Initiale Paris en motorisation diesel 200 chevaux p\u00e8se 2042 kg, il sera donc tax\u00e9 \u00e0 hauteur de 2420\u20ac (10\u20ac par kg au-del\u00e0 de 1800 kg). L&rsquo;annonce a \u00e9t\u00e9 faite par Barbara Pompili, ministre de la transition \u00e9cologique, qui a \u00e9galement annonc\u00e9 que les v\u00e9hicules \u00e9lectriques et hybrides rechargeables ne seraient pas concern\u00e9s par ce malus. Bruno Le Maire a quant \u00e0 lui d\u00e9clar\u00e9 que les v\u00e9hicules de 7 places, qui seront touch\u00e9s puisque leur grande taille leur conf\u00e8re un poids \u00e9lev\u00e9, seront en partie exempt\u00e9s du malus pour les familles nombreuses.<\/p>\n<p>Les projets avaient \u00e9galement fait \u00e9tat d&rsquo;un durcissement du malus \u00e9cologique, avec un malus qui se d\u00e9clencherait \u00e0 123 gr (contre 138 gr aujourd&rsquo;hui), et un malus de 1504\u20ac pour un v\u00e9hicule \u00e0 138 gr (contre 50\u20ac aujourd&rsquo;hui). Les automobilistes ont de plus en plus int\u00e9r\u00eat \u00e0 se tourner vers des mod\u00e8les propres&#8230; Et l\u00e9gers.<\/p>\n","protected":false},"excerpt":{"rendered":"<p>Le projet avait d\u00e9j\u00e0 \u00e9t\u00e9 \u00e9voqu\u00e9, puis \u00e9cart\u00e9 du Projet de Loi de Finances pour 2020, avant d&rsquo;\u00eatre remis en avant par certains d\u00e9put\u00e9s. Dans leur ligne de mire, les SUV, ces mod\u00e8les que tous les automobilistes affectionnent de par leur carrure et leurs nombreuses technologies.<\/p>\n","protected":false},"author":1,"featured_media":5917,"comment_status":"open","ping_status":"open","sticky":false,"template":"","format":"standard","meta":{"_acf_changed":false,"content-type":"","footnotes":""},"categories":[22],"tags":[90,85,74,105,110,109,106,108,107,73,78,96],"class_list":["post-3857","post","type-post","status-publish","format-standard","has-post-thumbnail","hentry","category-conseils-astuces","tag-autojm","tag-citroen-2","tag-dacia","tag-ds","tag-fiat","tag-ford","tag-kia","tag-nissan","tag-opel","tag-peugeot","tag-renault","tag-volkswagen"],"acf":[],"yoast_head":"<!-- This site is optimized with the Yoast SEO plugin v27.5 - https:\/\/yoast.com\/product\/yoast-seo-wordpress\/ -->\n<title>Malus auto : le poids comme nouveau crit\u00e8re ? - AutoJM Mag<\/title>\n<meta name=\"description\" content=\"Le projet avait d\u00e9j\u00e0 \u00e9t\u00e9 \u00e9voqu\u00e9, puis \u00e9cart\u00e9 du Projet de Loi de Finances pour 2020, avant d&#039;\u00eatre remis en avant par certains d\u00e9put\u00e9s.\" \/>\n<meta name=\"robots\" content=\"index, follow, max-snippet:-1, max-image-preview:large, max-video-preview:-1\" \/>\n<link rel=\"canonical\" href=\"https:\/\/www.autojm.fr\/blog\/malus-auto-le-poids-comme-nouveau-critere\/\" \/>\n<meta property=\"og:locale\" content=\"fr_FR\" \/>\n<meta property=\"og:type\" content=\"article\" \/>\n<meta property=\"og:title\" content=\"Malus auto : le poids comme nouveau crit\u00e8re ? - AutoJM Mag\" \/>\n<meta property=\"og:description\" content=\"Le projet avait d\u00e9j\u00e0 \u00e9t\u00e9 \u00e9voqu\u00e9, puis \u00e9cart\u00e9 du Projet de Loi de Finances pour 2020, avant d&#039;\u00eatre remis en avant par certains d\u00e9put\u00e9s.\" \/>\n<meta property=\"og:url\" content=\"https:\/\/www.autojm.fr\/blog\/malus-auto-le-poids-comme-nouveau-critere\/\" \/>\n<meta property=\"og:site_name\" content=\"AutoJM Mag\" \/>\n<meta property=\"article:publisher\" content=\"https:\/\/www.facebook.com\/AutoJM25\" \/>\n<meta property=\"article:published_time\" content=\"2020-10-16T00:00:00+00:00\" \/>\n<meta property=\"article:modified_time\" content=\"2023-04-19T06:45:02+00:00\" \/>\n<meta property=\"og:image\" content=\"https:\/\/www.autojm.fr\/blog\/wp-content\/uploads\/2022\/10\/586.jpg\" \/>\n\t<meta property=\"og:image:width\" content=\"1024\" \/>\n\t<meta property=\"og:image:height\" content=\"465\" \/>\n\t<meta property=\"og:image:type\" content=\"image\/jpeg\" \/>\n<meta name=\"author\" content=\"Autojm\" \/>\n<meta name=\"twitter:card\" content=\"summary_large_image\" \/>\n<meta name=\"twitter:label1\" content=\"\u00c9crit par\" \/>\n\t<meta name=\"twitter:data1\" content=\"Autojm\" \/>\n\t<meta name=\"twitter:label2\" content=\"Dur\u00e9e de lecture estim\u00e9e\" \/>\n\t<meta name=\"twitter:data2\" content=\"4 minutes\" \/>\n<script type=\"application\/ld+json\" class=\"yoast-schema-graph\">{\"@context\":\"https:\\\/\\\/schema.org\",\"@graph\":[{\"@type\":\"Article\",\"@id\":\"https:\\\/\\\/www.autojm.fr\\\/blog\\\/malus-auto-le-poids-comme-nouveau-critere\\\/#article\",\"isPartOf\":{\"@id\":\"https:\\\/\\\/www.autojm.fr\\\/blog\\\/malus-auto-le-poids-comme-nouveau-critere\\\/\"},\"author\":{\"name\":\"Autojm\",\"@id\":\"https:\\\/\\\/www.autojm.fr\\\/blog\\\/#\\\/schema\\\/person\\\/9742bc77541853e0de81fc57f947e1a0\"},\"headline\":\"Malus auto : le poids comme nouveau crit\u00e8re ?\",\"datePublished\":\"2020-10-16T00:00:00+00:00\",\"dateModified\":\"2023-04-19T06:45:02+00:00\",\"mainEntityOfPage\":{\"@id\":\"https:\\\/\\\/www.autojm.fr\\\/blog\\\/malus-auto-le-poids-comme-nouveau-critere\\\/\"},\"wordCount\":711,\"commentCount\":0,\"publisher\":{\"@id\":\"https:\\\/\\\/www.autojm.fr\\\/blog\\\/#organization\"},\"image\":{\"@id\":\"https:\\\/\\\/www.autojm.fr\\\/blog\\\/malus-auto-le-poids-comme-nouveau-critere\\\/#primaryimage\"},\"thumbnailUrl\":\"https:\\\/\\\/www.autojm.fr\\\/blog\\\/wp-content\\\/uploads\\\/2022\\\/10\\\/586.jpg\",\"keywords\":[\"autojm\",\"Citro\u00ebn\",\"dacia\",\"DS\",\"Fiat\",\"Ford\",\"Kia\",\"Nissan\",\"Opel\",\"peugeot\",\"renault\",\"Volkswagen\"],\"articleSection\":[\"Conseils &amp; Astuces\"],\"inLanguage\":\"fr-FR\",\"potentialAction\":[{\"@type\":\"CommentAction\",\"name\":\"Comment\",\"target\":[\"https:\\\/\\\/www.autojm.fr\\\/blog\\\/malus-auto-le-poids-comme-nouveau-critere\\\/#respond\"]}]},{\"@type\":\"WebPage\",\"@id\":\"https:\\\/\\\/www.autojm.fr\\\/blog\\\/malus-auto-le-poids-comme-nouveau-critere\\\/\",\"url\":\"https:\\\/\\\/www.autojm.fr\\\/blog\\\/malus-auto-le-poids-comme-nouveau-critere\\\/\",\"name\":\"Malus auto : le poids comme nouveau crit\u00e8re ? - AutoJM Mag\",\"isPartOf\":{\"@id\":\"https:\\\/\\\/www.autojm.fr\\\/blog\\\/#website\"},\"primaryImageOfPage\":{\"@id\":\"https:\\\/\\\/www.autojm.fr\\\/blog\\\/malus-auto-le-poids-comme-nouveau-critere\\\/#primaryimage\"},\"image\":{\"@id\":\"https:\\\/\\\/www.autojm.fr\\\/blog\\\/malus-auto-le-poids-comme-nouveau-critere\\\/#primaryimage\"},\"thumbnailUrl\":\"https:\\\/\\\/www.autojm.fr\\\/blog\\\/wp-content\\\/uploads\\\/2022\\\/10\\\/586.jpg\",\"datePublished\":\"2020-10-16T00:00:00+00:00\",\"dateModified\":\"2023-04-19T06:45:02+00:00\",\"description\":\"Le projet avait d\u00e9j\u00e0 \u00e9t\u00e9 \u00e9voqu\u00e9, puis \u00e9cart\u00e9 du Projet de Loi de Finances pour 2020, avant d'\u00eatre remis en avant par certains d\u00e9put\u00e9s.\",\"breadcrumb\":{\"@id\":\"https:\\\/\\\/www.autojm.fr\\\/blog\\\/malus-auto-le-poids-comme-nouveau-critere\\\/#breadcrumb\"},\"inLanguage\":\"fr-FR\",\"potentialAction\":[{\"@type\":\"ReadAction\",\"target\":[\"https:\\\/\\\/www.autojm.fr\\\/blog\\\/malus-auto-le-poids-comme-nouveau-critere\\\/\"]}]},{\"@type\":\"ImageObject\",\"inLanguage\":\"fr-FR\",\"@id\":\"https:\\\/\\\/www.autojm.fr\\\/blog\\\/malus-auto-le-poids-comme-nouveau-critere\\\/#primaryimage\",\"url\":\"https:\\\/\\\/www.autojm.fr\\\/blog\\\/wp-content\\\/uploads\\\/2022\\\/10\\\/586.jpg\",\"contentUrl\":\"https:\\\/\\\/www.autojm.fr\\\/blog\\\/wp-content\\\/uploads\\\/2022\\\/10\\\/586.jpg\",\"width\":1024,\"height\":465,\"caption\":\"Malus auto\"},{\"@type\":\"BreadcrumbList\",\"@id\":\"https:\\\/\\\/www.autojm.fr\\\/blog\\\/malus-auto-le-poids-comme-nouveau-critere\\\/#breadcrumb\",\"itemListElement\":[{\"@type\":\"ListItem\",\"position\":1,\"name\":\"Accueil\",\"item\":\"https:\\\/\\\/www.autojm.fr\\\/blog\\\/\"},{\"@type\":\"ListItem\",\"position\":2,\"name\":\"Conseils &amp; Astuces\",\"item\":\"https:\\\/\\\/www.autojm.fr\\\/blog\\\/conseils-astuces\\\/\"},{\"@type\":\"ListItem\",\"position\":3,\"name\":\"Malus auto : le poids comme nouveau crit\u00e8re ?\"}]},{\"@type\":\"WebSite\",\"@id\":\"https:\\\/\\\/www.autojm.fr\\\/blog\\\/#website\",\"url\":\"https:\\\/\\\/www.autojm.fr\\\/blog\\\/\",\"name\":\"AutoJM Mag\",\"description\":\"Toute l&#039;actu auto en 1 clic !\",\"publisher\":{\"@id\":\"https:\\\/\\\/www.autojm.fr\\\/blog\\\/#organization\"},\"potentialAction\":[{\"@type\":\"SearchAction\",\"target\":{\"@type\":\"EntryPoint\",\"urlTemplate\":\"https:\\\/\\\/www.autojm.fr\\\/blog\\\/?s={search_term_string}\"},\"query-input\":{\"@type\":\"PropertyValueSpecification\",\"valueRequired\":true,\"valueName\":\"search_term_string\"}}],\"inLanguage\":\"fr-FR\"},{\"@type\":\"Organization\",\"@id\":\"https:\\\/\\\/www.autojm.fr\\\/blog\\\/#organization\",\"name\":\"AutoJM Mag\",\"url\":\"https:\\\/\\\/www.autojm.fr\\\/blog\\\/\",\"logo\":{\"@type\":\"ImageObject\",\"inLanguage\":\"fr-FR\",\"@id\":\"https:\\\/\\\/www.autojm.fr\\\/blog\\\/#\\\/schema\\\/logo\\\/image\\\/\",\"url\":\"https:\\\/\\\/www.autojm.fr\\\/blog\\\/wp-content\\\/uploads\\\/2022\\\/12\\\/cropped-AutoJMag-png.png\",\"contentUrl\":\"https:\\\/\\\/www.autojm.fr\\\/blog\\\/wp-content\\\/uploads\\\/2022\\\/12\\\/cropped-AutoJMag-png.png\",\"width\":2834,\"height\":585,\"caption\":\"AutoJM Mag\"},\"image\":{\"@id\":\"https:\\\/\\\/www.autojm.fr\\\/blog\\\/#\\\/schema\\\/logo\\\/image\\\/\"},\"sameAs\":[\"https:\\\/\\\/www.facebook.com\\\/AutoJM25\"]},{\"@type\":\"Person\",\"@id\":\"https:\\\/\\\/www.autojm.fr\\\/blog\\\/#\\\/schema\\\/person\\\/9742bc77541853e0de81fc57f947e1a0\",\"name\":\"Autojm\",\"image\":{\"@type\":\"ImageObject\",\"inLanguage\":\"fr-FR\",\"@id\":\"https:\\\/\\\/secure.gravatar.com\\\/avatar\\\/9a959d52b758fcc232fe4b6aca7bab139182573297122cce7d6f2ee0e537b418?s=96&d=mm&r=g\",\"url\":\"https:\\\/\\\/secure.gravatar.com\\\/avatar\\\/9a959d52b758fcc232fe4b6aca7bab139182573297122cce7d6f2ee0e537b418?s=96&d=mm&r=g\",\"contentUrl\":\"https:\\\/\\\/secure.gravatar.com\\\/avatar\\\/9a959d52b758fcc232fe4b6aca7bab139182573297122cce7d6f2ee0e537b418?s=96&d=mm&r=g\",\"caption\":\"Autojm\"},\"sameAs\":[\"https:\\\/\\\/www.autojm.fr\\\/blog\"],\"url\":\"https:\\\/\\\/www.autojm.fr\\\/blog\\\/author\\\/bichoi\\\/\"}]}<\/script>\n<!-- \/ Yoast SEO plugin. -->","yoast_head_json":{"title":"Malus auto : le poids comme nouveau crit\u00e8re ? - AutoJM Mag","description":"Le projet avait d\u00e9j\u00e0 \u00e9t\u00e9 \u00e9voqu\u00e9, puis \u00e9cart\u00e9 du Projet de Loi de Finances pour 2020, avant d'\u00eatre remis en avant par certains d\u00e9put\u00e9s.","robots":{"index":"index","follow":"follow","max-snippet":"max-snippet:-1","max-image-preview":"max-image-preview:large","max-video-preview":"max-video-preview:-1"},"canonical":"https:\/\/www.autojm.fr\/blog\/malus-auto-le-poids-comme-nouveau-critere\/","og_locale":"fr_FR","og_type":"article","og_title":"Malus auto : le poids comme nouveau crit\u00e8re ? - AutoJM Mag","og_description":"Le projet avait d\u00e9j\u00e0 \u00e9t\u00e9 \u00e9voqu\u00e9, puis \u00e9cart\u00e9 du Projet de Loi de Finances pour 2020, avant d'\u00eatre remis en avant par certains d\u00e9put\u00e9s.","og_url":"https:\/\/www.autojm.fr\/blog\/malus-auto-le-poids-comme-nouveau-critere\/","og_site_name":"AutoJM Mag","article_publisher":"https:\/\/www.facebook.com\/AutoJM25","article_published_time":"2020-10-16T00:00:00+00:00","article_modified_time":"2023-04-19T06:45:02+00:00","og_image":[{"width":1024,"height":465,"url":"https:\/\/www.autojm.fr\/blog\/wp-content\/uploads\/2022\/10\/586.jpg","type":"image\/jpeg"}],"author":"Autojm","twitter_card":"summary_large_image","twitter_misc":{"\u00c9crit par":"Autojm","Dur\u00e9e de lecture estim\u00e9e":"4 minutes"},"schema":{"@context":"https:\/\/schema.org","@graph":[{"@type":"Article","@id":"https:\/\/www.autojm.fr\/blog\/malus-auto-le-poids-comme-nouveau-critere\/#article","isPartOf":{"@id":"https:\/\/www.autojm.fr\/blog\/malus-auto-le-poids-comme-nouveau-critere\/"},"author":{"name":"Autojm","@id":"https:\/\/www.autojm.fr\/blog\/#\/schema\/person\/9742bc77541853e0de81fc57f947e1a0"},"headline":"Malus auto : le poids comme nouveau crit\u00e8re ?","datePublished":"2020-10-16T00:00:00+00:00","dateModified":"2023-04-19T06:45:02+00:00","mainEntityOfPage":{"@id":"https:\/\/www.autojm.fr\/blog\/malus-auto-le-poids-comme-nouveau-critere\/"},"wordCount":711,"commentCount":0,"publisher":{"@id":"https:\/\/www.autojm.fr\/blog\/#organization"},"image":{"@id":"https:\/\/www.autojm.fr\/blog\/malus-auto-le-poids-comme-nouveau-critere\/#primaryimage"},"thumbnailUrl":"https:\/\/www.autojm.fr\/blog\/wp-content\/uploads\/2022\/10\/586.jpg","keywords":["autojm","Citro\u00ebn","dacia","DS","Fiat","Ford","Kia","Nissan","Opel","peugeot","renault","Volkswagen"],"articleSection":["Conseils &amp; Astuces"],"inLanguage":"fr-FR","potentialAction":[{"@type":"CommentAction","name":"Comment","target":["https:\/\/www.autojm.fr\/blog\/malus-auto-le-poids-comme-nouveau-critere\/#respond"]}]},{"@type":"WebPage","@id":"https:\/\/www.autojm.fr\/blog\/malus-auto-le-poids-comme-nouveau-critere\/","url":"https:\/\/www.autojm.fr\/blog\/malus-auto-le-poids-comme-nouveau-critere\/","name":"Malus auto : le poids comme nouveau crit\u00e8re ? - AutoJM Mag","isPartOf":{"@id":"https:\/\/www.autojm.fr\/blog\/#website"},"primaryImageOfPage":{"@id":"https:\/\/www.autojm.fr\/blog\/malus-auto-le-poids-comme-nouveau-critere\/#primaryimage"},"image":{"@id":"https:\/\/www.autojm.fr\/blog\/malus-auto-le-poids-comme-nouveau-critere\/#primaryimage"},"thumbnailUrl":"https:\/\/www.autojm.fr\/blog\/wp-content\/uploads\/2022\/10\/586.jpg","datePublished":"2020-10-16T00:00:00+00:00","dateModified":"2023-04-19T06:45:02+00:00","description":"Le projet avait d\u00e9j\u00e0 \u00e9t\u00e9 \u00e9voqu\u00e9, puis \u00e9cart\u00e9 du Projet de Loi de Finances pour 2020, avant d'\u00eatre remis en avant par certains d\u00e9put\u00e9s.","breadcrumb":{"@id":"https:\/\/www.autojm.fr\/blog\/malus-auto-le-poids-comme-nouveau-critere\/#breadcrumb"},"inLanguage":"fr-FR","potentialAction":[{"@type":"ReadAction","target":["https:\/\/www.autojm.fr\/blog\/malus-auto-le-poids-comme-nouveau-critere\/"]}]},{"@type":"ImageObject","inLanguage":"fr-FR","@id":"https:\/\/www.autojm.fr\/blog\/malus-auto-le-poids-comme-nouveau-critere\/#primaryimage","url":"https:\/\/www.autojm.fr\/blog\/wp-content\/uploads\/2022\/10\/586.jpg","contentUrl":"https:\/\/www.autojm.fr\/blog\/wp-content\/uploads\/2022\/10\/586.jpg","width":1024,"height":465,"caption":"Malus auto"},{"@type":"BreadcrumbList","@id":"https:\/\/www.autojm.fr\/blog\/malus-auto-le-poids-comme-nouveau-critere\/#breadcrumb","itemListElement":[{"@type":"ListItem","position":1,"name":"Accueil","item":"https:\/\/www.autojm.fr\/blog\/"},{"@type":"ListItem","position":2,"name":"Conseils &amp; Astuces","item":"https:\/\/www.autojm.fr\/blog\/conseils-astuces\/"},{"@type":"ListItem","position":3,"name":"Malus auto : le poids comme nouveau crit\u00e8re ?"}]},{"@type":"WebSite","@id":"https:\/\/www.autojm.fr\/blog\/#website","url":"https:\/\/www.autojm.fr\/blog\/","name":"AutoJM Mag","description":"Toute l&#039;actu auto en 1 clic !","publisher":{"@id":"https:\/\/www.autojm.fr\/blog\/#organization"},"potentialAction":[{"@type":"SearchAction","target":{"@type":"EntryPoint","urlTemplate":"https:\/\/www.autojm.fr\/blog\/?s={search_term_string}"},"query-input":{"@type":"PropertyValueSpecification","valueRequired":true,"valueName":"search_term_string"}}],"inLanguage":"fr-FR"},{"@type":"Organization","@id":"https:\/\/www.autojm.fr\/blog\/#organization","name":"AutoJM Mag","url":"https:\/\/www.autojm.fr\/blog\/","logo":{"@type":"ImageObject","inLanguage":"fr-FR","@id":"https:\/\/www.autojm.fr\/blog\/#\/schema\/logo\/image\/","url":"https:\/\/www.autojm.fr\/blog\/wp-content\/uploads\/2022\/12\/cropped-AutoJMag-png.png","contentUrl":"https:\/\/www.autojm.fr\/blog\/wp-content\/uploads\/2022\/12\/cropped-AutoJMag-png.png","width":2834,"height":585,"caption":"AutoJM Mag"},"image":{"@id":"https:\/\/www.autojm.fr\/blog\/#\/schema\/logo\/image\/"},"sameAs":["https:\/\/www.facebook.com\/AutoJM25"]},{"@type":"Person","@id":"https:\/\/www.autojm.fr\/blog\/#\/schema\/person\/9742bc77541853e0de81fc57f947e1a0","name":"Autojm","image":{"@type":"ImageObject","inLanguage":"fr-FR","@id":"https:\/\/secure.gravatar.com\/avatar\/9a959d52b758fcc232fe4b6aca7bab139182573297122cce7d6f2ee0e537b418?s=96&d=mm&r=g","url":"https:\/\/secure.gravatar.com\/avatar\/9a959d52b758fcc232fe4b6aca7bab139182573297122cce7d6f2ee0e537b418?s=96&d=mm&r=g","contentUrl":"https:\/\/secure.gravatar.com\/avatar\/9a959d52b758fcc232fe4b6aca7bab139182573297122cce7d6f2ee0e537b418?s=96&d=mm&r=g","caption":"Autojm"},"sameAs":["https:\/\/www.autojm.fr\/blog"],"url":"https:\/\/www.autojm.fr\/blog\/author\/bichoi\/"}]}},"_links":{"self":[{"href":"https:\/\/www.autojm.fr\/blog\/wp-json\/wp\/v2\/posts\/3857","targetHints":{"allow":["GET"]}}],"collection":[{"href":"https:\/\/www.autojm.fr\/blog\/wp-json\/wp\/v2\/posts"}],"about":[{"href":"https:\/\/www.autojm.fr\/blog\/wp-json\/wp\/v2\/types\/post"}],"author":[{"embeddable":true,"href":"https:\/\/www.autojm.fr\/blog\/wp-json\/wp\/v2\/users\/1"}],"replies":[{"embeddable":true,"href":"https:\/\/www.autojm.fr\/blog\/wp-json\/wp\/v2\/comments?post=3857"}],"version-history":[{"count":5,"href":"https:\/\/www.autojm.fr\/blog\/wp-json\/wp\/v2\/posts\/3857\/revisions"}],"predecessor-version":[{"id":9412,"href":"https:\/\/www.autojm.fr\/blog\/wp-json\/wp\/v2\/posts\/3857\/revisions\/9412"}],"wp:featuredmedia":[{"embeddable":true,"href":"https:\/\/www.autojm.fr\/blog\/wp-json\/wp\/v2\/media\/5917"}],"wp:attachment":[{"href":"https:\/\/www.autojm.fr\/blog\/wp-json\/wp\/v2\/media?parent=3857"}],"wp:term":[{"taxonomy":"category","embeddable":true,"href":"https:\/\/www.autojm.fr\/blog\/wp-json\/wp\/v2\/categories?post=3857"},{"taxonomy":"post_tag","embeddable":true,"href":"https:\/\/www.autojm.fr\/blog\/wp-json\/wp\/v2\/tags?post=3857"}],"curies":[{"name":"wp","href":"https:\/\/api.w.org\/{rel}","templated":true}]}}