{"id":3851,"date":"2020-09-03T00:00:00","date_gmt":"2020-09-03T00:00:00","guid":{"rendered":"https:\/\/www.autojm.fr\/blog\/peugeot-3008-2020-metamorphose\/"},"modified":"2023-04-18T12:31:07","modified_gmt":"2023-04-18T12:31:07","slug":"peugeot-3008-2020-metamorphose","status":"publish","type":"post","link":"https:\/\/www.autojm.fr\/blog\/peugeot-3008-2020-metamorphose\/","title":{"rendered":"Peugeot 3008 2020 : m\u00e9tamorphose !"},"content":{"rendered":"<p>C&rsquo;est LE <strong><a href=\"https:\/\/www.autojm.fr\/mandataire-carrosserie-crossover-suv?part=blog&amp;utm_source=articleblog030920&amp;utm_medium=blog\">SUV<\/a> pr\u00e9f\u00e9r\u00e9 des Fran\u00e7ais<\/strong> : le c\u00e9l\u00e8bre <strong><a href=\"http:\/\/www.autojm.fr\/achat-voitures-neuves-peugeot-3008-suv-5p?part=blog&amp;utm_source=articleblog030920&amp;utm_medium=blog\">3008<\/a> <\/strong>vient de d\u00e9voiler sa troisi\u00e8me g\u00e9n\u00e9ration, et le moins que l&rsquo;on puisse dire, c&rsquo;est qu&rsquo;il ne passera pas inaper\u00e7u. Peugeot a cr\u00e9\u00e9 un nouveau visage \u00e0 son crossover le plus c\u00e9l\u00e8bre, qui associe l&rsquo;identit\u00e9 visuelle du 3008 derni\u00e8re g\u00e9n\u00e9ration \u00e0 celle du nouveau 2008, en production depuis quelques mois. On vous dit tout sur le <strong><a href=\"https:\/\/www.autojm.fr\/achat-voitures-neuves-peugeot-nouveau-3008-suv-2021-5p?part=blog&amp;utm_source=articleblog030920&amp;utm_medium=blog\">nouveau 3008<\/a><\/strong> !<\/p>\n<h2>Nouveau 3008 : changement radical de la face avant<\/h2>\n<p>Il suffit de poser le regard sur la <strong>face avant du nouveau 3008<\/strong> pour remarquer un visage bien diff\u00e9rent. Le <strong>SUV<\/strong> empreinte la signature lumineuse en forme de dents de Lion d\u00e9j\u00e0 remarqu\u00e9e sur la 508, la nouvelle 208 et le nouveau 2008, et se pare d&rsquo;une calandre au dessin in\u00e9dit : termin\u00e9e la calandre limit\u00e9e, celle-ci se poursuit jusque sous les feux de jour pour une impression de traits infinis, un rappel au concept-car <strong>Peugeot Instinct<\/strong> d\u00e9voil\u00e9 en 2017. Le nom du mod\u00e8le est inscrit en bout de capot au-dessus de la calandre, et on d\u00e9couvre des \u00e9copes lat\u00e9rales noir brillant et un sabot peint pour achever le look haut de gamme du mod\u00e8le. Deux nouvelles teintes de carrosserie sont disponibles : Bleu C\u00e9l\u00e8bes et Bleu Vertigo, ainsi que de nouvelles jantes 19 pouces. A l&rsquo;arri\u00e8re, les feux ont \u00e9t\u00e9 redessin\u00e9s.<\/p>\n<p>A bord de ce nouveau 3008, on retrouve le I-Cockpit cette fois-ci dot\u00e9 d&rsquo;un \u00e9cran central de 10 pouces (contre 8 pouces auparavant), de nouvelles selleries, et de nouveaux d\u00e9cors.<\/p>\n<h2>Motorisation du Peugeot 3008 2020<\/h2>\n<p>C\u00f4t\u00e9 <strong>motorisations<\/strong>, on retrouve les habituelles <strong>versions thermiques<\/strong> avec <strong>deux moteurs essence<\/strong> : 1.2 litres de 130 chevaux (en bo\u00eete manuelle BVM6 ou bo\u00eete auto EAT8) et 1.6 litres de 180 chevaux (en bo\u00eete auto EAT8), et un <strong>moteur diesel<\/strong> 1.5 litres de 130 chevaux (en bo\u00eete manuelle BVM6 ou bo\u00eete auto EAT8). Le<strong> nouveau 3008 <\/strong>propose \u00e9galement deux <strong>motorisations hybrides<\/strong> de 225 et 300 chevaux, et 2 et 4 roues motrices, avec une autonomie de 59 km en 100% \u00e9lectrique. Le <strong>label Peugeot Sport Engineered <\/strong>pourrait cr\u00e9er une version hybride sportive de 350 chevaux dans les mois \u00e0 venir pour compl\u00e9ter la gamme.<\/p>\n<p>Les mod\u00e8les de 3008 qui poss\u00e8dent une <strong>motorisation Essence ou Diesel <\/strong>\u00e9quip\u00e9e de la bo\u00eete automatique EAT8 disposent d&rsquo;un s\u00e9lecteur de mode de conduite avec les modes Normal, Sport et Eco. Sur les versions hybrides, le s\u00e9lecteur permet d&rsquo;acc\u00e9der au mode Electric, Hybrid, Sport et 4WD (pour la version hybride 300 chevaux \u00e0 4 roues motrices).<\/p>\n<h2>Aides \u00e0 la conduite du nouveau SUV 3008<\/h2>\n<p>Pas de r\u00e9volution du c\u00f4t\u00e9 des <strong>aides \u00e0 la conduite<\/strong>, mais quelques technologies suppl\u00e9mentaire avec le syst\u00e8me de vision de nuit \u201cNight Vision\u201d emprunt\u00e9 \u00e0 DS, mais \u00e9galement le r\u00e9gulateur de vitesse adaptatif avec fonction Stop and Go, l&rsquo;aide au maintien de la position dans la voie de circulation ou encore le freinage automatique d&rsquo;urgence.<\/p>\n<p>C&rsquo;est dans les <strong>usines de Sochaux<\/strong>, si\u00e8ge du constructeur automobile <strong>Peugeot<\/strong>, que le <strong>nouveau 3008<\/strong> fera son entr\u00e9e d&rsquo;ici la fin de l&rsquo;ann\u00e9e 2020.<\/p>\n<p><iframe loading=\"lazy\" src=\"https:\/\/www.youtube.com\/embed\/flzZZC23TV4\" width=\"100%\" height=\"315\" allowfullscreen=\"allowfullscreen\"><\/iframe><\/p>\n","protected":false},"excerpt":{"rendered":"<p>C&rsquo;est LE SUV pr\u00e9f\u00e9r\u00e9 des Fran\u00e7ais : le c\u00e9l\u00e8bre 3008 vient de d\u00e9voiler sa troisi\u00e8me g\u00e9n\u00e9ration, et le moins que l&rsquo;on puisse dire, c&rsquo;est qu&rsquo;il ne passera pas inaper\u00e7u. Peugeot a cr\u00e9\u00e9 un nouveau visage \u00e0 son crossover le plus c\u00e9l\u00e8bre, qui associe l&rsquo;identit\u00e9 visuelle du 3008 derni\u00e8re g\u00e9n\u00e9ration \u00e0 celle du nouveau 2008, en production depuis quelques mois. On vous dit tout sur le nouveau 3008 !<\/p>\n","protected":false},"author":1,"featured_media":5911,"comment_status":"open","ping_status":"open","sticky":false,"template":"","format":"standard","meta":{"_acf_changed":false,"content-type":"","footnotes":""},"categories":[235,61],"tags":[90,73,159],"class_list":["post-3851","post","type-post","status-publish","format-standard","has-post-thumbnail","hentry","category-nouveaute-peugeot","category-nouveautes-autos","tag-autojm","tag-peugeot","tag-peugeot-3008"],"acf":[],"yoast_head":"<!-- This site is optimized with the Yoast SEO plugin v27.5 - https:\/\/yoast.com\/product\/yoast-seo-wordpress\/ -->\n<title>Peugeot 3008 2020 : m\u00e9tamorphose ! - AutoJM Mag<\/title>\n<meta name=\"description\" content=\"C&#039;est LE SUV pr\u00e9f\u00e9r\u00e9 des Fran\u00e7ais : le c\u00e9l\u00e8bre 3008 vient de d\u00e9voiler sa troisi\u00e8me g\u00e9n\u00e9ration, et le moins que l&#039;on puisse dire, c&#039;est...\" \/>\n<meta name=\"robots\" content=\"index, follow, max-snippet:-1, max-image-preview:large, max-video-preview:-1\" \/>\n<link rel=\"canonical\" href=\"https:\/\/www.autojm.fr\/blog\/peugeot-3008-2020-metamorphose\/\" \/>\n<meta property=\"og:locale\" content=\"fr_FR\" \/>\n<meta property=\"og:type\" content=\"article\" \/>\n<meta property=\"og:title\" content=\"Peugeot 3008 2020 : m\u00e9tamorphose ! - AutoJM Mag\" \/>\n<meta property=\"og:description\" content=\"C&#039;est LE SUV pr\u00e9f\u00e9r\u00e9 des Fran\u00e7ais : le c\u00e9l\u00e8bre 3008 vient de d\u00e9voiler sa troisi\u00e8me g\u00e9n\u00e9ration, et le moins que l&#039;on puisse dire, c&#039;est...\" \/>\n<meta property=\"og:url\" content=\"https:\/\/www.autojm.fr\/blog\/peugeot-3008-2020-metamorphose\/\" \/>\n<meta property=\"og:site_name\" content=\"AutoJM Mag\" \/>\n<meta property=\"article:publisher\" content=\"https:\/\/www.facebook.com\/AutoJM25\" \/>\n<meta property=\"article:published_time\" content=\"2020-09-03T00:00:00+00:00\" \/>\n<meta property=\"article:modified_time\" content=\"2023-04-18T12:31:07+00:00\" \/>\n<meta property=\"og:image\" content=\"https:\/\/www.autojm.fr\/blog\/wp-content\/uploads\/2022\/10\/580-scaled.jpg\" \/>\n\t<meta property=\"og:image:width\" content=\"2560\" \/>\n\t<meta property=\"og:image:height\" content=\"1160\" \/>\n\t<meta property=\"og:image:type\" content=\"image\/jpeg\" \/>\n<meta name=\"author\" content=\"Autojm\" \/>\n<meta name=\"twitter:card\" content=\"summary_large_image\" \/>\n<meta name=\"twitter:label1\" content=\"\u00c9crit par\" \/>\n\t<meta name=\"twitter:data1\" content=\"Autojm\" \/>\n\t<meta name=\"twitter:label2\" content=\"Dur\u00e9e de lecture estim\u00e9e\" \/>\n\t<meta name=\"twitter:data2\" content=\"3 minutes\" \/>\n<script type=\"application\/ld+json\" class=\"yoast-schema-graph\">{\"@context\":\"https:\\\/\\\/schema.org\",\"@graph\":[{\"@type\":\"Article\",\"@id\":\"https:\\\/\\\/www.autojm.fr\\\/blog\\\/peugeot-3008-2020-metamorphose\\\/#article\",\"isPartOf\":{\"@id\":\"https:\\\/\\\/www.autojm.fr\\\/blog\\\/peugeot-3008-2020-metamorphose\\\/\"},\"author\":{\"name\":\"Autojm\",\"@id\":\"https:\\\/\\\/www.autojm.fr\\\/blog\\\/#\\\/schema\\\/person\\\/9742bc77541853e0de81fc57f947e1a0\"},\"headline\":\"Peugeot 3008 2020 : m\u00e9tamorphose !\",\"datePublished\":\"2020-09-03T00:00:00+00:00\",\"dateModified\":\"2023-04-18T12:31:07+00:00\",\"mainEntityOfPage\":{\"@id\":\"https:\\\/\\\/www.autojm.fr\\\/blog\\\/peugeot-3008-2020-metamorphose\\\/\"},\"wordCount\":509,\"commentCount\":0,\"publisher\":{\"@id\":\"https:\\\/\\\/www.autojm.fr\\\/blog\\\/#organization\"},\"image\":{\"@id\":\"https:\\\/\\\/www.autojm.fr\\\/blog\\\/peugeot-3008-2020-metamorphose\\\/#primaryimage\"},\"thumbnailUrl\":\"https:\\\/\\\/www.autojm.fr\\\/blog\\\/wp-content\\\/uploads\\\/2022\\\/10\\\/580-scaled.jpg\",\"keywords\":[\"autojm\",\"peugeot\",\"Peugeot 3008\"],\"articleSection\":[\"Nouveaut\u00e9 Peugeot\",\"Nouveaut\u00e9s Autos\"],\"inLanguage\":\"fr-FR\",\"potentialAction\":[{\"@type\":\"CommentAction\",\"name\":\"Comment\",\"target\":[\"https:\\\/\\\/www.autojm.fr\\\/blog\\\/peugeot-3008-2020-metamorphose\\\/#respond\"]}]},{\"@type\":\"WebPage\",\"@id\":\"https:\\\/\\\/www.autojm.fr\\\/blog\\\/peugeot-3008-2020-metamorphose\\\/\",\"url\":\"https:\\\/\\\/www.autojm.fr\\\/blog\\\/peugeot-3008-2020-metamorphose\\\/\",\"name\":\"Peugeot 3008 2020 : m\u00e9tamorphose ! - AutoJM Mag\",\"isPartOf\":{\"@id\":\"https:\\\/\\\/www.autojm.fr\\\/blog\\\/#website\"},\"primaryImageOfPage\":{\"@id\":\"https:\\\/\\\/www.autojm.fr\\\/blog\\\/peugeot-3008-2020-metamorphose\\\/#primaryimage\"},\"image\":{\"@id\":\"https:\\\/\\\/www.autojm.fr\\\/blog\\\/peugeot-3008-2020-metamorphose\\\/#primaryimage\"},\"thumbnailUrl\":\"https:\\\/\\\/www.autojm.fr\\\/blog\\\/wp-content\\\/uploads\\\/2022\\\/10\\\/580-scaled.jpg\",\"datePublished\":\"2020-09-03T00:00:00+00:00\",\"dateModified\":\"2023-04-18T12:31:07+00:00\",\"description\":\"C'est LE SUV pr\u00e9f\u00e9r\u00e9 des Fran\u00e7ais : le c\u00e9l\u00e8bre 3008 vient de d\u00e9voiler sa troisi\u00e8me g\u00e9n\u00e9ration, et le moins que l'on puisse dire, c'est...\",\"breadcrumb\":{\"@id\":\"https:\\\/\\\/www.autojm.fr\\\/blog\\\/peugeot-3008-2020-metamorphose\\\/#breadcrumb\"},\"inLanguage\":\"fr-FR\",\"potentialAction\":[{\"@type\":\"ReadAction\",\"target\":[\"https:\\\/\\\/www.autojm.fr\\\/blog\\\/peugeot-3008-2020-metamorphose\\\/\"]}]},{\"@type\":\"ImageObject\",\"inLanguage\":\"fr-FR\",\"@id\":\"https:\\\/\\\/www.autojm.fr\\\/blog\\\/peugeot-3008-2020-metamorphose\\\/#primaryimage\",\"url\":\"https:\\\/\\\/www.autojm.fr\\\/blog\\\/wp-content\\\/uploads\\\/2022\\\/10\\\/580-scaled.jpg\",\"contentUrl\":\"https:\\\/\\\/www.autojm.fr\\\/blog\\\/wp-content\\\/uploads\\\/2022\\\/10\\\/580-scaled.jpg\",\"width\":2560,\"height\":1160,\"caption\":\"Peugeot 3008\"},{\"@type\":\"BreadcrumbList\",\"@id\":\"https:\\\/\\\/www.autojm.fr\\\/blog\\\/peugeot-3008-2020-metamorphose\\\/#breadcrumb\",\"itemListElement\":[{\"@type\":\"ListItem\",\"position\":1,\"name\":\"Accueil\",\"item\":\"https:\\\/\\\/www.autojm.fr\\\/blog\\\/\"},{\"@type\":\"ListItem\",\"position\":2,\"name\":\"Nouveaut\u00e9s Autos\",\"item\":\"https:\\\/\\\/www.autojm.fr\\\/blog\\\/nouveautes-autos\\\/\"},{\"@type\":\"ListItem\",\"position\":3,\"name\":\"Peugeot 3008 2020 : m\u00e9tamorphose !\"}]},{\"@type\":\"WebSite\",\"@id\":\"https:\\\/\\\/www.autojm.fr\\\/blog\\\/#website\",\"url\":\"https:\\\/\\\/www.autojm.fr\\\/blog\\\/\",\"name\":\"AutoJM Mag\",\"description\":\"Toute l&#039;actu auto en 1 clic !\",\"publisher\":{\"@id\":\"https:\\\/\\\/www.autojm.fr\\\/blog\\\/#organization\"},\"potentialAction\":[{\"@type\":\"SearchAction\",\"target\":{\"@type\":\"EntryPoint\",\"urlTemplate\":\"https:\\\/\\\/www.autojm.fr\\\/blog\\\/?s={search_term_string}\"},\"query-input\":{\"@type\":\"PropertyValueSpecification\",\"valueRequired\":true,\"valueName\":\"search_term_string\"}}],\"inLanguage\":\"fr-FR\"},{\"@type\":\"Organization\",\"@id\":\"https:\\\/\\\/www.autojm.fr\\\/blog\\\/#organization\",\"name\":\"AutoJM Mag\",\"url\":\"https:\\\/\\\/www.autojm.fr\\\/blog\\\/\",\"logo\":{\"@type\":\"ImageObject\",\"inLanguage\":\"fr-FR\",\"@id\":\"https:\\\/\\\/www.autojm.fr\\\/blog\\\/#\\\/schema\\\/logo\\\/image\\\/\",\"url\":\"https:\\\/\\\/www.autojm.fr\\\/blog\\\/wp-content\\\/uploads\\\/2022\\\/12\\\/cropped-AutoJMag-png.png\",\"contentUrl\":\"https:\\\/\\\/www.autojm.fr\\\/blog\\\/wp-content\\\/uploads\\\/2022\\\/12\\\/cropped-AutoJMag-png.png\",\"width\":2834,\"height\":585,\"caption\":\"AutoJM Mag\"},\"image\":{\"@id\":\"https:\\\/\\\/www.autojm.fr\\\/blog\\\/#\\\/schema\\\/logo\\\/image\\\/\"},\"sameAs\":[\"https:\\\/\\\/www.facebook.com\\\/AutoJM25\"]},{\"@type\":\"Person\",\"@id\":\"https:\\\/\\\/www.autojm.fr\\\/blog\\\/#\\\/schema\\\/person\\\/9742bc77541853e0de81fc57f947e1a0\",\"name\":\"Autojm\",\"image\":{\"@type\":\"ImageObject\",\"inLanguage\":\"fr-FR\",\"@id\":\"https:\\\/\\\/secure.gravatar.com\\\/avatar\\\/9a959d52b758fcc232fe4b6aca7bab139182573297122cce7d6f2ee0e537b418?s=96&d=mm&r=g\",\"url\":\"https:\\\/\\\/secure.gravatar.com\\\/avatar\\\/9a959d52b758fcc232fe4b6aca7bab139182573297122cce7d6f2ee0e537b418?s=96&d=mm&r=g\",\"contentUrl\":\"https:\\\/\\\/secure.gravatar.com\\\/avatar\\\/9a959d52b758fcc232fe4b6aca7bab139182573297122cce7d6f2ee0e537b418?s=96&d=mm&r=g\",\"caption\":\"Autojm\"},\"sameAs\":[\"https:\\\/\\\/www.autojm.fr\\\/blog\"],\"url\":\"https:\\\/\\\/www.autojm.fr\\\/blog\\\/author\\\/bichoi\\\/\"}]}<\/script>\n<!-- \/ Yoast SEO plugin. -->","yoast_head_json":{"title":"Peugeot 3008 2020 : m\u00e9tamorphose ! - AutoJM Mag","description":"C'est LE SUV pr\u00e9f\u00e9r\u00e9 des Fran\u00e7ais : le c\u00e9l\u00e8bre 3008 vient de d\u00e9voiler sa troisi\u00e8me g\u00e9n\u00e9ration, et le moins que l'on puisse dire, c'est...","robots":{"index":"index","follow":"follow","max-snippet":"max-snippet:-1","max-image-preview":"max-image-preview:large","max-video-preview":"max-video-preview:-1"},"canonical":"https:\/\/www.autojm.fr\/blog\/peugeot-3008-2020-metamorphose\/","og_locale":"fr_FR","og_type":"article","og_title":"Peugeot 3008 2020 : m\u00e9tamorphose ! - AutoJM Mag","og_description":"C'est LE SUV pr\u00e9f\u00e9r\u00e9 des Fran\u00e7ais : le c\u00e9l\u00e8bre 3008 vient de d\u00e9voiler sa troisi\u00e8me g\u00e9n\u00e9ration, et le moins que l'on puisse dire, c'est...","og_url":"https:\/\/www.autojm.fr\/blog\/peugeot-3008-2020-metamorphose\/","og_site_name":"AutoJM Mag","article_publisher":"https:\/\/www.facebook.com\/AutoJM25","article_published_time":"2020-09-03T00:00:00+00:00","article_modified_time":"2023-04-18T12:31:07+00:00","og_image":[{"width":2560,"height":1160,"url":"https:\/\/www.autojm.fr\/blog\/wp-content\/uploads\/2022\/10\/580-scaled.jpg","type":"image\/jpeg"}],"author":"Autojm","twitter_card":"summary_large_image","twitter_misc":{"\u00c9crit par":"Autojm","Dur\u00e9e de lecture estim\u00e9e":"3 minutes"},"schema":{"@context":"https:\/\/schema.org","@graph":[{"@type":"Article","@id":"https:\/\/www.autojm.fr\/blog\/peugeot-3008-2020-metamorphose\/#article","isPartOf":{"@id":"https:\/\/www.autojm.fr\/blog\/peugeot-3008-2020-metamorphose\/"},"author":{"name":"Autojm","@id":"https:\/\/www.autojm.fr\/blog\/#\/schema\/person\/9742bc77541853e0de81fc57f947e1a0"},"headline":"Peugeot 3008 2020 : m\u00e9tamorphose !","datePublished":"2020-09-03T00:00:00+00:00","dateModified":"2023-04-18T12:31:07+00:00","mainEntityOfPage":{"@id":"https:\/\/www.autojm.fr\/blog\/peugeot-3008-2020-metamorphose\/"},"wordCount":509,"commentCount":0,"publisher":{"@id":"https:\/\/www.autojm.fr\/blog\/#organization"},"image":{"@id":"https:\/\/www.autojm.fr\/blog\/peugeot-3008-2020-metamorphose\/#primaryimage"},"thumbnailUrl":"https:\/\/www.autojm.fr\/blog\/wp-content\/uploads\/2022\/10\/580-scaled.jpg","keywords":["autojm","peugeot","Peugeot 3008"],"articleSection":["Nouveaut\u00e9 Peugeot","Nouveaut\u00e9s Autos"],"inLanguage":"fr-FR","potentialAction":[{"@type":"CommentAction","name":"Comment","target":["https:\/\/www.autojm.fr\/blog\/peugeot-3008-2020-metamorphose\/#respond"]}]},{"@type":"WebPage","@id":"https:\/\/www.autojm.fr\/blog\/peugeot-3008-2020-metamorphose\/","url":"https:\/\/www.autojm.fr\/blog\/peugeot-3008-2020-metamorphose\/","name":"Peugeot 3008 2020 : m\u00e9tamorphose ! - AutoJM Mag","isPartOf":{"@id":"https:\/\/www.autojm.fr\/blog\/#website"},"primaryImageOfPage":{"@id":"https:\/\/www.autojm.fr\/blog\/peugeot-3008-2020-metamorphose\/#primaryimage"},"image":{"@id":"https:\/\/www.autojm.fr\/blog\/peugeot-3008-2020-metamorphose\/#primaryimage"},"thumbnailUrl":"https:\/\/www.autojm.fr\/blog\/wp-content\/uploads\/2022\/10\/580-scaled.jpg","datePublished":"2020-09-03T00:00:00+00:00","dateModified":"2023-04-18T12:31:07+00:00","description":"C'est LE SUV pr\u00e9f\u00e9r\u00e9 des Fran\u00e7ais : le c\u00e9l\u00e8bre 3008 vient de d\u00e9voiler sa troisi\u00e8me g\u00e9n\u00e9ration, et le moins que l'on puisse dire, c'est...","breadcrumb":{"@id":"https:\/\/www.autojm.fr\/blog\/peugeot-3008-2020-metamorphose\/#breadcrumb"},"inLanguage":"fr-FR","potentialAction":[{"@type":"ReadAction","target":["https:\/\/www.autojm.fr\/blog\/peugeot-3008-2020-metamorphose\/"]}]},{"@type":"ImageObject","inLanguage":"fr-FR","@id":"https:\/\/www.autojm.fr\/blog\/peugeot-3008-2020-metamorphose\/#primaryimage","url":"https:\/\/www.autojm.fr\/blog\/wp-content\/uploads\/2022\/10\/580-scaled.jpg","contentUrl":"https:\/\/www.autojm.fr\/blog\/wp-content\/uploads\/2022\/10\/580-scaled.jpg","width":2560,"height":1160,"caption":"Peugeot 3008"},{"@type":"BreadcrumbList","@id":"https:\/\/www.autojm.fr\/blog\/peugeot-3008-2020-metamorphose\/#breadcrumb","itemListElement":[{"@type":"ListItem","position":1,"name":"Accueil","item":"https:\/\/www.autojm.fr\/blog\/"},{"@type":"ListItem","position":2,"name":"Nouveaut\u00e9s Autos","item":"https:\/\/www.autojm.fr\/blog\/nouveautes-autos\/"},{"@type":"ListItem","position":3,"name":"Peugeot 3008 2020 : m\u00e9tamorphose !"}]},{"@type":"WebSite","@id":"https:\/\/www.autojm.fr\/blog\/#website","url":"https:\/\/www.autojm.fr\/blog\/","name":"AutoJM Mag","description":"Toute l&#039;actu auto en 1 clic !","publisher":{"@id":"https:\/\/www.autojm.fr\/blog\/#organization"},"potentialAction":[{"@type":"SearchAction","target":{"@type":"EntryPoint","urlTemplate":"https:\/\/www.autojm.fr\/blog\/?s={search_term_string}"},"query-input":{"@type":"PropertyValueSpecification","valueRequired":true,"valueName":"search_term_string"}}],"inLanguage":"fr-FR"},{"@type":"Organization","@id":"https:\/\/www.autojm.fr\/blog\/#organization","name":"AutoJM Mag","url":"https:\/\/www.autojm.fr\/blog\/","logo":{"@type":"ImageObject","inLanguage":"fr-FR","@id":"https:\/\/www.autojm.fr\/blog\/#\/schema\/logo\/image\/","url":"https:\/\/www.autojm.fr\/blog\/wp-content\/uploads\/2022\/12\/cropped-AutoJMag-png.png","contentUrl":"https:\/\/www.autojm.fr\/blog\/wp-content\/uploads\/2022\/12\/cropped-AutoJMag-png.png","width":2834,"height":585,"caption":"AutoJM Mag"},"image":{"@id":"https:\/\/www.autojm.fr\/blog\/#\/schema\/logo\/image\/"},"sameAs":["https:\/\/www.facebook.com\/AutoJM25"]},{"@type":"Person","@id":"https:\/\/www.autojm.fr\/blog\/#\/schema\/person\/9742bc77541853e0de81fc57f947e1a0","name":"Autojm","image":{"@type":"ImageObject","inLanguage":"fr-FR","@id":"https:\/\/secure.gravatar.com\/avatar\/9a959d52b758fcc232fe4b6aca7bab139182573297122cce7d6f2ee0e537b418?s=96&d=mm&r=g","url":"https:\/\/secure.gravatar.com\/avatar\/9a959d52b758fcc232fe4b6aca7bab139182573297122cce7d6f2ee0e537b418?s=96&d=mm&r=g","contentUrl":"https:\/\/secure.gravatar.com\/avatar\/9a959d52b758fcc232fe4b6aca7bab139182573297122cce7d6f2ee0e537b418?s=96&d=mm&r=g","caption":"Autojm"},"sameAs":["https:\/\/www.autojm.fr\/blog"],"url":"https:\/\/www.autojm.fr\/blog\/author\/bichoi\/"}]}},"_links":{"self":[{"href":"https:\/\/www.autojm.fr\/blog\/wp-json\/wp\/v2\/posts\/3851","targetHints":{"allow":["GET"]}}],"collection":[{"href":"https:\/\/www.autojm.fr\/blog\/wp-json\/wp\/v2\/posts"}],"about":[{"href":"https:\/\/www.autojm.fr\/blog\/wp-json\/wp\/v2\/types\/post"}],"author":[{"embeddable":true,"href":"https:\/\/www.autojm.fr\/blog\/wp-json\/wp\/v2\/users\/1"}],"replies":[{"embeddable":true,"href":"https:\/\/www.autojm.fr\/blog\/wp-json\/wp\/v2\/comments?post=3851"}],"version-history":[{"count":5,"href":"https:\/\/www.autojm.fr\/blog\/wp-json\/wp\/v2\/posts\/3851\/revisions"}],"predecessor-version":[{"id":9227,"href":"https:\/\/www.autojm.fr\/blog\/wp-json\/wp\/v2\/posts\/3851\/revisions\/9227"}],"wp:featuredmedia":[{"embeddable":true,"href":"https:\/\/www.autojm.fr\/blog\/wp-json\/wp\/v2\/media\/5911"}],"wp:attachment":[{"href":"https:\/\/www.autojm.fr\/blog\/wp-json\/wp\/v2\/media?parent=3851"}],"wp:term":[{"taxonomy":"category","embeddable":true,"href":"https:\/\/www.autojm.fr\/blog\/wp-json\/wp\/v2\/categories?post=3851"},{"taxonomy":"post_tag","embeddable":true,"href":"https:\/\/www.autojm.fr\/blog\/wp-json\/wp\/v2\/tags?post=3851"}],"curies":[{"name":"wp","href":"https:\/\/api.w.org\/{rel}","templated":true}]}}