{"id":3850,"date":"2020-09-01T00:00:00","date_gmt":"2020-09-01T00:00:00","guid":{"rendered":"https:\/\/www.autojm.fr\/blog\/la-renault-clio-fete-ses-30-ans\/"},"modified":"2023-04-18T12:31:37","modified_gmt":"2023-04-18T12:31:37","slug":"la-renault-clio-fete-ses-30-ans","status":"publish","type":"post","link":"https:\/\/www.autojm.fr\/blog\/la-renault-clio-fete-ses-30-ans\/","title":{"rendered":"La Renault Clio f\u00eate ses 30 ans !"},"content":{"rendered":"<p>La citadine la plus populaire du pays f\u00eate ses 30 ans ! La <strong>Renault Clio<\/strong> enregistre pas moins de 15 millions de ventes en 30 ans d&rsquo;existence et s&rsquo;est plac\u00e9e au rang de num\u00e9ro 1 des ventes en France, mais \u00e9galement en Europe face \u00e0 sa tr\u00e8s forte concurrente la Volkswagen Golf. La 5\u00e8me g\u00e9n\u00e9ration a \u00e9t\u00e9 lanc\u00e9e en avril 2019 et affiche d\u00e9j\u00e0 de tr\u00e8s beaux scores de ventes. Mais quelle est l&rsquo;histoire de la Renault Clio comment a-t-elle \u00e9volu\u00e9 ?<\/p>\n<h2>Historique de la Renault Clio<\/h2>\n<p>C&rsquo;est donc en 1990 que l&rsquo;aventure commence pour la Renault Clio. <strong>La premi\u00e8re g\u00e9n\u00e9ration sera produite \u00e0 plus de 4 millions d&rsquo;exemplaires<\/strong>, ce qui ouvre d\u00e9j\u00e0 la voie vers le succ\u00e8s \u00e0 la citadine. En novembre 1990, la <strong>Renault Clio 1<\/strong> obtient le titre de \u201c<strong>Voiture de l&rsquo;ann\u00e9e 1991<\/strong>\u201d. Elle est restyl\u00e9e une premi\u00e8re fois en 1994 pour accueillir de nouveaux feux arri\u00e8re, une nouvelle calandre et des \u00e9quipements plus modernes, une deuxi\u00e8me fois en 1996 avec une face avant redessin\u00e9e.<\/p>\n<p>La <strong>Clio 1 <\/strong>sera rejointe par la <strong>Clio 2<\/strong> en 1998, avant de dispara\u00eetre des usines de production. La Clio 2 entre donc en production en 1998, avec un look bien \u00e9volu\u00e9 qui laisse place \u00e0 des phares plus imposants et gagne quelques centim\u00e8tres en hauteur. Elle sera produite jusqu&rsquo;en 2012, avec 4 restylages en 2001, 2003, 2006 et 2009. La <strong>Clio 3<\/strong> fait son entr\u00e9e sur le march\u00e9 automobile en 2005, avec un look toujours \u00e9volu\u00e9 sur la g\u00e9n\u00e9ration pr\u00e9c\u00e9dente. La Clio 2 et 3 ont donc cohabit\u00e9 dans les usines de production pendant 7 ans, jusqu&rsquo;\u00e0 l&rsquo;arr\u00eat de la production de la 2\u00e8me g\u00e9n\u00e9ration en 2012. Elle laisse sa place \u00e0 la Clio 4 qui entre en production en 2012 et vient donc compl\u00e9ter la Clio 3. Cette derni\u00e8re dispara\u00eet des usines en 2014, pour laisser le champ libre \u00e0 la <strong>Clio 4<\/strong>. La Clio 4 sera produite jusqu&rsquo;en 2019, o\u00f9 elle c\u00e8de sa place \u00e0 la cinqui\u00e8me g\u00e9n\u00e9ration, la Clio 5, actuellement en vente.<\/p>\n<p>Du c\u00f4t\u00e9 des chiffres de productions, <strong>la Clio 2 s&rsquo;est produite en 5 631 000 exemplaires, le record de la gamme. La Clio 3 atteint 2 400 000 exemplaires, et la Clio 4 s&rsquo;est produite \u00e0 4 000 000 d&rsquo;exemplaires<\/strong>.<\/p>\n<h2>Renault Clio 4 : le style se d\u00e9marque<\/h2>\n<p>La <strong><a href=\"https:\/\/www.autojm.fr\/achat-voitures-neuves-renault-clio-4-5p?part=blog&amp;utm_source=articleblog010920&amp;utm_medium=blog\">Clio 4<\/a><\/strong> a marqu\u00e9 un tournant dans l&rsquo;histoire de la citadine : l&rsquo;\u00e9volution stylistique est remarquable, et le coup de pinceau de Laurens Van Den Acker n&rsquo;y est pas pour rien. Avec cette nouvelle g\u00e9n\u00e9ration, la Clio marque son empreinte en int\u00e9grant des feux en forme de C rappelant son identit\u00e9, mais \u00e9galement en se modernisant avec l&rsquo;arriv\u00e9e d&rsquo;un \u00e9cran central dot\u00e9 du syst\u00e8me multim\u00e9dia R-Link, une personnalisation int\u00e9rieure riche avec quatre ambiances au choix, mais \u00e9galement des aides \u00e0 la conduite qui sont aujourd&rsquo;hui de vrais atouts pour les v\u00e9hicules. La Clio 4 a vu ses ventes augmenter d&rsquo;ann\u00e9es en ann\u00e9es, notamment gr\u00e2ce \u00e0 sa \u201cmise \u00e0 jour\u201d r\u00e9guli\u00e8re lui permettant d&rsquo;int\u00e9grer les derni\u00e8res technologies \u00e0 la mode comme l&rsquo;aide au parking mains-libres.<\/p>\n<h2>Renault Clio 5 : d\u00e9clinaison hybride<\/h2>\n<p><iframe loading=\"lazy\" src=\"https:\/\/www.youtube.com\/embed\/U9mi8Vid0tA\" width=\"100%\" height=\"315\" allowfullscreen=\"allowfullscreen\"><\/iframe><\/p>\n<p>C&rsquo;est donc l&rsquo;ann\u00e9e de ses 30 ans que la citadine pr\u00e9f\u00e9r\u00e9e des Fran\u00e7ais revient avec sa 5\u00e8me g\u00e9n\u00e9ration. Et si la <strong><a href=\"https:\/\/www.autojm.fr\/achat-voitures-neuves-renault-clio-5-5p?part=blog&amp;utm_source=articleblog010920&amp;utm_medium=blog\">Clio 5<\/a><\/strong> a tout d&rsquo;une gagnante, c&rsquo;est parce qu&rsquo;elle a su s&rsquo;inspirer de toutes ses a\u00een\u00e9es : elle conserve le style s\u00e9duisant de la <strong>Clio 4<\/strong> avec des traits encore am\u00e9lior\u00e9s, elle renouvelle son tableau de bord et am\u00e9liore la qualit\u00e9 de ses plastiques tout comme l&rsquo;avait fait la <strong>Clio 3<\/strong>, elle augmente son habitabilit\u00e9 tout comme la <strong>Clio 2<\/strong> et obtient m\u00eame le plus grand volume de coffre de sa cat\u00e9gorie, enfin, la nouvelle Clio adopte, comme l&rsquo;avait fait la <strong>Clio 1<\/strong>, les technologies des v\u00e9hicules de cat\u00e9gorie sup\u00e9rieure.<\/p>\n<p>30 ans, et toujours plus de succ\u00e8s. Pour cet anniversaire, la marque au losange a d\u00e9voil\u00e9 une publicit\u00e9 in\u00e9dite dans laquelle elle trace le parcours de vie d&rsquo;une m\u00e8re et son enfant qui \u00e9voluent et durant lequel on peut observer toutes les g\u00e9n\u00e9rations de la citadine, pour terminer par la mise en avant de la <strong>Clio Hybride<\/strong> tout juste commercialis\u00e9e. Pour sa cinqui\u00e8me g\u00e9n\u00e9ration, la <strong>Renault Clio <\/strong>innove et s&rsquo;offre un mod\u00e8le hybride, avec 140 chevaux de puissance et un d\u00e9marrage 100% \u00e9lectrique.<\/p>\n<p><iframe loading=\"lazy\" src=\"https:\/\/www.youtube.com\/embed\/pPCV7gH0onw\" width=\"100%\" height=\"315\" allowfullscreen=\"allowfullscreen\"><\/iframe><\/p>\n","protected":false},"excerpt":{"rendered":"<p>La citadine la plus populaire du pays f\u00eate ses 30 ans ! La Renault Clio enregistre pas moins de 15 millions de ventes en 30 ans d&rsquo;existence et s&rsquo;est plac\u00e9e au rang de num\u00e9ro 1 des ventes en France, mais \u00e9galement en Europe face \u00e0 sa tr\u00e8s forte concurrente la Volkswagen Golf. La 5\u00e8me g\u00e9n\u00e9ration a \u00e9t\u00e9 lanc\u00e9e en avril 2019 et affiche d\u00e9j\u00e0 de tr\u00e8s beaux scores de ventes.<\/p>\n","protected":false},"author":1,"featured_media":5910,"comment_status":"open","ping_status":"open","sticky":false,"template":"","format":"standard","meta":{"_acf_changed":false,"content-type":"","footnotes":""},"categories":[62,61],"tags":[90,78,171],"class_list":["post-3850","post","type-post","status-publish","format-standard","has-post-thumbnail","hentry","category-nouveaute-renault","category-nouveautes-autos","tag-autojm","tag-renault","tag-renault-clio"],"acf":[],"yoast_head":"<!-- This site is optimized with the Yoast SEO plugin v27.5 - https:\/\/yoast.com\/product\/yoast-seo-wordpress\/ -->\n<title>La Renault Clio f\u00eate ses 30 ans ! - AutoJM Mag<\/title>\n<meta name=\"description\" content=\"La Renault Clio enregistre pas moins de 15 millions de ventes en 30 ans d&#039;existence et s&#039;est plac\u00e9e au rang de num\u00e9ro 1 des ventes...\" \/>\n<meta name=\"robots\" content=\"index, follow, max-snippet:-1, max-image-preview:large, max-video-preview:-1\" \/>\n<link rel=\"canonical\" href=\"https:\/\/www.autojm.fr\/blog\/la-renault-clio-fete-ses-30-ans\/\" \/>\n<meta property=\"og:locale\" content=\"fr_FR\" \/>\n<meta property=\"og:type\" content=\"article\" \/>\n<meta property=\"og:title\" content=\"La Renault Clio f\u00eate ses 30 ans ! - AutoJM Mag\" \/>\n<meta property=\"og:description\" content=\"La Renault Clio enregistre pas moins de 15 millions de ventes en 30 ans d&#039;existence et s&#039;est plac\u00e9e au rang de num\u00e9ro 1 des ventes...\" \/>\n<meta property=\"og:url\" content=\"https:\/\/www.autojm.fr\/blog\/la-renault-clio-fete-ses-30-ans\/\" \/>\n<meta property=\"og:site_name\" content=\"AutoJM Mag\" \/>\n<meta property=\"article:publisher\" content=\"https:\/\/www.facebook.com\/AutoJM25\" \/>\n<meta property=\"article:published_time\" content=\"2020-09-01T00:00:00+00:00\" \/>\n<meta property=\"article:modified_time\" content=\"2023-04-18T12:31:37+00:00\" \/>\n<meta property=\"og:image\" content=\"https:\/\/www.autojm.fr\/blog\/wp-content\/uploads\/2022\/10\/579-scaled.jpg\" \/>\n\t<meta property=\"og:image:width\" content=\"2560\" \/>\n\t<meta property=\"og:image:height\" content=\"1160\" \/>\n\t<meta property=\"og:image:type\" content=\"image\/jpeg\" \/>\n<meta name=\"author\" content=\"Autojm\" \/>\n<meta name=\"twitter:card\" content=\"summary_large_image\" \/>\n<meta name=\"twitter:label1\" content=\"\u00c9crit par\" \/>\n\t<meta name=\"twitter:data1\" content=\"Autojm\" \/>\n\t<meta name=\"twitter:label2\" content=\"Dur\u00e9e de lecture estim\u00e9e\" \/>\n\t<meta name=\"twitter:data2\" content=\"4 minutes\" \/>\n<script type=\"application\/ld+json\" class=\"yoast-schema-graph\">{\"@context\":\"https:\\\/\\\/schema.org\",\"@graph\":[{\"@type\":\"Article\",\"@id\":\"https:\\\/\\\/www.autojm.fr\\\/blog\\\/la-renault-clio-fete-ses-30-ans\\\/#article\",\"isPartOf\":{\"@id\":\"https:\\\/\\\/www.autojm.fr\\\/blog\\\/la-renault-clio-fete-ses-30-ans\\\/\"},\"author\":{\"name\":\"Autojm\",\"@id\":\"https:\\\/\\\/www.autojm.fr\\\/blog\\\/#\\\/schema\\\/person\\\/9742bc77541853e0de81fc57f947e1a0\"},\"headline\":\"La Renault Clio f\u00eate ses 30 ans !\",\"datePublished\":\"2020-09-01T00:00:00+00:00\",\"dateModified\":\"2023-04-18T12:31:37+00:00\",\"mainEntityOfPage\":{\"@id\":\"https:\\\/\\\/www.autojm.fr\\\/blog\\\/la-renault-clio-fete-ses-30-ans\\\/\"},\"wordCount\":721,\"commentCount\":0,\"publisher\":{\"@id\":\"https:\\\/\\\/www.autojm.fr\\\/blog\\\/#organization\"},\"image\":{\"@id\":\"https:\\\/\\\/www.autojm.fr\\\/blog\\\/la-renault-clio-fete-ses-30-ans\\\/#primaryimage\"},\"thumbnailUrl\":\"https:\\\/\\\/www.autojm.fr\\\/blog\\\/wp-content\\\/uploads\\\/2022\\\/10\\\/579-scaled.jpg\",\"keywords\":[\"autojm\",\"renault\",\"Renault Clio\"],\"articleSection\":[\"Nouveaut\u00e9 Renault\",\"Nouveaut\u00e9s Autos\"],\"inLanguage\":\"fr-FR\",\"potentialAction\":[{\"@type\":\"CommentAction\",\"name\":\"Comment\",\"target\":[\"https:\\\/\\\/www.autojm.fr\\\/blog\\\/la-renault-clio-fete-ses-30-ans\\\/#respond\"]}]},{\"@type\":\"WebPage\",\"@id\":\"https:\\\/\\\/www.autojm.fr\\\/blog\\\/la-renault-clio-fete-ses-30-ans\\\/\",\"url\":\"https:\\\/\\\/www.autojm.fr\\\/blog\\\/la-renault-clio-fete-ses-30-ans\\\/\",\"name\":\"La Renault Clio f\u00eate ses 30 ans ! - AutoJM Mag\",\"isPartOf\":{\"@id\":\"https:\\\/\\\/www.autojm.fr\\\/blog\\\/#website\"},\"primaryImageOfPage\":{\"@id\":\"https:\\\/\\\/www.autojm.fr\\\/blog\\\/la-renault-clio-fete-ses-30-ans\\\/#primaryimage\"},\"image\":{\"@id\":\"https:\\\/\\\/www.autojm.fr\\\/blog\\\/la-renault-clio-fete-ses-30-ans\\\/#primaryimage\"},\"thumbnailUrl\":\"https:\\\/\\\/www.autojm.fr\\\/blog\\\/wp-content\\\/uploads\\\/2022\\\/10\\\/579-scaled.jpg\",\"datePublished\":\"2020-09-01T00:00:00+00:00\",\"dateModified\":\"2023-04-18T12:31:37+00:00\",\"description\":\"La Renault Clio enregistre pas moins de 15 millions de ventes en 30 ans d'existence et s'est plac\u00e9e au rang de num\u00e9ro 1 des ventes...\",\"breadcrumb\":{\"@id\":\"https:\\\/\\\/www.autojm.fr\\\/blog\\\/la-renault-clio-fete-ses-30-ans\\\/#breadcrumb\"},\"inLanguage\":\"fr-FR\",\"potentialAction\":[{\"@type\":\"ReadAction\",\"target\":[\"https:\\\/\\\/www.autojm.fr\\\/blog\\\/la-renault-clio-fete-ses-30-ans\\\/\"]}]},{\"@type\":\"ImageObject\",\"inLanguage\":\"fr-FR\",\"@id\":\"https:\\\/\\\/www.autojm.fr\\\/blog\\\/la-renault-clio-fete-ses-30-ans\\\/#primaryimage\",\"url\":\"https:\\\/\\\/www.autojm.fr\\\/blog\\\/wp-content\\\/uploads\\\/2022\\\/10\\\/579-scaled.jpg\",\"contentUrl\":\"https:\\\/\\\/www.autojm.fr\\\/blog\\\/wp-content\\\/uploads\\\/2022\\\/10\\\/579-scaled.jpg\",\"width\":2560,\"height\":1160,\"caption\":\"Renault Clio\"},{\"@type\":\"BreadcrumbList\",\"@id\":\"https:\\\/\\\/www.autojm.fr\\\/blog\\\/la-renault-clio-fete-ses-30-ans\\\/#breadcrumb\",\"itemListElement\":[{\"@type\":\"ListItem\",\"position\":1,\"name\":\"Accueil\",\"item\":\"https:\\\/\\\/www.autojm.fr\\\/blog\\\/\"},{\"@type\":\"ListItem\",\"position\":2,\"name\":\"Nouveaut\u00e9s Autos\",\"item\":\"https:\\\/\\\/www.autojm.fr\\\/blog\\\/nouveautes-autos\\\/\"},{\"@type\":\"ListItem\",\"position\":3,\"name\":\"La Renault Clio f\u00eate ses 30 ans !\"}]},{\"@type\":\"WebSite\",\"@id\":\"https:\\\/\\\/www.autojm.fr\\\/blog\\\/#website\",\"url\":\"https:\\\/\\\/www.autojm.fr\\\/blog\\\/\",\"name\":\"AutoJM Mag\",\"description\":\"Toute l&#039;actu auto en 1 clic !\",\"publisher\":{\"@id\":\"https:\\\/\\\/www.autojm.fr\\\/blog\\\/#organization\"},\"potentialAction\":[{\"@type\":\"SearchAction\",\"target\":{\"@type\":\"EntryPoint\",\"urlTemplate\":\"https:\\\/\\\/www.autojm.fr\\\/blog\\\/?s={search_term_string}\"},\"query-input\":{\"@type\":\"PropertyValueSpecification\",\"valueRequired\":true,\"valueName\":\"search_term_string\"}}],\"inLanguage\":\"fr-FR\"},{\"@type\":\"Organization\",\"@id\":\"https:\\\/\\\/www.autojm.fr\\\/blog\\\/#organization\",\"name\":\"AutoJM Mag\",\"url\":\"https:\\\/\\\/www.autojm.fr\\\/blog\\\/\",\"logo\":{\"@type\":\"ImageObject\",\"inLanguage\":\"fr-FR\",\"@id\":\"https:\\\/\\\/www.autojm.fr\\\/blog\\\/#\\\/schema\\\/logo\\\/image\\\/\",\"url\":\"https:\\\/\\\/www.autojm.fr\\\/blog\\\/wp-content\\\/uploads\\\/2022\\\/12\\\/cropped-AutoJMag-png.png\",\"contentUrl\":\"https:\\\/\\\/www.autojm.fr\\\/blog\\\/wp-content\\\/uploads\\\/2022\\\/12\\\/cropped-AutoJMag-png.png\",\"width\":2834,\"height\":585,\"caption\":\"AutoJM Mag\"},\"image\":{\"@id\":\"https:\\\/\\\/www.autojm.fr\\\/blog\\\/#\\\/schema\\\/logo\\\/image\\\/\"},\"sameAs\":[\"https:\\\/\\\/www.facebook.com\\\/AutoJM25\"]},{\"@type\":\"Person\",\"@id\":\"https:\\\/\\\/www.autojm.fr\\\/blog\\\/#\\\/schema\\\/person\\\/9742bc77541853e0de81fc57f947e1a0\",\"name\":\"Autojm\",\"image\":{\"@type\":\"ImageObject\",\"inLanguage\":\"fr-FR\",\"@id\":\"https:\\\/\\\/secure.gravatar.com\\\/avatar\\\/9a959d52b758fcc232fe4b6aca7bab139182573297122cce7d6f2ee0e537b418?s=96&d=mm&r=g\",\"url\":\"https:\\\/\\\/secure.gravatar.com\\\/avatar\\\/9a959d52b758fcc232fe4b6aca7bab139182573297122cce7d6f2ee0e537b418?s=96&d=mm&r=g\",\"contentUrl\":\"https:\\\/\\\/secure.gravatar.com\\\/avatar\\\/9a959d52b758fcc232fe4b6aca7bab139182573297122cce7d6f2ee0e537b418?s=96&d=mm&r=g\",\"caption\":\"Autojm\"},\"sameAs\":[\"https:\\\/\\\/www.autojm.fr\\\/blog\"],\"url\":\"https:\\\/\\\/www.autojm.fr\\\/blog\\\/author\\\/bichoi\\\/\"}]}<\/script>\n<!-- \/ Yoast SEO plugin. -->","yoast_head_json":{"title":"La Renault Clio f\u00eate ses 30 ans ! - AutoJM Mag","description":"La Renault Clio enregistre pas moins de 15 millions de ventes en 30 ans d'existence et s'est plac\u00e9e au rang de num\u00e9ro 1 des ventes...","robots":{"index":"index","follow":"follow","max-snippet":"max-snippet:-1","max-image-preview":"max-image-preview:large","max-video-preview":"max-video-preview:-1"},"canonical":"https:\/\/www.autojm.fr\/blog\/la-renault-clio-fete-ses-30-ans\/","og_locale":"fr_FR","og_type":"article","og_title":"La Renault Clio f\u00eate ses 30 ans ! - AutoJM Mag","og_description":"La Renault Clio enregistre pas moins de 15 millions de ventes en 30 ans d'existence et s'est plac\u00e9e au rang de num\u00e9ro 1 des ventes...","og_url":"https:\/\/www.autojm.fr\/blog\/la-renault-clio-fete-ses-30-ans\/","og_site_name":"AutoJM Mag","article_publisher":"https:\/\/www.facebook.com\/AutoJM25","article_published_time":"2020-09-01T00:00:00+00:00","article_modified_time":"2023-04-18T12:31:37+00:00","og_image":[{"width":2560,"height":1160,"url":"https:\/\/www.autojm.fr\/blog\/wp-content\/uploads\/2022\/10\/579-scaled.jpg","type":"image\/jpeg"}],"author":"Autojm","twitter_card":"summary_large_image","twitter_misc":{"\u00c9crit par":"Autojm","Dur\u00e9e de lecture estim\u00e9e":"4 minutes"},"schema":{"@context":"https:\/\/schema.org","@graph":[{"@type":"Article","@id":"https:\/\/www.autojm.fr\/blog\/la-renault-clio-fete-ses-30-ans\/#article","isPartOf":{"@id":"https:\/\/www.autojm.fr\/blog\/la-renault-clio-fete-ses-30-ans\/"},"author":{"name":"Autojm","@id":"https:\/\/www.autojm.fr\/blog\/#\/schema\/person\/9742bc77541853e0de81fc57f947e1a0"},"headline":"La Renault Clio f\u00eate ses 30 ans !","datePublished":"2020-09-01T00:00:00+00:00","dateModified":"2023-04-18T12:31:37+00:00","mainEntityOfPage":{"@id":"https:\/\/www.autojm.fr\/blog\/la-renault-clio-fete-ses-30-ans\/"},"wordCount":721,"commentCount":0,"publisher":{"@id":"https:\/\/www.autojm.fr\/blog\/#organization"},"image":{"@id":"https:\/\/www.autojm.fr\/blog\/la-renault-clio-fete-ses-30-ans\/#primaryimage"},"thumbnailUrl":"https:\/\/www.autojm.fr\/blog\/wp-content\/uploads\/2022\/10\/579-scaled.jpg","keywords":["autojm","renault","Renault Clio"],"articleSection":["Nouveaut\u00e9 Renault","Nouveaut\u00e9s Autos"],"inLanguage":"fr-FR","potentialAction":[{"@type":"CommentAction","name":"Comment","target":["https:\/\/www.autojm.fr\/blog\/la-renault-clio-fete-ses-30-ans\/#respond"]}]},{"@type":"WebPage","@id":"https:\/\/www.autojm.fr\/blog\/la-renault-clio-fete-ses-30-ans\/","url":"https:\/\/www.autojm.fr\/blog\/la-renault-clio-fete-ses-30-ans\/","name":"La Renault Clio f\u00eate ses 30 ans ! - AutoJM Mag","isPartOf":{"@id":"https:\/\/www.autojm.fr\/blog\/#website"},"primaryImageOfPage":{"@id":"https:\/\/www.autojm.fr\/blog\/la-renault-clio-fete-ses-30-ans\/#primaryimage"},"image":{"@id":"https:\/\/www.autojm.fr\/blog\/la-renault-clio-fete-ses-30-ans\/#primaryimage"},"thumbnailUrl":"https:\/\/www.autojm.fr\/blog\/wp-content\/uploads\/2022\/10\/579-scaled.jpg","datePublished":"2020-09-01T00:00:00+00:00","dateModified":"2023-04-18T12:31:37+00:00","description":"La Renault Clio enregistre pas moins de 15 millions de ventes en 30 ans d'existence et s'est plac\u00e9e au rang de num\u00e9ro 1 des ventes...","breadcrumb":{"@id":"https:\/\/www.autojm.fr\/blog\/la-renault-clio-fete-ses-30-ans\/#breadcrumb"},"inLanguage":"fr-FR","potentialAction":[{"@type":"ReadAction","target":["https:\/\/www.autojm.fr\/blog\/la-renault-clio-fete-ses-30-ans\/"]}]},{"@type":"ImageObject","inLanguage":"fr-FR","@id":"https:\/\/www.autojm.fr\/blog\/la-renault-clio-fete-ses-30-ans\/#primaryimage","url":"https:\/\/www.autojm.fr\/blog\/wp-content\/uploads\/2022\/10\/579-scaled.jpg","contentUrl":"https:\/\/www.autojm.fr\/blog\/wp-content\/uploads\/2022\/10\/579-scaled.jpg","width":2560,"height":1160,"caption":"Renault Clio"},{"@type":"BreadcrumbList","@id":"https:\/\/www.autojm.fr\/blog\/la-renault-clio-fete-ses-30-ans\/#breadcrumb","itemListElement":[{"@type":"ListItem","position":1,"name":"Accueil","item":"https:\/\/www.autojm.fr\/blog\/"},{"@type":"ListItem","position":2,"name":"Nouveaut\u00e9s Autos","item":"https:\/\/www.autojm.fr\/blog\/nouveautes-autos\/"},{"@type":"ListItem","position":3,"name":"La Renault Clio f\u00eate ses 30 ans !"}]},{"@type":"WebSite","@id":"https:\/\/www.autojm.fr\/blog\/#website","url":"https:\/\/www.autojm.fr\/blog\/","name":"AutoJM Mag","description":"Toute l&#039;actu auto en 1 clic !","publisher":{"@id":"https:\/\/www.autojm.fr\/blog\/#organization"},"potentialAction":[{"@type":"SearchAction","target":{"@type":"EntryPoint","urlTemplate":"https:\/\/www.autojm.fr\/blog\/?s={search_term_string}"},"query-input":{"@type":"PropertyValueSpecification","valueRequired":true,"valueName":"search_term_string"}}],"inLanguage":"fr-FR"},{"@type":"Organization","@id":"https:\/\/www.autojm.fr\/blog\/#organization","name":"AutoJM Mag","url":"https:\/\/www.autojm.fr\/blog\/","logo":{"@type":"ImageObject","inLanguage":"fr-FR","@id":"https:\/\/www.autojm.fr\/blog\/#\/schema\/logo\/image\/","url":"https:\/\/www.autojm.fr\/blog\/wp-content\/uploads\/2022\/12\/cropped-AutoJMag-png.png","contentUrl":"https:\/\/www.autojm.fr\/blog\/wp-content\/uploads\/2022\/12\/cropped-AutoJMag-png.png","width":2834,"height":585,"caption":"AutoJM Mag"},"image":{"@id":"https:\/\/www.autojm.fr\/blog\/#\/schema\/logo\/image\/"},"sameAs":["https:\/\/www.facebook.com\/AutoJM25"]},{"@type":"Person","@id":"https:\/\/www.autojm.fr\/blog\/#\/schema\/person\/9742bc77541853e0de81fc57f947e1a0","name":"Autojm","image":{"@type":"ImageObject","inLanguage":"fr-FR","@id":"https:\/\/secure.gravatar.com\/avatar\/9a959d52b758fcc232fe4b6aca7bab139182573297122cce7d6f2ee0e537b418?s=96&d=mm&r=g","url":"https:\/\/secure.gravatar.com\/avatar\/9a959d52b758fcc232fe4b6aca7bab139182573297122cce7d6f2ee0e537b418?s=96&d=mm&r=g","contentUrl":"https:\/\/secure.gravatar.com\/avatar\/9a959d52b758fcc232fe4b6aca7bab139182573297122cce7d6f2ee0e537b418?s=96&d=mm&r=g","caption":"Autojm"},"sameAs":["https:\/\/www.autojm.fr\/blog"],"url":"https:\/\/www.autojm.fr\/blog\/author\/bichoi\/"}]}},"_links":{"self":[{"href":"https:\/\/www.autojm.fr\/blog\/wp-json\/wp\/v2\/posts\/3850","targetHints":{"allow":["GET"]}}],"collection":[{"href":"https:\/\/www.autojm.fr\/blog\/wp-json\/wp\/v2\/posts"}],"about":[{"href":"https:\/\/www.autojm.fr\/blog\/wp-json\/wp\/v2\/types\/post"}],"author":[{"embeddable":true,"href":"https:\/\/www.autojm.fr\/blog\/wp-json\/wp\/v2\/users\/1"}],"replies":[{"embeddable":true,"href":"https:\/\/www.autojm.fr\/blog\/wp-json\/wp\/v2\/comments?post=3850"}],"version-history":[{"count":5,"href":"https:\/\/www.autojm.fr\/blog\/wp-json\/wp\/v2\/posts\/3850\/revisions"}],"predecessor-version":[{"id":9229,"href":"https:\/\/www.autojm.fr\/blog\/wp-json\/wp\/v2\/posts\/3850\/revisions\/9229"}],"wp:featuredmedia":[{"embeddable":true,"href":"https:\/\/www.autojm.fr\/blog\/wp-json\/wp\/v2\/media\/5910"}],"wp:attachment":[{"href":"https:\/\/www.autojm.fr\/blog\/wp-json\/wp\/v2\/media?parent=3850"}],"wp:term":[{"taxonomy":"category","embeddable":true,"href":"https:\/\/www.autojm.fr\/blog\/wp-json\/wp\/v2\/categories?post=3850"},{"taxonomy":"post_tag","embeddable":true,"href":"https:\/\/www.autojm.fr\/blog\/wp-json\/wp\/v2\/tags?post=3850"}],"curies":[{"name":"wp","href":"https:\/\/api.w.org\/{rel}","templated":true}]}}