{"id":3844,"date":"2020-08-12T00:00:00","date_gmt":"2020-08-12T00:00:00","guid":{"rendered":"https:\/\/www.autojm.fr\/blog\/comment-charger-son-vehicule-a-lexterieur\/"},"modified":"2023-04-19T06:47:50","modified_gmt":"2023-04-19T06:47:50","slug":"comment-charger-son-vehicule-a-lexterieur","status":"publish","type":"post","link":"https:\/\/www.autojm.fr\/blog\/comment-charger-son-vehicule-a-lexterieur\/","title":{"rendered":"Comment charger son v\u00e9hicule \u00e0 l&rsquo;ext\u00e9rieur ?"},"content":{"rendered":"<p>La premi\u00e8re probl\u00e9matique que peut rencontrer un futur acqu\u00e9reur de <strong><a href=\"?part=blog&amp;utm_source=articleblog120820&amp;utm_medium=blog\">v\u00e9hicule hybride rechargeable<\/a><\/strong> ou <strong><a href=\"https:\/\/www.autojm.fr\/achat-voitures-neuves-peugeot-nouveau-suv-2008-5p?part=blog&amp;utm_source=articleblog120820&amp;utm_medium=blog\">\u00e9lectrique<\/a><\/strong>, c&rsquo;est la question du chargement. Le <strong>chargement \u00e0 domicile<\/strong> d\u00e9pend du syst\u00e8me d&rsquo;\u00e9lectricit\u00e9. Mais sera-t-il simple de charger mon v\u00e9hicule sur les lieux publics ? Puis-je charger mon v\u00e9hicule sur mon lieu de travail durant la journ\u00e9e ? C&rsquo;est autant de questionnements auxquels nous allons r\u00e9pondre dans cet article.<\/p>\n<h2>Charger son v\u00e9hicule sur son lieu de travail<\/h2>\n<p>Le saviez-vous ? La <strong>Loi d&rsquo;Orientation des Mobilit\u00e9s<\/strong> vot\u00e9e le 24 d\u00e9cembre 2019 implique un paragraphe dans lequel on apprend que <strong>certains b\u00e2timents seront oblig\u00e9s d&rsquo;inclure des zones d\u00e9di\u00e9es au chargement de v\u00e9hicules \u00e9lectriques<\/strong>. Plus pr\u00e9cis\u00e9ment, les b\u00e2timents dont la demande de permis de construire a \u00e9t\u00e9 adress\u00e9e apr\u00e8s le 1er janvier 2017, \u00e0 usage principal industriel ou tertiaire, et incluant un parking d\u00e9di\u00e9 \u00e0 des salari\u00e9s devront int\u00e9grer des pr\u00e9-\u00e9quipements pour le chargement de v\u00e9hicules.<\/p>\n<p>Des r\u00e9glementations existent \u00e9galement concernant les b\u00e2timents existants depuis 2012. Les entreprises r\u00e9sidant dans ces b\u00e2timents sont concern\u00e9es si le b\u00e2timent en question r\u00e9unis certains crit\u00e8res :<\/p>\n<p><strong>&#8211; pas de logements<br \/>\n&#8211; un parking couvert et clos r\u00e9serv\u00e9 aux salari\u00e9s<br \/>\n&#8211; le parking doit avoir plus de 20 places pour 50 000 habitants, ou plus de 40 places dans les autres cas<br \/>\n&#8211; avoir un propri\u00e9taire unique pour les locaux : b\u00e2timent et parc de stationnement<\/strong><\/p>\n<p>Le <strong>pr\u00e9-\u00e9quipement<\/strong>, comme son nom le laisse penser, ne consiste pas \u00e0 implanter des bornes de recharges, mais \u00e0 <strong>permettre l&rsquo;accueil de bornes<\/strong> si cela devient r\u00e9el. Il faut pour cela mettre en place des conduits d\u00e9di\u00e9s au passage des c\u00e2bles \u00e9lectriques, et ce dans le respect des normes.<\/p>\n<p>Les salari\u00e9s peuvent, en cas d&rsquo;absence de bornes, faire la demande pour une installation donc le <strong>financement sera pris en charge \u00e0 hauteur de 40%<\/strong> avec le programme ADVENIR !<\/p>\n<h2>Bornes de recharge rapide<\/h2>\n<p>Les v\u00e9hicules \u00e9lectriques peuvent souvent \u00eatre un frein aux gros conducteurs. Pour ceux qui d\u00e9passent un certain nombre de kilom\u00e8tres quotidien, il est n\u00e9cessaire de pouvoir charger son v\u00e9hicule rapidement et facilement. C&rsquo;est pourquoi il existe de nombreuses bornes de recharge rapide sur les autoroutes de France : elles \u00e9taient <strong>40 \u00e0 la fin 2019<\/strong>, mais la co-entreprise Ionity qui regroupent les constructeurs BMW, Mercedes-Benz, Ford, Audi, Porsche et Volkswagen pr\u00e9voit d&rsquo;en installer 80 d&rsquo;ici fin 2020 sur le territoire.<\/p>\n<h2>Recharger son v\u00e9hicule en ville<\/h2>\n<p>La recharge en zone urbaine se fait via des <strong>bornes accessibles par des badges<\/strong> (1 badge par marque de borne). Il existe cependant des pass qui permettent de donner l&rsquo;acc\u00e8s \u00e0 plusieurs marques en France mais \u00e9galement dans toute l&rsquo;Europe, afin de faciliter le chargement.<\/p>\n<p><iframe loading=\"lazy\" src=\"https:\/\/www.youtube.com\/embed\/lAGZAbS73Ko\" width=\"100%\" height=\"315\" allowfullscreen=\"allowfullscreen\"><\/iframe><br \/>\nLes \u00e9tablissements professionnels comme les restaurants avec parking priv\u00e9 proposent des <strong>bornes avec un chargement gratuit<\/strong> (mais limit\u00e9 \u00e0 la dur\u00e9e de l&rsquo;activit\u00e9).<\/p>\n<h2>La bonne conduite aux bornes de recharge de voiture<\/h2>\n<p>Enfin, voici quelques conseils sur les bons gestes et la bonne conduite \u00e0 adopter sur les bornes de recharge :<\/p>\n<p>&#8211;<strong>Tenir compte de la capacit\u00e9 du chargeur embarqu\u00e9<\/strong>, s&rsquo;il est peu capacitif, une borne de recharge m\u00eame rapide ne permettra pas d&rsquo;aller au-del\u00e0 du seuil indiqu\u00e9 (ex : 3 kW).<br \/>\n&#8211; Il existe plus de v\u00e9hicules \u00e9lectriques en circulation que de bornes : <strong>ne mettez pas votre voiture \u00e0 recharger s&rsquo;il vous reste suffisamment d&rsquo;autonomie<\/strong> pour terminer votre trajet.<br \/>\n&#8211; N&rsquo;h\u00e9sitez pas \u00e0<strong> indiquer l&rsquo;heure de fin de votre chargement<\/strong>, pour que les autres conducteurs puisse savoir \u00e0 quel moment la borne sera disponible. Des disques cartonn\u00e9s existent, sur le m\u00eame principe que le disque de stationnement.<\/p>\n<p>Et voici d&rsquo;autres conseils :<\/p>\n<p><iframe loading=\"lazy\" src=\"https:\/\/www.youtube.com\/embed\/9Qj5fznNjYE\" width=\"100%\" height=\"315\" allowfullscreen=\"allowfullscreen\"><\/iframe><\/p>\n<p style=\"margin-top: 1.75em; margin-bottom: 1.75em; font-size: 0.813em; line-height: 1.5em; color: #666666; font-family: Arial, Helvetica, sans-serif;\"><span style=\"font-weight: bold;\">\u00a0 <\/span><\/p>\n","protected":false},"excerpt":{"rendered":"<p>La premi\u00e8re probl\u00e9matique que peut rencontrer un futur acqu\u00e9reur de v\u00e9hicule hybride rechargeable ou \u00e9lectrique, c&rsquo;est la question du chargement. Le chargement \u00e0 domicile d\u00e9pend du syst\u00e8me d&rsquo;\u00e9lectricit\u00e9. Mais sera-t-il simple de charger mon v\u00e9hicule sur les lieux publics ? Puis-je charger mon v\u00e9hicule sur mon lieu de travail durant la journ\u00e9e ? C&rsquo;est autant de questionnements auxquels nous allons r\u00e9pondre dans cet article.<\/p>\n","protected":false},"author":1,"featured_media":5904,"comment_status":"open","ping_status":"open","sticky":false,"template":"","format":"standard","meta":{"_acf_changed":false,"content-type":"","footnotes":""},"categories":[22],"tags":[90,85,74,105,110,109,106,108,107,73,78,96],"class_list":["post-3844","post","type-post","status-publish","format-standard","has-post-thumbnail","hentry","category-conseils-astuces","tag-autojm","tag-citroen-2","tag-dacia","tag-ds","tag-fiat","tag-ford","tag-kia","tag-nissan","tag-opel","tag-peugeot","tag-renault","tag-volkswagen"],"acf":[],"yoast_head":"<!-- This site is optimized with the Yoast SEO plugin v27.5 - https:\/\/yoast.com\/product\/yoast-seo-wordpress\/ -->\n<title>Comment charger son v\u00e9hicule \u00e0 l&#039;ext\u00e9rieur ? - AutoJM Mag<\/title>\n<meta name=\"description\" content=\"La premi\u00e8re probl\u00e9matique que peut rencontrer un futur acqu\u00e9reur de v\u00e9hicule hybride rechargeable ou \u00e9lectrique, c&#039;est la question...\" \/>\n<meta name=\"robots\" content=\"index, follow, max-snippet:-1, max-image-preview:large, max-video-preview:-1\" \/>\n<link rel=\"canonical\" href=\"https:\/\/www.autojm.fr\/blog\/comment-charger-son-vehicule-a-lexterieur\/\" \/>\n<meta property=\"og:locale\" content=\"fr_FR\" \/>\n<meta property=\"og:type\" content=\"article\" \/>\n<meta property=\"og:title\" content=\"Comment charger son v\u00e9hicule \u00e0 l&#039;ext\u00e9rieur ? - AutoJM Mag\" \/>\n<meta property=\"og:description\" content=\"La premi\u00e8re probl\u00e9matique que peut rencontrer un futur acqu\u00e9reur de v\u00e9hicule hybride rechargeable ou \u00e9lectrique, c&#039;est la question...\" \/>\n<meta property=\"og:url\" content=\"https:\/\/www.autojm.fr\/blog\/comment-charger-son-vehicule-a-lexterieur\/\" \/>\n<meta property=\"og:site_name\" content=\"AutoJM Mag\" \/>\n<meta property=\"article:publisher\" content=\"https:\/\/www.facebook.com\/AutoJM25\" \/>\n<meta property=\"article:published_time\" content=\"2020-08-12T00:00:00+00:00\" \/>\n<meta property=\"article:modified_time\" content=\"2023-04-19T06:47:50+00:00\" \/>\n<meta property=\"og:image\" content=\"https:\/\/www.autojm.fr\/blog\/wp-content\/uploads\/2022\/10\/573-scaled.jpg\" \/>\n\t<meta property=\"og:image:width\" content=\"2560\" \/>\n\t<meta property=\"og:image:height\" content=\"1160\" \/>\n\t<meta property=\"og:image:type\" content=\"image\/jpeg\" \/>\n<meta name=\"author\" content=\"Autojm\" \/>\n<meta name=\"twitter:card\" content=\"summary_large_image\" \/>\n<meta name=\"twitter:label1\" content=\"\u00c9crit par\" \/>\n\t<meta name=\"twitter:data1\" content=\"Autojm\" \/>\n\t<meta name=\"twitter:label2\" content=\"Dur\u00e9e de lecture estim\u00e9e\" \/>\n\t<meta name=\"twitter:data2\" content=\"4 minutes\" \/>\n<script type=\"application\/ld+json\" class=\"yoast-schema-graph\">{\"@context\":\"https:\\\/\\\/schema.org\",\"@graph\":[{\"@type\":\"Article\",\"@id\":\"https:\\\/\\\/www.autojm.fr\\\/blog\\\/comment-charger-son-vehicule-a-lexterieur\\\/#article\",\"isPartOf\":{\"@id\":\"https:\\\/\\\/www.autojm.fr\\\/blog\\\/comment-charger-son-vehicule-a-lexterieur\\\/\"},\"author\":{\"name\":\"Autojm\",\"@id\":\"https:\\\/\\\/www.autojm.fr\\\/blog\\\/#\\\/schema\\\/person\\\/9742bc77541853e0de81fc57f947e1a0\"},\"headline\":\"Comment charger son v\u00e9hicule \u00e0 l&rsquo;ext\u00e9rieur ?\",\"datePublished\":\"2020-08-12T00:00:00+00:00\",\"dateModified\":\"2023-04-19T06:47:50+00:00\",\"mainEntityOfPage\":{\"@id\":\"https:\\\/\\\/www.autojm.fr\\\/blog\\\/comment-charger-son-vehicule-a-lexterieur\\\/\"},\"wordCount\":623,\"commentCount\":0,\"publisher\":{\"@id\":\"https:\\\/\\\/www.autojm.fr\\\/blog\\\/#organization\"},\"image\":{\"@id\":\"https:\\\/\\\/www.autojm.fr\\\/blog\\\/comment-charger-son-vehicule-a-lexterieur\\\/#primaryimage\"},\"thumbnailUrl\":\"https:\\\/\\\/www.autojm.fr\\\/blog\\\/wp-content\\\/uploads\\\/2022\\\/10\\\/573-scaled.jpg\",\"keywords\":[\"autojm\",\"Citro\u00ebn\",\"dacia\",\"DS\",\"Fiat\",\"Ford\",\"Kia\",\"Nissan\",\"Opel\",\"peugeot\",\"renault\",\"Volkswagen\"],\"articleSection\":[\"Conseils &amp; Astuces\"],\"inLanguage\":\"fr-FR\",\"potentialAction\":[{\"@type\":\"CommentAction\",\"name\":\"Comment\",\"target\":[\"https:\\\/\\\/www.autojm.fr\\\/blog\\\/comment-charger-son-vehicule-a-lexterieur\\\/#respond\"]}]},{\"@type\":\"WebPage\",\"@id\":\"https:\\\/\\\/www.autojm.fr\\\/blog\\\/comment-charger-son-vehicule-a-lexterieur\\\/\",\"url\":\"https:\\\/\\\/www.autojm.fr\\\/blog\\\/comment-charger-son-vehicule-a-lexterieur\\\/\",\"name\":\"Comment charger son v\u00e9hicule \u00e0 l'ext\u00e9rieur ? - AutoJM Mag\",\"isPartOf\":{\"@id\":\"https:\\\/\\\/www.autojm.fr\\\/blog\\\/#website\"},\"primaryImageOfPage\":{\"@id\":\"https:\\\/\\\/www.autojm.fr\\\/blog\\\/comment-charger-son-vehicule-a-lexterieur\\\/#primaryimage\"},\"image\":{\"@id\":\"https:\\\/\\\/www.autojm.fr\\\/blog\\\/comment-charger-son-vehicule-a-lexterieur\\\/#primaryimage\"},\"thumbnailUrl\":\"https:\\\/\\\/www.autojm.fr\\\/blog\\\/wp-content\\\/uploads\\\/2022\\\/10\\\/573-scaled.jpg\",\"datePublished\":\"2020-08-12T00:00:00+00:00\",\"dateModified\":\"2023-04-19T06:47:50+00:00\",\"description\":\"La premi\u00e8re probl\u00e9matique que peut rencontrer un futur acqu\u00e9reur de v\u00e9hicule hybride rechargeable ou \u00e9lectrique, c'est la question...\",\"breadcrumb\":{\"@id\":\"https:\\\/\\\/www.autojm.fr\\\/blog\\\/comment-charger-son-vehicule-a-lexterieur\\\/#breadcrumb\"},\"inLanguage\":\"fr-FR\",\"potentialAction\":[{\"@type\":\"ReadAction\",\"target\":[\"https:\\\/\\\/www.autojm.fr\\\/blog\\\/comment-charger-son-vehicule-a-lexterieur\\\/\"]}]},{\"@type\":\"ImageObject\",\"inLanguage\":\"fr-FR\",\"@id\":\"https:\\\/\\\/www.autojm.fr\\\/blog\\\/comment-charger-son-vehicule-a-lexterieur\\\/#primaryimage\",\"url\":\"https:\\\/\\\/www.autojm.fr\\\/blog\\\/wp-content\\\/uploads\\\/2022\\\/10\\\/573-scaled.jpg\",\"contentUrl\":\"https:\\\/\\\/www.autojm.fr\\\/blog\\\/wp-content\\\/uploads\\\/2022\\\/10\\\/573-scaled.jpg\",\"width\":2560,\"height\":1160,\"caption\":\"Charger son v\u00e9hicule\"},{\"@type\":\"BreadcrumbList\",\"@id\":\"https:\\\/\\\/www.autojm.fr\\\/blog\\\/comment-charger-son-vehicule-a-lexterieur\\\/#breadcrumb\",\"itemListElement\":[{\"@type\":\"ListItem\",\"position\":1,\"name\":\"Accueil\",\"item\":\"https:\\\/\\\/www.autojm.fr\\\/blog\\\/\"},{\"@type\":\"ListItem\",\"position\":2,\"name\":\"Conseils &amp; Astuces\",\"item\":\"https:\\\/\\\/www.autojm.fr\\\/blog\\\/conseils-astuces\\\/\"},{\"@type\":\"ListItem\",\"position\":3,\"name\":\"Comment charger son v\u00e9hicule \u00e0 l&rsquo;ext\u00e9rieur ?\"}]},{\"@type\":\"WebSite\",\"@id\":\"https:\\\/\\\/www.autojm.fr\\\/blog\\\/#website\",\"url\":\"https:\\\/\\\/www.autojm.fr\\\/blog\\\/\",\"name\":\"AutoJM Mag\",\"description\":\"Toute l&#039;actu auto en 1 clic !\",\"publisher\":{\"@id\":\"https:\\\/\\\/www.autojm.fr\\\/blog\\\/#organization\"},\"potentialAction\":[{\"@type\":\"SearchAction\",\"target\":{\"@type\":\"EntryPoint\",\"urlTemplate\":\"https:\\\/\\\/www.autojm.fr\\\/blog\\\/?s={search_term_string}\"},\"query-input\":{\"@type\":\"PropertyValueSpecification\",\"valueRequired\":true,\"valueName\":\"search_term_string\"}}],\"inLanguage\":\"fr-FR\"},{\"@type\":\"Organization\",\"@id\":\"https:\\\/\\\/www.autojm.fr\\\/blog\\\/#organization\",\"name\":\"AutoJM Mag\",\"url\":\"https:\\\/\\\/www.autojm.fr\\\/blog\\\/\",\"logo\":{\"@type\":\"ImageObject\",\"inLanguage\":\"fr-FR\",\"@id\":\"https:\\\/\\\/www.autojm.fr\\\/blog\\\/#\\\/schema\\\/logo\\\/image\\\/\",\"url\":\"https:\\\/\\\/www.autojm.fr\\\/blog\\\/wp-content\\\/uploads\\\/2022\\\/12\\\/cropped-AutoJMag-png.png\",\"contentUrl\":\"https:\\\/\\\/www.autojm.fr\\\/blog\\\/wp-content\\\/uploads\\\/2022\\\/12\\\/cropped-AutoJMag-png.png\",\"width\":2834,\"height\":585,\"caption\":\"AutoJM Mag\"},\"image\":{\"@id\":\"https:\\\/\\\/www.autojm.fr\\\/blog\\\/#\\\/schema\\\/logo\\\/image\\\/\"},\"sameAs\":[\"https:\\\/\\\/www.facebook.com\\\/AutoJM25\"]},{\"@type\":\"Person\",\"@id\":\"https:\\\/\\\/www.autojm.fr\\\/blog\\\/#\\\/schema\\\/person\\\/9742bc77541853e0de81fc57f947e1a0\",\"name\":\"Autojm\",\"image\":{\"@type\":\"ImageObject\",\"inLanguage\":\"fr-FR\",\"@id\":\"https:\\\/\\\/secure.gravatar.com\\\/avatar\\\/9a959d52b758fcc232fe4b6aca7bab139182573297122cce7d6f2ee0e537b418?s=96&d=mm&r=g\",\"url\":\"https:\\\/\\\/secure.gravatar.com\\\/avatar\\\/9a959d52b758fcc232fe4b6aca7bab139182573297122cce7d6f2ee0e537b418?s=96&d=mm&r=g\",\"contentUrl\":\"https:\\\/\\\/secure.gravatar.com\\\/avatar\\\/9a959d52b758fcc232fe4b6aca7bab139182573297122cce7d6f2ee0e537b418?s=96&d=mm&r=g\",\"caption\":\"Autojm\"},\"sameAs\":[\"https:\\\/\\\/www.autojm.fr\\\/blog\"],\"url\":\"https:\\\/\\\/www.autojm.fr\\\/blog\\\/author\\\/bichoi\\\/\"}]}<\/script>\n<!-- \/ Yoast SEO plugin. -->","yoast_head_json":{"title":"Comment charger son v\u00e9hicule \u00e0 l'ext\u00e9rieur ? - AutoJM Mag","description":"La premi\u00e8re probl\u00e9matique que peut rencontrer un futur acqu\u00e9reur de v\u00e9hicule hybride rechargeable ou \u00e9lectrique, c'est la question...","robots":{"index":"index","follow":"follow","max-snippet":"max-snippet:-1","max-image-preview":"max-image-preview:large","max-video-preview":"max-video-preview:-1"},"canonical":"https:\/\/www.autojm.fr\/blog\/comment-charger-son-vehicule-a-lexterieur\/","og_locale":"fr_FR","og_type":"article","og_title":"Comment charger son v\u00e9hicule \u00e0 l'ext\u00e9rieur ? - AutoJM Mag","og_description":"La premi\u00e8re probl\u00e9matique que peut rencontrer un futur acqu\u00e9reur de v\u00e9hicule hybride rechargeable ou \u00e9lectrique, c'est la question...","og_url":"https:\/\/www.autojm.fr\/blog\/comment-charger-son-vehicule-a-lexterieur\/","og_site_name":"AutoJM Mag","article_publisher":"https:\/\/www.facebook.com\/AutoJM25","article_published_time":"2020-08-12T00:00:00+00:00","article_modified_time":"2023-04-19T06:47:50+00:00","og_image":[{"width":2560,"height":1160,"url":"https:\/\/www.autojm.fr\/blog\/wp-content\/uploads\/2022\/10\/573-scaled.jpg","type":"image\/jpeg"}],"author":"Autojm","twitter_card":"summary_large_image","twitter_misc":{"\u00c9crit par":"Autojm","Dur\u00e9e de lecture estim\u00e9e":"4 minutes"},"schema":{"@context":"https:\/\/schema.org","@graph":[{"@type":"Article","@id":"https:\/\/www.autojm.fr\/blog\/comment-charger-son-vehicule-a-lexterieur\/#article","isPartOf":{"@id":"https:\/\/www.autojm.fr\/blog\/comment-charger-son-vehicule-a-lexterieur\/"},"author":{"name":"Autojm","@id":"https:\/\/www.autojm.fr\/blog\/#\/schema\/person\/9742bc77541853e0de81fc57f947e1a0"},"headline":"Comment charger son v\u00e9hicule \u00e0 l&rsquo;ext\u00e9rieur ?","datePublished":"2020-08-12T00:00:00+00:00","dateModified":"2023-04-19T06:47:50+00:00","mainEntityOfPage":{"@id":"https:\/\/www.autojm.fr\/blog\/comment-charger-son-vehicule-a-lexterieur\/"},"wordCount":623,"commentCount":0,"publisher":{"@id":"https:\/\/www.autojm.fr\/blog\/#organization"},"image":{"@id":"https:\/\/www.autojm.fr\/blog\/comment-charger-son-vehicule-a-lexterieur\/#primaryimage"},"thumbnailUrl":"https:\/\/www.autojm.fr\/blog\/wp-content\/uploads\/2022\/10\/573-scaled.jpg","keywords":["autojm","Citro\u00ebn","dacia","DS","Fiat","Ford","Kia","Nissan","Opel","peugeot","renault","Volkswagen"],"articleSection":["Conseils &amp; Astuces"],"inLanguage":"fr-FR","potentialAction":[{"@type":"CommentAction","name":"Comment","target":["https:\/\/www.autojm.fr\/blog\/comment-charger-son-vehicule-a-lexterieur\/#respond"]}]},{"@type":"WebPage","@id":"https:\/\/www.autojm.fr\/blog\/comment-charger-son-vehicule-a-lexterieur\/","url":"https:\/\/www.autojm.fr\/blog\/comment-charger-son-vehicule-a-lexterieur\/","name":"Comment charger son v\u00e9hicule \u00e0 l'ext\u00e9rieur ? - AutoJM Mag","isPartOf":{"@id":"https:\/\/www.autojm.fr\/blog\/#website"},"primaryImageOfPage":{"@id":"https:\/\/www.autojm.fr\/blog\/comment-charger-son-vehicule-a-lexterieur\/#primaryimage"},"image":{"@id":"https:\/\/www.autojm.fr\/blog\/comment-charger-son-vehicule-a-lexterieur\/#primaryimage"},"thumbnailUrl":"https:\/\/www.autojm.fr\/blog\/wp-content\/uploads\/2022\/10\/573-scaled.jpg","datePublished":"2020-08-12T00:00:00+00:00","dateModified":"2023-04-19T06:47:50+00:00","description":"La premi\u00e8re probl\u00e9matique que peut rencontrer un futur acqu\u00e9reur de v\u00e9hicule hybride rechargeable ou \u00e9lectrique, c'est la question...","breadcrumb":{"@id":"https:\/\/www.autojm.fr\/blog\/comment-charger-son-vehicule-a-lexterieur\/#breadcrumb"},"inLanguage":"fr-FR","potentialAction":[{"@type":"ReadAction","target":["https:\/\/www.autojm.fr\/blog\/comment-charger-son-vehicule-a-lexterieur\/"]}]},{"@type":"ImageObject","inLanguage":"fr-FR","@id":"https:\/\/www.autojm.fr\/blog\/comment-charger-son-vehicule-a-lexterieur\/#primaryimage","url":"https:\/\/www.autojm.fr\/blog\/wp-content\/uploads\/2022\/10\/573-scaled.jpg","contentUrl":"https:\/\/www.autojm.fr\/blog\/wp-content\/uploads\/2022\/10\/573-scaled.jpg","width":2560,"height":1160,"caption":"Charger son v\u00e9hicule"},{"@type":"BreadcrumbList","@id":"https:\/\/www.autojm.fr\/blog\/comment-charger-son-vehicule-a-lexterieur\/#breadcrumb","itemListElement":[{"@type":"ListItem","position":1,"name":"Accueil","item":"https:\/\/www.autojm.fr\/blog\/"},{"@type":"ListItem","position":2,"name":"Conseils &amp; Astuces","item":"https:\/\/www.autojm.fr\/blog\/conseils-astuces\/"},{"@type":"ListItem","position":3,"name":"Comment charger son v\u00e9hicule \u00e0 l&rsquo;ext\u00e9rieur ?"}]},{"@type":"WebSite","@id":"https:\/\/www.autojm.fr\/blog\/#website","url":"https:\/\/www.autojm.fr\/blog\/","name":"AutoJM Mag","description":"Toute l&#039;actu auto en 1 clic !","publisher":{"@id":"https:\/\/www.autojm.fr\/blog\/#organization"},"potentialAction":[{"@type":"SearchAction","target":{"@type":"EntryPoint","urlTemplate":"https:\/\/www.autojm.fr\/blog\/?s={search_term_string}"},"query-input":{"@type":"PropertyValueSpecification","valueRequired":true,"valueName":"search_term_string"}}],"inLanguage":"fr-FR"},{"@type":"Organization","@id":"https:\/\/www.autojm.fr\/blog\/#organization","name":"AutoJM Mag","url":"https:\/\/www.autojm.fr\/blog\/","logo":{"@type":"ImageObject","inLanguage":"fr-FR","@id":"https:\/\/www.autojm.fr\/blog\/#\/schema\/logo\/image\/","url":"https:\/\/www.autojm.fr\/blog\/wp-content\/uploads\/2022\/12\/cropped-AutoJMag-png.png","contentUrl":"https:\/\/www.autojm.fr\/blog\/wp-content\/uploads\/2022\/12\/cropped-AutoJMag-png.png","width":2834,"height":585,"caption":"AutoJM Mag"},"image":{"@id":"https:\/\/www.autojm.fr\/blog\/#\/schema\/logo\/image\/"},"sameAs":["https:\/\/www.facebook.com\/AutoJM25"]},{"@type":"Person","@id":"https:\/\/www.autojm.fr\/blog\/#\/schema\/person\/9742bc77541853e0de81fc57f947e1a0","name":"Autojm","image":{"@type":"ImageObject","inLanguage":"fr-FR","@id":"https:\/\/secure.gravatar.com\/avatar\/9a959d52b758fcc232fe4b6aca7bab139182573297122cce7d6f2ee0e537b418?s=96&d=mm&r=g","url":"https:\/\/secure.gravatar.com\/avatar\/9a959d52b758fcc232fe4b6aca7bab139182573297122cce7d6f2ee0e537b418?s=96&d=mm&r=g","contentUrl":"https:\/\/secure.gravatar.com\/avatar\/9a959d52b758fcc232fe4b6aca7bab139182573297122cce7d6f2ee0e537b418?s=96&d=mm&r=g","caption":"Autojm"},"sameAs":["https:\/\/www.autojm.fr\/blog"],"url":"https:\/\/www.autojm.fr\/blog\/author\/bichoi\/"}]}},"_links":{"self":[{"href":"https:\/\/www.autojm.fr\/blog\/wp-json\/wp\/v2\/posts\/3844","targetHints":{"allow":["GET"]}}],"collection":[{"href":"https:\/\/www.autojm.fr\/blog\/wp-json\/wp\/v2\/posts"}],"about":[{"href":"https:\/\/www.autojm.fr\/blog\/wp-json\/wp\/v2\/types\/post"}],"author":[{"embeddable":true,"href":"https:\/\/www.autojm.fr\/blog\/wp-json\/wp\/v2\/users\/1"}],"replies":[{"embeddable":true,"href":"https:\/\/www.autojm.fr\/blog\/wp-json\/wp\/v2\/comments?post=3844"}],"version-history":[{"count":5,"href":"https:\/\/www.autojm.fr\/blog\/wp-json\/wp\/v2\/posts\/3844\/revisions"}],"predecessor-version":[{"id":9420,"href":"https:\/\/www.autojm.fr\/blog\/wp-json\/wp\/v2\/posts\/3844\/revisions\/9420"}],"wp:featuredmedia":[{"embeddable":true,"href":"https:\/\/www.autojm.fr\/blog\/wp-json\/wp\/v2\/media\/5904"}],"wp:attachment":[{"href":"https:\/\/www.autojm.fr\/blog\/wp-json\/wp\/v2\/media?parent=3844"}],"wp:term":[{"taxonomy":"category","embeddable":true,"href":"https:\/\/www.autojm.fr\/blog\/wp-json\/wp\/v2\/categories?post=3844"},{"taxonomy":"post_tag","embeddable":true,"href":"https:\/\/www.autojm.fr\/blog\/wp-json\/wp\/v2\/tags?post=3844"}],"curies":[{"name":"wp","href":"https:\/\/api.w.org\/{rel}","templated":true}]}}