{"id":3842,"date":"2020-08-10T00:00:00","date_gmt":"2020-08-10T00:00:00","guid":{"rendered":"https:\/\/www.autojm.fr\/blog\/comment-baisser-la-temperature-dans-ma-voiture\/"},"modified":"2023-04-19T06:49:39","modified_gmt":"2023-04-19T06:49:39","slug":"comment-baisser-la-temperature-dans-ma-voiture","status":"publish","type":"post","link":"https:\/\/www.autojm.fr\/blog\/comment-baisser-la-temperature-dans-ma-voiture\/","title":{"rendered":"Comment baisser la temp\u00e9rature dans ma voiture ?"},"content":{"rendered":"<p>Les \u00e9t\u00e9s sont de plus en plus chauds et s&rsquo;il y a bien un endroit o\u00f9 la canicule fait le plus de d\u00e9g\u00e2ts, c&rsquo;est \u00e0 l&rsquo;int\u00e9rieur de nos voitures. Apr\u00e8s avoir laiss\u00e9 sa voiture quelques heures au soleil le temps d&rsquo;une journ\u00e9e de travail, impossible de reprendre le volant ! Il existe de nombreuses astuces pour rafra\u00eechir son v\u00e9hicule et conserver une temp\u00e9rature plus acceptable dans l&rsquo;habitacle. Voici quelques informations et conseils qui vous seront utiles.<\/p>\n<h2>Jusqu&rsquo;\u00e0 80 degr\u00e9s Celsius dans l&rsquo;habitacle !<\/h2>\n<p>Il est important de prendre conscience de la vitesse \u00e0 laquelle un v\u00e9hicule d\u00e9passe une temp\u00e9rature tol\u00e9rable. L&rsquo;Argus a r\u00e9v\u00e9l\u00e9 les chiffres constat\u00e9s par le TCS (Touring Club Suisse) : <strong>quelques minutes suffisent \u00e0 faire grimper la temp\u00e9rature \u00e0 50 degr\u00e9s Celsius<\/strong> \u00e0 l&rsquo;int\u00e9rieur d&rsquo;un habitacle lorsque le v\u00e9hicule est expos\u00e9 en plein soleil. Apr\u00e8s une heure enti\u00e8re d&rsquo;exposition, on peut constater<strong> jusqu&rsquo;\u00e0 80 degr\u00e9s Celsius<\/strong>.<\/p>\n<p>Certains param\u00e8tres peuvent avoir une influence sur la temp\u00e9rature interne : \u00e0 titre d&rsquo;exemple, une <a href=\"https:\/\/www.autojm.fr\/?part=blog&amp;utm_source=articleblog100820&amp;utm_medium=blog\">voiture<\/a> \u00e9quip\u00e9e de <strong>surfaces vitr\u00e9es plus larges ou d&rsquo;un toit panoramique sera plus touch\u00e9e par la chaleur<\/strong>. A l&rsquo;inverse, les mod\u00e8les qui disposent de <strong>vitres athermiques ou teint\u00e9es<\/strong> sont plus prot\u00e9g\u00e9s. De m\u00eame, lorsque l&rsquo;on dispose un<strong> pare-soleil <\/strong>sur le pare-brise, on peut temp\u00e9rer l&rsquo;habitacle et \u00e9viter les fortes chaleurs. Il faut bien s\u00fbr que le pare-soleil soit mis en place d\u00e8s lors que l&rsquo;on quitte le v\u00e9hicule.<\/p>\n<h2>Mais alors comment refroidir sa voiture ?<\/h2>\n<p>Il est n\u00e9cessaire de<strong> laisser les portes ou fen\u00eatres du v\u00e9hicule ouvertes<\/strong> quelques minutes et d&rsquo;attendre \u00e0 l&rsquo;ext\u00e9rieur le temps de faire redescendre la temp\u00e9rature.<\/p>\n<h3>La m\u00e9thode Made In China<\/h3>\n<p>C&rsquo;est une m\u00e9thode originale mais qui a fait ses preuves existe, et ce sont les journalistes de <a href=\"https:\/\/www.largus.fr\/actualite-automobile\/comment-refroidir-son-habitacle-en-huit-secondes-8640396.html\">L&rsquo;Argus<\/a> qui en ont fait la promotion. En effet, on peut rapidement perdre pr\u00e8s d&rsquo;une dizaine de degr\u00e9s gr\u00e2ce \u00e0 une astuce simple : il suffit d&rsquo;<strong>ouvrir la fen\u00eatre c\u00f4t\u00e9 passager, puis ouvrir et fermer la porte c\u00f4t\u00e9 conducteur cinq fois<\/strong>. On renouvelle ensuite en faisant la m\u00eame chose mais en inversant : c&rsquo;est la fen\u00eatre c\u00f4t\u00e9 conducteur qui est ouverte et la porte c\u00f4t\u00e9 passager que l&rsquo;on ouvre et ferme. L&rsquo;air chaud de l&rsquo;habitacle est exclu par les mouvements de porte tandis que l&rsquo;air plus frais de l&rsquo;ext\u00e9rieur entre par la fen\u00eatre oppos\u00e9e.<\/p>\n<h3>Bien utiliser la climatisation<\/h3>\n<p>La climatisation est bien \u00e9videmment un alli\u00e9 de taille durant les fortes chaleurs, mais attention \u00e0 ne pas cr\u00e9er une trop grande diff\u00e9rence avec la temp\u00e9rature ext\u00e9rieur. Les recommandations font \u00e9tat d&rsquo;une<strong> diff\u00e9rence maximum de 5 degr\u00e9s<\/strong> pour \u00e9viter les <strong>chocs thermiques<\/strong>, ce qui peut para\u00eetre peu en p\u00e9riode de canicule. Point essentiel : l&rsquo;utilisation de la climatisation entra\u00eene une <strong>surconsommation<\/strong>. Allumer la climatisation \u00e0 peine le moteur d\u00e9marr\u00e9 n&rsquo;est donc pas conseill\u00e9 : la consommation est <strong>30% sup\u00e9rieure lorsque la climatisation fonctionne au d\u00e9marrage<\/strong>, contre seulement <strong>5% sup\u00e9rieure sur le long terme<\/strong>.<\/p>\n<h3>Conseils suppl\u00e9mentaires<\/h3>\n<p>Quelques petits conseils suppl\u00e9mentaires peuvent vous \u00eatre utiles :<br \/>\n&#8211; <strong>couvrez votre volant<\/strong> afin de le prot\u00e9ger de la chaleur lorsque vous stationnez et ainsi \u00e9viter les br\u00fblures<br \/>\n&#8211; privil\u00e9giez l&rsquo;<strong>ouverture des fen\u00eatres sur les trajets courts<\/strong> et par chaleur mod\u00e9r\u00e9e afin d&rsquo;\u00e9viter la surconsommation<br \/>\n&#8211; ne surtout <strong>pas toucher la carrosserie de votre v\u00e9hicule<\/strong> s&rsquo;il est rest\u00e9 en plein soleil, c&rsquo;est la partie la plus chauff\u00e9e<\/p>\n<p>Enfin, sachez que la loi autorise d\u00e9sormais \u00e0 <strong>briser la vitre d&rsquo;un v\u00e9hicule si l&rsquo;on y d\u00e9couvre un enfant ou animal enferm\u00e9<\/strong> en situation de grand danger. Si vous \u00eates dans cette situation, entourez-vous de t\u00e9moins qui confirmeront la situation d&rsquo;urgence afin de justifier aupr\u00e8s du propri\u00e9taire du v\u00e9hicule la casse de la vitre.<\/p>\n","protected":false},"excerpt":{"rendered":"<p>Les \u00e9t\u00e9s sont de plus en plus chauds et s&rsquo;il y a bien un endroit o\u00f9 la canicule fait le plus de d\u00e9g\u00e2ts, c&rsquo;est \u00e0 l&rsquo;int\u00e9rieur de nos voitures. Apr\u00e8s avoir laiss\u00e9 sa voiture quelques heures au soleil le temps d&rsquo;une journ\u00e9e de travail, impossible de reprendre le volant ! Il existe de nombreuses astuces pour rafra\u00eechir son v\u00e9hicule et conserver une temp\u00e9rature plus acceptable dans l&rsquo;habitacle. Voici quelques informations et conseils qui vous seront utiles.<\/p>\n","protected":false},"author":1,"featured_media":5902,"comment_status":"open","ping_status":"open","sticky":false,"template":"","format":"standard","meta":{"_acf_changed":false,"content-type":"","footnotes":""},"categories":[22],"tags":[90,85,74,105,110,109,106,108,107,73,78,96],"class_list":["post-3842","post","type-post","status-publish","format-standard","has-post-thumbnail","hentry","category-conseils-astuces","tag-autojm","tag-citroen-2","tag-dacia","tag-ds","tag-fiat","tag-ford","tag-kia","tag-nissan","tag-opel","tag-peugeot","tag-renault","tag-volkswagen"],"acf":[],"yoast_head":"<!-- This site is optimized with the Yoast SEO plugin v27.5 - https:\/\/yoast.com\/product\/yoast-seo-wordpress\/ -->\n<title>Comment baisser la temp\u00e9rature dans ma voiture ? - AutoJM Mag<\/title>\n<meta name=\"description\" content=\"Les \u00e9t\u00e9s sont de plus en plus chauds et s&#039;il y a bien un endroit o\u00f9 la canicule fait le plus de d\u00e9g\u00e2ts, c&#039;est \u00e0 l&#039;int\u00e9rieur de nos voitures.\" \/>\n<meta name=\"robots\" content=\"index, follow, max-snippet:-1, max-image-preview:large, max-video-preview:-1\" \/>\n<link rel=\"canonical\" href=\"https:\/\/www.autojm.fr\/blog\/comment-baisser-la-temperature-dans-ma-voiture\/\" \/>\n<meta property=\"og:locale\" content=\"fr_FR\" \/>\n<meta property=\"og:type\" content=\"article\" \/>\n<meta property=\"og:title\" content=\"Comment baisser la temp\u00e9rature dans ma voiture ? - AutoJM Mag\" \/>\n<meta property=\"og:description\" content=\"Les \u00e9t\u00e9s sont de plus en plus chauds et s&#039;il y a bien un endroit o\u00f9 la canicule fait le plus de d\u00e9g\u00e2ts, c&#039;est \u00e0 l&#039;int\u00e9rieur de nos voitures.\" \/>\n<meta property=\"og:url\" content=\"https:\/\/www.autojm.fr\/blog\/comment-baisser-la-temperature-dans-ma-voiture\/\" \/>\n<meta property=\"og:site_name\" content=\"AutoJM Mag\" \/>\n<meta property=\"article:publisher\" content=\"https:\/\/www.facebook.com\/AutoJM25\" \/>\n<meta property=\"article:published_time\" content=\"2020-08-10T00:00:00+00:00\" \/>\n<meta property=\"article:modified_time\" content=\"2023-04-19T06:49:39+00:00\" \/>\n<meta property=\"og:image\" content=\"https:\/\/www.autojm.fr\/blog\/wp-content\/uploads\/2022\/10\/571.jpg\" \/>\n\t<meta property=\"og:image:width\" content=\"1024\" \/>\n\t<meta property=\"og:image:height\" content=\"465\" \/>\n\t<meta property=\"og:image:type\" content=\"image\/jpeg\" \/>\n<meta name=\"author\" content=\"Autojm\" \/>\n<meta name=\"twitter:card\" content=\"summary_large_image\" \/>\n<meta name=\"twitter:label1\" content=\"\u00c9crit par\" \/>\n\t<meta name=\"twitter:data1\" content=\"Autojm\" \/>\n\t<meta name=\"twitter:label2\" content=\"Dur\u00e9e de lecture estim\u00e9e\" \/>\n\t<meta name=\"twitter:data2\" content=\"4 minutes\" \/>\n<script type=\"application\/ld+json\" class=\"yoast-schema-graph\">{\"@context\":\"https:\\\/\\\/schema.org\",\"@graph\":[{\"@type\":\"Article\",\"@id\":\"https:\\\/\\\/www.autojm.fr\\\/blog\\\/comment-baisser-la-temperature-dans-ma-voiture\\\/#article\",\"isPartOf\":{\"@id\":\"https:\\\/\\\/www.autojm.fr\\\/blog\\\/comment-baisser-la-temperature-dans-ma-voiture\\\/\"},\"author\":{\"name\":\"Autojm\",\"@id\":\"https:\\\/\\\/www.autojm.fr\\\/blog\\\/#\\\/schema\\\/person\\\/9742bc77541853e0de81fc57f947e1a0\"},\"headline\":\"Comment baisser la temp\u00e9rature dans ma voiture ?\",\"datePublished\":\"2020-08-10T00:00:00+00:00\",\"dateModified\":\"2023-04-19T06:49:39+00:00\",\"mainEntityOfPage\":{\"@id\":\"https:\\\/\\\/www.autojm.fr\\\/blog\\\/comment-baisser-la-temperature-dans-ma-voiture\\\/\"},\"wordCount\":670,\"commentCount\":0,\"publisher\":{\"@id\":\"https:\\\/\\\/www.autojm.fr\\\/blog\\\/#organization\"},\"image\":{\"@id\":\"https:\\\/\\\/www.autojm.fr\\\/blog\\\/comment-baisser-la-temperature-dans-ma-voiture\\\/#primaryimage\"},\"thumbnailUrl\":\"https:\\\/\\\/www.autojm.fr\\\/blog\\\/wp-content\\\/uploads\\\/2022\\\/10\\\/571.jpg\",\"keywords\":[\"autojm\",\"Citro\u00ebn\",\"dacia\",\"DS\",\"Fiat\",\"Ford\",\"Kia\",\"Nissan\",\"Opel\",\"peugeot\",\"renault\",\"Volkswagen\"],\"articleSection\":[\"Conseils &amp; Astuces\"],\"inLanguage\":\"fr-FR\",\"potentialAction\":[{\"@type\":\"CommentAction\",\"name\":\"Comment\",\"target\":[\"https:\\\/\\\/www.autojm.fr\\\/blog\\\/comment-baisser-la-temperature-dans-ma-voiture\\\/#respond\"]}]},{\"@type\":\"WebPage\",\"@id\":\"https:\\\/\\\/www.autojm.fr\\\/blog\\\/comment-baisser-la-temperature-dans-ma-voiture\\\/\",\"url\":\"https:\\\/\\\/www.autojm.fr\\\/blog\\\/comment-baisser-la-temperature-dans-ma-voiture\\\/\",\"name\":\"Comment baisser la temp\u00e9rature dans ma voiture ? - AutoJM Mag\",\"isPartOf\":{\"@id\":\"https:\\\/\\\/www.autojm.fr\\\/blog\\\/#website\"},\"primaryImageOfPage\":{\"@id\":\"https:\\\/\\\/www.autojm.fr\\\/blog\\\/comment-baisser-la-temperature-dans-ma-voiture\\\/#primaryimage\"},\"image\":{\"@id\":\"https:\\\/\\\/www.autojm.fr\\\/blog\\\/comment-baisser-la-temperature-dans-ma-voiture\\\/#primaryimage\"},\"thumbnailUrl\":\"https:\\\/\\\/www.autojm.fr\\\/blog\\\/wp-content\\\/uploads\\\/2022\\\/10\\\/571.jpg\",\"datePublished\":\"2020-08-10T00:00:00+00:00\",\"dateModified\":\"2023-04-19T06:49:39+00:00\",\"description\":\"Les \u00e9t\u00e9s sont de plus en plus chauds et s'il y a bien un endroit o\u00f9 la canicule fait le plus de d\u00e9g\u00e2ts, c'est \u00e0 l'int\u00e9rieur de nos voitures.\",\"breadcrumb\":{\"@id\":\"https:\\\/\\\/www.autojm.fr\\\/blog\\\/comment-baisser-la-temperature-dans-ma-voiture\\\/#breadcrumb\"},\"inLanguage\":\"fr-FR\",\"potentialAction\":[{\"@type\":\"ReadAction\",\"target\":[\"https:\\\/\\\/www.autojm.fr\\\/blog\\\/comment-baisser-la-temperature-dans-ma-voiture\\\/\"]}]},{\"@type\":\"ImageObject\",\"inLanguage\":\"fr-FR\",\"@id\":\"https:\\\/\\\/www.autojm.fr\\\/blog\\\/comment-baisser-la-temperature-dans-ma-voiture\\\/#primaryimage\",\"url\":\"https:\\\/\\\/www.autojm.fr\\\/blog\\\/wp-content\\\/uploads\\\/2022\\\/10\\\/571.jpg\",\"contentUrl\":\"https:\\\/\\\/www.autojm.fr\\\/blog\\\/wp-content\\\/uploads\\\/2022\\\/10\\\/571.jpg\",\"width\":1024,\"height\":465,\"caption\":\"Baisser la temp\u00e9rature dans la voiture\"},{\"@type\":\"BreadcrumbList\",\"@id\":\"https:\\\/\\\/www.autojm.fr\\\/blog\\\/comment-baisser-la-temperature-dans-ma-voiture\\\/#breadcrumb\",\"itemListElement\":[{\"@type\":\"ListItem\",\"position\":1,\"name\":\"Accueil\",\"item\":\"https:\\\/\\\/www.autojm.fr\\\/blog\\\/\"},{\"@type\":\"ListItem\",\"position\":2,\"name\":\"Conseils &amp; Astuces\",\"item\":\"https:\\\/\\\/www.autojm.fr\\\/blog\\\/conseils-astuces\\\/\"},{\"@type\":\"ListItem\",\"position\":3,\"name\":\"Comment baisser la temp\u00e9rature dans ma voiture ?\"}]},{\"@type\":\"WebSite\",\"@id\":\"https:\\\/\\\/www.autojm.fr\\\/blog\\\/#website\",\"url\":\"https:\\\/\\\/www.autojm.fr\\\/blog\\\/\",\"name\":\"AutoJM Mag\",\"description\":\"Toute l&#039;actu auto en 1 clic !\",\"publisher\":{\"@id\":\"https:\\\/\\\/www.autojm.fr\\\/blog\\\/#organization\"},\"potentialAction\":[{\"@type\":\"SearchAction\",\"target\":{\"@type\":\"EntryPoint\",\"urlTemplate\":\"https:\\\/\\\/www.autojm.fr\\\/blog\\\/?s={search_term_string}\"},\"query-input\":{\"@type\":\"PropertyValueSpecification\",\"valueRequired\":true,\"valueName\":\"search_term_string\"}}],\"inLanguage\":\"fr-FR\"},{\"@type\":\"Organization\",\"@id\":\"https:\\\/\\\/www.autojm.fr\\\/blog\\\/#organization\",\"name\":\"AutoJM Mag\",\"url\":\"https:\\\/\\\/www.autojm.fr\\\/blog\\\/\",\"logo\":{\"@type\":\"ImageObject\",\"inLanguage\":\"fr-FR\",\"@id\":\"https:\\\/\\\/www.autojm.fr\\\/blog\\\/#\\\/schema\\\/logo\\\/image\\\/\",\"url\":\"https:\\\/\\\/www.autojm.fr\\\/blog\\\/wp-content\\\/uploads\\\/2022\\\/12\\\/cropped-AutoJMag-png.png\",\"contentUrl\":\"https:\\\/\\\/www.autojm.fr\\\/blog\\\/wp-content\\\/uploads\\\/2022\\\/12\\\/cropped-AutoJMag-png.png\",\"width\":2834,\"height\":585,\"caption\":\"AutoJM Mag\"},\"image\":{\"@id\":\"https:\\\/\\\/www.autojm.fr\\\/blog\\\/#\\\/schema\\\/logo\\\/image\\\/\"},\"sameAs\":[\"https:\\\/\\\/www.facebook.com\\\/AutoJM25\"]},{\"@type\":\"Person\",\"@id\":\"https:\\\/\\\/www.autojm.fr\\\/blog\\\/#\\\/schema\\\/person\\\/9742bc77541853e0de81fc57f947e1a0\",\"name\":\"Autojm\",\"image\":{\"@type\":\"ImageObject\",\"inLanguage\":\"fr-FR\",\"@id\":\"https:\\\/\\\/secure.gravatar.com\\\/avatar\\\/9a959d52b758fcc232fe4b6aca7bab139182573297122cce7d6f2ee0e537b418?s=96&d=mm&r=g\",\"url\":\"https:\\\/\\\/secure.gravatar.com\\\/avatar\\\/9a959d52b758fcc232fe4b6aca7bab139182573297122cce7d6f2ee0e537b418?s=96&d=mm&r=g\",\"contentUrl\":\"https:\\\/\\\/secure.gravatar.com\\\/avatar\\\/9a959d52b758fcc232fe4b6aca7bab139182573297122cce7d6f2ee0e537b418?s=96&d=mm&r=g\",\"caption\":\"Autojm\"},\"sameAs\":[\"https:\\\/\\\/www.autojm.fr\\\/blog\"],\"url\":\"https:\\\/\\\/www.autojm.fr\\\/blog\\\/author\\\/bichoi\\\/\"}]}<\/script>\n<!-- \/ Yoast SEO plugin. -->","yoast_head_json":{"title":"Comment baisser la temp\u00e9rature dans ma voiture ? - AutoJM Mag","description":"Les \u00e9t\u00e9s sont de plus en plus chauds et s'il y a bien un endroit o\u00f9 la canicule fait le plus de d\u00e9g\u00e2ts, c'est \u00e0 l'int\u00e9rieur de nos voitures.","robots":{"index":"index","follow":"follow","max-snippet":"max-snippet:-1","max-image-preview":"max-image-preview:large","max-video-preview":"max-video-preview:-1"},"canonical":"https:\/\/www.autojm.fr\/blog\/comment-baisser-la-temperature-dans-ma-voiture\/","og_locale":"fr_FR","og_type":"article","og_title":"Comment baisser la temp\u00e9rature dans ma voiture ? - AutoJM Mag","og_description":"Les \u00e9t\u00e9s sont de plus en plus chauds et s'il y a bien un endroit o\u00f9 la canicule fait le plus de d\u00e9g\u00e2ts, c'est \u00e0 l'int\u00e9rieur de nos voitures.","og_url":"https:\/\/www.autojm.fr\/blog\/comment-baisser-la-temperature-dans-ma-voiture\/","og_site_name":"AutoJM Mag","article_publisher":"https:\/\/www.facebook.com\/AutoJM25","article_published_time":"2020-08-10T00:00:00+00:00","article_modified_time":"2023-04-19T06:49:39+00:00","og_image":[{"width":1024,"height":465,"url":"https:\/\/www.autojm.fr\/blog\/wp-content\/uploads\/2022\/10\/571.jpg","type":"image\/jpeg"}],"author":"Autojm","twitter_card":"summary_large_image","twitter_misc":{"\u00c9crit par":"Autojm","Dur\u00e9e de lecture estim\u00e9e":"4 minutes"},"schema":{"@context":"https:\/\/schema.org","@graph":[{"@type":"Article","@id":"https:\/\/www.autojm.fr\/blog\/comment-baisser-la-temperature-dans-ma-voiture\/#article","isPartOf":{"@id":"https:\/\/www.autojm.fr\/blog\/comment-baisser-la-temperature-dans-ma-voiture\/"},"author":{"name":"Autojm","@id":"https:\/\/www.autojm.fr\/blog\/#\/schema\/person\/9742bc77541853e0de81fc57f947e1a0"},"headline":"Comment baisser la temp\u00e9rature dans ma voiture ?","datePublished":"2020-08-10T00:00:00+00:00","dateModified":"2023-04-19T06:49:39+00:00","mainEntityOfPage":{"@id":"https:\/\/www.autojm.fr\/blog\/comment-baisser-la-temperature-dans-ma-voiture\/"},"wordCount":670,"commentCount":0,"publisher":{"@id":"https:\/\/www.autojm.fr\/blog\/#organization"},"image":{"@id":"https:\/\/www.autojm.fr\/blog\/comment-baisser-la-temperature-dans-ma-voiture\/#primaryimage"},"thumbnailUrl":"https:\/\/www.autojm.fr\/blog\/wp-content\/uploads\/2022\/10\/571.jpg","keywords":["autojm","Citro\u00ebn","dacia","DS","Fiat","Ford","Kia","Nissan","Opel","peugeot","renault","Volkswagen"],"articleSection":["Conseils &amp; Astuces"],"inLanguage":"fr-FR","potentialAction":[{"@type":"CommentAction","name":"Comment","target":["https:\/\/www.autojm.fr\/blog\/comment-baisser-la-temperature-dans-ma-voiture\/#respond"]}]},{"@type":"WebPage","@id":"https:\/\/www.autojm.fr\/blog\/comment-baisser-la-temperature-dans-ma-voiture\/","url":"https:\/\/www.autojm.fr\/blog\/comment-baisser-la-temperature-dans-ma-voiture\/","name":"Comment baisser la temp\u00e9rature dans ma voiture ? - AutoJM Mag","isPartOf":{"@id":"https:\/\/www.autojm.fr\/blog\/#website"},"primaryImageOfPage":{"@id":"https:\/\/www.autojm.fr\/blog\/comment-baisser-la-temperature-dans-ma-voiture\/#primaryimage"},"image":{"@id":"https:\/\/www.autojm.fr\/blog\/comment-baisser-la-temperature-dans-ma-voiture\/#primaryimage"},"thumbnailUrl":"https:\/\/www.autojm.fr\/blog\/wp-content\/uploads\/2022\/10\/571.jpg","datePublished":"2020-08-10T00:00:00+00:00","dateModified":"2023-04-19T06:49:39+00:00","description":"Les \u00e9t\u00e9s sont de plus en plus chauds et s'il y a bien un endroit o\u00f9 la canicule fait le plus de d\u00e9g\u00e2ts, c'est \u00e0 l'int\u00e9rieur de nos voitures.","breadcrumb":{"@id":"https:\/\/www.autojm.fr\/blog\/comment-baisser-la-temperature-dans-ma-voiture\/#breadcrumb"},"inLanguage":"fr-FR","potentialAction":[{"@type":"ReadAction","target":["https:\/\/www.autojm.fr\/blog\/comment-baisser-la-temperature-dans-ma-voiture\/"]}]},{"@type":"ImageObject","inLanguage":"fr-FR","@id":"https:\/\/www.autojm.fr\/blog\/comment-baisser-la-temperature-dans-ma-voiture\/#primaryimage","url":"https:\/\/www.autojm.fr\/blog\/wp-content\/uploads\/2022\/10\/571.jpg","contentUrl":"https:\/\/www.autojm.fr\/blog\/wp-content\/uploads\/2022\/10\/571.jpg","width":1024,"height":465,"caption":"Baisser la temp\u00e9rature dans la voiture"},{"@type":"BreadcrumbList","@id":"https:\/\/www.autojm.fr\/blog\/comment-baisser-la-temperature-dans-ma-voiture\/#breadcrumb","itemListElement":[{"@type":"ListItem","position":1,"name":"Accueil","item":"https:\/\/www.autojm.fr\/blog\/"},{"@type":"ListItem","position":2,"name":"Conseils &amp; Astuces","item":"https:\/\/www.autojm.fr\/blog\/conseils-astuces\/"},{"@type":"ListItem","position":3,"name":"Comment baisser la temp\u00e9rature dans ma voiture ?"}]},{"@type":"WebSite","@id":"https:\/\/www.autojm.fr\/blog\/#website","url":"https:\/\/www.autojm.fr\/blog\/","name":"AutoJM Mag","description":"Toute l&#039;actu auto en 1 clic !","publisher":{"@id":"https:\/\/www.autojm.fr\/blog\/#organization"},"potentialAction":[{"@type":"SearchAction","target":{"@type":"EntryPoint","urlTemplate":"https:\/\/www.autojm.fr\/blog\/?s={search_term_string}"},"query-input":{"@type":"PropertyValueSpecification","valueRequired":true,"valueName":"search_term_string"}}],"inLanguage":"fr-FR"},{"@type":"Organization","@id":"https:\/\/www.autojm.fr\/blog\/#organization","name":"AutoJM Mag","url":"https:\/\/www.autojm.fr\/blog\/","logo":{"@type":"ImageObject","inLanguage":"fr-FR","@id":"https:\/\/www.autojm.fr\/blog\/#\/schema\/logo\/image\/","url":"https:\/\/www.autojm.fr\/blog\/wp-content\/uploads\/2022\/12\/cropped-AutoJMag-png.png","contentUrl":"https:\/\/www.autojm.fr\/blog\/wp-content\/uploads\/2022\/12\/cropped-AutoJMag-png.png","width":2834,"height":585,"caption":"AutoJM Mag"},"image":{"@id":"https:\/\/www.autojm.fr\/blog\/#\/schema\/logo\/image\/"},"sameAs":["https:\/\/www.facebook.com\/AutoJM25"]},{"@type":"Person","@id":"https:\/\/www.autojm.fr\/blog\/#\/schema\/person\/9742bc77541853e0de81fc57f947e1a0","name":"Autojm","image":{"@type":"ImageObject","inLanguage":"fr-FR","@id":"https:\/\/secure.gravatar.com\/avatar\/9a959d52b758fcc232fe4b6aca7bab139182573297122cce7d6f2ee0e537b418?s=96&d=mm&r=g","url":"https:\/\/secure.gravatar.com\/avatar\/9a959d52b758fcc232fe4b6aca7bab139182573297122cce7d6f2ee0e537b418?s=96&d=mm&r=g","contentUrl":"https:\/\/secure.gravatar.com\/avatar\/9a959d52b758fcc232fe4b6aca7bab139182573297122cce7d6f2ee0e537b418?s=96&d=mm&r=g","caption":"Autojm"},"sameAs":["https:\/\/www.autojm.fr\/blog"],"url":"https:\/\/www.autojm.fr\/blog\/author\/bichoi\/"}]}},"_links":{"self":[{"href":"https:\/\/www.autojm.fr\/blog\/wp-json\/wp\/v2\/posts\/3842","targetHints":{"allow":["GET"]}}],"collection":[{"href":"https:\/\/www.autojm.fr\/blog\/wp-json\/wp\/v2\/posts"}],"about":[{"href":"https:\/\/www.autojm.fr\/blog\/wp-json\/wp\/v2\/types\/post"}],"author":[{"embeddable":true,"href":"https:\/\/www.autojm.fr\/blog\/wp-json\/wp\/v2\/users\/1"}],"replies":[{"embeddable":true,"href":"https:\/\/www.autojm.fr\/blog\/wp-json\/wp\/v2\/comments?post=3842"}],"version-history":[{"count":5,"href":"https:\/\/www.autojm.fr\/blog\/wp-json\/wp\/v2\/posts\/3842\/revisions"}],"predecessor-version":[{"id":9422,"href":"https:\/\/www.autojm.fr\/blog\/wp-json\/wp\/v2\/posts\/3842\/revisions\/9422"}],"wp:featuredmedia":[{"embeddable":true,"href":"https:\/\/www.autojm.fr\/blog\/wp-json\/wp\/v2\/media\/5902"}],"wp:attachment":[{"href":"https:\/\/www.autojm.fr\/blog\/wp-json\/wp\/v2\/media?parent=3842"}],"wp:term":[{"taxonomy":"category","embeddable":true,"href":"https:\/\/www.autojm.fr\/blog\/wp-json\/wp\/v2\/categories?post=3842"},{"taxonomy":"post_tag","embeddable":true,"href":"https:\/\/www.autojm.fr\/blog\/wp-json\/wp\/v2\/tags?post=3842"}],"curies":[{"name":"wp","href":"https:\/\/api.w.org\/{rel}","templated":true}]}}