{"id":3838,"date":"2020-08-03T00:00:00","date_gmt":"2020-08-03T00:00:00","guid":{"rendered":"https:\/\/www.autojm.fr\/blog\/nouvelle-seat-leon-4eme-generation-de-la-berline-compacte\/"},"modified":"2023-09-15T12:18:53","modified_gmt":"2023-09-15T12:18:53","slug":"nouvelle-seat-leon-4eme-generation-de-la-berline-compacte","status":"publish","type":"post","link":"https:\/\/www.autojm.fr\/blog\/nouvelle-seat-leon-4eme-generation-de-la-berline-compacte\/","title":{"rendered":"Nouvelle Seat Leon, 4\u00e8me g\u00e9n\u00e9ration de la berline compacte"},"content":{"rendered":"<p>La <strong>berline compacte<\/strong> accueille une nouvelle g\u00e9n\u00e9ration. Forte d&rsquo;une exp\u00e9rience de plus de 20 ans, la Seat Leon revient pour sa 4\u00e8me g\u00e9n\u00e9ration. D\u00e9voil\u00e9e en janvier 2020, elle devait \u00eatre sous les feux des projecteurs \u00e0 l&rsquo;occasion du salon de l&rsquo;automobile de Gen\u00e8ve pr\u00e9vu en mars 2020, mais celui-ci a \u00e9t\u00e9 annul\u00e9 pour cause de Coronavirus. Elle est dot\u00e9e de la plateforme MQB-Evo du Groupe Allemand Volkswagen, que l&rsquo;on retrouve sur la nouvelle Golf. Mais alors, quels sont les atouts de la <strong>Seat Leon 2020<\/strong> ?<\/p>\n<h2>Seat Leon, la berline compacte au look s\u00e9duisant<\/h2>\n<p>L&rsquo;ext\u00e9rieur de la nouvelle Seat Leon est dynamique et moderne. On d\u00e9couvre des phares Full LED avant et arri\u00e8re puissants, et un nouvel \u00e9clairage \u00e0 bandeau LED \u00e0 l&rsquo;arri\u00e8re du v\u00e9hicule, qui int\u00e8gre des clignotants dynamiques. La personnalisation laisse le choix entre 6 jantes de 16 \u00e0 18 pouces. Le logo Leon est en \u00e9criture manuscrite, la calandre en trap\u00e8ze, et l&rsquo;\u00e9clairage d&rsquo;accueil est personnalis\u00e9 par le mot \u201cHola\u201d projet\u00e9. Enfin, 7 coloris viennent se coller \u00e0 la carrosserie de la berline compacte : rouge passion, blanc candy, blanc nevada, gris magn\u00e9tique, noir minuit, bleu \u00e9lectrique, rouge d\u00e9sir.<\/p>\n<h2>GPS en 3D dans la nouvelle Seat Leon<\/h2>\n<p>A l&rsquo;int\u00e9rieur, le tableau de bord au dessin horizontal dispose d&rsquo;un volant sport multifonction, d&rsquo;un Digital Cockpit personnalisable de 10 pouces et d&rsquo;un \u00e9cran central de 10 pouces \u00e9galement. On retrouve des lumi\u00e8res \u00e0 LED pour l&rsquo;\u00e9clairage int\u00e9rieur, et plusieurs selleries : tissu gris, tissu gris &#8211; noir, su\u00e9dine noire et su\u00e9dine noire avec surpiq\u00fbres rouges.<br \/>\nLa gestion et l&rsquo;acc\u00e8s aux informations du v\u00e9hicule peuvent se faire via l&rsquo;application t\u00e9l\u00e9phone : verrouillage et d\u00e9verrouillage de la <strong>Seat<\/strong>, contr\u00f4le des donn\u00e9es comme l&rsquo;autonomie, localisation du v\u00e9hicule lorsqu&rsquo;il est en stationnement ou encore alerte en cas de vol.<\/p>\n<p><iframe loading=\"lazy\" src=\"https:\/\/www.youtube.com\/embed\/uhyRUmWeC-o\" width=\"100%\" height=\"315\" allowfullscreen=\"allowfullscreen\"><\/iframe><\/p>\n<h2>Technologies et motorisations pour la berline<\/h2>\n<p>De nombreux technologies r\u00e9centes et aides \u00e0 la conduite sont disponibles dans la <strong>Seat Leon 2020<\/strong> : syst\u00e8me Park Assist avec cam\u00e9ra de recul, Connectivity Box (recharge sans fil), Modes de conduite Sport Eco et Normal avec contr\u00f4le dynamique du ch\u00e2ssis, Lane assist et d\u00e9tection des travaux routiers, d\u00e9tecteur d&rsquo;angle mort, d\u00e9tection de la fatigue, Traffic Jam Assist (contr\u00f4le l&rsquo;acc\u00e9l\u00e9ration et la d\u00e9c\u00e9l\u00e9ration selon la distance avec les autres v\u00e9hicules).<\/p>\n<p>C\u00f4t\u00e9 <strong>motorisations, la Seat Leon<\/strong> se d\u00e9cline <strong>en Essence, en Diesel<\/strong>, mais \u00e9galement en <strong>hybride rechargeable ou hybridation l\u00e9g\u00e8re<\/strong>. C\u00f4t\u00e9 <strong>essence, 3 mod\u00e8les<\/strong> sont disponibles :<br \/>\n&#8211; 1.0 TSI 110 ch BVM6<br \/>\n&#8211; 1.5 TSI 150 ch BVM6<br \/>\n&#8211; 1.5 eTSI 150 ch DSG7<\/p>\n<p>Contre seulement <strong>deux moteurs Diesel<\/strong> :<br \/>\n&#8211; 2.0 TDI 115 ch BVM6<br \/>\n&#8211; 2.0 TDI 150 ch DSG7<\/p>\n<h2>\u00c9quipements par finition pour la Leon 2020<\/h2>\n<p>De s\u00e9rie, la <strong>Seat Leon<\/strong> int\u00e8gre les \u00e9quipements suivants : climatronic 1 zone, frein \u00e0 main \u00e9lectrique avec aide au d\u00e9marrage en c\u00f4te, \u00e9cran tactile 8,25 pouces, Bluetooth, t\u00e9l\u00e9commande pour verrouiller \u00e0 distance (avec verrouillage de la trappe \u00e0 carburant), r\u00e9gulateur et limiteur de vitesse, barres de toit noires, appel d&rsquo;urgence, lane assist, front assist avec d\u00e9tection des pi\u00e9tons et des cyclistes\u2026 On les retrouve donc dans la <strong>finition Reference<\/strong>, qui constitue l&rsquo;entr\u00e9e de gamme.<\/p>\n<p>La <strong>Seat Leon Style<\/strong> dispose de : climatronic 3 zones, aide au stationnement arri\u00e8re, cam\u00e9ra de recul, projecteurs full LED avec lumi\u00e8re d&rsquo;approche \u201cHola\u201d, bandeau de LED arri\u00e8re avec clignotants dynamiques&#8230;<\/p>\n<p>La<strong> finition Xcellence<\/strong> offre les \u00e9quipements suivants : Connectivity Box (chargement \u00e0 induction), aide au stationnement avant, Park Assist, vitres arri\u00e8re surteint\u00e9es, entr\u00e9e et d\u00e9marrage mains-libres, barres de toit chrom\u00e9es, pack chrome ext\u00e9rieur, jantes alliage 17 pouces Santa Monica, si\u00e8ges sport, si\u00e8ge conducteur r\u00e9glable \u00e9lectriquement \u00e0 m\u00e9moire\u2026<\/p>\n<p>Enfin, la <strong>Leon FR<\/strong> b\u00e9n\u00e9ficie du ciel de toit noir, jantes alliage 18 pouces Terramar, calandre sp\u00e9cifique gris Cosmo, si\u00e8ges sport avec surpiq\u00fbres rouges, SEAT drive profile avec s\u00e9lection du mode de conduite, syst\u00e8me Beats Audio&#8230;<\/p>\n","protected":false},"excerpt":{"rendered":"<p>La berline compacte accueille une nouvelle g\u00e9n\u00e9ration. Forte d&rsquo;une exp\u00e9rience de plus de 20 ans, la Seat Leon revient pour sa 4\u00e8me g\u00e9n\u00e9ration. D\u00e9voil\u00e9e en janvier 2020, elle devait \u00eatre sous les feux des projecteurs \u00e0 l&rsquo;occasion du salon de l&rsquo;automobile de Gen\u00e8ve pr\u00e9vu en mars 2020, mais celui-ci a \u00e9t\u00e9 annul\u00e9 pour cause de Coronavirus.<\/p>\n","protected":false},"author":1,"featured_media":5898,"comment_status":"open","ping_status":"open","sticky":false,"template":"","format":"standard","meta":{"_acf_changed":false,"content-type":"","footnotes":""},"categories":[267,61],"tags":[90,174,175],"class_list":["post-3838","post","type-post","status-publish","format-standard","has-post-thumbnail","hentry","category-nouveaute-seat","category-nouveautes-autos","tag-autojm","tag-seat","tag-seat-leon"],"acf":[],"yoast_head":"<!-- This site is optimized with the Yoast SEO plugin v27.5 - https:\/\/yoast.com\/product\/yoast-seo-wordpress\/ -->\n<title>Nouvelle Seat Leon, 4\u00e8me g\u00e9n\u00e9ration de la berline compacte<\/title>\n<meta name=\"description\" content=\"La berline compacte accueille une nouvelle g\u00e9n\u00e9ration. Forte d&#039;une exp\u00e9rience de plus de 20 ans, la Seat Leon revient pour sa 4\u00e8me...\" \/>\n<meta name=\"robots\" content=\"index, follow, max-snippet:-1, max-image-preview:large, max-video-preview:-1\" \/>\n<link rel=\"canonical\" href=\"https:\/\/www.autojm.fr\/blog\/nouvelle-seat-leon-4eme-generation-de-la-berline-compacte\/\" \/>\n<meta property=\"og:locale\" content=\"fr_FR\" \/>\n<meta property=\"og:type\" content=\"article\" \/>\n<meta property=\"og:title\" content=\"Nouvelle Seat Leon, 4\u00e8me g\u00e9n\u00e9ration de la berline compacte\" \/>\n<meta property=\"og:description\" content=\"La berline compacte accueille une nouvelle g\u00e9n\u00e9ration. Forte d&#039;une exp\u00e9rience de plus de 20 ans, la Seat Leon revient pour sa 4\u00e8me...\" \/>\n<meta property=\"og:url\" content=\"https:\/\/www.autojm.fr\/blog\/nouvelle-seat-leon-4eme-generation-de-la-berline-compacte\/\" \/>\n<meta property=\"og:site_name\" content=\"AutoJM Mag\" \/>\n<meta property=\"article:publisher\" content=\"https:\/\/www.facebook.com\/AutoJM25\" \/>\n<meta property=\"article:published_time\" content=\"2020-08-03T00:00:00+00:00\" \/>\n<meta property=\"article:modified_time\" content=\"2023-09-15T12:18:53+00:00\" \/>\n<meta property=\"og:image\" content=\"https:\/\/www.autojm.fr\/blog\/wp-content\/uploads\/2022\/10\/567-scaled.jpg\" \/>\n\t<meta property=\"og:image:width\" content=\"2560\" \/>\n\t<meta property=\"og:image:height\" content=\"1160\" \/>\n\t<meta property=\"og:image:type\" content=\"image\/jpeg\" \/>\n<meta name=\"author\" content=\"Autojm\" \/>\n<meta name=\"twitter:card\" content=\"summary_large_image\" \/>\n<meta name=\"twitter:label1\" content=\"\u00c9crit par\" \/>\n\t<meta name=\"twitter:data1\" content=\"Autojm\" \/>\n\t<meta name=\"twitter:label2\" content=\"Dur\u00e9e de lecture estim\u00e9e\" \/>\n\t<meta name=\"twitter:data2\" content=\"4 minutes\" \/>\n<script type=\"application\/ld+json\" class=\"yoast-schema-graph\">{\"@context\":\"https:\\\/\\\/schema.org\",\"@graph\":[{\"@type\":\"Article\",\"@id\":\"https:\\\/\\\/www.autojm.fr\\\/blog\\\/nouvelle-seat-leon-4eme-generation-de-la-berline-compacte\\\/#article\",\"isPartOf\":{\"@id\":\"https:\\\/\\\/www.autojm.fr\\\/blog\\\/nouvelle-seat-leon-4eme-generation-de-la-berline-compacte\\\/\"},\"author\":{\"name\":\"Autojm\",\"@id\":\"https:\\\/\\\/www.autojm.fr\\\/blog\\\/#\\\/schema\\\/person\\\/9742bc77541853e0de81fc57f947e1a0\"},\"headline\":\"Nouvelle Seat Leon, 4\u00e8me g\u00e9n\u00e9ration de la berline compacte\",\"datePublished\":\"2020-08-03T00:00:00+00:00\",\"dateModified\":\"2023-09-15T12:18:53+00:00\",\"mainEntityOfPage\":{\"@id\":\"https:\\\/\\\/www.autojm.fr\\\/blog\\\/nouvelle-seat-leon-4eme-generation-de-la-berline-compacte\\\/\"},\"wordCount\":679,\"commentCount\":0,\"publisher\":{\"@id\":\"https:\\\/\\\/www.autojm.fr\\\/blog\\\/#organization\"},\"image\":{\"@id\":\"https:\\\/\\\/www.autojm.fr\\\/blog\\\/nouvelle-seat-leon-4eme-generation-de-la-berline-compacte\\\/#primaryimage\"},\"thumbnailUrl\":\"https:\\\/\\\/www.autojm.fr\\\/blog\\\/wp-content\\\/uploads\\\/2022\\\/10\\\/567-scaled.jpg\",\"keywords\":[\"autojm\",\"Seat\",\"Seat Leon\"],\"articleSection\":[\"Nouveaut\u00e9 Seat\",\"Nouveaut\u00e9s Autos\"],\"inLanguage\":\"fr-FR\",\"potentialAction\":[{\"@type\":\"CommentAction\",\"name\":\"Comment\",\"target\":[\"https:\\\/\\\/www.autojm.fr\\\/blog\\\/nouvelle-seat-leon-4eme-generation-de-la-berline-compacte\\\/#respond\"]}]},{\"@type\":\"WebPage\",\"@id\":\"https:\\\/\\\/www.autojm.fr\\\/blog\\\/nouvelle-seat-leon-4eme-generation-de-la-berline-compacte\\\/\",\"url\":\"https:\\\/\\\/www.autojm.fr\\\/blog\\\/nouvelle-seat-leon-4eme-generation-de-la-berline-compacte\\\/\",\"name\":\"Nouvelle Seat Leon, 4\u00e8me g\u00e9n\u00e9ration de la berline compacte\",\"isPartOf\":{\"@id\":\"https:\\\/\\\/www.autojm.fr\\\/blog\\\/#website\"},\"primaryImageOfPage\":{\"@id\":\"https:\\\/\\\/www.autojm.fr\\\/blog\\\/nouvelle-seat-leon-4eme-generation-de-la-berline-compacte\\\/#primaryimage\"},\"image\":{\"@id\":\"https:\\\/\\\/www.autojm.fr\\\/blog\\\/nouvelle-seat-leon-4eme-generation-de-la-berline-compacte\\\/#primaryimage\"},\"thumbnailUrl\":\"https:\\\/\\\/www.autojm.fr\\\/blog\\\/wp-content\\\/uploads\\\/2022\\\/10\\\/567-scaled.jpg\",\"datePublished\":\"2020-08-03T00:00:00+00:00\",\"dateModified\":\"2023-09-15T12:18:53+00:00\",\"description\":\"La berline compacte accueille une nouvelle g\u00e9n\u00e9ration. Forte d'une exp\u00e9rience de plus de 20 ans, la Seat Leon revient pour sa 4\u00e8me...\",\"breadcrumb\":{\"@id\":\"https:\\\/\\\/www.autojm.fr\\\/blog\\\/nouvelle-seat-leon-4eme-generation-de-la-berline-compacte\\\/#breadcrumb\"},\"inLanguage\":\"fr-FR\",\"potentialAction\":[{\"@type\":\"ReadAction\",\"target\":[\"https:\\\/\\\/www.autojm.fr\\\/blog\\\/nouvelle-seat-leon-4eme-generation-de-la-berline-compacte\\\/\"]}]},{\"@type\":\"ImageObject\",\"inLanguage\":\"fr-FR\",\"@id\":\"https:\\\/\\\/www.autojm.fr\\\/blog\\\/nouvelle-seat-leon-4eme-generation-de-la-berline-compacte\\\/#primaryimage\",\"url\":\"https:\\\/\\\/www.autojm.fr\\\/blog\\\/wp-content\\\/uploads\\\/2022\\\/10\\\/567-scaled.jpg\",\"contentUrl\":\"https:\\\/\\\/www.autojm.fr\\\/blog\\\/wp-content\\\/uploads\\\/2022\\\/10\\\/567-scaled.jpg\",\"width\":2560,\"height\":1160,\"caption\":\"Seat Leon\"},{\"@type\":\"BreadcrumbList\",\"@id\":\"https:\\\/\\\/www.autojm.fr\\\/blog\\\/nouvelle-seat-leon-4eme-generation-de-la-berline-compacte\\\/#breadcrumb\",\"itemListElement\":[{\"@type\":\"ListItem\",\"position\":1,\"name\":\"Accueil\",\"item\":\"https:\\\/\\\/www.autojm.fr\\\/blog\\\/\"},{\"@type\":\"ListItem\",\"position\":2,\"name\":\"Nouveaut\u00e9s Autos\",\"item\":\"https:\\\/\\\/www.autojm.fr\\\/blog\\\/nouveautes-autos\\\/\"},{\"@type\":\"ListItem\",\"position\":3,\"name\":\"Nouvelle Seat Leon, 4\u00e8me g\u00e9n\u00e9ration de la berline compacte\"}]},{\"@type\":\"WebSite\",\"@id\":\"https:\\\/\\\/www.autojm.fr\\\/blog\\\/#website\",\"url\":\"https:\\\/\\\/www.autojm.fr\\\/blog\\\/\",\"name\":\"AutoJM Mag\",\"description\":\"Toute l&#039;actu auto en 1 clic !\",\"publisher\":{\"@id\":\"https:\\\/\\\/www.autojm.fr\\\/blog\\\/#organization\"},\"potentialAction\":[{\"@type\":\"SearchAction\",\"target\":{\"@type\":\"EntryPoint\",\"urlTemplate\":\"https:\\\/\\\/www.autojm.fr\\\/blog\\\/?s={search_term_string}\"},\"query-input\":{\"@type\":\"PropertyValueSpecification\",\"valueRequired\":true,\"valueName\":\"search_term_string\"}}],\"inLanguage\":\"fr-FR\"},{\"@type\":\"Organization\",\"@id\":\"https:\\\/\\\/www.autojm.fr\\\/blog\\\/#organization\",\"name\":\"AutoJM Mag\",\"url\":\"https:\\\/\\\/www.autojm.fr\\\/blog\\\/\",\"logo\":{\"@type\":\"ImageObject\",\"inLanguage\":\"fr-FR\",\"@id\":\"https:\\\/\\\/www.autojm.fr\\\/blog\\\/#\\\/schema\\\/logo\\\/image\\\/\",\"url\":\"https:\\\/\\\/www.autojm.fr\\\/blog\\\/wp-content\\\/uploads\\\/2022\\\/12\\\/cropped-AutoJMag-png.png\",\"contentUrl\":\"https:\\\/\\\/www.autojm.fr\\\/blog\\\/wp-content\\\/uploads\\\/2022\\\/12\\\/cropped-AutoJMag-png.png\",\"width\":2834,\"height\":585,\"caption\":\"AutoJM Mag\"},\"image\":{\"@id\":\"https:\\\/\\\/www.autojm.fr\\\/blog\\\/#\\\/schema\\\/logo\\\/image\\\/\"},\"sameAs\":[\"https:\\\/\\\/www.facebook.com\\\/AutoJM25\"]},{\"@type\":\"Person\",\"@id\":\"https:\\\/\\\/www.autojm.fr\\\/blog\\\/#\\\/schema\\\/person\\\/9742bc77541853e0de81fc57f947e1a0\",\"name\":\"Autojm\",\"image\":{\"@type\":\"ImageObject\",\"inLanguage\":\"fr-FR\",\"@id\":\"https:\\\/\\\/secure.gravatar.com\\\/avatar\\\/9a959d52b758fcc232fe4b6aca7bab139182573297122cce7d6f2ee0e537b418?s=96&d=mm&r=g\",\"url\":\"https:\\\/\\\/secure.gravatar.com\\\/avatar\\\/9a959d52b758fcc232fe4b6aca7bab139182573297122cce7d6f2ee0e537b418?s=96&d=mm&r=g\",\"contentUrl\":\"https:\\\/\\\/secure.gravatar.com\\\/avatar\\\/9a959d52b758fcc232fe4b6aca7bab139182573297122cce7d6f2ee0e537b418?s=96&d=mm&r=g\",\"caption\":\"Autojm\"},\"sameAs\":[\"https:\\\/\\\/www.autojm.fr\\\/blog\"],\"url\":\"https:\\\/\\\/www.autojm.fr\\\/blog\\\/author\\\/bichoi\\\/\"}]}<\/script>\n<!-- \/ Yoast SEO plugin. -->","yoast_head_json":{"title":"Nouvelle Seat Leon, 4\u00e8me g\u00e9n\u00e9ration de la berline compacte","description":"La berline compacte accueille une nouvelle g\u00e9n\u00e9ration. Forte d'une exp\u00e9rience de plus de 20 ans, la Seat Leon revient pour sa 4\u00e8me...","robots":{"index":"index","follow":"follow","max-snippet":"max-snippet:-1","max-image-preview":"max-image-preview:large","max-video-preview":"max-video-preview:-1"},"canonical":"https:\/\/www.autojm.fr\/blog\/nouvelle-seat-leon-4eme-generation-de-la-berline-compacte\/","og_locale":"fr_FR","og_type":"article","og_title":"Nouvelle Seat Leon, 4\u00e8me g\u00e9n\u00e9ration de la berline compacte","og_description":"La berline compacte accueille une nouvelle g\u00e9n\u00e9ration. Forte d'une exp\u00e9rience de plus de 20 ans, la Seat Leon revient pour sa 4\u00e8me...","og_url":"https:\/\/www.autojm.fr\/blog\/nouvelle-seat-leon-4eme-generation-de-la-berline-compacte\/","og_site_name":"AutoJM Mag","article_publisher":"https:\/\/www.facebook.com\/AutoJM25","article_published_time":"2020-08-03T00:00:00+00:00","article_modified_time":"2023-09-15T12:18:53+00:00","og_image":[{"width":2560,"height":1160,"url":"https:\/\/www.autojm.fr\/blog\/wp-content\/uploads\/2022\/10\/567-scaled.jpg","type":"image\/jpeg"}],"author":"Autojm","twitter_card":"summary_large_image","twitter_misc":{"\u00c9crit par":"Autojm","Dur\u00e9e de lecture estim\u00e9e":"4 minutes"},"schema":{"@context":"https:\/\/schema.org","@graph":[{"@type":"Article","@id":"https:\/\/www.autojm.fr\/blog\/nouvelle-seat-leon-4eme-generation-de-la-berline-compacte\/#article","isPartOf":{"@id":"https:\/\/www.autojm.fr\/blog\/nouvelle-seat-leon-4eme-generation-de-la-berline-compacte\/"},"author":{"name":"Autojm","@id":"https:\/\/www.autojm.fr\/blog\/#\/schema\/person\/9742bc77541853e0de81fc57f947e1a0"},"headline":"Nouvelle Seat Leon, 4\u00e8me g\u00e9n\u00e9ration de la berline compacte","datePublished":"2020-08-03T00:00:00+00:00","dateModified":"2023-09-15T12:18:53+00:00","mainEntityOfPage":{"@id":"https:\/\/www.autojm.fr\/blog\/nouvelle-seat-leon-4eme-generation-de-la-berline-compacte\/"},"wordCount":679,"commentCount":0,"publisher":{"@id":"https:\/\/www.autojm.fr\/blog\/#organization"},"image":{"@id":"https:\/\/www.autojm.fr\/blog\/nouvelle-seat-leon-4eme-generation-de-la-berline-compacte\/#primaryimage"},"thumbnailUrl":"https:\/\/www.autojm.fr\/blog\/wp-content\/uploads\/2022\/10\/567-scaled.jpg","keywords":["autojm","Seat","Seat Leon"],"articleSection":["Nouveaut\u00e9 Seat","Nouveaut\u00e9s Autos"],"inLanguage":"fr-FR","potentialAction":[{"@type":"CommentAction","name":"Comment","target":["https:\/\/www.autojm.fr\/blog\/nouvelle-seat-leon-4eme-generation-de-la-berline-compacte\/#respond"]}]},{"@type":"WebPage","@id":"https:\/\/www.autojm.fr\/blog\/nouvelle-seat-leon-4eme-generation-de-la-berline-compacte\/","url":"https:\/\/www.autojm.fr\/blog\/nouvelle-seat-leon-4eme-generation-de-la-berline-compacte\/","name":"Nouvelle Seat Leon, 4\u00e8me g\u00e9n\u00e9ration de la berline compacte","isPartOf":{"@id":"https:\/\/www.autojm.fr\/blog\/#website"},"primaryImageOfPage":{"@id":"https:\/\/www.autojm.fr\/blog\/nouvelle-seat-leon-4eme-generation-de-la-berline-compacte\/#primaryimage"},"image":{"@id":"https:\/\/www.autojm.fr\/blog\/nouvelle-seat-leon-4eme-generation-de-la-berline-compacte\/#primaryimage"},"thumbnailUrl":"https:\/\/www.autojm.fr\/blog\/wp-content\/uploads\/2022\/10\/567-scaled.jpg","datePublished":"2020-08-03T00:00:00+00:00","dateModified":"2023-09-15T12:18:53+00:00","description":"La berline compacte accueille une nouvelle g\u00e9n\u00e9ration. Forte d'une exp\u00e9rience de plus de 20 ans, la Seat Leon revient pour sa 4\u00e8me...","breadcrumb":{"@id":"https:\/\/www.autojm.fr\/blog\/nouvelle-seat-leon-4eme-generation-de-la-berline-compacte\/#breadcrumb"},"inLanguage":"fr-FR","potentialAction":[{"@type":"ReadAction","target":["https:\/\/www.autojm.fr\/blog\/nouvelle-seat-leon-4eme-generation-de-la-berline-compacte\/"]}]},{"@type":"ImageObject","inLanguage":"fr-FR","@id":"https:\/\/www.autojm.fr\/blog\/nouvelle-seat-leon-4eme-generation-de-la-berline-compacte\/#primaryimage","url":"https:\/\/www.autojm.fr\/blog\/wp-content\/uploads\/2022\/10\/567-scaled.jpg","contentUrl":"https:\/\/www.autojm.fr\/blog\/wp-content\/uploads\/2022\/10\/567-scaled.jpg","width":2560,"height":1160,"caption":"Seat Leon"},{"@type":"BreadcrumbList","@id":"https:\/\/www.autojm.fr\/blog\/nouvelle-seat-leon-4eme-generation-de-la-berline-compacte\/#breadcrumb","itemListElement":[{"@type":"ListItem","position":1,"name":"Accueil","item":"https:\/\/www.autojm.fr\/blog\/"},{"@type":"ListItem","position":2,"name":"Nouveaut\u00e9s Autos","item":"https:\/\/www.autojm.fr\/blog\/nouveautes-autos\/"},{"@type":"ListItem","position":3,"name":"Nouvelle Seat Leon, 4\u00e8me g\u00e9n\u00e9ration de la berline compacte"}]},{"@type":"WebSite","@id":"https:\/\/www.autojm.fr\/blog\/#website","url":"https:\/\/www.autojm.fr\/blog\/","name":"AutoJM Mag","description":"Toute l&#039;actu auto en 1 clic !","publisher":{"@id":"https:\/\/www.autojm.fr\/blog\/#organization"},"potentialAction":[{"@type":"SearchAction","target":{"@type":"EntryPoint","urlTemplate":"https:\/\/www.autojm.fr\/blog\/?s={search_term_string}"},"query-input":{"@type":"PropertyValueSpecification","valueRequired":true,"valueName":"search_term_string"}}],"inLanguage":"fr-FR"},{"@type":"Organization","@id":"https:\/\/www.autojm.fr\/blog\/#organization","name":"AutoJM Mag","url":"https:\/\/www.autojm.fr\/blog\/","logo":{"@type":"ImageObject","inLanguage":"fr-FR","@id":"https:\/\/www.autojm.fr\/blog\/#\/schema\/logo\/image\/","url":"https:\/\/www.autojm.fr\/blog\/wp-content\/uploads\/2022\/12\/cropped-AutoJMag-png.png","contentUrl":"https:\/\/www.autojm.fr\/blog\/wp-content\/uploads\/2022\/12\/cropped-AutoJMag-png.png","width":2834,"height":585,"caption":"AutoJM Mag"},"image":{"@id":"https:\/\/www.autojm.fr\/blog\/#\/schema\/logo\/image\/"},"sameAs":["https:\/\/www.facebook.com\/AutoJM25"]},{"@type":"Person","@id":"https:\/\/www.autojm.fr\/blog\/#\/schema\/person\/9742bc77541853e0de81fc57f947e1a0","name":"Autojm","image":{"@type":"ImageObject","inLanguage":"fr-FR","@id":"https:\/\/secure.gravatar.com\/avatar\/9a959d52b758fcc232fe4b6aca7bab139182573297122cce7d6f2ee0e537b418?s=96&d=mm&r=g","url":"https:\/\/secure.gravatar.com\/avatar\/9a959d52b758fcc232fe4b6aca7bab139182573297122cce7d6f2ee0e537b418?s=96&d=mm&r=g","contentUrl":"https:\/\/secure.gravatar.com\/avatar\/9a959d52b758fcc232fe4b6aca7bab139182573297122cce7d6f2ee0e537b418?s=96&d=mm&r=g","caption":"Autojm"},"sameAs":["https:\/\/www.autojm.fr\/blog"],"url":"https:\/\/www.autojm.fr\/blog\/author\/bichoi\/"}]}},"_links":{"self":[{"href":"https:\/\/www.autojm.fr\/blog\/wp-json\/wp\/v2\/posts\/3838","targetHints":{"allow":["GET"]}}],"collection":[{"href":"https:\/\/www.autojm.fr\/blog\/wp-json\/wp\/v2\/posts"}],"about":[{"href":"https:\/\/www.autojm.fr\/blog\/wp-json\/wp\/v2\/types\/post"}],"author":[{"embeddable":true,"href":"https:\/\/www.autojm.fr\/blog\/wp-json\/wp\/v2\/users\/1"}],"replies":[{"embeddable":true,"href":"https:\/\/www.autojm.fr\/blog\/wp-json\/wp\/v2\/comments?post=3838"}],"version-history":[{"count":6,"href":"https:\/\/www.autojm.fr\/blog\/wp-json\/wp\/v2\/posts\/3838\/revisions"}],"predecessor-version":[{"id":12707,"href":"https:\/\/www.autojm.fr\/blog\/wp-json\/wp\/v2\/posts\/3838\/revisions\/12707"}],"wp:featuredmedia":[{"embeddable":true,"href":"https:\/\/www.autojm.fr\/blog\/wp-json\/wp\/v2\/media\/5898"}],"wp:attachment":[{"href":"https:\/\/www.autojm.fr\/blog\/wp-json\/wp\/v2\/media?parent=3838"}],"wp:term":[{"taxonomy":"category","embeddable":true,"href":"https:\/\/www.autojm.fr\/blog\/wp-json\/wp\/v2\/categories?post=3838"},{"taxonomy":"post_tag","embeddable":true,"href":"https:\/\/www.autojm.fr\/blog\/wp-json\/wp\/v2\/tags?post=3838"}],"curies":[{"name":"wp","href":"https:\/\/api.w.org\/{rel}","templated":true}]}}