{"id":3835,"date":"2020-07-15T00:00:00","date_gmt":"2020-07-15T00:00:00","guid":{"rendered":"https:\/\/www.autojm.fr\/blog\/fiat-500-2020-litalienne-tout-electrique\/"},"modified":"2023-04-18T12:41:58","modified_gmt":"2023-04-18T12:41:58","slug":"fiat-500-2020-litalienne-tout-electrique","status":"publish","type":"post","link":"https:\/\/www.autojm.fr\/blog\/fiat-500-2020-litalienne-tout-electrique\/","title":{"rendered":"Fiat 500 2020 : l&rsquo;italienne tout \u00e9lectrique"},"content":{"rendered":"<p><em>Photographie : <a href=\"https:\/\/www.facebook.com\/fiatfrance\/?epa=SEARCH_BOX\">Fiat<\/a><\/em><\/p>\n<p><em><span style=\"font-weight: bold;\">Vous \u00eates int\u00e9ress\u00e9 par l&rsquo;achat d&rsquo;un v\u00e9hicule hybride, hybride rechargeable ou \u00e9lectrique ? Consultez notre guide ici: <a tabindex=\"-1\" title=\"https:\/\/www.autojm.fr\/livre-blanc\" href=\"https:\/\/www.autojm.fr\/livre-blanc\" target=\"_blank\" rel=\"noreferrer noopener\">https:\/\/www.autojm.fr\/livre-blanc<\/a><\/span><\/em><\/p>\n<p>La petite Italienne est de retour. Pour cette nouvelle g\u00e9n\u00e9ration, la <strong>Fiat 500<\/strong> innove surtout c\u00f4t\u00e9 motorisation ! Fini les d\u00e9riv\u00e9s thermiques, place \u00e0 l&rsquo;\u00e9lectrique. La nouvelle star de la marque <a href=\"https:\/\/www.autojm.fr\/mandataire-voitures-neuves-fiat?part=blog&amp;utm_source=articleblog150720&amp;utm_medium=blog\">Fiat<\/a> aurait d\u00fb faire sa grande apparition publique \u00e0 l&rsquo;occasion du salon de Gen\u00e8ve, mais c&rsquo;est finalement dans les <strong>centres commerciaux de Chesnay (78), Lyon (69) et Marseille (13)<\/strong> qu&rsquo;elle est aujourd&rsquo;hui <strong>expos\u00e9e au grand public<\/strong>. Au centre Westfield de Chesnay, la marque a d&rsquo;ailleurs investi une boutique de 150 m2 pour la Fiat 500 nouvelle g\u00e9n\u00e9ration. Elle est pr\u00e9sent\u00e9e au <strong>format berline dans sa version La Prima<\/strong>, et voici ses caract\u00e9ristiques.<\/p>\n<h2>Un look fid\u00e8le \u00e0 la Fiat 500 2<\/h2>\n<p style=\"text-align: justify;\">Pas de gros changements dans le style, mais quelques d\u00e9tails qui font la diff\u00e9rence : le logo fiat a laiss\u00e9 place \u00e0 un logo 500 sur le capot. Les optiques ont \u00e9t\u00e9 redessin\u00e9s pour ressembler \u00e0 des yeux et donner \u00e0 la 500 un regard nouveau, accentu\u00e9 par les <strong>full LED in\u00e9dits<\/strong>. Une ligne chrom\u00e9e vient se glisser sur les c\u00f4t\u00e9s de la citadine, et la face arri\u00e8re int\u00e8gre un nouveau logo FIAT. Ses<strong> 6 centim\u00e8tres gagn\u00e9s en longueur et en largeur <\/strong>ainsi que sa calandre plus verticale lui offre un look plus muscl\u00e9 et imposant. Elle est d\u00e9clin\u00e9e en <strong>version coup\u00e9 ou cabriolet<\/strong>.<\/p>\n<p><iframe loading=\"lazy\" src=\"https:\/\/www.youtube.com\/embed\/S9atAvfkXSc\" width=\"100%\" height=\"315\" allowfullscreen=\"allowfullscreen\"><\/iframe><\/p>\n<h2>Nouvelle Fiat 500, nouveau tableau de bord<\/h2>\n<p>L&rsquo;int\u00e9rieur a \u00e9t\u00e9 soumis \u00e0 plus de changements : la planche de bord s&rsquo;est quelque peu assagie, avec un design plus soft et \u00e9l\u00e9gant. On remarque l&rsquo;absence d&rsquo;une console centrale et tr\u00e8s peu de boutons, ce qui all\u00e8ge cette espace d\u00e9di\u00e9 au conducteur, mais surtout la pr\u00e9sence d&rsquo;un <strong>grand \u00e9cran tactile centrale de 10,25 pouces<\/strong>, qui inaugure le syst\u00e8me multim\u00e9dia \u201c<strong>UConnect 5<\/strong>\u201d. L&rsquo;\u00e9cran d\u00e9di\u00e9 au conducteur et situ\u00e9 derri\u00e8re le volant est lui de 7 pouces, avec des compteurs en 100% num\u00e9riques. Deux espaces de rangement sont rest\u00e9 implant\u00e9s entre les deux si\u00e8ges avant, dont un en dessous de l&rsquo;accoudoir, et des touches sont dispos\u00e9es au niveau du premier rangement pour naviguer via l&rsquo;\u00e9cran tactile. Le constructeur a jou\u00e9 la touche de l&rsquo;originalit\u00e9 en int\u00e9grant un <strong>dessin bien discret de la ville de Turin<\/strong> dans le rangement central de la nouvelle 500, un clin d&rsquo;oeil aux origines de la marque. On retrouve d&rsquo;ailleurs dans ce rangement une zone de <strong>recharge \u00e0 induction.<\/strong><\/p>\n<h2>Fiat 500 2020 : 100% \u00e9lectrique<\/h2>\n<p>Pour cette nouvelle g\u00e9n\u00e9ration, la citadine italienne laisse de c\u00f4t\u00e9 les motorisations thermiques pour n&rsquo;offrir qu&rsquo;une proposition \u00e9lectrique. La nouvelle Fiat 500 accueille un <strong>moteur 100% \u00e9lectrique de 87 kW \u00e9quivalent \u00e0 118 chevaux<\/strong>. La batterie a elle une capacit\u00e9 de 42 kW qui permet \u00e0 la voiture d&rsquo;afficher une autonomie autour de 320 km\/h (WLTP). Elle est rechargeable en courant continu ou alternatif. Le 0 \u00e0 100 km\/h se fait en 9 sec, ce qui d\u00e9montre de belles performances pour un moteur \u00e9lectrique. Le levier de vitesse a disparu pour laisser place \u00e0 de simples touches permettant d&rsquo;activer la marche arri\u00e8re ou le frein de stationnement.<\/p>\n<p>La Fiat 500 2020 conserve un <strong>coffre dont la capacit\u00e9 d&rsquo;accueil est de 185 litres<\/strong>, comme sur la pr\u00e9c\u00e9dente g\u00e9n\u00e9ration, et toujours <strong>4 places<\/strong> dans l&rsquo;habitacle malgr\u00e9 les 6 cm gagn\u00e9s. Elle sera disponible \u00e0 l&rsquo;essai ou en vente d\u00e8s <strong>cet automne<\/strong>.<\/p>\n","protected":false},"excerpt":{"rendered":"<p>La petite Italienne est de retour. Pour cette nouvelle g\u00e9n\u00e9ration, la Fiat 500 innove surtout c\u00f4t\u00e9 motorisation ! Fini les d\u00e9riv\u00e9s thermiques, place \u00e0 l&rsquo;\u00e9lectrique. La nouvelle star de la marque Fiat aurait d\u00fb faire sa grande apparition publique \u00e0 l&rsquo;occasion du salon de Gen\u00e8ve, mais c&rsquo;est finalement dans les centres commerciaux de Chesnay (78), Lyon (69) et Marseille (13) qu&rsquo;elle est aujourd&rsquo;hui expos\u00e9e au grand public.<\/p>\n","protected":false},"author":1,"featured_media":5895,"comment_status":"open","ping_status":"open","sticky":false,"template":"","format":"standard","meta":{"_acf_changed":false,"content-type":"","footnotes":""},"categories":[266,61],"tags":[90,110,176],"class_list":["post-3835","post","type-post","status-publish","format-standard","has-post-thumbnail","hentry","category-nouveaute-fiat","category-nouveautes-autos","tag-autojm","tag-fiat","tag-fiat-500"],"acf":[],"yoast_head":"<!-- This site is optimized with the Yoast SEO plugin v27.5 - https:\/\/yoast.com\/product\/yoast-seo-wordpress\/ -->\n<title>Fiat 500 2020 : l&#039;italienne tout \u00e9lectrique - AutoJM Mag<\/title>\n<meta name=\"description\" content=\"La petite Italienne est de retour. Pour cette nouvelle g\u00e9n\u00e9ration, la Fiat 500 innove surtout c\u00f4t\u00e9 motorisation ! Fini les d\u00e9riv\u00e9s...\" \/>\n<meta name=\"robots\" content=\"index, follow, max-snippet:-1, max-image-preview:large, max-video-preview:-1\" \/>\n<link rel=\"canonical\" href=\"https:\/\/www.autojm.fr\/blog\/fiat-500-2020-litalienne-tout-electrique\/\" \/>\n<meta property=\"og:locale\" content=\"fr_FR\" \/>\n<meta property=\"og:type\" content=\"article\" \/>\n<meta property=\"og:title\" content=\"Fiat 500 2020 : l&#039;italienne tout \u00e9lectrique - AutoJM Mag\" \/>\n<meta property=\"og:description\" content=\"La petite Italienne est de retour. Pour cette nouvelle g\u00e9n\u00e9ration, la Fiat 500 innove surtout c\u00f4t\u00e9 motorisation ! Fini les d\u00e9riv\u00e9s...\" \/>\n<meta property=\"og:url\" content=\"https:\/\/www.autojm.fr\/blog\/fiat-500-2020-litalienne-tout-electrique\/\" \/>\n<meta property=\"og:site_name\" content=\"AutoJM Mag\" \/>\n<meta property=\"article:publisher\" content=\"https:\/\/www.facebook.com\/AutoJM25\" \/>\n<meta property=\"article:published_time\" content=\"2020-07-15T00:00:00+00:00\" \/>\n<meta property=\"article:modified_time\" content=\"2023-04-18T12:41:58+00:00\" \/>\n<meta property=\"og:image\" content=\"https:\/\/www.autojm.fr\/blog\/wp-content\/uploads\/2022\/10\/563.jpg\" \/>\n\t<meta property=\"og:image:width\" content=\"1024\" \/>\n\t<meta property=\"og:image:height\" content=\"465\" \/>\n\t<meta property=\"og:image:type\" content=\"image\/jpeg\" \/>\n<meta name=\"author\" content=\"Autojm\" \/>\n<meta name=\"twitter:card\" content=\"summary_large_image\" \/>\n<meta name=\"twitter:label1\" content=\"\u00c9crit par\" \/>\n\t<meta name=\"twitter:data1\" content=\"Autojm\" \/>\n\t<meta name=\"twitter:label2\" content=\"Dur\u00e9e de lecture estim\u00e9e\" \/>\n\t<meta name=\"twitter:data2\" content=\"3 minutes\" \/>\n<script type=\"application\/ld+json\" class=\"yoast-schema-graph\">{\"@context\":\"https:\\\/\\\/schema.org\",\"@graph\":[{\"@type\":\"Article\",\"@id\":\"https:\\\/\\\/www.autojm.fr\\\/blog\\\/fiat-500-2020-litalienne-tout-electrique\\\/#article\",\"isPartOf\":{\"@id\":\"https:\\\/\\\/www.autojm.fr\\\/blog\\\/fiat-500-2020-litalienne-tout-electrique\\\/\"},\"author\":{\"name\":\"Autojm\",\"@id\":\"https:\\\/\\\/www.autojm.fr\\\/blog\\\/#\\\/schema\\\/person\\\/9742bc77541853e0de81fc57f947e1a0\"},\"headline\":\"Fiat 500 2020 : l&rsquo;italienne tout \u00e9lectrique\",\"datePublished\":\"2020-07-15T00:00:00+00:00\",\"dateModified\":\"2023-04-18T12:41:58+00:00\",\"mainEntityOfPage\":{\"@id\":\"https:\\\/\\\/www.autojm.fr\\\/blog\\\/fiat-500-2020-litalienne-tout-electrique\\\/\"},\"wordCount\":574,\"commentCount\":0,\"publisher\":{\"@id\":\"https:\\\/\\\/www.autojm.fr\\\/blog\\\/#organization\"},\"image\":{\"@id\":\"https:\\\/\\\/www.autojm.fr\\\/blog\\\/fiat-500-2020-litalienne-tout-electrique\\\/#primaryimage\"},\"thumbnailUrl\":\"https:\\\/\\\/www.autojm.fr\\\/blog\\\/wp-content\\\/uploads\\\/2022\\\/10\\\/563.jpg\",\"keywords\":[\"autojm\",\"Fiat\",\"Fiat 500\"],\"articleSection\":[\"Nouveaut\u00e9 Fiat\",\"Nouveaut\u00e9s Autos\"],\"inLanguage\":\"fr-FR\",\"potentialAction\":[{\"@type\":\"CommentAction\",\"name\":\"Comment\",\"target\":[\"https:\\\/\\\/www.autojm.fr\\\/blog\\\/fiat-500-2020-litalienne-tout-electrique\\\/#respond\"]}]},{\"@type\":\"WebPage\",\"@id\":\"https:\\\/\\\/www.autojm.fr\\\/blog\\\/fiat-500-2020-litalienne-tout-electrique\\\/\",\"url\":\"https:\\\/\\\/www.autojm.fr\\\/blog\\\/fiat-500-2020-litalienne-tout-electrique\\\/\",\"name\":\"Fiat 500 2020 : l'italienne tout \u00e9lectrique - AutoJM Mag\",\"isPartOf\":{\"@id\":\"https:\\\/\\\/www.autojm.fr\\\/blog\\\/#website\"},\"primaryImageOfPage\":{\"@id\":\"https:\\\/\\\/www.autojm.fr\\\/blog\\\/fiat-500-2020-litalienne-tout-electrique\\\/#primaryimage\"},\"image\":{\"@id\":\"https:\\\/\\\/www.autojm.fr\\\/blog\\\/fiat-500-2020-litalienne-tout-electrique\\\/#primaryimage\"},\"thumbnailUrl\":\"https:\\\/\\\/www.autojm.fr\\\/blog\\\/wp-content\\\/uploads\\\/2022\\\/10\\\/563.jpg\",\"datePublished\":\"2020-07-15T00:00:00+00:00\",\"dateModified\":\"2023-04-18T12:41:58+00:00\",\"description\":\"La petite Italienne est de retour. Pour cette nouvelle g\u00e9n\u00e9ration, la Fiat 500 innove surtout c\u00f4t\u00e9 motorisation ! Fini les d\u00e9riv\u00e9s...\",\"breadcrumb\":{\"@id\":\"https:\\\/\\\/www.autojm.fr\\\/blog\\\/fiat-500-2020-litalienne-tout-electrique\\\/#breadcrumb\"},\"inLanguage\":\"fr-FR\",\"potentialAction\":[{\"@type\":\"ReadAction\",\"target\":[\"https:\\\/\\\/www.autojm.fr\\\/blog\\\/fiat-500-2020-litalienne-tout-electrique\\\/\"]}]},{\"@type\":\"ImageObject\",\"inLanguage\":\"fr-FR\",\"@id\":\"https:\\\/\\\/www.autojm.fr\\\/blog\\\/fiat-500-2020-litalienne-tout-electrique\\\/#primaryimage\",\"url\":\"https:\\\/\\\/www.autojm.fr\\\/blog\\\/wp-content\\\/uploads\\\/2022\\\/10\\\/563.jpg\",\"contentUrl\":\"https:\\\/\\\/www.autojm.fr\\\/blog\\\/wp-content\\\/uploads\\\/2022\\\/10\\\/563.jpg\",\"width\":1024,\"height\":465,\"caption\":\"Fiat 500\"},{\"@type\":\"BreadcrumbList\",\"@id\":\"https:\\\/\\\/www.autojm.fr\\\/blog\\\/fiat-500-2020-litalienne-tout-electrique\\\/#breadcrumb\",\"itemListElement\":[{\"@type\":\"ListItem\",\"position\":1,\"name\":\"Accueil\",\"item\":\"https:\\\/\\\/www.autojm.fr\\\/blog\\\/\"},{\"@type\":\"ListItem\",\"position\":2,\"name\":\"Nouveaut\u00e9s Autos\",\"item\":\"https:\\\/\\\/www.autojm.fr\\\/blog\\\/nouveautes-autos\\\/\"},{\"@type\":\"ListItem\",\"position\":3,\"name\":\"Fiat 500 2020 : l&rsquo;italienne tout \u00e9lectrique\"}]},{\"@type\":\"WebSite\",\"@id\":\"https:\\\/\\\/www.autojm.fr\\\/blog\\\/#website\",\"url\":\"https:\\\/\\\/www.autojm.fr\\\/blog\\\/\",\"name\":\"AutoJM Mag\",\"description\":\"Toute l&#039;actu auto en 1 clic !\",\"publisher\":{\"@id\":\"https:\\\/\\\/www.autojm.fr\\\/blog\\\/#organization\"},\"potentialAction\":[{\"@type\":\"SearchAction\",\"target\":{\"@type\":\"EntryPoint\",\"urlTemplate\":\"https:\\\/\\\/www.autojm.fr\\\/blog\\\/?s={search_term_string}\"},\"query-input\":{\"@type\":\"PropertyValueSpecification\",\"valueRequired\":true,\"valueName\":\"search_term_string\"}}],\"inLanguage\":\"fr-FR\"},{\"@type\":\"Organization\",\"@id\":\"https:\\\/\\\/www.autojm.fr\\\/blog\\\/#organization\",\"name\":\"AutoJM Mag\",\"url\":\"https:\\\/\\\/www.autojm.fr\\\/blog\\\/\",\"logo\":{\"@type\":\"ImageObject\",\"inLanguage\":\"fr-FR\",\"@id\":\"https:\\\/\\\/www.autojm.fr\\\/blog\\\/#\\\/schema\\\/logo\\\/image\\\/\",\"url\":\"https:\\\/\\\/www.autojm.fr\\\/blog\\\/wp-content\\\/uploads\\\/2022\\\/12\\\/cropped-AutoJMag-png.png\",\"contentUrl\":\"https:\\\/\\\/www.autojm.fr\\\/blog\\\/wp-content\\\/uploads\\\/2022\\\/12\\\/cropped-AutoJMag-png.png\",\"width\":2834,\"height\":585,\"caption\":\"AutoJM Mag\"},\"image\":{\"@id\":\"https:\\\/\\\/www.autojm.fr\\\/blog\\\/#\\\/schema\\\/logo\\\/image\\\/\"},\"sameAs\":[\"https:\\\/\\\/www.facebook.com\\\/AutoJM25\"]},{\"@type\":\"Person\",\"@id\":\"https:\\\/\\\/www.autojm.fr\\\/blog\\\/#\\\/schema\\\/person\\\/9742bc77541853e0de81fc57f947e1a0\",\"name\":\"Autojm\",\"image\":{\"@type\":\"ImageObject\",\"inLanguage\":\"fr-FR\",\"@id\":\"https:\\\/\\\/secure.gravatar.com\\\/avatar\\\/9a959d52b758fcc232fe4b6aca7bab139182573297122cce7d6f2ee0e537b418?s=96&d=mm&r=g\",\"url\":\"https:\\\/\\\/secure.gravatar.com\\\/avatar\\\/9a959d52b758fcc232fe4b6aca7bab139182573297122cce7d6f2ee0e537b418?s=96&d=mm&r=g\",\"contentUrl\":\"https:\\\/\\\/secure.gravatar.com\\\/avatar\\\/9a959d52b758fcc232fe4b6aca7bab139182573297122cce7d6f2ee0e537b418?s=96&d=mm&r=g\",\"caption\":\"Autojm\"},\"sameAs\":[\"https:\\\/\\\/www.autojm.fr\\\/blog\"],\"url\":\"https:\\\/\\\/www.autojm.fr\\\/blog\\\/author\\\/bichoi\\\/\"}]}<\/script>\n<!-- \/ Yoast SEO plugin. -->","yoast_head_json":{"title":"Fiat 500 2020 : l'italienne tout \u00e9lectrique - AutoJM Mag","description":"La petite Italienne est de retour. Pour cette nouvelle g\u00e9n\u00e9ration, la Fiat 500 innove surtout c\u00f4t\u00e9 motorisation ! Fini les d\u00e9riv\u00e9s...","robots":{"index":"index","follow":"follow","max-snippet":"max-snippet:-1","max-image-preview":"max-image-preview:large","max-video-preview":"max-video-preview:-1"},"canonical":"https:\/\/www.autojm.fr\/blog\/fiat-500-2020-litalienne-tout-electrique\/","og_locale":"fr_FR","og_type":"article","og_title":"Fiat 500 2020 : l'italienne tout \u00e9lectrique - AutoJM Mag","og_description":"La petite Italienne est de retour. Pour cette nouvelle g\u00e9n\u00e9ration, la Fiat 500 innove surtout c\u00f4t\u00e9 motorisation ! Fini les d\u00e9riv\u00e9s...","og_url":"https:\/\/www.autojm.fr\/blog\/fiat-500-2020-litalienne-tout-electrique\/","og_site_name":"AutoJM Mag","article_publisher":"https:\/\/www.facebook.com\/AutoJM25","article_published_time":"2020-07-15T00:00:00+00:00","article_modified_time":"2023-04-18T12:41:58+00:00","og_image":[{"width":1024,"height":465,"url":"https:\/\/www.autojm.fr\/blog\/wp-content\/uploads\/2022\/10\/563.jpg","type":"image\/jpeg"}],"author":"Autojm","twitter_card":"summary_large_image","twitter_misc":{"\u00c9crit par":"Autojm","Dur\u00e9e de lecture estim\u00e9e":"3 minutes"},"schema":{"@context":"https:\/\/schema.org","@graph":[{"@type":"Article","@id":"https:\/\/www.autojm.fr\/blog\/fiat-500-2020-litalienne-tout-electrique\/#article","isPartOf":{"@id":"https:\/\/www.autojm.fr\/blog\/fiat-500-2020-litalienne-tout-electrique\/"},"author":{"name":"Autojm","@id":"https:\/\/www.autojm.fr\/blog\/#\/schema\/person\/9742bc77541853e0de81fc57f947e1a0"},"headline":"Fiat 500 2020 : l&rsquo;italienne tout \u00e9lectrique","datePublished":"2020-07-15T00:00:00+00:00","dateModified":"2023-04-18T12:41:58+00:00","mainEntityOfPage":{"@id":"https:\/\/www.autojm.fr\/blog\/fiat-500-2020-litalienne-tout-electrique\/"},"wordCount":574,"commentCount":0,"publisher":{"@id":"https:\/\/www.autojm.fr\/blog\/#organization"},"image":{"@id":"https:\/\/www.autojm.fr\/blog\/fiat-500-2020-litalienne-tout-electrique\/#primaryimage"},"thumbnailUrl":"https:\/\/www.autojm.fr\/blog\/wp-content\/uploads\/2022\/10\/563.jpg","keywords":["autojm","Fiat","Fiat 500"],"articleSection":["Nouveaut\u00e9 Fiat","Nouveaut\u00e9s Autos"],"inLanguage":"fr-FR","potentialAction":[{"@type":"CommentAction","name":"Comment","target":["https:\/\/www.autojm.fr\/blog\/fiat-500-2020-litalienne-tout-electrique\/#respond"]}]},{"@type":"WebPage","@id":"https:\/\/www.autojm.fr\/blog\/fiat-500-2020-litalienne-tout-electrique\/","url":"https:\/\/www.autojm.fr\/blog\/fiat-500-2020-litalienne-tout-electrique\/","name":"Fiat 500 2020 : l'italienne tout \u00e9lectrique - AutoJM Mag","isPartOf":{"@id":"https:\/\/www.autojm.fr\/blog\/#website"},"primaryImageOfPage":{"@id":"https:\/\/www.autojm.fr\/blog\/fiat-500-2020-litalienne-tout-electrique\/#primaryimage"},"image":{"@id":"https:\/\/www.autojm.fr\/blog\/fiat-500-2020-litalienne-tout-electrique\/#primaryimage"},"thumbnailUrl":"https:\/\/www.autojm.fr\/blog\/wp-content\/uploads\/2022\/10\/563.jpg","datePublished":"2020-07-15T00:00:00+00:00","dateModified":"2023-04-18T12:41:58+00:00","description":"La petite Italienne est de retour. Pour cette nouvelle g\u00e9n\u00e9ration, la Fiat 500 innove surtout c\u00f4t\u00e9 motorisation ! Fini les d\u00e9riv\u00e9s...","breadcrumb":{"@id":"https:\/\/www.autojm.fr\/blog\/fiat-500-2020-litalienne-tout-electrique\/#breadcrumb"},"inLanguage":"fr-FR","potentialAction":[{"@type":"ReadAction","target":["https:\/\/www.autojm.fr\/blog\/fiat-500-2020-litalienne-tout-electrique\/"]}]},{"@type":"ImageObject","inLanguage":"fr-FR","@id":"https:\/\/www.autojm.fr\/blog\/fiat-500-2020-litalienne-tout-electrique\/#primaryimage","url":"https:\/\/www.autojm.fr\/blog\/wp-content\/uploads\/2022\/10\/563.jpg","contentUrl":"https:\/\/www.autojm.fr\/blog\/wp-content\/uploads\/2022\/10\/563.jpg","width":1024,"height":465,"caption":"Fiat 500"},{"@type":"BreadcrumbList","@id":"https:\/\/www.autojm.fr\/blog\/fiat-500-2020-litalienne-tout-electrique\/#breadcrumb","itemListElement":[{"@type":"ListItem","position":1,"name":"Accueil","item":"https:\/\/www.autojm.fr\/blog\/"},{"@type":"ListItem","position":2,"name":"Nouveaut\u00e9s Autos","item":"https:\/\/www.autojm.fr\/blog\/nouveautes-autos\/"},{"@type":"ListItem","position":3,"name":"Fiat 500 2020 : l&rsquo;italienne tout \u00e9lectrique"}]},{"@type":"WebSite","@id":"https:\/\/www.autojm.fr\/blog\/#website","url":"https:\/\/www.autojm.fr\/blog\/","name":"AutoJM Mag","description":"Toute l&#039;actu auto en 1 clic !","publisher":{"@id":"https:\/\/www.autojm.fr\/blog\/#organization"},"potentialAction":[{"@type":"SearchAction","target":{"@type":"EntryPoint","urlTemplate":"https:\/\/www.autojm.fr\/blog\/?s={search_term_string}"},"query-input":{"@type":"PropertyValueSpecification","valueRequired":true,"valueName":"search_term_string"}}],"inLanguage":"fr-FR"},{"@type":"Organization","@id":"https:\/\/www.autojm.fr\/blog\/#organization","name":"AutoJM Mag","url":"https:\/\/www.autojm.fr\/blog\/","logo":{"@type":"ImageObject","inLanguage":"fr-FR","@id":"https:\/\/www.autojm.fr\/blog\/#\/schema\/logo\/image\/","url":"https:\/\/www.autojm.fr\/blog\/wp-content\/uploads\/2022\/12\/cropped-AutoJMag-png.png","contentUrl":"https:\/\/www.autojm.fr\/blog\/wp-content\/uploads\/2022\/12\/cropped-AutoJMag-png.png","width":2834,"height":585,"caption":"AutoJM Mag"},"image":{"@id":"https:\/\/www.autojm.fr\/blog\/#\/schema\/logo\/image\/"},"sameAs":["https:\/\/www.facebook.com\/AutoJM25"]},{"@type":"Person","@id":"https:\/\/www.autojm.fr\/blog\/#\/schema\/person\/9742bc77541853e0de81fc57f947e1a0","name":"Autojm","image":{"@type":"ImageObject","inLanguage":"fr-FR","@id":"https:\/\/secure.gravatar.com\/avatar\/9a959d52b758fcc232fe4b6aca7bab139182573297122cce7d6f2ee0e537b418?s=96&d=mm&r=g","url":"https:\/\/secure.gravatar.com\/avatar\/9a959d52b758fcc232fe4b6aca7bab139182573297122cce7d6f2ee0e537b418?s=96&d=mm&r=g","contentUrl":"https:\/\/secure.gravatar.com\/avatar\/9a959d52b758fcc232fe4b6aca7bab139182573297122cce7d6f2ee0e537b418?s=96&d=mm&r=g","caption":"Autojm"},"sameAs":["https:\/\/www.autojm.fr\/blog"],"url":"https:\/\/www.autojm.fr\/blog\/author\/bichoi\/"}]}},"_links":{"self":[{"href":"https:\/\/www.autojm.fr\/blog\/wp-json\/wp\/v2\/posts\/3835","targetHints":{"allow":["GET"]}}],"collection":[{"href":"https:\/\/www.autojm.fr\/blog\/wp-json\/wp\/v2\/posts"}],"about":[{"href":"https:\/\/www.autojm.fr\/blog\/wp-json\/wp\/v2\/types\/post"}],"author":[{"embeddable":true,"href":"https:\/\/www.autojm.fr\/blog\/wp-json\/wp\/v2\/users\/1"}],"replies":[{"embeddable":true,"href":"https:\/\/www.autojm.fr\/blog\/wp-json\/wp\/v2\/comments?post=3835"}],"version-history":[{"count":7,"href":"https:\/\/www.autojm.fr\/blog\/wp-json\/wp\/v2\/posts\/3835\/revisions"}],"predecessor-version":[{"id":9267,"href":"https:\/\/www.autojm.fr\/blog\/wp-json\/wp\/v2\/posts\/3835\/revisions\/9267"}],"wp:featuredmedia":[{"embeddable":true,"href":"https:\/\/www.autojm.fr\/blog\/wp-json\/wp\/v2\/media\/5895"}],"wp:attachment":[{"href":"https:\/\/www.autojm.fr\/blog\/wp-json\/wp\/v2\/media?parent=3835"}],"wp:term":[{"taxonomy":"category","embeddable":true,"href":"https:\/\/www.autojm.fr\/blog\/wp-json\/wp\/v2\/categories?post=3835"},{"taxonomy":"post_tag","embeddable":true,"href":"https:\/\/www.autojm.fr\/blog\/wp-json\/wp\/v2\/tags?post=3835"}],"curies":[{"name":"wp","href":"https:\/\/api.w.org\/{rel}","templated":true}]}}