{"id":3832,"date":"2020-07-08T00:00:00","date_gmt":"2020-07-08T00:00:00","guid":{"rendered":"https:\/\/www.autojm.fr\/blog\/suspension-du-bonus-ecologique-et-de-la-prime-a-la-conversion\/"},"modified":"2023-04-19T12:05:55","modified_gmt":"2023-04-19T12:05:55","slug":"suspension-du-bonus-ecologique-et-de-la-prime-a-la-conversion","status":"publish","type":"post","link":"https:\/\/www.autojm.fr\/blog\/suspension-du-bonus-ecologique-et-de-la-prime-a-la-conversion\/","title":{"rendered":"Suspension du bonus \u00e9cologique et de la prime \u00e0 la conversion"},"content":{"rendered":"<p>Ces deux primes sont l&rsquo;une des motivations principales des achats automobiles actuels. Apr\u00e8s le confinement, les professionnels de la vente automobile ont sollicit\u00e9 le gouvernement pour leur venir en aide afin de relancer l&rsquo;activit\u00e9. Le pr\u00e9sident Emmanuel Macron annon\u00e7ait alors pour le 1er juin de nouvelles r\u00e9glementations concernant le bonus \u00e9cologique et la <a href=\"https:\/\/www.autojm.fr\/prime-a-la-casse?part=blog&amp;utm_source=articleblog090720&amp;utm_medium=blog\">prime \u00e0 la conversion<\/a>. Une d\u00e9cision qui a eu un impact positif puisque le <strong>mois de juin a affich\u00e9 une hausse de 1,2% des immatriculations<\/strong>dans le pays. Alors, pourquoi ces primes sont-elles aujourd&rsquo;hui suspendues ?<\/p>\n<h2>D\u00e9j\u00e0 125 000 demandes de prime \u00e0 la conversion<\/h2>\n<p>En r\u00e9alit\u00e9, les nouvelles r\u00e9glementations ont pos\u00e9 quelques probl\u00e8mes de gestion. Lors de l&rsquo;annonce faite par le pr\u00e9sident, ce dernier avait sp\u00e9cifi\u00e9 que la nouvelle prime \u00e0 la conversion serait accord\u00e9e aux m\u00e9nages dont le <strong>revenu fiscal de r\u00e9f\u00e9rence par part serait inf\u00e9rieur ou \u00e9gal \u00e0 18 000\u20ac<\/strong>, ce qui offrait la chance \u00e0 plus de citoyens fran\u00e7ais de b\u00e9n\u00e9ficier de cette aide. Pour cr\u00e9er l&rsquo;urgence et faire en sorte que les automobilistes ach\u00e8tent maintenant, la condition principale mentionn\u00e9e fut que <strong>les 200 000 premiers demandeurs<\/strong> seulement b\u00e9n\u00e9ficieraient de la prime sous ces nouvelles conditions. Alors qu&rsquo;au 29 juin, on annon\u00e7ait 60 \u00e0 65 000 demandes de primes faites, ce chiffre est pass\u00e9 \u00e0 100 000 au 1er juillet, ce qui a laiss\u00e9 planer le doute quant \u00e0 la ma\u00eetrise du gouvernement sur le nombre, en \u00ab\u00a0temps r\u00e9el\u00a0\u00bb, de primes demand\u00e9es. La pause a permis d&rsquo;estimer \u00e0 plus de <strong>125 000<\/strong> le nombre de demandes faites.<\/p>\n<h2>Qu&rsquo;adviendra-t-il de la prime \u00e0 la conversion ?<\/h2>\n<p>Il faudra attendre jusqu&rsquo;au <strong>31 juillet<\/strong> encore pour effectuer une demande de <strong>prime \u00e0 la conversion<\/strong> ou <strong>prime \u00e0 la conversion + bonus \u00e9cologique<\/strong>. Pour justifier cette pause temporaire dans les demandes de primes, on parle de \u201cmise \u00e0 jour\u201d. \u201c[&#8230;] <strong>Les primes \u00e0 la conversion ne sont pas stopp\u00e9es<\/strong>. ll est donc toujours possible d&rsquo;aller en concession et d&rsquo;en profiter puisque c&rsquo;est la date de facturation du v\u00e9hicule qui compte et non la date de d\u00e9p\u00f4t de la demande\u201d pr\u00e9cise le Minist\u00e8re. Au sujet des 125 000 demandes d\u00e9j\u00e0 faites, Bruno le maire a r\u00e9agit\u00a0\u00bbLes 200 000 primes \u00e0 la conversion pr\u00e9vues seront \u00e9puis\u00e9es d&rsquo;ici<span style=\"font-weight: bold;\">la fin du mois de juillet<\/span>. Nous garderons une<span style=\"font-weight: bold;\">prime \u00e0 la conversion modifi\u00e9e<\/span>mais attractive pour acc\u00e9l\u00e9rer la baisse des \u00e9missions de CO2 et le renouvellement du parc automobile fran\u00e7ais.\u00a0\u00bb Un communiqu\u00e9 devrait \u00eatre publi\u00e9 une fois la barre des 200 000 demandes pass\u00e9e, afin d&rsquo;annoncer les <strong>nouvelles conditions pour la prime \u00e0 la conversion<\/strong>.<\/p>\n<h2>Nouvelle prime \u00e0 la conversion : bonne ou mauvaise id\u00e9e ?<\/h2>\n<p>Selon <a href=\"https:\/\/www.largus.fr\/actualite-automobile\/prime-a-la-conversion-bonus-suspension-de-la-saisie-des-demandes-10358390.html\">Largus<\/a>, il serait plus judicieux de <strong>prolonger l&rsquo;actuelle prime \u00e0 la conversion jusqu&rsquo;au 31 d\u00e9cembre<\/strong>, afin de se baser uniquement sur une date et non sur un nombre de demandeurs, mais surtout afin de continuer \u00e0 motiver les automobilistes \u00e0 l&rsquo;achat d&rsquo;une nouvelle voiture. Si, comme le minist\u00e8re de la transition \u00e9cologique l&rsquo;a laiss\u00e9 entendre, le bar\u00e8me actuel prend fin, les acheteurs risquent d&rsquo;\u00eatre nombreux \u00e0 vouloir pr\u00e9cipiter la livraison de leur v\u00e9hicule \u201c [&#8230;] les v\u00e9hicules neufs qui auront \u00e9t\u00e9 command\u00e9s avant la publication du d\u00e9cret mettant fin au bar\u00e8me de prime du plan de relance pourront b\u00e9n\u00e9ficier de la prime \u00e0 la conversion dans les conditions du plan de relance, <strong>sous r\u00e9serve d&rsquo;\u00eatre livr\u00e9s et factur\u00e9s dans un d\u00e9lai de trois mois apr\u00e8s la publication du d\u00e9cret<\/strong>\u201d.<\/p>\n<p>De plus, les conditions actuelles ont permis une relance exponentielle du march\u00e9, avec un score de +1,2% d&rsquo;immatriculations en France en juin, alors que d&rsquo;<strong>autres pays<\/strong> sont encore en <strong>baisse \u00e0 plus de 20 ou 30%<\/strong>. C&rsquo;est sans surprise les motorisations thermiques qui ont \u00e9t\u00e9 le plus pris\u00e9es des acheteurs, mais c&rsquo;est parce qu&rsquo;elles \u00e9taient majoritaires sur les stocks \u00e0 \u00e9couler des concessionnaires. Cependant, la <strong>part de march\u00e9 des mod\u00e8les hybrides et \u00e9lectriques a doubl\u00e9 voire tripl\u00e9 en un an<\/strong>. Selon RTL, <strong>les commandes de v\u00e9hicules ont augment\u00e9es de 30% depuis la fin du confinement<\/strong>, et c&rsquo;est sans nul doute gr\u00e2ce \u00e0 la revalorisation du bonus \u00e9cologique mais \u00e9galement aux conditions d&rsquo;\u00e9ligibilit\u00e9 de la prime \u00e0 la conversion. Le d\u00e9fi consistera donc \u00e0 <strong>conserver l&rsquo;engouement des fran\u00e7ais<\/strong> pour l&rsquo;achat d&rsquo;une voiture neuve gr\u00e2ce \u00e0 des primes attractives.<\/p>\n","protected":false},"excerpt":{"rendered":"<p>Ces deux primes sont l&rsquo;une des motivations principales des achats automobiles actuels. Apr\u00e8s le confinement, les professionnels de la vente automobile ont sollicit\u00e9 le gouvernement pour leur venir en aide afin de relancer l&rsquo;activit\u00e9.<\/p>\n","protected":false},"author":1,"featured_media":5892,"comment_status":"open","ping_status":"open","sticky":false,"template":"","format":"standard","meta":{"_acf_changed":false,"content-type":"","footnotes":""},"categories":[5],"tags":[90,79,74,105,110,109,106,108,107,73,78,96],"class_list":["post-3832","post","type-post","status-publish","format-standard","has-post-thumbnail","hentry","category-actualite-automobile","tag-autojm","tag-citroen","tag-dacia","tag-ds","tag-fiat","tag-ford","tag-kia","tag-nissan","tag-opel","tag-peugeot","tag-renault","tag-volkswagen"],"acf":[],"yoast_head":"<!-- This site is optimized with the Yoast SEO plugin v27.5 - https:\/\/yoast.com\/product\/yoast-seo-wordpress\/ -->\n<title>Suspension du bonus \u00e9cologique et de la prime \u00e0 la conversion<\/title>\n<meta name=\"description\" content=\"Ces deux primes sont l&#039;une des motivations principales des achats automobiles actuels. Apr\u00e8s le confinement, les professionnels de la...\" \/>\n<meta name=\"robots\" content=\"index, follow, max-snippet:-1, max-image-preview:large, max-video-preview:-1\" \/>\n<link rel=\"canonical\" href=\"https:\/\/www.autojm.fr\/blog\/suspension-du-bonus-ecologique-et-de-la-prime-a-la-conversion\/\" \/>\n<meta property=\"og:locale\" content=\"fr_FR\" \/>\n<meta property=\"og:type\" content=\"article\" \/>\n<meta property=\"og:title\" content=\"Suspension du bonus \u00e9cologique et de la prime \u00e0 la conversion\" \/>\n<meta property=\"og:description\" content=\"Ces deux primes sont l&#039;une des motivations principales des achats automobiles actuels. Apr\u00e8s le confinement, les professionnels de la...\" \/>\n<meta property=\"og:url\" content=\"https:\/\/www.autojm.fr\/blog\/suspension-du-bonus-ecologique-et-de-la-prime-a-la-conversion\/\" \/>\n<meta property=\"og:site_name\" content=\"AutoJM Mag\" \/>\n<meta property=\"article:publisher\" content=\"https:\/\/www.facebook.com\/AutoJM25\" \/>\n<meta property=\"article:published_time\" content=\"2020-07-08T00:00:00+00:00\" \/>\n<meta property=\"article:modified_time\" content=\"2023-04-19T12:05:55+00:00\" \/>\n<meta property=\"og:image\" content=\"https:\/\/www.autojm.fr\/blog\/wp-content\/uploads\/2022\/10\/561-scaled.jpg\" \/>\n\t<meta property=\"og:image:width\" content=\"2560\" \/>\n\t<meta property=\"og:image:height\" content=\"1160\" \/>\n\t<meta property=\"og:image:type\" content=\"image\/jpeg\" \/>\n<meta name=\"author\" content=\"Autojm\" \/>\n<meta name=\"twitter:card\" content=\"summary_large_image\" \/>\n<meta name=\"twitter:label1\" content=\"\u00c9crit par\" \/>\n\t<meta name=\"twitter:data1\" content=\"Autojm\" \/>\n\t<meta name=\"twitter:label2\" content=\"Dur\u00e9e de lecture estim\u00e9e\" \/>\n\t<meta name=\"twitter:data2\" content=\"4 minutes\" \/>\n<script type=\"application\/ld+json\" class=\"yoast-schema-graph\">{\"@context\":\"https:\\\/\\\/schema.org\",\"@graph\":[{\"@type\":\"Article\",\"@id\":\"https:\\\/\\\/www.autojm.fr\\\/blog\\\/suspension-du-bonus-ecologique-et-de-la-prime-a-la-conversion\\\/#article\",\"isPartOf\":{\"@id\":\"https:\\\/\\\/www.autojm.fr\\\/blog\\\/suspension-du-bonus-ecologique-et-de-la-prime-a-la-conversion\\\/\"},\"author\":{\"name\":\"Autojm\",\"@id\":\"https:\\\/\\\/www.autojm.fr\\\/blog\\\/#\\\/schema\\\/person\\\/9742bc77541853e0de81fc57f947e1a0\"},\"headline\":\"Suspension du bonus \u00e9cologique et de la prime \u00e0 la conversion\",\"datePublished\":\"2020-07-08T00:00:00+00:00\",\"dateModified\":\"2023-04-19T12:05:55+00:00\",\"mainEntityOfPage\":{\"@id\":\"https:\\\/\\\/www.autojm.fr\\\/blog\\\/suspension-du-bonus-ecologique-et-de-la-prime-a-la-conversion\\\/\"},\"wordCount\":717,\"commentCount\":0,\"publisher\":{\"@id\":\"https:\\\/\\\/www.autojm.fr\\\/blog\\\/#organization\"},\"image\":{\"@id\":\"https:\\\/\\\/www.autojm.fr\\\/blog\\\/suspension-du-bonus-ecologique-et-de-la-prime-a-la-conversion\\\/#primaryimage\"},\"thumbnailUrl\":\"https:\\\/\\\/www.autojm.fr\\\/blog\\\/wp-content\\\/uploads\\\/2022\\\/10\\\/561-scaled.jpg\",\"keywords\":[\"autojm\",\"citroen\",\"dacia\",\"DS\",\"Fiat\",\"Ford\",\"Kia\",\"Nissan\",\"Opel\",\"peugeot\",\"renault\",\"Volkswagen\"],\"articleSection\":[\"Actualit\u00e9 Automobile\"],\"inLanguage\":\"fr-FR\",\"potentialAction\":[{\"@type\":\"CommentAction\",\"name\":\"Comment\",\"target\":[\"https:\\\/\\\/www.autojm.fr\\\/blog\\\/suspension-du-bonus-ecologique-et-de-la-prime-a-la-conversion\\\/#respond\"]}]},{\"@type\":\"WebPage\",\"@id\":\"https:\\\/\\\/www.autojm.fr\\\/blog\\\/suspension-du-bonus-ecologique-et-de-la-prime-a-la-conversion\\\/\",\"url\":\"https:\\\/\\\/www.autojm.fr\\\/blog\\\/suspension-du-bonus-ecologique-et-de-la-prime-a-la-conversion\\\/\",\"name\":\"Suspension du bonus \u00e9cologique et de la prime \u00e0 la conversion\",\"isPartOf\":{\"@id\":\"https:\\\/\\\/www.autojm.fr\\\/blog\\\/#website\"},\"primaryImageOfPage\":{\"@id\":\"https:\\\/\\\/www.autojm.fr\\\/blog\\\/suspension-du-bonus-ecologique-et-de-la-prime-a-la-conversion\\\/#primaryimage\"},\"image\":{\"@id\":\"https:\\\/\\\/www.autojm.fr\\\/blog\\\/suspension-du-bonus-ecologique-et-de-la-prime-a-la-conversion\\\/#primaryimage\"},\"thumbnailUrl\":\"https:\\\/\\\/www.autojm.fr\\\/blog\\\/wp-content\\\/uploads\\\/2022\\\/10\\\/561-scaled.jpg\",\"datePublished\":\"2020-07-08T00:00:00+00:00\",\"dateModified\":\"2023-04-19T12:05:55+00:00\",\"description\":\"Ces deux primes sont l'une des motivations principales des achats automobiles actuels. Apr\u00e8s le confinement, les professionnels de la...\",\"breadcrumb\":{\"@id\":\"https:\\\/\\\/www.autojm.fr\\\/blog\\\/suspension-du-bonus-ecologique-et-de-la-prime-a-la-conversion\\\/#breadcrumb\"},\"inLanguage\":\"fr-FR\",\"potentialAction\":[{\"@type\":\"ReadAction\",\"target\":[\"https:\\\/\\\/www.autojm.fr\\\/blog\\\/suspension-du-bonus-ecologique-et-de-la-prime-a-la-conversion\\\/\"]}]},{\"@type\":\"ImageObject\",\"inLanguage\":\"fr-FR\",\"@id\":\"https:\\\/\\\/www.autojm.fr\\\/blog\\\/suspension-du-bonus-ecologique-et-de-la-prime-a-la-conversion\\\/#primaryimage\",\"url\":\"https:\\\/\\\/www.autojm.fr\\\/blog\\\/wp-content\\\/uploads\\\/2022\\\/10\\\/561-scaled.jpg\",\"contentUrl\":\"https:\\\/\\\/www.autojm.fr\\\/blog\\\/wp-content\\\/uploads\\\/2022\\\/10\\\/561-scaled.jpg\",\"width\":2560,\"height\":1160,\"caption\":\"Bonus \u00e9cologique\"},{\"@type\":\"BreadcrumbList\",\"@id\":\"https:\\\/\\\/www.autojm.fr\\\/blog\\\/suspension-du-bonus-ecologique-et-de-la-prime-a-la-conversion\\\/#breadcrumb\",\"itemListElement\":[{\"@type\":\"ListItem\",\"position\":1,\"name\":\"Accueil\",\"item\":\"https:\\\/\\\/www.autojm.fr\\\/blog\\\/\"},{\"@type\":\"ListItem\",\"position\":2,\"name\":\"Actualit\u00e9 Automobile\",\"item\":\"https:\\\/\\\/www.autojm.fr\\\/blog\\\/actualite-automobile\\\/\"},{\"@type\":\"ListItem\",\"position\":3,\"name\":\"Suspension du bonus \u00e9cologique et de la prime \u00e0 la conversion\"}]},{\"@type\":\"WebSite\",\"@id\":\"https:\\\/\\\/www.autojm.fr\\\/blog\\\/#website\",\"url\":\"https:\\\/\\\/www.autojm.fr\\\/blog\\\/\",\"name\":\"AutoJM Mag\",\"description\":\"Toute l&#039;actu auto en 1 clic !\",\"publisher\":{\"@id\":\"https:\\\/\\\/www.autojm.fr\\\/blog\\\/#organization\"},\"potentialAction\":[{\"@type\":\"SearchAction\",\"target\":{\"@type\":\"EntryPoint\",\"urlTemplate\":\"https:\\\/\\\/www.autojm.fr\\\/blog\\\/?s={search_term_string}\"},\"query-input\":{\"@type\":\"PropertyValueSpecification\",\"valueRequired\":true,\"valueName\":\"search_term_string\"}}],\"inLanguage\":\"fr-FR\"},{\"@type\":\"Organization\",\"@id\":\"https:\\\/\\\/www.autojm.fr\\\/blog\\\/#organization\",\"name\":\"AutoJM Mag\",\"url\":\"https:\\\/\\\/www.autojm.fr\\\/blog\\\/\",\"logo\":{\"@type\":\"ImageObject\",\"inLanguage\":\"fr-FR\",\"@id\":\"https:\\\/\\\/www.autojm.fr\\\/blog\\\/#\\\/schema\\\/logo\\\/image\\\/\",\"url\":\"https:\\\/\\\/www.autojm.fr\\\/blog\\\/wp-content\\\/uploads\\\/2022\\\/12\\\/cropped-AutoJMag-png.png\",\"contentUrl\":\"https:\\\/\\\/www.autojm.fr\\\/blog\\\/wp-content\\\/uploads\\\/2022\\\/12\\\/cropped-AutoJMag-png.png\",\"width\":2834,\"height\":585,\"caption\":\"AutoJM Mag\"},\"image\":{\"@id\":\"https:\\\/\\\/www.autojm.fr\\\/blog\\\/#\\\/schema\\\/logo\\\/image\\\/\"},\"sameAs\":[\"https:\\\/\\\/www.facebook.com\\\/AutoJM25\"]},{\"@type\":\"Person\",\"@id\":\"https:\\\/\\\/www.autojm.fr\\\/blog\\\/#\\\/schema\\\/person\\\/9742bc77541853e0de81fc57f947e1a0\",\"name\":\"Autojm\",\"image\":{\"@type\":\"ImageObject\",\"inLanguage\":\"fr-FR\",\"@id\":\"https:\\\/\\\/secure.gravatar.com\\\/avatar\\\/9a959d52b758fcc232fe4b6aca7bab139182573297122cce7d6f2ee0e537b418?s=96&d=mm&r=g\",\"url\":\"https:\\\/\\\/secure.gravatar.com\\\/avatar\\\/9a959d52b758fcc232fe4b6aca7bab139182573297122cce7d6f2ee0e537b418?s=96&d=mm&r=g\",\"contentUrl\":\"https:\\\/\\\/secure.gravatar.com\\\/avatar\\\/9a959d52b758fcc232fe4b6aca7bab139182573297122cce7d6f2ee0e537b418?s=96&d=mm&r=g\",\"caption\":\"Autojm\"},\"sameAs\":[\"https:\\\/\\\/www.autojm.fr\\\/blog\"],\"url\":\"https:\\\/\\\/www.autojm.fr\\\/blog\\\/author\\\/bichoi\\\/\"}]}<\/script>\n<!-- \/ Yoast SEO plugin. -->","yoast_head_json":{"title":"Suspension du bonus \u00e9cologique et de la prime \u00e0 la conversion","description":"Ces deux primes sont l'une des motivations principales des achats automobiles actuels. Apr\u00e8s le confinement, les professionnels de la...","robots":{"index":"index","follow":"follow","max-snippet":"max-snippet:-1","max-image-preview":"max-image-preview:large","max-video-preview":"max-video-preview:-1"},"canonical":"https:\/\/www.autojm.fr\/blog\/suspension-du-bonus-ecologique-et-de-la-prime-a-la-conversion\/","og_locale":"fr_FR","og_type":"article","og_title":"Suspension du bonus \u00e9cologique et de la prime \u00e0 la conversion","og_description":"Ces deux primes sont l'une des motivations principales des achats automobiles actuels. Apr\u00e8s le confinement, les professionnels de la...","og_url":"https:\/\/www.autojm.fr\/blog\/suspension-du-bonus-ecologique-et-de-la-prime-a-la-conversion\/","og_site_name":"AutoJM Mag","article_publisher":"https:\/\/www.facebook.com\/AutoJM25","article_published_time":"2020-07-08T00:00:00+00:00","article_modified_time":"2023-04-19T12:05:55+00:00","og_image":[{"width":2560,"height":1160,"url":"https:\/\/www.autojm.fr\/blog\/wp-content\/uploads\/2022\/10\/561-scaled.jpg","type":"image\/jpeg"}],"author":"Autojm","twitter_card":"summary_large_image","twitter_misc":{"\u00c9crit par":"Autojm","Dur\u00e9e de lecture estim\u00e9e":"4 minutes"},"schema":{"@context":"https:\/\/schema.org","@graph":[{"@type":"Article","@id":"https:\/\/www.autojm.fr\/blog\/suspension-du-bonus-ecologique-et-de-la-prime-a-la-conversion\/#article","isPartOf":{"@id":"https:\/\/www.autojm.fr\/blog\/suspension-du-bonus-ecologique-et-de-la-prime-a-la-conversion\/"},"author":{"name":"Autojm","@id":"https:\/\/www.autojm.fr\/blog\/#\/schema\/person\/9742bc77541853e0de81fc57f947e1a0"},"headline":"Suspension du bonus \u00e9cologique et de la prime \u00e0 la conversion","datePublished":"2020-07-08T00:00:00+00:00","dateModified":"2023-04-19T12:05:55+00:00","mainEntityOfPage":{"@id":"https:\/\/www.autojm.fr\/blog\/suspension-du-bonus-ecologique-et-de-la-prime-a-la-conversion\/"},"wordCount":717,"commentCount":0,"publisher":{"@id":"https:\/\/www.autojm.fr\/blog\/#organization"},"image":{"@id":"https:\/\/www.autojm.fr\/blog\/suspension-du-bonus-ecologique-et-de-la-prime-a-la-conversion\/#primaryimage"},"thumbnailUrl":"https:\/\/www.autojm.fr\/blog\/wp-content\/uploads\/2022\/10\/561-scaled.jpg","keywords":["autojm","citroen","dacia","DS","Fiat","Ford","Kia","Nissan","Opel","peugeot","renault","Volkswagen"],"articleSection":["Actualit\u00e9 Automobile"],"inLanguage":"fr-FR","potentialAction":[{"@type":"CommentAction","name":"Comment","target":["https:\/\/www.autojm.fr\/blog\/suspension-du-bonus-ecologique-et-de-la-prime-a-la-conversion\/#respond"]}]},{"@type":"WebPage","@id":"https:\/\/www.autojm.fr\/blog\/suspension-du-bonus-ecologique-et-de-la-prime-a-la-conversion\/","url":"https:\/\/www.autojm.fr\/blog\/suspension-du-bonus-ecologique-et-de-la-prime-a-la-conversion\/","name":"Suspension du bonus \u00e9cologique et de la prime \u00e0 la conversion","isPartOf":{"@id":"https:\/\/www.autojm.fr\/blog\/#website"},"primaryImageOfPage":{"@id":"https:\/\/www.autojm.fr\/blog\/suspension-du-bonus-ecologique-et-de-la-prime-a-la-conversion\/#primaryimage"},"image":{"@id":"https:\/\/www.autojm.fr\/blog\/suspension-du-bonus-ecologique-et-de-la-prime-a-la-conversion\/#primaryimage"},"thumbnailUrl":"https:\/\/www.autojm.fr\/blog\/wp-content\/uploads\/2022\/10\/561-scaled.jpg","datePublished":"2020-07-08T00:00:00+00:00","dateModified":"2023-04-19T12:05:55+00:00","description":"Ces deux primes sont l'une des motivations principales des achats automobiles actuels. Apr\u00e8s le confinement, les professionnels de la...","breadcrumb":{"@id":"https:\/\/www.autojm.fr\/blog\/suspension-du-bonus-ecologique-et-de-la-prime-a-la-conversion\/#breadcrumb"},"inLanguage":"fr-FR","potentialAction":[{"@type":"ReadAction","target":["https:\/\/www.autojm.fr\/blog\/suspension-du-bonus-ecologique-et-de-la-prime-a-la-conversion\/"]}]},{"@type":"ImageObject","inLanguage":"fr-FR","@id":"https:\/\/www.autojm.fr\/blog\/suspension-du-bonus-ecologique-et-de-la-prime-a-la-conversion\/#primaryimage","url":"https:\/\/www.autojm.fr\/blog\/wp-content\/uploads\/2022\/10\/561-scaled.jpg","contentUrl":"https:\/\/www.autojm.fr\/blog\/wp-content\/uploads\/2022\/10\/561-scaled.jpg","width":2560,"height":1160,"caption":"Bonus \u00e9cologique"},{"@type":"BreadcrumbList","@id":"https:\/\/www.autojm.fr\/blog\/suspension-du-bonus-ecologique-et-de-la-prime-a-la-conversion\/#breadcrumb","itemListElement":[{"@type":"ListItem","position":1,"name":"Accueil","item":"https:\/\/www.autojm.fr\/blog\/"},{"@type":"ListItem","position":2,"name":"Actualit\u00e9 Automobile","item":"https:\/\/www.autojm.fr\/blog\/actualite-automobile\/"},{"@type":"ListItem","position":3,"name":"Suspension du bonus \u00e9cologique et de la prime \u00e0 la conversion"}]},{"@type":"WebSite","@id":"https:\/\/www.autojm.fr\/blog\/#website","url":"https:\/\/www.autojm.fr\/blog\/","name":"AutoJM Mag","description":"Toute l&#039;actu auto en 1 clic !","publisher":{"@id":"https:\/\/www.autojm.fr\/blog\/#organization"},"potentialAction":[{"@type":"SearchAction","target":{"@type":"EntryPoint","urlTemplate":"https:\/\/www.autojm.fr\/blog\/?s={search_term_string}"},"query-input":{"@type":"PropertyValueSpecification","valueRequired":true,"valueName":"search_term_string"}}],"inLanguage":"fr-FR"},{"@type":"Organization","@id":"https:\/\/www.autojm.fr\/blog\/#organization","name":"AutoJM Mag","url":"https:\/\/www.autojm.fr\/blog\/","logo":{"@type":"ImageObject","inLanguage":"fr-FR","@id":"https:\/\/www.autojm.fr\/blog\/#\/schema\/logo\/image\/","url":"https:\/\/www.autojm.fr\/blog\/wp-content\/uploads\/2022\/12\/cropped-AutoJMag-png.png","contentUrl":"https:\/\/www.autojm.fr\/blog\/wp-content\/uploads\/2022\/12\/cropped-AutoJMag-png.png","width":2834,"height":585,"caption":"AutoJM Mag"},"image":{"@id":"https:\/\/www.autojm.fr\/blog\/#\/schema\/logo\/image\/"},"sameAs":["https:\/\/www.facebook.com\/AutoJM25"]},{"@type":"Person","@id":"https:\/\/www.autojm.fr\/blog\/#\/schema\/person\/9742bc77541853e0de81fc57f947e1a0","name":"Autojm","image":{"@type":"ImageObject","inLanguage":"fr-FR","@id":"https:\/\/secure.gravatar.com\/avatar\/9a959d52b758fcc232fe4b6aca7bab139182573297122cce7d6f2ee0e537b418?s=96&d=mm&r=g","url":"https:\/\/secure.gravatar.com\/avatar\/9a959d52b758fcc232fe4b6aca7bab139182573297122cce7d6f2ee0e537b418?s=96&d=mm&r=g","contentUrl":"https:\/\/secure.gravatar.com\/avatar\/9a959d52b758fcc232fe4b6aca7bab139182573297122cce7d6f2ee0e537b418?s=96&d=mm&r=g","caption":"Autojm"},"sameAs":["https:\/\/www.autojm.fr\/blog"],"url":"https:\/\/www.autojm.fr\/blog\/author\/bichoi\/"}]}},"_links":{"self":[{"href":"https:\/\/www.autojm.fr\/blog\/wp-json\/wp\/v2\/posts\/3832","targetHints":{"allow":["GET"]}}],"collection":[{"href":"https:\/\/www.autojm.fr\/blog\/wp-json\/wp\/v2\/posts"}],"about":[{"href":"https:\/\/www.autojm.fr\/blog\/wp-json\/wp\/v2\/types\/post"}],"author":[{"embeddable":true,"href":"https:\/\/www.autojm.fr\/blog\/wp-json\/wp\/v2\/users\/1"}],"replies":[{"embeddable":true,"href":"https:\/\/www.autojm.fr\/blog\/wp-json\/wp\/v2\/comments?post=3832"}],"version-history":[{"count":6,"href":"https:\/\/www.autojm.fr\/blog\/wp-json\/wp\/v2\/posts\/3832\/revisions"}],"predecessor-version":[{"id":9547,"href":"https:\/\/www.autojm.fr\/blog\/wp-json\/wp\/v2\/posts\/3832\/revisions\/9547"}],"wp:featuredmedia":[{"embeddable":true,"href":"https:\/\/www.autojm.fr\/blog\/wp-json\/wp\/v2\/media\/5892"}],"wp:attachment":[{"href":"https:\/\/www.autojm.fr\/blog\/wp-json\/wp\/v2\/media?parent=3832"}],"wp:term":[{"taxonomy":"category","embeddable":true,"href":"https:\/\/www.autojm.fr\/blog\/wp-json\/wp\/v2\/categories?post=3832"},{"taxonomy":"post_tag","embeddable":true,"href":"https:\/\/www.autojm.fr\/blog\/wp-json\/wp\/v2\/tags?post=3832"}],"curies":[{"name":"wp","href":"https:\/\/api.w.org\/{rel}","templated":true}]}}